{"id":106498,"date":"2024-06-18T13:38:58","date_gmt":"2024-06-18T16:38:58","guid":{"rendered":"https:\/\/regiaonews.net.br\/2022\/?p=106498"},"modified":"2024-06-18T13:38:58","modified_gmt":"2024-06-18T16:38:58","slug":"grande-sao-paulo-ja-emitiu-mais-de-33-mil-carteiras-da-pessoa-autista","status":"publish","type":"post","link":"https:\/\/regiaonews.net.br\/2022\/2024\/06\/18\/grande-sao-paulo-ja-emitiu-mais-de-33-mil-carteiras-da-pessoa-autista\/","title":{"rendered":"Grande S\u00e3o Paulo j\u00e1 emitiu mais de 33 mil Carteiras da Pessoa Autista"},"content":{"rendered":"<h3 class=\"excerpt\" style=\"text-align: center;\">Documento simplifica a identifica\u00e7\u00e3o de indiv\u00edduos autistas em servi\u00e7os p\u00fablicos e privados por todo o estado, promovendo acesso a direitos<\/h3>\n<p>O Governo de S\u00e3o Paulo ultrapassou a marca de 33 mil Carteiras de Identifica\u00e7\u00e3o da Pessoa com Transtorno do Espectro Autista (CipTEA) emitidas em 39 munic\u00edpios da regi\u00e3o metropolitana de S\u00e3o Paulo at\u00e9 a primeira quinzena de junho. Nesta ter\u00e7a-feira (18), \u00e9 celebrado o Dia Mundial do Orgulho Autista.<\/p>\n<p>Em todo o estado,\u00a0<a href=\"https:\/\/www.saopaulo.sp.gov.br\/spnoticias\/ultimas-noticias\/estado-de-sao-paulo-ja-emitiu-mais-de-50-mil-carteiras-da-pessoa-autista\/\">j\u00e1 s\u00e3o 57,3 mil emiss\u00f5es<\/a>, mostrando um importante avan\u00e7o na facilita\u00e7\u00e3o do acesso aos direitos assegurados por lei \u00e0s pessoas autistas. Lan\u00e7ado h\u00e1 pouco mais de um ano, o documento simplifica a identifica\u00e7\u00e3o de indiv\u00edduos autistas em servi\u00e7os p\u00fablicos e privados por todo o estado, promovendo o acesso a direitos como atendimento e filas preferenciais.<\/p>\n<p>O resultado do projeto, tanto no estado quanto na regi\u00e3o metropolitana de S\u00e3o Paulo, tem superado as expectativas iniciais. \u201cO sucesso na emiss\u00e3o da CipTEA reflete a efetividade de nossas pol\u00edticas p\u00fablicas direcionadas \u00e0s pessoas com defici\u00eancia. Al\u00e9m de ser um meio de identifica\u00e7\u00e3o, \u00e9 uma ferramenta essencial de cidadania, garantindo o reconhecimento e o respeito \u00e0s necessidades e individualidades das pessoas com TEA\u201d, destaca o secret\u00e1rio de Estado dos Direitos da Pessoa com Defici\u00eancia, Marcos da Costa.<\/p>\n<p>A implementa\u00e7\u00e3o da\u00a0<a href=\"https:\/\/www.saopaulo.sp.gov.br\/spnoticias\/ultimas-noticias\/estado-de-sao-paulo-ja-emitiu-mais-de-50-mil-carteiras-da-pessoa-autista\/\">Carteira da Pessoa Autista<\/a>\u00a0est\u00e1 alinhada \u00e0s diretrizes do Plano Estadual Integrado para Pessoas com Transtorno do Espectro do Autismo (PEIPTEA), em vigor desde abril de 2023 pelo decreto estadual n\u00ba 67.634, que integra uma gama de a\u00e7\u00f5es do governo estadual voltadas para a inclus\u00e3o e a autonomia das pessoas com defici\u00eancia.<\/p>\n<h2>Como obter a CipTEA online:<\/h2>\n<p>1) Acesse o site\u00a0<a href=\"https:\/\/ciptea.sp.gov.br\/\" target=\"_blank\" rel=\"noopener\">https:\/\/ciptea.sp.gov.br\/<\/a>\u00a0com o login\u00a0<a href=\"http:\/\/gov.br\/\" target=\"_blank\" rel=\"noopener\">GOV.BR<\/a>\u00a0e clique em cadastrar novo benefici\u00e1rio;<br \/>\n2) Preencha os dados pessoais e endere\u00e7o da pessoa diagnosticada com TEA;<br \/>\n3) Preencha as informa\u00e7\u00f5es do CID, nome e CRM do m\u00e9dico, data do documento e anexe o arquivo do relat\u00f3rio m\u00e9dico em png ou jpg;<br \/>\n4) Preencha os dados do cuidador\/respons\u00e1vel;<br \/>\n5) Leia e d\u00ea ci\u00eancia ao Termo de Aceite;<br \/>\n6) Aguarde a an\u00e1lise e aprova\u00e7\u00e3o da CipTEA (at\u00e9 20 dias \u00fateis).<\/p>\n<h2>Como obter a CipTEA presencialmente:<\/h2>\n<p>1) Consulte a disponibilidade de postos do Poupatempo em sua regi\u00e3o;<br \/>\n2) Tenha em m\u00e3os os documentos pessoais e relat\u00f3rio m\u00e9dico;<br \/>\n3) O atendente ir\u00e1 validar os dados, com a impress\u00e3o e entrega imediata do documento.<\/p>\n","protected":false},"excerpt":{"rendered":"<p>Documento simplifica a identifica\u00e7\u00e3o de indiv\u00edduos autistas em servi\u00e7os p\u00fablicos<\/p>\n","protected":false},"author":2,"featured_media":106499,"comment_status":"open","ping_status":"open","sticky":false,"template":"","format":"standard","meta":{"footnotes":""},"categories":[7,3],"tags":[],"class_list":["post-106498","post","type-post","status-publish","format-standard","has-post-thumbnail","hentry","category-estado-de-sao-paulo","category-geral"],"yoast_head":"<!-- This site is optimized with the Yoast SEO plugin v27.4 - https:\/\/yoast.com\/product\/yoast-seo-wordpress\/ -->\n<title>Grande S\u00e3o Paulo j\u00e1 emitiu mais de 33 mil Carteiras da Pessoa Autista - Regi\u00e3o News<\/title>\n<meta name=\"robots\" content=\"index, follow, max-snippet:-1, max-image-preview:large, max-video-preview:-1\" \/>\n<link rel=\"canonical\" href=\"https:\/\/regiaonews.net.br\/2022\/2024\/06\/18\/grande-sao-paulo-ja-emitiu-mais-de-33-mil-carteiras-da-pessoa-autista\/\" \/>\n<meta property=\"og:locale\" content=\"pt_BR\" \/>\n<meta property=\"og:type\" content=\"article\" \/>\n<meta property=\"og:title\" content=\"Grande S\u00e3o Paulo j\u00e1 emitiu mais de 33 mil Carteiras da Pessoa Autista - Regi\u00e3o News\" \/>\n<meta property=\"og:description\" content=\"Documento simplifica a identifica\u00e7\u00e3o de indiv\u00edduos autistas em servi\u00e7os p\u00fablicos\" \/>\n<meta property=\"og:url\" content=\"https:\/\/regiaonews.net.br\/2022\/2024\/06\/18\/grande-sao-paulo-ja-emitiu-mais-de-33-mil-carteiras-da-pessoa-autista\/\" \/>\n<meta property=\"og:site_name\" content=\"Regi\u00e3o News\" \/>\n<meta property=\"article:published_time\" content=\"2024-06-18T16:38:58+00:00\" \/>\n<meta property=\"og:image\" content=\"https:\/\/regiaonews.net.br\/2022\/wp-content\/uploads\/2024\/06\/ss.jpg\" \/>\n\t<meta property=\"og:image:width\" content=\"1536\" \/>\n\t<meta property=\"og:image:height\" content=\"1433\" \/>\n\t<meta property=\"og:image:type\" content=\"image\/jpeg\" \/>\n<meta name=\"author\" content=\"Roberto\" \/>\n<meta name=\"twitter:card\" content=\"summary_large_image\" \/>\n<meta name=\"twitter:label1\" content=\"Escrito por\" \/>\n\t<meta name=\"twitter:data1\" content=\"Roberto\" \/>\n\t<meta name=\"twitter:label2\" content=\"Est. tempo de leitura\" \/>\n\t<meta name=\"twitter:data2\" content=\"3 minutos\" \/>\n<script type=\"application\/ld+json\" class=\"yoast-schema-graph\">{\"@context\":\"https:\\\/\\\/schema.org\",\"@graph\":[{\"@type\":\"Article\",\"@id\":\"https:\\\/\\\/regiaonews.net.br\\\/2022\\\/2024\\\/06\\\/18\\\/grande-sao-paulo-ja-emitiu-mais-de-33-mil-carteiras-da-pessoa-autista\\\/#article\",\"isPartOf\":{\"@id\":\"https:\\\/\\\/regiaonews.net.br\\\/2022\\\/2024\\\/06\\\/18\\\/grande-sao-paulo-ja-emitiu-mais-de-33-mil-carteiras-da-pessoa-autista\\\/\"},\"author\":{\"name\":\"Roberto\",\"@id\":\"https:\\\/\\\/regiaonews.net.br\\\/2022\\\/#\\\/schema\\\/person\\\/2d205a608a5aa97ac279d7a5e6d89ad8\"},\"headline\":\"Grande S\u00e3o Paulo j\u00e1 emitiu mais de 33 mil Carteiras da Pessoa Autista\",\"datePublished\":\"2024-06-18T16:38:58+00:00\",\"mainEntityOfPage\":{\"@id\":\"https:\\\/\\\/regiaonews.net.br\\\/2022\\\/2024\\\/06\\\/18\\\/grande-sao-paulo-ja-emitiu-mais-de-33-mil-carteiras-da-pessoa-autista\\\/\"},\"wordCount\":435,\"commentCount\":0,\"publisher\":{\"@id\":\"https:\\\/\\\/regiaonews.net.br\\\/2022\\\/#organization\"},\"image\":{\"@id\":\"https:\\\/\\\/regiaonews.net.br\\\/2022\\\/2024\\\/06\\\/18\\\/grande-sao-paulo-ja-emitiu-mais-de-33-mil-carteiras-da-pessoa-autista\\\/#primaryimage\"},\"thumbnailUrl\":\"https:\\\/\\\/regiaonews.net.br\\\/2022\\\/wp-content\\\/uploads\\\/2024\\\/06\\\/ss.jpg\",\"articleSection\":[\"Estado de S\u00e3o Paulo\",\"Geral\"],\"inLanguage\":\"pt-BR\",\"potentialAction\":[{\"@type\":\"CommentAction\",\"name\":\"Comment\",\"target\":[\"https:\\\/\\\/regiaonews.net.br\\\/2022\\\/2024\\\/06\\\/18\\\/grande-sao-paulo-ja-emitiu-mais-de-33-mil-carteiras-da-pessoa-autista\\\/#respond\"]}]},{\"@type\":\"WebPage\",\"@id\":\"https:\\\/\\\/regiaonews.net.br\\\/2022\\\/2024\\\/06\\\/18\\\/grande-sao-paulo-ja-emitiu-mais-de-33-mil-carteiras-da-pessoa-autista\\\/\",\"url\":\"https:\\\/\\\/regiaonews.net.br\\\/2022\\\/2024\\\/06\\\/18\\\/grande-sao-paulo-ja-emitiu-mais-de-33-mil-carteiras-da-pessoa-autista\\\/\",\"name\":\"Grande S\u00e3o Paulo j\u00e1 emitiu mais de 33 mil Carteiras da Pessoa Autista - Regi\u00e3o News\",\"isPartOf\":{\"@id\":\"https:\\\/\\\/regiaonews.net.br\\\/2022\\\/#website\"},\"primaryImageOfPage\":{\"@id\":\"https:\\\/\\\/regiaonews.net.br\\\/2022\\\/2024\\\/06\\\/18\\\/grande-sao-paulo-ja-emitiu-mais-de-33-mil-carteiras-da-pessoa-autista\\\/#primaryimage\"},\"image\":{\"@id\":\"https:\\\/\\\/regiaonews.net.br\\\/2022\\\/2024\\\/06\\\/18\\\/grande-sao-paulo-ja-emitiu-mais-de-33-mil-carteiras-da-pessoa-autista\\\/#primaryimage\"},\"thumbnailUrl\":\"https:\\\/\\\/regiaonews.net.br\\\/2022\\\/wp-content\\\/uploads\\\/2024\\\/06\\\/ss.jpg\",\"datePublished\":\"2024-06-18T16:38:58+00:00\",\"breadcrumb\":{\"@id\":\"https:\\\/\\\/regiaonews.net.br\\\/2022\\\/2024\\\/06\\\/18\\\/grande-sao-paulo-ja-emitiu-mais-de-33-mil-carteiras-da-pessoa-autista\\\/#breadcrumb\"},\"inLanguage\":\"pt-BR\",\"potentialAction\":[{\"@type\":\"ReadAction\",\"target\":[\"https:\\\/\\\/regiaonews.net.br\\\/2022\\\/2024\\\/06\\\/18\\\/grande-sao-paulo-ja-emitiu-mais-de-33-mil-carteiras-da-pessoa-autista\\\/\"]}]},{\"@type\":\"ImageObject\",\"inLanguage\":\"pt-BR\",\"@id\":\"https:\\\/\\\/regiaonews.net.br\\\/2022\\\/2024\\\/06\\\/18\\\/grande-sao-paulo-ja-emitiu-mais-de-33-mil-carteiras-da-pessoa-autista\\\/#primaryimage\",\"url\":\"https:\\\/\\\/regiaonews.net.br\\\/2022\\\/wp-content\\\/uploads\\\/2024\\\/06\\\/ss.jpg\",\"contentUrl\":\"https:\\\/\\\/regiaonews.net.br\\\/2022\\\/wp-content\\\/uploads\\\/2024\\\/06\\\/ss.jpg\",\"width\":1536,\"height\":1433},{\"@type\":\"BreadcrumbList\",\"@id\":\"https:\\\/\\\/regiaonews.net.br\\\/2022\\\/2024\\\/06\\\/18\\\/grande-sao-paulo-ja-emitiu-mais-de-33-mil-carteiras-da-pessoa-autista\\\/#breadcrumb\",\"itemListElement\":[{\"@type\":\"ListItem\",\"position\":1,\"name\":\"In\u00edcio\",\"item\":\"https:\\\/\\\/regiaonews.net.br\\\/2022\\\/\"},{\"@type\":\"ListItem\",\"position\":2,\"name\":\"Grande S\u00e3o Paulo j\u00e1 emitiu mais de 33 mil Carteiras da Pessoa Autista\"}]},{\"@type\":\"WebSite\",\"@id\":\"https:\\\/\\\/regiaonews.net.br\\\/2022\\\/#website\",\"url\":\"https:\\\/\\\/regiaonews.net.br\\\/2022\\\/\",\"name\":\"Regi\u00e3o News\",\"description\":\"Site de Not\u00edcias de Barretos e regi\u00e3o\",\"publisher\":{\"@id\":\"https:\\\/\\\/regiaonews.net.br\\\/2022\\\/#organization\"},\"potentialAction\":[{\"@type\":\"SearchAction\",\"target\":{\"@type\":\"EntryPoint\",\"urlTemplate\":\"https:\\\/\\\/regiaonews.net.br\\\/2022\\\/?s={search_term_string}\"},\"query-input\":{\"@type\":\"PropertyValueSpecification\",\"valueRequired\":true,\"valueName\":\"search_term_string\"}}],\"inLanguage\":\"pt-BR\"},{\"@type\":\"Organization\",\"@id\":\"https:\\\/\\\/regiaonews.net.br\\\/2022\\\/#organization\",\"name\":\"Regi\u00e3o News\",\"url\":\"https:\\\/\\\/regiaonews.net.br\\\/2022\\\/\",\"logo\":{\"@type\":\"ImageObject\",\"inLanguage\":\"pt-BR\",\"@id\":\"https:\\\/\\\/regiaonews.net.br\\\/2022\\\/#\\\/schema\\\/logo\\\/image\\\/\",\"url\":\"https:\\\/\\\/regiaonews.net.br\\\/2022\\\/wp-content\\\/uploads\\\/2026\\\/03\\\/regiao-13-anos-scaled.jpg\",\"contentUrl\":\"https:\\\/\\\/regiaonews.net.br\\\/2022\\\/wp-content\\\/uploads\\\/2026\\\/03\\\/regiao-13-anos-scaled.jpg\",\"width\":2560,\"height\":635,\"caption\":\"Regi\u00e3o News\"},\"image\":{\"@id\":\"https:\\\/\\\/regiaonews.net.br\\\/2022\\\/#\\\/schema\\\/logo\\\/image\\\/\"}},{\"@type\":\"Person\",\"@id\":\"https:\\\/\\\/regiaonews.net.br\\\/2022\\\/#\\\/schema\\\/person\\\/2d205a608a5aa97ac279d7a5e6d89ad8\",\"name\":\"Roberto\",\"image\":{\"@type\":\"ImageObject\",\"inLanguage\":\"pt-BR\",\"@id\":\"https:\\\/\\\/secure.gravatar.com\\\/avatar\\\/42749d8b712ff9d59ca93dc150494e5b55a44134482993f5baeb97e61b7ecc89?s=96&d=mm&r=g\",\"url\":\"https:\\\/\\\/secure.gravatar.com\\\/avatar\\\/42749d8b712ff9d59ca93dc150494e5b55a44134482993f5baeb97e61b7ecc89?s=96&d=mm&r=g\",\"contentUrl\":\"https:\\\/\\\/secure.gravatar.com\\\/avatar\\\/42749d8b712ff9d59ca93dc150494e5b55a44134482993f5baeb97e61b7ecc89?s=96&d=mm&r=g\",\"caption\":\"Roberto\"},\"url\":\"https:\\\/\\\/regiaonews.net.br\\\/2022\\\/author\\\/roberto\\\/\"}]}<\/script>\n<!-- \/ Yoast SEO plugin. -->","yoast_head_json":{"title":"Grande S\u00e3o Paulo j\u00e1 emitiu mais de 33 mil Carteiras da Pessoa Autista - Regi\u00e3o News","robots":{"index":"index","follow":"follow","max-snippet":"max-snippet:-1","max-image-preview":"max-image-preview:large","max-video-preview":"max-video-preview:-1"},"canonical":"https:\/\/regiaonews.net.br\/2022\/2024\/06\/18\/grande-sao-paulo-ja-emitiu-mais-de-33-mil-carteiras-da-pessoa-autista\/","og_locale":"pt_BR","og_type":"article","og_title":"Grande S\u00e3o Paulo j\u00e1 emitiu mais de 33 mil Carteiras da Pessoa Autista - Regi\u00e3o News","og_description":"Documento simplifica a identifica\u00e7\u00e3o de indiv\u00edduos autistas em servi\u00e7os p\u00fablicos","og_url":"https:\/\/regiaonews.net.br\/2022\/2024\/06\/18\/grande-sao-paulo-ja-emitiu-mais-de-33-mil-carteiras-da-pessoa-autista\/","og_site_name":"Regi\u00e3o News","article_published_time":"2024-06-18T16:38:58+00:00","og_image":[{"width":1536,"height":1433,"url":"https:\/\/regiaonews.net.br\/2022\/wp-content\/uploads\/2024\/06\/ss.jpg","type":"image\/jpeg"}],"author":"Roberto","twitter_card":"summary_large_image","twitter_misc":{"Escrito por":"Roberto","Est. tempo de leitura":"3 minutos"},"schema":{"@context":"https:\/\/schema.org","@graph":[{"@type":"Article","@id":"https:\/\/regiaonews.net.br\/2022\/2024\/06\/18\/grande-sao-paulo-ja-emitiu-mais-de-33-mil-carteiras-da-pessoa-autista\/#article","isPartOf":{"@id":"https:\/\/regiaonews.net.br\/2022\/2024\/06\/18\/grande-sao-paulo-ja-emitiu-mais-de-33-mil-carteiras-da-pessoa-autista\/"},"author":{"name":"Roberto","@id":"https:\/\/regiaonews.net.br\/2022\/#\/schema\/person\/2d205a608a5aa97ac279d7a5e6d89ad8"},"headline":"Grande S\u00e3o Paulo j\u00e1 emitiu mais de 33 mil Carteiras da Pessoa Autista","datePublished":"2024-06-18T16:38:58+00:00","mainEntityOfPage":{"@id":"https:\/\/regiaonews.net.br\/2022\/2024\/06\/18\/grande-sao-paulo-ja-emitiu-mais-de-33-mil-carteiras-da-pessoa-autista\/"},"wordCount":435,"commentCount":0,"publisher":{"@id":"https:\/\/regiaonews.net.br\/2022\/#organization"},"image":{"@id":"https:\/\/regiaonews.net.br\/2022\/2024\/06\/18\/grande-sao-paulo-ja-emitiu-mais-de-33-mil-carteiras-da-pessoa-autista\/#primaryimage"},"thumbnailUrl":"https:\/\/regiaonews.net.br\/2022\/wp-content\/uploads\/2024\/06\/ss.jpg","articleSection":["Estado de S\u00e3o Paulo","Geral"],"inLanguage":"pt-BR","potentialAction":[{"@type":"CommentAction","name":"Comment","target":["https:\/\/regiaonews.net.br\/2022\/2024\/06\/18\/grande-sao-paulo-ja-emitiu-mais-de-33-mil-carteiras-da-pessoa-autista\/#respond"]}]},{"@type":"WebPage","@id":"https:\/\/regiaonews.net.br\/2022\/2024\/06\/18\/grande-sao-paulo-ja-emitiu-mais-de-33-mil-carteiras-da-pessoa-autista\/","url":"https:\/\/regiaonews.net.br\/2022\/2024\/06\/18\/grande-sao-paulo-ja-emitiu-mais-de-33-mil-carteiras-da-pessoa-autista\/","name":"Grande S\u00e3o Paulo j\u00e1 emitiu mais de 33 mil Carteiras da Pessoa Autista - Regi\u00e3o News","isPartOf":{"@id":"https:\/\/regiaonews.net.br\/2022\/#website"},"primaryImageOfPage":{"@id":"https:\/\/regiaonews.net.br\/2022\/2024\/06\/18\/grande-sao-paulo-ja-emitiu-mais-de-33-mil-carteiras-da-pessoa-autista\/#primaryimage"},"image":{"@id":"https:\/\/regiaonews.net.br\/2022\/2024\/06\/18\/grande-sao-paulo-ja-emitiu-mais-de-33-mil-carteiras-da-pessoa-autista\/#primaryimage"},"thumbnailUrl":"https:\/\/regiaonews.net.br\/2022\/wp-content\/uploads\/2024\/06\/ss.jpg","datePublished":"2024-06-18T16:38:58+00:00","breadcrumb":{"@id":"https:\/\/regiaonews.net.br\/2022\/2024\/06\/18\/grande-sao-paulo-ja-emitiu-mais-de-33-mil-carteiras-da-pessoa-autista\/#breadcrumb"},"inLanguage":"pt-BR","potentialAction":[{"@type":"ReadAction","target":["https:\/\/regiaonews.net.br\/2022\/2024\/06\/18\/grande-sao-paulo-ja-emitiu-mais-de-33-mil-carteiras-da-pessoa-autista\/"]}]},{"@type":"ImageObject","inLanguage":"pt-BR","@id":"https:\/\/regiaonews.net.br\/2022\/2024\/06\/18\/grande-sao-paulo-ja-emitiu-mais-de-33-mil-carteiras-da-pessoa-autista\/#primaryimage","url":"https:\/\/regiaonews.net.br\/2022\/wp-content\/uploads\/2024\/06\/ss.jpg","contentUrl":"https:\/\/regiaonews.net.br\/2022\/wp-content\/uploads\/2024\/06\/ss.jpg","width":1536,"height":1433},{"@type":"BreadcrumbList","@id":"https:\/\/regiaonews.net.br\/2022\/2024\/06\/18\/grande-sao-paulo-ja-emitiu-mais-de-33-mil-carteiras-da-pessoa-autista\/#breadcrumb","itemListElement":[{"@type":"ListItem","position":1,"name":"In\u00edcio","item":"https:\/\/regiaonews.net.br\/2022\/"},{"@type":"ListItem","position":2,"name":"Grande S\u00e3o Paulo j\u00e1 emitiu mais de 33 mil Carteiras da Pessoa Autista"}]},{"@type":"WebSite","@id":"https:\/\/regiaonews.net.br\/2022\/#website","url":"https:\/\/regiaonews.net.br\/2022\/","name":"Regi\u00e3o News","description":"Site de Not\u00edcias de Barretos e regi\u00e3o","publisher":{"@id":"https:\/\/regiaonews.net.br\/2022\/#organization"},"potentialAction":[{"@type":"SearchAction","target":{"@type":"EntryPoint","urlTemplate":"https:\/\/regiaonews.net.br\/2022\/?s={search_term_string}"},"query-input":{"@type":"PropertyValueSpecification","valueRequired":true,"valueName":"search_term_string"}}],"inLanguage":"pt-BR"},{"@type":"Organization","@id":"https:\/\/regiaonews.net.br\/2022\/#organization","name":"Regi\u00e3o News","url":"https:\/\/regiaonews.net.br\/2022\/","logo":{"@type":"ImageObject","inLanguage":"pt-BR","@id":"https:\/\/regiaonews.net.br\/2022\/#\/schema\/logo\/image\/","url":"https:\/\/regiaonews.net.br\/2022\/wp-content\/uploads\/2026\/03\/regiao-13-anos-scaled.jpg","contentUrl":"https:\/\/regiaonews.net.br\/2022\/wp-content\/uploads\/2026\/03\/regiao-13-anos-scaled.jpg","width":2560,"height":635,"caption":"Regi\u00e3o News"},"image":{"@id":"https:\/\/regiaonews.net.br\/2022\/#\/schema\/logo\/image\/"}},{"@type":"Person","@id":"https:\/\/regiaonews.net.br\/2022\/#\/schema\/person\/2d205a608a5aa97ac279d7a5e6d89ad8","name":"Roberto","image":{"@type":"ImageObject","inLanguage":"pt-BR","@id":"https:\/\/secure.gravatar.com\/avatar\/42749d8b712ff9d59ca93dc150494e5b55a44134482993f5baeb97e61b7ecc89?s=96&d=mm&r=g","url":"https:\/\/secure.gravatar.com\/avatar\/42749d8b712ff9d59ca93dc150494e5b55a44134482993f5baeb97e61b7ecc89?s=96&d=mm&r=g","contentUrl":"https:\/\/secure.gravatar.com\/avatar\/42749d8b712ff9d59ca93dc150494e5b55a44134482993f5baeb97e61b7ecc89?s=96&d=mm&r=g","caption":"Roberto"},"url":"https:\/\/regiaonews.net.br\/2022\/author\/roberto\/"}]}},"publishpress_future_action":{"enabled":false,"date":"2026-05-03 10:13:51","action":"change-status","newStatus":"draft","terms":[],"taxonomy":"category","extraData":[]},"publishpress_future_workflow_manual_trigger":{"enabledWorkflows":[]},"_links":{"self":[{"href":"https:\/\/regiaonews.net.br\/2022\/wp-json\/wp\/v2\/posts\/106498","targetHints":{"allow":["GET"]}}],"collection":[{"href":"https:\/\/regiaonews.net.br\/2022\/wp-json\/wp\/v2\/posts"}],"about":[{"href":"https:\/\/regiaonews.net.br\/2022\/wp-json\/wp\/v2\/types\/post"}],"author":[{"embeddable":true,"href":"https:\/\/regiaonews.net.br\/2022\/wp-json\/wp\/v2\/users\/2"}],"replies":[{"embeddable":true,"href":"https:\/\/regiaonews.net.br\/2022\/wp-json\/wp\/v2\/comments?post=106498"}],"version-history":[{"count":1,"href":"https:\/\/regiaonews.net.br\/2022\/wp-json\/wp\/v2\/posts\/106498\/revisions"}],"predecessor-version":[{"id":106500,"href":"https:\/\/regiaonews.net.br\/2022\/wp-json\/wp\/v2\/posts\/106498\/revisions\/106500"}],"wp:featuredmedia":[{"embeddable":true,"href":"https:\/\/regiaonews.net.br\/2022\/wp-json\/wp\/v2\/media\/106499"}],"wp:attachment":[{"href":"https:\/\/regiaonews.net.br\/2022\/wp-json\/wp\/v2\/media?parent=106498"}],"wp:term":[{"taxonomy":"category","embeddable":true,"href":"https:\/\/regiaonews.net.br\/2022\/wp-json\/wp\/v2\/categories?post=106498"},{"taxonomy":"post_tag","embeddable":true,"href":"https:\/\/regiaonews.net.br\/2022\/wp-json\/wp\/v2\/tags?post=106498"}],"curies":[{"name":"wp","href":"https:\/\/api.w.org\/{rel}","templated":true}]}}