{"id":106463,"date":"2024-06-17T20:55:54","date_gmt":"2024-06-17T23:55:54","guid":{"rendered":"https:\/\/regiaonews.net.br\/2022\/?p=106463"},"modified":"2024-06-17T20:55:54","modified_gmt":"2024-06-17T23:55:54","slug":"vigilancia-sanitaria-fecha-estabelecimento-que-realizava-exames-de-vista","status":"publish","type":"post","link":"https:\/\/regiaonews.net.br\/2022\/2024\/06\/17\/vigilancia-sanitaria-fecha-estabelecimento-que-realizava-exames-de-vista\/","title":{"rendered":"Vigil\u00e2ncia Sanit\u00e1ria fecha estabelecimento  que realizava exames de vista"},"content":{"rendered":"<p>&nbsp;<\/p>\n<p>A Equipe da Vigil\u00e2ncia Sanit\u00e1ria do Munic\u00edpio de Barretos identificou e encerrou as atividades de um estabelecimento que funcionava de forma ilegal no Jardim Aeroporto, em Barretos. Durante opera\u00e7\u00e3o realizada no domingo, dia 17, os fiscais encontraram nove pessoas trabalhando no local e, conforme relatos colhidos pelos fiscais, eram cobrados 90 reais de cada pessoa atendida, caracterizando-se realiza\u00e7\u00e3o de consulta, al\u00e9m do exame de optometria. No entanto, n\u00e3o possui alvar\u00e1 e n\u00e3o havia a participa\u00e7\u00e3o de oftalmologista.<\/p>\n<p>Os fiscais do munic\u00edpio foram ao local depois de receberem den\u00fancias de que \u00f3culos eram prescritos no estabelecimento clandestino, por pessoas contratadas por uma empresa de fora de Barretos. V\u00e1rios an\u00fancios teriam circulado em rede social, atraindo a popula\u00e7\u00e3o de Barretos para o local.<\/p>\n<p>\u201cA den\u00fancia que motivou a ida da equipe at\u00e9 esse local era de que a empresa estaria efetuando exames ilegais de optometria, com o pretexto que depois seriam entregues \u00f3culos gratuitamente, encaminhados por uma ONG\u201d, afirmou Fl\u00e1vio do Nascimento, coordenador da Vigil\u00e2ncia Sanit\u00e1ria municipal.<\/p>\n<p>No local, havia nove pessoas trabalhando. Oriundas de Amparo, S\u00e3o Paulo e Franco da Rocha. Entre elas, tr\u00eas t\u00e9cnicos em optometria. Nenhum respons\u00e1vel pelo estabelecimento foi encontrado.<\/p>\n<p>\u201cNenhuma documenta\u00e7\u00e3o oficial, nem autoriza\u00e7\u00e3o dos \u00f3rg\u00e3os competentes foram apresentadas \u00e0 fiscaliza\u00e7\u00e3o, caracterizando-se crime contra a sa\u00fade p\u00fablica. Pessoas atendidas relatavam que eram examinadas, sendo indicado o grau dos \u00f3culos e posteriormente elas deveriam pagar 90 reais\u201d, destacou Fl\u00e1vio.<\/p>\n<p>Aparelhos de aferi\u00e7\u00e3o e arma\u00e7\u00f5es de \u00f3culos foram apreendidos. Os materiais ser\u00e3o analisados para conferir se s\u00e3o autorizados pela Anvisa e se est\u00e3o adequados.<\/p>\n","protected":false},"excerpt":{"rendered":"<p>&nbsp; A Equipe da Vigil\u00e2ncia Sanit\u00e1ria do Munic\u00edpio de Barretos<\/p>\n","protected":false},"author":2,"featured_media":106465,"comment_status":"open","ping_status":"open","sticky":false,"template":"","format":"standard","meta":{"footnotes":""},"categories":[14,23],"tags":[],"class_list":["post-106463","post","type-post","status-publish","format-standard","has-post-thumbnail","hentry","category-barretos","category-policia"],"yoast_head":"<!-- This site is optimized with the Yoast SEO plugin v27.4 - https:\/\/yoast.com\/product\/yoast-seo-wordpress\/ -->\n<title>Vigil\u00e2ncia Sanit\u00e1ria fecha estabelecimento que realizava exames de vista - Regi\u00e3o News<\/title>\n<meta name=\"robots\" content=\"index, follow, max-snippet:-1, max-image-preview:large, max-video-preview:-1\" \/>\n<link rel=\"canonical\" href=\"https:\/\/regiaonews.net.br\/2022\/2024\/06\/17\/vigilancia-sanitaria-fecha-estabelecimento-que-realizava-exames-de-vista\/\" \/>\n<meta property=\"og:locale\" content=\"pt_BR\" \/>\n<meta property=\"og:type\" content=\"article\" \/>\n<meta property=\"og:title\" content=\"Vigil\u00e2ncia Sanit\u00e1ria fecha estabelecimento que realizava exames de vista - Regi\u00e3o News\" \/>\n<meta property=\"og:description\" content=\"&nbsp; A Equipe da Vigil\u00e2ncia Sanit\u00e1ria do Munic\u00edpio de Barretos\" \/>\n<meta property=\"og:url\" content=\"https:\/\/regiaonews.net.br\/2022\/2024\/06\/17\/vigilancia-sanitaria-fecha-estabelecimento-que-realizava-exames-de-vista\/\" \/>\n<meta property=\"og:site_name\" content=\"Regi\u00e3o News\" \/>\n<meta property=\"article:published_time\" content=\"2024-06-17T23:55:54+00:00\" \/>\n<meta property=\"og:image\" content=\"https:\/\/regiaonews.net.br\/2022\/wp-content\/uploads\/2024\/06\/IMG-20240617-WA0388.jpg\" \/>\n\t<meta property=\"og:image:width\" content=\"960\" \/>\n\t<meta property=\"og:image:height\" content=\"1280\" \/>\n\t<meta property=\"og:image:type\" content=\"image\/jpeg\" \/>\n<meta name=\"author\" content=\"Roberto\" \/>\n<meta name=\"twitter:card\" content=\"summary_large_image\" \/>\n<meta name=\"twitter:label1\" content=\"Escrito por\" \/>\n\t<meta name=\"twitter:data1\" content=\"Roberto\" \/>\n\t<meta name=\"twitter:label2\" content=\"Est. tempo de leitura\" \/>\n\t<meta name=\"twitter:data2\" content=\"2 minutos\" \/>\n<script type=\"application\/ld+json\" class=\"yoast-schema-graph\">{\"@context\":\"https:\\\/\\\/schema.org\",\"@graph\":[{\"@type\":\"Article\",\"@id\":\"https:\\\/\\\/regiaonews.net.br\\\/2022\\\/2024\\\/06\\\/17\\\/vigilancia-sanitaria-fecha-estabelecimento-que-realizava-exames-de-vista\\\/#article\",\"isPartOf\":{\"@id\":\"https:\\\/\\\/regiaonews.net.br\\\/2022\\\/2024\\\/06\\\/17\\\/vigilancia-sanitaria-fecha-estabelecimento-que-realizava-exames-de-vista\\\/\"},\"author\":{\"name\":\"Roberto\",\"@id\":\"https:\\\/\\\/regiaonews.net.br\\\/2022\\\/#\\\/schema\\\/person\\\/2d205a608a5aa97ac279d7a5e6d89ad8\"},\"headline\":\"Vigil\u00e2ncia Sanit\u00e1ria fecha estabelecimento que realizava exames de vista\",\"datePublished\":\"2024-06-17T23:55:54+00:00\",\"mainEntityOfPage\":{\"@id\":\"https:\\\/\\\/regiaonews.net.br\\\/2022\\\/2024\\\/06\\\/17\\\/vigilancia-sanitaria-fecha-estabelecimento-que-realizava-exames-de-vista\\\/\"},\"wordCount\":297,\"commentCount\":0,\"publisher\":{\"@id\":\"https:\\\/\\\/regiaonews.net.br\\\/2022\\\/#organization\"},\"image\":{\"@id\":\"https:\\\/\\\/regiaonews.net.br\\\/2022\\\/2024\\\/06\\\/17\\\/vigilancia-sanitaria-fecha-estabelecimento-que-realizava-exames-de-vista\\\/#primaryimage\"},\"thumbnailUrl\":\"https:\\\/\\\/regiaonews.net.br\\\/2022\\\/wp-content\\\/uploads\\\/2024\\\/06\\\/IMG-20240617-WA0388.jpg\",\"articleSection\":[\"Barretos\",\"Policia\"],\"inLanguage\":\"pt-BR\",\"potentialAction\":[{\"@type\":\"CommentAction\",\"name\":\"Comment\",\"target\":[\"https:\\\/\\\/regiaonews.net.br\\\/2022\\\/2024\\\/06\\\/17\\\/vigilancia-sanitaria-fecha-estabelecimento-que-realizava-exames-de-vista\\\/#respond\"]}]},{\"@type\":\"WebPage\",\"@id\":\"https:\\\/\\\/regiaonews.net.br\\\/2022\\\/2024\\\/06\\\/17\\\/vigilancia-sanitaria-fecha-estabelecimento-que-realizava-exames-de-vista\\\/\",\"url\":\"https:\\\/\\\/regiaonews.net.br\\\/2022\\\/2024\\\/06\\\/17\\\/vigilancia-sanitaria-fecha-estabelecimento-que-realizava-exames-de-vista\\\/\",\"name\":\"Vigil\u00e2ncia Sanit\u00e1ria fecha estabelecimento que realizava exames de vista - Regi\u00e3o News\",\"isPartOf\":{\"@id\":\"https:\\\/\\\/regiaonews.net.br\\\/2022\\\/#website\"},\"primaryImageOfPage\":{\"@id\":\"https:\\\/\\\/regiaonews.net.br\\\/2022\\\/2024\\\/06\\\/17\\\/vigilancia-sanitaria-fecha-estabelecimento-que-realizava-exames-de-vista\\\/#primaryimage\"},\"image\":{\"@id\":\"https:\\\/\\\/regiaonews.net.br\\\/2022\\\/2024\\\/06\\\/17\\\/vigilancia-sanitaria-fecha-estabelecimento-que-realizava-exames-de-vista\\\/#primaryimage\"},\"thumbnailUrl\":\"https:\\\/\\\/regiaonews.net.br\\\/2022\\\/wp-content\\\/uploads\\\/2024\\\/06\\\/IMG-20240617-WA0388.jpg\",\"datePublished\":\"2024-06-17T23:55:54+00:00\",\"breadcrumb\":{\"@id\":\"https:\\\/\\\/regiaonews.net.br\\\/2022\\\/2024\\\/06\\\/17\\\/vigilancia-sanitaria-fecha-estabelecimento-que-realizava-exames-de-vista\\\/#breadcrumb\"},\"inLanguage\":\"pt-BR\",\"potentialAction\":[{\"@type\":\"ReadAction\",\"target\":[\"https:\\\/\\\/regiaonews.net.br\\\/2022\\\/2024\\\/06\\\/17\\\/vigilancia-sanitaria-fecha-estabelecimento-que-realizava-exames-de-vista\\\/\"]}]},{\"@type\":\"ImageObject\",\"inLanguage\":\"pt-BR\",\"@id\":\"https:\\\/\\\/regiaonews.net.br\\\/2022\\\/2024\\\/06\\\/17\\\/vigilancia-sanitaria-fecha-estabelecimento-que-realizava-exames-de-vista\\\/#primaryimage\",\"url\":\"https:\\\/\\\/regiaonews.net.br\\\/2022\\\/wp-content\\\/uploads\\\/2024\\\/06\\\/IMG-20240617-WA0388.jpg\",\"contentUrl\":\"https:\\\/\\\/regiaonews.net.br\\\/2022\\\/wp-content\\\/uploads\\\/2024\\\/06\\\/IMG-20240617-WA0388.jpg\",\"width\":960,\"height\":1280},{\"@type\":\"BreadcrumbList\",\"@id\":\"https:\\\/\\\/regiaonews.net.br\\\/2022\\\/2024\\\/06\\\/17\\\/vigilancia-sanitaria-fecha-estabelecimento-que-realizava-exames-de-vista\\\/#breadcrumb\",\"itemListElement\":[{\"@type\":\"ListItem\",\"position\":1,\"name\":\"In\u00edcio\",\"item\":\"https:\\\/\\\/regiaonews.net.br\\\/2022\\\/\"},{\"@type\":\"ListItem\",\"position\":2,\"name\":\"Vigil\u00e2ncia Sanit\u00e1ria fecha estabelecimento que realizava exames de vista\"}]},{\"@type\":\"WebSite\",\"@id\":\"https:\\\/\\\/regiaonews.net.br\\\/2022\\\/#website\",\"url\":\"https:\\\/\\\/regiaonews.net.br\\\/2022\\\/\",\"name\":\"Regi\u00e3o News\",\"description\":\"Site de Not\u00edcias de Barretos e regi\u00e3o\",\"publisher\":{\"@id\":\"https:\\\/\\\/regiaonews.net.br\\\/2022\\\/#organization\"},\"potentialAction\":[{\"@type\":\"SearchAction\",\"target\":{\"@type\":\"EntryPoint\",\"urlTemplate\":\"https:\\\/\\\/regiaonews.net.br\\\/2022\\\/?s={search_term_string}\"},\"query-input\":{\"@type\":\"PropertyValueSpecification\",\"valueRequired\":true,\"valueName\":\"search_term_string\"}}],\"inLanguage\":\"pt-BR\"},{\"@type\":\"Organization\",\"@id\":\"https:\\\/\\\/regiaonews.net.br\\\/2022\\\/#organization\",\"name\":\"Regi\u00e3o News\",\"url\":\"https:\\\/\\\/regiaonews.net.br\\\/2022\\\/\",\"logo\":{\"@type\":\"ImageObject\",\"inLanguage\":\"pt-BR\",\"@id\":\"https:\\\/\\\/regiaonews.net.br\\\/2022\\\/#\\\/schema\\\/logo\\\/image\\\/\",\"url\":\"https:\\\/\\\/regiaonews.net.br\\\/2022\\\/wp-content\\\/uploads\\\/2026\\\/03\\\/regiao-13-anos-scaled.jpg\",\"contentUrl\":\"https:\\\/\\\/regiaonews.net.br\\\/2022\\\/wp-content\\\/uploads\\\/2026\\\/03\\\/regiao-13-anos-scaled.jpg\",\"width\":2560,\"height\":635,\"caption\":\"Regi\u00e3o News\"},\"image\":{\"@id\":\"https:\\\/\\\/regiaonews.net.br\\\/2022\\\/#\\\/schema\\\/logo\\\/image\\\/\"}},{\"@type\":\"Person\",\"@id\":\"https:\\\/\\\/regiaonews.net.br\\\/2022\\\/#\\\/schema\\\/person\\\/2d205a608a5aa97ac279d7a5e6d89ad8\",\"name\":\"Roberto\",\"image\":{\"@type\":\"ImageObject\",\"inLanguage\":\"pt-BR\",\"@id\":\"https:\\\/\\\/secure.gravatar.com\\\/avatar\\\/42749d8b712ff9d59ca93dc150494e5b55a44134482993f5baeb97e61b7ecc89?s=96&d=mm&r=g\",\"url\":\"https:\\\/\\\/secure.gravatar.com\\\/avatar\\\/42749d8b712ff9d59ca93dc150494e5b55a44134482993f5baeb97e61b7ecc89?s=96&d=mm&r=g\",\"contentUrl\":\"https:\\\/\\\/secure.gravatar.com\\\/avatar\\\/42749d8b712ff9d59ca93dc150494e5b55a44134482993f5baeb97e61b7ecc89?s=96&d=mm&r=g\",\"caption\":\"Roberto\"},\"url\":\"https:\\\/\\\/regiaonews.net.br\\\/2022\\\/author\\\/roberto\\\/\"}]}<\/script>\n<!-- \/ Yoast SEO plugin. -->","yoast_head_json":{"title":"Vigil\u00e2ncia Sanit\u00e1ria fecha estabelecimento que realizava exames de vista - Regi\u00e3o News","robots":{"index":"index","follow":"follow","max-snippet":"max-snippet:-1","max-image-preview":"max-image-preview:large","max-video-preview":"max-video-preview:-1"},"canonical":"https:\/\/regiaonews.net.br\/2022\/2024\/06\/17\/vigilancia-sanitaria-fecha-estabelecimento-que-realizava-exames-de-vista\/","og_locale":"pt_BR","og_type":"article","og_title":"Vigil\u00e2ncia Sanit\u00e1ria fecha estabelecimento que realizava exames de vista - Regi\u00e3o News","og_description":"&nbsp; A Equipe da Vigil\u00e2ncia Sanit\u00e1ria do Munic\u00edpio de Barretos","og_url":"https:\/\/regiaonews.net.br\/2022\/2024\/06\/17\/vigilancia-sanitaria-fecha-estabelecimento-que-realizava-exames-de-vista\/","og_site_name":"Regi\u00e3o News","article_published_time":"2024-06-17T23:55:54+00:00","og_image":[{"width":960,"height":1280,"url":"https:\/\/regiaonews.net.br\/2022\/wp-content\/uploads\/2024\/06\/IMG-20240617-WA0388.jpg","type":"image\/jpeg"}],"author":"Roberto","twitter_card":"summary_large_image","twitter_misc":{"Escrito por":"Roberto","Est. tempo de leitura":"2 minutos"},"schema":{"@context":"https:\/\/schema.org","@graph":[{"@type":"Article","@id":"https:\/\/regiaonews.net.br\/2022\/2024\/06\/17\/vigilancia-sanitaria-fecha-estabelecimento-que-realizava-exames-de-vista\/#article","isPartOf":{"@id":"https:\/\/regiaonews.net.br\/2022\/2024\/06\/17\/vigilancia-sanitaria-fecha-estabelecimento-que-realizava-exames-de-vista\/"},"author":{"name":"Roberto","@id":"https:\/\/regiaonews.net.br\/2022\/#\/schema\/person\/2d205a608a5aa97ac279d7a5e6d89ad8"},"headline":"Vigil\u00e2ncia Sanit\u00e1ria fecha estabelecimento que realizava exames de vista","datePublished":"2024-06-17T23:55:54+00:00","mainEntityOfPage":{"@id":"https:\/\/regiaonews.net.br\/2022\/2024\/06\/17\/vigilancia-sanitaria-fecha-estabelecimento-que-realizava-exames-de-vista\/"},"wordCount":297,"commentCount":0,"publisher":{"@id":"https:\/\/regiaonews.net.br\/2022\/#organization"},"image":{"@id":"https:\/\/regiaonews.net.br\/2022\/2024\/06\/17\/vigilancia-sanitaria-fecha-estabelecimento-que-realizava-exames-de-vista\/#primaryimage"},"thumbnailUrl":"https:\/\/regiaonews.net.br\/2022\/wp-content\/uploads\/2024\/06\/IMG-20240617-WA0388.jpg","articleSection":["Barretos","Policia"],"inLanguage":"pt-BR","potentialAction":[{"@type":"CommentAction","name":"Comment","target":["https:\/\/regiaonews.net.br\/2022\/2024\/06\/17\/vigilancia-sanitaria-fecha-estabelecimento-que-realizava-exames-de-vista\/#respond"]}]},{"@type":"WebPage","@id":"https:\/\/regiaonews.net.br\/2022\/2024\/06\/17\/vigilancia-sanitaria-fecha-estabelecimento-que-realizava-exames-de-vista\/","url":"https:\/\/regiaonews.net.br\/2022\/2024\/06\/17\/vigilancia-sanitaria-fecha-estabelecimento-que-realizava-exames-de-vista\/","name":"Vigil\u00e2ncia Sanit\u00e1ria fecha estabelecimento que realizava exames de vista - Regi\u00e3o News","isPartOf":{"@id":"https:\/\/regiaonews.net.br\/2022\/#website"},"primaryImageOfPage":{"@id":"https:\/\/regiaonews.net.br\/2022\/2024\/06\/17\/vigilancia-sanitaria-fecha-estabelecimento-que-realizava-exames-de-vista\/#primaryimage"},"image":{"@id":"https:\/\/regiaonews.net.br\/2022\/2024\/06\/17\/vigilancia-sanitaria-fecha-estabelecimento-que-realizava-exames-de-vista\/#primaryimage"},"thumbnailUrl":"https:\/\/regiaonews.net.br\/2022\/wp-content\/uploads\/2024\/06\/IMG-20240617-WA0388.jpg","datePublished":"2024-06-17T23:55:54+00:00","breadcrumb":{"@id":"https:\/\/regiaonews.net.br\/2022\/2024\/06\/17\/vigilancia-sanitaria-fecha-estabelecimento-que-realizava-exames-de-vista\/#breadcrumb"},"inLanguage":"pt-BR","potentialAction":[{"@type":"ReadAction","target":["https:\/\/regiaonews.net.br\/2022\/2024\/06\/17\/vigilancia-sanitaria-fecha-estabelecimento-que-realizava-exames-de-vista\/"]}]},{"@type":"ImageObject","inLanguage":"pt-BR","@id":"https:\/\/regiaonews.net.br\/2022\/2024\/06\/17\/vigilancia-sanitaria-fecha-estabelecimento-que-realizava-exames-de-vista\/#primaryimage","url":"https:\/\/regiaonews.net.br\/2022\/wp-content\/uploads\/2024\/06\/IMG-20240617-WA0388.jpg","contentUrl":"https:\/\/regiaonews.net.br\/2022\/wp-content\/uploads\/2024\/06\/IMG-20240617-WA0388.jpg","width":960,"height":1280},{"@type":"BreadcrumbList","@id":"https:\/\/regiaonews.net.br\/2022\/2024\/06\/17\/vigilancia-sanitaria-fecha-estabelecimento-que-realizava-exames-de-vista\/#breadcrumb","itemListElement":[{"@type":"ListItem","position":1,"name":"In\u00edcio","item":"https:\/\/regiaonews.net.br\/2022\/"},{"@type":"ListItem","position":2,"name":"Vigil\u00e2ncia Sanit\u00e1ria fecha estabelecimento que realizava exames de vista"}]},{"@type":"WebSite","@id":"https:\/\/regiaonews.net.br\/2022\/#website","url":"https:\/\/regiaonews.net.br\/2022\/","name":"Regi\u00e3o News","description":"Site de Not\u00edcias de Barretos e regi\u00e3o","publisher":{"@id":"https:\/\/regiaonews.net.br\/2022\/#organization"},"potentialAction":[{"@type":"SearchAction","target":{"@type":"EntryPoint","urlTemplate":"https:\/\/regiaonews.net.br\/2022\/?s={search_term_string}"},"query-input":{"@type":"PropertyValueSpecification","valueRequired":true,"valueName":"search_term_string"}}],"inLanguage":"pt-BR"},{"@type":"Organization","@id":"https:\/\/regiaonews.net.br\/2022\/#organization","name":"Regi\u00e3o News","url":"https:\/\/regiaonews.net.br\/2022\/","logo":{"@type":"ImageObject","inLanguage":"pt-BR","@id":"https:\/\/regiaonews.net.br\/2022\/#\/schema\/logo\/image\/","url":"https:\/\/regiaonews.net.br\/2022\/wp-content\/uploads\/2026\/03\/regiao-13-anos-scaled.jpg","contentUrl":"https:\/\/regiaonews.net.br\/2022\/wp-content\/uploads\/2026\/03\/regiao-13-anos-scaled.jpg","width":2560,"height":635,"caption":"Regi\u00e3o News"},"image":{"@id":"https:\/\/regiaonews.net.br\/2022\/#\/schema\/logo\/image\/"}},{"@type":"Person","@id":"https:\/\/regiaonews.net.br\/2022\/#\/schema\/person\/2d205a608a5aa97ac279d7a5e6d89ad8","name":"Roberto","image":{"@type":"ImageObject","inLanguage":"pt-BR","@id":"https:\/\/secure.gravatar.com\/avatar\/42749d8b712ff9d59ca93dc150494e5b55a44134482993f5baeb97e61b7ecc89?s=96&d=mm&r=g","url":"https:\/\/secure.gravatar.com\/avatar\/42749d8b712ff9d59ca93dc150494e5b55a44134482993f5baeb97e61b7ecc89?s=96&d=mm&r=g","contentUrl":"https:\/\/secure.gravatar.com\/avatar\/42749d8b712ff9d59ca93dc150494e5b55a44134482993f5baeb97e61b7ecc89?s=96&d=mm&r=g","caption":"Roberto"},"url":"https:\/\/regiaonews.net.br\/2022\/author\/roberto\/"}]}},"publishpress_future_action":{"enabled":false,"date":"2026-05-03 04:36:06","action":"change-status","newStatus":"draft","terms":[],"taxonomy":"category","extraData":[]},"publishpress_future_workflow_manual_trigger":{"enabledWorkflows":[]},"_links":{"self":[{"href":"https:\/\/regiaonews.net.br\/2022\/wp-json\/wp\/v2\/posts\/106463","targetHints":{"allow":["GET"]}}],"collection":[{"href":"https:\/\/regiaonews.net.br\/2022\/wp-json\/wp\/v2\/posts"}],"about":[{"href":"https:\/\/regiaonews.net.br\/2022\/wp-json\/wp\/v2\/types\/post"}],"author":[{"embeddable":true,"href":"https:\/\/regiaonews.net.br\/2022\/wp-json\/wp\/v2\/users\/2"}],"replies":[{"embeddable":true,"href":"https:\/\/regiaonews.net.br\/2022\/wp-json\/wp\/v2\/comments?post=106463"}],"version-history":[{"count":1,"href":"https:\/\/regiaonews.net.br\/2022\/wp-json\/wp\/v2\/posts\/106463\/revisions"}],"predecessor-version":[{"id":106466,"href":"https:\/\/regiaonews.net.br\/2022\/wp-json\/wp\/v2\/posts\/106463\/revisions\/106466"}],"wp:featuredmedia":[{"embeddable":true,"href":"https:\/\/regiaonews.net.br\/2022\/wp-json\/wp\/v2\/media\/106465"}],"wp:attachment":[{"href":"https:\/\/regiaonews.net.br\/2022\/wp-json\/wp\/v2\/media?parent=106463"}],"wp:term":[{"taxonomy":"category","embeddable":true,"href":"https:\/\/regiaonews.net.br\/2022\/wp-json\/wp\/v2\/categories?post=106463"},{"taxonomy":"post_tag","embeddable":true,"href":"https:\/\/regiaonews.net.br\/2022\/wp-json\/wp\/v2\/tags?post=106463"}],"curies":[{"name":"wp","href":"https:\/\/api.w.org\/{rel}","templated":true}]}}