{"id":106452,"date":"2024-06-17T20:26:38","date_gmt":"2024-06-17T23:26:38","guid":{"rendered":"https:\/\/regiaonews.net.br\/2022\/?p=106452"},"modified":"2024-06-17T20:26:38","modified_gmt":"2024-06-17T23:26:38","slug":"parque-ecologico-eneas-carneiro-passa-por-obras-de-reurbanizacao-e-se-tornara-mais-um-espaco-de-lazer-para-a-populacao","status":"publish","type":"post","link":"https:\/\/regiaonews.net.br\/2022\/2024\/06\/17\/parque-ecologico-eneas-carneiro-passa-por-obras-de-reurbanizacao-e-se-tornara-mais-um-espaco-de-lazer-para-a-populacao\/","title":{"rendered":"Parque Ecol\u00f3gico En\u00e9as Carneiro passa por obras de reurbaniza\u00e7\u00e3o e se tornar\u00e1 mais um espa\u00e7o de lazer para a popula\u00e7\u00e3o"},"content":{"rendered":"<p>Local ganhar\u00e1 nova pista de caminhada, academia ao ar livre, playground e infraestrutura para instala\u00e7\u00e3o de quiosque<\/p>\n<p>Est\u00e3o em andamento as obras de reurbaniza\u00e7\u00e3o e adapta\u00e7\u00e3o do Parque Ecol\u00f3gico En\u00e9as Carneiro, na Avenida Fraternidade Paulista. O objetivo \u00e9 transformar o espa\u00e7o em uma mini Regi\u00e3o dos Lagos, beneficiando a popula\u00e7\u00e3o daquela regi\u00e3o.<br \/>\n\u201cGra\u00e7as a Deus a cidade n\u00e3o para, porque aqui tem responsabilidade. N\u00f3s estamos fazendo a primeira etapa do, agora sim, Parque En\u00e9as Carneiro, porque antes a gente n\u00e3o tinha um parque. Meu muito obrigado \u00e0 BRZ pela parceria e por esse trabalho t\u00e3o s\u00e9rio\u201d, disse a Prefeita Paula Lemos em visita na sexta-feira, dia 14 de junho.<br \/>\nDentre as melhorias previstas no projeto est\u00e3o a troca da ilumina\u00e7\u00e3o do local por l\u00e2mpadas de LED, reconstru\u00e7\u00e3o da pista de caminhada, implanta\u00e7\u00e3o de uma academia ao ar livre e um playground, al\u00e9m da constru\u00e7\u00e3o de infraestrutura para instala\u00e7\u00e3o futura de um quiosque.<br \/>\nA obra \u00e9 custeada pela empresa BRZ Empreendimentos, por meio de um Termo de Ajuste de Conduta (TAC) firmado com a Prefeitura de Barretos.<br \/>\nA visita tamb\u00e9m foi acompanhada pelo secret\u00e1rio municipal de Obras e Servi\u00e7os Urbanos, Fernando Fernandes; pelo arquiteto Wilson Luiz Bonatelli Filho; e pelo superintendente regional da BRZ, engenheiro Thulio Pereira.<\/p>\n","protected":false},"excerpt":{"rendered":"<p>Local ganhar\u00e1 nova pista de caminhada, academia ao ar livre,<\/p>\n","protected":false},"author":2,"featured_media":106449,"comment_status":"open","ping_status":"open","sticky":false,"template":"","format":"standard","meta":{"footnotes":""},"categories":[14,25],"tags":[],"class_list":["post-106452","post","type-post","status-publish","format-standard","has-post-thumbnail","hentry","category-barretos","category-cidades"],"yoast_head":"<!-- This site is optimized with the Yoast SEO plugin v27.4 - https:\/\/yoast.com\/product\/yoast-seo-wordpress\/ -->\n<title>Parque Ecol\u00f3gico En\u00e9as Carneiro passa por obras de reurbaniza\u00e7\u00e3o e se tornar\u00e1 mais um espa\u00e7o de lazer para a popula\u00e7\u00e3o - Regi\u00e3o News<\/title>\n<meta name=\"robots\" content=\"index, follow, max-snippet:-1, max-image-preview:large, max-video-preview:-1\" \/>\n<link rel=\"canonical\" href=\"https:\/\/regiaonews.net.br\/2022\/2024\/06\/17\/parque-ecologico-eneas-carneiro-passa-por-obras-de-reurbanizacao-e-se-tornara-mais-um-espaco-de-lazer-para-a-populacao\/\" \/>\n<meta property=\"og:locale\" content=\"pt_BR\" \/>\n<meta property=\"og:type\" content=\"article\" \/>\n<meta property=\"og:title\" content=\"Parque Ecol\u00f3gico En\u00e9as Carneiro passa por obras de reurbaniza\u00e7\u00e3o e se tornar\u00e1 mais um espa\u00e7o de lazer para a popula\u00e7\u00e3o - Regi\u00e3o News\" \/>\n<meta property=\"og:description\" content=\"Local ganhar\u00e1 nova pista de caminhada, academia ao ar livre,\" \/>\n<meta property=\"og:url\" content=\"https:\/\/regiaonews.net.br\/2022\/2024\/06\/17\/parque-ecologico-eneas-carneiro-passa-por-obras-de-reurbanizacao-e-se-tornara-mais-um-espaco-de-lazer-para-a-populacao\/\" \/>\n<meta property=\"og:site_name\" content=\"Regi\u00e3o News\" \/>\n<meta property=\"article:published_time\" content=\"2024-06-17T23:26:38+00:00\" \/>\n<meta property=\"og:image\" content=\"https:\/\/regiaonews.net.br\/2022\/wp-content\/uploads\/2024\/06\/WhatsApp-Image-2024-06-17-at-16.20.30.jpeg\" \/>\n\t<meta property=\"og:image:width\" content=\"1600\" \/>\n\t<meta property=\"og:image:height\" content=\"1067\" \/>\n\t<meta property=\"og:image:type\" content=\"image\/jpeg\" \/>\n<meta name=\"author\" content=\"Roberto\" \/>\n<meta name=\"twitter:card\" content=\"summary_large_image\" \/>\n<meta name=\"twitter:label1\" content=\"Escrito por\" \/>\n\t<meta name=\"twitter:data1\" content=\"Roberto\" \/>\n\t<meta name=\"twitter:label2\" content=\"Est. tempo de leitura\" \/>\n\t<meta name=\"twitter:data2\" content=\"2 minutos\" \/>\n<script type=\"application\/ld+json\" class=\"yoast-schema-graph\">{\"@context\":\"https:\\\/\\\/schema.org\",\"@graph\":[{\"@type\":\"Article\",\"@id\":\"https:\\\/\\\/regiaonews.net.br\\\/2022\\\/2024\\\/06\\\/17\\\/parque-ecologico-eneas-carneiro-passa-por-obras-de-reurbanizacao-e-se-tornara-mais-um-espaco-de-lazer-para-a-populacao\\\/#article\",\"isPartOf\":{\"@id\":\"https:\\\/\\\/regiaonews.net.br\\\/2022\\\/2024\\\/06\\\/17\\\/parque-ecologico-eneas-carneiro-passa-por-obras-de-reurbanizacao-e-se-tornara-mais-um-espaco-de-lazer-para-a-populacao\\\/\"},\"author\":{\"name\":\"Roberto\",\"@id\":\"https:\\\/\\\/regiaonews.net.br\\\/2022\\\/#\\\/schema\\\/person\\\/2d205a608a5aa97ac279d7a5e6d89ad8\"},\"headline\":\"Parque Ecol\u00f3gico En\u00e9as Carneiro passa por obras de reurbaniza\u00e7\u00e3o e se tornar\u00e1 mais um espa\u00e7o de lazer para a popula\u00e7\u00e3o\",\"datePublished\":\"2024-06-17T23:26:38+00:00\",\"mainEntityOfPage\":{\"@id\":\"https:\\\/\\\/regiaonews.net.br\\\/2022\\\/2024\\\/06\\\/17\\\/parque-ecologico-eneas-carneiro-passa-por-obras-de-reurbanizacao-e-se-tornara-mais-um-espaco-de-lazer-para-a-populacao\\\/\"},\"wordCount\":255,\"commentCount\":0,\"publisher\":{\"@id\":\"https:\\\/\\\/regiaonews.net.br\\\/2022\\\/#organization\"},\"image\":{\"@id\":\"https:\\\/\\\/regiaonews.net.br\\\/2022\\\/2024\\\/06\\\/17\\\/parque-ecologico-eneas-carneiro-passa-por-obras-de-reurbanizacao-e-se-tornara-mais-um-espaco-de-lazer-para-a-populacao\\\/#primaryimage\"},\"thumbnailUrl\":\"https:\\\/\\\/regiaonews.net.br\\\/2022\\\/wp-content\\\/uploads\\\/2024\\\/06\\\/WhatsApp-Image-2024-06-17-at-16.20.30.jpeg\",\"articleSection\":[\"Barretos\",\"Cidades\"],\"inLanguage\":\"pt-BR\",\"potentialAction\":[{\"@type\":\"CommentAction\",\"name\":\"Comment\",\"target\":[\"https:\\\/\\\/regiaonews.net.br\\\/2022\\\/2024\\\/06\\\/17\\\/parque-ecologico-eneas-carneiro-passa-por-obras-de-reurbanizacao-e-se-tornara-mais-um-espaco-de-lazer-para-a-populacao\\\/#respond\"]}]},{\"@type\":\"WebPage\",\"@id\":\"https:\\\/\\\/regiaonews.net.br\\\/2022\\\/2024\\\/06\\\/17\\\/parque-ecologico-eneas-carneiro-passa-por-obras-de-reurbanizacao-e-se-tornara-mais-um-espaco-de-lazer-para-a-populacao\\\/\",\"url\":\"https:\\\/\\\/regiaonews.net.br\\\/2022\\\/2024\\\/06\\\/17\\\/parque-ecologico-eneas-carneiro-passa-por-obras-de-reurbanizacao-e-se-tornara-mais-um-espaco-de-lazer-para-a-populacao\\\/\",\"name\":\"Parque Ecol\u00f3gico En\u00e9as Carneiro passa por obras de reurbaniza\u00e7\u00e3o e se tornar\u00e1 mais um espa\u00e7o de lazer para a popula\u00e7\u00e3o - Regi\u00e3o News\",\"isPartOf\":{\"@id\":\"https:\\\/\\\/regiaonews.net.br\\\/2022\\\/#website\"},\"primaryImageOfPage\":{\"@id\":\"https:\\\/\\\/regiaonews.net.br\\\/2022\\\/2024\\\/06\\\/17\\\/parque-ecologico-eneas-carneiro-passa-por-obras-de-reurbanizacao-e-se-tornara-mais-um-espaco-de-lazer-para-a-populacao\\\/#primaryimage\"},\"image\":{\"@id\":\"https:\\\/\\\/regiaonews.net.br\\\/2022\\\/2024\\\/06\\\/17\\\/parque-ecologico-eneas-carneiro-passa-por-obras-de-reurbanizacao-e-se-tornara-mais-um-espaco-de-lazer-para-a-populacao\\\/#primaryimage\"},\"thumbnailUrl\":\"https:\\\/\\\/regiaonews.net.br\\\/2022\\\/wp-content\\\/uploads\\\/2024\\\/06\\\/WhatsApp-Image-2024-06-17-at-16.20.30.jpeg\",\"datePublished\":\"2024-06-17T23:26:38+00:00\",\"breadcrumb\":{\"@id\":\"https:\\\/\\\/regiaonews.net.br\\\/2022\\\/2024\\\/06\\\/17\\\/parque-ecologico-eneas-carneiro-passa-por-obras-de-reurbanizacao-e-se-tornara-mais-um-espaco-de-lazer-para-a-populacao\\\/#breadcrumb\"},\"inLanguage\":\"pt-BR\",\"potentialAction\":[{\"@type\":\"ReadAction\",\"target\":[\"https:\\\/\\\/regiaonews.net.br\\\/2022\\\/2024\\\/06\\\/17\\\/parque-ecologico-eneas-carneiro-passa-por-obras-de-reurbanizacao-e-se-tornara-mais-um-espaco-de-lazer-para-a-populacao\\\/\"]}]},{\"@type\":\"ImageObject\",\"inLanguage\":\"pt-BR\",\"@id\":\"https:\\\/\\\/regiaonews.net.br\\\/2022\\\/2024\\\/06\\\/17\\\/parque-ecologico-eneas-carneiro-passa-por-obras-de-reurbanizacao-e-se-tornara-mais-um-espaco-de-lazer-para-a-populacao\\\/#primaryimage\",\"url\":\"https:\\\/\\\/regiaonews.net.br\\\/2022\\\/wp-content\\\/uploads\\\/2024\\\/06\\\/WhatsApp-Image-2024-06-17-at-16.20.30.jpeg\",\"contentUrl\":\"https:\\\/\\\/regiaonews.net.br\\\/2022\\\/wp-content\\\/uploads\\\/2024\\\/06\\\/WhatsApp-Image-2024-06-17-at-16.20.30.jpeg\",\"width\":1600,\"height\":1067},{\"@type\":\"BreadcrumbList\",\"@id\":\"https:\\\/\\\/regiaonews.net.br\\\/2022\\\/2024\\\/06\\\/17\\\/parque-ecologico-eneas-carneiro-passa-por-obras-de-reurbanizacao-e-se-tornara-mais-um-espaco-de-lazer-para-a-populacao\\\/#breadcrumb\",\"itemListElement\":[{\"@type\":\"ListItem\",\"position\":1,\"name\":\"In\u00edcio\",\"item\":\"https:\\\/\\\/regiaonews.net.br\\\/2022\\\/\"},{\"@type\":\"ListItem\",\"position\":2,\"name\":\"Parque Ecol\u00f3gico En\u00e9as Carneiro passa por obras de reurbaniza\u00e7\u00e3o e se tornar\u00e1 mais um espa\u00e7o de lazer para a popula\u00e7\u00e3o\"}]},{\"@type\":\"WebSite\",\"@id\":\"https:\\\/\\\/regiaonews.net.br\\\/2022\\\/#website\",\"url\":\"https:\\\/\\\/regiaonews.net.br\\\/2022\\\/\",\"name\":\"Regi\u00e3o News\",\"description\":\"Site de Not\u00edcias de Barretos e regi\u00e3o\",\"publisher\":{\"@id\":\"https:\\\/\\\/regiaonews.net.br\\\/2022\\\/#organization\"},\"potentialAction\":[{\"@type\":\"SearchAction\",\"target\":{\"@type\":\"EntryPoint\",\"urlTemplate\":\"https:\\\/\\\/regiaonews.net.br\\\/2022\\\/?s={search_term_string}\"},\"query-input\":{\"@type\":\"PropertyValueSpecification\",\"valueRequired\":true,\"valueName\":\"search_term_string\"}}],\"inLanguage\":\"pt-BR\"},{\"@type\":\"Organization\",\"@id\":\"https:\\\/\\\/regiaonews.net.br\\\/2022\\\/#organization\",\"name\":\"Regi\u00e3o News\",\"url\":\"https:\\\/\\\/regiaonews.net.br\\\/2022\\\/\",\"logo\":{\"@type\":\"ImageObject\",\"inLanguage\":\"pt-BR\",\"@id\":\"https:\\\/\\\/regiaonews.net.br\\\/2022\\\/#\\\/schema\\\/logo\\\/image\\\/\",\"url\":\"https:\\\/\\\/regiaonews.net.br\\\/2022\\\/wp-content\\\/uploads\\\/2026\\\/03\\\/regiao-13-anos-scaled.jpg\",\"contentUrl\":\"https:\\\/\\\/regiaonews.net.br\\\/2022\\\/wp-content\\\/uploads\\\/2026\\\/03\\\/regiao-13-anos-scaled.jpg\",\"width\":2560,\"height\":635,\"caption\":\"Regi\u00e3o News\"},\"image\":{\"@id\":\"https:\\\/\\\/regiaonews.net.br\\\/2022\\\/#\\\/schema\\\/logo\\\/image\\\/\"}},{\"@type\":\"Person\",\"@id\":\"https:\\\/\\\/regiaonews.net.br\\\/2022\\\/#\\\/schema\\\/person\\\/2d205a608a5aa97ac279d7a5e6d89ad8\",\"name\":\"Roberto\",\"image\":{\"@type\":\"ImageObject\",\"inLanguage\":\"pt-BR\",\"@id\":\"https:\\\/\\\/secure.gravatar.com\\\/avatar\\\/42749d8b712ff9d59ca93dc150494e5b55a44134482993f5baeb97e61b7ecc89?s=96&d=mm&r=g\",\"url\":\"https:\\\/\\\/secure.gravatar.com\\\/avatar\\\/42749d8b712ff9d59ca93dc150494e5b55a44134482993f5baeb97e61b7ecc89?s=96&d=mm&r=g\",\"contentUrl\":\"https:\\\/\\\/secure.gravatar.com\\\/avatar\\\/42749d8b712ff9d59ca93dc150494e5b55a44134482993f5baeb97e61b7ecc89?s=96&d=mm&r=g\",\"caption\":\"Roberto\"},\"url\":\"https:\\\/\\\/regiaonews.net.br\\\/2022\\\/author\\\/roberto\\\/\"}]}<\/script>\n<!-- \/ Yoast SEO plugin. -->","yoast_head_json":{"title":"Parque Ecol\u00f3gico En\u00e9as Carneiro passa por obras de reurbaniza\u00e7\u00e3o e se tornar\u00e1 mais um espa\u00e7o de lazer para a popula\u00e7\u00e3o - Regi\u00e3o News","robots":{"index":"index","follow":"follow","max-snippet":"max-snippet:-1","max-image-preview":"max-image-preview:large","max-video-preview":"max-video-preview:-1"},"canonical":"https:\/\/regiaonews.net.br\/2022\/2024\/06\/17\/parque-ecologico-eneas-carneiro-passa-por-obras-de-reurbanizacao-e-se-tornara-mais-um-espaco-de-lazer-para-a-populacao\/","og_locale":"pt_BR","og_type":"article","og_title":"Parque Ecol\u00f3gico En\u00e9as Carneiro passa por obras de reurbaniza\u00e7\u00e3o e se tornar\u00e1 mais um espa\u00e7o de lazer para a popula\u00e7\u00e3o - Regi\u00e3o News","og_description":"Local ganhar\u00e1 nova pista de caminhada, academia ao ar livre,","og_url":"https:\/\/regiaonews.net.br\/2022\/2024\/06\/17\/parque-ecologico-eneas-carneiro-passa-por-obras-de-reurbanizacao-e-se-tornara-mais-um-espaco-de-lazer-para-a-populacao\/","og_site_name":"Regi\u00e3o News","article_published_time":"2024-06-17T23:26:38+00:00","og_image":[{"width":1600,"height":1067,"url":"https:\/\/regiaonews.net.br\/2022\/wp-content\/uploads\/2024\/06\/WhatsApp-Image-2024-06-17-at-16.20.30.jpeg","type":"image\/jpeg"}],"author":"Roberto","twitter_card":"summary_large_image","twitter_misc":{"Escrito por":"Roberto","Est. tempo de leitura":"2 minutos"},"schema":{"@context":"https:\/\/schema.org","@graph":[{"@type":"Article","@id":"https:\/\/regiaonews.net.br\/2022\/2024\/06\/17\/parque-ecologico-eneas-carneiro-passa-por-obras-de-reurbanizacao-e-se-tornara-mais-um-espaco-de-lazer-para-a-populacao\/#article","isPartOf":{"@id":"https:\/\/regiaonews.net.br\/2022\/2024\/06\/17\/parque-ecologico-eneas-carneiro-passa-por-obras-de-reurbanizacao-e-se-tornara-mais-um-espaco-de-lazer-para-a-populacao\/"},"author":{"name":"Roberto","@id":"https:\/\/regiaonews.net.br\/2022\/#\/schema\/person\/2d205a608a5aa97ac279d7a5e6d89ad8"},"headline":"Parque Ecol\u00f3gico En\u00e9as Carneiro passa por obras de reurbaniza\u00e7\u00e3o e se tornar\u00e1 mais um espa\u00e7o de lazer para a popula\u00e7\u00e3o","datePublished":"2024-06-17T23:26:38+00:00","mainEntityOfPage":{"@id":"https:\/\/regiaonews.net.br\/2022\/2024\/06\/17\/parque-ecologico-eneas-carneiro-passa-por-obras-de-reurbanizacao-e-se-tornara-mais-um-espaco-de-lazer-para-a-populacao\/"},"wordCount":255,"commentCount":0,"publisher":{"@id":"https:\/\/regiaonews.net.br\/2022\/#organization"},"image":{"@id":"https:\/\/regiaonews.net.br\/2022\/2024\/06\/17\/parque-ecologico-eneas-carneiro-passa-por-obras-de-reurbanizacao-e-se-tornara-mais-um-espaco-de-lazer-para-a-populacao\/#primaryimage"},"thumbnailUrl":"https:\/\/regiaonews.net.br\/2022\/wp-content\/uploads\/2024\/06\/WhatsApp-Image-2024-06-17-at-16.20.30.jpeg","articleSection":["Barretos","Cidades"],"inLanguage":"pt-BR","potentialAction":[{"@type":"CommentAction","name":"Comment","target":["https:\/\/regiaonews.net.br\/2022\/2024\/06\/17\/parque-ecologico-eneas-carneiro-passa-por-obras-de-reurbanizacao-e-se-tornara-mais-um-espaco-de-lazer-para-a-populacao\/#respond"]}]},{"@type":"WebPage","@id":"https:\/\/regiaonews.net.br\/2022\/2024\/06\/17\/parque-ecologico-eneas-carneiro-passa-por-obras-de-reurbanizacao-e-se-tornara-mais-um-espaco-de-lazer-para-a-populacao\/","url":"https:\/\/regiaonews.net.br\/2022\/2024\/06\/17\/parque-ecologico-eneas-carneiro-passa-por-obras-de-reurbanizacao-e-se-tornara-mais-um-espaco-de-lazer-para-a-populacao\/","name":"Parque Ecol\u00f3gico En\u00e9as Carneiro passa por obras de reurbaniza\u00e7\u00e3o e se tornar\u00e1 mais um espa\u00e7o de lazer para a popula\u00e7\u00e3o - Regi\u00e3o News","isPartOf":{"@id":"https:\/\/regiaonews.net.br\/2022\/#website"},"primaryImageOfPage":{"@id":"https:\/\/regiaonews.net.br\/2022\/2024\/06\/17\/parque-ecologico-eneas-carneiro-passa-por-obras-de-reurbanizacao-e-se-tornara-mais-um-espaco-de-lazer-para-a-populacao\/#primaryimage"},"image":{"@id":"https:\/\/regiaonews.net.br\/2022\/2024\/06\/17\/parque-ecologico-eneas-carneiro-passa-por-obras-de-reurbanizacao-e-se-tornara-mais-um-espaco-de-lazer-para-a-populacao\/#primaryimage"},"thumbnailUrl":"https:\/\/regiaonews.net.br\/2022\/wp-content\/uploads\/2024\/06\/WhatsApp-Image-2024-06-17-at-16.20.30.jpeg","datePublished":"2024-06-17T23:26:38+00:00","breadcrumb":{"@id":"https:\/\/regiaonews.net.br\/2022\/2024\/06\/17\/parque-ecologico-eneas-carneiro-passa-por-obras-de-reurbanizacao-e-se-tornara-mais-um-espaco-de-lazer-para-a-populacao\/#breadcrumb"},"inLanguage":"pt-BR","potentialAction":[{"@type":"ReadAction","target":["https:\/\/regiaonews.net.br\/2022\/2024\/06\/17\/parque-ecologico-eneas-carneiro-passa-por-obras-de-reurbanizacao-e-se-tornara-mais-um-espaco-de-lazer-para-a-populacao\/"]}]},{"@type":"ImageObject","inLanguage":"pt-BR","@id":"https:\/\/regiaonews.net.br\/2022\/2024\/06\/17\/parque-ecologico-eneas-carneiro-passa-por-obras-de-reurbanizacao-e-se-tornara-mais-um-espaco-de-lazer-para-a-populacao\/#primaryimage","url":"https:\/\/regiaonews.net.br\/2022\/wp-content\/uploads\/2024\/06\/WhatsApp-Image-2024-06-17-at-16.20.30.jpeg","contentUrl":"https:\/\/regiaonews.net.br\/2022\/wp-content\/uploads\/2024\/06\/WhatsApp-Image-2024-06-17-at-16.20.30.jpeg","width":1600,"height":1067},{"@type":"BreadcrumbList","@id":"https:\/\/regiaonews.net.br\/2022\/2024\/06\/17\/parque-ecologico-eneas-carneiro-passa-por-obras-de-reurbanizacao-e-se-tornara-mais-um-espaco-de-lazer-para-a-populacao\/#breadcrumb","itemListElement":[{"@type":"ListItem","position":1,"name":"In\u00edcio","item":"https:\/\/regiaonews.net.br\/2022\/"},{"@type":"ListItem","position":2,"name":"Parque Ecol\u00f3gico En\u00e9as Carneiro passa por obras de reurbaniza\u00e7\u00e3o e se tornar\u00e1 mais um espa\u00e7o de lazer para a popula\u00e7\u00e3o"}]},{"@type":"WebSite","@id":"https:\/\/regiaonews.net.br\/2022\/#website","url":"https:\/\/regiaonews.net.br\/2022\/","name":"Regi\u00e3o News","description":"Site de Not\u00edcias de Barretos e regi\u00e3o","publisher":{"@id":"https:\/\/regiaonews.net.br\/2022\/#organization"},"potentialAction":[{"@type":"SearchAction","target":{"@type":"EntryPoint","urlTemplate":"https:\/\/regiaonews.net.br\/2022\/?s={search_term_string}"},"query-input":{"@type":"PropertyValueSpecification","valueRequired":true,"valueName":"search_term_string"}}],"inLanguage":"pt-BR"},{"@type":"Organization","@id":"https:\/\/regiaonews.net.br\/2022\/#organization","name":"Regi\u00e3o News","url":"https:\/\/regiaonews.net.br\/2022\/","logo":{"@type":"ImageObject","inLanguage":"pt-BR","@id":"https:\/\/regiaonews.net.br\/2022\/#\/schema\/logo\/image\/","url":"https:\/\/regiaonews.net.br\/2022\/wp-content\/uploads\/2026\/03\/regiao-13-anos-scaled.jpg","contentUrl":"https:\/\/regiaonews.net.br\/2022\/wp-content\/uploads\/2026\/03\/regiao-13-anos-scaled.jpg","width":2560,"height":635,"caption":"Regi\u00e3o News"},"image":{"@id":"https:\/\/regiaonews.net.br\/2022\/#\/schema\/logo\/image\/"}},{"@type":"Person","@id":"https:\/\/regiaonews.net.br\/2022\/#\/schema\/person\/2d205a608a5aa97ac279d7a5e6d89ad8","name":"Roberto","image":{"@type":"ImageObject","inLanguage":"pt-BR","@id":"https:\/\/secure.gravatar.com\/avatar\/42749d8b712ff9d59ca93dc150494e5b55a44134482993f5baeb97e61b7ecc89?s=96&d=mm&r=g","url":"https:\/\/secure.gravatar.com\/avatar\/42749d8b712ff9d59ca93dc150494e5b55a44134482993f5baeb97e61b7ecc89?s=96&d=mm&r=g","contentUrl":"https:\/\/secure.gravatar.com\/avatar\/42749d8b712ff9d59ca93dc150494e5b55a44134482993f5baeb97e61b7ecc89?s=96&d=mm&r=g","caption":"Roberto"},"url":"https:\/\/regiaonews.net.br\/2022\/author\/roberto\/"}]}},"publishpress_future_action":{"enabled":false,"date":"2026-05-03 10:51:44","action":"change-status","newStatus":"draft","terms":[],"taxonomy":"category","extraData":[]},"publishpress_future_workflow_manual_trigger":{"enabledWorkflows":[]},"_links":{"self":[{"href":"https:\/\/regiaonews.net.br\/2022\/wp-json\/wp\/v2\/posts\/106452","targetHints":{"allow":["GET"]}}],"collection":[{"href":"https:\/\/regiaonews.net.br\/2022\/wp-json\/wp\/v2\/posts"}],"about":[{"href":"https:\/\/regiaonews.net.br\/2022\/wp-json\/wp\/v2\/types\/post"}],"author":[{"embeddable":true,"href":"https:\/\/regiaonews.net.br\/2022\/wp-json\/wp\/v2\/users\/2"}],"replies":[{"embeddable":true,"href":"https:\/\/regiaonews.net.br\/2022\/wp-json\/wp\/v2\/comments?post=106452"}],"version-history":[{"count":1,"href":"https:\/\/regiaonews.net.br\/2022\/wp-json\/wp\/v2\/posts\/106452\/revisions"}],"predecessor-version":[{"id":106453,"href":"https:\/\/regiaonews.net.br\/2022\/wp-json\/wp\/v2\/posts\/106452\/revisions\/106453"}],"wp:featuredmedia":[{"embeddable":true,"href":"https:\/\/regiaonews.net.br\/2022\/wp-json\/wp\/v2\/media\/106449"}],"wp:attachment":[{"href":"https:\/\/regiaonews.net.br\/2022\/wp-json\/wp\/v2\/media?parent=106452"}],"wp:term":[{"taxonomy":"category","embeddable":true,"href":"https:\/\/regiaonews.net.br\/2022\/wp-json\/wp\/v2\/categories?post=106452"},{"taxonomy":"post_tag","embeddable":true,"href":"https:\/\/regiaonews.net.br\/2022\/wp-json\/wp\/v2\/tags?post=106452"}],"curies":[{"name":"wp","href":"https:\/\/api.w.org\/{rel}","templated":true}]}}