{"id":106439,"date":"2024-06-17T19:46:56","date_gmt":"2024-06-17T22:46:56","guid":{"rendered":"https:\/\/regiaonews.net.br\/2022\/?p=106439"},"modified":"2024-06-17T19:46:56","modified_gmt":"2024-06-17T22:46:56","slug":"preparativos-para-festa-do-peao-de-barretos-cnar-promove-capacitacao-de-profissionais-de-saude-animal-no-parque-do-peao","status":"publish","type":"post","link":"https:\/\/regiaonews.net.br\/2022\/2024\/06\/17\/preparativos-para-festa-do-peao-de-barretos-cnar-promove-capacitacao-de-profissionais-de-saude-animal-no-parque-do-peao\/","title":{"rendered":"Preparativos para Festa do Pe\u00e3o de Barretos: CNAR promove capacita\u00e7\u00e3o de profissionais de sa\u00fade animal no Parque do Pe\u00e3o"},"content":{"rendered":"<p>&nbsp;<\/p>\n<p>Encontro acontece no Parque do Pe\u00e3o e contar\u00e1 com palestras sobre atua\u00e7\u00e3o em emerg\u00eancias, resgate e bem-estar animal no rodeio. Dr. Leonardo Castro \u00e9 confirmado como um dos palestrantes<\/p>\n<p>A Confedera\u00e7\u00e3o Nacional de Rodeio realiza nesta ter\u00e7a-feira, dia 18, palestras de capacita\u00e7\u00e3o para profissionais filiados \u00e0 entidade com foco no resgate t\u00e9cnico de equinos e touros em situa\u00e7\u00e3o de emerg\u00eancia; bem-estar animal e atua\u00e7\u00e3o do m\u00e9dico veterin\u00e1rio no rodeio. O encontro acontece a partir das 8h30 no Parque do Pe\u00e3o, em Barretos, e tamb\u00e9m integra os preparativos para a etapa do campeonato e atua\u00e7\u00e3o dos profissionais na Festa do Pe\u00e3o de Barretos, em agosto.<\/p>\n<p>De acordo Jos\u00e9 Alexandre Paiva, diretor executivo da CNAR, a finalidade da palestra \u00e9 atualizar profissionais envolvidos no rodeio para um melhor aux\u00edlio aos veterin\u00e1rios em caso de emerg\u00eancias com grandes animais. \u201cEssas palestras s\u00e3o importantes para compreens\u00e3o e entendimento de todos os profissionais envolvidos de como agir em caso de uma eventual necessidade de resgate de um animal, como tamb\u00e9m, o bem-estar no geral\u201d, explica.<\/p>\n<p>As palestras ser\u00e3o conduzidas pelos m\u00e9dicos veterin\u00e1rios, Leonardo Castro, professor universit\u00e1rio e respons\u00e1vel pela opera\u00e7\u00e3o de resgate t\u00e9cnico de grandes animais junto ao Corpo de Bombeiros nas enchentes do Rio Grande do Sul (retirada do cavalo caramelo que ficou ilhado em cima de um telhado em Canoas), e Cesar Vilela, m\u00e9dico veterin\u00e1rio junto ao TJSP e TJPR, e fundador do RodeoVet, que presta consultoria, assist\u00eancia t\u00e9cnica e responsabilidade t\u00e9cnica veterin\u00e1ria em atividades esportivas com a participa\u00e7\u00e3o de animais.<\/p>\n<p>\u201c\u00c9 a primeira vez em Barretos que a Confedera\u00e7\u00e3o Nacional de Rodeio realiza essa palestra e com a equipe de trabalho do Dr. Leonardo Castro, presente. Al\u00e9m de toda parte te\u00f3rica e conhecimento, haver\u00e1 uma demonstra\u00e7\u00e3o pr\u00e1tica com simula\u00e7\u00e3o na H\u00edpica do Parque do Pe\u00e3o\u201d, afirma Paiva.<\/p>\n<p>As inscri\u00e7\u00f5es das palestras de capacita\u00e7\u00e3o s\u00e3o gratuitas e ainda podem ser feitas pelo Whatsapp da CNAR: (17) 99152-1166.<\/p>\n","protected":false},"excerpt":{"rendered":"<p>&nbsp; Encontro acontece no Parque do Pe\u00e3o e contar\u00e1 com<\/p>\n","protected":false},"author":2,"featured_media":106440,"comment_status":"open","ping_status":"open","sticky":false,"template":"","format":"standard","meta":{"footnotes":""},"categories":[14,45],"tags":[],"class_list":["post-106439","post","type-post","status-publish","format-standard","has-post-thumbnail","hentry","category-barretos","category-festa-do-peao"],"yoast_head":"<!-- This site is optimized with the Yoast SEO plugin v27.4 - https:\/\/yoast.com\/product\/yoast-seo-wordpress\/ -->\n<title>Preparativos para Festa do Pe\u00e3o de Barretos: CNAR promove capacita\u00e7\u00e3o de profissionais de sa\u00fade animal no Parque do Pe\u00e3o - Regi\u00e3o News<\/title>\n<meta name=\"robots\" content=\"index, follow, max-snippet:-1, max-image-preview:large, max-video-preview:-1\" \/>\n<link rel=\"canonical\" href=\"https:\/\/regiaonews.net.br\/2022\/2024\/06\/17\/preparativos-para-festa-do-peao-de-barretos-cnar-promove-capacitacao-de-profissionais-de-saude-animal-no-parque-do-peao\/\" \/>\n<meta property=\"og:locale\" content=\"pt_BR\" \/>\n<meta property=\"og:type\" content=\"article\" \/>\n<meta property=\"og:title\" content=\"Preparativos para Festa do Pe\u00e3o de Barretos: CNAR promove capacita\u00e7\u00e3o de profissionais de sa\u00fade animal no Parque do Pe\u00e3o - Regi\u00e3o News\" \/>\n<meta property=\"og:description\" content=\"&nbsp; Encontro acontece no Parque do Pe\u00e3o e contar\u00e1 com\" \/>\n<meta property=\"og:url\" content=\"https:\/\/regiaonews.net.br\/2022\/2024\/06\/17\/preparativos-para-festa-do-peao-de-barretos-cnar-promove-capacitacao-de-profissionais-de-saude-animal-no-parque-do-peao\/\" \/>\n<meta property=\"og:site_name\" content=\"Regi\u00e3o News\" \/>\n<meta property=\"article:published_time\" content=\"2024-06-17T22:46:56+00:00\" \/>\n<meta property=\"og:image\" content=\"https:\/\/regiaonews.net.br\/2022\/wp-content\/uploads\/2024\/06\/WhatsApp-Image-2024-06-17-at-17.43.40.jpeg\" \/>\n\t<meta property=\"og:image:width\" content=\"1024\" \/>\n\t<meta property=\"og:image:height\" content=\"1280\" \/>\n\t<meta property=\"og:image:type\" content=\"image\/jpeg\" \/>\n<meta name=\"author\" content=\"Roberto\" \/>\n<meta name=\"twitter:card\" content=\"summary_large_image\" \/>\n<meta name=\"twitter:label1\" content=\"Escrito por\" \/>\n\t<meta name=\"twitter:data1\" content=\"Roberto\" \/>\n\t<meta name=\"twitter:label2\" content=\"Est. tempo de leitura\" \/>\n\t<meta name=\"twitter:data2\" content=\"2 minutos\" \/>\n<script type=\"application\/ld+json\" class=\"yoast-schema-graph\">{\"@context\":\"https:\\\/\\\/schema.org\",\"@graph\":[{\"@type\":\"Article\",\"@id\":\"https:\\\/\\\/regiaonews.net.br\\\/2022\\\/2024\\\/06\\\/17\\\/preparativos-para-festa-do-peao-de-barretos-cnar-promove-capacitacao-de-profissionais-de-saude-animal-no-parque-do-peao\\\/#article\",\"isPartOf\":{\"@id\":\"https:\\\/\\\/regiaonews.net.br\\\/2022\\\/2024\\\/06\\\/17\\\/preparativos-para-festa-do-peao-de-barretos-cnar-promove-capacitacao-de-profissionais-de-saude-animal-no-parque-do-peao\\\/\"},\"author\":{\"name\":\"Roberto\",\"@id\":\"https:\\\/\\\/regiaonews.net.br\\\/2022\\\/#\\\/schema\\\/person\\\/2d205a608a5aa97ac279d7a5e6d89ad8\"},\"headline\":\"Preparativos para Festa do Pe\u00e3o de Barretos: CNAR promove capacita\u00e7\u00e3o de profissionais de sa\u00fade animal no Parque do Pe\u00e3o\",\"datePublished\":\"2024-06-17T22:46:56+00:00\",\"mainEntityOfPage\":{\"@id\":\"https:\\\/\\\/regiaonews.net.br\\\/2022\\\/2024\\\/06\\\/17\\\/preparativos-para-festa-do-peao-de-barretos-cnar-promove-capacitacao-de-profissionais-de-saude-animal-no-parque-do-peao\\\/\"},\"wordCount\":379,\"commentCount\":0,\"publisher\":{\"@id\":\"https:\\\/\\\/regiaonews.net.br\\\/2022\\\/#organization\"},\"image\":{\"@id\":\"https:\\\/\\\/regiaonews.net.br\\\/2022\\\/2024\\\/06\\\/17\\\/preparativos-para-festa-do-peao-de-barretos-cnar-promove-capacitacao-de-profissionais-de-saude-animal-no-parque-do-peao\\\/#primaryimage\"},\"thumbnailUrl\":\"https:\\\/\\\/regiaonews.net.br\\\/2022\\\/wp-content\\\/uploads\\\/2024\\\/06\\\/WhatsApp-Image-2024-06-17-at-17.43.40.jpeg\",\"articleSection\":[\"Barretos\",\"Festa do Pe\u00e3o\"],\"inLanguage\":\"pt-BR\",\"potentialAction\":[{\"@type\":\"CommentAction\",\"name\":\"Comment\",\"target\":[\"https:\\\/\\\/regiaonews.net.br\\\/2022\\\/2024\\\/06\\\/17\\\/preparativos-para-festa-do-peao-de-barretos-cnar-promove-capacitacao-de-profissionais-de-saude-animal-no-parque-do-peao\\\/#respond\"]}]},{\"@type\":\"WebPage\",\"@id\":\"https:\\\/\\\/regiaonews.net.br\\\/2022\\\/2024\\\/06\\\/17\\\/preparativos-para-festa-do-peao-de-barretos-cnar-promove-capacitacao-de-profissionais-de-saude-animal-no-parque-do-peao\\\/\",\"url\":\"https:\\\/\\\/regiaonews.net.br\\\/2022\\\/2024\\\/06\\\/17\\\/preparativos-para-festa-do-peao-de-barretos-cnar-promove-capacitacao-de-profissionais-de-saude-animal-no-parque-do-peao\\\/\",\"name\":\"Preparativos para Festa do Pe\u00e3o de Barretos: CNAR promove capacita\u00e7\u00e3o de profissionais de sa\u00fade animal no Parque do Pe\u00e3o - Regi\u00e3o News\",\"isPartOf\":{\"@id\":\"https:\\\/\\\/regiaonews.net.br\\\/2022\\\/#website\"},\"primaryImageOfPage\":{\"@id\":\"https:\\\/\\\/regiaonews.net.br\\\/2022\\\/2024\\\/06\\\/17\\\/preparativos-para-festa-do-peao-de-barretos-cnar-promove-capacitacao-de-profissionais-de-saude-animal-no-parque-do-peao\\\/#primaryimage\"},\"image\":{\"@id\":\"https:\\\/\\\/regiaonews.net.br\\\/2022\\\/2024\\\/06\\\/17\\\/preparativos-para-festa-do-peao-de-barretos-cnar-promove-capacitacao-de-profissionais-de-saude-animal-no-parque-do-peao\\\/#primaryimage\"},\"thumbnailUrl\":\"https:\\\/\\\/regiaonews.net.br\\\/2022\\\/wp-content\\\/uploads\\\/2024\\\/06\\\/WhatsApp-Image-2024-06-17-at-17.43.40.jpeg\",\"datePublished\":\"2024-06-17T22:46:56+00:00\",\"breadcrumb\":{\"@id\":\"https:\\\/\\\/regiaonews.net.br\\\/2022\\\/2024\\\/06\\\/17\\\/preparativos-para-festa-do-peao-de-barretos-cnar-promove-capacitacao-de-profissionais-de-saude-animal-no-parque-do-peao\\\/#breadcrumb\"},\"inLanguage\":\"pt-BR\",\"potentialAction\":[{\"@type\":\"ReadAction\",\"target\":[\"https:\\\/\\\/regiaonews.net.br\\\/2022\\\/2024\\\/06\\\/17\\\/preparativos-para-festa-do-peao-de-barretos-cnar-promove-capacitacao-de-profissionais-de-saude-animal-no-parque-do-peao\\\/\"]}]},{\"@type\":\"ImageObject\",\"inLanguage\":\"pt-BR\",\"@id\":\"https:\\\/\\\/regiaonews.net.br\\\/2022\\\/2024\\\/06\\\/17\\\/preparativos-para-festa-do-peao-de-barretos-cnar-promove-capacitacao-de-profissionais-de-saude-animal-no-parque-do-peao\\\/#primaryimage\",\"url\":\"https:\\\/\\\/regiaonews.net.br\\\/2022\\\/wp-content\\\/uploads\\\/2024\\\/06\\\/WhatsApp-Image-2024-06-17-at-17.43.40.jpeg\",\"contentUrl\":\"https:\\\/\\\/regiaonews.net.br\\\/2022\\\/wp-content\\\/uploads\\\/2024\\\/06\\\/WhatsApp-Image-2024-06-17-at-17.43.40.jpeg\",\"width\":1024,\"height\":1280},{\"@type\":\"BreadcrumbList\",\"@id\":\"https:\\\/\\\/regiaonews.net.br\\\/2022\\\/2024\\\/06\\\/17\\\/preparativos-para-festa-do-peao-de-barretos-cnar-promove-capacitacao-de-profissionais-de-saude-animal-no-parque-do-peao\\\/#breadcrumb\",\"itemListElement\":[{\"@type\":\"ListItem\",\"position\":1,\"name\":\"In\u00edcio\",\"item\":\"https:\\\/\\\/regiaonews.net.br\\\/2022\\\/\"},{\"@type\":\"ListItem\",\"position\":2,\"name\":\"Preparativos para Festa do Pe\u00e3o de Barretos: CNAR promove capacita\u00e7\u00e3o de profissionais de sa\u00fade animal no Parque do Pe\u00e3o\"}]},{\"@type\":\"WebSite\",\"@id\":\"https:\\\/\\\/regiaonews.net.br\\\/2022\\\/#website\",\"url\":\"https:\\\/\\\/regiaonews.net.br\\\/2022\\\/\",\"name\":\"Regi\u00e3o News\",\"description\":\"Site de Not\u00edcias de Barretos e regi\u00e3o\",\"publisher\":{\"@id\":\"https:\\\/\\\/regiaonews.net.br\\\/2022\\\/#organization\"},\"potentialAction\":[{\"@type\":\"SearchAction\",\"target\":{\"@type\":\"EntryPoint\",\"urlTemplate\":\"https:\\\/\\\/regiaonews.net.br\\\/2022\\\/?s={search_term_string}\"},\"query-input\":{\"@type\":\"PropertyValueSpecification\",\"valueRequired\":true,\"valueName\":\"search_term_string\"}}],\"inLanguage\":\"pt-BR\"},{\"@type\":\"Organization\",\"@id\":\"https:\\\/\\\/regiaonews.net.br\\\/2022\\\/#organization\",\"name\":\"Regi\u00e3o News\",\"url\":\"https:\\\/\\\/regiaonews.net.br\\\/2022\\\/\",\"logo\":{\"@type\":\"ImageObject\",\"inLanguage\":\"pt-BR\",\"@id\":\"https:\\\/\\\/regiaonews.net.br\\\/2022\\\/#\\\/schema\\\/logo\\\/image\\\/\",\"url\":\"https:\\\/\\\/regiaonews.net.br\\\/2022\\\/wp-content\\\/uploads\\\/2026\\\/03\\\/regiao-13-anos-scaled.jpg\",\"contentUrl\":\"https:\\\/\\\/regiaonews.net.br\\\/2022\\\/wp-content\\\/uploads\\\/2026\\\/03\\\/regiao-13-anos-scaled.jpg\",\"width\":2560,\"height\":635,\"caption\":\"Regi\u00e3o News\"},\"image\":{\"@id\":\"https:\\\/\\\/regiaonews.net.br\\\/2022\\\/#\\\/schema\\\/logo\\\/image\\\/\"}},{\"@type\":\"Person\",\"@id\":\"https:\\\/\\\/regiaonews.net.br\\\/2022\\\/#\\\/schema\\\/person\\\/2d205a608a5aa97ac279d7a5e6d89ad8\",\"name\":\"Roberto\",\"image\":{\"@type\":\"ImageObject\",\"inLanguage\":\"pt-BR\",\"@id\":\"https:\\\/\\\/secure.gravatar.com\\\/avatar\\\/42749d8b712ff9d59ca93dc150494e5b55a44134482993f5baeb97e61b7ecc89?s=96&d=mm&r=g\",\"url\":\"https:\\\/\\\/secure.gravatar.com\\\/avatar\\\/42749d8b712ff9d59ca93dc150494e5b55a44134482993f5baeb97e61b7ecc89?s=96&d=mm&r=g\",\"contentUrl\":\"https:\\\/\\\/secure.gravatar.com\\\/avatar\\\/42749d8b712ff9d59ca93dc150494e5b55a44134482993f5baeb97e61b7ecc89?s=96&d=mm&r=g\",\"caption\":\"Roberto\"},\"url\":\"https:\\\/\\\/regiaonews.net.br\\\/2022\\\/author\\\/roberto\\\/\"}]}<\/script>\n<!-- \/ Yoast SEO plugin. -->","yoast_head_json":{"title":"Preparativos para Festa do Pe\u00e3o de Barretos: CNAR promove capacita\u00e7\u00e3o de profissionais de sa\u00fade animal no Parque do Pe\u00e3o - Regi\u00e3o News","robots":{"index":"index","follow":"follow","max-snippet":"max-snippet:-1","max-image-preview":"max-image-preview:large","max-video-preview":"max-video-preview:-1"},"canonical":"https:\/\/regiaonews.net.br\/2022\/2024\/06\/17\/preparativos-para-festa-do-peao-de-barretos-cnar-promove-capacitacao-de-profissionais-de-saude-animal-no-parque-do-peao\/","og_locale":"pt_BR","og_type":"article","og_title":"Preparativos para Festa do Pe\u00e3o de Barretos: CNAR promove capacita\u00e7\u00e3o de profissionais de sa\u00fade animal no Parque do Pe\u00e3o - Regi\u00e3o News","og_description":"&nbsp; Encontro acontece no Parque do Pe\u00e3o e contar\u00e1 com","og_url":"https:\/\/regiaonews.net.br\/2022\/2024\/06\/17\/preparativos-para-festa-do-peao-de-barretos-cnar-promove-capacitacao-de-profissionais-de-saude-animal-no-parque-do-peao\/","og_site_name":"Regi\u00e3o News","article_published_time":"2024-06-17T22:46:56+00:00","og_image":[{"width":1024,"height":1280,"url":"https:\/\/regiaonews.net.br\/2022\/wp-content\/uploads\/2024\/06\/WhatsApp-Image-2024-06-17-at-17.43.40.jpeg","type":"image\/jpeg"}],"author":"Roberto","twitter_card":"summary_large_image","twitter_misc":{"Escrito por":"Roberto","Est. tempo de leitura":"2 minutos"},"schema":{"@context":"https:\/\/schema.org","@graph":[{"@type":"Article","@id":"https:\/\/regiaonews.net.br\/2022\/2024\/06\/17\/preparativos-para-festa-do-peao-de-barretos-cnar-promove-capacitacao-de-profissionais-de-saude-animal-no-parque-do-peao\/#article","isPartOf":{"@id":"https:\/\/regiaonews.net.br\/2022\/2024\/06\/17\/preparativos-para-festa-do-peao-de-barretos-cnar-promove-capacitacao-de-profissionais-de-saude-animal-no-parque-do-peao\/"},"author":{"name":"Roberto","@id":"https:\/\/regiaonews.net.br\/2022\/#\/schema\/person\/2d205a608a5aa97ac279d7a5e6d89ad8"},"headline":"Preparativos para Festa do Pe\u00e3o de Barretos: CNAR promove capacita\u00e7\u00e3o de profissionais de sa\u00fade animal no Parque do Pe\u00e3o","datePublished":"2024-06-17T22:46:56+00:00","mainEntityOfPage":{"@id":"https:\/\/regiaonews.net.br\/2022\/2024\/06\/17\/preparativos-para-festa-do-peao-de-barretos-cnar-promove-capacitacao-de-profissionais-de-saude-animal-no-parque-do-peao\/"},"wordCount":379,"commentCount":0,"publisher":{"@id":"https:\/\/regiaonews.net.br\/2022\/#organization"},"image":{"@id":"https:\/\/regiaonews.net.br\/2022\/2024\/06\/17\/preparativos-para-festa-do-peao-de-barretos-cnar-promove-capacitacao-de-profissionais-de-saude-animal-no-parque-do-peao\/#primaryimage"},"thumbnailUrl":"https:\/\/regiaonews.net.br\/2022\/wp-content\/uploads\/2024\/06\/WhatsApp-Image-2024-06-17-at-17.43.40.jpeg","articleSection":["Barretos","Festa do Pe\u00e3o"],"inLanguage":"pt-BR","potentialAction":[{"@type":"CommentAction","name":"Comment","target":["https:\/\/regiaonews.net.br\/2022\/2024\/06\/17\/preparativos-para-festa-do-peao-de-barretos-cnar-promove-capacitacao-de-profissionais-de-saude-animal-no-parque-do-peao\/#respond"]}]},{"@type":"WebPage","@id":"https:\/\/regiaonews.net.br\/2022\/2024\/06\/17\/preparativos-para-festa-do-peao-de-barretos-cnar-promove-capacitacao-de-profissionais-de-saude-animal-no-parque-do-peao\/","url":"https:\/\/regiaonews.net.br\/2022\/2024\/06\/17\/preparativos-para-festa-do-peao-de-barretos-cnar-promove-capacitacao-de-profissionais-de-saude-animal-no-parque-do-peao\/","name":"Preparativos para Festa do Pe\u00e3o de Barretos: CNAR promove capacita\u00e7\u00e3o de profissionais de sa\u00fade animal no Parque do Pe\u00e3o - Regi\u00e3o News","isPartOf":{"@id":"https:\/\/regiaonews.net.br\/2022\/#website"},"primaryImageOfPage":{"@id":"https:\/\/regiaonews.net.br\/2022\/2024\/06\/17\/preparativos-para-festa-do-peao-de-barretos-cnar-promove-capacitacao-de-profissionais-de-saude-animal-no-parque-do-peao\/#primaryimage"},"image":{"@id":"https:\/\/regiaonews.net.br\/2022\/2024\/06\/17\/preparativos-para-festa-do-peao-de-barretos-cnar-promove-capacitacao-de-profissionais-de-saude-animal-no-parque-do-peao\/#primaryimage"},"thumbnailUrl":"https:\/\/regiaonews.net.br\/2022\/wp-content\/uploads\/2024\/06\/WhatsApp-Image-2024-06-17-at-17.43.40.jpeg","datePublished":"2024-06-17T22:46:56+00:00","breadcrumb":{"@id":"https:\/\/regiaonews.net.br\/2022\/2024\/06\/17\/preparativos-para-festa-do-peao-de-barretos-cnar-promove-capacitacao-de-profissionais-de-saude-animal-no-parque-do-peao\/#breadcrumb"},"inLanguage":"pt-BR","potentialAction":[{"@type":"ReadAction","target":["https:\/\/regiaonews.net.br\/2022\/2024\/06\/17\/preparativos-para-festa-do-peao-de-barretos-cnar-promove-capacitacao-de-profissionais-de-saude-animal-no-parque-do-peao\/"]}]},{"@type":"ImageObject","inLanguage":"pt-BR","@id":"https:\/\/regiaonews.net.br\/2022\/2024\/06\/17\/preparativos-para-festa-do-peao-de-barretos-cnar-promove-capacitacao-de-profissionais-de-saude-animal-no-parque-do-peao\/#primaryimage","url":"https:\/\/regiaonews.net.br\/2022\/wp-content\/uploads\/2024\/06\/WhatsApp-Image-2024-06-17-at-17.43.40.jpeg","contentUrl":"https:\/\/regiaonews.net.br\/2022\/wp-content\/uploads\/2024\/06\/WhatsApp-Image-2024-06-17-at-17.43.40.jpeg","width":1024,"height":1280},{"@type":"BreadcrumbList","@id":"https:\/\/regiaonews.net.br\/2022\/2024\/06\/17\/preparativos-para-festa-do-peao-de-barretos-cnar-promove-capacitacao-de-profissionais-de-saude-animal-no-parque-do-peao\/#breadcrumb","itemListElement":[{"@type":"ListItem","position":1,"name":"In\u00edcio","item":"https:\/\/regiaonews.net.br\/2022\/"},{"@type":"ListItem","position":2,"name":"Preparativos para Festa do Pe\u00e3o de Barretos: CNAR promove capacita\u00e7\u00e3o de profissionais de sa\u00fade animal no Parque do Pe\u00e3o"}]},{"@type":"WebSite","@id":"https:\/\/regiaonews.net.br\/2022\/#website","url":"https:\/\/regiaonews.net.br\/2022\/","name":"Regi\u00e3o News","description":"Site de Not\u00edcias de Barretos e regi\u00e3o","publisher":{"@id":"https:\/\/regiaonews.net.br\/2022\/#organization"},"potentialAction":[{"@type":"SearchAction","target":{"@type":"EntryPoint","urlTemplate":"https:\/\/regiaonews.net.br\/2022\/?s={search_term_string}"},"query-input":{"@type":"PropertyValueSpecification","valueRequired":true,"valueName":"search_term_string"}}],"inLanguage":"pt-BR"},{"@type":"Organization","@id":"https:\/\/regiaonews.net.br\/2022\/#organization","name":"Regi\u00e3o News","url":"https:\/\/regiaonews.net.br\/2022\/","logo":{"@type":"ImageObject","inLanguage":"pt-BR","@id":"https:\/\/regiaonews.net.br\/2022\/#\/schema\/logo\/image\/","url":"https:\/\/regiaonews.net.br\/2022\/wp-content\/uploads\/2026\/03\/regiao-13-anos-scaled.jpg","contentUrl":"https:\/\/regiaonews.net.br\/2022\/wp-content\/uploads\/2026\/03\/regiao-13-anos-scaled.jpg","width":2560,"height":635,"caption":"Regi\u00e3o News"},"image":{"@id":"https:\/\/regiaonews.net.br\/2022\/#\/schema\/logo\/image\/"}},{"@type":"Person","@id":"https:\/\/regiaonews.net.br\/2022\/#\/schema\/person\/2d205a608a5aa97ac279d7a5e6d89ad8","name":"Roberto","image":{"@type":"ImageObject","inLanguage":"pt-BR","@id":"https:\/\/secure.gravatar.com\/avatar\/42749d8b712ff9d59ca93dc150494e5b55a44134482993f5baeb97e61b7ecc89?s=96&d=mm&r=g","url":"https:\/\/secure.gravatar.com\/avatar\/42749d8b712ff9d59ca93dc150494e5b55a44134482993f5baeb97e61b7ecc89?s=96&d=mm&r=g","contentUrl":"https:\/\/secure.gravatar.com\/avatar\/42749d8b712ff9d59ca93dc150494e5b55a44134482993f5baeb97e61b7ecc89?s=96&d=mm&r=g","caption":"Roberto"},"url":"https:\/\/regiaonews.net.br\/2022\/author\/roberto\/"}]}},"publishpress_future_action":{"enabled":false,"date":"2026-05-03 07:21:41","action":"change-status","newStatus":"draft","terms":[],"taxonomy":"category","extraData":[]},"publishpress_future_workflow_manual_trigger":{"enabledWorkflows":[]},"_links":{"self":[{"href":"https:\/\/regiaonews.net.br\/2022\/wp-json\/wp\/v2\/posts\/106439","targetHints":{"allow":["GET"]}}],"collection":[{"href":"https:\/\/regiaonews.net.br\/2022\/wp-json\/wp\/v2\/posts"}],"about":[{"href":"https:\/\/regiaonews.net.br\/2022\/wp-json\/wp\/v2\/types\/post"}],"author":[{"embeddable":true,"href":"https:\/\/regiaonews.net.br\/2022\/wp-json\/wp\/v2\/users\/2"}],"replies":[{"embeddable":true,"href":"https:\/\/regiaonews.net.br\/2022\/wp-json\/wp\/v2\/comments?post=106439"}],"version-history":[{"count":1,"href":"https:\/\/regiaonews.net.br\/2022\/wp-json\/wp\/v2\/posts\/106439\/revisions"}],"predecessor-version":[{"id":106441,"href":"https:\/\/regiaonews.net.br\/2022\/wp-json\/wp\/v2\/posts\/106439\/revisions\/106441"}],"wp:featuredmedia":[{"embeddable":true,"href":"https:\/\/regiaonews.net.br\/2022\/wp-json\/wp\/v2\/media\/106440"}],"wp:attachment":[{"href":"https:\/\/regiaonews.net.br\/2022\/wp-json\/wp\/v2\/media?parent=106439"}],"wp:term":[{"taxonomy":"category","embeddable":true,"href":"https:\/\/regiaonews.net.br\/2022\/wp-json\/wp\/v2\/categories?post=106439"},{"taxonomy":"post_tag","embeddable":true,"href":"https:\/\/regiaonews.net.br\/2022\/wp-json\/wp\/v2\/tags?post=106439"}],"curies":[{"name":"wp","href":"https:\/\/api.w.org\/{rel}","templated":true}]}}