{"id":106430,"date":"2024-06-17T16:07:33","date_gmt":"2024-06-17T19:07:33","guid":{"rendered":"https:\/\/regiaonews.net.br\/2022\/?p=106430"},"modified":"2024-06-18T13:07:46","modified_gmt":"2024-06-18T16:07:46","slug":"policiamento-rodoviario-prende-um-individuo-pelo-crime-de-trafico-de-drogas-em-araraquara","status":"publish","type":"post","link":"https:\/\/regiaonews.net.br\/2022\/2024\/06\/17\/policiamento-rodoviario-prende-um-individuo-pelo-crime-de-trafico-de-drogas-em-araraquara\/","title":{"rendered":"Pol\u00edcia Rodovi\u00e1ria prende indiv\u00edduo por crime de tr\u00e1fico de drogas"},"content":{"rendered":"<h3 style=\"text-align: center;\">Na madrugada desta segunda-feira (17), um homem foi preso pelo Policiamento Rodovi\u00e1rio pelo crime de tr\u00e1fico de drogas em Araraquara.<\/h3>\n<p>Policiais do 3\u00b0 Batalh\u00e3o de Pol\u00edcia Rodovi\u00e1ria realizavam o patrulhamento em um posto de combust\u00edveis localizado no quil\u00f4metro 277 da Rodovia Washington Lu\u00eds e visualizaram um homem que caminhava pr\u00f3ximo a uma motocicleta que estava estacionada pelo p\u00e1tio e ao avistar a viatura policial se virou rapidamente de costas para a equipe. Diante da situa\u00e7\u00e3o que causou estranheza, os policiais procederam com a abordagem ao indiv\u00edduo.<\/p>\n<p>Na entrevista, o homem declarou ser o propriet\u00e1rio da motocicleta. Durante a busca veicular, os policiais localizaram uma mochila no ve\u00edculo contendo v\u00e1rias por\u00e7\u00f5es de drogas e dois mini celulares envoltos em pl\u00e1stico.<\/p>\n<p>O indiv\u00edduo alegou que pegou as drogas no munic\u00edpio de Dois C\u00f3rregos-SP e estava transportando at\u00e9 a cidade de Jaboticabal-SP, e receberia a quantia de R$: 1.000,00 (um mil reais) pelo transporte.<\/p>\n<p>Diante do crime, o abordado foi encaminhado para o Plant\u00e3o Policial Civil de Araraquara, onde permaneceu preso.<\/p>\n<p>Pol\u00edcia Militar. Rumo aos 200 anos. Vamos todos juntos. Ningu\u00e9m fica\u00a0para\u00a0tr\u00e1s.<\/p>\n","protected":false},"excerpt":{"rendered":"<p>Na madrugada desta segunda-feira (17), um homem foi preso pelo<\/p>\n","protected":false},"author":2,"featured_media":106431,"comment_status":"open","ping_status":"open","sticky":false,"template":"","format":"standard","meta":{"footnotes":""},"categories":[77,23],"tags":[],"class_list":["post-106430","post","type-post","status-publish","format-standard","has-post-thumbnail","hentry","category-araraquara","category-policia"],"yoast_head":"<!-- This site is optimized with the Yoast SEO plugin v27.4 - https:\/\/yoast.com\/product\/yoast-seo-wordpress\/ -->\n<title>Pol\u00edcia Rodovi\u00e1ria prende indiv\u00edduo por crime de tr\u00e1fico de drogas - Regi\u00e3o News<\/title>\n<meta name=\"robots\" content=\"index, follow, max-snippet:-1, max-image-preview:large, max-video-preview:-1\" \/>\n<link rel=\"canonical\" href=\"https:\/\/regiaonews.net.br\/2022\/2024\/06\/17\/policiamento-rodoviario-prende-um-individuo-pelo-crime-de-trafico-de-drogas-em-araraquara\/\" \/>\n<meta property=\"og:locale\" content=\"pt_BR\" \/>\n<meta property=\"og:type\" content=\"article\" \/>\n<meta property=\"og:title\" content=\"Pol\u00edcia Rodovi\u00e1ria prende indiv\u00edduo por crime de tr\u00e1fico de drogas - Regi\u00e3o News\" \/>\n<meta property=\"og:description\" content=\"Na madrugada desta segunda-feira (17), um homem foi preso pelo\" \/>\n<meta property=\"og:url\" content=\"https:\/\/regiaonews.net.br\/2022\/2024\/06\/17\/policiamento-rodoviario-prende-um-individuo-pelo-crime-de-trafico-de-drogas-em-araraquara\/\" \/>\n<meta property=\"og:site_name\" content=\"Regi\u00e3o News\" \/>\n<meta property=\"article:published_time\" content=\"2024-06-17T19:07:33+00:00\" \/>\n<meta property=\"article:modified_time\" content=\"2024-06-18T16:07:46+00:00\" \/>\n<meta property=\"og:image\" content=\"https:\/\/regiaonews.net.br\/2022\/wp-content\/uploads\/2024\/06\/Imagem-do-WhatsApp-de-2024-06-17-as-14.45.00_52984cc4.jpg\" \/>\n\t<meta property=\"og:image:width\" content=\"1152\" \/>\n\t<meta property=\"og:image:height\" content=\"648\" \/>\n\t<meta property=\"og:image:type\" content=\"image\/jpeg\" \/>\n<meta name=\"author\" content=\"Roberto\" \/>\n<meta name=\"twitter:card\" content=\"summary_large_image\" \/>\n<meta name=\"twitter:label1\" content=\"Escrito por\" \/>\n\t<meta name=\"twitter:data1\" content=\"Roberto\" \/>\n\t<meta name=\"twitter:label2\" content=\"Est. tempo de leitura\" \/>\n\t<meta name=\"twitter:data2\" content=\"2 minutos\" \/>\n<script type=\"application\/ld+json\" class=\"yoast-schema-graph\">{\"@context\":\"https:\\\/\\\/schema.org\",\"@graph\":[{\"@type\":\"Article\",\"@id\":\"https:\\\/\\\/regiaonews.net.br\\\/2022\\\/2024\\\/06\\\/17\\\/policiamento-rodoviario-prende-um-individuo-pelo-crime-de-trafico-de-drogas-em-araraquara\\\/#article\",\"isPartOf\":{\"@id\":\"https:\\\/\\\/regiaonews.net.br\\\/2022\\\/2024\\\/06\\\/17\\\/policiamento-rodoviario-prende-um-individuo-pelo-crime-de-trafico-de-drogas-em-araraquara\\\/\"},\"author\":{\"name\":\"Roberto\",\"@id\":\"https:\\\/\\\/regiaonews.net.br\\\/2022\\\/#\\\/schema\\\/person\\\/2d205a608a5aa97ac279d7a5e6d89ad8\"},\"headline\":\"Pol\u00edcia Rodovi\u00e1ria prende indiv\u00edduo por crime de tr\u00e1fico de drogas\",\"datePublished\":\"2024-06-17T19:07:33+00:00\",\"dateModified\":\"2024-06-18T16:07:46+00:00\",\"mainEntityOfPage\":{\"@id\":\"https:\\\/\\\/regiaonews.net.br\\\/2022\\\/2024\\\/06\\\/17\\\/policiamento-rodoviario-prende-um-individuo-pelo-crime-de-trafico-de-drogas-em-araraquara\\\/\"},\"wordCount\":214,\"commentCount\":0,\"publisher\":{\"@id\":\"https:\\\/\\\/regiaonews.net.br\\\/2022\\\/#organization\"},\"image\":{\"@id\":\"https:\\\/\\\/regiaonews.net.br\\\/2022\\\/2024\\\/06\\\/17\\\/policiamento-rodoviario-prende-um-individuo-pelo-crime-de-trafico-de-drogas-em-araraquara\\\/#primaryimage\"},\"thumbnailUrl\":\"https:\\\/\\\/regiaonews.net.br\\\/2022\\\/wp-content\\\/uploads\\\/2024\\\/06\\\/Imagem-do-WhatsApp-de-2024-06-17-as-14.45.00_52984cc4.jpg\",\"articleSection\":[\"Araraquara\",\"Policia\"],\"inLanguage\":\"pt-BR\",\"potentialAction\":[{\"@type\":\"CommentAction\",\"name\":\"Comment\",\"target\":[\"https:\\\/\\\/regiaonews.net.br\\\/2022\\\/2024\\\/06\\\/17\\\/policiamento-rodoviario-prende-um-individuo-pelo-crime-de-trafico-de-drogas-em-araraquara\\\/#respond\"]}]},{\"@type\":\"WebPage\",\"@id\":\"https:\\\/\\\/regiaonews.net.br\\\/2022\\\/2024\\\/06\\\/17\\\/policiamento-rodoviario-prende-um-individuo-pelo-crime-de-trafico-de-drogas-em-araraquara\\\/\",\"url\":\"https:\\\/\\\/regiaonews.net.br\\\/2022\\\/2024\\\/06\\\/17\\\/policiamento-rodoviario-prende-um-individuo-pelo-crime-de-trafico-de-drogas-em-araraquara\\\/\",\"name\":\"Pol\u00edcia Rodovi\u00e1ria prende indiv\u00edduo por crime de tr\u00e1fico de drogas - Regi\u00e3o News\",\"isPartOf\":{\"@id\":\"https:\\\/\\\/regiaonews.net.br\\\/2022\\\/#website\"},\"primaryImageOfPage\":{\"@id\":\"https:\\\/\\\/regiaonews.net.br\\\/2022\\\/2024\\\/06\\\/17\\\/policiamento-rodoviario-prende-um-individuo-pelo-crime-de-trafico-de-drogas-em-araraquara\\\/#primaryimage\"},\"image\":{\"@id\":\"https:\\\/\\\/regiaonews.net.br\\\/2022\\\/2024\\\/06\\\/17\\\/policiamento-rodoviario-prende-um-individuo-pelo-crime-de-trafico-de-drogas-em-araraquara\\\/#primaryimage\"},\"thumbnailUrl\":\"https:\\\/\\\/regiaonews.net.br\\\/2022\\\/wp-content\\\/uploads\\\/2024\\\/06\\\/Imagem-do-WhatsApp-de-2024-06-17-as-14.45.00_52984cc4.jpg\",\"datePublished\":\"2024-06-17T19:07:33+00:00\",\"dateModified\":\"2024-06-18T16:07:46+00:00\",\"breadcrumb\":{\"@id\":\"https:\\\/\\\/regiaonews.net.br\\\/2022\\\/2024\\\/06\\\/17\\\/policiamento-rodoviario-prende-um-individuo-pelo-crime-de-trafico-de-drogas-em-araraquara\\\/#breadcrumb\"},\"inLanguage\":\"pt-BR\",\"potentialAction\":[{\"@type\":\"ReadAction\",\"target\":[\"https:\\\/\\\/regiaonews.net.br\\\/2022\\\/2024\\\/06\\\/17\\\/policiamento-rodoviario-prende-um-individuo-pelo-crime-de-trafico-de-drogas-em-araraquara\\\/\"]}]},{\"@type\":\"ImageObject\",\"inLanguage\":\"pt-BR\",\"@id\":\"https:\\\/\\\/regiaonews.net.br\\\/2022\\\/2024\\\/06\\\/17\\\/policiamento-rodoviario-prende-um-individuo-pelo-crime-de-trafico-de-drogas-em-araraquara\\\/#primaryimage\",\"url\":\"https:\\\/\\\/regiaonews.net.br\\\/2022\\\/wp-content\\\/uploads\\\/2024\\\/06\\\/Imagem-do-WhatsApp-de-2024-06-17-as-14.45.00_52984cc4.jpg\",\"contentUrl\":\"https:\\\/\\\/regiaonews.net.br\\\/2022\\\/wp-content\\\/uploads\\\/2024\\\/06\\\/Imagem-do-WhatsApp-de-2024-06-17-as-14.45.00_52984cc4.jpg\",\"width\":1152,\"height\":648},{\"@type\":\"BreadcrumbList\",\"@id\":\"https:\\\/\\\/regiaonews.net.br\\\/2022\\\/2024\\\/06\\\/17\\\/policiamento-rodoviario-prende-um-individuo-pelo-crime-de-trafico-de-drogas-em-araraquara\\\/#breadcrumb\",\"itemListElement\":[{\"@type\":\"ListItem\",\"position\":1,\"name\":\"In\u00edcio\",\"item\":\"https:\\\/\\\/regiaonews.net.br\\\/2022\\\/\"},{\"@type\":\"ListItem\",\"position\":2,\"name\":\"Pol\u00edcia Rodovi\u00e1ria prende indiv\u00edduo por crime de tr\u00e1fico de drogas\"}]},{\"@type\":\"WebSite\",\"@id\":\"https:\\\/\\\/regiaonews.net.br\\\/2022\\\/#website\",\"url\":\"https:\\\/\\\/regiaonews.net.br\\\/2022\\\/\",\"name\":\"Regi\u00e3o News\",\"description\":\"Site de Not\u00edcias de Barretos e regi\u00e3o\",\"publisher\":{\"@id\":\"https:\\\/\\\/regiaonews.net.br\\\/2022\\\/#organization\"},\"potentialAction\":[{\"@type\":\"SearchAction\",\"target\":{\"@type\":\"EntryPoint\",\"urlTemplate\":\"https:\\\/\\\/regiaonews.net.br\\\/2022\\\/?s={search_term_string}\"},\"query-input\":{\"@type\":\"PropertyValueSpecification\",\"valueRequired\":true,\"valueName\":\"search_term_string\"}}],\"inLanguage\":\"pt-BR\"},{\"@type\":\"Organization\",\"@id\":\"https:\\\/\\\/regiaonews.net.br\\\/2022\\\/#organization\",\"name\":\"Regi\u00e3o News\",\"url\":\"https:\\\/\\\/regiaonews.net.br\\\/2022\\\/\",\"logo\":{\"@type\":\"ImageObject\",\"inLanguage\":\"pt-BR\",\"@id\":\"https:\\\/\\\/regiaonews.net.br\\\/2022\\\/#\\\/schema\\\/logo\\\/image\\\/\",\"url\":\"https:\\\/\\\/regiaonews.net.br\\\/2022\\\/wp-content\\\/uploads\\\/2026\\\/03\\\/regiao-13-anos-scaled.jpg\",\"contentUrl\":\"https:\\\/\\\/regiaonews.net.br\\\/2022\\\/wp-content\\\/uploads\\\/2026\\\/03\\\/regiao-13-anos-scaled.jpg\",\"width\":2560,\"height\":635,\"caption\":\"Regi\u00e3o News\"},\"image\":{\"@id\":\"https:\\\/\\\/regiaonews.net.br\\\/2022\\\/#\\\/schema\\\/logo\\\/image\\\/\"}},{\"@type\":\"Person\",\"@id\":\"https:\\\/\\\/regiaonews.net.br\\\/2022\\\/#\\\/schema\\\/person\\\/2d205a608a5aa97ac279d7a5e6d89ad8\",\"name\":\"Roberto\",\"image\":{\"@type\":\"ImageObject\",\"inLanguage\":\"pt-BR\",\"@id\":\"https:\\\/\\\/secure.gravatar.com\\\/avatar\\\/42749d8b712ff9d59ca93dc150494e5b55a44134482993f5baeb97e61b7ecc89?s=96&d=mm&r=g\",\"url\":\"https:\\\/\\\/secure.gravatar.com\\\/avatar\\\/42749d8b712ff9d59ca93dc150494e5b55a44134482993f5baeb97e61b7ecc89?s=96&d=mm&r=g\",\"contentUrl\":\"https:\\\/\\\/secure.gravatar.com\\\/avatar\\\/42749d8b712ff9d59ca93dc150494e5b55a44134482993f5baeb97e61b7ecc89?s=96&d=mm&r=g\",\"caption\":\"Roberto\"},\"url\":\"https:\\\/\\\/regiaonews.net.br\\\/2022\\\/author\\\/roberto\\\/\"}]}<\/script>\n<!-- \/ Yoast SEO plugin. -->","yoast_head_json":{"title":"Pol\u00edcia Rodovi\u00e1ria prende indiv\u00edduo por crime de tr\u00e1fico de drogas - Regi\u00e3o News","robots":{"index":"index","follow":"follow","max-snippet":"max-snippet:-1","max-image-preview":"max-image-preview:large","max-video-preview":"max-video-preview:-1"},"canonical":"https:\/\/regiaonews.net.br\/2022\/2024\/06\/17\/policiamento-rodoviario-prende-um-individuo-pelo-crime-de-trafico-de-drogas-em-araraquara\/","og_locale":"pt_BR","og_type":"article","og_title":"Pol\u00edcia Rodovi\u00e1ria prende indiv\u00edduo por crime de tr\u00e1fico de drogas - Regi\u00e3o News","og_description":"Na madrugada desta segunda-feira (17), um homem foi preso pelo","og_url":"https:\/\/regiaonews.net.br\/2022\/2024\/06\/17\/policiamento-rodoviario-prende-um-individuo-pelo-crime-de-trafico-de-drogas-em-araraquara\/","og_site_name":"Regi\u00e3o News","article_published_time":"2024-06-17T19:07:33+00:00","article_modified_time":"2024-06-18T16:07:46+00:00","og_image":[{"width":1152,"height":648,"url":"https:\/\/regiaonews.net.br\/2022\/wp-content\/uploads\/2024\/06\/Imagem-do-WhatsApp-de-2024-06-17-as-14.45.00_52984cc4.jpg","type":"image\/jpeg"}],"author":"Roberto","twitter_card":"summary_large_image","twitter_misc":{"Escrito por":"Roberto","Est. tempo de leitura":"2 minutos"},"schema":{"@context":"https:\/\/schema.org","@graph":[{"@type":"Article","@id":"https:\/\/regiaonews.net.br\/2022\/2024\/06\/17\/policiamento-rodoviario-prende-um-individuo-pelo-crime-de-trafico-de-drogas-em-araraquara\/#article","isPartOf":{"@id":"https:\/\/regiaonews.net.br\/2022\/2024\/06\/17\/policiamento-rodoviario-prende-um-individuo-pelo-crime-de-trafico-de-drogas-em-araraquara\/"},"author":{"name":"Roberto","@id":"https:\/\/regiaonews.net.br\/2022\/#\/schema\/person\/2d205a608a5aa97ac279d7a5e6d89ad8"},"headline":"Pol\u00edcia Rodovi\u00e1ria prende indiv\u00edduo por crime de tr\u00e1fico de drogas","datePublished":"2024-06-17T19:07:33+00:00","dateModified":"2024-06-18T16:07:46+00:00","mainEntityOfPage":{"@id":"https:\/\/regiaonews.net.br\/2022\/2024\/06\/17\/policiamento-rodoviario-prende-um-individuo-pelo-crime-de-trafico-de-drogas-em-araraquara\/"},"wordCount":214,"commentCount":0,"publisher":{"@id":"https:\/\/regiaonews.net.br\/2022\/#organization"},"image":{"@id":"https:\/\/regiaonews.net.br\/2022\/2024\/06\/17\/policiamento-rodoviario-prende-um-individuo-pelo-crime-de-trafico-de-drogas-em-araraquara\/#primaryimage"},"thumbnailUrl":"https:\/\/regiaonews.net.br\/2022\/wp-content\/uploads\/2024\/06\/Imagem-do-WhatsApp-de-2024-06-17-as-14.45.00_52984cc4.jpg","articleSection":["Araraquara","Policia"],"inLanguage":"pt-BR","potentialAction":[{"@type":"CommentAction","name":"Comment","target":["https:\/\/regiaonews.net.br\/2022\/2024\/06\/17\/policiamento-rodoviario-prende-um-individuo-pelo-crime-de-trafico-de-drogas-em-araraquara\/#respond"]}]},{"@type":"WebPage","@id":"https:\/\/regiaonews.net.br\/2022\/2024\/06\/17\/policiamento-rodoviario-prende-um-individuo-pelo-crime-de-trafico-de-drogas-em-araraquara\/","url":"https:\/\/regiaonews.net.br\/2022\/2024\/06\/17\/policiamento-rodoviario-prende-um-individuo-pelo-crime-de-trafico-de-drogas-em-araraquara\/","name":"Pol\u00edcia Rodovi\u00e1ria prende indiv\u00edduo por crime de tr\u00e1fico de drogas - Regi\u00e3o News","isPartOf":{"@id":"https:\/\/regiaonews.net.br\/2022\/#website"},"primaryImageOfPage":{"@id":"https:\/\/regiaonews.net.br\/2022\/2024\/06\/17\/policiamento-rodoviario-prende-um-individuo-pelo-crime-de-trafico-de-drogas-em-araraquara\/#primaryimage"},"image":{"@id":"https:\/\/regiaonews.net.br\/2022\/2024\/06\/17\/policiamento-rodoviario-prende-um-individuo-pelo-crime-de-trafico-de-drogas-em-araraquara\/#primaryimage"},"thumbnailUrl":"https:\/\/regiaonews.net.br\/2022\/wp-content\/uploads\/2024\/06\/Imagem-do-WhatsApp-de-2024-06-17-as-14.45.00_52984cc4.jpg","datePublished":"2024-06-17T19:07:33+00:00","dateModified":"2024-06-18T16:07:46+00:00","breadcrumb":{"@id":"https:\/\/regiaonews.net.br\/2022\/2024\/06\/17\/policiamento-rodoviario-prende-um-individuo-pelo-crime-de-trafico-de-drogas-em-araraquara\/#breadcrumb"},"inLanguage":"pt-BR","potentialAction":[{"@type":"ReadAction","target":["https:\/\/regiaonews.net.br\/2022\/2024\/06\/17\/policiamento-rodoviario-prende-um-individuo-pelo-crime-de-trafico-de-drogas-em-araraquara\/"]}]},{"@type":"ImageObject","inLanguage":"pt-BR","@id":"https:\/\/regiaonews.net.br\/2022\/2024\/06\/17\/policiamento-rodoviario-prende-um-individuo-pelo-crime-de-trafico-de-drogas-em-araraquara\/#primaryimage","url":"https:\/\/regiaonews.net.br\/2022\/wp-content\/uploads\/2024\/06\/Imagem-do-WhatsApp-de-2024-06-17-as-14.45.00_52984cc4.jpg","contentUrl":"https:\/\/regiaonews.net.br\/2022\/wp-content\/uploads\/2024\/06\/Imagem-do-WhatsApp-de-2024-06-17-as-14.45.00_52984cc4.jpg","width":1152,"height":648},{"@type":"BreadcrumbList","@id":"https:\/\/regiaonews.net.br\/2022\/2024\/06\/17\/policiamento-rodoviario-prende-um-individuo-pelo-crime-de-trafico-de-drogas-em-araraquara\/#breadcrumb","itemListElement":[{"@type":"ListItem","position":1,"name":"In\u00edcio","item":"https:\/\/regiaonews.net.br\/2022\/"},{"@type":"ListItem","position":2,"name":"Pol\u00edcia Rodovi\u00e1ria prende indiv\u00edduo por crime de tr\u00e1fico de drogas"}]},{"@type":"WebSite","@id":"https:\/\/regiaonews.net.br\/2022\/#website","url":"https:\/\/regiaonews.net.br\/2022\/","name":"Regi\u00e3o News","description":"Site de Not\u00edcias de Barretos e regi\u00e3o","publisher":{"@id":"https:\/\/regiaonews.net.br\/2022\/#organization"},"potentialAction":[{"@type":"SearchAction","target":{"@type":"EntryPoint","urlTemplate":"https:\/\/regiaonews.net.br\/2022\/?s={search_term_string}"},"query-input":{"@type":"PropertyValueSpecification","valueRequired":true,"valueName":"search_term_string"}}],"inLanguage":"pt-BR"},{"@type":"Organization","@id":"https:\/\/regiaonews.net.br\/2022\/#organization","name":"Regi\u00e3o News","url":"https:\/\/regiaonews.net.br\/2022\/","logo":{"@type":"ImageObject","inLanguage":"pt-BR","@id":"https:\/\/regiaonews.net.br\/2022\/#\/schema\/logo\/image\/","url":"https:\/\/regiaonews.net.br\/2022\/wp-content\/uploads\/2026\/03\/regiao-13-anos-scaled.jpg","contentUrl":"https:\/\/regiaonews.net.br\/2022\/wp-content\/uploads\/2026\/03\/regiao-13-anos-scaled.jpg","width":2560,"height":635,"caption":"Regi\u00e3o News"},"image":{"@id":"https:\/\/regiaonews.net.br\/2022\/#\/schema\/logo\/image\/"}},{"@type":"Person","@id":"https:\/\/regiaonews.net.br\/2022\/#\/schema\/person\/2d205a608a5aa97ac279d7a5e6d89ad8","name":"Roberto","image":{"@type":"ImageObject","inLanguage":"pt-BR","@id":"https:\/\/secure.gravatar.com\/avatar\/42749d8b712ff9d59ca93dc150494e5b55a44134482993f5baeb97e61b7ecc89?s=96&d=mm&r=g","url":"https:\/\/secure.gravatar.com\/avatar\/42749d8b712ff9d59ca93dc150494e5b55a44134482993f5baeb97e61b7ecc89?s=96&d=mm&r=g","contentUrl":"https:\/\/secure.gravatar.com\/avatar\/42749d8b712ff9d59ca93dc150494e5b55a44134482993f5baeb97e61b7ecc89?s=96&d=mm&r=g","caption":"Roberto"},"url":"https:\/\/regiaonews.net.br\/2022\/author\/roberto\/"}]}},"publishpress_future_action":{"enabled":false,"date":"2026-05-03 03:44:00","action":"change-status","newStatus":"draft","terms":[],"taxonomy":"category","extraData":[]},"publishpress_future_workflow_manual_trigger":{"enabledWorkflows":[]},"_links":{"self":[{"href":"https:\/\/regiaonews.net.br\/2022\/wp-json\/wp\/v2\/posts\/106430","targetHints":{"allow":["GET"]}}],"collection":[{"href":"https:\/\/regiaonews.net.br\/2022\/wp-json\/wp\/v2\/posts"}],"about":[{"href":"https:\/\/regiaonews.net.br\/2022\/wp-json\/wp\/v2\/types\/post"}],"author":[{"embeddable":true,"href":"https:\/\/regiaonews.net.br\/2022\/wp-json\/wp\/v2\/users\/2"}],"replies":[{"embeddable":true,"href":"https:\/\/regiaonews.net.br\/2022\/wp-json\/wp\/v2\/comments?post=106430"}],"version-history":[{"count":3,"href":"https:\/\/regiaonews.net.br\/2022\/wp-json\/wp\/v2\/posts\/106430\/revisions"}],"predecessor-version":[{"id":106485,"href":"https:\/\/regiaonews.net.br\/2022\/wp-json\/wp\/v2\/posts\/106430\/revisions\/106485"}],"wp:featuredmedia":[{"embeddable":true,"href":"https:\/\/regiaonews.net.br\/2022\/wp-json\/wp\/v2\/media\/106431"}],"wp:attachment":[{"href":"https:\/\/regiaonews.net.br\/2022\/wp-json\/wp\/v2\/media?parent=106430"}],"wp:term":[{"taxonomy":"category","embeddable":true,"href":"https:\/\/regiaonews.net.br\/2022\/wp-json\/wp\/v2\/categories?post=106430"},{"taxonomy":"post_tag","embeddable":true,"href":"https:\/\/regiaonews.net.br\/2022\/wp-json\/wp\/v2\/tags?post=106430"}],"curies":[{"name":"wp","href":"https:\/\/api.w.org\/{rel}","templated":true}]}}