{"id":106426,"date":"2024-06-17T15:19:25","date_gmt":"2024-06-17T18:19:25","guid":{"rendered":"https:\/\/regiaonews.net.br\/2022\/?p=106426"},"modified":"2024-06-17T15:19:25","modified_gmt":"2024-06-17T18:19:25","slug":"colina-torna-se-capital-estadual-do-cavalo-apos-projeto-na-alesp","status":"publish","type":"post","link":"https:\/\/regiaonews.net.br\/2022\/2024\/06\/17\/colina-torna-se-capital-estadual-do-cavalo-apos-projeto-na-alesp\/","title":{"rendered":"Colina torna-se \u201cCapital Estadual do Cavalo\u201d ap\u00f3s projeto na ALESP"},"content":{"rendered":"<p>Projeto aprovado pela Assembleia Legislativa tem como autor o deputado Sebasti\u00e3o Santos<\/p>\n<p>O projeto de lei n\u00ba 456 de 2019, que declara o munic\u00edpio de Colina como \u201cCapital Estadual do Cavalo\u201d, de autoria do deputado estadual Sebasti\u00e3o Santos (Republicanos), foi aprovado por unanimidade pelos deputados estaduais, durante a 30\u00aa sess\u00e3o extraordin\u00e1ria da Assembleia Legislativa, realizada no dia 12 de junho. Ap\u00f3s sua aprova\u00e7\u00e3o, o projeto foi encaminhado ao Governador para san\u00e7\u00e3o e transforma\u00e7\u00e3o em lei.<\/p>\n<p>O projeto que estava em pauta nas principais comiss\u00f5es da Assembleia, teve parecer favor\u00e1vel durante sua tramita\u00e7\u00e3o durante \u00e0 vota\u00e7\u00e3o em plen\u00e1ria. \u201cColina torna-se oficialmente pelo calend\u00e1rio estadual como a Capital do Cavalo. Pelo seu hist\u00f3rico e a tradi\u00e7\u00e3o que a cidade possui, movimentado milh\u00f5es na gera\u00e7\u00e3o de emprego, renda e turismo, al\u00e9m dos aspectos mundial sobre a cria\u00e7\u00e3o de cavalos, seletivas ol\u00edmpicas, eventos e trabalho educacional\u201d, explica Sebasti\u00e3o Santos, autor da lei.<\/p>\n<p>Um dos principais pontos para que essa lei fosse criada est\u00e1 sobre o \u201cProjeto Municipal de Equita\u00e7\u00e3o Educativa\u201d, mantido pela Prefeitura Municipal de Colina, por meio da Secretaria Municipal de Esportes, Turismo e Lazer, onde \u00e9 considerado modelo no Estado de S\u00e3o Paulo pelo trabalho de resgate social, realizado com crian\u00e7as e adolescentes do munic\u00edpio. O Projeto foi criado em 17 de junho de 2002, com objetivo de proporcionar \u00e0s crian\u00e7as e adolescentes de baixa renda, a pr\u00e1tica do hipismo, esporte considerado de elite e, ao mesmo tempo, inseri-los na sociedade com a possibilidade de adquirir forma\u00e7\u00e3o profissional.<\/p>\n<p>Outro atrativo que movimenta a economia da cidade est\u00e1 relacionada a Festa do Cavalo de Colina, tamb\u00e9m conhecida como Festa do Polo, \u00e9 um dos eventos mais tradicionais e importantes da cidade de Colina. Realizada anualmente, a festa atrai milhares de visitantes de diversas regi\u00f5es, movimentando a economia local de maneira significativa. O evento atrai, em m\u00e9dia, entre 50 mil e 70 mil visitantes ao longo de seus dias de realiza\u00e7\u00e3o. Durante a festa, s\u00e3o gerados centenas de empregos tempor\u00e1rios, abrangendo desde servi\u00e7os de seguran\u00e7a, limpeza e alimenta\u00e7\u00e3o at\u00e9 vendedores ambulantes e pessoal de apoio. A movimenta\u00e7\u00e3o econ\u00f4mica indireta, que inclui setores de hospedagem, alimenta\u00e7\u00e3o, transporte e com\u00e9rcio local, pode alcan\u00e7ar valores semelhantes, entre R$ 5 milh\u00f5es e R$ 10 milh\u00f5es.<\/p>\n<p>SOBRE A EXPANS\u00c3O DE COLINA COM O HIPISMO<\/p>\n<p>Colina se expandiu gra\u00e7as \u00e0 cultura do caf\u00e9, que aos poucos deu lugar \u00e0 pecu\u00e1ria e lavouras diversas, tendo atualmente como grande atrativo o cavalo, que a tornou conhecida em todo o Brasil em virtude da cria\u00e7\u00e3o de cavalos em propriedades particulares e no P\u00f3lo Regional de Desenvolvimento Tecnol\u00f3gico dos Agroneg\u00f3cios, destinados \u00e0 Cavalaria 9 de Julho no pr\u00f3prio munic\u00edpio e nas equipes reconhecidas internacionalmente, al\u00e9m da pr\u00e1tica de hipismo que levou \u00e0 forma\u00e7\u00e3o de v\u00e1rios cavaleiros ol\u00edmpicos que representaram o Brasil em eventos internacionais e nacionais.<\/p>\n<p>SELETIVAS DOS JOGOS PAN-AMERICANOS DE 2007 E SELETIVA DAS OLIMP\u00cdADAS 2008<\/p>\n<p>A seletiva de Hipismo para os Jogos Pan-americanos de 2007 atraiu cavaleiros de todo o Brasil para Colina que sediou pela primeira vez, provas classificat\u00f3rias de Hipismo para os Jogos Pan-americanos. Foram 3 dias de competi\u00e7\u00f5es com provas de CCE \u2013 Concurso Completo de Equita\u00e7\u00e3o em v\u00e1rias categorias, al\u00e9m do CCI &#8211; Concurso Completo Internacional 1, 2 e 3 estrelas, esse \u00faltimo, v\u00e1lido como seletiva para o Pan.<br \/>\nColina sediou uma das etapas da Seletiva de Hipismo para as Olimp\u00edadas de Pequim. Realizada nos dias 7 a 10 de fevereiro de 2008, no Recinto Municipal de Colina, a primeira seletiva de hipismo para atletas nacionais com vistas \u00e0 participa\u00e7\u00e3o nas Olimp\u00edadas de Pequim, que aconteceram de 8 a 24 de Agosto de 2008. O evento, organizado pela Federa\u00e7\u00e3o Paulista de Hipismo juntamente com a Secretaria Municipal de Esportes e Turismo, contou com a participa\u00e7\u00e3o de renomados cavaleiros e amazonas nas categorias N\u00edvel I, Avan\u00e7ados, Iniciantes e Novatos<\/p>\n<p>HIST\u00d3RIA DO CLUBE H\u00cdPICO DE COLINA<br \/>\nFundado em setembro de 1926, com os objetivos de oficializar, regulamentar e disciplinar a pr\u00e1tica esportiva do P\u00f3lo nessa comunidade. V\u00e1rios fatos marcantes fazem parte da hist\u00f3ria deste clube, como por exemplo, o sucesso nas temporadas 1928 e 1929, a realiza\u00e7\u00e3o em 1930 do primeiro concurso de bois gordos que se tem not\u00edcia no Brasil, a vit\u00f3ria alcan\u00e7ada contra a equipe Argentina \u201cLos Caranchos\u201d em 1931 e o campeonato brasileiro de P\u00f3lo em 1934.<\/p>\n<p><a href=\"https:\/\/regiaonews.net.br\/2022\/wp-content\/uploads\/2024\/06\/WhatsApp-Image-2024-06-17-at-14.10.24.jpeg\"><img loading=\"lazy\" decoding=\"async\" class=\"alignnone size-medium wp-image-106428\" src=\"https:\/\/regiaonews.net.br\/2022\/wp-content\/uploads\/2024\/06\/WhatsApp-Image-2024-06-17-at-14.10.24-300x200.jpeg\" alt=\"\" width=\"300\" height=\"200\" srcset=\"https:\/\/regiaonews.net.br\/2022\/wp-content\/uploads\/2024\/06\/WhatsApp-Image-2024-06-17-at-14.10.24-300x200.jpeg 300w, https:\/\/regiaonews.net.br\/2022\/wp-content\/uploads\/2024\/06\/WhatsApp-Image-2024-06-17-at-14.10.24-250x167.jpeg 250w, https:\/\/regiaonews.net.br\/2022\/wp-content\/uploads\/2024\/06\/WhatsApp-Image-2024-06-17-at-14.10.24.jpeg 612w\" sizes=\"auto, (max-width: 300px) 100vw, 300px\" \/><\/a><\/p>\n<p>Texto &#8211; Abrah\u00e3o Hackme<\/p>\n","protected":false},"excerpt":{"rendered":"<p>Projeto aprovado pela Assembleia Legislativa tem como autor o deputado<\/p>\n","protected":false},"author":2,"featured_media":106427,"comment_status":"open","ping_status":"open","sticky":false,"template":"","format":"standard","meta":{"footnotes":""},"categories":[25,5,111],"tags":[],"class_list":["post-106426","post","type-post","status-publish","format-standard","has-post-thumbnail","hentry","category-cidades","category-colina","category-cotidiano"],"yoast_head":"<!-- This site is optimized with the Yoast SEO plugin v27.4 - https:\/\/yoast.com\/product\/yoast-seo-wordpress\/ -->\n<title>Colina torna-se \u201cCapital Estadual do Cavalo\u201d ap\u00f3s projeto na ALESP - Regi\u00e3o News<\/title>\n<meta name=\"robots\" content=\"index, follow, max-snippet:-1, max-image-preview:large, max-video-preview:-1\" \/>\n<link rel=\"canonical\" href=\"https:\/\/regiaonews.net.br\/2022\/2024\/06\/17\/colina-torna-se-capital-estadual-do-cavalo-apos-projeto-na-alesp\/\" \/>\n<meta property=\"og:locale\" content=\"pt_BR\" \/>\n<meta property=\"og:type\" content=\"article\" \/>\n<meta property=\"og:title\" content=\"Colina torna-se \u201cCapital Estadual do Cavalo\u201d ap\u00f3s projeto na ALESP - Regi\u00e3o News\" \/>\n<meta property=\"og:description\" content=\"Projeto aprovado pela Assembleia Legislativa tem como autor o deputado\" \/>\n<meta property=\"og:url\" content=\"https:\/\/regiaonews.net.br\/2022\/2024\/06\/17\/colina-torna-se-capital-estadual-do-cavalo-apos-projeto-na-alesp\/\" \/>\n<meta property=\"og:site_name\" content=\"Regi\u00e3o News\" \/>\n<meta property=\"article:published_time\" content=\"2024-06-17T18:19:25+00:00\" \/>\n<meta property=\"og:image\" content=\"https:\/\/regiaonews.net.br\/2022\/wp-content\/uploads\/2024\/06\/WhatsApp-Image-2024-06-17-at-14.10.24-1.jpeg\" \/>\n\t<meta property=\"og:image:width\" content=\"1000\" \/>\n\t<meta property=\"og:image:height\" content=\"667\" \/>\n\t<meta property=\"og:image:type\" content=\"image\/jpeg\" \/>\n<meta name=\"author\" content=\"Roberto\" \/>\n<meta name=\"twitter:card\" content=\"summary_large_image\" \/>\n<meta name=\"twitter:label1\" content=\"Escrito por\" \/>\n\t<meta name=\"twitter:data1\" content=\"Roberto\" \/>\n\t<meta name=\"twitter:label2\" content=\"Est. tempo de leitura\" \/>\n\t<meta name=\"twitter:data2\" content=\"5 minutos\" \/>\n<script type=\"application\/ld+json\" class=\"yoast-schema-graph\">{\"@context\":\"https:\\\/\\\/schema.org\",\"@graph\":[{\"@type\":\"Article\",\"@id\":\"https:\\\/\\\/regiaonews.net.br\\\/2022\\\/2024\\\/06\\\/17\\\/colina-torna-se-capital-estadual-do-cavalo-apos-projeto-na-alesp\\\/#article\",\"isPartOf\":{\"@id\":\"https:\\\/\\\/regiaonews.net.br\\\/2022\\\/2024\\\/06\\\/17\\\/colina-torna-se-capital-estadual-do-cavalo-apos-projeto-na-alesp\\\/\"},\"author\":{\"name\":\"Roberto\",\"@id\":\"https:\\\/\\\/regiaonews.net.br\\\/2022\\\/#\\\/schema\\\/person\\\/2d205a608a5aa97ac279d7a5e6d89ad8\"},\"headline\":\"Colina torna-se \u201cCapital Estadual do Cavalo\u201d ap\u00f3s projeto na ALESP\",\"datePublished\":\"2024-06-17T18:19:25+00:00\",\"mainEntityOfPage\":{\"@id\":\"https:\\\/\\\/regiaonews.net.br\\\/2022\\\/2024\\\/06\\\/17\\\/colina-torna-se-capital-estadual-do-cavalo-apos-projeto-na-alesp\\\/\"},\"wordCount\":772,\"commentCount\":0,\"publisher\":{\"@id\":\"https:\\\/\\\/regiaonews.net.br\\\/2022\\\/#organization\"},\"image\":{\"@id\":\"https:\\\/\\\/regiaonews.net.br\\\/2022\\\/2024\\\/06\\\/17\\\/colina-torna-se-capital-estadual-do-cavalo-apos-projeto-na-alesp\\\/#primaryimage\"},\"thumbnailUrl\":\"https:\\\/\\\/regiaonews.net.br\\\/2022\\\/wp-content\\\/uploads\\\/2024\\\/06\\\/WhatsApp-Image-2024-06-17-at-14.10.24-1.jpeg\",\"articleSection\":[\"Cidades\",\"Colina\",\"Cotidiano\"],\"inLanguage\":\"pt-BR\",\"potentialAction\":[{\"@type\":\"CommentAction\",\"name\":\"Comment\",\"target\":[\"https:\\\/\\\/regiaonews.net.br\\\/2022\\\/2024\\\/06\\\/17\\\/colina-torna-se-capital-estadual-do-cavalo-apos-projeto-na-alesp\\\/#respond\"]}]},{\"@type\":\"WebPage\",\"@id\":\"https:\\\/\\\/regiaonews.net.br\\\/2022\\\/2024\\\/06\\\/17\\\/colina-torna-se-capital-estadual-do-cavalo-apos-projeto-na-alesp\\\/\",\"url\":\"https:\\\/\\\/regiaonews.net.br\\\/2022\\\/2024\\\/06\\\/17\\\/colina-torna-se-capital-estadual-do-cavalo-apos-projeto-na-alesp\\\/\",\"name\":\"Colina torna-se \u201cCapital Estadual do Cavalo\u201d ap\u00f3s projeto na ALESP - Regi\u00e3o News\",\"isPartOf\":{\"@id\":\"https:\\\/\\\/regiaonews.net.br\\\/2022\\\/#website\"},\"primaryImageOfPage\":{\"@id\":\"https:\\\/\\\/regiaonews.net.br\\\/2022\\\/2024\\\/06\\\/17\\\/colina-torna-se-capital-estadual-do-cavalo-apos-projeto-na-alesp\\\/#primaryimage\"},\"image\":{\"@id\":\"https:\\\/\\\/regiaonews.net.br\\\/2022\\\/2024\\\/06\\\/17\\\/colina-torna-se-capital-estadual-do-cavalo-apos-projeto-na-alesp\\\/#primaryimage\"},\"thumbnailUrl\":\"https:\\\/\\\/regiaonews.net.br\\\/2022\\\/wp-content\\\/uploads\\\/2024\\\/06\\\/WhatsApp-Image-2024-06-17-at-14.10.24-1.jpeg\",\"datePublished\":\"2024-06-17T18:19:25+00:00\",\"breadcrumb\":{\"@id\":\"https:\\\/\\\/regiaonews.net.br\\\/2022\\\/2024\\\/06\\\/17\\\/colina-torna-se-capital-estadual-do-cavalo-apos-projeto-na-alesp\\\/#breadcrumb\"},\"inLanguage\":\"pt-BR\",\"potentialAction\":[{\"@type\":\"ReadAction\",\"target\":[\"https:\\\/\\\/regiaonews.net.br\\\/2022\\\/2024\\\/06\\\/17\\\/colina-torna-se-capital-estadual-do-cavalo-apos-projeto-na-alesp\\\/\"]}]},{\"@type\":\"ImageObject\",\"inLanguage\":\"pt-BR\",\"@id\":\"https:\\\/\\\/regiaonews.net.br\\\/2022\\\/2024\\\/06\\\/17\\\/colina-torna-se-capital-estadual-do-cavalo-apos-projeto-na-alesp\\\/#primaryimage\",\"url\":\"https:\\\/\\\/regiaonews.net.br\\\/2022\\\/wp-content\\\/uploads\\\/2024\\\/06\\\/WhatsApp-Image-2024-06-17-at-14.10.24-1.jpeg\",\"contentUrl\":\"https:\\\/\\\/regiaonews.net.br\\\/2022\\\/wp-content\\\/uploads\\\/2024\\\/06\\\/WhatsApp-Image-2024-06-17-at-14.10.24-1.jpeg\",\"width\":1000,\"height\":667},{\"@type\":\"BreadcrumbList\",\"@id\":\"https:\\\/\\\/regiaonews.net.br\\\/2022\\\/2024\\\/06\\\/17\\\/colina-torna-se-capital-estadual-do-cavalo-apos-projeto-na-alesp\\\/#breadcrumb\",\"itemListElement\":[{\"@type\":\"ListItem\",\"position\":1,\"name\":\"In\u00edcio\",\"item\":\"https:\\\/\\\/regiaonews.net.br\\\/2022\\\/\"},{\"@type\":\"ListItem\",\"position\":2,\"name\":\"Colina torna-se \u201cCapital Estadual do Cavalo\u201d ap\u00f3s projeto na ALESP\"}]},{\"@type\":\"WebSite\",\"@id\":\"https:\\\/\\\/regiaonews.net.br\\\/2022\\\/#website\",\"url\":\"https:\\\/\\\/regiaonews.net.br\\\/2022\\\/\",\"name\":\"Regi\u00e3o News\",\"description\":\"Site de Not\u00edcias de Barretos e regi\u00e3o\",\"publisher\":{\"@id\":\"https:\\\/\\\/regiaonews.net.br\\\/2022\\\/#organization\"},\"potentialAction\":[{\"@type\":\"SearchAction\",\"target\":{\"@type\":\"EntryPoint\",\"urlTemplate\":\"https:\\\/\\\/regiaonews.net.br\\\/2022\\\/?s={search_term_string}\"},\"query-input\":{\"@type\":\"PropertyValueSpecification\",\"valueRequired\":true,\"valueName\":\"search_term_string\"}}],\"inLanguage\":\"pt-BR\"},{\"@type\":\"Organization\",\"@id\":\"https:\\\/\\\/regiaonews.net.br\\\/2022\\\/#organization\",\"name\":\"Regi\u00e3o News\",\"url\":\"https:\\\/\\\/regiaonews.net.br\\\/2022\\\/\",\"logo\":{\"@type\":\"ImageObject\",\"inLanguage\":\"pt-BR\",\"@id\":\"https:\\\/\\\/regiaonews.net.br\\\/2022\\\/#\\\/schema\\\/logo\\\/image\\\/\",\"url\":\"https:\\\/\\\/regiaonews.net.br\\\/2022\\\/wp-content\\\/uploads\\\/2026\\\/03\\\/regiao-13-anos-scaled.jpg\",\"contentUrl\":\"https:\\\/\\\/regiaonews.net.br\\\/2022\\\/wp-content\\\/uploads\\\/2026\\\/03\\\/regiao-13-anos-scaled.jpg\",\"width\":2560,\"height\":635,\"caption\":\"Regi\u00e3o News\"},\"image\":{\"@id\":\"https:\\\/\\\/regiaonews.net.br\\\/2022\\\/#\\\/schema\\\/logo\\\/image\\\/\"}},{\"@type\":\"Person\",\"@id\":\"https:\\\/\\\/regiaonews.net.br\\\/2022\\\/#\\\/schema\\\/person\\\/2d205a608a5aa97ac279d7a5e6d89ad8\",\"name\":\"Roberto\",\"image\":{\"@type\":\"ImageObject\",\"inLanguage\":\"pt-BR\",\"@id\":\"https:\\\/\\\/secure.gravatar.com\\\/avatar\\\/42749d8b712ff9d59ca93dc150494e5b55a44134482993f5baeb97e61b7ecc89?s=96&d=mm&r=g\",\"url\":\"https:\\\/\\\/secure.gravatar.com\\\/avatar\\\/42749d8b712ff9d59ca93dc150494e5b55a44134482993f5baeb97e61b7ecc89?s=96&d=mm&r=g\",\"contentUrl\":\"https:\\\/\\\/secure.gravatar.com\\\/avatar\\\/42749d8b712ff9d59ca93dc150494e5b55a44134482993f5baeb97e61b7ecc89?s=96&d=mm&r=g\",\"caption\":\"Roberto\"},\"url\":\"https:\\\/\\\/regiaonews.net.br\\\/2022\\\/author\\\/roberto\\\/\"}]}<\/script>\n<!-- \/ Yoast SEO plugin. -->","yoast_head_json":{"title":"Colina torna-se \u201cCapital Estadual do Cavalo\u201d ap\u00f3s projeto na ALESP - Regi\u00e3o News","robots":{"index":"index","follow":"follow","max-snippet":"max-snippet:-1","max-image-preview":"max-image-preview:large","max-video-preview":"max-video-preview:-1"},"canonical":"https:\/\/regiaonews.net.br\/2022\/2024\/06\/17\/colina-torna-se-capital-estadual-do-cavalo-apos-projeto-na-alesp\/","og_locale":"pt_BR","og_type":"article","og_title":"Colina torna-se \u201cCapital Estadual do Cavalo\u201d ap\u00f3s projeto na ALESP - Regi\u00e3o News","og_description":"Projeto aprovado pela Assembleia Legislativa tem como autor o deputado","og_url":"https:\/\/regiaonews.net.br\/2022\/2024\/06\/17\/colina-torna-se-capital-estadual-do-cavalo-apos-projeto-na-alesp\/","og_site_name":"Regi\u00e3o News","article_published_time":"2024-06-17T18:19:25+00:00","og_image":[{"width":1000,"height":667,"url":"https:\/\/regiaonews.net.br\/2022\/wp-content\/uploads\/2024\/06\/WhatsApp-Image-2024-06-17-at-14.10.24-1.jpeg","type":"image\/jpeg"}],"author":"Roberto","twitter_card":"summary_large_image","twitter_misc":{"Escrito por":"Roberto","Est. tempo de leitura":"5 minutos"},"schema":{"@context":"https:\/\/schema.org","@graph":[{"@type":"Article","@id":"https:\/\/regiaonews.net.br\/2022\/2024\/06\/17\/colina-torna-se-capital-estadual-do-cavalo-apos-projeto-na-alesp\/#article","isPartOf":{"@id":"https:\/\/regiaonews.net.br\/2022\/2024\/06\/17\/colina-torna-se-capital-estadual-do-cavalo-apos-projeto-na-alesp\/"},"author":{"name":"Roberto","@id":"https:\/\/regiaonews.net.br\/2022\/#\/schema\/person\/2d205a608a5aa97ac279d7a5e6d89ad8"},"headline":"Colina torna-se \u201cCapital Estadual do Cavalo\u201d ap\u00f3s projeto na ALESP","datePublished":"2024-06-17T18:19:25+00:00","mainEntityOfPage":{"@id":"https:\/\/regiaonews.net.br\/2022\/2024\/06\/17\/colina-torna-se-capital-estadual-do-cavalo-apos-projeto-na-alesp\/"},"wordCount":772,"commentCount":0,"publisher":{"@id":"https:\/\/regiaonews.net.br\/2022\/#organization"},"image":{"@id":"https:\/\/regiaonews.net.br\/2022\/2024\/06\/17\/colina-torna-se-capital-estadual-do-cavalo-apos-projeto-na-alesp\/#primaryimage"},"thumbnailUrl":"https:\/\/regiaonews.net.br\/2022\/wp-content\/uploads\/2024\/06\/WhatsApp-Image-2024-06-17-at-14.10.24-1.jpeg","articleSection":["Cidades","Colina","Cotidiano"],"inLanguage":"pt-BR","potentialAction":[{"@type":"CommentAction","name":"Comment","target":["https:\/\/regiaonews.net.br\/2022\/2024\/06\/17\/colina-torna-se-capital-estadual-do-cavalo-apos-projeto-na-alesp\/#respond"]}]},{"@type":"WebPage","@id":"https:\/\/regiaonews.net.br\/2022\/2024\/06\/17\/colina-torna-se-capital-estadual-do-cavalo-apos-projeto-na-alesp\/","url":"https:\/\/regiaonews.net.br\/2022\/2024\/06\/17\/colina-torna-se-capital-estadual-do-cavalo-apos-projeto-na-alesp\/","name":"Colina torna-se \u201cCapital Estadual do Cavalo\u201d ap\u00f3s projeto na ALESP - Regi\u00e3o News","isPartOf":{"@id":"https:\/\/regiaonews.net.br\/2022\/#website"},"primaryImageOfPage":{"@id":"https:\/\/regiaonews.net.br\/2022\/2024\/06\/17\/colina-torna-se-capital-estadual-do-cavalo-apos-projeto-na-alesp\/#primaryimage"},"image":{"@id":"https:\/\/regiaonews.net.br\/2022\/2024\/06\/17\/colina-torna-se-capital-estadual-do-cavalo-apos-projeto-na-alesp\/#primaryimage"},"thumbnailUrl":"https:\/\/regiaonews.net.br\/2022\/wp-content\/uploads\/2024\/06\/WhatsApp-Image-2024-06-17-at-14.10.24-1.jpeg","datePublished":"2024-06-17T18:19:25+00:00","breadcrumb":{"@id":"https:\/\/regiaonews.net.br\/2022\/2024\/06\/17\/colina-torna-se-capital-estadual-do-cavalo-apos-projeto-na-alesp\/#breadcrumb"},"inLanguage":"pt-BR","potentialAction":[{"@type":"ReadAction","target":["https:\/\/regiaonews.net.br\/2022\/2024\/06\/17\/colina-torna-se-capital-estadual-do-cavalo-apos-projeto-na-alesp\/"]}]},{"@type":"ImageObject","inLanguage":"pt-BR","@id":"https:\/\/regiaonews.net.br\/2022\/2024\/06\/17\/colina-torna-se-capital-estadual-do-cavalo-apos-projeto-na-alesp\/#primaryimage","url":"https:\/\/regiaonews.net.br\/2022\/wp-content\/uploads\/2024\/06\/WhatsApp-Image-2024-06-17-at-14.10.24-1.jpeg","contentUrl":"https:\/\/regiaonews.net.br\/2022\/wp-content\/uploads\/2024\/06\/WhatsApp-Image-2024-06-17-at-14.10.24-1.jpeg","width":1000,"height":667},{"@type":"BreadcrumbList","@id":"https:\/\/regiaonews.net.br\/2022\/2024\/06\/17\/colina-torna-se-capital-estadual-do-cavalo-apos-projeto-na-alesp\/#breadcrumb","itemListElement":[{"@type":"ListItem","position":1,"name":"In\u00edcio","item":"https:\/\/regiaonews.net.br\/2022\/"},{"@type":"ListItem","position":2,"name":"Colina torna-se \u201cCapital Estadual do Cavalo\u201d ap\u00f3s projeto na ALESP"}]},{"@type":"WebSite","@id":"https:\/\/regiaonews.net.br\/2022\/#website","url":"https:\/\/regiaonews.net.br\/2022\/","name":"Regi\u00e3o News","description":"Site de Not\u00edcias de Barretos e regi\u00e3o","publisher":{"@id":"https:\/\/regiaonews.net.br\/2022\/#organization"},"potentialAction":[{"@type":"SearchAction","target":{"@type":"EntryPoint","urlTemplate":"https:\/\/regiaonews.net.br\/2022\/?s={search_term_string}"},"query-input":{"@type":"PropertyValueSpecification","valueRequired":true,"valueName":"search_term_string"}}],"inLanguage":"pt-BR"},{"@type":"Organization","@id":"https:\/\/regiaonews.net.br\/2022\/#organization","name":"Regi\u00e3o News","url":"https:\/\/regiaonews.net.br\/2022\/","logo":{"@type":"ImageObject","inLanguage":"pt-BR","@id":"https:\/\/regiaonews.net.br\/2022\/#\/schema\/logo\/image\/","url":"https:\/\/regiaonews.net.br\/2022\/wp-content\/uploads\/2026\/03\/regiao-13-anos-scaled.jpg","contentUrl":"https:\/\/regiaonews.net.br\/2022\/wp-content\/uploads\/2026\/03\/regiao-13-anos-scaled.jpg","width":2560,"height":635,"caption":"Regi\u00e3o News"},"image":{"@id":"https:\/\/regiaonews.net.br\/2022\/#\/schema\/logo\/image\/"}},{"@type":"Person","@id":"https:\/\/regiaonews.net.br\/2022\/#\/schema\/person\/2d205a608a5aa97ac279d7a5e6d89ad8","name":"Roberto","image":{"@type":"ImageObject","inLanguage":"pt-BR","@id":"https:\/\/secure.gravatar.com\/avatar\/42749d8b712ff9d59ca93dc150494e5b55a44134482993f5baeb97e61b7ecc89?s=96&d=mm&r=g","url":"https:\/\/secure.gravatar.com\/avatar\/42749d8b712ff9d59ca93dc150494e5b55a44134482993f5baeb97e61b7ecc89?s=96&d=mm&r=g","contentUrl":"https:\/\/secure.gravatar.com\/avatar\/42749d8b712ff9d59ca93dc150494e5b55a44134482993f5baeb97e61b7ecc89?s=96&d=mm&r=g","caption":"Roberto"},"url":"https:\/\/regiaonews.net.br\/2022\/author\/roberto\/"}]}},"publishpress_future_action":{"enabled":false,"date":"2026-05-03 02:11:32","action":"change-status","newStatus":"draft","terms":[],"taxonomy":"category","extraData":[]},"publishpress_future_workflow_manual_trigger":{"enabledWorkflows":[]},"_links":{"self":[{"href":"https:\/\/regiaonews.net.br\/2022\/wp-json\/wp\/v2\/posts\/106426","targetHints":{"allow":["GET"]}}],"collection":[{"href":"https:\/\/regiaonews.net.br\/2022\/wp-json\/wp\/v2\/posts"}],"about":[{"href":"https:\/\/regiaonews.net.br\/2022\/wp-json\/wp\/v2\/types\/post"}],"author":[{"embeddable":true,"href":"https:\/\/regiaonews.net.br\/2022\/wp-json\/wp\/v2\/users\/2"}],"replies":[{"embeddable":true,"href":"https:\/\/regiaonews.net.br\/2022\/wp-json\/wp\/v2\/comments?post=106426"}],"version-history":[{"count":1,"href":"https:\/\/regiaonews.net.br\/2022\/wp-json\/wp\/v2\/posts\/106426\/revisions"}],"predecessor-version":[{"id":106429,"href":"https:\/\/regiaonews.net.br\/2022\/wp-json\/wp\/v2\/posts\/106426\/revisions\/106429"}],"wp:featuredmedia":[{"embeddable":true,"href":"https:\/\/regiaonews.net.br\/2022\/wp-json\/wp\/v2\/media\/106427"}],"wp:attachment":[{"href":"https:\/\/regiaonews.net.br\/2022\/wp-json\/wp\/v2\/media?parent=106426"}],"wp:term":[{"taxonomy":"category","embeddable":true,"href":"https:\/\/regiaonews.net.br\/2022\/wp-json\/wp\/v2\/categories?post=106426"},{"taxonomy":"post_tag","embeddable":true,"href":"https:\/\/regiaonews.net.br\/2022\/wp-json\/wp\/v2\/tags?post=106426"}],"curies":[{"name":"wp","href":"https:\/\/api.w.org\/{rel}","templated":true}]}}