{"id":106423,"date":"2024-06-17T15:14:56","date_gmt":"2024-06-17T18:14:56","guid":{"rendered":"https:\/\/regiaonews.net.br\/2022\/?p=106423"},"modified":"2024-06-17T15:14:56","modified_gmt":"2024-06-17T18:14:56","slug":"unifeb-investe-cerca-de-r-25-mil-em-materiais-esportivos-para-o-curso-de-educacao-fisica","status":"publish","type":"post","link":"https:\/\/regiaonews.net.br\/2022\/2024\/06\/17\/unifeb-investe-cerca-de-r-25-mil-em-materiais-esportivos-para-o-curso-de-educacao-fisica\/","title":{"rendered":"UNIFEB investe cerca de R$ 25 mil em materiais esportivos para o curso de Educa\u00e7\u00e3o F\u00edsica"},"content":{"rendered":"<div>Os equipamentos t\u00eam qualidade de primeira linha e ser\u00e3o utilizados nas aulas de futebol de sal\u00e3o, basquete, v\u00f4lei, handebol e gin\u00e1stica<\/div>\n<div aria-hidden=\"true\"><\/div>\n<div>Em mais um avan\u00e7o estrutural, o UNIFEB (Centro Universit\u00e1rio da Funda\u00e7\u00e3o Educacional de Barretos) promoveu o investimento de cerca de R$ 25 mil na aquisi\u00e7\u00e3o de novos materiais esportivos para o curso de Bacharel em Educa\u00e7\u00e3o F\u00edsica.<\/div>\n<div>De acordo com o coordenador do bacharelado, Prof. Dr. Tadeu Cardoso de Almeida, as aulas ter\u00e3o um grande refor\u00e7o no aproveitamento com a moderniza\u00e7\u00e3o dos equipamentos. \u201cForam comprados materiais de primeira linha em qualidade, como bolas de futebol de sal\u00e3o, basquete, v\u00f4lei e handebol, al\u00e9m de jump e step para as aulas de gin\u00e1stica\u201d, explicou.<\/div>\n<div>Ainda segundo Tadeu, esse avan\u00e7o ressalta o compromisso da Reitoria na melhoria continua dos cursos. \u201cEsse investimento aconteceu em boa hora a fim de que consigamos implementar mais qualidade na performance das aulas pr\u00e1ticas do curso em Educa\u00e7\u00e3o F\u00edsica, nas mais diversas disciplinas do bacharelado\u201d, enfatizou.<\/div>\n<div>O Reitor do UNIFEB, Prof. Dr. Angelo Davis, destacou que a institui\u00e7\u00e3o tem promovido diligentemente investimentos em todos os cursos a fim de ampliar ainda mais a excel\u00eancia acad\u00eamica dos cursos. \u201cMapeamos o que cada gradua\u00e7\u00e3o necessitava em termos de avan\u00e7os estruturais e elaboramos um plano de a\u00e7\u00e3o que tem sido implementando nesses \u00faltimos tr\u00eas anos\u201d, enfatizou.<\/div>\n<div>Para o coordenador do curso de Educa\u00e7\u00e3o F\u00edsica, o mercado de trabalho atual exige um profissional que esteja atento \u00e0s grandes mudan\u00e7as de ensino. \u201c\u00c9 necess\u00e1rio que os profissionais de Educa\u00e7\u00e3o F\u00edsica estejam capacitados a trabalharem com esportes e viv\u00eancias corporais, que priorizem a melhoria do bem-estar e sa\u00fade dos alunos e pacientes que este profissional \u00e9 habilitado a trabalhar. Estar atualizado, capacitado e ter comprometimento com a profiss\u00e3o abrir\u00e1\u00a0caminhos para grandes oportunidades, uma vez que a expectativa de vida da popula\u00e7\u00e3o est\u00e1\u00a0aumentando e as\u00a0atividades que trabalham a promo\u00e7\u00e3o de sa\u00fade est\u00e3o diretamente ligadas ao curso de Bacharel em Educa\u00e7\u00e3o F\u00edsica\u201d, orientou Tadeu.<\/div>\n<div>Entre os grandes diferenciais que o curso de Educa\u00e7\u00e3o F\u00edsica do UNIFEB oferece est\u00e3o os excelentes professores, entre doutores, mestres e especialistas, que vivenciam a Educa\u00e7\u00e3o F\u00edsica dentro e fora da institui\u00e7\u00e3o. \u201cIsso contribui muito para forma\u00e7\u00e3o dos nossos alunos, oferecendo atrav\u00e9s de parcerias p\u00fablicas e privadas a oportunidade de est\u00e1gios remunerados e n\u00e3o remunerados fazendo, assim, grande diferen\u00e7a na constru\u00e7\u00e3o de novos conhecimentos no processo de forma\u00e7\u00e3o. Al\u00e9m de oportunidades na pr\u00e1tica de aprendizados que v\u00e3o al\u00e9m da sala de aula, como participa\u00e7\u00e3o em organiza\u00e7\u00f5es de eventos\u201d, destacou Tadeu.<\/div>\n<div class=\"x_elementToProof\">A diretora administrativa-financeira, Profa. Me. Eliane\u00a0Ara\u00fajo, e o docente do curso de Educa\u00e7\u00e3o F\u00edsica, Prof. Esp. Guilherme Shimano, acompanharam com o coordenador o recebimento dos novos materiais.<\/div>\n","protected":false},"excerpt":{"rendered":"<p>Os equipamentos t\u00eam qualidade de primeira linha e ser\u00e3o utilizados<\/p>\n","protected":false},"author":2,"featured_media":106424,"comment_status":"open","ping_status":"open","sticky":false,"template":"","format":"standard","meta":{"footnotes":""},"categories":[14,25],"tags":[],"class_list":["post-106423","post","type-post","status-publish","format-standard","has-post-thumbnail","hentry","category-barretos","category-cidades"],"yoast_head":"<!-- This site is optimized with the Yoast SEO plugin v27.4 - https:\/\/yoast.com\/product\/yoast-seo-wordpress\/ -->\n<title>UNIFEB investe cerca de R$ 25 mil em materiais esportivos para o curso de Educa\u00e7\u00e3o F\u00edsica - Regi\u00e3o News<\/title>\n<meta name=\"robots\" content=\"index, follow, max-snippet:-1, max-image-preview:large, max-video-preview:-1\" \/>\n<link rel=\"canonical\" href=\"https:\/\/regiaonews.net.br\/2022\/2024\/06\/17\/unifeb-investe-cerca-de-r-25-mil-em-materiais-esportivos-para-o-curso-de-educacao-fisica\/\" \/>\n<meta property=\"og:locale\" content=\"pt_BR\" \/>\n<meta property=\"og:type\" content=\"article\" \/>\n<meta property=\"og:title\" content=\"UNIFEB investe cerca de R$ 25 mil em materiais esportivos para o curso de Educa\u00e7\u00e3o F\u00edsica - Regi\u00e3o News\" \/>\n<meta property=\"og:description\" content=\"Os equipamentos t\u00eam qualidade de primeira linha e ser\u00e3o utilizados\" \/>\n<meta property=\"og:url\" content=\"https:\/\/regiaonews.net.br\/2022\/2024\/06\/17\/unifeb-investe-cerca-de-r-25-mil-em-materiais-esportivos-para-o-curso-de-educacao-fisica\/\" \/>\n<meta property=\"og:site_name\" content=\"Regi\u00e3o News\" \/>\n<meta property=\"article:published_time\" content=\"2024-06-17T18:14:56+00:00\" \/>\n<meta property=\"og:image\" content=\"https:\/\/regiaonews.net.br\/2022\/wp-content\/uploads\/2024\/06\/Novos-Materiais-de-Educacao-Fisica.jpeg\" \/>\n\t<meta property=\"og:image:width\" content=\"1433\" \/>\n\t<meta property=\"og:image:height\" content=\"1053\" \/>\n\t<meta property=\"og:image:type\" content=\"image\/jpeg\" \/>\n<meta name=\"author\" content=\"Roberto\" \/>\n<meta name=\"twitter:card\" content=\"summary_large_image\" \/>\n<meta name=\"twitter:label1\" content=\"Escrito por\" \/>\n\t<meta name=\"twitter:data1\" content=\"Roberto\" \/>\n\t<meta name=\"twitter:label2\" content=\"Est. tempo de leitura\" \/>\n\t<meta name=\"twitter:data2\" content=\"3 minutos\" \/>\n<script type=\"application\/ld+json\" class=\"yoast-schema-graph\">{\"@context\":\"https:\\\/\\\/schema.org\",\"@graph\":[{\"@type\":\"Article\",\"@id\":\"https:\\\/\\\/regiaonews.net.br\\\/2022\\\/2024\\\/06\\\/17\\\/unifeb-investe-cerca-de-r-25-mil-em-materiais-esportivos-para-o-curso-de-educacao-fisica\\\/#article\",\"isPartOf\":{\"@id\":\"https:\\\/\\\/regiaonews.net.br\\\/2022\\\/2024\\\/06\\\/17\\\/unifeb-investe-cerca-de-r-25-mil-em-materiais-esportivos-para-o-curso-de-educacao-fisica\\\/\"},\"author\":{\"name\":\"Roberto\",\"@id\":\"https:\\\/\\\/regiaonews.net.br\\\/2022\\\/#\\\/schema\\\/person\\\/2d205a608a5aa97ac279d7a5e6d89ad8\"},\"headline\":\"UNIFEB investe cerca de R$ 25 mil em materiais esportivos para o curso de Educa\u00e7\u00e3o F\u00edsica\",\"datePublished\":\"2024-06-17T18:14:56+00:00\",\"mainEntityOfPage\":{\"@id\":\"https:\\\/\\\/regiaonews.net.br\\\/2022\\\/2024\\\/06\\\/17\\\/unifeb-investe-cerca-de-r-25-mil-em-materiais-esportivos-para-o-curso-de-educacao-fisica\\\/\"},\"wordCount\":521,\"commentCount\":0,\"publisher\":{\"@id\":\"https:\\\/\\\/regiaonews.net.br\\\/2022\\\/#organization\"},\"image\":{\"@id\":\"https:\\\/\\\/regiaonews.net.br\\\/2022\\\/2024\\\/06\\\/17\\\/unifeb-investe-cerca-de-r-25-mil-em-materiais-esportivos-para-o-curso-de-educacao-fisica\\\/#primaryimage\"},\"thumbnailUrl\":\"https:\\\/\\\/regiaonews.net.br\\\/2022\\\/wp-content\\\/uploads\\\/2024\\\/06\\\/Novos-Materiais-de-Educacao-Fisica.jpeg\",\"articleSection\":[\"Barretos\",\"Cidades\"],\"inLanguage\":\"pt-BR\",\"potentialAction\":[{\"@type\":\"CommentAction\",\"name\":\"Comment\",\"target\":[\"https:\\\/\\\/regiaonews.net.br\\\/2022\\\/2024\\\/06\\\/17\\\/unifeb-investe-cerca-de-r-25-mil-em-materiais-esportivos-para-o-curso-de-educacao-fisica\\\/#respond\"]}]},{\"@type\":\"WebPage\",\"@id\":\"https:\\\/\\\/regiaonews.net.br\\\/2022\\\/2024\\\/06\\\/17\\\/unifeb-investe-cerca-de-r-25-mil-em-materiais-esportivos-para-o-curso-de-educacao-fisica\\\/\",\"url\":\"https:\\\/\\\/regiaonews.net.br\\\/2022\\\/2024\\\/06\\\/17\\\/unifeb-investe-cerca-de-r-25-mil-em-materiais-esportivos-para-o-curso-de-educacao-fisica\\\/\",\"name\":\"UNIFEB investe cerca de R$ 25 mil em materiais esportivos para o curso de Educa\u00e7\u00e3o F\u00edsica - Regi\u00e3o News\",\"isPartOf\":{\"@id\":\"https:\\\/\\\/regiaonews.net.br\\\/2022\\\/#website\"},\"primaryImageOfPage\":{\"@id\":\"https:\\\/\\\/regiaonews.net.br\\\/2022\\\/2024\\\/06\\\/17\\\/unifeb-investe-cerca-de-r-25-mil-em-materiais-esportivos-para-o-curso-de-educacao-fisica\\\/#primaryimage\"},\"image\":{\"@id\":\"https:\\\/\\\/regiaonews.net.br\\\/2022\\\/2024\\\/06\\\/17\\\/unifeb-investe-cerca-de-r-25-mil-em-materiais-esportivos-para-o-curso-de-educacao-fisica\\\/#primaryimage\"},\"thumbnailUrl\":\"https:\\\/\\\/regiaonews.net.br\\\/2022\\\/wp-content\\\/uploads\\\/2024\\\/06\\\/Novos-Materiais-de-Educacao-Fisica.jpeg\",\"datePublished\":\"2024-06-17T18:14:56+00:00\",\"breadcrumb\":{\"@id\":\"https:\\\/\\\/regiaonews.net.br\\\/2022\\\/2024\\\/06\\\/17\\\/unifeb-investe-cerca-de-r-25-mil-em-materiais-esportivos-para-o-curso-de-educacao-fisica\\\/#breadcrumb\"},\"inLanguage\":\"pt-BR\",\"potentialAction\":[{\"@type\":\"ReadAction\",\"target\":[\"https:\\\/\\\/regiaonews.net.br\\\/2022\\\/2024\\\/06\\\/17\\\/unifeb-investe-cerca-de-r-25-mil-em-materiais-esportivos-para-o-curso-de-educacao-fisica\\\/\"]}]},{\"@type\":\"ImageObject\",\"inLanguage\":\"pt-BR\",\"@id\":\"https:\\\/\\\/regiaonews.net.br\\\/2022\\\/2024\\\/06\\\/17\\\/unifeb-investe-cerca-de-r-25-mil-em-materiais-esportivos-para-o-curso-de-educacao-fisica\\\/#primaryimage\",\"url\":\"https:\\\/\\\/regiaonews.net.br\\\/2022\\\/wp-content\\\/uploads\\\/2024\\\/06\\\/Novos-Materiais-de-Educacao-Fisica.jpeg\",\"contentUrl\":\"https:\\\/\\\/regiaonews.net.br\\\/2022\\\/wp-content\\\/uploads\\\/2024\\\/06\\\/Novos-Materiais-de-Educacao-Fisica.jpeg\",\"width\":1433,\"height\":1053},{\"@type\":\"BreadcrumbList\",\"@id\":\"https:\\\/\\\/regiaonews.net.br\\\/2022\\\/2024\\\/06\\\/17\\\/unifeb-investe-cerca-de-r-25-mil-em-materiais-esportivos-para-o-curso-de-educacao-fisica\\\/#breadcrumb\",\"itemListElement\":[{\"@type\":\"ListItem\",\"position\":1,\"name\":\"In\u00edcio\",\"item\":\"https:\\\/\\\/regiaonews.net.br\\\/2022\\\/\"},{\"@type\":\"ListItem\",\"position\":2,\"name\":\"UNIFEB investe cerca de R$ 25 mil em materiais esportivos para o curso de Educa\u00e7\u00e3o F\u00edsica\"}]},{\"@type\":\"WebSite\",\"@id\":\"https:\\\/\\\/regiaonews.net.br\\\/2022\\\/#website\",\"url\":\"https:\\\/\\\/regiaonews.net.br\\\/2022\\\/\",\"name\":\"Regi\u00e3o News\",\"description\":\"Site de Not\u00edcias de Barretos e regi\u00e3o\",\"publisher\":{\"@id\":\"https:\\\/\\\/regiaonews.net.br\\\/2022\\\/#organization\"},\"potentialAction\":[{\"@type\":\"SearchAction\",\"target\":{\"@type\":\"EntryPoint\",\"urlTemplate\":\"https:\\\/\\\/regiaonews.net.br\\\/2022\\\/?s={search_term_string}\"},\"query-input\":{\"@type\":\"PropertyValueSpecification\",\"valueRequired\":true,\"valueName\":\"search_term_string\"}}],\"inLanguage\":\"pt-BR\"},{\"@type\":\"Organization\",\"@id\":\"https:\\\/\\\/regiaonews.net.br\\\/2022\\\/#organization\",\"name\":\"Regi\u00e3o News\",\"url\":\"https:\\\/\\\/regiaonews.net.br\\\/2022\\\/\",\"logo\":{\"@type\":\"ImageObject\",\"inLanguage\":\"pt-BR\",\"@id\":\"https:\\\/\\\/regiaonews.net.br\\\/2022\\\/#\\\/schema\\\/logo\\\/image\\\/\",\"url\":\"https:\\\/\\\/regiaonews.net.br\\\/2022\\\/wp-content\\\/uploads\\\/2026\\\/03\\\/regiao-13-anos-scaled.jpg\",\"contentUrl\":\"https:\\\/\\\/regiaonews.net.br\\\/2022\\\/wp-content\\\/uploads\\\/2026\\\/03\\\/regiao-13-anos-scaled.jpg\",\"width\":2560,\"height\":635,\"caption\":\"Regi\u00e3o News\"},\"image\":{\"@id\":\"https:\\\/\\\/regiaonews.net.br\\\/2022\\\/#\\\/schema\\\/logo\\\/image\\\/\"}},{\"@type\":\"Person\",\"@id\":\"https:\\\/\\\/regiaonews.net.br\\\/2022\\\/#\\\/schema\\\/person\\\/2d205a608a5aa97ac279d7a5e6d89ad8\",\"name\":\"Roberto\",\"image\":{\"@type\":\"ImageObject\",\"inLanguage\":\"pt-BR\",\"@id\":\"https:\\\/\\\/secure.gravatar.com\\\/avatar\\\/42749d8b712ff9d59ca93dc150494e5b55a44134482993f5baeb97e61b7ecc89?s=96&d=mm&r=g\",\"url\":\"https:\\\/\\\/secure.gravatar.com\\\/avatar\\\/42749d8b712ff9d59ca93dc150494e5b55a44134482993f5baeb97e61b7ecc89?s=96&d=mm&r=g\",\"contentUrl\":\"https:\\\/\\\/secure.gravatar.com\\\/avatar\\\/42749d8b712ff9d59ca93dc150494e5b55a44134482993f5baeb97e61b7ecc89?s=96&d=mm&r=g\",\"caption\":\"Roberto\"},\"url\":\"https:\\\/\\\/regiaonews.net.br\\\/2022\\\/author\\\/roberto\\\/\"}]}<\/script>\n<!-- \/ Yoast SEO plugin. -->","yoast_head_json":{"title":"UNIFEB investe cerca de R$ 25 mil em materiais esportivos para o curso de Educa\u00e7\u00e3o F\u00edsica - Regi\u00e3o News","robots":{"index":"index","follow":"follow","max-snippet":"max-snippet:-1","max-image-preview":"max-image-preview:large","max-video-preview":"max-video-preview:-1"},"canonical":"https:\/\/regiaonews.net.br\/2022\/2024\/06\/17\/unifeb-investe-cerca-de-r-25-mil-em-materiais-esportivos-para-o-curso-de-educacao-fisica\/","og_locale":"pt_BR","og_type":"article","og_title":"UNIFEB investe cerca de R$ 25 mil em materiais esportivos para o curso de Educa\u00e7\u00e3o F\u00edsica - Regi\u00e3o News","og_description":"Os equipamentos t\u00eam qualidade de primeira linha e ser\u00e3o utilizados","og_url":"https:\/\/regiaonews.net.br\/2022\/2024\/06\/17\/unifeb-investe-cerca-de-r-25-mil-em-materiais-esportivos-para-o-curso-de-educacao-fisica\/","og_site_name":"Regi\u00e3o News","article_published_time":"2024-06-17T18:14:56+00:00","og_image":[{"width":1433,"height":1053,"url":"https:\/\/regiaonews.net.br\/2022\/wp-content\/uploads\/2024\/06\/Novos-Materiais-de-Educacao-Fisica.jpeg","type":"image\/jpeg"}],"author":"Roberto","twitter_card":"summary_large_image","twitter_misc":{"Escrito por":"Roberto","Est. tempo de leitura":"3 minutos"},"schema":{"@context":"https:\/\/schema.org","@graph":[{"@type":"Article","@id":"https:\/\/regiaonews.net.br\/2022\/2024\/06\/17\/unifeb-investe-cerca-de-r-25-mil-em-materiais-esportivos-para-o-curso-de-educacao-fisica\/#article","isPartOf":{"@id":"https:\/\/regiaonews.net.br\/2022\/2024\/06\/17\/unifeb-investe-cerca-de-r-25-mil-em-materiais-esportivos-para-o-curso-de-educacao-fisica\/"},"author":{"name":"Roberto","@id":"https:\/\/regiaonews.net.br\/2022\/#\/schema\/person\/2d205a608a5aa97ac279d7a5e6d89ad8"},"headline":"UNIFEB investe cerca de R$ 25 mil em materiais esportivos para o curso de Educa\u00e7\u00e3o F\u00edsica","datePublished":"2024-06-17T18:14:56+00:00","mainEntityOfPage":{"@id":"https:\/\/regiaonews.net.br\/2022\/2024\/06\/17\/unifeb-investe-cerca-de-r-25-mil-em-materiais-esportivos-para-o-curso-de-educacao-fisica\/"},"wordCount":521,"commentCount":0,"publisher":{"@id":"https:\/\/regiaonews.net.br\/2022\/#organization"},"image":{"@id":"https:\/\/regiaonews.net.br\/2022\/2024\/06\/17\/unifeb-investe-cerca-de-r-25-mil-em-materiais-esportivos-para-o-curso-de-educacao-fisica\/#primaryimage"},"thumbnailUrl":"https:\/\/regiaonews.net.br\/2022\/wp-content\/uploads\/2024\/06\/Novos-Materiais-de-Educacao-Fisica.jpeg","articleSection":["Barretos","Cidades"],"inLanguage":"pt-BR","potentialAction":[{"@type":"CommentAction","name":"Comment","target":["https:\/\/regiaonews.net.br\/2022\/2024\/06\/17\/unifeb-investe-cerca-de-r-25-mil-em-materiais-esportivos-para-o-curso-de-educacao-fisica\/#respond"]}]},{"@type":"WebPage","@id":"https:\/\/regiaonews.net.br\/2022\/2024\/06\/17\/unifeb-investe-cerca-de-r-25-mil-em-materiais-esportivos-para-o-curso-de-educacao-fisica\/","url":"https:\/\/regiaonews.net.br\/2022\/2024\/06\/17\/unifeb-investe-cerca-de-r-25-mil-em-materiais-esportivos-para-o-curso-de-educacao-fisica\/","name":"UNIFEB investe cerca de R$ 25 mil em materiais esportivos para o curso de Educa\u00e7\u00e3o F\u00edsica - Regi\u00e3o News","isPartOf":{"@id":"https:\/\/regiaonews.net.br\/2022\/#website"},"primaryImageOfPage":{"@id":"https:\/\/regiaonews.net.br\/2022\/2024\/06\/17\/unifeb-investe-cerca-de-r-25-mil-em-materiais-esportivos-para-o-curso-de-educacao-fisica\/#primaryimage"},"image":{"@id":"https:\/\/regiaonews.net.br\/2022\/2024\/06\/17\/unifeb-investe-cerca-de-r-25-mil-em-materiais-esportivos-para-o-curso-de-educacao-fisica\/#primaryimage"},"thumbnailUrl":"https:\/\/regiaonews.net.br\/2022\/wp-content\/uploads\/2024\/06\/Novos-Materiais-de-Educacao-Fisica.jpeg","datePublished":"2024-06-17T18:14:56+00:00","breadcrumb":{"@id":"https:\/\/regiaonews.net.br\/2022\/2024\/06\/17\/unifeb-investe-cerca-de-r-25-mil-em-materiais-esportivos-para-o-curso-de-educacao-fisica\/#breadcrumb"},"inLanguage":"pt-BR","potentialAction":[{"@type":"ReadAction","target":["https:\/\/regiaonews.net.br\/2022\/2024\/06\/17\/unifeb-investe-cerca-de-r-25-mil-em-materiais-esportivos-para-o-curso-de-educacao-fisica\/"]}]},{"@type":"ImageObject","inLanguage":"pt-BR","@id":"https:\/\/regiaonews.net.br\/2022\/2024\/06\/17\/unifeb-investe-cerca-de-r-25-mil-em-materiais-esportivos-para-o-curso-de-educacao-fisica\/#primaryimage","url":"https:\/\/regiaonews.net.br\/2022\/wp-content\/uploads\/2024\/06\/Novos-Materiais-de-Educacao-Fisica.jpeg","contentUrl":"https:\/\/regiaonews.net.br\/2022\/wp-content\/uploads\/2024\/06\/Novos-Materiais-de-Educacao-Fisica.jpeg","width":1433,"height":1053},{"@type":"BreadcrumbList","@id":"https:\/\/regiaonews.net.br\/2022\/2024\/06\/17\/unifeb-investe-cerca-de-r-25-mil-em-materiais-esportivos-para-o-curso-de-educacao-fisica\/#breadcrumb","itemListElement":[{"@type":"ListItem","position":1,"name":"In\u00edcio","item":"https:\/\/regiaonews.net.br\/2022\/"},{"@type":"ListItem","position":2,"name":"UNIFEB investe cerca de R$ 25 mil em materiais esportivos para o curso de Educa\u00e7\u00e3o F\u00edsica"}]},{"@type":"WebSite","@id":"https:\/\/regiaonews.net.br\/2022\/#website","url":"https:\/\/regiaonews.net.br\/2022\/","name":"Regi\u00e3o News","description":"Site de Not\u00edcias de Barretos e regi\u00e3o","publisher":{"@id":"https:\/\/regiaonews.net.br\/2022\/#organization"},"potentialAction":[{"@type":"SearchAction","target":{"@type":"EntryPoint","urlTemplate":"https:\/\/regiaonews.net.br\/2022\/?s={search_term_string}"},"query-input":{"@type":"PropertyValueSpecification","valueRequired":true,"valueName":"search_term_string"}}],"inLanguage":"pt-BR"},{"@type":"Organization","@id":"https:\/\/regiaonews.net.br\/2022\/#organization","name":"Regi\u00e3o News","url":"https:\/\/regiaonews.net.br\/2022\/","logo":{"@type":"ImageObject","inLanguage":"pt-BR","@id":"https:\/\/regiaonews.net.br\/2022\/#\/schema\/logo\/image\/","url":"https:\/\/regiaonews.net.br\/2022\/wp-content\/uploads\/2026\/03\/regiao-13-anos-scaled.jpg","contentUrl":"https:\/\/regiaonews.net.br\/2022\/wp-content\/uploads\/2026\/03\/regiao-13-anos-scaled.jpg","width":2560,"height":635,"caption":"Regi\u00e3o News"},"image":{"@id":"https:\/\/regiaonews.net.br\/2022\/#\/schema\/logo\/image\/"}},{"@type":"Person","@id":"https:\/\/regiaonews.net.br\/2022\/#\/schema\/person\/2d205a608a5aa97ac279d7a5e6d89ad8","name":"Roberto","image":{"@type":"ImageObject","inLanguage":"pt-BR","@id":"https:\/\/secure.gravatar.com\/avatar\/42749d8b712ff9d59ca93dc150494e5b55a44134482993f5baeb97e61b7ecc89?s=96&d=mm&r=g","url":"https:\/\/secure.gravatar.com\/avatar\/42749d8b712ff9d59ca93dc150494e5b55a44134482993f5baeb97e61b7ecc89?s=96&d=mm&r=g","contentUrl":"https:\/\/secure.gravatar.com\/avatar\/42749d8b712ff9d59ca93dc150494e5b55a44134482993f5baeb97e61b7ecc89?s=96&d=mm&r=g","caption":"Roberto"},"url":"https:\/\/regiaonews.net.br\/2022\/author\/roberto\/"}]}},"publishpress_future_action":{"enabled":false,"date":"2026-05-03 03:44:33","action":"change-status","newStatus":"draft","terms":[],"taxonomy":"category","extraData":[]},"publishpress_future_workflow_manual_trigger":{"enabledWorkflows":[]},"_links":{"self":[{"href":"https:\/\/regiaonews.net.br\/2022\/wp-json\/wp\/v2\/posts\/106423","targetHints":{"allow":["GET"]}}],"collection":[{"href":"https:\/\/regiaonews.net.br\/2022\/wp-json\/wp\/v2\/posts"}],"about":[{"href":"https:\/\/regiaonews.net.br\/2022\/wp-json\/wp\/v2\/types\/post"}],"author":[{"embeddable":true,"href":"https:\/\/regiaonews.net.br\/2022\/wp-json\/wp\/v2\/users\/2"}],"replies":[{"embeddable":true,"href":"https:\/\/regiaonews.net.br\/2022\/wp-json\/wp\/v2\/comments?post=106423"}],"version-history":[{"count":1,"href":"https:\/\/regiaonews.net.br\/2022\/wp-json\/wp\/v2\/posts\/106423\/revisions"}],"predecessor-version":[{"id":106425,"href":"https:\/\/regiaonews.net.br\/2022\/wp-json\/wp\/v2\/posts\/106423\/revisions\/106425"}],"wp:featuredmedia":[{"embeddable":true,"href":"https:\/\/regiaonews.net.br\/2022\/wp-json\/wp\/v2\/media\/106424"}],"wp:attachment":[{"href":"https:\/\/regiaonews.net.br\/2022\/wp-json\/wp\/v2\/media?parent=106423"}],"wp:term":[{"taxonomy":"category","embeddable":true,"href":"https:\/\/regiaonews.net.br\/2022\/wp-json\/wp\/v2\/categories?post=106423"},{"taxonomy":"post_tag","embeddable":true,"href":"https:\/\/regiaonews.net.br\/2022\/wp-json\/wp\/v2\/tags?post=106423"}],"curies":[{"name":"wp","href":"https:\/\/api.w.org\/{rel}","templated":true}]}}