{"id":106415,"date":"2024-06-17T13:55:18","date_gmt":"2024-06-17T16:55:18","guid":{"rendered":"https:\/\/regiaonews.net.br\/2022\/?p=106415"},"modified":"2024-06-17T13:55:18","modified_gmt":"2024-06-17T16:55:18","slug":"golpe-do-falso-frete-divisao-antissequestro-faz-alerta-sobre-falsas-empresas-em-aplicativos","status":"publish","type":"post","link":"https:\/\/regiaonews.net.br\/2022\/2024\/06\/17\/golpe-do-falso-frete-divisao-antissequestro-faz-alerta-sobre-falsas-empresas-em-aplicativos\/","title":{"rendered":"Golpe do falso frete: Divis\u00e3o Antissequestro faz alerta sobre falsas empresas em aplicativos"},"content":{"rendered":"<div class=\"col-lg-12 mt-2\">\n<h3 style=\"text-align: center;\">A pol\u00edcia j\u00e1 prendeu oito suspeitos de envolvimento nos crimes no estado; investiga\u00e7\u00f5es continuam<\/h3>\n<div>A Divis\u00e3o Antissequestro (DAS), em S\u00e3o Paulo, tem trabalhado para desmantelar quadrilhas especializadas no golpe do falso frete. At\u00e9 agora, pelo menos oito suspeitos foram presos no estado. Por\u00e9m, enquanto as investiga\u00e7\u00f5es prosseguem, \u00e9 necess\u00e1rio que os caminhoneiros se atentem aos pedidos de fretes, principalmente, em aplicativos.<\/div>\n<div><\/div>\n<div>O sistema auxilia os trabalhadores e agiliza a contrata\u00e7\u00e3o do servi\u00e7o, por\u00e9m, criminosos se aproveitam disso para aplicar golpes. Por isso, o delegado F\u00e1bio Nelson, respons\u00e1vel pela DAS, alerta os trabalhadores para que se atentem aos pedidos de frete pelos aplicativos.<\/div>\n<div><\/div>\n<div>\u201cAntes de se dirigir at\u00e9 o local indicado, fa\u00e7am uma pesquisa com outros caminhoneiros, olhem o site e as redes sociais para saber se aquela empresa realmente existe. Se sim, liguem e verifiquem se o pedido de frete por meio do aplicativo de fato foi solicitado, porque esses golpistas tamb\u00e9m podem se passar por funcion\u00e1rios da empresa\u201d, alertou o delegado.<\/div>\n<div><\/div>\n<div>Segundo a Divis\u00e3o Antissequestro, a quadrilha \u00e9 dividida em \u201csetores\u201d com criminosos encarregados de cuidar da log\u00edstica, do cativeiro e do caminh\u00e3o. Durante os trabalhos de investiga\u00e7\u00e3o, os policiais conseguiram identificar e prender os suspeitos envolvidos nesses crimes. Conforme a apura\u00e7\u00e3o, os ve\u00edculos, na maioria das vezes, s\u00e3o levados para outras regi\u00f5es do estado, sendo que, em determinados casos, at\u00e9 ultrapassam as divisas.<\/div>\n<div><\/div>\n<div>As ocorr\u00eancias do golpe do falso frente come\u00e7aram a ser registradas no fim do ano passado e, segundo o delegado, n\u00e3o houve uma \u201cexplos\u00e3o\u201d de casos, mas \u00e9 &#8220;um fen\u00f4meno que est\u00e1 sendo investigado para que n\u00e3o haja mais v\u00edtimas\u201d.<\/div>\n<div><\/div>\n<div><b>In\u00edcio das investiga\u00e7\u00f5es<\/b><\/div>\n<div><\/div>\n<div>As investiga\u00e7\u00f5es se iniciaram ap\u00f3s o registro de duas ocorr\u00eancias nos mesmos \u201cmoldes\u201d. Os suspeitos se infiltravam nos aplicativos e anunciavam os trabalhos, oferecendo um pagamento falso para o frete. Quando as v\u00edtimas chegavam ao local, eram sequestradas e roubadas.<\/div>\n<div><\/div>\n<div>No in\u00edcio do ano, tr\u00eas homens suspeitos de integrarem a quadrilha foram detidos em Guarulhos, na regi\u00e3o metropolitana de S\u00e3o Paulo.<\/div>\n<div><\/div>\n<div>Um homem foi preso no dia 7 deste m\u00eas. Outros quatro envolvidos no crime tamb\u00e9m foram detidos na \u00faltima segunda-feira (10). Uma opera\u00e7\u00e3o, com mandados de busca, apreens\u00e3o e pris\u00e3o, emitidos pela Justi\u00e7a, foi realizada para deter os suspeitos.<\/div>\n<div><\/div>\n<div>\u201cPor meio desse trabalho investigativo conseguimos chegar \u00e0s quadrilhas que agem na regi\u00e3o metropolitana. A apura\u00e7\u00e3o prossegue para identificar outros envolvidos nos golpes\u201d, concluiu o delegado respons\u00e1vel pela DAS.<\/div>\n<\/div>\n<div class=\"col-lg-12\"><\/div>\n","protected":false},"excerpt":{"rendered":"<p>A pol\u00edcia j\u00e1 prendeu oito suspeitos de envolvimento nos crimes<\/p>\n","protected":false},"author":2,"featured_media":106416,"comment_status":"open","ping_status":"open","sticky":false,"template":"","format":"standard","meta":{"footnotes":""},"categories":[7,23],"tags":[],"class_list":["post-106415","post","type-post","status-publish","format-standard","has-post-thumbnail","hentry","category-estado-de-sao-paulo","category-policia"],"yoast_head":"<!-- This site is optimized with the Yoast SEO plugin v27.4 - https:\/\/yoast.com\/product\/yoast-seo-wordpress\/ -->\n<title>Golpe do falso frete: Divis\u00e3o Antissequestro faz alerta sobre falsas empresas em aplicativos - Regi\u00e3o News<\/title>\n<meta name=\"robots\" content=\"index, follow, max-snippet:-1, max-image-preview:large, max-video-preview:-1\" \/>\n<link rel=\"canonical\" href=\"https:\/\/regiaonews.net.br\/2022\/2024\/06\/17\/golpe-do-falso-frete-divisao-antissequestro-faz-alerta-sobre-falsas-empresas-em-aplicativos\/\" \/>\n<meta property=\"og:locale\" content=\"pt_BR\" \/>\n<meta property=\"og:type\" content=\"article\" \/>\n<meta property=\"og:title\" content=\"Golpe do falso frete: Divis\u00e3o Antissequestro faz alerta sobre falsas empresas em aplicativos - Regi\u00e3o News\" \/>\n<meta property=\"og:description\" content=\"A pol\u00edcia j\u00e1 prendeu oito suspeitos de envolvimento nos crimes\" \/>\n<meta property=\"og:url\" content=\"https:\/\/regiaonews.net.br\/2022\/2024\/06\/17\/golpe-do-falso-frete-divisao-antissequestro-faz-alerta-sobre-falsas-empresas-em-aplicativos\/\" \/>\n<meta property=\"og:site_name\" content=\"Regi\u00e3o News\" \/>\n<meta property=\"article:published_time\" content=\"2024-06-17T16:55:18+00:00\" \/>\n<meta property=\"og:image\" content=\"https:\/\/regiaonews.net.br\/2022\/wp-content\/uploads\/2024\/06\/00055117.jpg\" \/>\n\t<meta property=\"og:image:width\" content=\"1600\" \/>\n\t<meta property=\"og:image:height\" content=\"936\" \/>\n\t<meta property=\"og:image:type\" content=\"image\/jpeg\" \/>\n<meta name=\"author\" content=\"Roberto\" \/>\n<meta name=\"twitter:card\" content=\"summary_large_image\" \/>\n<meta name=\"twitter:label1\" content=\"Escrito por\" \/>\n\t<meta name=\"twitter:data1\" content=\"Roberto\" \/>\n\t<meta name=\"twitter:label2\" content=\"Est. tempo de leitura\" \/>\n\t<meta name=\"twitter:data2\" content=\"3 minutos\" \/>\n<script type=\"application\/ld+json\" class=\"yoast-schema-graph\">{\"@context\":\"https:\\\/\\\/schema.org\",\"@graph\":[{\"@type\":\"Article\",\"@id\":\"https:\\\/\\\/regiaonews.net.br\\\/2022\\\/2024\\\/06\\\/17\\\/golpe-do-falso-frete-divisao-antissequestro-faz-alerta-sobre-falsas-empresas-em-aplicativos\\\/#article\",\"isPartOf\":{\"@id\":\"https:\\\/\\\/regiaonews.net.br\\\/2022\\\/2024\\\/06\\\/17\\\/golpe-do-falso-frete-divisao-antissequestro-faz-alerta-sobre-falsas-empresas-em-aplicativos\\\/\"},\"author\":{\"name\":\"Roberto\",\"@id\":\"https:\\\/\\\/regiaonews.net.br\\\/2022\\\/#\\\/schema\\\/person\\\/2d205a608a5aa97ac279d7a5e6d89ad8\"},\"headline\":\"Golpe do falso frete: Divis\u00e3o Antissequestro faz alerta sobre falsas empresas em aplicativos\",\"datePublished\":\"2024-06-17T16:55:18+00:00\",\"mainEntityOfPage\":{\"@id\":\"https:\\\/\\\/regiaonews.net.br\\\/2022\\\/2024\\\/06\\\/17\\\/golpe-do-falso-frete-divisao-antissequestro-faz-alerta-sobre-falsas-empresas-em-aplicativos\\\/\"},\"wordCount\":455,\"commentCount\":0,\"publisher\":{\"@id\":\"https:\\\/\\\/regiaonews.net.br\\\/2022\\\/#organization\"},\"image\":{\"@id\":\"https:\\\/\\\/regiaonews.net.br\\\/2022\\\/2024\\\/06\\\/17\\\/golpe-do-falso-frete-divisao-antissequestro-faz-alerta-sobre-falsas-empresas-em-aplicativos\\\/#primaryimage\"},\"thumbnailUrl\":\"https:\\\/\\\/regiaonews.net.br\\\/2022\\\/wp-content\\\/uploads\\\/2024\\\/06\\\/00055117.jpg\",\"articleSection\":[\"Estado de S\u00e3o Paulo\",\"Policia\"],\"inLanguage\":\"pt-BR\",\"potentialAction\":[{\"@type\":\"CommentAction\",\"name\":\"Comment\",\"target\":[\"https:\\\/\\\/regiaonews.net.br\\\/2022\\\/2024\\\/06\\\/17\\\/golpe-do-falso-frete-divisao-antissequestro-faz-alerta-sobre-falsas-empresas-em-aplicativos\\\/#respond\"]}]},{\"@type\":\"WebPage\",\"@id\":\"https:\\\/\\\/regiaonews.net.br\\\/2022\\\/2024\\\/06\\\/17\\\/golpe-do-falso-frete-divisao-antissequestro-faz-alerta-sobre-falsas-empresas-em-aplicativos\\\/\",\"url\":\"https:\\\/\\\/regiaonews.net.br\\\/2022\\\/2024\\\/06\\\/17\\\/golpe-do-falso-frete-divisao-antissequestro-faz-alerta-sobre-falsas-empresas-em-aplicativos\\\/\",\"name\":\"Golpe do falso frete: Divis\u00e3o Antissequestro faz alerta sobre falsas empresas em aplicativos - Regi\u00e3o News\",\"isPartOf\":{\"@id\":\"https:\\\/\\\/regiaonews.net.br\\\/2022\\\/#website\"},\"primaryImageOfPage\":{\"@id\":\"https:\\\/\\\/regiaonews.net.br\\\/2022\\\/2024\\\/06\\\/17\\\/golpe-do-falso-frete-divisao-antissequestro-faz-alerta-sobre-falsas-empresas-em-aplicativos\\\/#primaryimage\"},\"image\":{\"@id\":\"https:\\\/\\\/regiaonews.net.br\\\/2022\\\/2024\\\/06\\\/17\\\/golpe-do-falso-frete-divisao-antissequestro-faz-alerta-sobre-falsas-empresas-em-aplicativos\\\/#primaryimage\"},\"thumbnailUrl\":\"https:\\\/\\\/regiaonews.net.br\\\/2022\\\/wp-content\\\/uploads\\\/2024\\\/06\\\/00055117.jpg\",\"datePublished\":\"2024-06-17T16:55:18+00:00\",\"breadcrumb\":{\"@id\":\"https:\\\/\\\/regiaonews.net.br\\\/2022\\\/2024\\\/06\\\/17\\\/golpe-do-falso-frete-divisao-antissequestro-faz-alerta-sobre-falsas-empresas-em-aplicativos\\\/#breadcrumb\"},\"inLanguage\":\"pt-BR\",\"potentialAction\":[{\"@type\":\"ReadAction\",\"target\":[\"https:\\\/\\\/regiaonews.net.br\\\/2022\\\/2024\\\/06\\\/17\\\/golpe-do-falso-frete-divisao-antissequestro-faz-alerta-sobre-falsas-empresas-em-aplicativos\\\/\"]}]},{\"@type\":\"ImageObject\",\"inLanguage\":\"pt-BR\",\"@id\":\"https:\\\/\\\/regiaonews.net.br\\\/2022\\\/2024\\\/06\\\/17\\\/golpe-do-falso-frete-divisao-antissequestro-faz-alerta-sobre-falsas-empresas-em-aplicativos\\\/#primaryimage\",\"url\":\"https:\\\/\\\/regiaonews.net.br\\\/2022\\\/wp-content\\\/uploads\\\/2024\\\/06\\\/00055117.jpg\",\"contentUrl\":\"https:\\\/\\\/regiaonews.net.br\\\/2022\\\/wp-content\\\/uploads\\\/2024\\\/06\\\/00055117.jpg\",\"width\":1600,\"height\":936},{\"@type\":\"BreadcrumbList\",\"@id\":\"https:\\\/\\\/regiaonews.net.br\\\/2022\\\/2024\\\/06\\\/17\\\/golpe-do-falso-frete-divisao-antissequestro-faz-alerta-sobre-falsas-empresas-em-aplicativos\\\/#breadcrumb\",\"itemListElement\":[{\"@type\":\"ListItem\",\"position\":1,\"name\":\"In\u00edcio\",\"item\":\"https:\\\/\\\/regiaonews.net.br\\\/2022\\\/\"},{\"@type\":\"ListItem\",\"position\":2,\"name\":\"Golpe do falso frete: Divis\u00e3o Antissequestro faz alerta sobre falsas empresas em aplicativos\"}]},{\"@type\":\"WebSite\",\"@id\":\"https:\\\/\\\/regiaonews.net.br\\\/2022\\\/#website\",\"url\":\"https:\\\/\\\/regiaonews.net.br\\\/2022\\\/\",\"name\":\"Regi\u00e3o News\",\"description\":\"Site de Not\u00edcias de Barretos e regi\u00e3o\",\"publisher\":{\"@id\":\"https:\\\/\\\/regiaonews.net.br\\\/2022\\\/#organization\"},\"potentialAction\":[{\"@type\":\"SearchAction\",\"target\":{\"@type\":\"EntryPoint\",\"urlTemplate\":\"https:\\\/\\\/regiaonews.net.br\\\/2022\\\/?s={search_term_string}\"},\"query-input\":{\"@type\":\"PropertyValueSpecification\",\"valueRequired\":true,\"valueName\":\"search_term_string\"}}],\"inLanguage\":\"pt-BR\"},{\"@type\":\"Organization\",\"@id\":\"https:\\\/\\\/regiaonews.net.br\\\/2022\\\/#organization\",\"name\":\"Regi\u00e3o News\",\"url\":\"https:\\\/\\\/regiaonews.net.br\\\/2022\\\/\",\"logo\":{\"@type\":\"ImageObject\",\"inLanguage\":\"pt-BR\",\"@id\":\"https:\\\/\\\/regiaonews.net.br\\\/2022\\\/#\\\/schema\\\/logo\\\/image\\\/\",\"url\":\"https:\\\/\\\/regiaonews.net.br\\\/2022\\\/wp-content\\\/uploads\\\/2026\\\/03\\\/regiao-13-anos-scaled.jpg\",\"contentUrl\":\"https:\\\/\\\/regiaonews.net.br\\\/2022\\\/wp-content\\\/uploads\\\/2026\\\/03\\\/regiao-13-anos-scaled.jpg\",\"width\":2560,\"height\":635,\"caption\":\"Regi\u00e3o News\"},\"image\":{\"@id\":\"https:\\\/\\\/regiaonews.net.br\\\/2022\\\/#\\\/schema\\\/logo\\\/image\\\/\"}},{\"@type\":\"Person\",\"@id\":\"https:\\\/\\\/regiaonews.net.br\\\/2022\\\/#\\\/schema\\\/person\\\/2d205a608a5aa97ac279d7a5e6d89ad8\",\"name\":\"Roberto\",\"image\":{\"@type\":\"ImageObject\",\"inLanguage\":\"pt-BR\",\"@id\":\"https:\\\/\\\/secure.gravatar.com\\\/avatar\\\/42749d8b712ff9d59ca93dc150494e5b55a44134482993f5baeb97e61b7ecc89?s=96&d=mm&r=g\",\"url\":\"https:\\\/\\\/secure.gravatar.com\\\/avatar\\\/42749d8b712ff9d59ca93dc150494e5b55a44134482993f5baeb97e61b7ecc89?s=96&d=mm&r=g\",\"contentUrl\":\"https:\\\/\\\/secure.gravatar.com\\\/avatar\\\/42749d8b712ff9d59ca93dc150494e5b55a44134482993f5baeb97e61b7ecc89?s=96&d=mm&r=g\",\"caption\":\"Roberto\"},\"url\":\"https:\\\/\\\/regiaonews.net.br\\\/2022\\\/author\\\/roberto\\\/\"}]}<\/script>\n<!-- \/ Yoast SEO plugin. -->","yoast_head_json":{"title":"Golpe do falso frete: Divis\u00e3o Antissequestro faz alerta sobre falsas empresas em aplicativos - Regi\u00e3o News","robots":{"index":"index","follow":"follow","max-snippet":"max-snippet:-1","max-image-preview":"max-image-preview:large","max-video-preview":"max-video-preview:-1"},"canonical":"https:\/\/regiaonews.net.br\/2022\/2024\/06\/17\/golpe-do-falso-frete-divisao-antissequestro-faz-alerta-sobre-falsas-empresas-em-aplicativos\/","og_locale":"pt_BR","og_type":"article","og_title":"Golpe do falso frete: Divis\u00e3o Antissequestro faz alerta sobre falsas empresas em aplicativos - Regi\u00e3o News","og_description":"A pol\u00edcia j\u00e1 prendeu oito suspeitos de envolvimento nos crimes","og_url":"https:\/\/regiaonews.net.br\/2022\/2024\/06\/17\/golpe-do-falso-frete-divisao-antissequestro-faz-alerta-sobre-falsas-empresas-em-aplicativos\/","og_site_name":"Regi\u00e3o News","article_published_time":"2024-06-17T16:55:18+00:00","og_image":[{"width":1600,"height":936,"url":"https:\/\/regiaonews.net.br\/2022\/wp-content\/uploads\/2024\/06\/00055117.jpg","type":"image\/jpeg"}],"author":"Roberto","twitter_card":"summary_large_image","twitter_misc":{"Escrito por":"Roberto","Est. tempo de leitura":"3 minutos"},"schema":{"@context":"https:\/\/schema.org","@graph":[{"@type":"Article","@id":"https:\/\/regiaonews.net.br\/2022\/2024\/06\/17\/golpe-do-falso-frete-divisao-antissequestro-faz-alerta-sobre-falsas-empresas-em-aplicativos\/#article","isPartOf":{"@id":"https:\/\/regiaonews.net.br\/2022\/2024\/06\/17\/golpe-do-falso-frete-divisao-antissequestro-faz-alerta-sobre-falsas-empresas-em-aplicativos\/"},"author":{"name":"Roberto","@id":"https:\/\/regiaonews.net.br\/2022\/#\/schema\/person\/2d205a608a5aa97ac279d7a5e6d89ad8"},"headline":"Golpe do falso frete: Divis\u00e3o Antissequestro faz alerta sobre falsas empresas em aplicativos","datePublished":"2024-06-17T16:55:18+00:00","mainEntityOfPage":{"@id":"https:\/\/regiaonews.net.br\/2022\/2024\/06\/17\/golpe-do-falso-frete-divisao-antissequestro-faz-alerta-sobre-falsas-empresas-em-aplicativos\/"},"wordCount":455,"commentCount":0,"publisher":{"@id":"https:\/\/regiaonews.net.br\/2022\/#organization"},"image":{"@id":"https:\/\/regiaonews.net.br\/2022\/2024\/06\/17\/golpe-do-falso-frete-divisao-antissequestro-faz-alerta-sobre-falsas-empresas-em-aplicativos\/#primaryimage"},"thumbnailUrl":"https:\/\/regiaonews.net.br\/2022\/wp-content\/uploads\/2024\/06\/00055117.jpg","articleSection":["Estado de S\u00e3o Paulo","Policia"],"inLanguage":"pt-BR","potentialAction":[{"@type":"CommentAction","name":"Comment","target":["https:\/\/regiaonews.net.br\/2022\/2024\/06\/17\/golpe-do-falso-frete-divisao-antissequestro-faz-alerta-sobre-falsas-empresas-em-aplicativos\/#respond"]}]},{"@type":"WebPage","@id":"https:\/\/regiaonews.net.br\/2022\/2024\/06\/17\/golpe-do-falso-frete-divisao-antissequestro-faz-alerta-sobre-falsas-empresas-em-aplicativos\/","url":"https:\/\/regiaonews.net.br\/2022\/2024\/06\/17\/golpe-do-falso-frete-divisao-antissequestro-faz-alerta-sobre-falsas-empresas-em-aplicativos\/","name":"Golpe do falso frete: Divis\u00e3o Antissequestro faz alerta sobre falsas empresas em aplicativos - Regi\u00e3o News","isPartOf":{"@id":"https:\/\/regiaonews.net.br\/2022\/#website"},"primaryImageOfPage":{"@id":"https:\/\/regiaonews.net.br\/2022\/2024\/06\/17\/golpe-do-falso-frete-divisao-antissequestro-faz-alerta-sobre-falsas-empresas-em-aplicativos\/#primaryimage"},"image":{"@id":"https:\/\/regiaonews.net.br\/2022\/2024\/06\/17\/golpe-do-falso-frete-divisao-antissequestro-faz-alerta-sobre-falsas-empresas-em-aplicativos\/#primaryimage"},"thumbnailUrl":"https:\/\/regiaonews.net.br\/2022\/wp-content\/uploads\/2024\/06\/00055117.jpg","datePublished":"2024-06-17T16:55:18+00:00","breadcrumb":{"@id":"https:\/\/regiaonews.net.br\/2022\/2024\/06\/17\/golpe-do-falso-frete-divisao-antissequestro-faz-alerta-sobre-falsas-empresas-em-aplicativos\/#breadcrumb"},"inLanguage":"pt-BR","potentialAction":[{"@type":"ReadAction","target":["https:\/\/regiaonews.net.br\/2022\/2024\/06\/17\/golpe-do-falso-frete-divisao-antissequestro-faz-alerta-sobre-falsas-empresas-em-aplicativos\/"]}]},{"@type":"ImageObject","inLanguage":"pt-BR","@id":"https:\/\/regiaonews.net.br\/2022\/2024\/06\/17\/golpe-do-falso-frete-divisao-antissequestro-faz-alerta-sobre-falsas-empresas-em-aplicativos\/#primaryimage","url":"https:\/\/regiaonews.net.br\/2022\/wp-content\/uploads\/2024\/06\/00055117.jpg","contentUrl":"https:\/\/regiaonews.net.br\/2022\/wp-content\/uploads\/2024\/06\/00055117.jpg","width":1600,"height":936},{"@type":"BreadcrumbList","@id":"https:\/\/regiaonews.net.br\/2022\/2024\/06\/17\/golpe-do-falso-frete-divisao-antissequestro-faz-alerta-sobre-falsas-empresas-em-aplicativos\/#breadcrumb","itemListElement":[{"@type":"ListItem","position":1,"name":"In\u00edcio","item":"https:\/\/regiaonews.net.br\/2022\/"},{"@type":"ListItem","position":2,"name":"Golpe do falso frete: Divis\u00e3o Antissequestro faz alerta sobre falsas empresas em aplicativos"}]},{"@type":"WebSite","@id":"https:\/\/regiaonews.net.br\/2022\/#website","url":"https:\/\/regiaonews.net.br\/2022\/","name":"Regi\u00e3o News","description":"Site de Not\u00edcias de Barretos e regi\u00e3o","publisher":{"@id":"https:\/\/regiaonews.net.br\/2022\/#organization"},"potentialAction":[{"@type":"SearchAction","target":{"@type":"EntryPoint","urlTemplate":"https:\/\/regiaonews.net.br\/2022\/?s={search_term_string}"},"query-input":{"@type":"PropertyValueSpecification","valueRequired":true,"valueName":"search_term_string"}}],"inLanguage":"pt-BR"},{"@type":"Organization","@id":"https:\/\/regiaonews.net.br\/2022\/#organization","name":"Regi\u00e3o News","url":"https:\/\/regiaonews.net.br\/2022\/","logo":{"@type":"ImageObject","inLanguage":"pt-BR","@id":"https:\/\/regiaonews.net.br\/2022\/#\/schema\/logo\/image\/","url":"https:\/\/regiaonews.net.br\/2022\/wp-content\/uploads\/2026\/03\/regiao-13-anos-scaled.jpg","contentUrl":"https:\/\/regiaonews.net.br\/2022\/wp-content\/uploads\/2026\/03\/regiao-13-anos-scaled.jpg","width":2560,"height":635,"caption":"Regi\u00e3o News"},"image":{"@id":"https:\/\/regiaonews.net.br\/2022\/#\/schema\/logo\/image\/"}},{"@type":"Person","@id":"https:\/\/regiaonews.net.br\/2022\/#\/schema\/person\/2d205a608a5aa97ac279d7a5e6d89ad8","name":"Roberto","image":{"@type":"ImageObject","inLanguage":"pt-BR","@id":"https:\/\/secure.gravatar.com\/avatar\/42749d8b712ff9d59ca93dc150494e5b55a44134482993f5baeb97e61b7ecc89?s=96&d=mm&r=g","url":"https:\/\/secure.gravatar.com\/avatar\/42749d8b712ff9d59ca93dc150494e5b55a44134482993f5baeb97e61b7ecc89?s=96&d=mm&r=g","contentUrl":"https:\/\/secure.gravatar.com\/avatar\/42749d8b712ff9d59ca93dc150494e5b55a44134482993f5baeb97e61b7ecc89?s=96&d=mm&r=g","caption":"Roberto"},"url":"https:\/\/regiaonews.net.br\/2022\/author\/roberto\/"}]}},"publishpress_future_action":{"enabled":false,"date":"2026-05-03 05:52:13","action":"change-status","newStatus":"draft","terms":[],"taxonomy":"category","extraData":[]},"publishpress_future_workflow_manual_trigger":{"enabledWorkflows":[]},"_links":{"self":[{"href":"https:\/\/regiaonews.net.br\/2022\/wp-json\/wp\/v2\/posts\/106415","targetHints":{"allow":["GET"]}}],"collection":[{"href":"https:\/\/regiaonews.net.br\/2022\/wp-json\/wp\/v2\/posts"}],"about":[{"href":"https:\/\/regiaonews.net.br\/2022\/wp-json\/wp\/v2\/types\/post"}],"author":[{"embeddable":true,"href":"https:\/\/regiaonews.net.br\/2022\/wp-json\/wp\/v2\/users\/2"}],"replies":[{"embeddable":true,"href":"https:\/\/regiaonews.net.br\/2022\/wp-json\/wp\/v2\/comments?post=106415"}],"version-history":[{"count":1,"href":"https:\/\/regiaonews.net.br\/2022\/wp-json\/wp\/v2\/posts\/106415\/revisions"}],"predecessor-version":[{"id":106417,"href":"https:\/\/regiaonews.net.br\/2022\/wp-json\/wp\/v2\/posts\/106415\/revisions\/106417"}],"wp:featuredmedia":[{"embeddable":true,"href":"https:\/\/regiaonews.net.br\/2022\/wp-json\/wp\/v2\/media\/106416"}],"wp:attachment":[{"href":"https:\/\/regiaonews.net.br\/2022\/wp-json\/wp\/v2\/media?parent=106415"}],"wp:term":[{"taxonomy":"category","embeddable":true,"href":"https:\/\/regiaonews.net.br\/2022\/wp-json\/wp\/v2\/categories?post=106415"},{"taxonomy":"post_tag","embeddable":true,"href":"https:\/\/regiaonews.net.br\/2022\/wp-json\/wp\/v2\/tags?post=106415"}],"curies":[{"name":"wp","href":"https:\/\/api.w.org\/{rel}","templated":true}]}}