{"id":106354,"date":"2024-06-15T09:41:04","date_gmt":"2024-06-15T12:41:04","guid":{"rendered":"https:\/\/regiaonews.net.br\/2022\/?p=106354"},"modified":"2024-06-15T09:42:07","modified_gmt":"2024-06-15T12:42:07","slug":"tourinho-enfrenta-o-sao-paulo-e-pinda-pelo-paulista-de-base","status":"publish","type":"post","link":"https:\/\/regiaonews.net.br\/2022\/2024\/06\/15\/tourinho-enfrenta-o-sao-paulo-e-pinda-pelo-paulista-de-base\/","title":{"rendered":"Tourinho enfrenta o S\u00e3o Paulo e Pinda pelo Paulista de base"},"content":{"rendered":"<p>As equipes do Barretos Esporte Clube estreiam hoje (15), na segunda fase do Campeonato Paulista categorias Sub-15 e Sub-17, no est\u00e1dio Fortaleza. O time Sub-15, comandado pelo treinador Alan Kardec de Souza, pelo segundo ano consecutivo consegue a classifica\u00e7\u00e3o e ter\u00e1 como advers\u00e1rio o S\u00e3o Paulo na partida de estreia, agendada para as 9h. \u201c\u00c9 um jogo dif\u00edcil, a gente est\u00e1 bem preparado para fazer esse jogo. \u00c9 uma oportunidade \u00fanica, o ano passado tivemos a oportunidade de trazer o Corinthians e o Ituano e agora o S\u00e3o Paulo e o Ituano novamente. A gente trabalha mentalmente esses garotos, porque se jogarem bem poder\u00e3o ir para outras equipes\u201d, destacou o treinador.<\/p>\n<p>J\u00e1 a equipe Sub-17, est\u00e1 classificada pelo terceiro ano consecutivo, e estreia diante do Pinda, de Pindamonhangaba, \u00e0s 11h. O treinador Wagner Campagnuolo, disse que foi realizado um trabalho t\u00e9cnico, t\u00e1tico, f\u00edsico e mentalmente para enfrentar a equipe do Pinda que \u00e9 \u00a0advers\u00e1rio muito qualificado \u00a0e desenvolvido por um projeto de investidores daquela cidade. \u00a0\u201cSe estrearmos com vit\u00f3ria, \u00e9 muito importante para a terceira fase\u201d, destacou Waguinho. O Sub-17, al\u00e9m do Pinda tem como advers\u00e1rios a Ponte Preta e Ibrachina, enquanto o Sub-15, tem o S\u00e3o Paulo, Brasilis e Ituano<\/p>\n<p>A entrada \u00e9 gratuita no est\u00e1dio e a expectativa \u00e9 de receber um grande p\u00fablico apoiando os jovens atletas barretenses.<\/p>\n","protected":false},"excerpt":{"rendered":"<p>As equipes do Barretos Esporte Clube estreiam hoje (15), na<\/p>\n","protected":false},"author":2,"featured_media":106355,"comment_status":"open","ping_status":"open","sticky":false,"template":"","format":"standard","meta":{"footnotes":""},"categories":[183,21],"tags":[],"class_list":["post-106354","post","type-post","status-publish","format-standard","has-post-thumbnail","hentry","category-campeonato-paulista","category-esporte"],"yoast_head":"<!-- This site is optimized with the Yoast SEO plugin v27.4 - https:\/\/yoast.com\/product\/yoast-seo-wordpress\/ -->\n<title>Tourinho enfrenta o S\u00e3o Paulo e Pinda pelo Paulista de base - Regi\u00e3o News<\/title>\n<meta name=\"robots\" content=\"index, follow, max-snippet:-1, max-image-preview:large, max-video-preview:-1\" \/>\n<link rel=\"canonical\" href=\"https:\/\/regiaonews.net.br\/2022\/2024\/06\/15\/tourinho-enfrenta-o-sao-paulo-e-pinda-pelo-paulista-de-base\/\" \/>\n<meta property=\"og:locale\" content=\"pt_BR\" \/>\n<meta property=\"og:type\" content=\"article\" \/>\n<meta property=\"og:title\" content=\"Tourinho enfrenta o S\u00e3o Paulo e Pinda pelo Paulista de base - Regi\u00e3o News\" \/>\n<meta property=\"og:description\" content=\"As equipes do Barretos Esporte Clube estreiam hoje (15), na\" \/>\n<meta property=\"og:url\" content=\"https:\/\/regiaonews.net.br\/2022\/2024\/06\/15\/tourinho-enfrenta-o-sao-paulo-e-pinda-pelo-paulista-de-base\/\" \/>\n<meta property=\"og:site_name\" content=\"Regi\u00e3o News\" \/>\n<meta property=\"article:published_time\" content=\"2024-06-15T12:41:04+00:00\" \/>\n<meta property=\"article:modified_time\" content=\"2024-06-15T12:42:07+00:00\" \/>\n<meta property=\"og:image\" content=\"https:\/\/regiaonews.net.br\/2022\/wp-content\/uploads\/2024\/06\/WhatsApp-Image-2024-06-08-at-14.34.09.jpeg\" \/>\n\t<meta property=\"og:image:width\" content=\"1600\" \/>\n\t<meta property=\"og:image:height\" content=\"1066\" \/>\n\t<meta property=\"og:image:type\" content=\"image\/jpeg\" \/>\n<meta name=\"author\" content=\"Roberto\" \/>\n<meta name=\"twitter:card\" content=\"summary_large_image\" \/>\n<meta name=\"twitter:label1\" content=\"Escrito por\" \/>\n\t<meta name=\"twitter:data1\" content=\"Roberto\" \/>\n\t<meta name=\"twitter:label2\" content=\"Est. tempo de leitura\" \/>\n\t<meta name=\"twitter:data2\" content=\"2 minutos\" \/>\n<script type=\"application\/ld+json\" class=\"yoast-schema-graph\">{\"@context\":\"https:\\\/\\\/schema.org\",\"@graph\":[{\"@type\":\"Article\",\"@id\":\"https:\\\/\\\/regiaonews.net.br\\\/2022\\\/2024\\\/06\\\/15\\\/tourinho-enfrenta-o-sao-paulo-e-pinda-pelo-paulista-de-base\\\/#article\",\"isPartOf\":{\"@id\":\"https:\\\/\\\/regiaonews.net.br\\\/2022\\\/2024\\\/06\\\/15\\\/tourinho-enfrenta-o-sao-paulo-e-pinda-pelo-paulista-de-base\\\/\"},\"author\":{\"name\":\"Roberto\",\"@id\":\"https:\\\/\\\/regiaonews.net.br\\\/2022\\\/#\\\/schema\\\/person\\\/2d205a608a5aa97ac279d7a5e6d89ad8\"},\"headline\":\"Tourinho enfrenta o S\u00e3o Paulo e Pinda pelo Paulista de base\",\"datePublished\":\"2024-06-15T12:41:04+00:00\",\"dateModified\":\"2024-06-15T12:42:07+00:00\",\"mainEntityOfPage\":{\"@id\":\"https:\\\/\\\/regiaonews.net.br\\\/2022\\\/2024\\\/06\\\/15\\\/tourinho-enfrenta-o-sao-paulo-e-pinda-pelo-paulista-de-base\\\/\"},\"wordCount\":243,\"commentCount\":0,\"publisher\":{\"@id\":\"https:\\\/\\\/regiaonews.net.br\\\/2022\\\/#organization\"},\"image\":{\"@id\":\"https:\\\/\\\/regiaonews.net.br\\\/2022\\\/2024\\\/06\\\/15\\\/tourinho-enfrenta-o-sao-paulo-e-pinda-pelo-paulista-de-base\\\/#primaryimage\"},\"thumbnailUrl\":\"https:\\\/\\\/regiaonews.net.br\\\/2022\\\/wp-content\\\/uploads\\\/2024\\\/06\\\/WhatsApp-Image-2024-06-08-at-14.34.09.jpeg\",\"articleSection\":[\"Campeonato Paulista\",\"Esporte\"],\"inLanguage\":\"pt-BR\",\"potentialAction\":[{\"@type\":\"CommentAction\",\"name\":\"Comment\",\"target\":[\"https:\\\/\\\/regiaonews.net.br\\\/2022\\\/2024\\\/06\\\/15\\\/tourinho-enfrenta-o-sao-paulo-e-pinda-pelo-paulista-de-base\\\/#respond\"]}]},{\"@type\":\"WebPage\",\"@id\":\"https:\\\/\\\/regiaonews.net.br\\\/2022\\\/2024\\\/06\\\/15\\\/tourinho-enfrenta-o-sao-paulo-e-pinda-pelo-paulista-de-base\\\/\",\"url\":\"https:\\\/\\\/regiaonews.net.br\\\/2022\\\/2024\\\/06\\\/15\\\/tourinho-enfrenta-o-sao-paulo-e-pinda-pelo-paulista-de-base\\\/\",\"name\":\"Tourinho enfrenta o S\u00e3o Paulo e Pinda pelo Paulista de base - Regi\u00e3o News\",\"isPartOf\":{\"@id\":\"https:\\\/\\\/regiaonews.net.br\\\/2022\\\/#website\"},\"primaryImageOfPage\":{\"@id\":\"https:\\\/\\\/regiaonews.net.br\\\/2022\\\/2024\\\/06\\\/15\\\/tourinho-enfrenta-o-sao-paulo-e-pinda-pelo-paulista-de-base\\\/#primaryimage\"},\"image\":{\"@id\":\"https:\\\/\\\/regiaonews.net.br\\\/2022\\\/2024\\\/06\\\/15\\\/tourinho-enfrenta-o-sao-paulo-e-pinda-pelo-paulista-de-base\\\/#primaryimage\"},\"thumbnailUrl\":\"https:\\\/\\\/regiaonews.net.br\\\/2022\\\/wp-content\\\/uploads\\\/2024\\\/06\\\/WhatsApp-Image-2024-06-08-at-14.34.09.jpeg\",\"datePublished\":\"2024-06-15T12:41:04+00:00\",\"dateModified\":\"2024-06-15T12:42:07+00:00\",\"breadcrumb\":{\"@id\":\"https:\\\/\\\/regiaonews.net.br\\\/2022\\\/2024\\\/06\\\/15\\\/tourinho-enfrenta-o-sao-paulo-e-pinda-pelo-paulista-de-base\\\/#breadcrumb\"},\"inLanguage\":\"pt-BR\",\"potentialAction\":[{\"@type\":\"ReadAction\",\"target\":[\"https:\\\/\\\/regiaonews.net.br\\\/2022\\\/2024\\\/06\\\/15\\\/tourinho-enfrenta-o-sao-paulo-e-pinda-pelo-paulista-de-base\\\/\"]}]},{\"@type\":\"ImageObject\",\"inLanguage\":\"pt-BR\",\"@id\":\"https:\\\/\\\/regiaonews.net.br\\\/2022\\\/2024\\\/06\\\/15\\\/tourinho-enfrenta-o-sao-paulo-e-pinda-pelo-paulista-de-base\\\/#primaryimage\",\"url\":\"https:\\\/\\\/regiaonews.net.br\\\/2022\\\/wp-content\\\/uploads\\\/2024\\\/06\\\/WhatsApp-Image-2024-06-08-at-14.34.09.jpeg\",\"contentUrl\":\"https:\\\/\\\/regiaonews.net.br\\\/2022\\\/wp-content\\\/uploads\\\/2024\\\/06\\\/WhatsApp-Image-2024-06-08-at-14.34.09.jpeg\",\"width\":1600,\"height\":1066},{\"@type\":\"BreadcrumbList\",\"@id\":\"https:\\\/\\\/regiaonews.net.br\\\/2022\\\/2024\\\/06\\\/15\\\/tourinho-enfrenta-o-sao-paulo-e-pinda-pelo-paulista-de-base\\\/#breadcrumb\",\"itemListElement\":[{\"@type\":\"ListItem\",\"position\":1,\"name\":\"In\u00edcio\",\"item\":\"https:\\\/\\\/regiaonews.net.br\\\/2022\\\/\"},{\"@type\":\"ListItem\",\"position\":2,\"name\":\"Tourinho enfrenta o S\u00e3o Paulo e Pinda pelo Paulista de base\"}]},{\"@type\":\"WebSite\",\"@id\":\"https:\\\/\\\/regiaonews.net.br\\\/2022\\\/#website\",\"url\":\"https:\\\/\\\/regiaonews.net.br\\\/2022\\\/\",\"name\":\"Regi\u00e3o News\",\"description\":\"Site de Not\u00edcias de Barretos e regi\u00e3o\",\"publisher\":{\"@id\":\"https:\\\/\\\/regiaonews.net.br\\\/2022\\\/#organization\"},\"potentialAction\":[{\"@type\":\"SearchAction\",\"target\":{\"@type\":\"EntryPoint\",\"urlTemplate\":\"https:\\\/\\\/regiaonews.net.br\\\/2022\\\/?s={search_term_string}\"},\"query-input\":{\"@type\":\"PropertyValueSpecification\",\"valueRequired\":true,\"valueName\":\"search_term_string\"}}],\"inLanguage\":\"pt-BR\"},{\"@type\":\"Organization\",\"@id\":\"https:\\\/\\\/regiaonews.net.br\\\/2022\\\/#organization\",\"name\":\"Regi\u00e3o News\",\"url\":\"https:\\\/\\\/regiaonews.net.br\\\/2022\\\/\",\"logo\":{\"@type\":\"ImageObject\",\"inLanguage\":\"pt-BR\",\"@id\":\"https:\\\/\\\/regiaonews.net.br\\\/2022\\\/#\\\/schema\\\/logo\\\/image\\\/\",\"url\":\"https:\\\/\\\/regiaonews.net.br\\\/2022\\\/wp-content\\\/uploads\\\/2026\\\/03\\\/regiao-13-anos-scaled.jpg\",\"contentUrl\":\"https:\\\/\\\/regiaonews.net.br\\\/2022\\\/wp-content\\\/uploads\\\/2026\\\/03\\\/regiao-13-anos-scaled.jpg\",\"width\":2560,\"height\":635,\"caption\":\"Regi\u00e3o News\"},\"image\":{\"@id\":\"https:\\\/\\\/regiaonews.net.br\\\/2022\\\/#\\\/schema\\\/logo\\\/image\\\/\"}},{\"@type\":\"Person\",\"@id\":\"https:\\\/\\\/regiaonews.net.br\\\/2022\\\/#\\\/schema\\\/person\\\/2d205a608a5aa97ac279d7a5e6d89ad8\",\"name\":\"Roberto\",\"image\":{\"@type\":\"ImageObject\",\"inLanguage\":\"pt-BR\",\"@id\":\"https:\\\/\\\/secure.gravatar.com\\\/avatar\\\/42749d8b712ff9d59ca93dc150494e5b55a44134482993f5baeb97e61b7ecc89?s=96&d=mm&r=g\",\"url\":\"https:\\\/\\\/secure.gravatar.com\\\/avatar\\\/42749d8b712ff9d59ca93dc150494e5b55a44134482993f5baeb97e61b7ecc89?s=96&d=mm&r=g\",\"contentUrl\":\"https:\\\/\\\/secure.gravatar.com\\\/avatar\\\/42749d8b712ff9d59ca93dc150494e5b55a44134482993f5baeb97e61b7ecc89?s=96&d=mm&r=g\",\"caption\":\"Roberto\"},\"url\":\"https:\\\/\\\/regiaonews.net.br\\\/2022\\\/author\\\/roberto\\\/\"}]}<\/script>\n<!-- \/ Yoast SEO plugin. -->","yoast_head_json":{"title":"Tourinho enfrenta o S\u00e3o Paulo e Pinda pelo Paulista de base - Regi\u00e3o News","robots":{"index":"index","follow":"follow","max-snippet":"max-snippet:-1","max-image-preview":"max-image-preview:large","max-video-preview":"max-video-preview:-1"},"canonical":"https:\/\/regiaonews.net.br\/2022\/2024\/06\/15\/tourinho-enfrenta-o-sao-paulo-e-pinda-pelo-paulista-de-base\/","og_locale":"pt_BR","og_type":"article","og_title":"Tourinho enfrenta o S\u00e3o Paulo e Pinda pelo Paulista de base - Regi\u00e3o News","og_description":"As equipes do Barretos Esporte Clube estreiam hoje (15), na","og_url":"https:\/\/regiaonews.net.br\/2022\/2024\/06\/15\/tourinho-enfrenta-o-sao-paulo-e-pinda-pelo-paulista-de-base\/","og_site_name":"Regi\u00e3o News","article_published_time":"2024-06-15T12:41:04+00:00","article_modified_time":"2024-06-15T12:42:07+00:00","og_image":[{"width":1600,"height":1066,"url":"https:\/\/regiaonews.net.br\/2022\/wp-content\/uploads\/2024\/06\/WhatsApp-Image-2024-06-08-at-14.34.09.jpeg","type":"image\/jpeg"}],"author":"Roberto","twitter_card":"summary_large_image","twitter_misc":{"Escrito por":"Roberto","Est. tempo de leitura":"2 minutos"},"schema":{"@context":"https:\/\/schema.org","@graph":[{"@type":"Article","@id":"https:\/\/regiaonews.net.br\/2022\/2024\/06\/15\/tourinho-enfrenta-o-sao-paulo-e-pinda-pelo-paulista-de-base\/#article","isPartOf":{"@id":"https:\/\/regiaonews.net.br\/2022\/2024\/06\/15\/tourinho-enfrenta-o-sao-paulo-e-pinda-pelo-paulista-de-base\/"},"author":{"name":"Roberto","@id":"https:\/\/regiaonews.net.br\/2022\/#\/schema\/person\/2d205a608a5aa97ac279d7a5e6d89ad8"},"headline":"Tourinho enfrenta o S\u00e3o Paulo e Pinda pelo Paulista de base","datePublished":"2024-06-15T12:41:04+00:00","dateModified":"2024-06-15T12:42:07+00:00","mainEntityOfPage":{"@id":"https:\/\/regiaonews.net.br\/2022\/2024\/06\/15\/tourinho-enfrenta-o-sao-paulo-e-pinda-pelo-paulista-de-base\/"},"wordCount":243,"commentCount":0,"publisher":{"@id":"https:\/\/regiaonews.net.br\/2022\/#organization"},"image":{"@id":"https:\/\/regiaonews.net.br\/2022\/2024\/06\/15\/tourinho-enfrenta-o-sao-paulo-e-pinda-pelo-paulista-de-base\/#primaryimage"},"thumbnailUrl":"https:\/\/regiaonews.net.br\/2022\/wp-content\/uploads\/2024\/06\/WhatsApp-Image-2024-06-08-at-14.34.09.jpeg","articleSection":["Campeonato Paulista","Esporte"],"inLanguage":"pt-BR","potentialAction":[{"@type":"CommentAction","name":"Comment","target":["https:\/\/regiaonews.net.br\/2022\/2024\/06\/15\/tourinho-enfrenta-o-sao-paulo-e-pinda-pelo-paulista-de-base\/#respond"]}]},{"@type":"WebPage","@id":"https:\/\/regiaonews.net.br\/2022\/2024\/06\/15\/tourinho-enfrenta-o-sao-paulo-e-pinda-pelo-paulista-de-base\/","url":"https:\/\/regiaonews.net.br\/2022\/2024\/06\/15\/tourinho-enfrenta-o-sao-paulo-e-pinda-pelo-paulista-de-base\/","name":"Tourinho enfrenta o S\u00e3o Paulo e Pinda pelo Paulista de base - Regi\u00e3o News","isPartOf":{"@id":"https:\/\/regiaonews.net.br\/2022\/#website"},"primaryImageOfPage":{"@id":"https:\/\/regiaonews.net.br\/2022\/2024\/06\/15\/tourinho-enfrenta-o-sao-paulo-e-pinda-pelo-paulista-de-base\/#primaryimage"},"image":{"@id":"https:\/\/regiaonews.net.br\/2022\/2024\/06\/15\/tourinho-enfrenta-o-sao-paulo-e-pinda-pelo-paulista-de-base\/#primaryimage"},"thumbnailUrl":"https:\/\/regiaonews.net.br\/2022\/wp-content\/uploads\/2024\/06\/WhatsApp-Image-2024-06-08-at-14.34.09.jpeg","datePublished":"2024-06-15T12:41:04+00:00","dateModified":"2024-06-15T12:42:07+00:00","breadcrumb":{"@id":"https:\/\/regiaonews.net.br\/2022\/2024\/06\/15\/tourinho-enfrenta-o-sao-paulo-e-pinda-pelo-paulista-de-base\/#breadcrumb"},"inLanguage":"pt-BR","potentialAction":[{"@type":"ReadAction","target":["https:\/\/regiaonews.net.br\/2022\/2024\/06\/15\/tourinho-enfrenta-o-sao-paulo-e-pinda-pelo-paulista-de-base\/"]}]},{"@type":"ImageObject","inLanguage":"pt-BR","@id":"https:\/\/regiaonews.net.br\/2022\/2024\/06\/15\/tourinho-enfrenta-o-sao-paulo-e-pinda-pelo-paulista-de-base\/#primaryimage","url":"https:\/\/regiaonews.net.br\/2022\/wp-content\/uploads\/2024\/06\/WhatsApp-Image-2024-06-08-at-14.34.09.jpeg","contentUrl":"https:\/\/regiaonews.net.br\/2022\/wp-content\/uploads\/2024\/06\/WhatsApp-Image-2024-06-08-at-14.34.09.jpeg","width":1600,"height":1066},{"@type":"BreadcrumbList","@id":"https:\/\/regiaonews.net.br\/2022\/2024\/06\/15\/tourinho-enfrenta-o-sao-paulo-e-pinda-pelo-paulista-de-base\/#breadcrumb","itemListElement":[{"@type":"ListItem","position":1,"name":"In\u00edcio","item":"https:\/\/regiaonews.net.br\/2022\/"},{"@type":"ListItem","position":2,"name":"Tourinho enfrenta o S\u00e3o Paulo e Pinda pelo Paulista de base"}]},{"@type":"WebSite","@id":"https:\/\/regiaonews.net.br\/2022\/#website","url":"https:\/\/regiaonews.net.br\/2022\/","name":"Regi\u00e3o News","description":"Site de Not\u00edcias de Barretos e regi\u00e3o","publisher":{"@id":"https:\/\/regiaonews.net.br\/2022\/#organization"},"potentialAction":[{"@type":"SearchAction","target":{"@type":"EntryPoint","urlTemplate":"https:\/\/regiaonews.net.br\/2022\/?s={search_term_string}"},"query-input":{"@type":"PropertyValueSpecification","valueRequired":true,"valueName":"search_term_string"}}],"inLanguage":"pt-BR"},{"@type":"Organization","@id":"https:\/\/regiaonews.net.br\/2022\/#organization","name":"Regi\u00e3o News","url":"https:\/\/regiaonews.net.br\/2022\/","logo":{"@type":"ImageObject","inLanguage":"pt-BR","@id":"https:\/\/regiaonews.net.br\/2022\/#\/schema\/logo\/image\/","url":"https:\/\/regiaonews.net.br\/2022\/wp-content\/uploads\/2026\/03\/regiao-13-anos-scaled.jpg","contentUrl":"https:\/\/regiaonews.net.br\/2022\/wp-content\/uploads\/2026\/03\/regiao-13-anos-scaled.jpg","width":2560,"height":635,"caption":"Regi\u00e3o News"},"image":{"@id":"https:\/\/regiaonews.net.br\/2022\/#\/schema\/logo\/image\/"}},{"@type":"Person","@id":"https:\/\/regiaonews.net.br\/2022\/#\/schema\/person\/2d205a608a5aa97ac279d7a5e6d89ad8","name":"Roberto","image":{"@type":"ImageObject","inLanguage":"pt-BR","@id":"https:\/\/secure.gravatar.com\/avatar\/42749d8b712ff9d59ca93dc150494e5b55a44134482993f5baeb97e61b7ecc89?s=96&d=mm&r=g","url":"https:\/\/secure.gravatar.com\/avatar\/42749d8b712ff9d59ca93dc150494e5b55a44134482993f5baeb97e61b7ecc89?s=96&d=mm&r=g","contentUrl":"https:\/\/secure.gravatar.com\/avatar\/42749d8b712ff9d59ca93dc150494e5b55a44134482993f5baeb97e61b7ecc89?s=96&d=mm&r=g","caption":"Roberto"},"url":"https:\/\/regiaonews.net.br\/2022\/author\/roberto\/"}]}},"publishpress_future_action":{"enabled":false,"date":"2026-05-03 06:21:56","action":"change-status","newStatus":"draft","terms":[],"taxonomy":"category","extraData":[]},"publishpress_future_workflow_manual_trigger":{"enabledWorkflows":[]},"_links":{"self":[{"href":"https:\/\/regiaonews.net.br\/2022\/wp-json\/wp\/v2\/posts\/106354","targetHints":{"allow":["GET"]}}],"collection":[{"href":"https:\/\/regiaonews.net.br\/2022\/wp-json\/wp\/v2\/posts"}],"about":[{"href":"https:\/\/regiaonews.net.br\/2022\/wp-json\/wp\/v2\/types\/post"}],"author":[{"embeddable":true,"href":"https:\/\/regiaonews.net.br\/2022\/wp-json\/wp\/v2\/users\/2"}],"replies":[{"embeddable":true,"href":"https:\/\/regiaonews.net.br\/2022\/wp-json\/wp\/v2\/comments?post=106354"}],"version-history":[{"count":1,"href":"https:\/\/regiaonews.net.br\/2022\/wp-json\/wp\/v2\/posts\/106354\/revisions"}],"predecessor-version":[{"id":106356,"href":"https:\/\/regiaonews.net.br\/2022\/wp-json\/wp\/v2\/posts\/106354\/revisions\/106356"}],"wp:featuredmedia":[{"embeddable":true,"href":"https:\/\/regiaonews.net.br\/2022\/wp-json\/wp\/v2\/media\/106355"}],"wp:attachment":[{"href":"https:\/\/regiaonews.net.br\/2022\/wp-json\/wp\/v2\/media?parent=106354"}],"wp:term":[{"taxonomy":"category","embeddable":true,"href":"https:\/\/regiaonews.net.br\/2022\/wp-json\/wp\/v2\/categories?post=106354"},{"taxonomy":"post_tag","embeddable":true,"href":"https:\/\/regiaonews.net.br\/2022\/wp-json\/wp\/v2\/tags?post=106354"}],"curies":[{"name":"wp","href":"https:\/\/api.w.org\/{rel}","templated":true}]}}