{"id":106319,"date":"2024-06-14T14:00:40","date_gmt":"2024-06-14T17:00:40","guid":{"rendered":"https:\/\/regiaonews.net.br\/2022\/?p=106319"},"modified":"2024-06-14T14:00:56","modified_gmt":"2024-06-14T17:00:56","slug":"ultimos-dias-inscricoes-do-concurso-para-rainha-da-festa-do-peao-de-barretos-vao-ate-segunda-17-de-junho","status":"publish","type":"post","link":"https:\/\/regiaonews.net.br\/2022\/2024\/06\/14\/ultimos-dias-inscricoes-do-concurso-para-rainha-da-festa-do-peao-de-barretos-vao-ate-segunda-17-de-junho\/","title":{"rendered":"\u00daltimos dias!! Inscri\u00e7\u00f5es do Concurso para Rainha da Festa do Pe\u00e3o de Barretos v\u00e3o at\u00e9 segunda, 17 de junho"},"content":{"rendered":"<h3 style=\"text-align: center;\">Escolha ocorre no dia 12 de julho, \u00e0s 20h, no North Shopping Barretos<\/h3>\n<p>O tradicional concurso para escolha da Rainha e da Princesa que v\u00e3o representar a 69\u00aa Festa do Pe\u00e3o de Barretos est\u00e1 com inscri\u00e7\u00f5es abertas at\u00e9 17 de junho, segunda-feira. As interessadas \u2013 que necessariamente precisam ser barretenses ou moradoras da cidade h\u00e1 pelo menos um ano.<\/p>\n<p>As vencedoras representar\u00e3o a maior festa do pe\u00e3o da Am\u00e9rica Latina. Para se candidatar \u00e9 necess\u00e1rio baixar o regulamento e a ficha de inscri\u00e7\u00e3o no site de Os Independentes (https:\/\/www.independentes.com.br\/festadopeao\/inicio) ou do North Shopping Barretos (https:\/\/northshoppingbarretos.com.br\/), preencher com os documentos exigidos e entregar na administra\u00e7\u00e3o do shopping.<\/p>\n<p>O Concurso Rainha Os Independentes \u00e9 uma realiza\u00e7\u00e3o da Associa\u00e7\u00e3o Os Independentes em parceria com o North Shopping Barretos, com coordena\u00e7\u00e3o de Milton Figueiredo e produ\u00e7\u00e3o de\u00a0Reinaldo\u00a0Costa.<\/p>\n<p>Natacha Cardoso (Rainha) e Vitoria Carvalho (Princesa) passam o reinado no dia 12 de julho &#8211; Cr\u00e9dito:\u00a0M\u00e1rcio\u00a0Oliveira<\/p>\n","protected":false},"excerpt":{"rendered":"<p>Escolha ocorre no dia 12 de julho, \u00e0s 20h, no<\/p>\n","protected":false},"author":2,"featured_media":106320,"comment_status":"open","ping_status":"open","sticky":false,"template":"","format":"standard","meta":{"footnotes":""},"categories":[14,3],"tags":[],"class_list":["post-106319","post","type-post","status-publish","format-standard","has-post-thumbnail","hentry","category-barretos","category-geral"],"yoast_head":"<!-- This site is optimized with the Yoast SEO plugin v27.4 - https:\/\/yoast.com\/product\/yoast-seo-wordpress\/ -->\n<title>\u00daltimos dias!! Inscri\u00e7\u00f5es do Concurso para Rainha da Festa do Pe\u00e3o de Barretos v\u00e3o at\u00e9 segunda, 17 de junho - Regi\u00e3o News<\/title>\n<meta name=\"robots\" content=\"index, follow, max-snippet:-1, max-image-preview:large, max-video-preview:-1\" \/>\n<link rel=\"canonical\" href=\"https:\/\/regiaonews.net.br\/2022\/2024\/06\/14\/ultimos-dias-inscricoes-do-concurso-para-rainha-da-festa-do-peao-de-barretos-vao-ate-segunda-17-de-junho\/\" \/>\n<meta property=\"og:locale\" content=\"pt_BR\" \/>\n<meta property=\"og:type\" content=\"article\" \/>\n<meta property=\"og:title\" content=\"\u00daltimos dias!! Inscri\u00e7\u00f5es do Concurso para Rainha da Festa do Pe\u00e3o de Barretos v\u00e3o at\u00e9 segunda, 17 de junho - Regi\u00e3o News\" \/>\n<meta property=\"og:description\" content=\"Escolha ocorre no dia 12 de julho, \u00e0s 20h, no\" \/>\n<meta property=\"og:url\" content=\"https:\/\/regiaonews.net.br\/2022\/2024\/06\/14\/ultimos-dias-inscricoes-do-concurso-para-rainha-da-festa-do-peao-de-barretos-vao-ate-segunda-17-de-junho\/\" \/>\n<meta property=\"og:site_name\" content=\"Regi\u00e3o News\" \/>\n<meta property=\"article:published_time\" content=\"2024-06-14T17:00:40+00:00\" \/>\n<meta property=\"article:modified_time\" content=\"2024-06-14T17:00:56+00:00\" \/>\n<meta property=\"og:image\" content=\"https:\/\/regiaonews.net.br\/2022\/wp-content\/uploads\/2024\/06\/Imagem-do-WhatsApp-de-2024-06-14-as-13.18.59_0114248d.jpg\" \/>\n\t<meta property=\"og:image:width\" content=\"1600\" \/>\n\t<meta property=\"og:image:height\" content=\"1068\" \/>\n\t<meta property=\"og:image:type\" content=\"image\/jpeg\" \/>\n<meta name=\"author\" content=\"Roberto\" \/>\n<meta name=\"twitter:card\" content=\"summary_large_image\" \/>\n<meta name=\"twitter:label1\" content=\"Escrito por\" \/>\n\t<meta name=\"twitter:data1\" content=\"Roberto\" \/>\n\t<meta name=\"twitter:label2\" content=\"Est. tempo de leitura\" \/>\n\t<meta name=\"twitter:data2\" content=\"1 minuto\" \/>\n<script type=\"application\/ld+json\" class=\"yoast-schema-graph\">{\"@context\":\"https:\\\/\\\/schema.org\",\"@graph\":[{\"@type\":\"Article\",\"@id\":\"https:\\\/\\\/regiaonews.net.br\\\/2022\\\/2024\\\/06\\\/14\\\/ultimos-dias-inscricoes-do-concurso-para-rainha-da-festa-do-peao-de-barretos-vao-ate-segunda-17-de-junho\\\/#article\",\"isPartOf\":{\"@id\":\"https:\\\/\\\/regiaonews.net.br\\\/2022\\\/2024\\\/06\\\/14\\\/ultimos-dias-inscricoes-do-concurso-para-rainha-da-festa-do-peao-de-barretos-vao-ate-segunda-17-de-junho\\\/\"},\"author\":{\"name\":\"Roberto\",\"@id\":\"https:\\\/\\\/regiaonews.net.br\\\/2022\\\/#\\\/schema\\\/person\\\/2d205a608a5aa97ac279d7a5e6d89ad8\"},\"headline\":\"\u00daltimos dias!! Inscri\u00e7\u00f5es do Concurso para Rainha da Festa do Pe\u00e3o de Barretos v\u00e3o at\u00e9 segunda, 17 de junho\",\"datePublished\":\"2024-06-14T17:00:40+00:00\",\"dateModified\":\"2024-06-14T17:00:56+00:00\",\"mainEntityOfPage\":{\"@id\":\"https:\\\/\\\/regiaonews.net.br\\\/2022\\\/2024\\\/06\\\/14\\\/ultimos-dias-inscricoes-do-concurso-para-rainha-da-festa-do-peao-de-barretos-vao-ate-segunda-17-de-junho\\\/\"},\"wordCount\":192,\"commentCount\":0,\"publisher\":{\"@id\":\"https:\\\/\\\/regiaonews.net.br\\\/2022\\\/#organization\"},\"image\":{\"@id\":\"https:\\\/\\\/regiaonews.net.br\\\/2022\\\/2024\\\/06\\\/14\\\/ultimos-dias-inscricoes-do-concurso-para-rainha-da-festa-do-peao-de-barretos-vao-ate-segunda-17-de-junho\\\/#primaryimage\"},\"thumbnailUrl\":\"https:\\\/\\\/regiaonews.net.br\\\/2022\\\/wp-content\\\/uploads\\\/2024\\\/06\\\/Imagem-do-WhatsApp-de-2024-06-14-as-13.18.59_0114248d.jpg\",\"articleSection\":[\"Barretos\",\"Geral\"],\"inLanguage\":\"pt-BR\",\"potentialAction\":[{\"@type\":\"CommentAction\",\"name\":\"Comment\",\"target\":[\"https:\\\/\\\/regiaonews.net.br\\\/2022\\\/2024\\\/06\\\/14\\\/ultimos-dias-inscricoes-do-concurso-para-rainha-da-festa-do-peao-de-barretos-vao-ate-segunda-17-de-junho\\\/#respond\"]}]},{\"@type\":\"WebPage\",\"@id\":\"https:\\\/\\\/regiaonews.net.br\\\/2022\\\/2024\\\/06\\\/14\\\/ultimos-dias-inscricoes-do-concurso-para-rainha-da-festa-do-peao-de-barretos-vao-ate-segunda-17-de-junho\\\/\",\"url\":\"https:\\\/\\\/regiaonews.net.br\\\/2022\\\/2024\\\/06\\\/14\\\/ultimos-dias-inscricoes-do-concurso-para-rainha-da-festa-do-peao-de-barretos-vao-ate-segunda-17-de-junho\\\/\",\"name\":\"\u00daltimos dias!! Inscri\u00e7\u00f5es do Concurso para Rainha da Festa do Pe\u00e3o de Barretos v\u00e3o at\u00e9 segunda, 17 de junho - Regi\u00e3o News\",\"isPartOf\":{\"@id\":\"https:\\\/\\\/regiaonews.net.br\\\/2022\\\/#website\"},\"primaryImageOfPage\":{\"@id\":\"https:\\\/\\\/regiaonews.net.br\\\/2022\\\/2024\\\/06\\\/14\\\/ultimos-dias-inscricoes-do-concurso-para-rainha-da-festa-do-peao-de-barretos-vao-ate-segunda-17-de-junho\\\/#primaryimage\"},\"image\":{\"@id\":\"https:\\\/\\\/regiaonews.net.br\\\/2022\\\/2024\\\/06\\\/14\\\/ultimos-dias-inscricoes-do-concurso-para-rainha-da-festa-do-peao-de-barretos-vao-ate-segunda-17-de-junho\\\/#primaryimage\"},\"thumbnailUrl\":\"https:\\\/\\\/regiaonews.net.br\\\/2022\\\/wp-content\\\/uploads\\\/2024\\\/06\\\/Imagem-do-WhatsApp-de-2024-06-14-as-13.18.59_0114248d.jpg\",\"datePublished\":\"2024-06-14T17:00:40+00:00\",\"dateModified\":\"2024-06-14T17:00:56+00:00\",\"breadcrumb\":{\"@id\":\"https:\\\/\\\/regiaonews.net.br\\\/2022\\\/2024\\\/06\\\/14\\\/ultimos-dias-inscricoes-do-concurso-para-rainha-da-festa-do-peao-de-barretos-vao-ate-segunda-17-de-junho\\\/#breadcrumb\"},\"inLanguage\":\"pt-BR\",\"potentialAction\":[{\"@type\":\"ReadAction\",\"target\":[\"https:\\\/\\\/regiaonews.net.br\\\/2022\\\/2024\\\/06\\\/14\\\/ultimos-dias-inscricoes-do-concurso-para-rainha-da-festa-do-peao-de-barretos-vao-ate-segunda-17-de-junho\\\/\"]}]},{\"@type\":\"ImageObject\",\"inLanguage\":\"pt-BR\",\"@id\":\"https:\\\/\\\/regiaonews.net.br\\\/2022\\\/2024\\\/06\\\/14\\\/ultimos-dias-inscricoes-do-concurso-para-rainha-da-festa-do-peao-de-barretos-vao-ate-segunda-17-de-junho\\\/#primaryimage\",\"url\":\"https:\\\/\\\/regiaonews.net.br\\\/2022\\\/wp-content\\\/uploads\\\/2024\\\/06\\\/Imagem-do-WhatsApp-de-2024-06-14-as-13.18.59_0114248d.jpg\",\"contentUrl\":\"https:\\\/\\\/regiaonews.net.br\\\/2022\\\/wp-content\\\/uploads\\\/2024\\\/06\\\/Imagem-do-WhatsApp-de-2024-06-14-as-13.18.59_0114248d.jpg\",\"width\":1600,\"height\":1068},{\"@type\":\"BreadcrumbList\",\"@id\":\"https:\\\/\\\/regiaonews.net.br\\\/2022\\\/2024\\\/06\\\/14\\\/ultimos-dias-inscricoes-do-concurso-para-rainha-da-festa-do-peao-de-barretos-vao-ate-segunda-17-de-junho\\\/#breadcrumb\",\"itemListElement\":[{\"@type\":\"ListItem\",\"position\":1,\"name\":\"In\u00edcio\",\"item\":\"https:\\\/\\\/regiaonews.net.br\\\/2022\\\/\"},{\"@type\":\"ListItem\",\"position\":2,\"name\":\"\u00daltimos dias!! Inscri\u00e7\u00f5es do Concurso para Rainha da Festa do Pe\u00e3o de Barretos v\u00e3o at\u00e9 segunda, 17 de junho\"}]},{\"@type\":\"WebSite\",\"@id\":\"https:\\\/\\\/regiaonews.net.br\\\/2022\\\/#website\",\"url\":\"https:\\\/\\\/regiaonews.net.br\\\/2022\\\/\",\"name\":\"Regi\u00e3o News\",\"description\":\"Site de Not\u00edcias de Barretos e regi\u00e3o\",\"publisher\":{\"@id\":\"https:\\\/\\\/regiaonews.net.br\\\/2022\\\/#organization\"},\"potentialAction\":[{\"@type\":\"SearchAction\",\"target\":{\"@type\":\"EntryPoint\",\"urlTemplate\":\"https:\\\/\\\/regiaonews.net.br\\\/2022\\\/?s={search_term_string}\"},\"query-input\":{\"@type\":\"PropertyValueSpecification\",\"valueRequired\":true,\"valueName\":\"search_term_string\"}}],\"inLanguage\":\"pt-BR\"},{\"@type\":\"Organization\",\"@id\":\"https:\\\/\\\/regiaonews.net.br\\\/2022\\\/#organization\",\"name\":\"Regi\u00e3o News\",\"url\":\"https:\\\/\\\/regiaonews.net.br\\\/2022\\\/\",\"logo\":{\"@type\":\"ImageObject\",\"inLanguage\":\"pt-BR\",\"@id\":\"https:\\\/\\\/regiaonews.net.br\\\/2022\\\/#\\\/schema\\\/logo\\\/image\\\/\",\"url\":\"https:\\\/\\\/regiaonews.net.br\\\/2022\\\/wp-content\\\/uploads\\\/2026\\\/03\\\/regiao-13-anos-scaled.jpg\",\"contentUrl\":\"https:\\\/\\\/regiaonews.net.br\\\/2022\\\/wp-content\\\/uploads\\\/2026\\\/03\\\/regiao-13-anos-scaled.jpg\",\"width\":2560,\"height\":635,\"caption\":\"Regi\u00e3o News\"},\"image\":{\"@id\":\"https:\\\/\\\/regiaonews.net.br\\\/2022\\\/#\\\/schema\\\/logo\\\/image\\\/\"}},{\"@type\":\"Person\",\"@id\":\"https:\\\/\\\/regiaonews.net.br\\\/2022\\\/#\\\/schema\\\/person\\\/2d205a608a5aa97ac279d7a5e6d89ad8\",\"name\":\"Roberto\",\"image\":{\"@type\":\"ImageObject\",\"inLanguage\":\"pt-BR\",\"@id\":\"https:\\\/\\\/secure.gravatar.com\\\/avatar\\\/42749d8b712ff9d59ca93dc150494e5b55a44134482993f5baeb97e61b7ecc89?s=96&d=mm&r=g\",\"url\":\"https:\\\/\\\/secure.gravatar.com\\\/avatar\\\/42749d8b712ff9d59ca93dc150494e5b55a44134482993f5baeb97e61b7ecc89?s=96&d=mm&r=g\",\"contentUrl\":\"https:\\\/\\\/secure.gravatar.com\\\/avatar\\\/42749d8b712ff9d59ca93dc150494e5b55a44134482993f5baeb97e61b7ecc89?s=96&d=mm&r=g\",\"caption\":\"Roberto\"},\"url\":\"https:\\\/\\\/regiaonews.net.br\\\/2022\\\/author\\\/roberto\\\/\"}]}<\/script>\n<!-- \/ Yoast SEO plugin. -->","yoast_head_json":{"title":"\u00daltimos dias!! Inscri\u00e7\u00f5es do Concurso para Rainha da Festa do Pe\u00e3o de Barretos v\u00e3o at\u00e9 segunda, 17 de junho - Regi\u00e3o News","robots":{"index":"index","follow":"follow","max-snippet":"max-snippet:-1","max-image-preview":"max-image-preview:large","max-video-preview":"max-video-preview:-1"},"canonical":"https:\/\/regiaonews.net.br\/2022\/2024\/06\/14\/ultimos-dias-inscricoes-do-concurso-para-rainha-da-festa-do-peao-de-barretos-vao-ate-segunda-17-de-junho\/","og_locale":"pt_BR","og_type":"article","og_title":"\u00daltimos dias!! Inscri\u00e7\u00f5es do Concurso para Rainha da Festa do Pe\u00e3o de Barretos v\u00e3o at\u00e9 segunda, 17 de junho - Regi\u00e3o News","og_description":"Escolha ocorre no dia 12 de julho, \u00e0s 20h, no","og_url":"https:\/\/regiaonews.net.br\/2022\/2024\/06\/14\/ultimos-dias-inscricoes-do-concurso-para-rainha-da-festa-do-peao-de-barretos-vao-ate-segunda-17-de-junho\/","og_site_name":"Regi\u00e3o News","article_published_time":"2024-06-14T17:00:40+00:00","article_modified_time":"2024-06-14T17:00:56+00:00","og_image":[{"width":1600,"height":1068,"url":"https:\/\/regiaonews.net.br\/2022\/wp-content\/uploads\/2024\/06\/Imagem-do-WhatsApp-de-2024-06-14-as-13.18.59_0114248d.jpg","type":"image\/jpeg"}],"author":"Roberto","twitter_card":"summary_large_image","twitter_misc":{"Escrito por":"Roberto","Est. tempo de leitura":"1 minuto"},"schema":{"@context":"https:\/\/schema.org","@graph":[{"@type":"Article","@id":"https:\/\/regiaonews.net.br\/2022\/2024\/06\/14\/ultimos-dias-inscricoes-do-concurso-para-rainha-da-festa-do-peao-de-barretos-vao-ate-segunda-17-de-junho\/#article","isPartOf":{"@id":"https:\/\/regiaonews.net.br\/2022\/2024\/06\/14\/ultimos-dias-inscricoes-do-concurso-para-rainha-da-festa-do-peao-de-barretos-vao-ate-segunda-17-de-junho\/"},"author":{"name":"Roberto","@id":"https:\/\/regiaonews.net.br\/2022\/#\/schema\/person\/2d205a608a5aa97ac279d7a5e6d89ad8"},"headline":"\u00daltimos dias!! Inscri\u00e7\u00f5es do Concurso para Rainha da Festa do Pe\u00e3o de Barretos v\u00e3o at\u00e9 segunda, 17 de junho","datePublished":"2024-06-14T17:00:40+00:00","dateModified":"2024-06-14T17:00:56+00:00","mainEntityOfPage":{"@id":"https:\/\/regiaonews.net.br\/2022\/2024\/06\/14\/ultimos-dias-inscricoes-do-concurso-para-rainha-da-festa-do-peao-de-barretos-vao-ate-segunda-17-de-junho\/"},"wordCount":192,"commentCount":0,"publisher":{"@id":"https:\/\/regiaonews.net.br\/2022\/#organization"},"image":{"@id":"https:\/\/regiaonews.net.br\/2022\/2024\/06\/14\/ultimos-dias-inscricoes-do-concurso-para-rainha-da-festa-do-peao-de-barretos-vao-ate-segunda-17-de-junho\/#primaryimage"},"thumbnailUrl":"https:\/\/regiaonews.net.br\/2022\/wp-content\/uploads\/2024\/06\/Imagem-do-WhatsApp-de-2024-06-14-as-13.18.59_0114248d.jpg","articleSection":["Barretos","Geral"],"inLanguage":"pt-BR","potentialAction":[{"@type":"CommentAction","name":"Comment","target":["https:\/\/regiaonews.net.br\/2022\/2024\/06\/14\/ultimos-dias-inscricoes-do-concurso-para-rainha-da-festa-do-peao-de-barretos-vao-ate-segunda-17-de-junho\/#respond"]}]},{"@type":"WebPage","@id":"https:\/\/regiaonews.net.br\/2022\/2024\/06\/14\/ultimos-dias-inscricoes-do-concurso-para-rainha-da-festa-do-peao-de-barretos-vao-ate-segunda-17-de-junho\/","url":"https:\/\/regiaonews.net.br\/2022\/2024\/06\/14\/ultimos-dias-inscricoes-do-concurso-para-rainha-da-festa-do-peao-de-barretos-vao-ate-segunda-17-de-junho\/","name":"\u00daltimos dias!! Inscri\u00e7\u00f5es do Concurso para Rainha da Festa do Pe\u00e3o de Barretos v\u00e3o at\u00e9 segunda, 17 de junho - Regi\u00e3o News","isPartOf":{"@id":"https:\/\/regiaonews.net.br\/2022\/#website"},"primaryImageOfPage":{"@id":"https:\/\/regiaonews.net.br\/2022\/2024\/06\/14\/ultimos-dias-inscricoes-do-concurso-para-rainha-da-festa-do-peao-de-barretos-vao-ate-segunda-17-de-junho\/#primaryimage"},"image":{"@id":"https:\/\/regiaonews.net.br\/2022\/2024\/06\/14\/ultimos-dias-inscricoes-do-concurso-para-rainha-da-festa-do-peao-de-barretos-vao-ate-segunda-17-de-junho\/#primaryimage"},"thumbnailUrl":"https:\/\/regiaonews.net.br\/2022\/wp-content\/uploads\/2024\/06\/Imagem-do-WhatsApp-de-2024-06-14-as-13.18.59_0114248d.jpg","datePublished":"2024-06-14T17:00:40+00:00","dateModified":"2024-06-14T17:00:56+00:00","breadcrumb":{"@id":"https:\/\/regiaonews.net.br\/2022\/2024\/06\/14\/ultimos-dias-inscricoes-do-concurso-para-rainha-da-festa-do-peao-de-barretos-vao-ate-segunda-17-de-junho\/#breadcrumb"},"inLanguage":"pt-BR","potentialAction":[{"@type":"ReadAction","target":["https:\/\/regiaonews.net.br\/2022\/2024\/06\/14\/ultimos-dias-inscricoes-do-concurso-para-rainha-da-festa-do-peao-de-barretos-vao-ate-segunda-17-de-junho\/"]}]},{"@type":"ImageObject","inLanguage":"pt-BR","@id":"https:\/\/regiaonews.net.br\/2022\/2024\/06\/14\/ultimos-dias-inscricoes-do-concurso-para-rainha-da-festa-do-peao-de-barretos-vao-ate-segunda-17-de-junho\/#primaryimage","url":"https:\/\/regiaonews.net.br\/2022\/wp-content\/uploads\/2024\/06\/Imagem-do-WhatsApp-de-2024-06-14-as-13.18.59_0114248d.jpg","contentUrl":"https:\/\/regiaonews.net.br\/2022\/wp-content\/uploads\/2024\/06\/Imagem-do-WhatsApp-de-2024-06-14-as-13.18.59_0114248d.jpg","width":1600,"height":1068},{"@type":"BreadcrumbList","@id":"https:\/\/regiaonews.net.br\/2022\/2024\/06\/14\/ultimos-dias-inscricoes-do-concurso-para-rainha-da-festa-do-peao-de-barretos-vao-ate-segunda-17-de-junho\/#breadcrumb","itemListElement":[{"@type":"ListItem","position":1,"name":"In\u00edcio","item":"https:\/\/regiaonews.net.br\/2022\/"},{"@type":"ListItem","position":2,"name":"\u00daltimos dias!! Inscri\u00e7\u00f5es do Concurso para Rainha da Festa do Pe\u00e3o de Barretos v\u00e3o at\u00e9 segunda, 17 de junho"}]},{"@type":"WebSite","@id":"https:\/\/regiaonews.net.br\/2022\/#website","url":"https:\/\/regiaonews.net.br\/2022\/","name":"Regi\u00e3o News","description":"Site de Not\u00edcias de Barretos e regi\u00e3o","publisher":{"@id":"https:\/\/regiaonews.net.br\/2022\/#organization"},"potentialAction":[{"@type":"SearchAction","target":{"@type":"EntryPoint","urlTemplate":"https:\/\/regiaonews.net.br\/2022\/?s={search_term_string}"},"query-input":{"@type":"PropertyValueSpecification","valueRequired":true,"valueName":"search_term_string"}}],"inLanguage":"pt-BR"},{"@type":"Organization","@id":"https:\/\/regiaonews.net.br\/2022\/#organization","name":"Regi\u00e3o News","url":"https:\/\/regiaonews.net.br\/2022\/","logo":{"@type":"ImageObject","inLanguage":"pt-BR","@id":"https:\/\/regiaonews.net.br\/2022\/#\/schema\/logo\/image\/","url":"https:\/\/regiaonews.net.br\/2022\/wp-content\/uploads\/2026\/03\/regiao-13-anos-scaled.jpg","contentUrl":"https:\/\/regiaonews.net.br\/2022\/wp-content\/uploads\/2026\/03\/regiao-13-anos-scaled.jpg","width":2560,"height":635,"caption":"Regi\u00e3o News"},"image":{"@id":"https:\/\/regiaonews.net.br\/2022\/#\/schema\/logo\/image\/"}},{"@type":"Person","@id":"https:\/\/regiaonews.net.br\/2022\/#\/schema\/person\/2d205a608a5aa97ac279d7a5e6d89ad8","name":"Roberto","image":{"@type":"ImageObject","inLanguage":"pt-BR","@id":"https:\/\/secure.gravatar.com\/avatar\/42749d8b712ff9d59ca93dc150494e5b55a44134482993f5baeb97e61b7ecc89?s=96&d=mm&r=g","url":"https:\/\/secure.gravatar.com\/avatar\/42749d8b712ff9d59ca93dc150494e5b55a44134482993f5baeb97e61b7ecc89?s=96&d=mm&r=g","contentUrl":"https:\/\/secure.gravatar.com\/avatar\/42749d8b712ff9d59ca93dc150494e5b55a44134482993f5baeb97e61b7ecc89?s=96&d=mm&r=g","caption":"Roberto"},"url":"https:\/\/regiaonews.net.br\/2022\/author\/roberto\/"}]}},"publishpress_future_action":{"enabled":false,"date":"2026-05-03 09:23:19","action":"change-status","newStatus":"draft","terms":[],"taxonomy":"category","extraData":[]},"publishpress_future_workflow_manual_trigger":{"enabledWorkflows":[]},"_links":{"self":[{"href":"https:\/\/regiaonews.net.br\/2022\/wp-json\/wp\/v2\/posts\/106319","targetHints":{"allow":["GET"]}}],"collection":[{"href":"https:\/\/regiaonews.net.br\/2022\/wp-json\/wp\/v2\/posts"}],"about":[{"href":"https:\/\/regiaonews.net.br\/2022\/wp-json\/wp\/v2\/types\/post"}],"author":[{"embeddable":true,"href":"https:\/\/regiaonews.net.br\/2022\/wp-json\/wp\/v2\/users\/2"}],"replies":[{"embeddable":true,"href":"https:\/\/regiaonews.net.br\/2022\/wp-json\/wp\/v2\/comments?post=106319"}],"version-history":[{"count":2,"href":"https:\/\/regiaonews.net.br\/2022\/wp-json\/wp\/v2\/posts\/106319\/revisions"}],"predecessor-version":[{"id":106322,"href":"https:\/\/regiaonews.net.br\/2022\/wp-json\/wp\/v2\/posts\/106319\/revisions\/106322"}],"wp:featuredmedia":[{"embeddable":true,"href":"https:\/\/regiaonews.net.br\/2022\/wp-json\/wp\/v2\/media\/106320"}],"wp:attachment":[{"href":"https:\/\/regiaonews.net.br\/2022\/wp-json\/wp\/v2\/media?parent=106319"}],"wp:term":[{"taxonomy":"category","embeddable":true,"href":"https:\/\/regiaonews.net.br\/2022\/wp-json\/wp\/v2\/categories?post=106319"},{"taxonomy":"post_tag","embeddable":true,"href":"https:\/\/regiaonews.net.br\/2022\/wp-json\/wp\/v2\/tags?post=106319"}],"curies":[{"name":"wp","href":"https:\/\/api.w.org\/{rel}","templated":true}]}}