{"id":106286,"date":"2024-06-13T19:47:52","date_gmt":"2024-06-13T22:47:52","guid":{"rendered":"https:\/\/regiaonews.net.br\/2022\/?p=106286"},"modified":"2024-06-13T19:47:52","modified_gmt":"2024-06-13T22:47:52","slug":"defesa-civil-alerta-sobre-cuidados-no-periodo-de-seca","status":"publish","type":"post","link":"https:\/\/regiaonews.net.br\/2022\/2024\/06\/13\/defesa-civil-alerta-sobre-cuidados-no-periodo-de-seca\/","title":{"rendered":"Defesa Civil alerta sobre cuidados no per\u00edodo de seca"},"content":{"rendered":"<p>&nbsp;<\/p>\n<p>Medidas devem ser adotadas para evitar queimadas. Popula\u00e7\u00e3o deve ligar para o 199 ou 193 em caso de inc\u00eandios<\/p>\n<p>A Prefeitura de Barretos alerta que o clima desta \u00e9poca do ano, nas esta\u00e7\u00f5es de outono e inverno, favorece para que o fogo se alastre, provocando grandes queimadas. As consequ\u00eancias s\u00e3o preju\u00edzos para a sa\u00fade das pessoas, morte de animais silvestres e destrui\u00e7\u00e3o de \u00e1reas verdes. Para evitar inc\u00eandios, a popula\u00e7\u00e3o deve se atentar a algumas medidas, tais como:<br \/>\n&#8211; Nunca descartar bituca de cigarro em acostamento e pr\u00f3ximo a \u00e1reas de vegeta\u00e7\u00e3o;<br \/>\n&#8211; N\u00e3o queimar lixo, folhagem e galhadas. Esses materiais devem ser descartados em um dos Ecopontos espalhados por Barretos;<br \/>\n&#8211; Manter terrenos limpos: devem ser capinados e o material resultante da capina deve ser retirado;<br \/>\n&#8211; Na Zona Rural, devem ser feitos os aceiros e mantidos de forma adequada. S\u00e3o faixas de aproximadamente quatro metros que permanecem sem vegeta\u00e7\u00e3o, impedindo que o fogo se alastre de um lado para outro, em caso de inc\u00eandio;<br \/>\n&#8211; N\u00e3o soltar bal\u00f5es. Todos os anos, essa pr\u00e1tica criminosa vem causando v\u00e1rios inc\u00eandios no Estado.<\/p>\n<p>Cuidados com a sa\u00fade<br \/>\nA popula\u00e7\u00e3o tamb\u00e9m deve ficar atenta a algumas outras medidas que podem colaborar para o bem-estar:<br \/>\n&#8211; Umidificadores ou toalhas \u00famidas podem ser utilizados para aumentar a umidade dentro da resid\u00eancia;<br \/>\n&#8211; Beba bastante \u00e1gua para se manter hidratado;<br \/>\n&#8211; A umidade ideal para a sa\u00fade \u00e9 na faixa de 50 a 80%. Quando estiver abaixo de 30%, n\u00e3o se deve praticar exerc\u00edcios f\u00edsicos das 10h \u00e0s 16h.<\/p>\n<p>\u201cCom a umidade baixa, o vento pode espalhar o fogo rapidamente. Por isso, nesta \u00e9poca do ano precisamos que a popula\u00e7\u00e3o redobre a aten\u00e7\u00e3o, colabore para evitar queimadas e acione a Defesa Civil se necess\u00e1rio\u201d, destacou o secret\u00e1rio municipal de Ordem P\u00fablica e Defesa Civil, Edson Costa.<\/p>\n<p>Inc\u00eandios devem ser comunicados \u00e0 Defesa Civil \u2013 199 ou ao Corpo de Bombeiros \u2013 193. A liga\u00e7\u00e3o \u00e9 gratuita e ambos os servi\u00e7os atendem 24<\/p>\n","protected":false},"excerpt":{"rendered":"<p>&nbsp; Medidas devem ser adotadas para evitar queimadas. Popula\u00e7\u00e3o deve<\/p>\n","protected":false},"author":2,"featured_media":73517,"comment_status":"open","ping_status":"open","sticky":false,"template":"","format":"standard","meta":{"footnotes":""},"categories":[14,3],"tags":[],"class_list":["post-106286","post","type-post","status-publish","format-standard","has-post-thumbnail","hentry","category-barretos","category-geral"],"yoast_head":"<!-- This site is optimized with the Yoast SEO plugin v27.4 - https:\/\/yoast.com\/product\/yoast-seo-wordpress\/ -->\n<title>Defesa Civil alerta sobre cuidados no per\u00edodo de seca - Regi\u00e3o News<\/title>\n<meta name=\"robots\" content=\"index, follow, max-snippet:-1, max-image-preview:large, max-video-preview:-1\" \/>\n<link rel=\"canonical\" href=\"https:\/\/regiaonews.net.br\/2022\/2024\/06\/13\/defesa-civil-alerta-sobre-cuidados-no-periodo-de-seca\/\" \/>\n<meta property=\"og:locale\" content=\"pt_BR\" \/>\n<meta property=\"og:type\" content=\"article\" \/>\n<meta property=\"og:title\" content=\"Defesa Civil alerta sobre cuidados no per\u00edodo de seca - Regi\u00e3o News\" \/>\n<meta property=\"og:description\" content=\"&nbsp; Medidas devem ser adotadas para evitar queimadas. Popula\u00e7\u00e3o deve\" \/>\n<meta property=\"og:url\" content=\"https:\/\/regiaonews.net.br\/2022\/2024\/06\/13\/defesa-civil-alerta-sobre-cuidados-no-periodo-de-seca\/\" \/>\n<meta property=\"og:site_name\" content=\"Regi\u00e3o News\" \/>\n<meta property=\"article:published_time\" content=\"2024-06-13T22:47:52+00:00\" \/>\n<meta property=\"og:image\" content=\"https:\/\/regiaonews.net.br\/2022\/wp-content\/uploads\/2022\/06\/frio.jpg\" \/>\n\t<meta property=\"og:image:width\" content=\"695\" \/>\n\t<meta property=\"og:image:height\" content=\"390\" \/>\n\t<meta property=\"og:image:type\" content=\"image\/jpeg\" \/>\n<meta name=\"author\" content=\"Roberto\" \/>\n<meta name=\"twitter:card\" content=\"summary_large_image\" \/>\n<meta name=\"twitter:label1\" content=\"Escrito por\" \/>\n\t<meta name=\"twitter:data1\" content=\"Roberto\" \/>\n\t<meta name=\"twitter:label2\" content=\"Est. tempo de leitura\" \/>\n\t<meta name=\"twitter:data2\" content=\"2 minutos\" \/>\n<script type=\"application\/ld+json\" class=\"yoast-schema-graph\">{\"@context\":\"https:\\\/\\\/schema.org\",\"@graph\":[{\"@type\":\"Article\",\"@id\":\"https:\\\/\\\/regiaonews.net.br\\\/2022\\\/2024\\\/06\\\/13\\\/defesa-civil-alerta-sobre-cuidados-no-periodo-de-seca\\\/#article\",\"isPartOf\":{\"@id\":\"https:\\\/\\\/regiaonews.net.br\\\/2022\\\/2024\\\/06\\\/13\\\/defesa-civil-alerta-sobre-cuidados-no-periodo-de-seca\\\/\"},\"author\":{\"name\":\"Roberto\",\"@id\":\"https:\\\/\\\/regiaonews.net.br\\\/2022\\\/#\\\/schema\\\/person\\\/2d205a608a5aa97ac279d7a5e6d89ad8\"},\"headline\":\"Defesa Civil alerta sobre cuidados no per\u00edodo de seca\",\"datePublished\":\"2024-06-13T22:47:52+00:00\",\"mainEntityOfPage\":{\"@id\":\"https:\\\/\\\/regiaonews.net.br\\\/2022\\\/2024\\\/06\\\/13\\\/defesa-civil-alerta-sobre-cuidados-no-periodo-de-seca\\\/\"},\"wordCount\":362,\"commentCount\":0,\"publisher\":{\"@id\":\"https:\\\/\\\/regiaonews.net.br\\\/2022\\\/#organization\"},\"image\":{\"@id\":\"https:\\\/\\\/regiaonews.net.br\\\/2022\\\/2024\\\/06\\\/13\\\/defesa-civil-alerta-sobre-cuidados-no-periodo-de-seca\\\/#primaryimage\"},\"thumbnailUrl\":\"https:\\\/\\\/regiaonews.net.br\\\/2022\\\/wp-content\\\/uploads\\\/2022\\\/06\\\/frio.jpg\",\"articleSection\":[\"Barretos\",\"Geral\"],\"inLanguage\":\"pt-BR\",\"potentialAction\":[{\"@type\":\"CommentAction\",\"name\":\"Comment\",\"target\":[\"https:\\\/\\\/regiaonews.net.br\\\/2022\\\/2024\\\/06\\\/13\\\/defesa-civil-alerta-sobre-cuidados-no-periodo-de-seca\\\/#respond\"]}]},{\"@type\":\"WebPage\",\"@id\":\"https:\\\/\\\/regiaonews.net.br\\\/2022\\\/2024\\\/06\\\/13\\\/defesa-civil-alerta-sobre-cuidados-no-periodo-de-seca\\\/\",\"url\":\"https:\\\/\\\/regiaonews.net.br\\\/2022\\\/2024\\\/06\\\/13\\\/defesa-civil-alerta-sobre-cuidados-no-periodo-de-seca\\\/\",\"name\":\"Defesa Civil alerta sobre cuidados no per\u00edodo de seca - Regi\u00e3o News\",\"isPartOf\":{\"@id\":\"https:\\\/\\\/regiaonews.net.br\\\/2022\\\/#website\"},\"primaryImageOfPage\":{\"@id\":\"https:\\\/\\\/regiaonews.net.br\\\/2022\\\/2024\\\/06\\\/13\\\/defesa-civil-alerta-sobre-cuidados-no-periodo-de-seca\\\/#primaryimage\"},\"image\":{\"@id\":\"https:\\\/\\\/regiaonews.net.br\\\/2022\\\/2024\\\/06\\\/13\\\/defesa-civil-alerta-sobre-cuidados-no-periodo-de-seca\\\/#primaryimage\"},\"thumbnailUrl\":\"https:\\\/\\\/regiaonews.net.br\\\/2022\\\/wp-content\\\/uploads\\\/2022\\\/06\\\/frio.jpg\",\"datePublished\":\"2024-06-13T22:47:52+00:00\",\"breadcrumb\":{\"@id\":\"https:\\\/\\\/regiaonews.net.br\\\/2022\\\/2024\\\/06\\\/13\\\/defesa-civil-alerta-sobre-cuidados-no-periodo-de-seca\\\/#breadcrumb\"},\"inLanguage\":\"pt-BR\",\"potentialAction\":[{\"@type\":\"ReadAction\",\"target\":[\"https:\\\/\\\/regiaonews.net.br\\\/2022\\\/2024\\\/06\\\/13\\\/defesa-civil-alerta-sobre-cuidados-no-periodo-de-seca\\\/\"]}]},{\"@type\":\"ImageObject\",\"inLanguage\":\"pt-BR\",\"@id\":\"https:\\\/\\\/regiaonews.net.br\\\/2022\\\/2024\\\/06\\\/13\\\/defesa-civil-alerta-sobre-cuidados-no-periodo-de-seca\\\/#primaryimage\",\"url\":\"https:\\\/\\\/regiaonews.net.br\\\/2022\\\/wp-content\\\/uploads\\\/2022\\\/06\\\/frio.jpg\",\"contentUrl\":\"https:\\\/\\\/regiaonews.net.br\\\/2022\\\/wp-content\\\/uploads\\\/2022\\\/06\\\/frio.jpg\",\"width\":695,\"height\":390},{\"@type\":\"BreadcrumbList\",\"@id\":\"https:\\\/\\\/regiaonews.net.br\\\/2022\\\/2024\\\/06\\\/13\\\/defesa-civil-alerta-sobre-cuidados-no-periodo-de-seca\\\/#breadcrumb\",\"itemListElement\":[{\"@type\":\"ListItem\",\"position\":1,\"name\":\"In\u00edcio\",\"item\":\"https:\\\/\\\/regiaonews.net.br\\\/2022\\\/\"},{\"@type\":\"ListItem\",\"position\":2,\"name\":\"Defesa Civil alerta sobre cuidados no per\u00edodo de seca\"}]},{\"@type\":\"WebSite\",\"@id\":\"https:\\\/\\\/regiaonews.net.br\\\/2022\\\/#website\",\"url\":\"https:\\\/\\\/regiaonews.net.br\\\/2022\\\/\",\"name\":\"Regi\u00e3o News\",\"description\":\"Site de Not\u00edcias de Barretos e regi\u00e3o\",\"publisher\":{\"@id\":\"https:\\\/\\\/regiaonews.net.br\\\/2022\\\/#organization\"},\"potentialAction\":[{\"@type\":\"SearchAction\",\"target\":{\"@type\":\"EntryPoint\",\"urlTemplate\":\"https:\\\/\\\/regiaonews.net.br\\\/2022\\\/?s={search_term_string}\"},\"query-input\":{\"@type\":\"PropertyValueSpecification\",\"valueRequired\":true,\"valueName\":\"search_term_string\"}}],\"inLanguage\":\"pt-BR\"},{\"@type\":\"Organization\",\"@id\":\"https:\\\/\\\/regiaonews.net.br\\\/2022\\\/#organization\",\"name\":\"Regi\u00e3o News\",\"url\":\"https:\\\/\\\/regiaonews.net.br\\\/2022\\\/\",\"logo\":{\"@type\":\"ImageObject\",\"inLanguage\":\"pt-BR\",\"@id\":\"https:\\\/\\\/regiaonews.net.br\\\/2022\\\/#\\\/schema\\\/logo\\\/image\\\/\",\"url\":\"https:\\\/\\\/regiaonews.net.br\\\/2022\\\/wp-content\\\/uploads\\\/2026\\\/03\\\/regiao-13-anos-scaled.jpg\",\"contentUrl\":\"https:\\\/\\\/regiaonews.net.br\\\/2022\\\/wp-content\\\/uploads\\\/2026\\\/03\\\/regiao-13-anos-scaled.jpg\",\"width\":2560,\"height\":635,\"caption\":\"Regi\u00e3o News\"},\"image\":{\"@id\":\"https:\\\/\\\/regiaonews.net.br\\\/2022\\\/#\\\/schema\\\/logo\\\/image\\\/\"}},{\"@type\":\"Person\",\"@id\":\"https:\\\/\\\/regiaonews.net.br\\\/2022\\\/#\\\/schema\\\/person\\\/2d205a608a5aa97ac279d7a5e6d89ad8\",\"name\":\"Roberto\",\"image\":{\"@type\":\"ImageObject\",\"inLanguage\":\"pt-BR\",\"@id\":\"https:\\\/\\\/secure.gravatar.com\\\/avatar\\\/42749d8b712ff9d59ca93dc150494e5b55a44134482993f5baeb97e61b7ecc89?s=96&d=mm&r=g\",\"url\":\"https:\\\/\\\/secure.gravatar.com\\\/avatar\\\/42749d8b712ff9d59ca93dc150494e5b55a44134482993f5baeb97e61b7ecc89?s=96&d=mm&r=g\",\"contentUrl\":\"https:\\\/\\\/secure.gravatar.com\\\/avatar\\\/42749d8b712ff9d59ca93dc150494e5b55a44134482993f5baeb97e61b7ecc89?s=96&d=mm&r=g\",\"caption\":\"Roberto\"},\"url\":\"https:\\\/\\\/regiaonews.net.br\\\/2022\\\/author\\\/roberto\\\/\"}]}<\/script>\n<!-- \/ Yoast SEO plugin. -->","yoast_head_json":{"title":"Defesa Civil alerta sobre cuidados no per\u00edodo de seca - Regi\u00e3o News","robots":{"index":"index","follow":"follow","max-snippet":"max-snippet:-1","max-image-preview":"max-image-preview:large","max-video-preview":"max-video-preview:-1"},"canonical":"https:\/\/regiaonews.net.br\/2022\/2024\/06\/13\/defesa-civil-alerta-sobre-cuidados-no-periodo-de-seca\/","og_locale":"pt_BR","og_type":"article","og_title":"Defesa Civil alerta sobre cuidados no per\u00edodo de seca - Regi\u00e3o News","og_description":"&nbsp; Medidas devem ser adotadas para evitar queimadas. Popula\u00e7\u00e3o deve","og_url":"https:\/\/regiaonews.net.br\/2022\/2024\/06\/13\/defesa-civil-alerta-sobre-cuidados-no-periodo-de-seca\/","og_site_name":"Regi\u00e3o News","article_published_time":"2024-06-13T22:47:52+00:00","og_image":[{"width":695,"height":390,"url":"https:\/\/regiaonews.net.br\/2022\/wp-content\/uploads\/2022\/06\/frio.jpg","type":"image\/jpeg"}],"author":"Roberto","twitter_card":"summary_large_image","twitter_misc":{"Escrito por":"Roberto","Est. tempo de leitura":"2 minutos"},"schema":{"@context":"https:\/\/schema.org","@graph":[{"@type":"Article","@id":"https:\/\/regiaonews.net.br\/2022\/2024\/06\/13\/defesa-civil-alerta-sobre-cuidados-no-periodo-de-seca\/#article","isPartOf":{"@id":"https:\/\/regiaonews.net.br\/2022\/2024\/06\/13\/defesa-civil-alerta-sobre-cuidados-no-periodo-de-seca\/"},"author":{"name":"Roberto","@id":"https:\/\/regiaonews.net.br\/2022\/#\/schema\/person\/2d205a608a5aa97ac279d7a5e6d89ad8"},"headline":"Defesa Civil alerta sobre cuidados no per\u00edodo de seca","datePublished":"2024-06-13T22:47:52+00:00","mainEntityOfPage":{"@id":"https:\/\/regiaonews.net.br\/2022\/2024\/06\/13\/defesa-civil-alerta-sobre-cuidados-no-periodo-de-seca\/"},"wordCount":362,"commentCount":0,"publisher":{"@id":"https:\/\/regiaonews.net.br\/2022\/#organization"},"image":{"@id":"https:\/\/regiaonews.net.br\/2022\/2024\/06\/13\/defesa-civil-alerta-sobre-cuidados-no-periodo-de-seca\/#primaryimage"},"thumbnailUrl":"https:\/\/regiaonews.net.br\/2022\/wp-content\/uploads\/2022\/06\/frio.jpg","articleSection":["Barretos","Geral"],"inLanguage":"pt-BR","potentialAction":[{"@type":"CommentAction","name":"Comment","target":["https:\/\/regiaonews.net.br\/2022\/2024\/06\/13\/defesa-civil-alerta-sobre-cuidados-no-periodo-de-seca\/#respond"]}]},{"@type":"WebPage","@id":"https:\/\/regiaonews.net.br\/2022\/2024\/06\/13\/defesa-civil-alerta-sobre-cuidados-no-periodo-de-seca\/","url":"https:\/\/regiaonews.net.br\/2022\/2024\/06\/13\/defesa-civil-alerta-sobre-cuidados-no-periodo-de-seca\/","name":"Defesa Civil alerta sobre cuidados no per\u00edodo de seca - Regi\u00e3o News","isPartOf":{"@id":"https:\/\/regiaonews.net.br\/2022\/#website"},"primaryImageOfPage":{"@id":"https:\/\/regiaonews.net.br\/2022\/2024\/06\/13\/defesa-civil-alerta-sobre-cuidados-no-periodo-de-seca\/#primaryimage"},"image":{"@id":"https:\/\/regiaonews.net.br\/2022\/2024\/06\/13\/defesa-civil-alerta-sobre-cuidados-no-periodo-de-seca\/#primaryimage"},"thumbnailUrl":"https:\/\/regiaonews.net.br\/2022\/wp-content\/uploads\/2022\/06\/frio.jpg","datePublished":"2024-06-13T22:47:52+00:00","breadcrumb":{"@id":"https:\/\/regiaonews.net.br\/2022\/2024\/06\/13\/defesa-civil-alerta-sobre-cuidados-no-periodo-de-seca\/#breadcrumb"},"inLanguage":"pt-BR","potentialAction":[{"@type":"ReadAction","target":["https:\/\/regiaonews.net.br\/2022\/2024\/06\/13\/defesa-civil-alerta-sobre-cuidados-no-periodo-de-seca\/"]}]},{"@type":"ImageObject","inLanguage":"pt-BR","@id":"https:\/\/regiaonews.net.br\/2022\/2024\/06\/13\/defesa-civil-alerta-sobre-cuidados-no-periodo-de-seca\/#primaryimage","url":"https:\/\/regiaonews.net.br\/2022\/wp-content\/uploads\/2022\/06\/frio.jpg","contentUrl":"https:\/\/regiaonews.net.br\/2022\/wp-content\/uploads\/2022\/06\/frio.jpg","width":695,"height":390},{"@type":"BreadcrumbList","@id":"https:\/\/regiaonews.net.br\/2022\/2024\/06\/13\/defesa-civil-alerta-sobre-cuidados-no-periodo-de-seca\/#breadcrumb","itemListElement":[{"@type":"ListItem","position":1,"name":"In\u00edcio","item":"https:\/\/regiaonews.net.br\/2022\/"},{"@type":"ListItem","position":2,"name":"Defesa Civil alerta sobre cuidados no per\u00edodo de seca"}]},{"@type":"WebSite","@id":"https:\/\/regiaonews.net.br\/2022\/#website","url":"https:\/\/regiaonews.net.br\/2022\/","name":"Regi\u00e3o News","description":"Site de Not\u00edcias de Barretos e regi\u00e3o","publisher":{"@id":"https:\/\/regiaonews.net.br\/2022\/#organization"},"potentialAction":[{"@type":"SearchAction","target":{"@type":"EntryPoint","urlTemplate":"https:\/\/regiaonews.net.br\/2022\/?s={search_term_string}"},"query-input":{"@type":"PropertyValueSpecification","valueRequired":true,"valueName":"search_term_string"}}],"inLanguage":"pt-BR"},{"@type":"Organization","@id":"https:\/\/regiaonews.net.br\/2022\/#organization","name":"Regi\u00e3o News","url":"https:\/\/regiaonews.net.br\/2022\/","logo":{"@type":"ImageObject","inLanguage":"pt-BR","@id":"https:\/\/regiaonews.net.br\/2022\/#\/schema\/logo\/image\/","url":"https:\/\/regiaonews.net.br\/2022\/wp-content\/uploads\/2026\/03\/regiao-13-anos-scaled.jpg","contentUrl":"https:\/\/regiaonews.net.br\/2022\/wp-content\/uploads\/2026\/03\/regiao-13-anos-scaled.jpg","width":2560,"height":635,"caption":"Regi\u00e3o News"},"image":{"@id":"https:\/\/regiaonews.net.br\/2022\/#\/schema\/logo\/image\/"}},{"@type":"Person","@id":"https:\/\/regiaonews.net.br\/2022\/#\/schema\/person\/2d205a608a5aa97ac279d7a5e6d89ad8","name":"Roberto","image":{"@type":"ImageObject","inLanguage":"pt-BR","@id":"https:\/\/secure.gravatar.com\/avatar\/42749d8b712ff9d59ca93dc150494e5b55a44134482993f5baeb97e61b7ecc89?s=96&d=mm&r=g","url":"https:\/\/secure.gravatar.com\/avatar\/42749d8b712ff9d59ca93dc150494e5b55a44134482993f5baeb97e61b7ecc89?s=96&d=mm&r=g","contentUrl":"https:\/\/secure.gravatar.com\/avatar\/42749d8b712ff9d59ca93dc150494e5b55a44134482993f5baeb97e61b7ecc89?s=96&d=mm&r=g","caption":"Roberto"},"url":"https:\/\/regiaonews.net.br\/2022\/author\/roberto\/"}]}},"publishpress_future_action":{"enabled":false,"date":"2026-05-03 07:53:29","action":"change-status","newStatus":"draft","terms":[],"taxonomy":"category","extraData":[]},"publishpress_future_workflow_manual_trigger":{"enabledWorkflows":[]},"_links":{"self":[{"href":"https:\/\/regiaonews.net.br\/2022\/wp-json\/wp\/v2\/posts\/106286","targetHints":{"allow":["GET"]}}],"collection":[{"href":"https:\/\/regiaonews.net.br\/2022\/wp-json\/wp\/v2\/posts"}],"about":[{"href":"https:\/\/regiaonews.net.br\/2022\/wp-json\/wp\/v2\/types\/post"}],"author":[{"embeddable":true,"href":"https:\/\/regiaonews.net.br\/2022\/wp-json\/wp\/v2\/users\/2"}],"replies":[{"embeddable":true,"href":"https:\/\/regiaonews.net.br\/2022\/wp-json\/wp\/v2\/comments?post=106286"}],"version-history":[{"count":1,"href":"https:\/\/regiaonews.net.br\/2022\/wp-json\/wp\/v2\/posts\/106286\/revisions"}],"predecessor-version":[{"id":106287,"href":"https:\/\/regiaonews.net.br\/2022\/wp-json\/wp\/v2\/posts\/106286\/revisions\/106287"}],"wp:featuredmedia":[{"embeddable":true,"href":"https:\/\/regiaonews.net.br\/2022\/wp-json\/wp\/v2\/media\/73517"}],"wp:attachment":[{"href":"https:\/\/regiaonews.net.br\/2022\/wp-json\/wp\/v2\/media?parent=106286"}],"wp:term":[{"taxonomy":"category","embeddable":true,"href":"https:\/\/regiaonews.net.br\/2022\/wp-json\/wp\/v2\/categories?post=106286"},{"taxonomy":"post_tag","embeddable":true,"href":"https:\/\/regiaonews.net.br\/2022\/wp-json\/wp\/v2\/tags?post=106286"}],"curies":[{"name":"wp","href":"https:\/\/api.w.org\/{rel}","templated":true}]}}