{"id":106250,"date":"2024-06-12T18:58:21","date_gmt":"2024-06-12T21:58:21","guid":{"rendered":"https:\/\/regiaonews.net.br\/2022\/?p=106250"},"modified":"2024-06-12T18:58:21","modified_gmt":"2024-06-12T21:58:21","slug":"camara-agenda-entrega-do-titulo-de-cidadao-benemerito-de-barretos-a-luciano-tavares","status":"publish","type":"post","link":"https:\/\/regiaonews.net.br\/2022\/2024\/06\/12\/camara-agenda-entrega-do-titulo-de-cidadao-benemerito-de-barretos-a-luciano-tavares\/","title":{"rendered":"C\u00e2mara agenda entrega do T\u00edtulo de Cidad\u00e3o Benem\u00e9rito de Barretos a Luciano Tavares"},"content":{"rendered":"<p>A C\u00e2mara Barretos\u00a0realiza no dia\u00a0<strong>13 de junho\u00a0<\/strong>(quinta-feira), \u00e0s\u00a0<strong>19h<\/strong>,\u00a0<strong>Sess\u00e3o Solene<\/strong>\u00a0para entrega do\u00a0<strong>T\u00edtulo de Cidad\u00e3o Benem\u00e9rito do Munic\u00edpio da Est\u00e2ncia Tur\u00edstica de Barretos\u00a0<\/strong>ao Advogado, Jornalista e Secret\u00e1rio Executivo da Associa\u00e7\u00e3o Os Independentes,\u00a0<strong>Luciano Tavares.<\/strong><\/p>\n<p>A homenagem foi proposta pelo vereador<strong>\u00a0Gabriel Felipe Uchida (UNI\u00c3O)\u00a0<\/strong>e coautorias de<strong>\u00a0Juninho Bandeira (PL), Pa\u00e7oca (SD), Paulo Correa (PL), Ricardo Bodinho (PP) e Dr. Vagner Chiapetti (REPUBLICANOS),\u00a0\u00a0<\/strong>por meio do<strong>\u00a0<a href=\"http:\/\/consulta.camarabarretos.sp.gov.br\/arquivo?Id=384872\">Projeto de Decreto Legislativo n\u00ba 41\/2023<\/a>,\u00a0<\/strong>aprovado por todos os vereadores.<\/p>\n<p>Todas as autoridades do Munic\u00edpio, profissionais de imprensa, familiares e amigos do homenageado est\u00e3o convidados a comparecer \u00e0 C\u00e2mara para prestigiar a homenagem.<\/p>\n<p>A solenidade ter\u00e1 transmiss\u00e3o ao vivo e reprises pela\u00a0<strong>TV C\u00e2mara no canal 31.3, Facebook e Youtube.<\/strong><\/p>\n<p>&nbsp;<\/p>\n","protected":false},"excerpt":{"rendered":"<p>A C\u00e2mara Barretos\u00a0realiza no dia\u00a013 de junho\u00a0(quinta-feira), \u00e0s\u00a019h,\u00a0Sess\u00e3o Solene\u00a0para entrega<\/p>\n","protected":false},"author":2,"featured_media":106251,"comment_status":"open","ping_status":"open","sticky":false,"template":"","format":"standard","meta":{"footnotes":""},"categories":[14,22],"tags":[],"class_list":["post-106250","post","type-post","status-publish","format-standard","has-post-thumbnail","hentry","category-barretos","category-politica"],"yoast_head":"<!-- This site is optimized with the Yoast SEO plugin v27.4 - https:\/\/yoast.com\/product\/yoast-seo-wordpress\/ -->\n<title>C\u00e2mara agenda entrega do T\u00edtulo de Cidad\u00e3o Benem\u00e9rito de Barretos a Luciano Tavares - Regi\u00e3o News<\/title>\n<meta name=\"robots\" content=\"index, follow, max-snippet:-1, max-image-preview:large, max-video-preview:-1\" \/>\n<link rel=\"canonical\" href=\"https:\/\/regiaonews.net.br\/2022\/2024\/06\/12\/camara-agenda-entrega-do-titulo-de-cidadao-benemerito-de-barretos-a-luciano-tavares\/\" \/>\n<meta property=\"og:locale\" content=\"pt_BR\" \/>\n<meta property=\"og:type\" content=\"article\" \/>\n<meta property=\"og:title\" content=\"C\u00e2mara agenda entrega do T\u00edtulo de Cidad\u00e3o Benem\u00e9rito de Barretos a Luciano Tavares - Regi\u00e3o News\" \/>\n<meta property=\"og:description\" content=\"A C\u00e2mara Barretos\u00a0realiza no dia\u00a013 de junho\u00a0(quinta-feira), \u00e0s\u00a019h,\u00a0Sess\u00e3o Solene\u00a0para entrega\" \/>\n<meta property=\"og:url\" content=\"https:\/\/regiaonews.net.br\/2022\/2024\/06\/12\/camara-agenda-entrega-do-titulo-de-cidadao-benemerito-de-barretos-a-luciano-tavares\/\" \/>\n<meta property=\"og:site_name\" content=\"Regi\u00e3o News\" \/>\n<meta property=\"article:published_time\" content=\"2024-06-12T21:58:21+00:00\" \/>\n<meta property=\"og:image\" content=\"https:\/\/regiaonews.net.br\/2022\/wp-content\/uploads\/2024\/06\/alta_1716989976665730185d9ff.jpg\" \/>\n\t<meta property=\"og:image:width\" content=\"1080\" \/>\n\t<meta property=\"og:image:height\" content=\"1080\" \/>\n\t<meta property=\"og:image:type\" content=\"image\/jpeg\" \/>\n<meta name=\"author\" content=\"Roberto\" \/>\n<meta name=\"twitter:card\" content=\"summary_large_image\" \/>\n<meta name=\"twitter:label1\" content=\"Escrito por\" \/>\n\t<meta name=\"twitter:data1\" content=\"Roberto\" \/>\n\t<meta name=\"twitter:label2\" content=\"Est. tempo de leitura\" \/>\n\t<meta name=\"twitter:data2\" content=\"1 minuto\" \/>\n<script type=\"application\/ld+json\" class=\"yoast-schema-graph\">{\"@context\":\"https:\\\/\\\/schema.org\",\"@graph\":[{\"@type\":\"Article\",\"@id\":\"https:\\\/\\\/regiaonews.net.br\\\/2022\\\/2024\\\/06\\\/12\\\/camara-agenda-entrega-do-titulo-de-cidadao-benemerito-de-barretos-a-luciano-tavares\\\/#article\",\"isPartOf\":{\"@id\":\"https:\\\/\\\/regiaonews.net.br\\\/2022\\\/2024\\\/06\\\/12\\\/camara-agenda-entrega-do-titulo-de-cidadao-benemerito-de-barretos-a-luciano-tavares\\\/\"},\"author\":{\"name\":\"Roberto\",\"@id\":\"https:\\\/\\\/regiaonews.net.br\\\/2022\\\/#\\\/schema\\\/person\\\/2d205a608a5aa97ac279d7a5e6d89ad8\"},\"headline\":\"C\u00e2mara agenda entrega do T\u00edtulo de Cidad\u00e3o Benem\u00e9rito de Barretos a Luciano Tavares\",\"datePublished\":\"2024-06-12T21:58:21+00:00\",\"mainEntityOfPage\":{\"@id\":\"https:\\\/\\\/regiaonews.net.br\\\/2022\\\/2024\\\/06\\\/12\\\/camara-agenda-entrega-do-titulo-de-cidadao-benemerito-de-barretos-a-luciano-tavares\\\/\"},\"wordCount\":154,\"commentCount\":0,\"publisher\":{\"@id\":\"https:\\\/\\\/regiaonews.net.br\\\/2022\\\/#organization\"},\"image\":{\"@id\":\"https:\\\/\\\/regiaonews.net.br\\\/2022\\\/2024\\\/06\\\/12\\\/camara-agenda-entrega-do-titulo-de-cidadao-benemerito-de-barretos-a-luciano-tavares\\\/#primaryimage\"},\"thumbnailUrl\":\"https:\\\/\\\/regiaonews.net.br\\\/2022\\\/wp-content\\\/uploads\\\/2024\\\/06\\\/alta_1716989976665730185d9ff.jpg\",\"articleSection\":[\"Barretos\",\"Pol\u00edtica\"],\"inLanguage\":\"pt-BR\",\"potentialAction\":[{\"@type\":\"CommentAction\",\"name\":\"Comment\",\"target\":[\"https:\\\/\\\/regiaonews.net.br\\\/2022\\\/2024\\\/06\\\/12\\\/camara-agenda-entrega-do-titulo-de-cidadao-benemerito-de-barretos-a-luciano-tavares\\\/#respond\"]}]},{\"@type\":\"WebPage\",\"@id\":\"https:\\\/\\\/regiaonews.net.br\\\/2022\\\/2024\\\/06\\\/12\\\/camara-agenda-entrega-do-titulo-de-cidadao-benemerito-de-barretos-a-luciano-tavares\\\/\",\"url\":\"https:\\\/\\\/regiaonews.net.br\\\/2022\\\/2024\\\/06\\\/12\\\/camara-agenda-entrega-do-titulo-de-cidadao-benemerito-de-barretos-a-luciano-tavares\\\/\",\"name\":\"C\u00e2mara agenda entrega do T\u00edtulo de Cidad\u00e3o Benem\u00e9rito de Barretos a Luciano Tavares - Regi\u00e3o News\",\"isPartOf\":{\"@id\":\"https:\\\/\\\/regiaonews.net.br\\\/2022\\\/#website\"},\"primaryImageOfPage\":{\"@id\":\"https:\\\/\\\/regiaonews.net.br\\\/2022\\\/2024\\\/06\\\/12\\\/camara-agenda-entrega-do-titulo-de-cidadao-benemerito-de-barretos-a-luciano-tavares\\\/#primaryimage\"},\"image\":{\"@id\":\"https:\\\/\\\/regiaonews.net.br\\\/2022\\\/2024\\\/06\\\/12\\\/camara-agenda-entrega-do-titulo-de-cidadao-benemerito-de-barretos-a-luciano-tavares\\\/#primaryimage\"},\"thumbnailUrl\":\"https:\\\/\\\/regiaonews.net.br\\\/2022\\\/wp-content\\\/uploads\\\/2024\\\/06\\\/alta_1716989976665730185d9ff.jpg\",\"datePublished\":\"2024-06-12T21:58:21+00:00\",\"breadcrumb\":{\"@id\":\"https:\\\/\\\/regiaonews.net.br\\\/2022\\\/2024\\\/06\\\/12\\\/camara-agenda-entrega-do-titulo-de-cidadao-benemerito-de-barretos-a-luciano-tavares\\\/#breadcrumb\"},\"inLanguage\":\"pt-BR\",\"potentialAction\":[{\"@type\":\"ReadAction\",\"target\":[\"https:\\\/\\\/regiaonews.net.br\\\/2022\\\/2024\\\/06\\\/12\\\/camara-agenda-entrega-do-titulo-de-cidadao-benemerito-de-barretos-a-luciano-tavares\\\/\"]}]},{\"@type\":\"ImageObject\",\"inLanguage\":\"pt-BR\",\"@id\":\"https:\\\/\\\/regiaonews.net.br\\\/2022\\\/2024\\\/06\\\/12\\\/camara-agenda-entrega-do-titulo-de-cidadao-benemerito-de-barretos-a-luciano-tavares\\\/#primaryimage\",\"url\":\"https:\\\/\\\/regiaonews.net.br\\\/2022\\\/wp-content\\\/uploads\\\/2024\\\/06\\\/alta_1716989976665730185d9ff.jpg\",\"contentUrl\":\"https:\\\/\\\/regiaonews.net.br\\\/2022\\\/wp-content\\\/uploads\\\/2024\\\/06\\\/alta_1716989976665730185d9ff.jpg\",\"width\":1080,\"height\":1080},{\"@type\":\"BreadcrumbList\",\"@id\":\"https:\\\/\\\/regiaonews.net.br\\\/2022\\\/2024\\\/06\\\/12\\\/camara-agenda-entrega-do-titulo-de-cidadao-benemerito-de-barretos-a-luciano-tavares\\\/#breadcrumb\",\"itemListElement\":[{\"@type\":\"ListItem\",\"position\":1,\"name\":\"In\u00edcio\",\"item\":\"https:\\\/\\\/regiaonews.net.br\\\/2022\\\/\"},{\"@type\":\"ListItem\",\"position\":2,\"name\":\"C\u00e2mara agenda entrega do T\u00edtulo de Cidad\u00e3o Benem\u00e9rito de Barretos a Luciano Tavares\"}]},{\"@type\":\"WebSite\",\"@id\":\"https:\\\/\\\/regiaonews.net.br\\\/2022\\\/#website\",\"url\":\"https:\\\/\\\/regiaonews.net.br\\\/2022\\\/\",\"name\":\"Regi\u00e3o News\",\"description\":\"Site de Not\u00edcias de Barretos e regi\u00e3o\",\"publisher\":{\"@id\":\"https:\\\/\\\/regiaonews.net.br\\\/2022\\\/#organization\"},\"potentialAction\":[{\"@type\":\"SearchAction\",\"target\":{\"@type\":\"EntryPoint\",\"urlTemplate\":\"https:\\\/\\\/regiaonews.net.br\\\/2022\\\/?s={search_term_string}\"},\"query-input\":{\"@type\":\"PropertyValueSpecification\",\"valueRequired\":true,\"valueName\":\"search_term_string\"}}],\"inLanguage\":\"pt-BR\"},{\"@type\":\"Organization\",\"@id\":\"https:\\\/\\\/regiaonews.net.br\\\/2022\\\/#organization\",\"name\":\"Regi\u00e3o News\",\"url\":\"https:\\\/\\\/regiaonews.net.br\\\/2022\\\/\",\"logo\":{\"@type\":\"ImageObject\",\"inLanguage\":\"pt-BR\",\"@id\":\"https:\\\/\\\/regiaonews.net.br\\\/2022\\\/#\\\/schema\\\/logo\\\/image\\\/\",\"url\":\"https:\\\/\\\/regiaonews.net.br\\\/2022\\\/wp-content\\\/uploads\\\/2026\\\/03\\\/regiao-13-anos-scaled.jpg\",\"contentUrl\":\"https:\\\/\\\/regiaonews.net.br\\\/2022\\\/wp-content\\\/uploads\\\/2026\\\/03\\\/regiao-13-anos-scaled.jpg\",\"width\":2560,\"height\":635,\"caption\":\"Regi\u00e3o News\"},\"image\":{\"@id\":\"https:\\\/\\\/regiaonews.net.br\\\/2022\\\/#\\\/schema\\\/logo\\\/image\\\/\"}},{\"@type\":\"Person\",\"@id\":\"https:\\\/\\\/regiaonews.net.br\\\/2022\\\/#\\\/schema\\\/person\\\/2d205a608a5aa97ac279d7a5e6d89ad8\",\"name\":\"Roberto\",\"image\":{\"@type\":\"ImageObject\",\"inLanguage\":\"pt-BR\",\"@id\":\"https:\\\/\\\/secure.gravatar.com\\\/avatar\\\/42749d8b712ff9d59ca93dc150494e5b55a44134482993f5baeb97e61b7ecc89?s=96&d=mm&r=g\",\"url\":\"https:\\\/\\\/secure.gravatar.com\\\/avatar\\\/42749d8b712ff9d59ca93dc150494e5b55a44134482993f5baeb97e61b7ecc89?s=96&d=mm&r=g\",\"contentUrl\":\"https:\\\/\\\/secure.gravatar.com\\\/avatar\\\/42749d8b712ff9d59ca93dc150494e5b55a44134482993f5baeb97e61b7ecc89?s=96&d=mm&r=g\",\"caption\":\"Roberto\"},\"url\":\"https:\\\/\\\/regiaonews.net.br\\\/2022\\\/author\\\/roberto\\\/\"}]}<\/script>\n<!-- \/ Yoast SEO plugin. -->","yoast_head_json":{"title":"C\u00e2mara agenda entrega do T\u00edtulo de Cidad\u00e3o Benem\u00e9rito de Barretos a Luciano Tavares - Regi\u00e3o News","robots":{"index":"index","follow":"follow","max-snippet":"max-snippet:-1","max-image-preview":"max-image-preview:large","max-video-preview":"max-video-preview:-1"},"canonical":"https:\/\/regiaonews.net.br\/2022\/2024\/06\/12\/camara-agenda-entrega-do-titulo-de-cidadao-benemerito-de-barretos-a-luciano-tavares\/","og_locale":"pt_BR","og_type":"article","og_title":"C\u00e2mara agenda entrega do T\u00edtulo de Cidad\u00e3o Benem\u00e9rito de Barretos a Luciano Tavares - Regi\u00e3o News","og_description":"A C\u00e2mara Barretos\u00a0realiza no dia\u00a013 de junho\u00a0(quinta-feira), \u00e0s\u00a019h,\u00a0Sess\u00e3o Solene\u00a0para entrega","og_url":"https:\/\/regiaonews.net.br\/2022\/2024\/06\/12\/camara-agenda-entrega-do-titulo-de-cidadao-benemerito-de-barretos-a-luciano-tavares\/","og_site_name":"Regi\u00e3o News","article_published_time":"2024-06-12T21:58:21+00:00","og_image":[{"width":1080,"height":1080,"url":"https:\/\/regiaonews.net.br\/2022\/wp-content\/uploads\/2024\/06\/alta_1716989976665730185d9ff.jpg","type":"image\/jpeg"}],"author":"Roberto","twitter_card":"summary_large_image","twitter_misc":{"Escrito por":"Roberto","Est. tempo de leitura":"1 minuto"},"schema":{"@context":"https:\/\/schema.org","@graph":[{"@type":"Article","@id":"https:\/\/regiaonews.net.br\/2022\/2024\/06\/12\/camara-agenda-entrega-do-titulo-de-cidadao-benemerito-de-barretos-a-luciano-tavares\/#article","isPartOf":{"@id":"https:\/\/regiaonews.net.br\/2022\/2024\/06\/12\/camara-agenda-entrega-do-titulo-de-cidadao-benemerito-de-barretos-a-luciano-tavares\/"},"author":{"name":"Roberto","@id":"https:\/\/regiaonews.net.br\/2022\/#\/schema\/person\/2d205a608a5aa97ac279d7a5e6d89ad8"},"headline":"C\u00e2mara agenda entrega do T\u00edtulo de Cidad\u00e3o Benem\u00e9rito de Barretos a Luciano Tavares","datePublished":"2024-06-12T21:58:21+00:00","mainEntityOfPage":{"@id":"https:\/\/regiaonews.net.br\/2022\/2024\/06\/12\/camara-agenda-entrega-do-titulo-de-cidadao-benemerito-de-barretos-a-luciano-tavares\/"},"wordCount":154,"commentCount":0,"publisher":{"@id":"https:\/\/regiaonews.net.br\/2022\/#organization"},"image":{"@id":"https:\/\/regiaonews.net.br\/2022\/2024\/06\/12\/camara-agenda-entrega-do-titulo-de-cidadao-benemerito-de-barretos-a-luciano-tavares\/#primaryimage"},"thumbnailUrl":"https:\/\/regiaonews.net.br\/2022\/wp-content\/uploads\/2024\/06\/alta_1716989976665730185d9ff.jpg","articleSection":["Barretos","Pol\u00edtica"],"inLanguage":"pt-BR","potentialAction":[{"@type":"CommentAction","name":"Comment","target":["https:\/\/regiaonews.net.br\/2022\/2024\/06\/12\/camara-agenda-entrega-do-titulo-de-cidadao-benemerito-de-barretos-a-luciano-tavares\/#respond"]}]},{"@type":"WebPage","@id":"https:\/\/regiaonews.net.br\/2022\/2024\/06\/12\/camara-agenda-entrega-do-titulo-de-cidadao-benemerito-de-barretos-a-luciano-tavares\/","url":"https:\/\/regiaonews.net.br\/2022\/2024\/06\/12\/camara-agenda-entrega-do-titulo-de-cidadao-benemerito-de-barretos-a-luciano-tavares\/","name":"C\u00e2mara agenda entrega do T\u00edtulo de Cidad\u00e3o Benem\u00e9rito de Barretos a Luciano Tavares - Regi\u00e3o News","isPartOf":{"@id":"https:\/\/regiaonews.net.br\/2022\/#website"},"primaryImageOfPage":{"@id":"https:\/\/regiaonews.net.br\/2022\/2024\/06\/12\/camara-agenda-entrega-do-titulo-de-cidadao-benemerito-de-barretos-a-luciano-tavares\/#primaryimage"},"image":{"@id":"https:\/\/regiaonews.net.br\/2022\/2024\/06\/12\/camara-agenda-entrega-do-titulo-de-cidadao-benemerito-de-barretos-a-luciano-tavares\/#primaryimage"},"thumbnailUrl":"https:\/\/regiaonews.net.br\/2022\/wp-content\/uploads\/2024\/06\/alta_1716989976665730185d9ff.jpg","datePublished":"2024-06-12T21:58:21+00:00","breadcrumb":{"@id":"https:\/\/regiaonews.net.br\/2022\/2024\/06\/12\/camara-agenda-entrega-do-titulo-de-cidadao-benemerito-de-barretos-a-luciano-tavares\/#breadcrumb"},"inLanguage":"pt-BR","potentialAction":[{"@type":"ReadAction","target":["https:\/\/regiaonews.net.br\/2022\/2024\/06\/12\/camara-agenda-entrega-do-titulo-de-cidadao-benemerito-de-barretos-a-luciano-tavares\/"]}]},{"@type":"ImageObject","inLanguage":"pt-BR","@id":"https:\/\/regiaonews.net.br\/2022\/2024\/06\/12\/camara-agenda-entrega-do-titulo-de-cidadao-benemerito-de-barretos-a-luciano-tavares\/#primaryimage","url":"https:\/\/regiaonews.net.br\/2022\/wp-content\/uploads\/2024\/06\/alta_1716989976665730185d9ff.jpg","contentUrl":"https:\/\/regiaonews.net.br\/2022\/wp-content\/uploads\/2024\/06\/alta_1716989976665730185d9ff.jpg","width":1080,"height":1080},{"@type":"BreadcrumbList","@id":"https:\/\/regiaonews.net.br\/2022\/2024\/06\/12\/camara-agenda-entrega-do-titulo-de-cidadao-benemerito-de-barretos-a-luciano-tavares\/#breadcrumb","itemListElement":[{"@type":"ListItem","position":1,"name":"In\u00edcio","item":"https:\/\/regiaonews.net.br\/2022\/"},{"@type":"ListItem","position":2,"name":"C\u00e2mara agenda entrega do T\u00edtulo de Cidad\u00e3o Benem\u00e9rito de Barretos a Luciano Tavares"}]},{"@type":"WebSite","@id":"https:\/\/regiaonews.net.br\/2022\/#website","url":"https:\/\/regiaonews.net.br\/2022\/","name":"Regi\u00e3o News","description":"Site de Not\u00edcias de Barretos e regi\u00e3o","publisher":{"@id":"https:\/\/regiaonews.net.br\/2022\/#organization"},"potentialAction":[{"@type":"SearchAction","target":{"@type":"EntryPoint","urlTemplate":"https:\/\/regiaonews.net.br\/2022\/?s={search_term_string}"},"query-input":{"@type":"PropertyValueSpecification","valueRequired":true,"valueName":"search_term_string"}}],"inLanguage":"pt-BR"},{"@type":"Organization","@id":"https:\/\/regiaonews.net.br\/2022\/#organization","name":"Regi\u00e3o News","url":"https:\/\/regiaonews.net.br\/2022\/","logo":{"@type":"ImageObject","inLanguage":"pt-BR","@id":"https:\/\/regiaonews.net.br\/2022\/#\/schema\/logo\/image\/","url":"https:\/\/regiaonews.net.br\/2022\/wp-content\/uploads\/2026\/03\/regiao-13-anos-scaled.jpg","contentUrl":"https:\/\/regiaonews.net.br\/2022\/wp-content\/uploads\/2026\/03\/regiao-13-anos-scaled.jpg","width":2560,"height":635,"caption":"Regi\u00e3o News"},"image":{"@id":"https:\/\/regiaonews.net.br\/2022\/#\/schema\/logo\/image\/"}},{"@type":"Person","@id":"https:\/\/regiaonews.net.br\/2022\/#\/schema\/person\/2d205a608a5aa97ac279d7a5e6d89ad8","name":"Roberto","image":{"@type":"ImageObject","inLanguage":"pt-BR","@id":"https:\/\/secure.gravatar.com\/avatar\/42749d8b712ff9d59ca93dc150494e5b55a44134482993f5baeb97e61b7ecc89?s=96&d=mm&r=g","url":"https:\/\/secure.gravatar.com\/avatar\/42749d8b712ff9d59ca93dc150494e5b55a44134482993f5baeb97e61b7ecc89?s=96&d=mm&r=g","contentUrl":"https:\/\/secure.gravatar.com\/avatar\/42749d8b712ff9d59ca93dc150494e5b55a44134482993f5baeb97e61b7ecc89?s=96&d=mm&r=g","caption":"Roberto"},"url":"https:\/\/regiaonews.net.br\/2022\/author\/roberto\/"}]}},"publishpress_future_action":{"enabled":false,"date":"2026-05-03 07:43:07","action":"change-status","newStatus":"draft","terms":[],"taxonomy":"category","extraData":[]},"publishpress_future_workflow_manual_trigger":{"enabledWorkflows":[]},"_links":{"self":[{"href":"https:\/\/regiaonews.net.br\/2022\/wp-json\/wp\/v2\/posts\/106250","targetHints":{"allow":["GET"]}}],"collection":[{"href":"https:\/\/regiaonews.net.br\/2022\/wp-json\/wp\/v2\/posts"}],"about":[{"href":"https:\/\/regiaonews.net.br\/2022\/wp-json\/wp\/v2\/types\/post"}],"author":[{"embeddable":true,"href":"https:\/\/regiaonews.net.br\/2022\/wp-json\/wp\/v2\/users\/2"}],"replies":[{"embeddable":true,"href":"https:\/\/regiaonews.net.br\/2022\/wp-json\/wp\/v2\/comments?post=106250"}],"version-history":[{"count":1,"href":"https:\/\/regiaonews.net.br\/2022\/wp-json\/wp\/v2\/posts\/106250\/revisions"}],"predecessor-version":[{"id":106252,"href":"https:\/\/regiaonews.net.br\/2022\/wp-json\/wp\/v2\/posts\/106250\/revisions\/106252"}],"wp:featuredmedia":[{"embeddable":true,"href":"https:\/\/regiaonews.net.br\/2022\/wp-json\/wp\/v2\/media\/106251"}],"wp:attachment":[{"href":"https:\/\/regiaonews.net.br\/2022\/wp-json\/wp\/v2\/media?parent=106250"}],"wp:term":[{"taxonomy":"category","embeddable":true,"href":"https:\/\/regiaonews.net.br\/2022\/wp-json\/wp\/v2\/categories?post=106250"},{"taxonomy":"post_tag","embeddable":true,"href":"https:\/\/regiaonews.net.br\/2022\/wp-json\/wp\/v2\/tags?post=106250"}],"curies":[{"name":"wp","href":"https:\/\/api.w.org\/{rel}","templated":true}]}}