{"id":106241,"date":"2024-06-12T18:53:16","date_gmt":"2024-06-12T21:53:16","guid":{"rendered":"https:\/\/regiaonews.net.br\/2022\/?p=106241"},"modified":"2024-06-12T18:53:16","modified_gmt":"2024-06-12T21:53:16","slug":"prefeitura-de-barretos-e-usina-guaira-promovem-feirao-de-empregos-com-vagas-de-inicio-imediato","status":"publish","type":"post","link":"https:\/\/regiaonews.net.br\/2022\/2024\/06\/12\/prefeitura-de-barretos-e-usina-guaira-promovem-feirao-de-empregos-com-vagas-de-inicio-imediato\/","title":{"rendered":"Prefeitura de Barretos e Usina Gua\u00edra promovem Feir\u00e3o de Empregos com vagas de in\u00edcio imediato"},"content":{"rendered":"<p>Oportunidades s\u00e3o para cargos de manuten\u00e7\u00e3o e opera\u00e7\u00e3o agr\u00edcola, para ambos os sexos<\/p>\n<p>No pr\u00f3ximo dia 20 de junho (quinta-feira), das 8h \u00e0s 16h, o Complexo Administrativo \u201cDr. M\u00e9lek Zaiden Geraige&#8221; recebe mais um Feir\u00e3o de Empregos promovido pela Prefeitura de Barretos, desta vez em parceria com a Usina A\u00e7ucareira Gua\u00edra.<br \/>\nSer\u00e3o mais de 25 vagas de in\u00edcio imediato, para ambos os sexos, com oportunidades para cargos de manuten\u00e7\u00e3o e opera\u00e7\u00e3o agr\u00edcola como mec\u00e2nico de tratores, soldador automotivo, mec\u00e2nico de caminh\u00f5es, funileiro automotivo, mec\u00e2nico de colhedoras, mec\u00e2nico de reboques, motorista canavieiro e tratorista agr\u00edcola.<br \/>\n\u201cA Usina Gua\u00edra \u00e9 uma empresa consolidada com mais de 40 anos no mercado agr\u00edcola. Esperamos que muitos barretenses sejam contratados para ocuparem estes postos de trabalho\u201d, destacou o secret\u00e1rio municipal de Ind\u00fastria e Com\u00e9rcio Thyago Abra\u00e3o.<br \/>\nA empresa oferece benef\u00edcios como sal\u00e1rio compat\u00edvel com o mercado, remunera\u00e7\u00e3o vari\u00e1vel, trilha de carreira, treinamento na fun\u00e7\u00e3o, plano de sa\u00fade, plano odontol\u00f3gico, seguro de vida e transporte.<br \/>\nOs interessados devem se dirigir ao Complexo Administrativo (antiga Prefeitura), que fica na Rua 30, n\u00b0564, entre as avenidas 33 e 35, no Centro, munidos de documentos pessoais e curr\u00edculo impresso.<br \/>\nPonte entre empresas e trabalhadores<br \/>\nA Prefeitura de Barretos tem realizado uma s\u00e9rie de Feir\u00f5es de Emprego com o objetivo de facilitar a contrata\u00e7\u00e3o de trabalhadores atuando como ponte entre as empresas que precisam de m\u00e3o de obra e pessoas que buscam seu primeiro emprego ou a recoloca\u00e7\u00e3o no mercado de trabalho.<br \/>\nO \u00faltimo feir\u00e3o, que ocorreu na Casa da Juventude na sexta-feira, dia 7, atraiu 70 pessoas interessadas nas vagas de Operador de Produ\u00e7\u00e3o e de Jovem Aprendiz oferecidas pela empresa JBS.<\/p>\n","protected":false},"excerpt":{"rendered":"<p>Oportunidades s\u00e3o para cargos de manuten\u00e7\u00e3o e opera\u00e7\u00e3o agr\u00edcola, para<\/p>\n","protected":false},"author":2,"featured_media":106242,"comment_status":"open","ping_status":"open","sticky":false,"template":"","format":"standard","meta":{"footnotes":""},"categories":[14,64],"tags":[],"class_list":["post-106241","post","type-post","status-publish","format-standard","has-post-thumbnail","hentry","category-barretos","category-emprego"],"yoast_head":"<!-- This site is optimized with the Yoast SEO plugin v27.4 - https:\/\/yoast.com\/product\/yoast-seo-wordpress\/ -->\n<title>Prefeitura de Barretos e Usina Gua\u00edra promovem Feir\u00e3o de Empregos com vagas de in\u00edcio imediato - Regi\u00e3o News<\/title>\n<meta name=\"robots\" content=\"index, follow, max-snippet:-1, max-image-preview:large, max-video-preview:-1\" \/>\n<link rel=\"canonical\" href=\"https:\/\/regiaonews.net.br\/2022\/2024\/06\/12\/prefeitura-de-barretos-e-usina-guaira-promovem-feirao-de-empregos-com-vagas-de-inicio-imediato\/\" \/>\n<meta property=\"og:locale\" content=\"pt_BR\" \/>\n<meta property=\"og:type\" content=\"article\" \/>\n<meta property=\"og:title\" content=\"Prefeitura de Barretos e Usina Gua\u00edra promovem Feir\u00e3o de Empregos com vagas de in\u00edcio imediato - Regi\u00e3o News\" \/>\n<meta property=\"og:description\" content=\"Oportunidades s\u00e3o para cargos de manuten\u00e7\u00e3o e opera\u00e7\u00e3o agr\u00edcola, para\" \/>\n<meta property=\"og:url\" content=\"https:\/\/regiaonews.net.br\/2022\/2024\/06\/12\/prefeitura-de-barretos-e-usina-guaira-promovem-feirao-de-empregos-com-vagas-de-inicio-imediato\/\" \/>\n<meta property=\"og:site_name\" content=\"Regi\u00e3o News\" \/>\n<meta property=\"article:published_time\" content=\"2024-06-12T21:53:16+00:00\" \/>\n<meta property=\"og:image\" content=\"https:\/\/regiaonews.net.br\/2022\/wp-content\/uploads\/2024\/06\/WhatsApp-Image-2024-06-12-at-16.59.44.jpeg\" \/>\n\t<meta property=\"og:image:width\" content=\"1084\" \/>\n\t<meta property=\"og:image:height\" content=\"1084\" \/>\n\t<meta property=\"og:image:type\" content=\"image\/jpeg\" \/>\n<meta name=\"author\" content=\"Roberto\" \/>\n<meta name=\"twitter:card\" content=\"summary_large_image\" \/>\n<meta name=\"twitter:label1\" content=\"Escrito por\" \/>\n\t<meta name=\"twitter:data1\" content=\"Roberto\" \/>\n\t<meta name=\"twitter:label2\" content=\"Est. tempo de leitura\" \/>\n\t<meta name=\"twitter:data2\" content=\"2 minutos\" \/>\n<script type=\"application\/ld+json\" class=\"yoast-schema-graph\">{\"@context\":\"https:\\\/\\\/schema.org\",\"@graph\":[{\"@type\":\"Article\",\"@id\":\"https:\\\/\\\/regiaonews.net.br\\\/2022\\\/2024\\\/06\\\/12\\\/prefeitura-de-barretos-e-usina-guaira-promovem-feirao-de-empregos-com-vagas-de-inicio-imediato\\\/#article\",\"isPartOf\":{\"@id\":\"https:\\\/\\\/regiaonews.net.br\\\/2022\\\/2024\\\/06\\\/12\\\/prefeitura-de-barretos-e-usina-guaira-promovem-feirao-de-empregos-com-vagas-de-inicio-imediato\\\/\"},\"author\":{\"name\":\"Roberto\",\"@id\":\"https:\\\/\\\/regiaonews.net.br\\\/2022\\\/#\\\/schema\\\/person\\\/2d205a608a5aa97ac279d7a5e6d89ad8\"},\"headline\":\"Prefeitura de Barretos e Usina Gua\u00edra promovem Feir\u00e3o de Empregos com vagas de in\u00edcio imediato\",\"datePublished\":\"2024-06-12T21:53:16+00:00\",\"mainEntityOfPage\":{\"@id\":\"https:\\\/\\\/regiaonews.net.br\\\/2022\\\/2024\\\/06\\\/12\\\/prefeitura-de-barretos-e-usina-guaira-promovem-feirao-de-empregos-com-vagas-de-inicio-imediato\\\/\"},\"wordCount\":324,\"commentCount\":0,\"publisher\":{\"@id\":\"https:\\\/\\\/regiaonews.net.br\\\/2022\\\/#organization\"},\"image\":{\"@id\":\"https:\\\/\\\/regiaonews.net.br\\\/2022\\\/2024\\\/06\\\/12\\\/prefeitura-de-barretos-e-usina-guaira-promovem-feirao-de-empregos-com-vagas-de-inicio-imediato\\\/#primaryimage\"},\"thumbnailUrl\":\"https:\\\/\\\/regiaonews.net.br\\\/2022\\\/wp-content\\\/uploads\\\/2024\\\/06\\\/WhatsApp-Image-2024-06-12-at-16.59.44.jpeg\",\"articleSection\":[\"Barretos\",\"Emprego\"],\"inLanguage\":\"pt-BR\",\"potentialAction\":[{\"@type\":\"CommentAction\",\"name\":\"Comment\",\"target\":[\"https:\\\/\\\/regiaonews.net.br\\\/2022\\\/2024\\\/06\\\/12\\\/prefeitura-de-barretos-e-usina-guaira-promovem-feirao-de-empregos-com-vagas-de-inicio-imediato\\\/#respond\"]}]},{\"@type\":\"WebPage\",\"@id\":\"https:\\\/\\\/regiaonews.net.br\\\/2022\\\/2024\\\/06\\\/12\\\/prefeitura-de-barretos-e-usina-guaira-promovem-feirao-de-empregos-com-vagas-de-inicio-imediato\\\/\",\"url\":\"https:\\\/\\\/regiaonews.net.br\\\/2022\\\/2024\\\/06\\\/12\\\/prefeitura-de-barretos-e-usina-guaira-promovem-feirao-de-empregos-com-vagas-de-inicio-imediato\\\/\",\"name\":\"Prefeitura de Barretos e Usina Gua\u00edra promovem Feir\u00e3o de Empregos com vagas de in\u00edcio imediato - Regi\u00e3o News\",\"isPartOf\":{\"@id\":\"https:\\\/\\\/regiaonews.net.br\\\/2022\\\/#website\"},\"primaryImageOfPage\":{\"@id\":\"https:\\\/\\\/regiaonews.net.br\\\/2022\\\/2024\\\/06\\\/12\\\/prefeitura-de-barretos-e-usina-guaira-promovem-feirao-de-empregos-com-vagas-de-inicio-imediato\\\/#primaryimage\"},\"image\":{\"@id\":\"https:\\\/\\\/regiaonews.net.br\\\/2022\\\/2024\\\/06\\\/12\\\/prefeitura-de-barretos-e-usina-guaira-promovem-feirao-de-empregos-com-vagas-de-inicio-imediato\\\/#primaryimage\"},\"thumbnailUrl\":\"https:\\\/\\\/regiaonews.net.br\\\/2022\\\/wp-content\\\/uploads\\\/2024\\\/06\\\/WhatsApp-Image-2024-06-12-at-16.59.44.jpeg\",\"datePublished\":\"2024-06-12T21:53:16+00:00\",\"breadcrumb\":{\"@id\":\"https:\\\/\\\/regiaonews.net.br\\\/2022\\\/2024\\\/06\\\/12\\\/prefeitura-de-barretos-e-usina-guaira-promovem-feirao-de-empregos-com-vagas-de-inicio-imediato\\\/#breadcrumb\"},\"inLanguage\":\"pt-BR\",\"potentialAction\":[{\"@type\":\"ReadAction\",\"target\":[\"https:\\\/\\\/regiaonews.net.br\\\/2022\\\/2024\\\/06\\\/12\\\/prefeitura-de-barretos-e-usina-guaira-promovem-feirao-de-empregos-com-vagas-de-inicio-imediato\\\/\"]}]},{\"@type\":\"ImageObject\",\"inLanguage\":\"pt-BR\",\"@id\":\"https:\\\/\\\/regiaonews.net.br\\\/2022\\\/2024\\\/06\\\/12\\\/prefeitura-de-barretos-e-usina-guaira-promovem-feirao-de-empregos-com-vagas-de-inicio-imediato\\\/#primaryimage\",\"url\":\"https:\\\/\\\/regiaonews.net.br\\\/2022\\\/wp-content\\\/uploads\\\/2024\\\/06\\\/WhatsApp-Image-2024-06-12-at-16.59.44.jpeg\",\"contentUrl\":\"https:\\\/\\\/regiaonews.net.br\\\/2022\\\/wp-content\\\/uploads\\\/2024\\\/06\\\/WhatsApp-Image-2024-06-12-at-16.59.44.jpeg\",\"width\":1084,\"height\":1084},{\"@type\":\"BreadcrumbList\",\"@id\":\"https:\\\/\\\/regiaonews.net.br\\\/2022\\\/2024\\\/06\\\/12\\\/prefeitura-de-barretos-e-usina-guaira-promovem-feirao-de-empregos-com-vagas-de-inicio-imediato\\\/#breadcrumb\",\"itemListElement\":[{\"@type\":\"ListItem\",\"position\":1,\"name\":\"In\u00edcio\",\"item\":\"https:\\\/\\\/regiaonews.net.br\\\/2022\\\/\"},{\"@type\":\"ListItem\",\"position\":2,\"name\":\"Prefeitura de Barretos e Usina Gua\u00edra promovem Feir\u00e3o de Empregos com vagas de in\u00edcio imediato\"}]},{\"@type\":\"WebSite\",\"@id\":\"https:\\\/\\\/regiaonews.net.br\\\/2022\\\/#website\",\"url\":\"https:\\\/\\\/regiaonews.net.br\\\/2022\\\/\",\"name\":\"Regi\u00e3o News\",\"description\":\"Site de Not\u00edcias de Barretos e regi\u00e3o\",\"publisher\":{\"@id\":\"https:\\\/\\\/regiaonews.net.br\\\/2022\\\/#organization\"},\"potentialAction\":[{\"@type\":\"SearchAction\",\"target\":{\"@type\":\"EntryPoint\",\"urlTemplate\":\"https:\\\/\\\/regiaonews.net.br\\\/2022\\\/?s={search_term_string}\"},\"query-input\":{\"@type\":\"PropertyValueSpecification\",\"valueRequired\":true,\"valueName\":\"search_term_string\"}}],\"inLanguage\":\"pt-BR\"},{\"@type\":\"Organization\",\"@id\":\"https:\\\/\\\/regiaonews.net.br\\\/2022\\\/#organization\",\"name\":\"Regi\u00e3o News\",\"url\":\"https:\\\/\\\/regiaonews.net.br\\\/2022\\\/\",\"logo\":{\"@type\":\"ImageObject\",\"inLanguage\":\"pt-BR\",\"@id\":\"https:\\\/\\\/regiaonews.net.br\\\/2022\\\/#\\\/schema\\\/logo\\\/image\\\/\",\"url\":\"https:\\\/\\\/regiaonews.net.br\\\/2022\\\/wp-content\\\/uploads\\\/2026\\\/03\\\/regiao-13-anos-scaled.jpg\",\"contentUrl\":\"https:\\\/\\\/regiaonews.net.br\\\/2022\\\/wp-content\\\/uploads\\\/2026\\\/03\\\/regiao-13-anos-scaled.jpg\",\"width\":2560,\"height\":635,\"caption\":\"Regi\u00e3o News\"},\"image\":{\"@id\":\"https:\\\/\\\/regiaonews.net.br\\\/2022\\\/#\\\/schema\\\/logo\\\/image\\\/\"}},{\"@type\":\"Person\",\"@id\":\"https:\\\/\\\/regiaonews.net.br\\\/2022\\\/#\\\/schema\\\/person\\\/2d205a608a5aa97ac279d7a5e6d89ad8\",\"name\":\"Roberto\",\"image\":{\"@type\":\"ImageObject\",\"inLanguage\":\"pt-BR\",\"@id\":\"https:\\\/\\\/secure.gravatar.com\\\/avatar\\\/42749d8b712ff9d59ca93dc150494e5b55a44134482993f5baeb97e61b7ecc89?s=96&d=mm&r=g\",\"url\":\"https:\\\/\\\/secure.gravatar.com\\\/avatar\\\/42749d8b712ff9d59ca93dc150494e5b55a44134482993f5baeb97e61b7ecc89?s=96&d=mm&r=g\",\"contentUrl\":\"https:\\\/\\\/secure.gravatar.com\\\/avatar\\\/42749d8b712ff9d59ca93dc150494e5b55a44134482993f5baeb97e61b7ecc89?s=96&d=mm&r=g\",\"caption\":\"Roberto\"},\"url\":\"https:\\\/\\\/regiaonews.net.br\\\/2022\\\/author\\\/roberto\\\/\"}]}<\/script>\n<!-- \/ Yoast SEO plugin. -->","yoast_head_json":{"title":"Prefeitura de Barretos e Usina Gua\u00edra promovem Feir\u00e3o de Empregos com vagas de in\u00edcio imediato - Regi\u00e3o News","robots":{"index":"index","follow":"follow","max-snippet":"max-snippet:-1","max-image-preview":"max-image-preview:large","max-video-preview":"max-video-preview:-1"},"canonical":"https:\/\/regiaonews.net.br\/2022\/2024\/06\/12\/prefeitura-de-barretos-e-usina-guaira-promovem-feirao-de-empregos-com-vagas-de-inicio-imediato\/","og_locale":"pt_BR","og_type":"article","og_title":"Prefeitura de Barretos e Usina Gua\u00edra promovem Feir\u00e3o de Empregos com vagas de in\u00edcio imediato - Regi\u00e3o News","og_description":"Oportunidades s\u00e3o para cargos de manuten\u00e7\u00e3o e opera\u00e7\u00e3o agr\u00edcola, para","og_url":"https:\/\/regiaonews.net.br\/2022\/2024\/06\/12\/prefeitura-de-barretos-e-usina-guaira-promovem-feirao-de-empregos-com-vagas-de-inicio-imediato\/","og_site_name":"Regi\u00e3o News","article_published_time":"2024-06-12T21:53:16+00:00","og_image":[{"width":1084,"height":1084,"url":"https:\/\/regiaonews.net.br\/2022\/wp-content\/uploads\/2024\/06\/WhatsApp-Image-2024-06-12-at-16.59.44.jpeg","type":"image\/jpeg"}],"author":"Roberto","twitter_card":"summary_large_image","twitter_misc":{"Escrito por":"Roberto","Est. tempo de leitura":"2 minutos"},"schema":{"@context":"https:\/\/schema.org","@graph":[{"@type":"Article","@id":"https:\/\/regiaonews.net.br\/2022\/2024\/06\/12\/prefeitura-de-barretos-e-usina-guaira-promovem-feirao-de-empregos-com-vagas-de-inicio-imediato\/#article","isPartOf":{"@id":"https:\/\/regiaonews.net.br\/2022\/2024\/06\/12\/prefeitura-de-barretos-e-usina-guaira-promovem-feirao-de-empregos-com-vagas-de-inicio-imediato\/"},"author":{"name":"Roberto","@id":"https:\/\/regiaonews.net.br\/2022\/#\/schema\/person\/2d205a608a5aa97ac279d7a5e6d89ad8"},"headline":"Prefeitura de Barretos e Usina Gua\u00edra promovem Feir\u00e3o de Empregos com vagas de in\u00edcio imediato","datePublished":"2024-06-12T21:53:16+00:00","mainEntityOfPage":{"@id":"https:\/\/regiaonews.net.br\/2022\/2024\/06\/12\/prefeitura-de-barretos-e-usina-guaira-promovem-feirao-de-empregos-com-vagas-de-inicio-imediato\/"},"wordCount":324,"commentCount":0,"publisher":{"@id":"https:\/\/regiaonews.net.br\/2022\/#organization"},"image":{"@id":"https:\/\/regiaonews.net.br\/2022\/2024\/06\/12\/prefeitura-de-barretos-e-usina-guaira-promovem-feirao-de-empregos-com-vagas-de-inicio-imediato\/#primaryimage"},"thumbnailUrl":"https:\/\/regiaonews.net.br\/2022\/wp-content\/uploads\/2024\/06\/WhatsApp-Image-2024-06-12-at-16.59.44.jpeg","articleSection":["Barretos","Emprego"],"inLanguage":"pt-BR","potentialAction":[{"@type":"CommentAction","name":"Comment","target":["https:\/\/regiaonews.net.br\/2022\/2024\/06\/12\/prefeitura-de-barretos-e-usina-guaira-promovem-feirao-de-empregos-com-vagas-de-inicio-imediato\/#respond"]}]},{"@type":"WebPage","@id":"https:\/\/regiaonews.net.br\/2022\/2024\/06\/12\/prefeitura-de-barretos-e-usina-guaira-promovem-feirao-de-empregos-com-vagas-de-inicio-imediato\/","url":"https:\/\/regiaonews.net.br\/2022\/2024\/06\/12\/prefeitura-de-barretos-e-usina-guaira-promovem-feirao-de-empregos-com-vagas-de-inicio-imediato\/","name":"Prefeitura de Barretos e Usina Gua\u00edra promovem Feir\u00e3o de Empregos com vagas de in\u00edcio imediato - Regi\u00e3o News","isPartOf":{"@id":"https:\/\/regiaonews.net.br\/2022\/#website"},"primaryImageOfPage":{"@id":"https:\/\/regiaonews.net.br\/2022\/2024\/06\/12\/prefeitura-de-barretos-e-usina-guaira-promovem-feirao-de-empregos-com-vagas-de-inicio-imediato\/#primaryimage"},"image":{"@id":"https:\/\/regiaonews.net.br\/2022\/2024\/06\/12\/prefeitura-de-barretos-e-usina-guaira-promovem-feirao-de-empregos-com-vagas-de-inicio-imediato\/#primaryimage"},"thumbnailUrl":"https:\/\/regiaonews.net.br\/2022\/wp-content\/uploads\/2024\/06\/WhatsApp-Image-2024-06-12-at-16.59.44.jpeg","datePublished":"2024-06-12T21:53:16+00:00","breadcrumb":{"@id":"https:\/\/regiaonews.net.br\/2022\/2024\/06\/12\/prefeitura-de-barretos-e-usina-guaira-promovem-feirao-de-empregos-com-vagas-de-inicio-imediato\/#breadcrumb"},"inLanguage":"pt-BR","potentialAction":[{"@type":"ReadAction","target":["https:\/\/regiaonews.net.br\/2022\/2024\/06\/12\/prefeitura-de-barretos-e-usina-guaira-promovem-feirao-de-empregos-com-vagas-de-inicio-imediato\/"]}]},{"@type":"ImageObject","inLanguage":"pt-BR","@id":"https:\/\/regiaonews.net.br\/2022\/2024\/06\/12\/prefeitura-de-barretos-e-usina-guaira-promovem-feirao-de-empregos-com-vagas-de-inicio-imediato\/#primaryimage","url":"https:\/\/regiaonews.net.br\/2022\/wp-content\/uploads\/2024\/06\/WhatsApp-Image-2024-06-12-at-16.59.44.jpeg","contentUrl":"https:\/\/regiaonews.net.br\/2022\/wp-content\/uploads\/2024\/06\/WhatsApp-Image-2024-06-12-at-16.59.44.jpeg","width":1084,"height":1084},{"@type":"BreadcrumbList","@id":"https:\/\/regiaonews.net.br\/2022\/2024\/06\/12\/prefeitura-de-barretos-e-usina-guaira-promovem-feirao-de-empregos-com-vagas-de-inicio-imediato\/#breadcrumb","itemListElement":[{"@type":"ListItem","position":1,"name":"In\u00edcio","item":"https:\/\/regiaonews.net.br\/2022\/"},{"@type":"ListItem","position":2,"name":"Prefeitura de Barretos e Usina Gua\u00edra promovem Feir\u00e3o de Empregos com vagas de in\u00edcio imediato"}]},{"@type":"WebSite","@id":"https:\/\/regiaonews.net.br\/2022\/#website","url":"https:\/\/regiaonews.net.br\/2022\/","name":"Regi\u00e3o News","description":"Site de Not\u00edcias de Barretos e regi\u00e3o","publisher":{"@id":"https:\/\/regiaonews.net.br\/2022\/#organization"},"potentialAction":[{"@type":"SearchAction","target":{"@type":"EntryPoint","urlTemplate":"https:\/\/regiaonews.net.br\/2022\/?s={search_term_string}"},"query-input":{"@type":"PropertyValueSpecification","valueRequired":true,"valueName":"search_term_string"}}],"inLanguage":"pt-BR"},{"@type":"Organization","@id":"https:\/\/regiaonews.net.br\/2022\/#organization","name":"Regi\u00e3o News","url":"https:\/\/regiaonews.net.br\/2022\/","logo":{"@type":"ImageObject","inLanguage":"pt-BR","@id":"https:\/\/regiaonews.net.br\/2022\/#\/schema\/logo\/image\/","url":"https:\/\/regiaonews.net.br\/2022\/wp-content\/uploads\/2026\/03\/regiao-13-anos-scaled.jpg","contentUrl":"https:\/\/regiaonews.net.br\/2022\/wp-content\/uploads\/2026\/03\/regiao-13-anos-scaled.jpg","width":2560,"height":635,"caption":"Regi\u00e3o News"},"image":{"@id":"https:\/\/regiaonews.net.br\/2022\/#\/schema\/logo\/image\/"}},{"@type":"Person","@id":"https:\/\/regiaonews.net.br\/2022\/#\/schema\/person\/2d205a608a5aa97ac279d7a5e6d89ad8","name":"Roberto","image":{"@type":"ImageObject","inLanguage":"pt-BR","@id":"https:\/\/secure.gravatar.com\/avatar\/42749d8b712ff9d59ca93dc150494e5b55a44134482993f5baeb97e61b7ecc89?s=96&d=mm&r=g","url":"https:\/\/secure.gravatar.com\/avatar\/42749d8b712ff9d59ca93dc150494e5b55a44134482993f5baeb97e61b7ecc89?s=96&d=mm&r=g","contentUrl":"https:\/\/secure.gravatar.com\/avatar\/42749d8b712ff9d59ca93dc150494e5b55a44134482993f5baeb97e61b7ecc89?s=96&d=mm&r=g","caption":"Roberto"},"url":"https:\/\/regiaonews.net.br\/2022\/author\/roberto\/"}]}},"publishpress_future_action":{"enabled":false,"date":"2026-05-03 12:52:03","action":"change-status","newStatus":"draft","terms":[],"taxonomy":"category","extraData":[]},"publishpress_future_workflow_manual_trigger":{"enabledWorkflows":[]},"_links":{"self":[{"href":"https:\/\/regiaonews.net.br\/2022\/wp-json\/wp\/v2\/posts\/106241","targetHints":{"allow":["GET"]}}],"collection":[{"href":"https:\/\/regiaonews.net.br\/2022\/wp-json\/wp\/v2\/posts"}],"about":[{"href":"https:\/\/regiaonews.net.br\/2022\/wp-json\/wp\/v2\/types\/post"}],"author":[{"embeddable":true,"href":"https:\/\/regiaonews.net.br\/2022\/wp-json\/wp\/v2\/users\/2"}],"replies":[{"embeddable":true,"href":"https:\/\/regiaonews.net.br\/2022\/wp-json\/wp\/v2\/comments?post=106241"}],"version-history":[{"count":1,"href":"https:\/\/regiaonews.net.br\/2022\/wp-json\/wp\/v2\/posts\/106241\/revisions"}],"predecessor-version":[{"id":106243,"href":"https:\/\/regiaonews.net.br\/2022\/wp-json\/wp\/v2\/posts\/106241\/revisions\/106243"}],"wp:featuredmedia":[{"embeddable":true,"href":"https:\/\/regiaonews.net.br\/2022\/wp-json\/wp\/v2\/media\/106242"}],"wp:attachment":[{"href":"https:\/\/regiaonews.net.br\/2022\/wp-json\/wp\/v2\/media?parent=106241"}],"wp:term":[{"taxonomy":"category","embeddable":true,"href":"https:\/\/regiaonews.net.br\/2022\/wp-json\/wp\/v2\/categories?post=106241"},{"taxonomy":"post_tag","embeddable":true,"href":"https:\/\/regiaonews.net.br\/2022\/wp-json\/wp\/v2\/tags?post=106241"}],"curies":[{"name":"wp","href":"https:\/\/api.w.org\/{rel}","templated":true}]}}