{"id":106232,"date":"2024-06-12T13:44:46","date_gmt":"2024-06-12T16:44:46","guid":{"rendered":"https:\/\/regiaonews.net.br\/2022\/?p=106232"},"modified":"2024-06-12T13:44:46","modified_gmt":"2024-06-12T16:44:46","slug":"pronatec-e-centro-paula-souza-inscricao-para-cursos-tecnicos-gratuitos-vai-ate-dia-16","status":"publish","type":"post","link":"https:\/\/regiaonews.net.br\/2022\/2024\/06\/12\/pronatec-e-centro-paula-souza-inscricao-para-cursos-tecnicos-gratuitos-vai-ate-dia-16\/","title":{"rendered":"Pronatec e Centro Paula Souza: inscri\u00e7\u00e3o para cursos t\u00e9cnicos gratuitos vai at\u00e9 dia 16"},"content":{"rendered":"<h3 class=\"excerpt\" style=\"text-align: center;\">Podem concorrer a uma vaga em seis op\u00e7\u00f5es de cursos t\u00e9cnicos jovens com Ensino M\u00e9dio completo na rede p\u00fablica ou bolsistas<\/h3>\n<div class=\"cabecalho-secao\">\n<p>Os interessados em concorrer a uma das 400 vagas em cursos t\u00e9cnicos gratuitos do Centro Paula Souza (CPS), oferecidos na capital paulista por meio do Programa Nacional de Acesso ao Ensino T\u00e9cnico e Emprego (Pronatec), devem fazer as inscri\u00e7\u00f5es at\u00e9 este domingo (16).<\/p>\n<p>A iniciativa \u00e9 voltada a jovens que tenham cursado o Ensino M\u00e9dio completo em escola da rede p\u00fablica ou em institui\u00e7\u00f5es privadas na condi\u00e7\u00e3o de bolsista integral. N\u00e3o h\u00e1 cobran\u00e7a de taxa e nem Vestibulinho. Para inscrever-se nos cursos \u00e9 necess\u00e1rio preencher um\u00a0<a href=\"https:\/\/forms.office.com\/pages\/responsepage.aspx?id=xWS-6vVodkqDAZV3pnnkSYXosNFV411PsrfmaZcXZKVUNlVQSTZDVjgwRzM1RkdJUlhVVVVPNVE0Ri4u\" target=\"_blank\" rel=\"noopener\">formul\u00e1rio.<\/a><\/p>\n<\/div>\n<p>Com dura\u00e7\u00e3o de tr\u00eas semestres, as forma\u00e7\u00f5es oferecidas est\u00e3o distribu\u00eddas entre as \u00e1reas de Gest\u00e3o e Neg\u00f3cios (Administra\u00e7\u00e3o, Log\u00edstica, Marketing e Recursos Humanos) e Informa\u00e7\u00e3o e Comunica\u00e7\u00e3o (Desenvolvimento de Sistemas e Inform\u00e1tica).<\/p>\n<p>As aulas ser\u00e3o ministradas em 10 Etecs ou classes descentralizadas de Etecs em escolas estaduais (EE) da Secretaria da Educa\u00e7\u00e3o (Seduc-SP), localizadas em diferentes regi\u00f5es da capital.<\/p>\n<h2><strong>Sele\u00e7\u00e3o e bolsa-aux\u00edlio<\/strong><\/h2>\n<p>Financiado pelo Minist\u00e9rio da Educa\u00e7\u00e3o (MEC), o Pronatec tem como foco jovens de baixa renda. O participante do programa recebe um subs\u00eddio financeiro para auxiliar na alimenta\u00e7\u00e3o e no transporte. O valor \u00e9 calculado com base na frequ\u00eancia das aulas e pode chegar a R$ 500 mensais, sendo depositado exclusivamente na conta corrente do benefici\u00e1rio.<\/p>\n<p>A sele\u00e7\u00e3o dos candidatos ser\u00e1 feita por ordem de inscri\u00e7\u00e3o, tendo como prioridade benefici\u00e1rios de programas federais de transfer\u00eancia de renda. Os detalhes est\u00e3o dispon\u00edveis na p\u00e1gina\u00a0<a href=\"https:\/\/www.cps.sp.gov.br\/pronatec\/\" target=\"_blank\" rel=\"noreferrer noopener\">cps.sp.gov.br\/pronatec<\/a>.<\/p>\n<p>A lista de classifica\u00e7\u00e3o ser\u00e1 divulgada no dia 25 de junho. O candidato convocado receber\u00e1 um e-mail com as instru\u00e7\u00f5es para matr\u00edcula. O in\u00edcio das aulas est\u00e1 previsto para 24 de julho.<\/p>\n<h2><strong>Confira rela\u00e7\u00e3o de locais e cursos:<\/strong><\/h2>\n<figure class=\"wp-block-table\">\n<table>\n<thead>\n<tr>\n<td><strong>Unidade<\/strong><\/td>\n<td><strong>Endere\u00e7o e Bairro<\/strong><\/td>\n<td><strong>Curso<\/strong><\/td>\n<td><strong>Vagas<\/strong><\/td>\n<\/tr>\n<\/thead>\n<tbody>\n<tr>\n<td>Etec Prof. Camargo Aranha<\/td>\n<td>Rua Marcial, 25 \u2013 Mooca<\/td>\n<td>Marketing \u2013 Noite<\/td>\n<td>40<\/td>\n<\/tr>\n<tr>\n<td>Etec Prof. Apr\u00edgio Gonzaga (EE Esther Frankel Sampaio)<\/td>\n<td>Rua Tujuba, 1475 \u2013 Penha de Fran\u00e7a<\/td>\n<td>Administra\u00e7\u00e3o \u2013 Noite<\/td>\n<td>40<\/td>\n<\/tr>\n<tr>\n<td>Etec Carolina Carinhato Sampaio<\/td>\n<td>Rua Frederico Grotte, 322 \u2013 Jardim Vergueiro<\/td>\n<td>Administra\u00e7\u00e3o \u2013 Tarde<\/td>\n<td>40<\/td>\n<\/tr>\n<tr>\n<td>Etec de Sapopemba (EE Stefan Zweig)<\/td>\n<td>Rua Genaro Arila Arensanz, 225 \u2013 Vila Ivone<\/td>\n<td>Recursos Humanos \u2013 Noite<\/td>\n<td>40<\/td>\n<\/tr>\n<tr>\n<td>Etec de Heli\u00f3polis<\/td>\n<td>Estrada das L\u00e1grimas, 2.461 \u2013 Bairro S\u00e3o Jo\u00e3o Cl\u00edmaco<\/td>\n<td>Inform\u00e1tica \u2013 Noite<\/td>\n<td>40<\/td>\n<\/tr>\n<tr>\n<td>Etec Parque Bel\u00e9m<\/td>\n<td>Rua Ulisses Cruz, 85 \u2013 Tatuap\u00e9<\/td>\n<td>Log\u00edstica \u2013 20% online \u2013 Noite<\/td>\n<td>40<\/td>\n<\/tr>\n<tr>\n<td>Etec Abdias do Nascimento<\/td>\n<td>Rua Doutor Jos\u00e9 Augusto Souza e Silva, s\/n \u2013 Jardim Parque Morumbi (Parais\u00f3polis)<\/td>\n<td>Desenvolvimento de Sistemas \u2013 20% online \u2013 Noite<\/td>\n<td>40<\/td>\n<\/tr>\n<tr>\n<td>Etec S\u00e3o Mateus<\/td>\n<td>Rua Soledade de Minas, 87 \u2013 Jardim S\u00e3o Crist\u00f3v\u00e3o<\/td>\n<td>Desenvolvimento de Sistemas \u2013 Tarde<\/td>\n<td>40<\/td>\n<\/tr>\n<tr>\n<td>Etec Uirapuru<\/td>\n<td>Rua Nazir Miguel, 779 \u2013 Jardim Jo\u00e3o XXIII<\/td>\n<td>Administra\u00e7\u00e3o \u2013 20% online \u2013 Noite<\/td>\n<td>40<\/td>\n<\/tr>\n<tr>\n<td>Etec Professora Doutora Doroti Quiomi Kanashiro Toyohara<\/td>\n<td>Rua Ambr\u00f3sia do M\u00e9xico, s\/n \u2013 Pirituba<\/td>\n<td>Administra\u00e7\u00e3o \u2013 Noite<\/td>\n<td>40<\/td>\n<\/tr>\n<\/tbody>\n<\/table>\n<\/figure>\n","protected":false},"excerpt":{"rendered":"<p>Podem concorrer a uma vaga em seis op\u00e7\u00f5es de cursos<\/p>\n","protected":false},"author":2,"featured_media":106233,"comment_status":"open","ping_status":"open","sticky":false,"template":"","format":"standard","meta":{"footnotes":""},"categories":[7,3],"tags":[],"class_list":["post-106232","post","type-post","status-publish","format-standard","has-post-thumbnail","hentry","category-estado-de-sao-paulo","category-geral"],"yoast_head":"<!-- This site is optimized with the Yoast SEO plugin v27.4 - https:\/\/yoast.com\/product\/yoast-seo-wordpress\/ -->\n<title>Pronatec e Centro Paula Souza: inscri\u00e7\u00e3o para cursos t\u00e9cnicos gratuitos vai at\u00e9 dia 16 - Regi\u00e3o News<\/title>\n<meta name=\"robots\" content=\"index, follow, max-snippet:-1, max-image-preview:large, max-video-preview:-1\" \/>\n<link rel=\"canonical\" href=\"https:\/\/regiaonews.net.br\/2022\/2024\/06\/12\/pronatec-e-centro-paula-souza-inscricao-para-cursos-tecnicos-gratuitos-vai-ate-dia-16\/\" \/>\n<meta property=\"og:locale\" content=\"pt_BR\" \/>\n<meta property=\"og:type\" content=\"article\" \/>\n<meta property=\"og:title\" content=\"Pronatec e Centro Paula Souza: inscri\u00e7\u00e3o para cursos t\u00e9cnicos gratuitos vai at\u00e9 dia 16 - Regi\u00e3o News\" \/>\n<meta property=\"og:description\" content=\"Podem concorrer a uma vaga em seis op\u00e7\u00f5es de cursos\" \/>\n<meta property=\"og:url\" content=\"https:\/\/regiaonews.net.br\/2022\/2024\/06\/12\/pronatec-e-centro-paula-souza-inscricao-para-cursos-tecnicos-gratuitos-vai-ate-dia-16\/\" \/>\n<meta property=\"og:site_name\" content=\"Regi\u00e3o News\" \/>\n<meta property=\"article:published_time\" content=\"2024-06-12T16:44:46+00:00\" \/>\n<meta property=\"og:image\" content=\"https:\/\/regiaonews.net.br\/2022\/wp-content\/uploads\/2024\/06\/etec.jpg\" \/>\n\t<meta property=\"og:image:width\" content=\"1200\" \/>\n\t<meta property=\"og:image:height\" content=\"800\" \/>\n\t<meta property=\"og:image:type\" content=\"image\/jpeg\" \/>\n<meta name=\"author\" content=\"Roberto\" \/>\n<meta name=\"twitter:card\" content=\"summary_large_image\" \/>\n<meta name=\"twitter:label1\" content=\"Escrito por\" \/>\n\t<meta name=\"twitter:data1\" content=\"Roberto\" \/>\n\t<meta name=\"twitter:label2\" content=\"Est. tempo de leitura\" \/>\n\t<meta name=\"twitter:data2\" content=\"3 minutos\" \/>\n<script type=\"application\/ld+json\" class=\"yoast-schema-graph\">{\"@context\":\"https:\\\/\\\/schema.org\",\"@graph\":[{\"@type\":\"Article\",\"@id\":\"https:\\\/\\\/regiaonews.net.br\\\/2022\\\/2024\\\/06\\\/12\\\/pronatec-e-centro-paula-souza-inscricao-para-cursos-tecnicos-gratuitos-vai-ate-dia-16\\\/#article\",\"isPartOf\":{\"@id\":\"https:\\\/\\\/regiaonews.net.br\\\/2022\\\/2024\\\/06\\\/12\\\/pronatec-e-centro-paula-souza-inscricao-para-cursos-tecnicos-gratuitos-vai-ate-dia-16\\\/\"},\"author\":{\"name\":\"Roberto\",\"@id\":\"https:\\\/\\\/regiaonews.net.br\\\/2022\\\/#\\\/schema\\\/person\\\/2d205a608a5aa97ac279d7a5e6d89ad8\"},\"headline\":\"Pronatec e Centro Paula Souza: inscri\u00e7\u00e3o para cursos t\u00e9cnicos gratuitos vai at\u00e9 dia 16\",\"datePublished\":\"2024-06-12T16:44:46+00:00\",\"mainEntityOfPage\":{\"@id\":\"https:\\\/\\\/regiaonews.net.br\\\/2022\\\/2024\\\/06\\\/12\\\/pronatec-e-centro-paula-souza-inscricao-para-cursos-tecnicos-gratuitos-vai-ate-dia-16\\\/\"},\"wordCount\":515,\"commentCount\":0,\"publisher\":{\"@id\":\"https:\\\/\\\/regiaonews.net.br\\\/2022\\\/#organization\"},\"image\":{\"@id\":\"https:\\\/\\\/regiaonews.net.br\\\/2022\\\/2024\\\/06\\\/12\\\/pronatec-e-centro-paula-souza-inscricao-para-cursos-tecnicos-gratuitos-vai-ate-dia-16\\\/#primaryimage\"},\"thumbnailUrl\":\"https:\\\/\\\/regiaonews.net.br\\\/2022\\\/wp-content\\\/uploads\\\/2024\\\/06\\\/etec.jpg\",\"articleSection\":[\"Estado de S\u00e3o Paulo\",\"Geral\"],\"inLanguage\":\"pt-BR\",\"potentialAction\":[{\"@type\":\"CommentAction\",\"name\":\"Comment\",\"target\":[\"https:\\\/\\\/regiaonews.net.br\\\/2022\\\/2024\\\/06\\\/12\\\/pronatec-e-centro-paula-souza-inscricao-para-cursos-tecnicos-gratuitos-vai-ate-dia-16\\\/#respond\"]}]},{\"@type\":\"WebPage\",\"@id\":\"https:\\\/\\\/regiaonews.net.br\\\/2022\\\/2024\\\/06\\\/12\\\/pronatec-e-centro-paula-souza-inscricao-para-cursos-tecnicos-gratuitos-vai-ate-dia-16\\\/\",\"url\":\"https:\\\/\\\/regiaonews.net.br\\\/2022\\\/2024\\\/06\\\/12\\\/pronatec-e-centro-paula-souza-inscricao-para-cursos-tecnicos-gratuitos-vai-ate-dia-16\\\/\",\"name\":\"Pronatec e Centro Paula Souza: inscri\u00e7\u00e3o para cursos t\u00e9cnicos gratuitos vai at\u00e9 dia 16 - Regi\u00e3o News\",\"isPartOf\":{\"@id\":\"https:\\\/\\\/regiaonews.net.br\\\/2022\\\/#website\"},\"primaryImageOfPage\":{\"@id\":\"https:\\\/\\\/regiaonews.net.br\\\/2022\\\/2024\\\/06\\\/12\\\/pronatec-e-centro-paula-souza-inscricao-para-cursos-tecnicos-gratuitos-vai-ate-dia-16\\\/#primaryimage\"},\"image\":{\"@id\":\"https:\\\/\\\/regiaonews.net.br\\\/2022\\\/2024\\\/06\\\/12\\\/pronatec-e-centro-paula-souza-inscricao-para-cursos-tecnicos-gratuitos-vai-ate-dia-16\\\/#primaryimage\"},\"thumbnailUrl\":\"https:\\\/\\\/regiaonews.net.br\\\/2022\\\/wp-content\\\/uploads\\\/2024\\\/06\\\/etec.jpg\",\"datePublished\":\"2024-06-12T16:44:46+00:00\",\"breadcrumb\":{\"@id\":\"https:\\\/\\\/regiaonews.net.br\\\/2022\\\/2024\\\/06\\\/12\\\/pronatec-e-centro-paula-souza-inscricao-para-cursos-tecnicos-gratuitos-vai-ate-dia-16\\\/#breadcrumb\"},\"inLanguage\":\"pt-BR\",\"potentialAction\":[{\"@type\":\"ReadAction\",\"target\":[\"https:\\\/\\\/regiaonews.net.br\\\/2022\\\/2024\\\/06\\\/12\\\/pronatec-e-centro-paula-souza-inscricao-para-cursos-tecnicos-gratuitos-vai-ate-dia-16\\\/\"]}]},{\"@type\":\"ImageObject\",\"inLanguage\":\"pt-BR\",\"@id\":\"https:\\\/\\\/regiaonews.net.br\\\/2022\\\/2024\\\/06\\\/12\\\/pronatec-e-centro-paula-souza-inscricao-para-cursos-tecnicos-gratuitos-vai-ate-dia-16\\\/#primaryimage\",\"url\":\"https:\\\/\\\/regiaonews.net.br\\\/2022\\\/wp-content\\\/uploads\\\/2024\\\/06\\\/etec.jpg\",\"contentUrl\":\"https:\\\/\\\/regiaonews.net.br\\\/2022\\\/wp-content\\\/uploads\\\/2024\\\/06\\\/etec.jpg\",\"width\":1200,\"height\":800},{\"@type\":\"BreadcrumbList\",\"@id\":\"https:\\\/\\\/regiaonews.net.br\\\/2022\\\/2024\\\/06\\\/12\\\/pronatec-e-centro-paula-souza-inscricao-para-cursos-tecnicos-gratuitos-vai-ate-dia-16\\\/#breadcrumb\",\"itemListElement\":[{\"@type\":\"ListItem\",\"position\":1,\"name\":\"In\u00edcio\",\"item\":\"https:\\\/\\\/regiaonews.net.br\\\/2022\\\/\"},{\"@type\":\"ListItem\",\"position\":2,\"name\":\"Pronatec e Centro Paula Souza: inscri\u00e7\u00e3o para cursos t\u00e9cnicos gratuitos vai at\u00e9 dia 16\"}]},{\"@type\":\"WebSite\",\"@id\":\"https:\\\/\\\/regiaonews.net.br\\\/2022\\\/#website\",\"url\":\"https:\\\/\\\/regiaonews.net.br\\\/2022\\\/\",\"name\":\"Regi\u00e3o News\",\"description\":\"Site de Not\u00edcias de Barretos e regi\u00e3o\",\"publisher\":{\"@id\":\"https:\\\/\\\/regiaonews.net.br\\\/2022\\\/#organization\"},\"potentialAction\":[{\"@type\":\"SearchAction\",\"target\":{\"@type\":\"EntryPoint\",\"urlTemplate\":\"https:\\\/\\\/regiaonews.net.br\\\/2022\\\/?s={search_term_string}\"},\"query-input\":{\"@type\":\"PropertyValueSpecification\",\"valueRequired\":true,\"valueName\":\"search_term_string\"}}],\"inLanguage\":\"pt-BR\"},{\"@type\":\"Organization\",\"@id\":\"https:\\\/\\\/regiaonews.net.br\\\/2022\\\/#organization\",\"name\":\"Regi\u00e3o News\",\"url\":\"https:\\\/\\\/regiaonews.net.br\\\/2022\\\/\",\"logo\":{\"@type\":\"ImageObject\",\"inLanguage\":\"pt-BR\",\"@id\":\"https:\\\/\\\/regiaonews.net.br\\\/2022\\\/#\\\/schema\\\/logo\\\/image\\\/\",\"url\":\"https:\\\/\\\/regiaonews.net.br\\\/2022\\\/wp-content\\\/uploads\\\/2026\\\/03\\\/regiao-13-anos-scaled.jpg\",\"contentUrl\":\"https:\\\/\\\/regiaonews.net.br\\\/2022\\\/wp-content\\\/uploads\\\/2026\\\/03\\\/regiao-13-anos-scaled.jpg\",\"width\":2560,\"height\":635,\"caption\":\"Regi\u00e3o News\"},\"image\":{\"@id\":\"https:\\\/\\\/regiaonews.net.br\\\/2022\\\/#\\\/schema\\\/logo\\\/image\\\/\"}},{\"@type\":\"Person\",\"@id\":\"https:\\\/\\\/regiaonews.net.br\\\/2022\\\/#\\\/schema\\\/person\\\/2d205a608a5aa97ac279d7a5e6d89ad8\",\"name\":\"Roberto\",\"image\":{\"@type\":\"ImageObject\",\"inLanguage\":\"pt-BR\",\"@id\":\"https:\\\/\\\/secure.gravatar.com\\\/avatar\\\/42749d8b712ff9d59ca93dc150494e5b55a44134482993f5baeb97e61b7ecc89?s=96&d=mm&r=g\",\"url\":\"https:\\\/\\\/secure.gravatar.com\\\/avatar\\\/42749d8b712ff9d59ca93dc150494e5b55a44134482993f5baeb97e61b7ecc89?s=96&d=mm&r=g\",\"contentUrl\":\"https:\\\/\\\/secure.gravatar.com\\\/avatar\\\/42749d8b712ff9d59ca93dc150494e5b55a44134482993f5baeb97e61b7ecc89?s=96&d=mm&r=g\",\"caption\":\"Roberto\"},\"url\":\"https:\\\/\\\/regiaonews.net.br\\\/2022\\\/author\\\/roberto\\\/\"}]}<\/script>\n<!-- \/ Yoast SEO plugin. -->","yoast_head_json":{"title":"Pronatec e Centro Paula Souza: inscri\u00e7\u00e3o para cursos t\u00e9cnicos gratuitos vai at\u00e9 dia 16 - Regi\u00e3o News","robots":{"index":"index","follow":"follow","max-snippet":"max-snippet:-1","max-image-preview":"max-image-preview:large","max-video-preview":"max-video-preview:-1"},"canonical":"https:\/\/regiaonews.net.br\/2022\/2024\/06\/12\/pronatec-e-centro-paula-souza-inscricao-para-cursos-tecnicos-gratuitos-vai-ate-dia-16\/","og_locale":"pt_BR","og_type":"article","og_title":"Pronatec e Centro Paula Souza: inscri\u00e7\u00e3o para cursos t\u00e9cnicos gratuitos vai at\u00e9 dia 16 - Regi\u00e3o News","og_description":"Podem concorrer a uma vaga em seis op\u00e7\u00f5es de cursos","og_url":"https:\/\/regiaonews.net.br\/2022\/2024\/06\/12\/pronatec-e-centro-paula-souza-inscricao-para-cursos-tecnicos-gratuitos-vai-ate-dia-16\/","og_site_name":"Regi\u00e3o News","article_published_time":"2024-06-12T16:44:46+00:00","og_image":[{"width":1200,"height":800,"url":"https:\/\/regiaonews.net.br\/2022\/wp-content\/uploads\/2024\/06\/etec.jpg","type":"image\/jpeg"}],"author":"Roberto","twitter_card":"summary_large_image","twitter_misc":{"Escrito por":"Roberto","Est. tempo de leitura":"3 minutos"},"schema":{"@context":"https:\/\/schema.org","@graph":[{"@type":"Article","@id":"https:\/\/regiaonews.net.br\/2022\/2024\/06\/12\/pronatec-e-centro-paula-souza-inscricao-para-cursos-tecnicos-gratuitos-vai-ate-dia-16\/#article","isPartOf":{"@id":"https:\/\/regiaonews.net.br\/2022\/2024\/06\/12\/pronatec-e-centro-paula-souza-inscricao-para-cursos-tecnicos-gratuitos-vai-ate-dia-16\/"},"author":{"name":"Roberto","@id":"https:\/\/regiaonews.net.br\/2022\/#\/schema\/person\/2d205a608a5aa97ac279d7a5e6d89ad8"},"headline":"Pronatec e Centro Paula Souza: inscri\u00e7\u00e3o para cursos t\u00e9cnicos gratuitos vai at\u00e9 dia 16","datePublished":"2024-06-12T16:44:46+00:00","mainEntityOfPage":{"@id":"https:\/\/regiaonews.net.br\/2022\/2024\/06\/12\/pronatec-e-centro-paula-souza-inscricao-para-cursos-tecnicos-gratuitos-vai-ate-dia-16\/"},"wordCount":515,"commentCount":0,"publisher":{"@id":"https:\/\/regiaonews.net.br\/2022\/#organization"},"image":{"@id":"https:\/\/regiaonews.net.br\/2022\/2024\/06\/12\/pronatec-e-centro-paula-souza-inscricao-para-cursos-tecnicos-gratuitos-vai-ate-dia-16\/#primaryimage"},"thumbnailUrl":"https:\/\/regiaonews.net.br\/2022\/wp-content\/uploads\/2024\/06\/etec.jpg","articleSection":["Estado de S\u00e3o Paulo","Geral"],"inLanguage":"pt-BR","potentialAction":[{"@type":"CommentAction","name":"Comment","target":["https:\/\/regiaonews.net.br\/2022\/2024\/06\/12\/pronatec-e-centro-paula-souza-inscricao-para-cursos-tecnicos-gratuitos-vai-ate-dia-16\/#respond"]}]},{"@type":"WebPage","@id":"https:\/\/regiaonews.net.br\/2022\/2024\/06\/12\/pronatec-e-centro-paula-souza-inscricao-para-cursos-tecnicos-gratuitos-vai-ate-dia-16\/","url":"https:\/\/regiaonews.net.br\/2022\/2024\/06\/12\/pronatec-e-centro-paula-souza-inscricao-para-cursos-tecnicos-gratuitos-vai-ate-dia-16\/","name":"Pronatec e Centro Paula Souza: inscri\u00e7\u00e3o para cursos t\u00e9cnicos gratuitos vai at\u00e9 dia 16 - Regi\u00e3o News","isPartOf":{"@id":"https:\/\/regiaonews.net.br\/2022\/#website"},"primaryImageOfPage":{"@id":"https:\/\/regiaonews.net.br\/2022\/2024\/06\/12\/pronatec-e-centro-paula-souza-inscricao-para-cursos-tecnicos-gratuitos-vai-ate-dia-16\/#primaryimage"},"image":{"@id":"https:\/\/regiaonews.net.br\/2022\/2024\/06\/12\/pronatec-e-centro-paula-souza-inscricao-para-cursos-tecnicos-gratuitos-vai-ate-dia-16\/#primaryimage"},"thumbnailUrl":"https:\/\/regiaonews.net.br\/2022\/wp-content\/uploads\/2024\/06\/etec.jpg","datePublished":"2024-06-12T16:44:46+00:00","breadcrumb":{"@id":"https:\/\/regiaonews.net.br\/2022\/2024\/06\/12\/pronatec-e-centro-paula-souza-inscricao-para-cursos-tecnicos-gratuitos-vai-ate-dia-16\/#breadcrumb"},"inLanguage":"pt-BR","potentialAction":[{"@type":"ReadAction","target":["https:\/\/regiaonews.net.br\/2022\/2024\/06\/12\/pronatec-e-centro-paula-souza-inscricao-para-cursos-tecnicos-gratuitos-vai-ate-dia-16\/"]}]},{"@type":"ImageObject","inLanguage":"pt-BR","@id":"https:\/\/regiaonews.net.br\/2022\/2024\/06\/12\/pronatec-e-centro-paula-souza-inscricao-para-cursos-tecnicos-gratuitos-vai-ate-dia-16\/#primaryimage","url":"https:\/\/regiaonews.net.br\/2022\/wp-content\/uploads\/2024\/06\/etec.jpg","contentUrl":"https:\/\/regiaonews.net.br\/2022\/wp-content\/uploads\/2024\/06\/etec.jpg","width":1200,"height":800},{"@type":"BreadcrumbList","@id":"https:\/\/regiaonews.net.br\/2022\/2024\/06\/12\/pronatec-e-centro-paula-souza-inscricao-para-cursos-tecnicos-gratuitos-vai-ate-dia-16\/#breadcrumb","itemListElement":[{"@type":"ListItem","position":1,"name":"In\u00edcio","item":"https:\/\/regiaonews.net.br\/2022\/"},{"@type":"ListItem","position":2,"name":"Pronatec e Centro Paula Souza: inscri\u00e7\u00e3o para cursos t\u00e9cnicos gratuitos vai at\u00e9 dia 16"}]},{"@type":"WebSite","@id":"https:\/\/regiaonews.net.br\/2022\/#website","url":"https:\/\/regiaonews.net.br\/2022\/","name":"Regi\u00e3o News","description":"Site de Not\u00edcias de Barretos e regi\u00e3o","publisher":{"@id":"https:\/\/regiaonews.net.br\/2022\/#organization"},"potentialAction":[{"@type":"SearchAction","target":{"@type":"EntryPoint","urlTemplate":"https:\/\/regiaonews.net.br\/2022\/?s={search_term_string}"},"query-input":{"@type":"PropertyValueSpecification","valueRequired":true,"valueName":"search_term_string"}}],"inLanguage":"pt-BR"},{"@type":"Organization","@id":"https:\/\/regiaonews.net.br\/2022\/#organization","name":"Regi\u00e3o News","url":"https:\/\/regiaonews.net.br\/2022\/","logo":{"@type":"ImageObject","inLanguage":"pt-BR","@id":"https:\/\/regiaonews.net.br\/2022\/#\/schema\/logo\/image\/","url":"https:\/\/regiaonews.net.br\/2022\/wp-content\/uploads\/2026\/03\/regiao-13-anos-scaled.jpg","contentUrl":"https:\/\/regiaonews.net.br\/2022\/wp-content\/uploads\/2026\/03\/regiao-13-anos-scaled.jpg","width":2560,"height":635,"caption":"Regi\u00e3o News"},"image":{"@id":"https:\/\/regiaonews.net.br\/2022\/#\/schema\/logo\/image\/"}},{"@type":"Person","@id":"https:\/\/regiaonews.net.br\/2022\/#\/schema\/person\/2d205a608a5aa97ac279d7a5e6d89ad8","name":"Roberto","image":{"@type":"ImageObject","inLanguage":"pt-BR","@id":"https:\/\/secure.gravatar.com\/avatar\/42749d8b712ff9d59ca93dc150494e5b55a44134482993f5baeb97e61b7ecc89?s=96&d=mm&r=g","url":"https:\/\/secure.gravatar.com\/avatar\/42749d8b712ff9d59ca93dc150494e5b55a44134482993f5baeb97e61b7ecc89?s=96&d=mm&r=g","contentUrl":"https:\/\/secure.gravatar.com\/avatar\/42749d8b712ff9d59ca93dc150494e5b55a44134482993f5baeb97e61b7ecc89?s=96&d=mm&r=g","caption":"Roberto"},"url":"https:\/\/regiaonews.net.br\/2022\/author\/roberto\/"}]}},"publishpress_future_action":{"enabled":false,"date":"2026-05-03 05:11:21","action":"change-status","newStatus":"draft","terms":[],"taxonomy":"category","extraData":[]},"publishpress_future_workflow_manual_trigger":{"enabledWorkflows":[]},"_links":{"self":[{"href":"https:\/\/regiaonews.net.br\/2022\/wp-json\/wp\/v2\/posts\/106232","targetHints":{"allow":["GET"]}}],"collection":[{"href":"https:\/\/regiaonews.net.br\/2022\/wp-json\/wp\/v2\/posts"}],"about":[{"href":"https:\/\/regiaonews.net.br\/2022\/wp-json\/wp\/v2\/types\/post"}],"author":[{"embeddable":true,"href":"https:\/\/regiaonews.net.br\/2022\/wp-json\/wp\/v2\/users\/2"}],"replies":[{"embeddable":true,"href":"https:\/\/regiaonews.net.br\/2022\/wp-json\/wp\/v2\/comments?post=106232"}],"version-history":[{"count":1,"href":"https:\/\/regiaonews.net.br\/2022\/wp-json\/wp\/v2\/posts\/106232\/revisions"}],"predecessor-version":[{"id":106234,"href":"https:\/\/regiaonews.net.br\/2022\/wp-json\/wp\/v2\/posts\/106232\/revisions\/106234"}],"wp:featuredmedia":[{"embeddable":true,"href":"https:\/\/regiaonews.net.br\/2022\/wp-json\/wp\/v2\/media\/106233"}],"wp:attachment":[{"href":"https:\/\/regiaonews.net.br\/2022\/wp-json\/wp\/v2\/media?parent=106232"}],"wp:term":[{"taxonomy":"category","embeddable":true,"href":"https:\/\/regiaonews.net.br\/2022\/wp-json\/wp\/v2\/categories?post=106232"},{"taxonomy":"post_tag","embeddable":true,"href":"https:\/\/regiaonews.net.br\/2022\/wp-json\/wp\/v2\/tags?post=106232"}],"curies":[{"name":"wp","href":"https:\/\/api.w.org\/{rel}","templated":true}]}}