{"id":106180,"date":"2024-06-12T06:16:44","date_gmt":"2024-06-12T09:16:44","guid":{"rendered":"https:\/\/regiaonews.net.br\/2022\/?p=106180"},"modified":"2024-06-12T06:18:21","modified_gmt":"2024-06-12T09:18:21","slug":"barretos-vai-receber-etapa-da-13a-olimpiada-brasileira-de-agropecuaria","status":"publish","type":"post","link":"https:\/\/regiaonews.net.br\/2022\/2024\/06\/12\/barretos-vai-receber-etapa-da-13a-olimpiada-brasileira-de-agropecuaria\/","title":{"rendered":"Estudantes de todo o pa\u00eds v\u00e3o participar da 13\u00aa Olimp\u00edada Brasileira de Agropecu\u00e1ria em Barretos"},"content":{"rendered":"<p>&nbsp;<\/p>\n<p>A cidade de Barretos vai sediar a etapa presencial da 13\u00aa Olimp\u00edada Brasileira de Agropecu\u00e1ria &#8211; OBAP, entre os dias 20 e 21 deste m\u00eas, na unidade agr\u00edcola do Instituto Federal de S\u00e3o Paulo. A competi\u00e7\u00e3o foi idealizada Instituto Federal do Sul de Minas e tem parceria com IFSP em 2024. A Olimp\u00edada ser\u00e1 realizada em duas etapas e vai reunir estudantes de todo o pa\u00eds e abranger\u00e1 estudantes matriculados nos cursos de t\u00e9cnico em agropecu\u00e1ria, t\u00e9cnico em agroecologia, t\u00e9cnico em Meio Ambiente, t\u00e9cnico em Agroneg\u00f3cio, t\u00e9cnico em Alimentos, t\u00e9cnico em Agroind\u00fastria e demais cursos do eixo tecnol\u00f3gico e recursos naturais.<br \/>\nDe acordo com a diretora da IFSP de Barretos, Juliana Pimenta, a Olimp\u00edada tem o objetivo de estimular o ingresso de jovens do Ensino M\u00e9dio e T\u00e9cnico nas carreiras t\u00e9cnico-cient\u00edficas por meio da pesquisa e da inova\u00e7\u00e3o em Agropecu\u00e1ria, da aplica\u00e7\u00e3o de conhecimentos cient\u00edficos e pr\u00e1ticos, do enfrentamento de situa\u00e7\u00f5es desafiadoras e da coopera\u00e7\u00e3o entre os participantes.<br \/>\nO campus Barretos do IFSP participou da competi\u00e7\u00e3o com v\u00e1rias equipes tendo duas destas com 100% de aproveitamento na etapa virtual, classificando uma delas para a etapa presencial. \u201cA dire\u00e7\u00e3o do campus Barretos e todos os docentes envolvidos na competi\u00e7\u00e3o est\u00e3o muito satisfeitos com o resultado de suas equipes e ansiosos pela etapa presencial, na torcida pelos seus competidores. Al\u00e9m da movimenta\u00e7\u00e3o de todo o campus, o evento movimentar\u00e1 a cidade de Barretos entre os dias 19 e 22 de junho, per\u00edodo em que cerca de 300 competidores estar\u00e3o na cidade\u201d, explicou Juliana Pimenta.<\/p>\n","protected":false},"excerpt":{"rendered":"<p>&nbsp; A cidade de Barretos vai sediar a etapa presencial<\/p>\n","protected":false},"author":2,"featured_media":114,"comment_status":"open","ping_status":"open","sticky":false,"template":"","format":"standard","meta":{"footnotes":""},"categories":[14,25],"tags":[],"class_list":["post-106180","post","type-post","status-publish","format-standard","has-post-thumbnail","hentry","category-barretos","category-cidades"],"yoast_head":"<!-- This site is optimized with the Yoast SEO plugin v27.4 - https:\/\/yoast.com\/product\/yoast-seo-wordpress\/ -->\n<title>Estudantes de todo o pa\u00eds v\u00e3o participar da 13\u00aa Olimp\u00edada Brasileira de Agropecu\u00e1ria em Barretos - Regi\u00e3o News<\/title>\n<meta name=\"robots\" content=\"index, follow, max-snippet:-1, max-image-preview:large, max-video-preview:-1\" \/>\n<link rel=\"canonical\" href=\"https:\/\/regiaonews.net.br\/2022\/2024\/06\/12\/barretos-vai-receber-etapa-da-13a-olimpiada-brasileira-de-agropecuaria\/\" \/>\n<meta property=\"og:locale\" content=\"pt_BR\" \/>\n<meta property=\"og:type\" content=\"article\" \/>\n<meta property=\"og:title\" content=\"Estudantes de todo o pa\u00eds v\u00e3o participar da 13\u00aa Olimp\u00edada Brasileira de Agropecu\u00e1ria em Barretos - Regi\u00e3o News\" \/>\n<meta property=\"og:description\" content=\"&nbsp; A cidade de Barretos vai sediar a etapa presencial\" \/>\n<meta property=\"og:url\" content=\"https:\/\/regiaonews.net.br\/2022\/2024\/06\/12\/barretos-vai-receber-etapa-da-13a-olimpiada-brasileira-de-agropecuaria\/\" \/>\n<meta property=\"og:site_name\" content=\"Regi\u00e3o News\" \/>\n<meta property=\"article:published_time\" content=\"2024-06-12T09:16:44+00:00\" \/>\n<meta property=\"article:modified_time\" content=\"2024-06-12T09:18:21+00:00\" \/>\n<meta property=\"og:image\" content=\"https:\/\/regiaonews.net.br\/2022\/wp-content\/uploads\/2016\/10\/IFSP-Campus-Barretos-Divulga\u00e7\u00e3o.jpg\" \/>\n\t<meta property=\"og:image:width\" content=\"530\" \/>\n\t<meta property=\"og:image:height\" content=\"331\" \/>\n\t<meta property=\"og:image:type\" content=\"image\/jpeg\" \/>\n<meta name=\"author\" content=\"Roberto\" \/>\n<meta name=\"twitter:card\" content=\"summary_large_image\" \/>\n<meta name=\"twitter:label1\" content=\"Escrito por\" \/>\n\t<meta name=\"twitter:data1\" content=\"Roberto\" \/>\n\t<meta name=\"twitter:label2\" content=\"Est. tempo de leitura\" \/>\n\t<meta name=\"twitter:data2\" content=\"2 minutos\" \/>\n<script type=\"application\/ld+json\" class=\"yoast-schema-graph\">{\"@context\":\"https:\\\/\\\/schema.org\",\"@graph\":[{\"@type\":\"Article\",\"@id\":\"https:\\\/\\\/regiaonews.net.br\\\/2022\\\/2024\\\/06\\\/12\\\/barretos-vai-receber-etapa-da-13a-olimpiada-brasileira-de-agropecuaria\\\/#article\",\"isPartOf\":{\"@id\":\"https:\\\/\\\/regiaonews.net.br\\\/2022\\\/2024\\\/06\\\/12\\\/barretos-vai-receber-etapa-da-13a-olimpiada-brasileira-de-agropecuaria\\\/\"},\"author\":{\"name\":\"Roberto\",\"@id\":\"https:\\\/\\\/regiaonews.net.br\\\/2022\\\/#\\\/schema\\\/person\\\/2d205a608a5aa97ac279d7a5e6d89ad8\"},\"headline\":\"Estudantes de todo o pa\u00eds v\u00e3o participar da 13\u00aa Olimp\u00edada Brasileira de Agropecu\u00e1ria em Barretos\",\"datePublished\":\"2024-06-12T09:16:44+00:00\",\"dateModified\":\"2024-06-12T09:18:21+00:00\",\"mainEntityOfPage\":{\"@id\":\"https:\\\/\\\/regiaonews.net.br\\\/2022\\\/2024\\\/06\\\/12\\\/barretos-vai-receber-etapa-da-13a-olimpiada-brasileira-de-agropecuaria\\\/\"},\"wordCount\":302,\"commentCount\":0,\"publisher\":{\"@id\":\"https:\\\/\\\/regiaonews.net.br\\\/2022\\\/#organization\"},\"image\":{\"@id\":\"https:\\\/\\\/regiaonews.net.br\\\/2022\\\/2024\\\/06\\\/12\\\/barretos-vai-receber-etapa-da-13a-olimpiada-brasileira-de-agropecuaria\\\/#primaryimage\"},\"thumbnailUrl\":\"https:\\\/\\\/regiaonews.net.br\\\/2022\\\/wp-content\\\/uploads\\\/2016\\\/10\\\/IFSP-Campus-Barretos-Divulga\u00e7\u00e3o.jpg\",\"articleSection\":[\"Barretos\",\"Cidades\"],\"inLanguage\":\"pt-BR\",\"potentialAction\":[{\"@type\":\"CommentAction\",\"name\":\"Comment\",\"target\":[\"https:\\\/\\\/regiaonews.net.br\\\/2022\\\/2024\\\/06\\\/12\\\/barretos-vai-receber-etapa-da-13a-olimpiada-brasileira-de-agropecuaria\\\/#respond\"]}]},{\"@type\":\"WebPage\",\"@id\":\"https:\\\/\\\/regiaonews.net.br\\\/2022\\\/2024\\\/06\\\/12\\\/barretos-vai-receber-etapa-da-13a-olimpiada-brasileira-de-agropecuaria\\\/\",\"url\":\"https:\\\/\\\/regiaonews.net.br\\\/2022\\\/2024\\\/06\\\/12\\\/barretos-vai-receber-etapa-da-13a-olimpiada-brasileira-de-agropecuaria\\\/\",\"name\":\"Estudantes de todo o pa\u00eds v\u00e3o participar da 13\u00aa Olimp\u00edada Brasileira de Agropecu\u00e1ria em Barretos - Regi\u00e3o News\",\"isPartOf\":{\"@id\":\"https:\\\/\\\/regiaonews.net.br\\\/2022\\\/#website\"},\"primaryImageOfPage\":{\"@id\":\"https:\\\/\\\/regiaonews.net.br\\\/2022\\\/2024\\\/06\\\/12\\\/barretos-vai-receber-etapa-da-13a-olimpiada-brasileira-de-agropecuaria\\\/#primaryimage\"},\"image\":{\"@id\":\"https:\\\/\\\/regiaonews.net.br\\\/2022\\\/2024\\\/06\\\/12\\\/barretos-vai-receber-etapa-da-13a-olimpiada-brasileira-de-agropecuaria\\\/#primaryimage\"},\"thumbnailUrl\":\"https:\\\/\\\/regiaonews.net.br\\\/2022\\\/wp-content\\\/uploads\\\/2016\\\/10\\\/IFSP-Campus-Barretos-Divulga\u00e7\u00e3o.jpg\",\"datePublished\":\"2024-06-12T09:16:44+00:00\",\"dateModified\":\"2024-06-12T09:18:21+00:00\",\"breadcrumb\":{\"@id\":\"https:\\\/\\\/regiaonews.net.br\\\/2022\\\/2024\\\/06\\\/12\\\/barretos-vai-receber-etapa-da-13a-olimpiada-brasileira-de-agropecuaria\\\/#breadcrumb\"},\"inLanguage\":\"pt-BR\",\"potentialAction\":[{\"@type\":\"ReadAction\",\"target\":[\"https:\\\/\\\/regiaonews.net.br\\\/2022\\\/2024\\\/06\\\/12\\\/barretos-vai-receber-etapa-da-13a-olimpiada-brasileira-de-agropecuaria\\\/\"]}]},{\"@type\":\"ImageObject\",\"inLanguage\":\"pt-BR\",\"@id\":\"https:\\\/\\\/regiaonews.net.br\\\/2022\\\/2024\\\/06\\\/12\\\/barretos-vai-receber-etapa-da-13a-olimpiada-brasileira-de-agropecuaria\\\/#primaryimage\",\"url\":\"https:\\\/\\\/regiaonews.net.br\\\/2022\\\/wp-content\\\/uploads\\\/2016\\\/10\\\/IFSP-Campus-Barretos-Divulga\u00e7\u00e3o.jpg\",\"contentUrl\":\"https:\\\/\\\/regiaonews.net.br\\\/2022\\\/wp-content\\\/uploads\\\/2016\\\/10\\\/IFSP-Campus-Barretos-Divulga\u00e7\u00e3o.jpg\",\"width\":530,\"height\":331},{\"@type\":\"BreadcrumbList\",\"@id\":\"https:\\\/\\\/regiaonews.net.br\\\/2022\\\/2024\\\/06\\\/12\\\/barretos-vai-receber-etapa-da-13a-olimpiada-brasileira-de-agropecuaria\\\/#breadcrumb\",\"itemListElement\":[{\"@type\":\"ListItem\",\"position\":1,\"name\":\"In\u00edcio\",\"item\":\"https:\\\/\\\/regiaonews.net.br\\\/2022\\\/\"},{\"@type\":\"ListItem\",\"position\":2,\"name\":\"Estudantes de todo o pa\u00eds v\u00e3o participar da 13\u00aa Olimp\u00edada Brasileira de Agropecu\u00e1ria em Barretos\"}]},{\"@type\":\"WebSite\",\"@id\":\"https:\\\/\\\/regiaonews.net.br\\\/2022\\\/#website\",\"url\":\"https:\\\/\\\/regiaonews.net.br\\\/2022\\\/\",\"name\":\"Regi\u00e3o News\",\"description\":\"Site de Not\u00edcias de Barretos e regi\u00e3o\",\"publisher\":{\"@id\":\"https:\\\/\\\/regiaonews.net.br\\\/2022\\\/#organization\"},\"potentialAction\":[{\"@type\":\"SearchAction\",\"target\":{\"@type\":\"EntryPoint\",\"urlTemplate\":\"https:\\\/\\\/regiaonews.net.br\\\/2022\\\/?s={search_term_string}\"},\"query-input\":{\"@type\":\"PropertyValueSpecification\",\"valueRequired\":true,\"valueName\":\"search_term_string\"}}],\"inLanguage\":\"pt-BR\"},{\"@type\":\"Organization\",\"@id\":\"https:\\\/\\\/regiaonews.net.br\\\/2022\\\/#organization\",\"name\":\"Regi\u00e3o News\",\"url\":\"https:\\\/\\\/regiaonews.net.br\\\/2022\\\/\",\"logo\":{\"@type\":\"ImageObject\",\"inLanguage\":\"pt-BR\",\"@id\":\"https:\\\/\\\/regiaonews.net.br\\\/2022\\\/#\\\/schema\\\/logo\\\/image\\\/\",\"url\":\"https:\\\/\\\/regiaonews.net.br\\\/2022\\\/wp-content\\\/uploads\\\/2026\\\/03\\\/regiao-13-anos-scaled.jpg\",\"contentUrl\":\"https:\\\/\\\/regiaonews.net.br\\\/2022\\\/wp-content\\\/uploads\\\/2026\\\/03\\\/regiao-13-anos-scaled.jpg\",\"width\":2560,\"height\":635,\"caption\":\"Regi\u00e3o News\"},\"image\":{\"@id\":\"https:\\\/\\\/regiaonews.net.br\\\/2022\\\/#\\\/schema\\\/logo\\\/image\\\/\"}},{\"@type\":\"Person\",\"@id\":\"https:\\\/\\\/regiaonews.net.br\\\/2022\\\/#\\\/schema\\\/person\\\/2d205a608a5aa97ac279d7a5e6d89ad8\",\"name\":\"Roberto\",\"image\":{\"@type\":\"ImageObject\",\"inLanguage\":\"pt-BR\",\"@id\":\"https:\\\/\\\/secure.gravatar.com\\\/avatar\\\/42749d8b712ff9d59ca93dc150494e5b55a44134482993f5baeb97e61b7ecc89?s=96&d=mm&r=g\",\"url\":\"https:\\\/\\\/secure.gravatar.com\\\/avatar\\\/42749d8b712ff9d59ca93dc150494e5b55a44134482993f5baeb97e61b7ecc89?s=96&d=mm&r=g\",\"contentUrl\":\"https:\\\/\\\/secure.gravatar.com\\\/avatar\\\/42749d8b712ff9d59ca93dc150494e5b55a44134482993f5baeb97e61b7ecc89?s=96&d=mm&r=g\",\"caption\":\"Roberto\"},\"url\":\"https:\\\/\\\/regiaonews.net.br\\\/2022\\\/author\\\/roberto\\\/\"}]}<\/script>\n<!-- \/ Yoast SEO plugin. -->","yoast_head_json":{"title":"Estudantes de todo o pa\u00eds v\u00e3o participar da 13\u00aa Olimp\u00edada Brasileira de Agropecu\u00e1ria em Barretos - Regi\u00e3o News","robots":{"index":"index","follow":"follow","max-snippet":"max-snippet:-1","max-image-preview":"max-image-preview:large","max-video-preview":"max-video-preview:-1"},"canonical":"https:\/\/regiaonews.net.br\/2022\/2024\/06\/12\/barretos-vai-receber-etapa-da-13a-olimpiada-brasileira-de-agropecuaria\/","og_locale":"pt_BR","og_type":"article","og_title":"Estudantes de todo o pa\u00eds v\u00e3o participar da 13\u00aa Olimp\u00edada Brasileira de Agropecu\u00e1ria em Barretos - Regi\u00e3o News","og_description":"&nbsp; A cidade de Barretos vai sediar a etapa presencial","og_url":"https:\/\/regiaonews.net.br\/2022\/2024\/06\/12\/barretos-vai-receber-etapa-da-13a-olimpiada-brasileira-de-agropecuaria\/","og_site_name":"Regi\u00e3o News","article_published_time":"2024-06-12T09:16:44+00:00","article_modified_time":"2024-06-12T09:18:21+00:00","og_image":[{"width":530,"height":331,"url":"https:\/\/regiaonews.net.br\/2022\/wp-content\/uploads\/2016\/10\/IFSP-Campus-Barretos-Divulga\u00e7\u00e3o.jpg","type":"image\/jpeg"}],"author":"Roberto","twitter_card":"summary_large_image","twitter_misc":{"Escrito por":"Roberto","Est. tempo de leitura":"2 minutos"},"schema":{"@context":"https:\/\/schema.org","@graph":[{"@type":"Article","@id":"https:\/\/regiaonews.net.br\/2022\/2024\/06\/12\/barretos-vai-receber-etapa-da-13a-olimpiada-brasileira-de-agropecuaria\/#article","isPartOf":{"@id":"https:\/\/regiaonews.net.br\/2022\/2024\/06\/12\/barretos-vai-receber-etapa-da-13a-olimpiada-brasileira-de-agropecuaria\/"},"author":{"name":"Roberto","@id":"https:\/\/regiaonews.net.br\/2022\/#\/schema\/person\/2d205a608a5aa97ac279d7a5e6d89ad8"},"headline":"Estudantes de todo o pa\u00eds v\u00e3o participar da 13\u00aa Olimp\u00edada Brasileira de Agropecu\u00e1ria em Barretos","datePublished":"2024-06-12T09:16:44+00:00","dateModified":"2024-06-12T09:18:21+00:00","mainEntityOfPage":{"@id":"https:\/\/regiaonews.net.br\/2022\/2024\/06\/12\/barretos-vai-receber-etapa-da-13a-olimpiada-brasileira-de-agropecuaria\/"},"wordCount":302,"commentCount":0,"publisher":{"@id":"https:\/\/regiaonews.net.br\/2022\/#organization"},"image":{"@id":"https:\/\/regiaonews.net.br\/2022\/2024\/06\/12\/barretos-vai-receber-etapa-da-13a-olimpiada-brasileira-de-agropecuaria\/#primaryimage"},"thumbnailUrl":"https:\/\/regiaonews.net.br\/2022\/wp-content\/uploads\/2016\/10\/IFSP-Campus-Barretos-Divulga\u00e7\u00e3o.jpg","articleSection":["Barretos","Cidades"],"inLanguage":"pt-BR","potentialAction":[{"@type":"CommentAction","name":"Comment","target":["https:\/\/regiaonews.net.br\/2022\/2024\/06\/12\/barretos-vai-receber-etapa-da-13a-olimpiada-brasileira-de-agropecuaria\/#respond"]}]},{"@type":"WebPage","@id":"https:\/\/regiaonews.net.br\/2022\/2024\/06\/12\/barretos-vai-receber-etapa-da-13a-olimpiada-brasileira-de-agropecuaria\/","url":"https:\/\/regiaonews.net.br\/2022\/2024\/06\/12\/barretos-vai-receber-etapa-da-13a-olimpiada-brasileira-de-agropecuaria\/","name":"Estudantes de todo o pa\u00eds v\u00e3o participar da 13\u00aa Olimp\u00edada Brasileira de Agropecu\u00e1ria em Barretos - Regi\u00e3o News","isPartOf":{"@id":"https:\/\/regiaonews.net.br\/2022\/#website"},"primaryImageOfPage":{"@id":"https:\/\/regiaonews.net.br\/2022\/2024\/06\/12\/barretos-vai-receber-etapa-da-13a-olimpiada-brasileira-de-agropecuaria\/#primaryimage"},"image":{"@id":"https:\/\/regiaonews.net.br\/2022\/2024\/06\/12\/barretos-vai-receber-etapa-da-13a-olimpiada-brasileira-de-agropecuaria\/#primaryimage"},"thumbnailUrl":"https:\/\/regiaonews.net.br\/2022\/wp-content\/uploads\/2016\/10\/IFSP-Campus-Barretos-Divulga\u00e7\u00e3o.jpg","datePublished":"2024-06-12T09:16:44+00:00","dateModified":"2024-06-12T09:18:21+00:00","breadcrumb":{"@id":"https:\/\/regiaonews.net.br\/2022\/2024\/06\/12\/barretos-vai-receber-etapa-da-13a-olimpiada-brasileira-de-agropecuaria\/#breadcrumb"},"inLanguage":"pt-BR","potentialAction":[{"@type":"ReadAction","target":["https:\/\/regiaonews.net.br\/2022\/2024\/06\/12\/barretos-vai-receber-etapa-da-13a-olimpiada-brasileira-de-agropecuaria\/"]}]},{"@type":"ImageObject","inLanguage":"pt-BR","@id":"https:\/\/regiaonews.net.br\/2022\/2024\/06\/12\/barretos-vai-receber-etapa-da-13a-olimpiada-brasileira-de-agropecuaria\/#primaryimage","url":"https:\/\/regiaonews.net.br\/2022\/wp-content\/uploads\/2016\/10\/IFSP-Campus-Barretos-Divulga\u00e7\u00e3o.jpg","contentUrl":"https:\/\/regiaonews.net.br\/2022\/wp-content\/uploads\/2016\/10\/IFSP-Campus-Barretos-Divulga\u00e7\u00e3o.jpg","width":530,"height":331},{"@type":"BreadcrumbList","@id":"https:\/\/regiaonews.net.br\/2022\/2024\/06\/12\/barretos-vai-receber-etapa-da-13a-olimpiada-brasileira-de-agropecuaria\/#breadcrumb","itemListElement":[{"@type":"ListItem","position":1,"name":"In\u00edcio","item":"https:\/\/regiaonews.net.br\/2022\/"},{"@type":"ListItem","position":2,"name":"Estudantes de todo o pa\u00eds v\u00e3o participar da 13\u00aa Olimp\u00edada Brasileira de Agropecu\u00e1ria em Barretos"}]},{"@type":"WebSite","@id":"https:\/\/regiaonews.net.br\/2022\/#website","url":"https:\/\/regiaonews.net.br\/2022\/","name":"Regi\u00e3o News","description":"Site de Not\u00edcias de Barretos e regi\u00e3o","publisher":{"@id":"https:\/\/regiaonews.net.br\/2022\/#organization"},"potentialAction":[{"@type":"SearchAction","target":{"@type":"EntryPoint","urlTemplate":"https:\/\/regiaonews.net.br\/2022\/?s={search_term_string}"},"query-input":{"@type":"PropertyValueSpecification","valueRequired":true,"valueName":"search_term_string"}}],"inLanguage":"pt-BR"},{"@type":"Organization","@id":"https:\/\/regiaonews.net.br\/2022\/#organization","name":"Regi\u00e3o News","url":"https:\/\/regiaonews.net.br\/2022\/","logo":{"@type":"ImageObject","inLanguage":"pt-BR","@id":"https:\/\/regiaonews.net.br\/2022\/#\/schema\/logo\/image\/","url":"https:\/\/regiaonews.net.br\/2022\/wp-content\/uploads\/2026\/03\/regiao-13-anos-scaled.jpg","contentUrl":"https:\/\/regiaonews.net.br\/2022\/wp-content\/uploads\/2026\/03\/regiao-13-anos-scaled.jpg","width":2560,"height":635,"caption":"Regi\u00e3o News"},"image":{"@id":"https:\/\/regiaonews.net.br\/2022\/#\/schema\/logo\/image\/"}},{"@type":"Person","@id":"https:\/\/regiaonews.net.br\/2022\/#\/schema\/person\/2d205a608a5aa97ac279d7a5e6d89ad8","name":"Roberto","image":{"@type":"ImageObject","inLanguage":"pt-BR","@id":"https:\/\/secure.gravatar.com\/avatar\/42749d8b712ff9d59ca93dc150494e5b55a44134482993f5baeb97e61b7ecc89?s=96&d=mm&r=g","url":"https:\/\/secure.gravatar.com\/avatar\/42749d8b712ff9d59ca93dc150494e5b55a44134482993f5baeb97e61b7ecc89?s=96&d=mm&r=g","contentUrl":"https:\/\/secure.gravatar.com\/avatar\/42749d8b712ff9d59ca93dc150494e5b55a44134482993f5baeb97e61b7ecc89?s=96&d=mm&r=g","caption":"Roberto"},"url":"https:\/\/regiaonews.net.br\/2022\/author\/roberto\/"}]}},"publishpress_future_action":{"enabled":false,"date":"2026-05-03 05:11:35","action":"change-status","newStatus":"draft","terms":[],"taxonomy":"category","extraData":[]},"publishpress_future_workflow_manual_trigger":{"enabledWorkflows":[]},"_links":{"self":[{"href":"https:\/\/regiaonews.net.br\/2022\/wp-json\/wp\/v2\/posts\/106180","targetHints":{"allow":["GET"]}}],"collection":[{"href":"https:\/\/regiaonews.net.br\/2022\/wp-json\/wp\/v2\/posts"}],"about":[{"href":"https:\/\/regiaonews.net.br\/2022\/wp-json\/wp\/v2\/types\/post"}],"author":[{"embeddable":true,"href":"https:\/\/regiaonews.net.br\/2022\/wp-json\/wp\/v2\/users\/2"}],"replies":[{"embeddable":true,"href":"https:\/\/regiaonews.net.br\/2022\/wp-json\/wp\/v2\/comments?post=106180"}],"version-history":[{"count":3,"href":"https:\/\/regiaonews.net.br\/2022\/wp-json\/wp\/v2\/posts\/106180\/revisions"}],"predecessor-version":[{"id":106183,"href":"https:\/\/regiaonews.net.br\/2022\/wp-json\/wp\/v2\/posts\/106180\/revisions\/106183"}],"wp:featuredmedia":[{"embeddable":true,"href":"https:\/\/regiaonews.net.br\/2022\/wp-json\/wp\/v2\/media\/114"}],"wp:attachment":[{"href":"https:\/\/regiaonews.net.br\/2022\/wp-json\/wp\/v2\/media?parent=106180"}],"wp:term":[{"taxonomy":"category","embeddable":true,"href":"https:\/\/regiaonews.net.br\/2022\/wp-json\/wp\/v2\/categories?post=106180"},{"taxonomy":"post_tag","embeddable":true,"href":"https:\/\/regiaonews.net.br\/2022\/wp-json\/wp\/v2\/tags?post=106180"}],"curies":[{"name":"wp","href":"https:\/\/api.w.org\/{rel}","templated":true}]}}