{"id":106163,"date":"2024-06-11T19:02:04","date_gmt":"2024-06-11T22:02:04","guid":{"rendered":"https:\/\/regiaonews.net.br\/2022\/?p=106163"},"modified":"2024-06-11T19:02:04","modified_gmt":"2024-06-11T22:02:04","slug":"apos-experiencia-do-coma-jovem-decide-cursar-enfermagem-e-passa-a-trabalha-no-hospital-em-que-ficou-internada","status":"publish","type":"post","link":"https:\/\/regiaonews.net.br\/2022\/2024\/06\/11\/apos-experiencia-do-coma-jovem-decide-cursar-enfermagem-e-passa-a-trabalha-no-hospital-em-que-ficou-internada\/","title":{"rendered":"Ap\u00f3s experi\u00eancia do coma, jovem decide cursar enfermagem e passa a trabalha no hospital em que ficou internada"},"content":{"rendered":"<p>&nbsp;<\/p>\n<p>Ex- paciente da Santa Casa de Miseric\u00f3rdia de Barretos, Laura atualmente \u00e9 auxiliar de farm\u00e1cia do hospital<br \/>\nA Santa Casa de Miseric\u00f3rdia de Barretos entrou na hist\u00f3ria de vida de Laura Cristina de Oliveira Rodrigues h\u00e1 cinco anos, quando ela ficou em coma por um m\u00eas devido \u00e0 diabetes tipo 1, aos 18 anos de idade. Hoje, bem de sa\u00fade, a mo\u00e7a rec\u00e9m contratada pelo hospital, como auxiliar de farm\u00e1cia, conta que durante sua interna\u00e7\u00e3o recebeu tantos cuidados e carinho dos enfermeiros e enfermeiras, que come\u00e7ou a entender a import\u00e2ncia destes profissionais da sa\u00fade na recupera\u00e7\u00e3o de um paciente, por isso, escolheu cursar a faculdade de enfermagem, na qual ingressa em 2025.<br \/>\n\u201cTenho at\u00e9 hoje amizades com algumas enfermeiras que me deram um bom atendimento e tratamento durante e ap\u00f3s o coma. Tamb\u00e9m estou feliz por recentemente ter sido contratada pelo hospital, como auxiliar de farm\u00e1cia. Mas o meu objetivo \u00e9 o de estudar, me formar e continuar trabalhando aqui, e daqui a alguns anos, j\u00e1 como enfermeira\u201d, explica a ex-paciente e colaboradora da Santa Casa.<br \/>\nLaura conta que \u201cem uma manh\u00e3 de dezembro de 2019, acordei estranha, sem conseguir mexer as pernas e sentindo um peso na cabe\u00e7a. Me levaram rapidamente at\u00e9 a UPA, l\u00e1 eu desmaiei e quando acordei estava na Santa Casa e j\u00e1 era in\u00edcio do m\u00eas de janeiro de 2020, a\u00ed que entendi que fiquei um m\u00eas em coma. Horas depois e acordar ainda tive uma parada respirat\u00f3ria, fui entubada, e voltei \u00e0 consci\u00eancia dias depois. Ainda internada, em tratamento no hospital, tomando muitos medicamentos, n\u00e3o conseguia falar, a cetoacidose diab\u00e9tica provocou essa paralisia tempor\u00e1ria, n\u00e3o mexia nada do pesco\u00e7o para baixo. Mas, com o tempo, movimentos aos poucos voltaram, fiz fisioterapia e hoje levo uma vida normal. Sou muito grata \u00e0 minha m\u00e3e por ter estado o tempo todo ao meu lado e a alguns profissionais de sa\u00fade que fizeram a diferen\u00e7a na minha recupera\u00e7\u00e3o\u201d, diz.<br \/>\nLaura tem diabetes tipo 1, uma doen\u00e7a caracterizada por problemas na produ\u00e7\u00e3o ou na absor\u00e7\u00e3o da insulina, um horm\u00f4nio produzido pelo p\u00e2ncreas que ajuda o corpo nos processos de quebra da glicose para permitir que a energia mantenha o organismo funcionando. Geralmente, o tipo 1 surge na inf\u00e2ncia ou na adolesc\u00eancia, mas a doen\u00e7a pode ser diagnosticada tamb\u00e9m em adultos.<br \/>\nSem o trabalho correto da insulina e com a eleva\u00e7\u00e3o da glicose no sangue, a doen\u00e7a traz diversas consequ\u00eancias, no caso espec\u00edfico de Laura, h\u00e1 cinco anos ela teve a chamada cetoacidose diab\u00e9tica, uma complica\u00e7\u00e3o aguda da doen\u00e7a que ocorre principalmente no diabetes mellitus tipo 1, por conta dos n\u00edveis elevados de glicose, cetonas e \u00e1cido. Sem tratamento, a cetoacidose diab\u00e9tica pode evoluir para coma e morte. Apesar de chegar j\u00e1 em coma na Santa Casa de Miseric\u00f3rdia de Barretos, Laura Cristina de Oliveira Rodrigues recebeu tratamento m\u00e9dico adequado, permaneceu na UTI por um m\u00eas e duas semanas, e pode, ap\u00f3s \u00e0 alta, sonhar com a faculdade de enfermagem, que vira realidade a partir do pr\u00f3ximo ano.<br \/>\nA dra. Renata Tomasetti Marcondes Guimar\u00e3es, coordenadora da cl\u00ednica m\u00e9dica e do servi\u00e7o de geriatria da Santa Casa de Barretos, enfatiza que o hospital prioriza o bem-estar do paciente, desde da chegada at\u00e9 a alta hospitalar. &#8220;A Santa Casa oferece assist\u00eancia de qualidade aos pacientes e suas fam\u00edlias, desde a admiss\u00e3o at\u00e9 o seguimento p\u00f3s alta. A institui\u00e7\u00e3o disp\u00f5e de equipe m\u00e9dica e estrutura de equipe multidisciplinar especializada, contando com exames complementares e insumos necess\u00e1rios para um tratamento de qualidade\u201d, explicou a m\u00e9dica.<br \/>\nAinda de acordo com dra. Renata, &#8220;para muitos, a estadia hospitalar \u00e9 uma jornada desafiadora, mas tamb\u00e9m pode ser um per\u00edodo de aprendizado e crescimento pessoal\u201d.<\/p>\n<p>&nbsp;<\/p>\n<p>&nbsp;<\/p>\n","protected":false},"excerpt":{"rendered":"<p>&nbsp; Ex- paciente da Santa Casa de Miseric\u00f3rdia de Barretos,<\/p>\n","protected":false},"author":2,"featured_media":106164,"comment_status":"open","ping_status":"open","sticky":false,"template":"","format":"standard","meta":{"footnotes":""},"categories":[14,25],"tags":[],"class_list":["post-106163","post","type-post","status-publish","format-standard","has-post-thumbnail","hentry","category-barretos","category-cidades"],"yoast_head":"<!-- This site is optimized with the Yoast SEO plugin v27.4 - https:\/\/yoast.com\/product\/yoast-seo-wordpress\/ -->\n<title>Ap\u00f3s experi\u00eancia do coma, jovem decide cursar enfermagem e passa a trabalha no hospital em que ficou internada - Regi\u00e3o News<\/title>\n<meta name=\"robots\" content=\"index, follow, max-snippet:-1, max-image-preview:large, max-video-preview:-1\" \/>\n<link rel=\"canonical\" href=\"https:\/\/regiaonews.net.br\/2022\/2024\/06\/11\/apos-experiencia-do-coma-jovem-decide-cursar-enfermagem-e-passa-a-trabalha-no-hospital-em-que-ficou-internada\/\" \/>\n<meta property=\"og:locale\" content=\"pt_BR\" \/>\n<meta property=\"og:type\" content=\"article\" \/>\n<meta property=\"og:title\" content=\"Ap\u00f3s experi\u00eancia do coma, jovem decide cursar enfermagem e passa a trabalha no hospital em que ficou internada - Regi\u00e3o News\" \/>\n<meta property=\"og:description\" content=\"&nbsp; Ex- paciente da Santa Casa de Miseric\u00f3rdia de Barretos,\" \/>\n<meta property=\"og:url\" content=\"https:\/\/regiaonews.net.br\/2022\/2024\/06\/11\/apos-experiencia-do-coma-jovem-decide-cursar-enfermagem-e-passa-a-trabalha-no-hospital-em-que-ficou-internada\/\" \/>\n<meta property=\"og:site_name\" content=\"Regi\u00e3o News\" \/>\n<meta property=\"article:published_time\" content=\"2024-06-11T22:02:04+00:00\" \/>\n<meta property=\"og:image\" content=\"https:\/\/regiaonews.net.br\/2022\/wp-content\/uploads\/2024\/06\/WhatsApp-Image-2024-06-11-at-16.20.58.jpeg\" \/>\n\t<meta property=\"og:image:width\" content=\"1600\" \/>\n\t<meta property=\"og:image:height\" content=\"900\" \/>\n\t<meta property=\"og:image:type\" content=\"image\/jpeg\" \/>\n<meta name=\"author\" content=\"Roberto\" \/>\n<meta name=\"twitter:card\" content=\"summary_large_image\" \/>\n<meta name=\"twitter:label1\" content=\"Escrito por\" \/>\n\t<meta name=\"twitter:data1\" content=\"Roberto\" \/>\n\t<meta name=\"twitter:label2\" content=\"Est. tempo de leitura\" \/>\n\t<meta name=\"twitter:data2\" content=\"4 minutos\" \/>\n<script type=\"application\/ld+json\" class=\"yoast-schema-graph\">{\"@context\":\"https:\\\/\\\/schema.org\",\"@graph\":[{\"@type\":\"Article\",\"@id\":\"https:\\\/\\\/regiaonews.net.br\\\/2022\\\/2024\\\/06\\\/11\\\/apos-experiencia-do-coma-jovem-decide-cursar-enfermagem-e-passa-a-trabalha-no-hospital-em-que-ficou-internada\\\/#article\",\"isPartOf\":{\"@id\":\"https:\\\/\\\/regiaonews.net.br\\\/2022\\\/2024\\\/06\\\/11\\\/apos-experiencia-do-coma-jovem-decide-cursar-enfermagem-e-passa-a-trabalha-no-hospital-em-que-ficou-internada\\\/\"},\"author\":{\"name\":\"Roberto\",\"@id\":\"https:\\\/\\\/regiaonews.net.br\\\/2022\\\/#\\\/schema\\\/person\\\/2d205a608a5aa97ac279d7a5e6d89ad8\"},\"headline\":\"Ap\u00f3s experi\u00eancia do coma, jovem decide cursar enfermagem e passa a trabalha no hospital em que ficou internada\",\"datePublished\":\"2024-06-11T22:02:04+00:00\",\"mainEntityOfPage\":{\"@id\":\"https:\\\/\\\/regiaonews.net.br\\\/2022\\\/2024\\\/06\\\/11\\\/apos-experiencia-do-coma-jovem-decide-cursar-enfermagem-e-passa-a-trabalha-no-hospital-em-que-ficou-internada\\\/\"},\"wordCount\":686,\"commentCount\":0,\"publisher\":{\"@id\":\"https:\\\/\\\/regiaonews.net.br\\\/2022\\\/#organization\"},\"image\":{\"@id\":\"https:\\\/\\\/regiaonews.net.br\\\/2022\\\/2024\\\/06\\\/11\\\/apos-experiencia-do-coma-jovem-decide-cursar-enfermagem-e-passa-a-trabalha-no-hospital-em-que-ficou-internada\\\/#primaryimage\"},\"thumbnailUrl\":\"https:\\\/\\\/regiaonews.net.br\\\/2022\\\/wp-content\\\/uploads\\\/2024\\\/06\\\/WhatsApp-Image-2024-06-11-at-16.20.58.jpeg\",\"articleSection\":[\"Barretos\",\"Cidades\"],\"inLanguage\":\"pt-BR\",\"potentialAction\":[{\"@type\":\"CommentAction\",\"name\":\"Comment\",\"target\":[\"https:\\\/\\\/regiaonews.net.br\\\/2022\\\/2024\\\/06\\\/11\\\/apos-experiencia-do-coma-jovem-decide-cursar-enfermagem-e-passa-a-trabalha-no-hospital-em-que-ficou-internada\\\/#respond\"]}]},{\"@type\":\"WebPage\",\"@id\":\"https:\\\/\\\/regiaonews.net.br\\\/2022\\\/2024\\\/06\\\/11\\\/apos-experiencia-do-coma-jovem-decide-cursar-enfermagem-e-passa-a-trabalha-no-hospital-em-que-ficou-internada\\\/\",\"url\":\"https:\\\/\\\/regiaonews.net.br\\\/2022\\\/2024\\\/06\\\/11\\\/apos-experiencia-do-coma-jovem-decide-cursar-enfermagem-e-passa-a-trabalha-no-hospital-em-que-ficou-internada\\\/\",\"name\":\"Ap\u00f3s experi\u00eancia do coma, jovem decide cursar enfermagem e passa a trabalha no hospital em que ficou internada - Regi\u00e3o News\",\"isPartOf\":{\"@id\":\"https:\\\/\\\/regiaonews.net.br\\\/2022\\\/#website\"},\"primaryImageOfPage\":{\"@id\":\"https:\\\/\\\/regiaonews.net.br\\\/2022\\\/2024\\\/06\\\/11\\\/apos-experiencia-do-coma-jovem-decide-cursar-enfermagem-e-passa-a-trabalha-no-hospital-em-que-ficou-internada\\\/#primaryimage\"},\"image\":{\"@id\":\"https:\\\/\\\/regiaonews.net.br\\\/2022\\\/2024\\\/06\\\/11\\\/apos-experiencia-do-coma-jovem-decide-cursar-enfermagem-e-passa-a-trabalha-no-hospital-em-que-ficou-internada\\\/#primaryimage\"},\"thumbnailUrl\":\"https:\\\/\\\/regiaonews.net.br\\\/2022\\\/wp-content\\\/uploads\\\/2024\\\/06\\\/WhatsApp-Image-2024-06-11-at-16.20.58.jpeg\",\"datePublished\":\"2024-06-11T22:02:04+00:00\",\"breadcrumb\":{\"@id\":\"https:\\\/\\\/regiaonews.net.br\\\/2022\\\/2024\\\/06\\\/11\\\/apos-experiencia-do-coma-jovem-decide-cursar-enfermagem-e-passa-a-trabalha-no-hospital-em-que-ficou-internada\\\/#breadcrumb\"},\"inLanguage\":\"pt-BR\",\"potentialAction\":[{\"@type\":\"ReadAction\",\"target\":[\"https:\\\/\\\/regiaonews.net.br\\\/2022\\\/2024\\\/06\\\/11\\\/apos-experiencia-do-coma-jovem-decide-cursar-enfermagem-e-passa-a-trabalha-no-hospital-em-que-ficou-internada\\\/\"]}]},{\"@type\":\"ImageObject\",\"inLanguage\":\"pt-BR\",\"@id\":\"https:\\\/\\\/regiaonews.net.br\\\/2022\\\/2024\\\/06\\\/11\\\/apos-experiencia-do-coma-jovem-decide-cursar-enfermagem-e-passa-a-trabalha-no-hospital-em-que-ficou-internada\\\/#primaryimage\",\"url\":\"https:\\\/\\\/regiaonews.net.br\\\/2022\\\/wp-content\\\/uploads\\\/2024\\\/06\\\/WhatsApp-Image-2024-06-11-at-16.20.58.jpeg\",\"contentUrl\":\"https:\\\/\\\/regiaonews.net.br\\\/2022\\\/wp-content\\\/uploads\\\/2024\\\/06\\\/WhatsApp-Image-2024-06-11-at-16.20.58.jpeg\",\"width\":1600,\"height\":900},{\"@type\":\"BreadcrumbList\",\"@id\":\"https:\\\/\\\/regiaonews.net.br\\\/2022\\\/2024\\\/06\\\/11\\\/apos-experiencia-do-coma-jovem-decide-cursar-enfermagem-e-passa-a-trabalha-no-hospital-em-que-ficou-internada\\\/#breadcrumb\",\"itemListElement\":[{\"@type\":\"ListItem\",\"position\":1,\"name\":\"In\u00edcio\",\"item\":\"https:\\\/\\\/regiaonews.net.br\\\/2022\\\/\"},{\"@type\":\"ListItem\",\"position\":2,\"name\":\"Ap\u00f3s experi\u00eancia do coma, jovem decide cursar enfermagem e passa a trabalha no hospital em que ficou internada\"}]},{\"@type\":\"WebSite\",\"@id\":\"https:\\\/\\\/regiaonews.net.br\\\/2022\\\/#website\",\"url\":\"https:\\\/\\\/regiaonews.net.br\\\/2022\\\/\",\"name\":\"Regi\u00e3o News\",\"description\":\"Site de Not\u00edcias de Barretos e regi\u00e3o\",\"publisher\":{\"@id\":\"https:\\\/\\\/regiaonews.net.br\\\/2022\\\/#organization\"},\"potentialAction\":[{\"@type\":\"SearchAction\",\"target\":{\"@type\":\"EntryPoint\",\"urlTemplate\":\"https:\\\/\\\/regiaonews.net.br\\\/2022\\\/?s={search_term_string}\"},\"query-input\":{\"@type\":\"PropertyValueSpecification\",\"valueRequired\":true,\"valueName\":\"search_term_string\"}}],\"inLanguage\":\"pt-BR\"},{\"@type\":\"Organization\",\"@id\":\"https:\\\/\\\/regiaonews.net.br\\\/2022\\\/#organization\",\"name\":\"Regi\u00e3o News\",\"url\":\"https:\\\/\\\/regiaonews.net.br\\\/2022\\\/\",\"logo\":{\"@type\":\"ImageObject\",\"inLanguage\":\"pt-BR\",\"@id\":\"https:\\\/\\\/regiaonews.net.br\\\/2022\\\/#\\\/schema\\\/logo\\\/image\\\/\",\"url\":\"https:\\\/\\\/regiaonews.net.br\\\/2022\\\/wp-content\\\/uploads\\\/2026\\\/03\\\/regiao-13-anos-scaled.jpg\",\"contentUrl\":\"https:\\\/\\\/regiaonews.net.br\\\/2022\\\/wp-content\\\/uploads\\\/2026\\\/03\\\/regiao-13-anos-scaled.jpg\",\"width\":2560,\"height\":635,\"caption\":\"Regi\u00e3o News\"},\"image\":{\"@id\":\"https:\\\/\\\/regiaonews.net.br\\\/2022\\\/#\\\/schema\\\/logo\\\/image\\\/\"}},{\"@type\":\"Person\",\"@id\":\"https:\\\/\\\/regiaonews.net.br\\\/2022\\\/#\\\/schema\\\/person\\\/2d205a608a5aa97ac279d7a5e6d89ad8\",\"name\":\"Roberto\",\"image\":{\"@type\":\"ImageObject\",\"inLanguage\":\"pt-BR\",\"@id\":\"https:\\\/\\\/secure.gravatar.com\\\/avatar\\\/42749d8b712ff9d59ca93dc150494e5b55a44134482993f5baeb97e61b7ecc89?s=96&d=mm&r=g\",\"url\":\"https:\\\/\\\/secure.gravatar.com\\\/avatar\\\/42749d8b712ff9d59ca93dc150494e5b55a44134482993f5baeb97e61b7ecc89?s=96&d=mm&r=g\",\"contentUrl\":\"https:\\\/\\\/secure.gravatar.com\\\/avatar\\\/42749d8b712ff9d59ca93dc150494e5b55a44134482993f5baeb97e61b7ecc89?s=96&d=mm&r=g\",\"caption\":\"Roberto\"},\"url\":\"https:\\\/\\\/regiaonews.net.br\\\/2022\\\/author\\\/roberto\\\/\"}]}<\/script>\n<!-- \/ Yoast SEO plugin. -->","yoast_head_json":{"title":"Ap\u00f3s experi\u00eancia do coma, jovem decide cursar enfermagem e passa a trabalha no hospital em que ficou internada - Regi\u00e3o News","robots":{"index":"index","follow":"follow","max-snippet":"max-snippet:-1","max-image-preview":"max-image-preview:large","max-video-preview":"max-video-preview:-1"},"canonical":"https:\/\/regiaonews.net.br\/2022\/2024\/06\/11\/apos-experiencia-do-coma-jovem-decide-cursar-enfermagem-e-passa-a-trabalha-no-hospital-em-que-ficou-internada\/","og_locale":"pt_BR","og_type":"article","og_title":"Ap\u00f3s experi\u00eancia do coma, jovem decide cursar enfermagem e passa a trabalha no hospital em que ficou internada - Regi\u00e3o News","og_description":"&nbsp; Ex- paciente da Santa Casa de Miseric\u00f3rdia de Barretos,","og_url":"https:\/\/regiaonews.net.br\/2022\/2024\/06\/11\/apos-experiencia-do-coma-jovem-decide-cursar-enfermagem-e-passa-a-trabalha-no-hospital-em-que-ficou-internada\/","og_site_name":"Regi\u00e3o News","article_published_time":"2024-06-11T22:02:04+00:00","og_image":[{"width":1600,"height":900,"url":"https:\/\/regiaonews.net.br\/2022\/wp-content\/uploads\/2024\/06\/WhatsApp-Image-2024-06-11-at-16.20.58.jpeg","type":"image\/jpeg"}],"author":"Roberto","twitter_card":"summary_large_image","twitter_misc":{"Escrito por":"Roberto","Est. tempo de leitura":"4 minutos"},"schema":{"@context":"https:\/\/schema.org","@graph":[{"@type":"Article","@id":"https:\/\/regiaonews.net.br\/2022\/2024\/06\/11\/apos-experiencia-do-coma-jovem-decide-cursar-enfermagem-e-passa-a-trabalha-no-hospital-em-que-ficou-internada\/#article","isPartOf":{"@id":"https:\/\/regiaonews.net.br\/2022\/2024\/06\/11\/apos-experiencia-do-coma-jovem-decide-cursar-enfermagem-e-passa-a-trabalha-no-hospital-em-que-ficou-internada\/"},"author":{"name":"Roberto","@id":"https:\/\/regiaonews.net.br\/2022\/#\/schema\/person\/2d205a608a5aa97ac279d7a5e6d89ad8"},"headline":"Ap\u00f3s experi\u00eancia do coma, jovem decide cursar enfermagem e passa a trabalha no hospital em que ficou internada","datePublished":"2024-06-11T22:02:04+00:00","mainEntityOfPage":{"@id":"https:\/\/regiaonews.net.br\/2022\/2024\/06\/11\/apos-experiencia-do-coma-jovem-decide-cursar-enfermagem-e-passa-a-trabalha-no-hospital-em-que-ficou-internada\/"},"wordCount":686,"commentCount":0,"publisher":{"@id":"https:\/\/regiaonews.net.br\/2022\/#organization"},"image":{"@id":"https:\/\/regiaonews.net.br\/2022\/2024\/06\/11\/apos-experiencia-do-coma-jovem-decide-cursar-enfermagem-e-passa-a-trabalha-no-hospital-em-que-ficou-internada\/#primaryimage"},"thumbnailUrl":"https:\/\/regiaonews.net.br\/2022\/wp-content\/uploads\/2024\/06\/WhatsApp-Image-2024-06-11-at-16.20.58.jpeg","articleSection":["Barretos","Cidades"],"inLanguage":"pt-BR","potentialAction":[{"@type":"CommentAction","name":"Comment","target":["https:\/\/regiaonews.net.br\/2022\/2024\/06\/11\/apos-experiencia-do-coma-jovem-decide-cursar-enfermagem-e-passa-a-trabalha-no-hospital-em-que-ficou-internada\/#respond"]}]},{"@type":"WebPage","@id":"https:\/\/regiaonews.net.br\/2022\/2024\/06\/11\/apos-experiencia-do-coma-jovem-decide-cursar-enfermagem-e-passa-a-trabalha-no-hospital-em-que-ficou-internada\/","url":"https:\/\/regiaonews.net.br\/2022\/2024\/06\/11\/apos-experiencia-do-coma-jovem-decide-cursar-enfermagem-e-passa-a-trabalha-no-hospital-em-que-ficou-internada\/","name":"Ap\u00f3s experi\u00eancia do coma, jovem decide cursar enfermagem e passa a trabalha no hospital em que ficou internada - Regi\u00e3o News","isPartOf":{"@id":"https:\/\/regiaonews.net.br\/2022\/#website"},"primaryImageOfPage":{"@id":"https:\/\/regiaonews.net.br\/2022\/2024\/06\/11\/apos-experiencia-do-coma-jovem-decide-cursar-enfermagem-e-passa-a-trabalha-no-hospital-em-que-ficou-internada\/#primaryimage"},"image":{"@id":"https:\/\/regiaonews.net.br\/2022\/2024\/06\/11\/apos-experiencia-do-coma-jovem-decide-cursar-enfermagem-e-passa-a-trabalha-no-hospital-em-que-ficou-internada\/#primaryimage"},"thumbnailUrl":"https:\/\/regiaonews.net.br\/2022\/wp-content\/uploads\/2024\/06\/WhatsApp-Image-2024-06-11-at-16.20.58.jpeg","datePublished":"2024-06-11T22:02:04+00:00","breadcrumb":{"@id":"https:\/\/regiaonews.net.br\/2022\/2024\/06\/11\/apos-experiencia-do-coma-jovem-decide-cursar-enfermagem-e-passa-a-trabalha-no-hospital-em-que-ficou-internada\/#breadcrumb"},"inLanguage":"pt-BR","potentialAction":[{"@type":"ReadAction","target":["https:\/\/regiaonews.net.br\/2022\/2024\/06\/11\/apos-experiencia-do-coma-jovem-decide-cursar-enfermagem-e-passa-a-trabalha-no-hospital-em-que-ficou-internada\/"]}]},{"@type":"ImageObject","inLanguage":"pt-BR","@id":"https:\/\/regiaonews.net.br\/2022\/2024\/06\/11\/apos-experiencia-do-coma-jovem-decide-cursar-enfermagem-e-passa-a-trabalha-no-hospital-em-que-ficou-internada\/#primaryimage","url":"https:\/\/regiaonews.net.br\/2022\/wp-content\/uploads\/2024\/06\/WhatsApp-Image-2024-06-11-at-16.20.58.jpeg","contentUrl":"https:\/\/regiaonews.net.br\/2022\/wp-content\/uploads\/2024\/06\/WhatsApp-Image-2024-06-11-at-16.20.58.jpeg","width":1600,"height":900},{"@type":"BreadcrumbList","@id":"https:\/\/regiaonews.net.br\/2022\/2024\/06\/11\/apos-experiencia-do-coma-jovem-decide-cursar-enfermagem-e-passa-a-trabalha-no-hospital-em-que-ficou-internada\/#breadcrumb","itemListElement":[{"@type":"ListItem","position":1,"name":"In\u00edcio","item":"https:\/\/regiaonews.net.br\/2022\/"},{"@type":"ListItem","position":2,"name":"Ap\u00f3s experi\u00eancia do coma, jovem decide cursar enfermagem e passa a trabalha no hospital em que ficou internada"}]},{"@type":"WebSite","@id":"https:\/\/regiaonews.net.br\/2022\/#website","url":"https:\/\/regiaonews.net.br\/2022\/","name":"Regi\u00e3o News","description":"Site de Not\u00edcias de Barretos e regi\u00e3o","publisher":{"@id":"https:\/\/regiaonews.net.br\/2022\/#organization"},"potentialAction":[{"@type":"SearchAction","target":{"@type":"EntryPoint","urlTemplate":"https:\/\/regiaonews.net.br\/2022\/?s={search_term_string}"},"query-input":{"@type":"PropertyValueSpecification","valueRequired":true,"valueName":"search_term_string"}}],"inLanguage":"pt-BR"},{"@type":"Organization","@id":"https:\/\/regiaonews.net.br\/2022\/#organization","name":"Regi\u00e3o News","url":"https:\/\/regiaonews.net.br\/2022\/","logo":{"@type":"ImageObject","inLanguage":"pt-BR","@id":"https:\/\/regiaonews.net.br\/2022\/#\/schema\/logo\/image\/","url":"https:\/\/regiaonews.net.br\/2022\/wp-content\/uploads\/2026\/03\/regiao-13-anos-scaled.jpg","contentUrl":"https:\/\/regiaonews.net.br\/2022\/wp-content\/uploads\/2026\/03\/regiao-13-anos-scaled.jpg","width":2560,"height":635,"caption":"Regi\u00e3o News"},"image":{"@id":"https:\/\/regiaonews.net.br\/2022\/#\/schema\/logo\/image\/"}},{"@type":"Person","@id":"https:\/\/regiaonews.net.br\/2022\/#\/schema\/person\/2d205a608a5aa97ac279d7a5e6d89ad8","name":"Roberto","image":{"@type":"ImageObject","inLanguage":"pt-BR","@id":"https:\/\/secure.gravatar.com\/avatar\/42749d8b712ff9d59ca93dc150494e5b55a44134482993f5baeb97e61b7ecc89?s=96&d=mm&r=g","url":"https:\/\/secure.gravatar.com\/avatar\/42749d8b712ff9d59ca93dc150494e5b55a44134482993f5baeb97e61b7ecc89?s=96&d=mm&r=g","contentUrl":"https:\/\/secure.gravatar.com\/avatar\/42749d8b712ff9d59ca93dc150494e5b55a44134482993f5baeb97e61b7ecc89?s=96&d=mm&r=g","caption":"Roberto"},"url":"https:\/\/regiaonews.net.br\/2022\/author\/roberto\/"}]}},"publishpress_future_action":{"enabled":false,"date":"2026-05-03 09:22:32","action":"change-status","newStatus":"draft","terms":[],"taxonomy":"category","extraData":[]},"publishpress_future_workflow_manual_trigger":{"enabledWorkflows":[]},"_links":{"self":[{"href":"https:\/\/regiaonews.net.br\/2022\/wp-json\/wp\/v2\/posts\/106163","targetHints":{"allow":["GET"]}}],"collection":[{"href":"https:\/\/regiaonews.net.br\/2022\/wp-json\/wp\/v2\/posts"}],"about":[{"href":"https:\/\/regiaonews.net.br\/2022\/wp-json\/wp\/v2\/types\/post"}],"author":[{"embeddable":true,"href":"https:\/\/regiaonews.net.br\/2022\/wp-json\/wp\/v2\/users\/2"}],"replies":[{"embeddable":true,"href":"https:\/\/regiaonews.net.br\/2022\/wp-json\/wp\/v2\/comments?post=106163"}],"version-history":[{"count":1,"href":"https:\/\/regiaonews.net.br\/2022\/wp-json\/wp\/v2\/posts\/106163\/revisions"}],"predecessor-version":[{"id":106165,"href":"https:\/\/regiaonews.net.br\/2022\/wp-json\/wp\/v2\/posts\/106163\/revisions\/106165"}],"wp:featuredmedia":[{"embeddable":true,"href":"https:\/\/regiaonews.net.br\/2022\/wp-json\/wp\/v2\/media\/106164"}],"wp:attachment":[{"href":"https:\/\/regiaonews.net.br\/2022\/wp-json\/wp\/v2\/media?parent=106163"}],"wp:term":[{"taxonomy":"category","embeddable":true,"href":"https:\/\/regiaonews.net.br\/2022\/wp-json\/wp\/v2\/categories?post=106163"},{"taxonomy":"post_tag","embeddable":true,"href":"https:\/\/regiaonews.net.br\/2022\/wp-json\/wp\/v2\/tags?post=106163"}],"curies":[{"name":"wp","href":"https:\/\/api.w.org\/{rel}","templated":true}]}}