{"id":106160,"date":"2024-06-11T19:00:18","date_gmt":"2024-06-11T22:00:18","guid":{"rendered":"https:\/\/regiaonews.net.br\/2022\/?p=106160"},"modified":"2024-06-11T19:28:40","modified_gmt":"2024-06-11T22:28:40","slug":"mais-de-240-alunos-da-rede-municipal-de-ensino-recebem-certificados-do-proerd","status":"publish","type":"post","link":"https:\/\/regiaonews.net.br\/2022\/2024\/06\/11\/mais-de-240-alunos-da-rede-municipal-de-ensino-recebem-certificados-do-proerd\/","title":{"rendered":"Mais de 240 alunos da Rede Municipal de Ensino recebem certificados do Proerd"},"content":{"rendered":"<p>Cerim\u00f4nia cheia de emo\u00e7\u00e3o marcou a despedida do instrutor Cabo PM Marcos Mariano<\/p>\n<p>O Programa Educacional de Resist\u00eancia \u00e0s Drogas e \u00e0 Viol\u00eancia (Proerd) formou mais 245 alunos da Rede Municipal de Ensino de Barretos na manh\u00e3 desta ter\u00e7a-feira, 11 de junho, durante cerim\u00f4nia realizada no audit\u00f3rio da Faculdade de Ci\u00eancias da Sa\u00fade de Barretos Dr. Paulo Prata (Facisb).<br \/>\n\u201c\u00c9 um momento muito especial, porque a gente trabalha com a preven\u00e7\u00e3o, que \u00e9 fundamental. Infelizmente o mal do s\u00e9culo s\u00e3o as drogas, ent\u00e3o, quando voc\u00ea pode trabalhar este tema na inf\u00e2ncia e mostrar os males, voc\u00ea evita que esse jovem entre nesse processo, muitas vezes sem volta\u201d, disse a Prefeita Paula Lemos.<br \/>\nImplantado no Estado de S\u00e3o Paulo na d\u00e9cada de 90, o Proerd consiste num esfor\u00e7o cooperativo entre Pol\u00edcia Militar, escola e fam\u00edlia, que tem por objetivo capacitar jovens estudantes com informa\u00e7\u00f5es e habilidades necess\u00e1rias para viverem socialmente de maneira saud\u00e1vel, sem drogas e viol\u00eancia.<br \/>\n\u201cN\u00f3s temos v\u00e1rias ocorr\u00eancias em nosso cotidiano envolvendo drogas, mas a gente tenta fazer a base, a partir das crian\u00e7as. Tir\u00e1-las deste mundo fazendo uma conscientiza\u00e7\u00e3o, um trabalho para que elas entendam que \u00e9 uma coisa nociva n\u00e3o s\u00f3 para elas, mas para toda fam\u00edlia\u201d, destacou o comandante da 1\u00aa Cia, Cap. PM Israel Pigossi.<br \/>\nParticiparam da formatura alunos dos quintos anos das Escolas Municipais \u201cMatilde Gitay de Mello\u201d, \u201cProfa. Ivone Diniz Junqueira\u201d, \u201cLuiz Castanho Filho\u201d e \u201cLuiza Parassu Borges\u201d. O evento contou com apresenta\u00e7\u00e3o art\u00edstica, entrega de medalhas e sorteio de 20 bicicletas entre os estudantes.<br \/>\nHomenagem<br \/>\nA cerim\u00f4nia tamb\u00e9m marcou a despedida do instrutor Cabo PM Marcos Mariano. \u00c0 frente do programa desde 2018, o policial recebeu uma placa dos gestores da Secretaria Municipal de Educa\u00e7\u00e3o, como forma de reconhecimento pelo trabalho realizado.<br \/>\n\u201c\u00c9 um momento muito especial, minha despedida do Proerd. Mais um ciclo que termina, e termina com 245 crian\u00e7as formadas em condi\u00e7\u00f5es para enfrentar a vida com responsabilidade e seguran\u00e7a. Isso \u00e9 muito importante\u201d, agradeceu.<br \/>\nParticiparam da solenidade a Major PM Esther Santos; a Ju\u00edza Diretora do F\u00f3rum Dra. Fernanda Vazquez; o Promotor de Justi\u00e7a Dr. Matheus Botelho Faim; a Secret\u00e1ria Municipal de Educa\u00e7\u00e3o J\u00e9ssica Maria dos Santos; a Delegada de Defesa da Mulher Dra. Denise Paro; o representante do Conselho Tutelar F\u00e1bio Pereira da Silva; e o pai de aluno Sr. Carlos Alberto de Castro Silva, que representou todas as fam\u00edlias presentes.<\/p>\n<p>&nbsp;<\/p>\n","protected":false},"excerpt":{"rendered":"<p>Cerim\u00f4nia cheia de emo\u00e7\u00e3o marcou a despedida do instrutor Cabo<\/p>\n","protected":false},"author":2,"featured_media":106161,"comment_status":"open","ping_status":"open","sticky":false,"template":"","format":"standard","meta":{"footnotes":""},"categories":[14,25],"tags":[],"class_list":["post-106160","post","type-post","status-publish","format-standard","has-post-thumbnail","hentry","category-barretos","category-cidades"],"yoast_head":"<!-- This site is optimized with the Yoast SEO plugin v27.4 - https:\/\/yoast.com\/product\/yoast-seo-wordpress\/ -->\n<title>Mais de 240 alunos da Rede Municipal de Ensino recebem certificados do Proerd - Regi\u00e3o News<\/title>\n<meta name=\"robots\" content=\"index, follow, max-snippet:-1, max-image-preview:large, max-video-preview:-1\" \/>\n<link rel=\"canonical\" href=\"https:\/\/regiaonews.net.br\/2022\/2024\/06\/11\/mais-de-240-alunos-da-rede-municipal-de-ensino-recebem-certificados-do-proerd\/\" \/>\n<meta property=\"og:locale\" content=\"pt_BR\" \/>\n<meta property=\"og:type\" content=\"article\" \/>\n<meta property=\"og:title\" content=\"Mais de 240 alunos da Rede Municipal de Ensino recebem certificados do Proerd - Regi\u00e3o News\" \/>\n<meta property=\"og:description\" content=\"Cerim\u00f4nia cheia de emo\u00e7\u00e3o marcou a despedida do instrutor Cabo\" \/>\n<meta property=\"og:url\" content=\"https:\/\/regiaonews.net.br\/2022\/2024\/06\/11\/mais-de-240-alunos-da-rede-municipal-de-ensino-recebem-certificados-do-proerd\/\" \/>\n<meta property=\"og:site_name\" content=\"Regi\u00e3o News\" \/>\n<meta property=\"article:published_time\" content=\"2024-06-11T22:00:18+00:00\" \/>\n<meta property=\"article:modified_time\" content=\"2024-06-11T22:28:40+00:00\" \/>\n<meta property=\"og:image\" content=\"https:\/\/regiaonews.net.br\/2022\/wp-content\/uploads\/2024\/06\/WhatsApp-Image-2024-06-11-at-16.21.00.jpeg\" \/>\n\t<meta property=\"og:image:width\" content=\"1600\" \/>\n\t<meta property=\"og:image:height\" content=\"1089\" \/>\n\t<meta property=\"og:image:type\" content=\"image\/jpeg\" \/>\n<meta name=\"author\" content=\"Roberto\" \/>\n<meta name=\"twitter:card\" content=\"summary_large_image\" \/>\n<meta name=\"twitter:label1\" content=\"Escrito por\" \/>\n\t<meta name=\"twitter:data1\" content=\"Roberto\" \/>\n\t<meta name=\"twitter:label2\" content=\"Est. tempo de leitura\" \/>\n\t<meta name=\"twitter:data2\" content=\"3 minutos\" \/>\n<script type=\"application\/ld+json\" class=\"yoast-schema-graph\">{\"@context\":\"https:\\\/\\\/schema.org\",\"@graph\":[{\"@type\":\"Article\",\"@id\":\"https:\\\/\\\/regiaonews.net.br\\\/2022\\\/2024\\\/06\\\/11\\\/mais-de-240-alunos-da-rede-municipal-de-ensino-recebem-certificados-do-proerd\\\/#article\",\"isPartOf\":{\"@id\":\"https:\\\/\\\/regiaonews.net.br\\\/2022\\\/2024\\\/06\\\/11\\\/mais-de-240-alunos-da-rede-municipal-de-ensino-recebem-certificados-do-proerd\\\/\"},\"author\":{\"name\":\"Roberto\",\"@id\":\"https:\\\/\\\/regiaonews.net.br\\\/2022\\\/#\\\/schema\\\/person\\\/2d205a608a5aa97ac279d7a5e6d89ad8\"},\"headline\":\"Mais de 240 alunos da Rede Municipal de Ensino recebem certificados do Proerd\",\"datePublished\":\"2024-06-11T22:00:18+00:00\",\"dateModified\":\"2024-06-11T22:28:40+00:00\",\"mainEntityOfPage\":{\"@id\":\"https:\\\/\\\/regiaonews.net.br\\\/2022\\\/2024\\\/06\\\/11\\\/mais-de-240-alunos-da-rede-municipal-de-ensino-recebem-certificados-do-proerd\\\/\"},\"wordCount\":440,\"commentCount\":0,\"publisher\":{\"@id\":\"https:\\\/\\\/regiaonews.net.br\\\/2022\\\/#organization\"},\"image\":{\"@id\":\"https:\\\/\\\/regiaonews.net.br\\\/2022\\\/2024\\\/06\\\/11\\\/mais-de-240-alunos-da-rede-municipal-de-ensino-recebem-certificados-do-proerd\\\/#primaryimage\"},\"thumbnailUrl\":\"https:\\\/\\\/regiaonews.net.br\\\/2022\\\/wp-content\\\/uploads\\\/2024\\\/06\\\/WhatsApp-Image-2024-06-11-at-16.21.00.jpeg\",\"articleSection\":[\"Barretos\",\"Cidades\"],\"inLanguage\":\"pt-BR\",\"potentialAction\":[{\"@type\":\"CommentAction\",\"name\":\"Comment\",\"target\":[\"https:\\\/\\\/regiaonews.net.br\\\/2022\\\/2024\\\/06\\\/11\\\/mais-de-240-alunos-da-rede-municipal-de-ensino-recebem-certificados-do-proerd\\\/#respond\"]}]},{\"@type\":\"WebPage\",\"@id\":\"https:\\\/\\\/regiaonews.net.br\\\/2022\\\/2024\\\/06\\\/11\\\/mais-de-240-alunos-da-rede-municipal-de-ensino-recebem-certificados-do-proerd\\\/\",\"url\":\"https:\\\/\\\/regiaonews.net.br\\\/2022\\\/2024\\\/06\\\/11\\\/mais-de-240-alunos-da-rede-municipal-de-ensino-recebem-certificados-do-proerd\\\/\",\"name\":\"Mais de 240 alunos da Rede Municipal de Ensino recebem certificados do Proerd - Regi\u00e3o News\",\"isPartOf\":{\"@id\":\"https:\\\/\\\/regiaonews.net.br\\\/2022\\\/#website\"},\"primaryImageOfPage\":{\"@id\":\"https:\\\/\\\/regiaonews.net.br\\\/2022\\\/2024\\\/06\\\/11\\\/mais-de-240-alunos-da-rede-municipal-de-ensino-recebem-certificados-do-proerd\\\/#primaryimage\"},\"image\":{\"@id\":\"https:\\\/\\\/regiaonews.net.br\\\/2022\\\/2024\\\/06\\\/11\\\/mais-de-240-alunos-da-rede-municipal-de-ensino-recebem-certificados-do-proerd\\\/#primaryimage\"},\"thumbnailUrl\":\"https:\\\/\\\/regiaonews.net.br\\\/2022\\\/wp-content\\\/uploads\\\/2024\\\/06\\\/WhatsApp-Image-2024-06-11-at-16.21.00.jpeg\",\"datePublished\":\"2024-06-11T22:00:18+00:00\",\"dateModified\":\"2024-06-11T22:28:40+00:00\",\"breadcrumb\":{\"@id\":\"https:\\\/\\\/regiaonews.net.br\\\/2022\\\/2024\\\/06\\\/11\\\/mais-de-240-alunos-da-rede-municipal-de-ensino-recebem-certificados-do-proerd\\\/#breadcrumb\"},\"inLanguage\":\"pt-BR\",\"potentialAction\":[{\"@type\":\"ReadAction\",\"target\":[\"https:\\\/\\\/regiaonews.net.br\\\/2022\\\/2024\\\/06\\\/11\\\/mais-de-240-alunos-da-rede-municipal-de-ensino-recebem-certificados-do-proerd\\\/\"]}]},{\"@type\":\"ImageObject\",\"inLanguage\":\"pt-BR\",\"@id\":\"https:\\\/\\\/regiaonews.net.br\\\/2022\\\/2024\\\/06\\\/11\\\/mais-de-240-alunos-da-rede-municipal-de-ensino-recebem-certificados-do-proerd\\\/#primaryimage\",\"url\":\"https:\\\/\\\/regiaonews.net.br\\\/2022\\\/wp-content\\\/uploads\\\/2024\\\/06\\\/WhatsApp-Image-2024-06-11-at-16.21.00.jpeg\",\"contentUrl\":\"https:\\\/\\\/regiaonews.net.br\\\/2022\\\/wp-content\\\/uploads\\\/2024\\\/06\\\/WhatsApp-Image-2024-06-11-at-16.21.00.jpeg\",\"width\":1600,\"height\":1089},{\"@type\":\"BreadcrumbList\",\"@id\":\"https:\\\/\\\/regiaonews.net.br\\\/2022\\\/2024\\\/06\\\/11\\\/mais-de-240-alunos-da-rede-municipal-de-ensino-recebem-certificados-do-proerd\\\/#breadcrumb\",\"itemListElement\":[{\"@type\":\"ListItem\",\"position\":1,\"name\":\"In\u00edcio\",\"item\":\"https:\\\/\\\/regiaonews.net.br\\\/2022\\\/\"},{\"@type\":\"ListItem\",\"position\":2,\"name\":\"Mais de 240 alunos da Rede Municipal de Ensino recebem certificados do Proerd\"}]},{\"@type\":\"WebSite\",\"@id\":\"https:\\\/\\\/regiaonews.net.br\\\/2022\\\/#website\",\"url\":\"https:\\\/\\\/regiaonews.net.br\\\/2022\\\/\",\"name\":\"Regi\u00e3o News\",\"description\":\"Site de Not\u00edcias de Barretos e regi\u00e3o\",\"publisher\":{\"@id\":\"https:\\\/\\\/regiaonews.net.br\\\/2022\\\/#organization\"},\"potentialAction\":[{\"@type\":\"SearchAction\",\"target\":{\"@type\":\"EntryPoint\",\"urlTemplate\":\"https:\\\/\\\/regiaonews.net.br\\\/2022\\\/?s={search_term_string}\"},\"query-input\":{\"@type\":\"PropertyValueSpecification\",\"valueRequired\":true,\"valueName\":\"search_term_string\"}}],\"inLanguage\":\"pt-BR\"},{\"@type\":\"Organization\",\"@id\":\"https:\\\/\\\/regiaonews.net.br\\\/2022\\\/#organization\",\"name\":\"Regi\u00e3o News\",\"url\":\"https:\\\/\\\/regiaonews.net.br\\\/2022\\\/\",\"logo\":{\"@type\":\"ImageObject\",\"inLanguage\":\"pt-BR\",\"@id\":\"https:\\\/\\\/regiaonews.net.br\\\/2022\\\/#\\\/schema\\\/logo\\\/image\\\/\",\"url\":\"https:\\\/\\\/regiaonews.net.br\\\/2022\\\/wp-content\\\/uploads\\\/2026\\\/03\\\/regiao-13-anos-scaled.jpg\",\"contentUrl\":\"https:\\\/\\\/regiaonews.net.br\\\/2022\\\/wp-content\\\/uploads\\\/2026\\\/03\\\/regiao-13-anos-scaled.jpg\",\"width\":2560,\"height\":635,\"caption\":\"Regi\u00e3o News\"},\"image\":{\"@id\":\"https:\\\/\\\/regiaonews.net.br\\\/2022\\\/#\\\/schema\\\/logo\\\/image\\\/\"}},{\"@type\":\"Person\",\"@id\":\"https:\\\/\\\/regiaonews.net.br\\\/2022\\\/#\\\/schema\\\/person\\\/2d205a608a5aa97ac279d7a5e6d89ad8\",\"name\":\"Roberto\",\"image\":{\"@type\":\"ImageObject\",\"inLanguage\":\"pt-BR\",\"@id\":\"https:\\\/\\\/secure.gravatar.com\\\/avatar\\\/42749d8b712ff9d59ca93dc150494e5b55a44134482993f5baeb97e61b7ecc89?s=96&d=mm&r=g\",\"url\":\"https:\\\/\\\/secure.gravatar.com\\\/avatar\\\/42749d8b712ff9d59ca93dc150494e5b55a44134482993f5baeb97e61b7ecc89?s=96&d=mm&r=g\",\"contentUrl\":\"https:\\\/\\\/secure.gravatar.com\\\/avatar\\\/42749d8b712ff9d59ca93dc150494e5b55a44134482993f5baeb97e61b7ecc89?s=96&d=mm&r=g\",\"caption\":\"Roberto\"},\"url\":\"https:\\\/\\\/regiaonews.net.br\\\/2022\\\/author\\\/roberto\\\/\"}]}<\/script>\n<!-- \/ Yoast SEO plugin. -->","yoast_head_json":{"title":"Mais de 240 alunos da Rede Municipal de Ensino recebem certificados do Proerd - Regi\u00e3o News","robots":{"index":"index","follow":"follow","max-snippet":"max-snippet:-1","max-image-preview":"max-image-preview:large","max-video-preview":"max-video-preview:-1"},"canonical":"https:\/\/regiaonews.net.br\/2022\/2024\/06\/11\/mais-de-240-alunos-da-rede-municipal-de-ensino-recebem-certificados-do-proerd\/","og_locale":"pt_BR","og_type":"article","og_title":"Mais de 240 alunos da Rede Municipal de Ensino recebem certificados do Proerd - Regi\u00e3o News","og_description":"Cerim\u00f4nia cheia de emo\u00e7\u00e3o marcou a despedida do instrutor Cabo","og_url":"https:\/\/regiaonews.net.br\/2022\/2024\/06\/11\/mais-de-240-alunos-da-rede-municipal-de-ensino-recebem-certificados-do-proerd\/","og_site_name":"Regi\u00e3o News","article_published_time":"2024-06-11T22:00:18+00:00","article_modified_time":"2024-06-11T22:28:40+00:00","og_image":[{"width":1600,"height":1089,"url":"https:\/\/regiaonews.net.br\/2022\/wp-content\/uploads\/2024\/06\/WhatsApp-Image-2024-06-11-at-16.21.00.jpeg","type":"image\/jpeg"}],"author":"Roberto","twitter_card":"summary_large_image","twitter_misc":{"Escrito por":"Roberto","Est. tempo de leitura":"3 minutos"},"schema":{"@context":"https:\/\/schema.org","@graph":[{"@type":"Article","@id":"https:\/\/regiaonews.net.br\/2022\/2024\/06\/11\/mais-de-240-alunos-da-rede-municipal-de-ensino-recebem-certificados-do-proerd\/#article","isPartOf":{"@id":"https:\/\/regiaonews.net.br\/2022\/2024\/06\/11\/mais-de-240-alunos-da-rede-municipal-de-ensino-recebem-certificados-do-proerd\/"},"author":{"name":"Roberto","@id":"https:\/\/regiaonews.net.br\/2022\/#\/schema\/person\/2d205a608a5aa97ac279d7a5e6d89ad8"},"headline":"Mais de 240 alunos da Rede Municipal de Ensino recebem certificados do Proerd","datePublished":"2024-06-11T22:00:18+00:00","dateModified":"2024-06-11T22:28:40+00:00","mainEntityOfPage":{"@id":"https:\/\/regiaonews.net.br\/2022\/2024\/06\/11\/mais-de-240-alunos-da-rede-municipal-de-ensino-recebem-certificados-do-proerd\/"},"wordCount":440,"commentCount":0,"publisher":{"@id":"https:\/\/regiaonews.net.br\/2022\/#organization"},"image":{"@id":"https:\/\/regiaonews.net.br\/2022\/2024\/06\/11\/mais-de-240-alunos-da-rede-municipal-de-ensino-recebem-certificados-do-proerd\/#primaryimage"},"thumbnailUrl":"https:\/\/regiaonews.net.br\/2022\/wp-content\/uploads\/2024\/06\/WhatsApp-Image-2024-06-11-at-16.21.00.jpeg","articleSection":["Barretos","Cidades"],"inLanguage":"pt-BR","potentialAction":[{"@type":"CommentAction","name":"Comment","target":["https:\/\/regiaonews.net.br\/2022\/2024\/06\/11\/mais-de-240-alunos-da-rede-municipal-de-ensino-recebem-certificados-do-proerd\/#respond"]}]},{"@type":"WebPage","@id":"https:\/\/regiaonews.net.br\/2022\/2024\/06\/11\/mais-de-240-alunos-da-rede-municipal-de-ensino-recebem-certificados-do-proerd\/","url":"https:\/\/regiaonews.net.br\/2022\/2024\/06\/11\/mais-de-240-alunos-da-rede-municipal-de-ensino-recebem-certificados-do-proerd\/","name":"Mais de 240 alunos da Rede Municipal de Ensino recebem certificados do Proerd - Regi\u00e3o News","isPartOf":{"@id":"https:\/\/regiaonews.net.br\/2022\/#website"},"primaryImageOfPage":{"@id":"https:\/\/regiaonews.net.br\/2022\/2024\/06\/11\/mais-de-240-alunos-da-rede-municipal-de-ensino-recebem-certificados-do-proerd\/#primaryimage"},"image":{"@id":"https:\/\/regiaonews.net.br\/2022\/2024\/06\/11\/mais-de-240-alunos-da-rede-municipal-de-ensino-recebem-certificados-do-proerd\/#primaryimage"},"thumbnailUrl":"https:\/\/regiaonews.net.br\/2022\/wp-content\/uploads\/2024\/06\/WhatsApp-Image-2024-06-11-at-16.21.00.jpeg","datePublished":"2024-06-11T22:00:18+00:00","dateModified":"2024-06-11T22:28:40+00:00","breadcrumb":{"@id":"https:\/\/regiaonews.net.br\/2022\/2024\/06\/11\/mais-de-240-alunos-da-rede-municipal-de-ensino-recebem-certificados-do-proerd\/#breadcrumb"},"inLanguage":"pt-BR","potentialAction":[{"@type":"ReadAction","target":["https:\/\/regiaonews.net.br\/2022\/2024\/06\/11\/mais-de-240-alunos-da-rede-municipal-de-ensino-recebem-certificados-do-proerd\/"]}]},{"@type":"ImageObject","inLanguage":"pt-BR","@id":"https:\/\/regiaonews.net.br\/2022\/2024\/06\/11\/mais-de-240-alunos-da-rede-municipal-de-ensino-recebem-certificados-do-proerd\/#primaryimage","url":"https:\/\/regiaonews.net.br\/2022\/wp-content\/uploads\/2024\/06\/WhatsApp-Image-2024-06-11-at-16.21.00.jpeg","contentUrl":"https:\/\/regiaonews.net.br\/2022\/wp-content\/uploads\/2024\/06\/WhatsApp-Image-2024-06-11-at-16.21.00.jpeg","width":1600,"height":1089},{"@type":"BreadcrumbList","@id":"https:\/\/regiaonews.net.br\/2022\/2024\/06\/11\/mais-de-240-alunos-da-rede-municipal-de-ensino-recebem-certificados-do-proerd\/#breadcrumb","itemListElement":[{"@type":"ListItem","position":1,"name":"In\u00edcio","item":"https:\/\/regiaonews.net.br\/2022\/"},{"@type":"ListItem","position":2,"name":"Mais de 240 alunos da Rede Municipal de Ensino recebem certificados do Proerd"}]},{"@type":"WebSite","@id":"https:\/\/regiaonews.net.br\/2022\/#website","url":"https:\/\/regiaonews.net.br\/2022\/","name":"Regi\u00e3o News","description":"Site de Not\u00edcias de Barretos e regi\u00e3o","publisher":{"@id":"https:\/\/regiaonews.net.br\/2022\/#organization"},"potentialAction":[{"@type":"SearchAction","target":{"@type":"EntryPoint","urlTemplate":"https:\/\/regiaonews.net.br\/2022\/?s={search_term_string}"},"query-input":{"@type":"PropertyValueSpecification","valueRequired":true,"valueName":"search_term_string"}}],"inLanguage":"pt-BR"},{"@type":"Organization","@id":"https:\/\/regiaonews.net.br\/2022\/#organization","name":"Regi\u00e3o News","url":"https:\/\/regiaonews.net.br\/2022\/","logo":{"@type":"ImageObject","inLanguage":"pt-BR","@id":"https:\/\/regiaonews.net.br\/2022\/#\/schema\/logo\/image\/","url":"https:\/\/regiaonews.net.br\/2022\/wp-content\/uploads\/2026\/03\/regiao-13-anos-scaled.jpg","contentUrl":"https:\/\/regiaonews.net.br\/2022\/wp-content\/uploads\/2026\/03\/regiao-13-anos-scaled.jpg","width":2560,"height":635,"caption":"Regi\u00e3o News"},"image":{"@id":"https:\/\/regiaonews.net.br\/2022\/#\/schema\/logo\/image\/"}},{"@type":"Person","@id":"https:\/\/regiaonews.net.br\/2022\/#\/schema\/person\/2d205a608a5aa97ac279d7a5e6d89ad8","name":"Roberto","image":{"@type":"ImageObject","inLanguage":"pt-BR","@id":"https:\/\/secure.gravatar.com\/avatar\/42749d8b712ff9d59ca93dc150494e5b55a44134482993f5baeb97e61b7ecc89?s=96&d=mm&r=g","url":"https:\/\/secure.gravatar.com\/avatar\/42749d8b712ff9d59ca93dc150494e5b55a44134482993f5baeb97e61b7ecc89?s=96&d=mm&r=g","contentUrl":"https:\/\/secure.gravatar.com\/avatar\/42749d8b712ff9d59ca93dc150494e5b55a44134482993f5baeb97e61b7ecc89?s=96&d=mm&r=g","caption":"Roberto"},"url":"https:\/\/regiaonews.net.br\/2022\/author\/roberto\/"}]}},"publishpress_future_action":{"enabled":false,"date":"2026-05-03 09:22:54","action":"change-status","newStatus":"draft","terms":[],"taxonomy":"category","extraData":[]},"publishpress_future_workflow_manual_trigger":{"enabledWorkflows":[]},"_links":{"self":[{"href":"https:\/\/regiaonews.net.br\/2022\/wp-json\/wp\/v2\/posts\/106160","targetHints":{"allow":["GET"]}}],"collection":[{"href":"https:\/\/regiaonews.net.br\/2022\/wp-json\/wp\/v2\/posts"}],"about":[{"href":"https:\/\/regiaonews.net.br\/2022\/wp-json\/wp\/v2\/types\/post"}],"author":[{"embeddable":true,"href":"https:\/\/regiaonews.net.br\/2022\/wp-json\/wp\/v2\/users\/2"}],"replies":[{"embeddable":true,"href":"https:\/\/regiaonews.net.br\/2022\/wp-json\/wp\/v2\/comments?post=106160"}],"version-history":[{"count":3,"href":"https:\/\/regiaonews.net.br\/2022\/wp-json\/wp\/v2\/posts\/106160\/revisions"}],"predecessor-version":[{"id":106176,"href":"https:\/\/regiaonews.net.br\/2022\/wp-json\/wp\/v2\/posts\/106160\/revisions\/106176"}],"wp:featuredmedia":[{"embeddable":true,"href":"https:\/\/regiaonews.net.br\/2022\/wp-json\/wp\/v2\/media\/106161"}],"wp:attachment":[{"href":"https:\/\/regiaonews.net.br\/2022\/wp-json\/wp\/v2\/media?parent=106160"}],"wp:term":[{"taxonomy":"category","embeddable":true,"href":"https:\/\/regiaonews.net.br\/2022\/wp-json\/wp\/v2\/categories?post=106160"},{"taxonomy":"post_tag","embeddable":true,"href":"https:\/\/regiaonews.net.br\/2022\/wp-json\/wp\/v2\/tags?post=106160"}],"curies":[{"name":"wp","href":"https:\/\/api.w.org\/{rel}","templated":true}]}}