{"id":106157,"date":"2024-06-11T18:58:04","date_gmt":"2024-06-11T21:58:04","guid":{"rendered":"https:\/\/regiaonews.net.br\/2022\/?p=106157"},"modified":"2024-06-11T18:58:04","modified_gmt":"2024-06-11T21:58:04","slug":"bec-inicia-vendas-de-ingressos-para-estreia-na-copa-paulista","status":"publish","type":"post","link":"https:\/\/regiaonews.net.br\/2022\/2024\/06\/11\/bec-inicia-vendas-de-ingressos-para-estreia-na-copa-paulista\/","title":{"rendered":"BEC inicia vendas de ingressos para estreia na Copa Paulista"},"content":{"rendered":"<p>&nbsp;<\/p>\n<p>A diretoria do Barretos Esporte Clube, atrav\u00e9s do presidente Jos\u00e9 Reinaldo Borges, informa que j\u00e1 est\u00e3o \u00e0 venda os ingressos para a estreia do Touro do Vale nesta sexta, dia 14, \u00e0s 20h, diante do Comercial Futebol Clube, no est\u00e1dio Fortaleza. \u201cPrecisamos muito do apoio de cada torcedor para nos apoiar nessa primeira partida em casa. A competi\u00e7\u00e3o da vaga para a Copa do Brasil e S\u00e9rie D do Brasileir\u00e3o\u201d, lembrou o dirigente.<br \/>\nOs ingressos para a estreia s\u00e3o vendidos por estes pre\u00e7os: arquibancada geral R$ 20,00 a inteira e R$ 10,00 a meia e arquibancada coberta R$ 40,00 a inteira e R$ 20,00 a meia, \u00e0 venda no est\u00e1dio Fortaleza e pelo site https:\/\/www.totalticket.com.br\/evento\/23465 . \u201cA meia-entrada est\u00e1 dispon\u00edvel at\u00e9 o dia 14, \u00e0s 16h\u201d, lembrou o dirigente.<\/p>\n","protected":false},"excerpt":{"rendered":"<p>&nbsp; A diretoria do Barretos Esporte Clube, atrav\u00e9s do presidente<\/p>\n","protected":false},"author":2,"featured_media":106158,"comment_status":"open","ping_status":"open","sticky":false,"template":"","format":"standard","meta":{"footnotes":""},"categories":[14,21],"tags":[],"class_list":["post-106157","post","type-post","status-publish","format-standard","has-post-thumbnail","hentry","category-barretos","category-esporte"],"yoast_head":"<!-- This site is optimized with the Yoast SEO plugin v27.4 - https:\/\/yoast.com\/product\/yoast-seo-wordpress\/ -->\n<title>BEC inicia vendas de ingressos para estreia na Copa Paulista - Regi\u00e3o News<\/title>\n<meta name=\"robots\" content=\"index, follow, max-snippet:-1, max-image-preview:large, max-video-preview:-1\" \/>\n<link rel=\"canonical\" href=\"https:\/\/regiaonews.net.br\/2022\/2024\/06\/11\/bec-inicia-vendas-de-ingressos-para-estreia-na-copa-paulista\/\" \/>\n<meta property=\"og:locale\" content=\"pt_BR\" \/>\n<meta property=\"og:type\" content=\"article\" \/>\n<meta property=\"og:title\" content=\"BEC inicia vendas de ingressos para estreia na Copa Paulista - Regi\u00e3o News\" \/>\n<meta property=\"og:description\" content=\"&nbsp; A diretoria do Barretos Esporte Clube, atrav\u00e9s do presidente\" \/>\n<meta property=\"og:url\" content=\"https:\/\/regiaonews.net.br\/2022\/2024\/06\/11\/bec-inicia-vendas-de-ingressos-para-estreia-na-copa-paulista\/\" \/>\n<meta property=\"og:site_name\" content=\"Regi\u00e3o News\" \/>\n<meta property=\"article:published_time\" content=\"2024-06-11T21:58:04+00:00\" \/>\n<meta property=\"og:image\" content=\"https:\/\/regiaonews.net.br\/2022\/wp-content\/uploads\/2024\/06\/WhatsApp-Image-2024-06-11-at-18.36.25.jpeg\" \/>\n\t<meta property=\"og:image:width\" content=\"1600\" \/>\n\t<meta property=\"og:image:height\" content=\"1600\" \/>\n\t<meta property=\"og:image:type\" content=\"image\/jpeg\" \/>\n<meta name=\"author\" content=\"Roberto\" \/>\n<meta name=\"twitter:card\" content=\"summary_large_image\" \/>\n<meta name=\"twitter:label1\" content=\"Escrito por\" \/>\n\t<meta name=\"twitter:data1\" content=\"Roberto\" \/>\n\t<meta name=\"twitter:label2\" content=\"Est. tempo de leitura\" \/>\n\t<meta name=\"twitter:data2\" content=\"1 minuto\" \/>\n<script type=\"application\/ld+json\" class=\"yoast-schema-graph\">{\"@context\":\"https:\\\/\\\/schema.org\",\"@graph\":[{\"@type\":\"Article\",\"@id\":\"https:\\\/\\\/regiaonews.net.br\\\/2022\\\/2024\\\/06\\\/11\\\/bec-inicia-vendas-de-ingressos-para-estreia-na-copa-paulista\\\/#article\",\"isPartOf\":{\"@id\":\"https:\\\/\\\/regiaonews.net.br\\\/2022\\\/2024\\\/06\\\/11\\\/bec-inicia-vendas-de-ingressos-para-estreia-na-copa-paulista\\\/\"},\"author\":{\"name\":\"Roberto\",\"@id\":\"https:\\\/\\\/regiaonews.net.br\\\/2022\\\/#\\\/schema\\\/person\\\/2d205a608a5aa97ac279d7a5e6d89ad8\"},\"headline\":\"BEC inicia vendas de ingressos para estreia na Copa Paulista\",\"datePublished\":\"2024-06-11T21:58:04+00:00\",\"mainEntityOfPage\":{\"@id\":\"https:\\\/\\\/regiaonews.net.br\\\/2022\\\/2024\\\/06\\\/11\\\/bec-inicia-vendas-de-ingressos-para-estreia-na-copa-paulista\\\/\"},\"wordCount\":146,\"commentCount\":0,\"publisher\":{\"@id\":\"https:\\\/\\\/regiaonews.net.br\\\/2022\\\/#organization\"},\"image\":{\"@id\":\"https:\\\/\\\/regiaonews.net.br\\\/2022\\\/2024\\\/06\\\/11\\\/bec-inicia-vendas-de-ingressos-para-estreia-na-copa-paulista\\\/#primaryimage\"},\"thumbnailUrl\":\"https:\\\/\\\/regiaonews.net.br\\\/2022\\\/wp-content\\\/uploads\\\/2024\\\/06\\\/WhatsApp-Image-2024-06-11-at-18.36.25.jpeg\",\"articleSection\":[\"Barretos\",\"Esporte\"],\"inLanguage\":\"pt-BR\",\"potentialAction\":[{\"@type\":\"CommentAction\",\"name\":\"Comment\",\"target\":[\"https:\\\/\\\/regiaonews.net.br\\\/2022\\\/2024\\\/06\\\/11\\\/bec-inicia-vendas-de-ingressos-para-estreia-na-copa-paulista\\\/#respond\"]}]},{\"@type\":\"WebPage\",\"@id\":\"https:\\\/\\\/regiaonews.net.br\\\/2022\\\/2024\\\/06\\\/11\\\/bec-inicia-vendas-de-ingressos-para-estreia-na-copa-paulista\\\/\",\"url\":\"https:\\\/\\\/regiaonews.net.br\\\/2022\\\/2024\\\/06\\\/11\\\/bec-inicia-vendas-de-ingressos-para-estreia-na-copa-paulista\\\/\",\"name\":\"BEC inicia vendas de ingressos para estreia na Copa Paulista - Regi\u00e3o News\",\"isPartOf\":{\"@id\":\"https:\\\/\\\/regiaonews.net.br\\\/2022\\\/#website\"},\"primaryImageOfPage\":{\"@id\":\"https:\\\/\\\/regiaonews.net.br\\\/2022\\\/2024\\\/06\\\/11\\\/bec-inicia-vendas-de-ingressos-para-estreia-na-copa-paulista\\\/#primaryimage\"},\"image\":{\"@id\":\"https:\\\/\\\/regiaonews.net.br\\\/2022\\\/2024\\\/06\\\/11\\\/bec-inicia-vendas-de-ingressos-para-estreia-na-copa-paulista\\\/#primaryimage\"},\"thumbnailUrl\":\"https:\\\/\\\/regiaonews.net.br\\\/2022\\\/wp-content\\\/uploads\\\/2024\\\/06\\\/WhatsApp-Image-2024-06-11-at-18.36.25.jpeg\",\"datePublished\":\"2024-06-11T21:58:04+00:00\",\"breadcrumb\":{\"@id\":\"https:\\\/\\\/regiaonews.net.br\\\/2022\\\/2024\\\/06\\\/11\\\/bec-inicia-vendas-de-ingressos-para-estreia-na-copa-paulista\\\/#breadcrumb\"},\"inLanguage\":\"pt-BR\",\"potentialAction\":[{\"@type\":\"ReadAction\",\"target\":[\"https:\\\/\\\/regiaonews.net.br\\\/2022\\\/2024\\\/06\\\/11\\\/bec-inicia-vendas-de-ingressos-para-estreia-na-copa-paulista\\\/\"]}]},{\"@type\":\"ImageObject\",\"inLanguage\":\"pt-BR\",\"@id\":\"https:\\\/\\\/regiaonews.net.br\\\/2022\\\/2024\\\/06\\\/11\\\/bec-inicia-vendas-de-ingressos-para-estreia-na-copa-paulista\\\/#primaryimage\",\"url\":\"https:\\\/\\\/regiaonews.net.br\\\/2022\\\/wp-content\\\/uploads\\\/2024\\\/06\\\/WhatsApp-Image-2024-06-11-at-18.36.25.jpeg\",\"contentUrl\":\"https:\\\/\\\/regiaonews.net.br\\\/2022\\\/wp-content\\\/uploads\\\/2024\\\/06\\\/WhatsApp-Image-2024-06-11-at-18.36.25.jpeg\",\"width\":1600,\"height\":1600},{\"@type\":\"BreadcrumbList\",\"@id\":\"https:\\\/\\\/regiaonews.net.br\\\/2022\\\/2024\\\/06\\\/11\\\/bec-inicia-vendas-de-ingressos-para-estreia-na-copa-paulista\\\/#breadcrumb\",\"itemListElement\":[{\"@type\":\"ListItem\",\"position\":1,\"name\":\"In\u00edcio\",\"item\":\"https:\\\/\\\/regiaonews.net.br\\\/2022\\\/\"},{\"@type\":\"ListItem\",\"position\":2,\"name\":\"BEC inicia vendas de ingressos para estreia na Copa Paulista\"}]},{\"@type\":\"WebSite\",\"@id\":\"https:\\\/\\\/regiaonews.net.br\\\/2022\\\/#website\",\"url\":\"https:\\\/\\\/regiaonews.net.br\\\/2022\\\/\",\"name\":\"Regi\u00e3o News\",\"description\":\"Site de Not\u00edcias de Barretos e regi\u00e3o\",\"publisher\":{\"@id\":\"https:\\\/\\\/regiaonews.net.br\\\/2022\\\/#organization\"},\"potentialAction\":[{\"@type\":\"SearchAction\",\"target\":{\"@type\":\"EntryPoint\",\"urlTemplate\":\"https:\\\/\\\/regiaonews.net.br\\\/2022\\\/?s={search_term_string}\"},\"query-input\":{\"@type\":\"PropertyValueSpecification\",\"valueRequired\":true,\"valueName\":\"search_term_string\"}}],\"inLanguage\":\"pt-BR\"},{\"@type\":\"Organization\",\"@id\":\"https:\\\/\\\/regiaonews.net.br\\\/2022\\\/#organization\",\"name\":\"Regi\u00e3o News\",\"url\":\"https:\\\/\\\/regiaonews.net.br\\\/2022\\\/\",\"logo\":{\"@type\":\"ImageObject\",\"inLanguage\":\"pt-BR\",\"@id\":\"https:\\\/\\\/regiaonews.net.br\\\/2022\\\/#\\\/schema\\\/logo\\\/image\\\/\",\"url\":\"https:\\\/\\\/regiaonews.net.br\\\/2022\\\/wp-content\\\/uploads\\\/2026\\\/03\\\/regiao-13-anos-scaled.jpg\",\"contentUrl\":\"https:\\\/\\\/regiaonews.net.br\\\/2022\\\/wp-content\\\/uploads\\\/2026\\\/03\\\/regiao-13-anos-scaled.jpg\",\"width\":2560,\"height\":635,\"caption\":\"Regi\u00e3o News\"},\"image\":{\"@id\":\"https:\\\/\\\/regiaonews.net.br\\\/2022\\\/#\\\/schema\\\/logo\\\/image\\\/\"}},{\"@type\":\"Person\",\"@id\":\"https:\\\/\\\/regiaonews.net.br\\\/2022\\\/#\\\/schema\\\/person\\\/2d205a608a5aa97ac279d7a5e6d89ad8\",\"name\":\"Roberto\",\"image\":{\"@type\":\"ImageObject\",\"inLanguage\":\"pt-BR\",\"@id\":\"https:\\\/\\\/secure.gravatar.com\\\/avatar\\\/42749d8b712ff9d59ca93dc150494e5b55a44134482993f5baeb97e61b7ecc89?s=96&d=mm&r=g\",\"url\":\"https:\\\/\\\/secure.gravatar.com\\\/avatar\\\/42749d8b712ff9d59ca93dc150494e5b55a44134482993f5baeb97e61b7ecc89?s=96&d=mm&r=g\",\"contentUrl\":\"https:\\\/\\\/secure.gravatar.com\\\/avatar\\\/42749d8b712ff9d59ca93dc150494e5b55a44134482993f5baeb97e61b7ecc89?s=96&d=mm&r=g\",\"caption\":\"Roberto\"},\"url\":\"https:\\\/\\\/regiaonews.net.br\\\/2022\\\/author\\\/roberto\\\/\"}]}<\/script>\n<!-- \/ Yoast SEO plugin. -->","yoast_head_json":{"title":"BEC inicia vendas de ingressos para estreia na Copa Paulista - Regi\u00e3o News","robots":{"index":"index","follow":"follow","max-snippet":"max-snippet:-1","max-image-preview":"max-image-preview:large","max-video-preview":"max-video-preview:-1"},"canonical":"https:\/\/regiaonews.net.br\/2022\/2024\/06\/11\/bec-inicia-vendas-de-ingressos-para-estreia-na-copa-paulista\/","og_locale":"pt_BR","og_type":"article","og_title":"BEC inicia vendas de ingressos para estreia na Copa Paulista - Regi\u00e3o News","og_description":"&nbsp; A diretoria do Barretos Esporte Clube, atrav\u00e9s do presidente","og_url":"https:\/\/regiaonews.net.br\/2022\/2024\/06\/11\/bec-inicia-vendas-de-ingressos-para-estreia-na-copa-paulista\/","og_site_name":"Regi\u00e3o News","article_published_time":"2024-06-11T21:58:04+00:00","og_image":[{"width":1600,"height":1600,"url":"https:\/\/regiaonews.net.br\/2022\/wp-content\/uploads\/2024\/06\/WhatsApp-Image-2024-06-11-at-18.36.25.jpeg","type":"image\/jpeg"}],"author":"Roberto","twitter_card":"summary_large_image","twitter_misc":{"Escrito por":"Roberto","Est. tempo de leitura":"1 minuto"},"schema":{"@context":"https:\/\/schema.org","@graph":[{"@type":"Article","@id":"https:\/\/regiaonews.net.br\/2022\/2024\/06\/11\/bec-inicia-vendas-de-ingressos-para-estreia-na-copa-paulista\/#article","isPartOf":{"@id":"https:\/\/regiaonews.net.br\/2022\/2024\/06\/11\/bec-inicia-vendas-de-ingressos-para-estreia-na-copa-paulista\/"},"author":{"name":"Roberto","@id":"https:\/\/regiaonews.net.br\/2022\/#\/schema\/person\/2d205a608a5aa97ac279d7a5e6d89ad8"},"headline":"BEC inicia vendas de ingressos para estreia na Copa Paulista","datePublished":"2024-06-11T21:58:04+00:00","mainEntityOfPage":{"@id":"https:\/\/regiaonews.net.br\/2022\/2024\/06\/11\/bec-inicia-vendas-de-ingressos-para-estreia-na-copa-paulista\/"},"wordCount":146,"commentCount":0,"publisher":{"@id":"https:\/\/regiaonews.net.br\/2022\/#organization"},"image":{"@id":"https:\/\/regiaonews.net.br\/2022\/2024\/06\/11\/bec-inicia-vendas-de-ingressos-para-estreia-na-copa-paulista\/#primaryimage"},"thumbnailUrl":"https:\/\/regiaonews.net.br\/2022\/wp-content\/uploads\/2024\/06\/WhatsApp-Image-2024-06-11-at-18.36.25.jpeg","articleSection":["Barretos","Esporte"],"inLanguage":"pt-BR","potentialAction":[{"@type":"CommentAction","name":"Comment","target":["https:\/\/regiaonews.net.br\/2022\/2024\/06\/11\/bec-inicia-vendas-de-ingressos-para-estreia-na-copa-paulista\/#respond"]}]},{"@type":"WebPage","@id":"https:\/\/regiaonews.net.br\/2022\/2024\/06\/11\/bec-inicia-vendas-de-ingressos-para-estreia-na-copa-paulista\/","url":"https:\/\/regiaonews.net.br\/2022\/2024\/06\/11\/bec-inicia-vendas-de-ingressos-para-estreia-na-copa-paulista\/","name":"BEC inicia vendas de ingressos para estreia na Copa Paulista - Regi\u00e3o News","isPartOf":{"@id":"https:\/\/regiaonews.net.br\/2022\/#website"},"primaryImageOfPage":{"@id":"https:\/\/regiaonews.net.br\/2022\/2024\/06\/11\/bec-inicia-vendas-de-ingressos-para-estreia-na-copa-paulista\/#primaryimage"},"image":{"@id":"https:\/\/regiaonews.net.br\/2022\/2024\/06\/11\/bec-inicia-vendas-de-ingressos-para-estreia-na-copa-paulista\/#primaryimage"},"thumbnailUrl":"https:\/\/regiaonews.net.br\/2022\/wp-content\/uploads\/2024\/06\/WhatsApp-Image-2024-06-11-at-18.36.25.jpeg","datePublished":"2024-06-11T21:58:04+00:00","breadcrumb":{"@id":"https:\/\/regiaonews.net.br\/2022\/2024\/06\/11\/bec-inicia-vendas-de-ingressos-para-estreia-na-copa-paulista\/#breadcrumb"},"inLanguage":"pt-BR","potentialAction":[{"@type":"ReadAction","target":["https:\/\/regiaonews.net.br\/2022\/2024\/06\/11\/bec-inicia-vendas-de-ingressos-para-estreia-na-copa-paulista\/"]}]},{"@type":"ImageObject","inLanguage":"pt-BR","@id":"https:\/\/regiaonews.net.br\/2022\/2024\/06\/11\/bec-inicia-vendas-de-ingressos-para-estreia-na-copa-paulista\/#primaryimage","url":"https:\/\/regiaonews.net.br\/2022\/wp-content\/uploads\/2024\/06\/WhatsApp-Image-2024-06-11-at-18.36.25.jpeg","contentUrl":"https:\/\/regiaonews.net.br\/2022\/wp-content\/uploads\/2024\/06\/WhatsApp-Image-2024-06-11-at-18.36.25.jpeg","width":1600,"height":1600},{"@type":"BreadcrumbList","@id":"https:\/\/regiaonews.net.br\/2022\/2024\/06\/11\/bec-inicia-vendas-de-ingressos-para-estreia-na-copa-paulista\/#breadcrumb","itemListElement":[{"@type":"ListItem","position":1,"name":"In\u00edcio","item":"https:\/\/regiaonews.net.br\/2022\/"},{"@type":"ListItem","position":2,"name":"BEC inicia vendas de ingressos para estreia na Copa Paulista"}]},{"@type":"WebSite","@id":"https:\/\/regiaonews.net.br\/2022\/#website","url":"https:\/\/regiaonews.net.br\/2022\/","name":"Regi\u00e3o News","description":"Site de Not\u00edcias de Barretos e regi\u00e3o","publisher":{"@id":"https:\/\/regiaonews.net.br\/2022\/#organization"},"potentialAction":[{"@type":"SearchAction","target":{"@type":"EntryPoint","urlTemplate":"https:\/\/regiaonews.net.br\/2022\/?s={search_term_string}"},"query-input":{"@type":"PropertyValueSpecification","valueRequired":true,"valueName":"search_term_string"}}],"inLanguage":"pt-BR"},{"@type":"Organization","@id":"https:\/\/regiaonews.net.br\/2022\/#organization","name":"Regi\u00e3o News","url":"https:\/\/regiaonews.net.br\/2022\/","logo":{"@type":"ImageObject","inLanguage":"pt-BR","@id":"https:\/\/regiaonews.net.br\/2022\/#\/schema\/logo\/image\/","url":"https:\/\/regiaonews.net.br\/2022\/wp-content\/uploads\/2026\/03\/regiao-13-anos-scaled.jpg","contentUrl":"https:\/\/regiaonews.net.br\/2022\/wp-content\/uploads\/2026\/03\/regiao-13-anos-scaled.jpg","width":2560,"height":635,"caption":"Regi\u00e3o News"},"image":{"@id":"https:\/\/regiaonews.net.br\/2022\/#\/schema\/logo\/image\/"}},{"@type":"Person","@id":"https:\/\/regiaonews.net.br\/2022\/#\/schema\/person\/2d205a608a5aa97ac279d7a5e6d89ad8","name":"Roberto","image":{"@type":"ImageObject","inLanguage":"pt-BR","@id":"https:\/\/secure.gravatar.com\/avatar\/42749d8b712ff9d59ca93dc150494e5b55a44134482993f5baeb97e61b7ecc89?s=96&d=mm&r=g","url":"https:\/\/secure.gravatar.com\/avatar\/42749d8b712ff9d59ca93dc150494e5b55a44134482993f5baeb97e61b7ecc89?s=96&d=mm&r=g","contentUrl":"https:\/\/secure.gravatar.com\/avatar\/42749d8b712ff9d59ca93dc150494e5b55a44134482993f5baeb97e61b7ecc89?s=96&d=mm&r=g","caption":"Roberto"},"url":"https:\/\/regiaonews.net.br\/2022\/author\/roberto\/"}]}},"publishpress_future_action":{"enabled":false,"date":"2026-05-03 07:53:29","action":"change-status","newStatus":"draft","terms":[],"taxonomy":"category","extraData":[]},"publishpress_future_workflow_manual_trigger":{"enabledWorkflows":[]},"_links":{"self":[{"href":"https:\/\/regiaonews.net.br\/2022\/wp-json\/wp\/v2\/posts\/106157","targetHints":{"allow":["GET"]}}],"collection":[{"href":"https:\/\/regiaonews.net.br\/2022\/wp-json\/wp\/v2\/posts"}],"about":[{"href":"https:\/\/regiaonews.net.br\/2022\/wp-json\/wp\/v2\/types\/post"}],"author":[{"embeddable":true,"href":"https:\/\/regiaonews.net.br\/2022\/wp-json\/wp\/v2\/users\/2"}],"replies":[{"embeddable":true,"href":"https:\/\/regiaonews.net.br\/2022\/wp-json\/wp\/v2\/comments?post=106157"}],"version-history":[{"count":1,"href":"https:\/\/regiaonews.net.br\/2022\/wp-json\/wp\/v2\/posts\/106157\/revisions"}],"predecessor-version":[{"id":106159,"href":"https:\/\/regiaonews.net.br\/2022\/wp-json\/wp\/v2\/posts\/106157\/revisions\/106159"}],"wp:featuredmedia":[{"embeddable":true,"href":"https:\/\/regiaonews.net.br\/2022\/wp-json\/wp\/v2\/media\/106158"}],"wp:attachment":[{"href":"https:\/\/regiaonews.net.br\/2022\/wp-json\/wp\/v2\/media?parent=106157"}],"wp:term":[{"taxonomy":"category","embeddable":true,"href":"https:\/\/regiaonews.net.br\/2022\/wp-json\/wp\/v2\/categories?post=106157"},{"taxonomy":"post_tag","embeddable":true,"href":"https:\/\/regiaonews.net.br\/2022\/wp-json\/wp\/v2\/tags?post=106157"}],"curies":[{"name":"wp","href":"https:\/\/api.w.org\/{rel}","templated":true}]}}