{"id":106150,"date":"2024-06-11T15:30:48","date_gmt":"2024-06-11T18:30:48","guid":{"rendered":"https:\/\/regiaonews.net.br\/2022\/?p=106150"},"modified":"2024-06-11T16:48:41","modified_gmt":"2024-06-11T19:48:41","slug":"prefeitura-de-colina-alerta-sobre-proibicao-de-fogos-de-artifico-com-ruidos-elevados","status":"publish","type":"post","link":"https:\/\/regiaonews.net.br\/2022\/2024\/06\/11\/prefeitura-de-colina-alerta-sobre-proibicao-de-fogos-de-artifico-com-ruidos-elevados\/","title":{"rendered":"Prefeitura de Colina alerta sobre proibi\u00e7\u00e3o de fogos de art\u00edfico com ru\u00eddos elevados"},"content":{"rendered":"<header class=\"post-header\">\n<p class=\"post-description\">\n<\/header>\n<div class=\"post-content\">\n<article class=\"post-text\"><em>O objetivo \u00e9 preservar a sa\u00fade e o bem-estar da popula\u00e7\u00e3o, como idosos, pessoas enfermas, crian\u00e7as, pessoas com autismo e animais, que sofrem com o barulho dos fogos.<\/em>&nbsp;<\/p>\n<p>Com a chegada do per\u00edodo de festas juninas, a Prefeitura Municipal de Colina, por meio do Departamento da Receita, alerta a popula\u00e7\u00e3o para a proibi\u00e7\u00e3o da soltura de fogos de artif\u00edcio, roj\u00f5es e\/ou artefatos pirot\u00e9cnicos com explos\u00f5es e efeitos sonoros na cidade.<\/p>\n<p>A proibi\u00e7\u00e3o est\u00e1 descrita na Lei Municipal N\u00ba 3.438\/2020 \u2013 CM, regulamentada pelo Decreto N\u00ba 4.236\/2020, que pro\u00edbe a comercializa\u00e7\u00e3o e utiliza\u00e7\u00e3o de fogos de artif\u00edcio e artefatos pirot\u00e9cnicos que causem polui\u00e7\u00e3o sonora, como estouros e estampidos em Colina. A proibi\u00e7\u00e3o se aplica a locais fechados e abertos, e tamb\u00e9m a \u00e1reas p\u00fablicas e privadas. O descumprimento da Lei pode render penalidades para pessoas f\u00edsicas e jur\u00eddicas.<\/p>\n<p>O som forte produzido por esse artefato pode causar danos irrepar\u00e1veis ao sistema auditivo, principalmente nas crian\u00e7as, nos beb\u00eas e nos idosos. Em pessoas que possuem Transtorno do Espectro Autista (TEA), o barulho excessivo desencadeia diversas crises.<\/p>\n<p>No caso de animais, fogos com altos teores explosivos os fazem se assustar e entrar em desespero e, assim, podem resultar em acidentes fatais.<\/p>\n<p>A popula\u00e7\u00e3o pode optar por fogos de artif\u00edcio silenciosos, que n\u00e3o causem polui\u00e7\u00e3o sonora. \u00c9 poss\u00edvel garantir o aspecto visual sem incomodar os idosos, crian\u00e7as, pessoas com defici\u00eancia e animais de estima\u00e7\u00e3o.<\/p>\n<p>Os estabelecimentos que comercializam fogos de artif\u00edcio e artefatos pirot\u00e9cnicos dever\u00e3o afixar, em local vis\u00edvel, placa informando: \u201c<em>\u00c9 proibido o uso de fogos de artif\u00edcio, de artefatos pirot\u00e9cnicos e\/ou roj\u00f5es, com estouros e estampidos, no munic\u00edpio de Colina<\/em>\u201d.<\/p>\n<p>&nbsp;<\/p>\n<\/article>\n<\/div>\n","protected":false},"excerpt":{"rendered":"<p>O objetivo \u00e9 preservar a sa\u00fade e o bem-estar da<\/p>\n","protected":false},"author":2,"featured_media":106151,"comment_status":"open","ping_status":"open","sticky":false,"template":"","format":"standard","meta":{"footnotes":""},"categories":[25,5],"tags":[],"class_list":["post-106150","post","type-post","status-publish","format-standard","has-post-thumbnail","hentry","category-cidades","category-colina"],"yoast_head":"<!-- This site is optimized with the Yoast SEO plugin v27.4 - https:\/\/yoast.com\/product\/yoast-seo-wordpress\/ -->\n<title>Prefeitura de Colina alerta sobre proibi\u00e7\u00e3o de fogos de art\u00edfico com ru\u00eddos elevados - Regi\u00e3o News<\/title>\n<meta name=\"robots\" content=\"index, follow, max-snippet:-1, max-image-preview:large, max-video-preview:-1\" \/>\n<link rel=\"canonical\" href=\"https:\/\/regiaonews.net.br\/2022\/2024\/06\/11\/prefeitura-de-colina-alerta-sobre-proibicao-de-fogos-de-artifico-com-ruidos-elevados\/\" \/>\n<meta property=\"og:locale\" content=\"pt_BR\" \/>\n<meta property=\"og:type\" content=\"article\" \/>\n<meta property=\"og:title\" content=\"Prefeitura de Colina alerta sobre proibi\u00e7\u00e3o de fogos de art\u00edfico com ru\u00eddos elevados - Regi\u00e3o News\" \/>\n<meta property=\"og:description\" content=\"O objetivo \u00e9 preservar a sa\u00fade e o bem-estar da\" \/>\n<meta property=\"og:url\" content=\"https:\/\/regiaonews.net.br\/2022\/2024\/06\/11\/prefeitura-de-colina-alerta-sobre-proibicao-de-fogos-de-artifico-com-ruidos-elevados\/\" \/>\n<meta property=\"og:site_name\" content=\"Regi\u00e3o News\" \/>\n<meta property=\"article:published_time\" content=\"2024-06-11T18:30:48+00:00\" \/>\n<meta property=\"article:modified_time\" content=\"2024-06-11T19:48:41+00:00\" \/>\n<meta property=\"og:image\" content=\"https:\/\/regiaonews.net.br\/2022\/wp-content\/uploads\/2024\/06\/fogo-artificio-foguete-fogos-soltar.jpeg\" \/>\n\t<meta property=\"og:image:width\" content=\"620\" \/>\n\t<meta property=\"og:image:height\" content=\"465\" \/>\n\t<meta property=\"og:image:type\" content=\"image\/jpeg\" \/>\n<meta name=\"author\" content=\"Roberto\" \/>\n<meta name=\"twitter:card\" content=\"summary_large_image\" \/>\n<meta name=\"twitter:label1\" content=\"Escrito por\" \/>\n\t<meta name=\"twitter:data1\" content=\"Roberto\" \/>\n\t<meta name=\"twitter:label2\" content=\"Est. tempo de leitura\" \/>\n\t<meta name=\"twitter:data2\" content=\"2 minutos\" \/>\n<script type=\"application\/ld+json\" class=\"yoast-schema-graph\">{\"@context\":\"https:\\\/\\\/schema.org\",\"@graph\":[{\"@type\":\"Article\",\"@id\":\"https:\\\/\\\/regiaonews.net.br\\\/2022\\\/2024\\\/06\\\/11\\\/prefeitura-de-colina-alerta-sobre-proibicao-de-fogos-de-artifico-com-ruidos-elevados\\\/#article\",\"isPartOf\":{\"@id\":\"https:\\\/\\\/regiaonews.net.br\\\/2022\\\/2024\\\/06\\\/11\\\/prefeitura-de-colina-alerta-sobre-proibicao-de-fogos-de-artifico-com-ruidos-elevados\\\/\"},\"author\":{\"name\":\"Roberto\",\"@id\":\"https:\\\/\\\/regiaonews.net.br\\\/2022\\\/#\\\/schema\\\/person\\\/2d205a608a5aa97ac279d7a5e6d89ad8\"},\"headline\":\"Prefeitura de Colina alerta sobre proibi\u00e7\u00e3o de fogos de art\u00edfico com ru\u00eddos elevados\",\"datePublished\":\"2024-06-11T18:30:48+00:00\",\"dateModified\":\"2024-06-11T19:48:41+00:00\",\"mainEntityOfPage\":{\"@id\":\"https:\\\/\\\/regiaonews.net.br\\\/2022\\\/2024\\\/06\\\/11\\\/prefeitura-de-colina-alerta-sobre-proibicao-de-fogos-de-artifico-com-ruidos-elevados\\\/\"},\"wordCount\":323,\"commentCount\":0,\"publisher\":{\"@id\":\"https:\\\/\\\/regiaonews.net.br\\\/2022\\\/#organization\"},\"image\":{\"@id\":\"https:\\\/\\\/regiaonews.net.br\\\/2022\\\/2024\\\/06\\\/11\\\/prefeitura-de-colina-alerta-sobre-proibicao-de-fogos-de-artifico-com-ruidos-elevados\\\/#primaryimage\"},\"thumbnailUrl\":\"https:\\\/\\\/regiaonews.net.br\\\/2022\\\/wp-content\\\/uploads\\\/2024\\\/06\\\/fogo-artificio-foguete-fogos-soltar.jpeg\",\"articleSection\":[\"Cidades\",\"Colina\"],\"inLanguage\":\"pt-BR\",\"potentialAction\":[{\"@type\":\"CommentAction\",\"name\":\"Comment\",\"target\":[\"https:\\\/\\\/regiaonews.net.br\\\/2022\\\/2024\\\/06\\\/11\\\/prefeitura-de-colina-alerta-sobre-proibicao-de-fogos-de-artifico-com-ruidos-elevados\\\/#respond\"]}]},{\"@type\":\"WebPage\",\"@id\":\"https:\\\/\\\/regiaonews.net.br\\\/2022\\\/2024\\\/06\\\/11\\\/prefeitura-de-colina-alerta-sobre-proibicao-de-fogos-de-artifico-com-ruidos-elevados\\\/\",\"url\":\"https:\\\/\\\/regiaonews.net.br\\\/2022\\\/2024\\\/06\\\/11\\\/prefeitura-de-colina-alerta-sobre-proibicao-de-fogos-de-artifico-com-ruidos-elevados\\\/\",\"name\":\"Prefeitura de Colina alerta sobre proibi\u00e7\u00e3o de fogos de art\u00edfico com ru\u00eddos elevados - Regi\u00e3o News\",\"isPartOf\":{\"@id\":\"https:\\\/\\\/regiaonews.net.br\\\/2022\\\/#website\"},\"primaryImageOfPage\":{\"@id\":\"https:\\\/\\\/regiaonews.net.br\\\/2022\\\/2024\\\/06\\\/11\\\/prefeitura-de-colina-alerta-sobre-proibicao-de-fogos-de-artifico-com-ruidos-elevados\\\/#primaryimage\"},\"image\":{\"@id\":\"https:\\\/\\\/regiaonews.net.br\\\/2022\\\/2024\\\/06\\\/11\\\/prefeitura-de-colina-alerta-sobre-proibicao-de-fogos-de-artifico-com-ruidos-elevados\\\/#primaryimage\"},\"thumbnailUrl\":\"https:\\\/\\\/regiaonews.net.br\\\/2022\\\/wp-content\\\/uploads\\\/2024\\\/06\\\/fogo-artificio-foguete-fogos-soltar.jpeg\",\"datePublished\":\"2024-06-11T18:30:48+00:00\",\"dateModified\":\"2024-06-11T19:48:41+00:00\",\"breadcrumb\":{\"@id\":\"https:\\\/\\\/regiaonews.net.br\\\/2022\\\/2024\\\/06\\\/11\\\/prefeitura-de-colina-alerta-sobre-proibicao-de-fogos-de-artifico-com-ruidos-elevados\\\/#breadcrumb\"},\"inLanguage\":\"pt-BR\",\"potentialAction\":[{\"@type\":\"ReadAction\",\"target\":[\"https:\\\/\\\/regiaonews.net.br\\\/2022\\\/2024\\\/06\\\/11\\\/prefeitura-de-colina-alerta-sobre-proibicao-de-fogos-de-artifico-com-ruidos-elevados\\\/\"]}]},{\"@type\":\"ImageObject\",\"inLanguage\":\"pt-BR\",\"@id\":\"https:\\\/\\\/regiaonews.net.br\\\/2022\\\/2024\\\/06\\\/11\\\/prefeitura-de-colina-alerta-sobre-proibicao-de-fogos-de-artifico-com-ruidos-elevados\\\/#primaryimage\",\"url\":\"https:\\\/\\\/regiaonews.net.br\\\/2022\\\/wp-content\\\/uploads\\\/2024\\\/06\\\/fogo-artificio-foguete-fogos-soltar.jpeg\",\"contentUrl\":\"https:\\\/\\\/regiaonews.net.br\\\/2022\\\/wp-content\\\/uploads\\\/2024\\\/06\\\/fogo-artificio-foguete-fogos-soltar.jpeg\",\"width\":620,\"height\":465},{\"@type\":\"BreadcrumbList\",\"@id\":\"https:\\\/\\\/regiaonews.net.br\\\/2022\\\/2024\\\/06\\\/11\\\/prefeitura-de-colina-alerta-sobre-proibicao-de-fogos-de-artifico-com-ruidos-elevados\\\/#breadcrumb\",\"itemListElement\":[{\"@type\":\"ListItem\",\"position\":1,\"name\":\"In\u00edcio\",\"item\":\"https:\\\/\\\/regiaonews.net.br\\\/2022\\\/\"},{\"@type\":\"ListItem\",\"position\":2,\"name\":\"Prefeitura de Colina alerta sobre proibi\u00e7\u00e3o de fogos de art\u00edfico com ru\u00eddos elevados\"}]},{\"@type\":\"WebSite\",\"@id\":\"https:\\\/\\\/regiaonews.net.br\\\/2022\\\/#website\",\"url\":\"https:\\\/\\\/regiaonews.net.br\\\/2022\\\/\",\"name\":\"Regi\u00e3o News\",\"description\":\"Site de Not\u00edcias de Barretos e regi\u00e3o\",\"publisher\":{\"@id\":\"https:\\\/\\\/regiaonews.net.br\\\/2022\\\/#organization\"},\"potentialAction\":[{\"@type\":\"SearchAction\",\"target\":{\"@type\":\"EntryPoint\",\"urlTemplate\":\"https:\\\/\\\/regiaonews.net.br\\\/2022\\\/?s={search_term_string}\"},\"query-input\":{\"@type\":\"PropertyValueSpecification\",\"valueRequired\":true,\"valueName\":\"search_term_string\"}}],\"inLanguage\":\"pt-BR\"},{\"@type\":\"Organization\",\"@id\":\"https:\\\/\\\/regiaonews.net.br\\\/2022\\\/#organization\",\"name\":\"Regi\u00e3o News\",\"url\":\"https:\\\/\\\/regiaonews.net.br\\\/2022\\\/\",\"logo\":{\"@type\":\"ImageObject\",\"inLanguage\":\"pt-BR\",\"@id\":\"https:\\\/\\\/regiaonews.net.br\\\/2022\\\/#\\\/schema\\\/logo\\\/image\\\/\",\"url\":\"https:\\\/\\\/regiaonews.net.br\\\/2022\\\/wp-content\\\/uploads\\\/2026\\\/03\\\/regiao-13-anos-scaled.jpg\",\"contentUrl\":\"https:\\\/\\\/regiaonews.net.br\\\/2022\\\/wp-content\\\/uploads\\\/2026\\\/03\\\/regiao-13-anos-scaled.jpg\",\"width\":2560,\"height\":635,\"caption\":\"Regi\u00e3o News\"},\"image\":{\"@id\":\"https:\\\/\\\/regiaonews.net.br\\\/2022\\\/#\\\/schema\\\/logo\\\/image\\\/\"}},{\"@type\":\"Person\",\"@id\":\"https:\\\/\\\/regiaonews.net.br\\\/2022\\\/#\\\/schema\\\/person\\\/2d205a608a5aa97ac279d7a5e6d89ad8\",\"name\":\"Roberto\",\"image\":{\"@type\":\"ImageObject\",\"inLanguage\":\"pt-BR\",\"@id\":\"https:\\\/\\\/secure.gravatar.com\\\/avatar\\\/42749d8b712ff9d59ca93dc150494e5b55a44134482993f5baeb97e61b7ecc89?s=96&d=mm&r=g\",\"url\":\"https:\\\/\\\/secure.gravatar.com\\\/avatar\\\/42749d8b712ff9d59ca93dc150494e5b55a44134482993f5baeb97e61b7ecc89?s=96&d=mm&r=g\",\"contentUrl\":\"https:\\\/\\\/secure.gravatar.com\\\/avatar\\\/42749d8b712ff9d59ca93dc150494e5b55a44134482993f5baeb97e61b7ecc89?s=96&d=mm&r=g\",\"caption\":\"Roberto\"},\"url\":\"https:\\\/\\\/regiaonews.net.br\\\/2022\\\/author\\\/roberto\\\/\"}]}<\/script>\n<!-- \/ Yoast SEO plugin. -->","yoast_head_json":{"title":"Prefeitura de Colina alerta sobre proibi\u00e7\u00e3o de fogos de art\u00edfico com ru\u00eddos elevados - Regi\u00e3o News","robots":{"index":"index","follow":"follow","max-snippet":"max-snippet:-1","max-image-preview":"max-image-preview:large","max-video-preview":"max-video-preview:-1"},"canonical":"https:\/\/regiaonews.net.br\/2022\/2024\/06\/11\/prefeitura-de-colina-alerta-sobre-proibicao-de-fogos-de-artifico-com-ruidos-elevados\/","og_locale":"pt_BR","og_type":"article","og_title":"Prefeitura de Colina alerta sobre proibi\u00e7\u00e3o de fogos de art\u00edfico com ru\u00eddos elevados - Regi\u00e3o News","og_description":"O objetivo \u00e9 preservar a sa\u00fade e o bem-estar da","og_url":"https:\/\/regiaonews.net.br\/2022\/2024\/06\/11\/prefeitura-de-colina-alerta-sobre-proibicao-de-fogos-de-artifico-com-ruidos-elevados\/","og_site_name":"Regi\u00e3o News","article_published_time":"2024-06-11T18:30:48+00:00","article_modified_time":"2024-06-11T19:48:41+00:00","og_image":[{"width":620,"height":465,"url":"https:\/\/regiaonews.net.br\/2022\/wp-content\/uploads\/2024\/06\/fogo-artificio-foguete-fogos-soltar.jpeg","type":"image\/jpeg"}],"author":"Roberto","twitter_card":"summary_large_image","twitter_misc":{"Escrito por":"Roberto","Est. tempo de leitura":"2 minutos"},"schema":{"@context":"https:\/\/schema.org","@graph":[{"@type":"Article","@id":"https:\/\/regiaonews.net.br\/2022\/2024\/06\/11\/prefeitura-de-colina-alerta-sobre-proibicao-de-fogos-de-artifico-com-ruidos-elevados\/#article","isPartOf":{"@id":"https:\/\/regiaonews.net.br\/2022\/2024\/06\/11\/prefeitura-de-colina-alerta-sobre-proibicao-de-fogos-de-artifico-com-ruidos-elevados\/"},"author":{"name":"Roberto","@id":"https:\/\/regiaonews.net.br\/2022\/#\/schema\/person\/2d205a608a5aa97ac279d7a5e6d89ad8"},"headline":"Prefeitura de Colina alerta sobre proibi\u00e7\u00e3o de fogos de art\u00edfico com ru\u00eddos elevados","datePublished":"2024-06-11T18:30:48+00:00","dateModified":"2024-06-11T19:48:41+00:00","mainEntityOfPage":{"@id":"https:\/\/regiaonews.net.br\/2022\/2024\/06\/11\/prefeitura-de-colina-alerta-sobre-proibicao-de-fogos-de-artifico-com-ruidos-elevados\/"},"wordCount":323,"commentCount":0,"publisher":{"@id":"https:\/\/regiaonews.net.br\/2022\/#organization"},"image":{"@id":"https:\/\/regiaonews.net.br\/2022\/2024\/06\/11\/prefeitura-de-colina-alerta-sobre-proibicao-de-fogos-de-artifico-com-ruidos-elevados\/#primaryimage"},"thumbnailUrl":"https:\/\/regiaonews.net.br\/2022\/wp-content\/uploads\/2024\/06\/fogo-artificio-foguete-fogos-soltar.jpeg","articleSection":["Cidades","Colina"],"inLanguage":"pt-BR","potentialAction":[{"@type":"CommentAction","name":"Comment","target":["https:\/\/regiaonews.net.br\/2022\/2024\/06\/11\/prefeitura-de-colina-alerta-sobre-proibicao-de-fogos-de-artifico-com-ruidos-elevados\/#respond"]}]},{"@type":"WebPage","@id":"https:\/\/regiaonews.net.br\/2022\/2024\/06\/11\/prefeitura-de-colina-alerta-sobre-proibicao-de-fogos-de-artifico-com-ruidos-elevados\/","url":"https:\/\/regiaonews.net.br\/2022\/2024\/06\/11\/prefeitura-de-colina-alerta-sobre-proibicao-de-fogos-de-artifico-com-ruidos-elevados\/","name":"Prefeitura de Colina alerta sobre proibi\u00e7\u00e3o de fogos de art\u00edfico com ru\u00eddos elevados - Regi\u00e3o News","isPartOf":{"@id":"https:\/\/regiaonews.net.br\/2022\/#website"},"primaryImageOfPage":{"@id":"https:\/\/regiaonews.net.br\/2022\/2024\/06\/11\/prefeitura-de-colina-alerta-sobre-proibicao-de-fogos-de-artifico-com-ruidos-elevados\/#primaryimage"},"image":{"@id":"https:\/\/regiaonews.net.br\/2022\/2024\/06\/11\/prefeitura-de-colina-alerta-sobre-proibicao-de-fogos-de-artifico-com-ruidos-elevados\/#primaryimage"},"thumbnailUrl":"https:\/\/regiaonews.net.br\/2022\/wp-content\/uploads\/2024\/06\/fogo-artificio-foguete-fogos-soltar.jpeg","datePublished":"2024-06-11T18:30:48+00:00","dateModified":"2024-06-11T19:48:41+00:00","breadcrumb":{"@id":"https:\/\/regiaonews.net.br\/2022\/2024\/06\/11\/prefeitura-de-colina-alerta-sobre-proibicao-de-fogos-de-artifico-com-ruidos-elevados\/#breadcrumb"},"inLanguage":"pt-BR","potentialAction":[{"@type":"ReadAction","target":["https:\/\/regiaonews.net.br\/2022\/2024\/06\/11\/prefeitura-de-colina-alerta-sobre-proibicao-de-fogos-de-artifico-com-ruidos-elevados\/"]}]},{"@type":"ImageObject","inLanguage":"pt-BR","@id":"https:\/\/regiaonews.net.br\/2022\/2024\/06\/11\/prefeitura-de-colina-alerta-sobre-proibicao-de-fogos-de-artifico-com-ruidos-elevados\/#primaryimage","url":"https:\/\/regiaonews.net.br\/2022\/wp-content\/uploads\/2024\/06\/fogo-artificio-foguete-fogos-soltar.jpeg","contentUrl":"https:\/\/regiaonews.net.br\/2022\/wp-content\/uploads\/2024\/06\/fogo-artificio-foguete-fogos-soltar.jpeg","width":620,"height":465},{"@type":"BreadcrumbList","@id":"https:\/\/regiaonews.net.br\/2022\/2024\/06\/11\/prefeitura-de-colina-alerta-sobre-proibicao-de-fogos-de-artifico-com-ruidos-elevados\/#breadcrumb","itemListElement":[{"@type":"ListItem","position":1,"name":"In\u00edcio","item":"https:\/\/regiaonews.net.br\/2022\/"},{"@type":"ListItem","position":2,"name":"Prefeitura de Colina alerta sobre proibi\u00e7\u00e3o de fogos de art\u00edfico com ru\u00eddos elevados"}]},{"@type":"WebSite","@id":"https:\/\/regiaonews.net.br\/2022\/#website","url":"https:\/\/regiaonews.net.br\/2022\/","name":"Regi\u00e3o News","description":"Site de Not\u00edcias de Barretos e regi\u00e3o","publisher":{"@id":"https:\/\/regiaonews.net.br\/2022\/#organization"},"potentialAction":[{"@type":"SearchAction","target":{"@type":"EntryPoint","urlTemplate":"https:\/\/regiaonews.net.br\/2022\/?s={search_term_string}"},"query-input":{"@type":"PropertyValueSpecification","valueRequired":true,"valueName":"search_term_string"}}],"inLanguage":"pt-BR"},{"@type":"Organization","@id":"https:\/\/regiaonews.net.br\/2022\/#organization","name":"Regi\u00e3o News","url":"https:\/\/regiaonews.net.br\/2022\/","logo":{"@type":"ImageObject","inLanguage":"pt-BR","@id":"https:\/\/regiaonews.net.br\/2022\/#\/schema\/logo\/image\/","url":"https:\/\/regiaonews.net.br\/2022\/wp-content\/uploads\/2026\/03\/regiao-13-anos-scaled.jpg","contentUrl":"https:\/\/regiaonews.net.br\/2022\/wp-content\/uploads\/2026\/03\/regiao-13-anos-scaled.jpg","width":2560,"height":635,"caption":"Regi\u00e3o News"},"image":{"@id":"https:\/\/regiaonews.net.br\/2022\/#\/schema\/logo\/image\/"}},{"@type":"Person","@id":"https:\/\/regiaonews.net.br\/2022\/#\/schema\/person\/2d205a608a5aa97ac279d7a5e6d89ad8","name":"Roberto","image":{"@type":"ImageObject","inLanguage":"pt-BR","@id":"https:\/\/secure.gravatar.com\/avatar\/42749d8b712ff9d59ca93dc150494e5b55a44134482993f5baeb97e61b7ecc89?s=96&d=mm&r=g","url":"https:\/\/secure.gravatar.com\/avatar\/42749d8b712ff9d59ca93dc150494e5b55a44134482993f5baeb97e61b7ecc89?s=96&d=mm&r=g","contentUrl":"https:\/\/secure.gravatar.com\/avatar\/42749d8b712ff9d59ca93dc150494e5b55a44134482993f5baeb97e61b7ecc89?s=96&d=mm&r=g","caption":"Roberto"},"url":"https:\/\/regiaonews.net.br\/2022\/author\/roberto\/"}]}},"publishpress_future_action":{"enabled":false,"date":"2026-05-03 09:23:46","action":"change-status","newStatus":"draft","terms":[],"taxonomy":"category","extraData":[]},"publishpress_future_workflow_manual_trigger":{"enabledWorkflows":[]},"_links":{"self":[{"href":"https:\/\/regiaonews.net.br\/2022\/wp-json\/wp\/v2\/posts\/106150","targetHints":{"allow":["GET"]}}],"collection":[{"href":"https:\/\/regiaonews.net.br\/2022\/wp-json\/wp\/v2\/posts"}],"about":[{"href":"https:\/\/regiaonews.net.br\/2022\/wp-json\/wp\/v2\/types\/post"}],"author":[{"embeddable":true,"href":"https:\/\/regiaonews.net.br\/2022\/wp-json\/wp\/v2\/users\/2"}],"replies":[{"embeddable":true,"href":"https:\/\/regiaonews.net.br\/2022\/wp-json\/wp\/v2\/comments?post=106150"}],"version-history":[{"count":2,"href":"https:\/\/regiaonews.net.br\/2022\/wp-json\/wp\/v2\/posts\/106150\/revisions"}],"predecessor-version":[{"id":106156,"href":"https:\/\/regiaonews.net.br\/2022\/wp-json\/wp\/v2\/posts\/106150\/revisions\/106156"}],"wp:featuredmedia":[{"embeddable":true,"href":"https:\/\/regiaonews.net.br\/2022\/wp-json\/wp\/v2\/media\/106151"}],"wp:attachment":[{"href":"https:\/\/regiaonews.net.br\/2022\/wp-json\/wp\/v2\/media?parent=106150"}],"wp:term":[{"taxonomy":"category","embeddable":true,"href":"https:\/\/regiaonews.net.br\/2022\/wp-json\/wp\/v2\/categories?post=106150"},{"taxonomy":"post_tag","embeddable":true,"href":"https:\/\/regiaonews.net.br\/2022\/wp-json\/wp\/v2\/tags?post=106150"}],"curies":[{"name":"wp","href":"https:\/\/api.w.org\/{rel}","templated":true}]}}