{"id":106146,"date":"2024-06-11T15:22:20","date_gmt":"2024-06-11T18:22:20","guid":{"rendered":"https:\/\/regiaonews.net.br\/2022\/?p=106146"},"modified":"2024-06-11T15:22:20","modified_gmt":"2024-06-11T18:22:20","slug":"fundo-social-certificou-concluintes-dos-cursos-de-maquiagem-e-de-manicure-pedicure","status":"publish","type":"post","link":"https:\/\/regiaonews.net.br\/2022\/2024\/06\/11\/fundo-social-certificou-concluintes-dos-cursos-de-maquiagem-e-de-manicure-pedicure\/","title":{"rendered":"Fundo Social certificou concluintes dos cursos de Maquiagem e de Manicure\/Pedicure"},"content":{"rendered":"<header class=\"post-header\">\n<div data-grid=\"\"><\/div>\n<\/header>\n<div class=\"post-image\"><\/div>\n<div class=\"post-content\">\n<article class=\"post-text\">A Prefeitura Municipal de Colina, por meio do Fundo Social de Solidariedade, realizou no \u00faltimo dia 27 de maio a entrega de certificados \u00e0s participantes dos cursos profissionalizantes gratuitos de: Maquiagem e de Manicure\/Pedicure. A entrega aconteceu na sede do Centro de Educa\u00e7\u00e3o Complementar \u201cAntonio Hideo Ikuma\u201d (Super-Center).<\/p>\n<p>Ao todo foram entregues 39 certificados \u00e0s concluintes, sendo: 24 alunas do Curso de Maquiagem, ministrado pela monitora Bianca de Carvalho Zanzarini e 15 participantes do curso de Manicure e Pedicure, pela monitora Aline Batista de Souza.<\/p>\n<p>A cerim\u00f4nia contou com a presen\u00e7a da Presidente do Fundo Social de Colina, Prof\u00aa. Liliana Jorge Drubi Taha, da Coordenadora do Centro de Educa\u00e7\u00e3o Complementar \u201cAntonio Hideo Ikuma\u201d, Prof\u00aa. Loide Ferreira Rosa Fernandes,\u00a0da Secretaria Municipal de Desenvolvimento Social, Lilian Rodrigues Domenegueti; do Assessor de Gabinete, Ren\u00ea Angelo Sasaki de Souza, bem como das monitoras, funcion\u00e1rios e alunas.<\/p>\n<p>A Presidente do Fundo Social, Prof\u00aa. Liliana Taha parabenizou todas as formandas. \u201cVoc\u00eas s\u00e3o mais que vencedoras. Parabenizo cada uma pelo esfor\u00e7o, dedica\u00e7\u00e3o e empenho que mostraram durante os cursos. Que Deus aben\u00e7\u00f5e todas voc\u00eas e que estes cursos possam ajud\u00e1-las a entrar no mercado de trabalho, melhorando assim a renda familiar de cada uma\u201d.<\/p>\n<p><a href=\"https:\/\/regiaonews.net.br\/2022\/wp-content\/uploads\/2024\/06\/cursos-2.jpeg\"><img loading=\"lazy\" decoding=\"async\" class=\"alignnone size-medium wp-image-106148\" src=\"https:\/\/regiaonews.net.br\/2022\/wp-content\/uploads\/2024\/06\/cursos-2-300x225.jpeg\" alt=\"\" width=\"300\" height=\"225\" srcset=\"https:\/\/regiaonews.net.br\/2022\/wp-content\/uploads\/2024\/06\/cursos-2-300x225.jpeg 300w, https:\/\/regiaonews.net.br\/2022\/wp-content\/uploads\/2024\/06\/cursos-2-1024x768.jpeg 1024w, https:\/\/regiaonews.net.br\/2022\/wp-content\/uploads\/2024\/06\/cursos-2-768x576.jpeg 768w, https:\/\/regiaonews.net.br\/2022\/wp-content\/uploads\/2024\/06\/cursos-2-250x188.jpeg 250w, https:\/\/regiaonews.net.br\/2022\/wp-content\/uploads\/2024\/06\/cursos-2-200x150.jpeg 200w, https:\/\/regiaonews.net.br\/2022\/wp-content\/uploads\/2024\/06\/cursos-2.jpeg 1080w\" sizes=\"auto, (max-width: 300px) 100vw, 300px\" \/><\/a><\/p>\n<p>&nbsp;<\/p>\n<\/article>\n<\/div>\n","protected":false},"excerpt":{"rendered":"<p>A Prefeitura Municipal de Colina, por meio do Fundo Social<\/p>\n","protected":false},"author":2,"featured_media":106147,"comment_status":"open","ping_status":"open","sticky":false,"template":"","format":"standard","meta":{"footnotes":""},"categories":[1],"tags":[],"class_list":["post-106146","post","type-post","status-publish","format-standard","has-post-thumbnail","hentry","category-indefinido"],"yoast_head":"<!-- This site is optimized with the Yoast SEO plugin v27.4 - https:\/\/yoast.com\/product\/yoast-seo-wordpress\/ -->\n<title>Fundo Social certificou concluintes dos cursos de Maquiagem e de Manicure\/Pedicure - Regi\u00e3o News<\/title>\n<meta name=\"robots\" content=\"index, follow, max-snippet:-1, max-image-preview:large, max-video-preview:-1\" \/>\n<link rel=\"canonical\" href=\"https:\/\/regiaonews.net.br\/2022\/2024\/06\/11\/fundo-social-certificou-concluintes-dos-cursos-de-maquiagem-e-de-manicure-pedicure\/\" \/>\n<meta property=\"og:locale\" content=\"pt_BR\" \/>\n<meta property=\"og:type\" content=\"article\" \/>\n<meta property=\"og:title\" content=\"Fundo Social certificou concluintes dos cursos de Maquiagem e de Manicure\/Pedicure - Regi\u00e3o News\" \/>\n<meta property=\"og:description\" content=\"A Prefeitura Municipal de Colina, por meio do Fundo Social\" \/>\n<meta property=\"og:url\" content=\"https:\/\/regiaonews.net.br\/2022\/2024\/06\/11\/fundo-social-certificou-concluintes-dos-cursos-de-maquiagem-e-de-manicure-pedicure\/\" \/>\n<meta property=\"og:site_name\" content=\"Regi\u00e3o News\" \/>\n<meta property=\"article:published_time\" content=\"2024-06-11T18:22:20+00:00\" \/>\n<meta property=\"og:image\" content=\"https:\/\/regiaonews.net.br\/2022\/wp-content\/uploads\/2024\/06\/cursos-1.jpeg\" \/>\n\t<meta property=\"og:image:width\" content=\"1600\" \/>\n\t<meta property=\"og:image:height\" content=\"900\" \/>\n\t<meta property=\"og:image:type\" content=\"image\/jpeg\" \/>\n<meta name=\"author\" content=\"Roberto\" \/>\n<meta name=\"twitter:card\" content=\"summary_large_image\" \/>\n<meta name=\"twitter:label1\" content=\"Escrito por\" \/>\n\t<meta name=\"twitter:data1\" content=\"Roberto\" \/>\n\t<meta name=\"twitter:label2\" content=\"Est. tempo de leitura\" \/>\n\t<meta name=\"twitter:data2\" content=\"2 minutos\" \/>\n<script type=\"application\/ld+json\" class=\"yoast-schema-graph\">{\"@context\":\"https:\\\/\\\/schema.org\",\"@graph\":[{\"@type\":\"Article\",\"@id\":\"https:\\\/\\\/regiaonews.net.br\\\/2022\\\/2024\\\/06\\\/11\\\/fundo-social-certificou-concluintes-dos-cursos-de-maquiagem-e-de-manicure-pedicure\\\/#article\",\"isPartOf\":{\"@id\":\"https:\\\/\\\/regiaonews.net.br\\\/2022\\\/2024\\\/06\\\/11\\\/fundo-social-certificou-concluintes-dos-cursos-de-maquiagem-e-de-manicure-pedicure\\\/\"},\"author\":{\"name\":\"Roberto\",\"@id\":\"https:\\\/\\\/regiaonews.net.br\\\/2022\\\/#\\\/schema\\\/person\\\/2d205a608a5aa97ac279d7a5e6d89ad8\"},\"headline\":\"Fundo Social certificou concluintes dos cursos de Maquiagem e de Manicure\\\/Pedicure\",\"datePublished\":\"2024-06-11T18:22:20+00:00\",\"mainEntityOfPage\":{\"@id\":\"https:\\\/\\\/regiaonews.net.br\\\/2022\\\/2024\\\/06\\\/11\\\/fundo-social-certificou-concluintes-dos-cursos-de-maquiagem-e-de-manicure-pedicure\\\/\"},\"wordCount\":220,\"commentCount\":0,\"publisher\":{\"@id\":\"https:\\\/\\\/regiaonews.net.br\\\/2022\\\/#organization\"},\"image\":{\"@id\":\"https:\\\/\\\/regiaonews.net.br\\\/2022\\\/2024\\\/06\\\/11\\\/fundo-social-certificou-concluintes-dos-cursos-de-maquiagem-e-de-manicure-pedicure\\\/#primaryimage\"},\"thumbnailUrl\":\"https:\\\/\\\/regiaonews.net.br\\\/2022\\\/wp-content\\\/uploads\\\/2024\\\/06\\\/cursos-1.jpeg\",\"articleSection\":[\"Indefinido\"],\"inLanguage\":\"pt-BR\",\"potentialAction\":[{\"@type\":\"CommentAction\",\"name\":\"Comment\",\"target\":[\"https:\\\/\\\/regiaonews.net.br\\\/2022\\\/2024\\\/06\\\/11\\\/fundo-social-certificou-concluintes-dos-cursos-de-maquiagem-e-de-manicure-pedicure\\\/#respond\"]}]},{\"@type\":\"WebPage\",\"@id\":\"https:\\\/\\\/regiaonews.net.br\\\/2022\\\/2024\\\/06\\\/11\\\/fundo-social-certificou-concluintes-dos-cursos-de-maquiagem-e-de-manicure-pedicure\\\/\",\"url\":\"https:\\\/\\\/regiaonews.net.br\\\/2022\\\/2024\\\/06\\\/11\\\/fundo-social-certificou-concluintes-dos-cursos-de-maquiagem-e-de-manicure-pedicure\\\/\",\"name\":\"Fundo Social certificou concluintes dos cursos de Maquiagem e de Manicure\\\/Pedicure - Regi\u00e3o News\",\"isPartOf\":{\"@id\":\"https:\\\/\\\/regiaonews.net.br\\\/2022\\\/#website\"},\"primaryImageOfPage\":{\"@id\":\"https:\\\/\\\/regiaonews.net.br\\\/2022\\\/2024\\\/06\\\/11\\\/fundo-social-certificou-concluintes-dos-cursos-de-maquiagem-e-de-manicure-pedicure\\\/#primaryimage\"},\"image\":{\"@id\":\"https:\\\/\\\/regiaonews.net.br\\\/2022\\\/2024\\\/06\\\/11\\\/fundo-social-certificou-concluintes-dos-cursos-de-maquiagem-e-de-manicure-pedicure\\\/#primaryimage\"},\"thumbnailUrl\":\"https:\\\/\\\/regiaonews.net.br\\\/2022\\\/wp-content\\\/uploads\\\/2024\\\/06\\\/cursos-1.jpeg\",\"datePublished\":\"2024-06-11T18:22:20+00:00\",\"breadcrumb\":{\"@id\":\"https:\\\/\\\/regiaonews.net.br\\\/2022\\\/2024\\\/06\\\/11\\\/fundo-social-certificou-concluintes-dos-cursos-de-maquiagem-e-de-manicure-pedicure\\\/#breadcrumb\"},\"inLanguage\":\"pt-BR\",\"potentialAction\":[{\"@type\":\"ReadAction\",\"target\":[\"https:\\\/\\\/regiaonews.net.br\\\/2022\\\/2024\\\/06\\\/11\\\/fundo-social-certificou-concluintes-dos-cursos-de-maquiagem-e-de-manicure-pedicure\\\/\"]}]},{\"@type\":\"ImageObject\",\"inLanguage\":\"pt-BR\",\"@id\":\"https:\\\/\\\/regiaonews.net.br\\\/2022\\\/2024\\\/06\\\/11\\\/fundo-social-certificou-concluintes-dos-cursos-de-maquiagem-e-de-manicure-pedicure\\\/#primaryimage\",\"url\":\"https:\\\/\\\/regiaonews.net.br\\\/2022\\\/wp-content\\\/uploads\\\/2024\\\/06\\\/cursos-1.jpeg\",\"contentUrl\":\"https:\\\/\\\/regiaonews.net.br\\\/2022\\\/wp-content\\\/uploads\\\/2024\\\/06\\\/cursos-1.jpeg\",\"width\":1600,\"height\":900},{\"@type\":\"BreadcrumbList\",\"@id\":\"https:\\\/\\\/regiaonews.net.br\\\/2022\\\/2024\\\/06\\\/11\\\/fundo-social-certificou-concluintes-dos-cursos-de-maquiagem-e-de-manicure-pedicure\\\/#breadcrumb\",\"itemListElement\":[{\"@type\":\"ListItem\",\"position\":1,\"name\":\"In\u00edcio\",\"item\":\"https:\\\/\\\/regiaonews.net.br\\\/2022\\\/\"},{\"@type\":\"ListItem\",\"position\":2,\"name\":\"Fundo Social certificou concluintes dos cursos de Maquiagem e de Manicure\\\/Pedicure\"}]},{\"@type\":\"WebSite\",\"@id\":\"https:\\\/\\\/regiaonews.net.br\\\/2022\\\/#website\",\"url\":\"https:\\\/\\\/regiaonews.net.br\\\/2022\\\/\",\"name\":\"Regi\u00e3o News\",\"description\":\"Site de Not\u00edcias de Barretos e regi\u00e3o\",\"publisher\":{\"@id\":\"https:\\\/\\\/regiaonews.net.br\\\/2022\\\/#organization\"},\"potentialAction\":[{\"@type\":\"SearchAction\",\"target\":{\"@type\":\"EntryPoint\",\"urlTemplate\":\"https:\\\/\\\/regiaonews.net.br\\\/2022\\\/?s={search_term_string}\"},\"query-input\":{\"@type\":\"PropertyValueSpecification\",\"valueRequired\":true,\"valueName\":\"search_term_string\"}}],\"inLanguage\":\"pt-BR\"},{\"@type\":\"Organization\",\"@id\":\"https:\\\/\\\/regiaonews.net.br\\\/2022\\\/#organization\",\"name\":\"Regi\u00e3o News\",\"url\":\"https:\\\/\\\/regiaonews.net.br\\\/2022\\\/\",\"logo\":{\"@type\":\"ImageObject\",\"inLanguage\":\"pt-BR\",\"@id\":\"https:\\\/\\\/regiaonews.net.br\\\/2022\\\/#\\\/schema\\\/logo\\\/image\\\/\",\"url\":\"https:\\\/\\\/regiaonews.net.br\\\/2022\\\/wp-content\\\/uploads\\\/2026\\\/03\\\/regiao-13-anos-scaled.jpg\",\"contentUrl\":\"https:\\\/\\\/regiaonews.net.br\\\/2022\\\/wp-content\\\/uploads\\\/2026\\\/03\\\/regiao-13-anos-scaled.jpg\",\"width\":2560,\"height\":635,\"caption\":\"Regi\u00e3o News\"},\"image\":{\"@id\":\"https:\\\/\\\/regiaonews.net.br\\\/2022\\\/#\\\/schema\\\/logo\\\/image\\\/\"}},{\"@type\":\"Person\",\"@id\":\"https:\\\/\\\/regiaonews.net.br\\\/2022\\\/#\\\/schema\\\/person\\\/2d205a608a5aa97ac279d7a5e6d89ad8\",\"name\":\"Roberto\",\"image\":{\"@type\":\"ImageObject\",\"inLanguage\":\"pt-BR\",\"@id\":\"https:\\\/\\\/secure.gravatar.com\\\/avatar\\\/42749d8b712ff9d59ca93dc150494e5b55a44134482993f5baeb97e61b7ecc89?s=96&d=mm&r=g\",\"url\":\"https:\\\/\\\/secure.gravatar.com\\\/avatar\\\/42749d8b712ff9d59ca93dc150494e5b55a44134482993f5baeb97e61b7ecc89?s=96&d=mm&r=g\",\"contentUrl\":\"https:\\\/\\\/secure.gravatar.com\\\/avatar\\\/42749d8b712ff9d59ca93dc150494e5b55a44134482993f5baeb97e61b7ecc89?s=96&d=mm&r=g\",\"caption\":\"Roberto\"},\"url\":\"https:\\\/\\\/regiaonews.net.br\\\/2022\\\/author\\\/roberto\\\/\"}]}<\/script>\n<!-- \/ Yoast SEO plugin. -->","yoast_head_json":{"title":"Fundo Social certificou concluintes dos cursos de Maquiagem e de Manicure\/Pedicure - Regi\u00e3o News","robots":{"index":"index","follow":"follow","max-snippet":"max-snippet:-1","max-image-preview":"max-image-preview:large","max-video-preview":"max-video-preview:-1"},"canonical":"https:\/\/regiaonews.net.br\/2022\/2024\/06\/11\/fundo-social-certificou-concluintes-dos-cursos-de-maquiagem-e-de-manicure-pedicure\/","og_locale":"pt_BR","og_type":"article","og_title":"Fundo Social certificou concluintes dos cursos de Maquiagem e de Manicure\/Pedicure - Regi\u00e3o News","og_description":"A Prefeitura Municipal de Colina, por meio do Fundo Social","og_url":"https:\/\/regiaonews.net.br\/2022\/2024\/06\/11\/fundo-social-certificou-concluintes-dos-cursos-de-maquiagem-e-de-manicure-pedicure\/","og_site_name":"Regi\u00e3o News","article_published_time":"2024-06-11T18:22:20+00:00","og_image":[{"width":1600,"height":900,"url":"https:\/\/regiaonews.net.br\/2022\/wp-content\/uploads\/2024\/06\/cursos-1.jpeg","type":"image\/jpeg"}],"author":"Roberto","twitter_card":"summary_large_image","twitter_misc":{"Escrito por":"Roberto","Est. tempo de leitura":"2 minutos"},"schema":{"@context":"https:\/\/schema.org","@graph":[{"@type":"Article","@id":"https:\/\/regiaonews.net.br\/2022\/2024\/06\/11\/fundo-social-certificou-concluintes-dos-cursos-de-maquiagem-e-de-manicure-pedicure\/#article","isPartOf":{"@id":"https:\/\/regiaonews.net.br\/2022\/2024\/06\/11\/fundo-social-certificou-concluintes-dos-cursos-de-maquiagem-e-de-manicure-pedicure\/"},"author":{"name":"Roberto","@id":"https:\/\/regiaonews.net.br\/2022\/#\/schema\/person\/2d205a608a5aa97ac279d7a5e6d89ad8"},"headline":"Fundo Social certificou concluintes dos cursos de Maquiagem e de Manicure\/Pedicure","datePublished":"2024-06-11T18:22:20+00:00","mainEntityOfPage":{"@id":"https:\/\/regiaonews.net.br\/2022\/2024\/06\/11\/fundo-social-certificou-concluintes-dos-cursos-de-maquiagem-e-de-manicure-pedicure\/"},"wordCount":220,"commentCount":0,"publisher":{"@id":"https:\/\/regiaonews.net.br\/2022\/#organization"},"image":{"@id":"https:\/\/regiaonews.net.br\/2022\/2024\/06\/11\/fundo-social-certificou-concluintes-dos-cursos-de-maquiagem-e-de-manicure-pedicure\/#primaryimage"},"thumbnailUrl":"https:\/\/regiaonews.net.br\/2022\/wp-content\/uploads\/2024\/06\/cursos-1.jpeg","articleSection":["Indefinido"],"inLanguage":"pt-BR","potentialAction":[{"@type":"CommentAction","name":"Comment","target":["https:\/\/regiaonews.net.br\/2022\/2024\/06\/11\/fundo-social-certificou-concluintes-dos-cursos-de-maquiagem-e-de-manicure-pedicure\/#respond"]}]},{"@type":"WebPage","@id":"https:\/\/regiaonews.net.br\/2022\/2024\/06\/11\/fundo-social-certificou-concluintes-dos-cursos-de-maquiagem-e-de-manicure-pedicure\/","url":"https:\/\/regiaonews.net.br\/2022\/2024\/06\/11\/fundo-social-certificou-concluintes-dos-cursos-de-maquiagem-e-de-manicure-pedicure\/","name":"Fundo Social certificou concluintes dos cursos de Maquiagem e de Manicure\/Pedicure - Regi\u00e3o News","isPartOf":{"@id":"https:\/\/regiaonews.net.br\/2022\/#website"},"primaryImageOfPage":{"@id":"https:\/\/regiaonews.net.br\/2022\/2024\/06\/11\/fundo-social-certificou-concluintes-dos-cursos-de-maquiagem-e-de-manicure-pedicure\/#primaryimage"},"image":{"@id":"https:\/\/regiaonews.net.br\/2022\/2024\/06\/11\/fundo-social-certificou-concluintes-dos-cursos-de-maquiagem-e-de-manicure-pedicure\/#primaryimage"},"thumbnailUrl":"https:\/\/regiaonews.net.br\/2022\/wp-content\/uploads\/2024\/06\/cursos-1.jpeg","datePublished":"2024-06-11T18:22:20+00:00","breadcrumb":{"@id":"https:\/\/regiaonews.net.br\/2022\/2024\/06\/11\/fundo-social-certificou-concluintes-dos-cursos-de-maquiagem-e-de-manicure-pedicure\/#breadcrumb"},"inLanguage":"pt-BR","potentialAction":[{"@type":"ReadAction","target":["https:\/\/regiaonews.net.br\/2022\/2024\/06\/11\/fundo-social-certificou-concluintes-dos-cursos-de-maquiagem-e-de-manicure-pedicure\/"]}]},{"@type":"ImageObject","inLanguage":"pt-BR","@id":"https:\/\/regiaonews.net.br\/2022\/2024\/06\/11\/fundo-social-certificou-concluintes-dos-cursos-de-maquiagem-e-de-manicure-pedicure\/#primaryimage","url":"https:\/\/regiaonews.net.br\/2022\/wp-content\/uploads\/2024\/06\/cursos-1.jpeg","contentUrl":"https:\/\/regiaonews.net.br\/2022\/wp-content\/uploads\/2024\/06\/cursos-1.jpeg","width":1600,"height":900},{"@type":"BreadcrumbList","@id":"https:\/\/regiaonews.net.br\/2022\/2024\/06\/11\/fundo-social-certificou-concluintes-dos-cursos-de-maquiagem-e-de-manicure-pedicure\/#breadcrumb","itemListElement":[{"@type":"ListItem","position":1,"name":"In\u00edcio","item":"https:\/\/regiaonews.net.br\/2022\/"},{"@type":"ListItem","position":2,"name":"Fundo Social certificou concluintes dos cursos de Maquiagem e de Manicure\/Pedicure"}]},{"@type":"WebSite","@id":"https:\/\/regiaonews.net.br\/2022\/#website","url":"https:\/\/regiaonews.net.br\/2022\/","name":"Regi\u00e3o News","description":"Site de Not\u00edcias de Barretos e regi\u00e3o","publisher":{"@id":"https:\/\/regiaonews.net.br\/2022\/#organization"},"potentialAction":[{"@type":"SearchAction","target":{"@type":"EntryPoint","urlTemplate":"https:\/\/regiaonews.net.br\/2022\/?s={search_term_string}"},"query-input":{"@type":"PropertyValueSpecification","valueRequired":true,"valueName":"search_term_string"}}],"inLanguage":"pt-BR"},{"@type":"Organization","@id":"https:\/\/regiaonews.net.br\/2022\/#organization","name":"Regi\u00e3o News","url":"https:\/\/regiaonews.net.br\/2022\/","logo":{"@type":"ImageObject","inLanguage":"pt-BR","@id":"https:\/\/regiaonews.net.br\/2022\/#\/schema\/logo\/image\/","url":"https:\/\/regiaonews.net.br\/2022\/wp-content\/uploads\/2026\/03\/regiao-13-anos-scaled.jpg","contentUrl":"https:\/\/regiaonews.net.br\/2022\/wp-content\/uploads\/2026\/03\/regiao-13-anos-scaled.jpg","width":2560,"height":635,"caption":"Regi\u00e3o News"},"image":{"@id":"https:\/\/regiaonews.net.br\/2022\/#\/schema\/logo\/image\/"}},{"@type":"Person","@id":"https:\/\/regiaonews.net.br\/2022\/#\/schema\/person\/2d205a608a5aa97ac279d7a5e6d89ad8","name":"Roberto","image":{"@type":"ImageObject","inLanguage":"pt-BR","@id":"https:\/\/secure.gravatar.com\/avatar\/42749d8b712ff9d59ca93dc150494e5b55a44134482993f5baeb97e61b7ecc89?s=96&d=mm&r=g","url":"https:\/\/secure.gravatar.com\/avatar\/42749d8b712ff9d59ca93dc150494e5b55a44134482993f5baeb97e61b7ecc89?s=96&d=mm&r=g","contentUrl":"https:\/\/secure.gravatar.com\/avatar\/42749d8b712ff9d59ca93dc150494e5b55a44134482993f5baeb97e61b7ecc89?s=96&d=mm&r=g","caption":"Roberto"},"url":"https:\/\/regiaonews.net.br\/2022\/author\/roberto\/"}]}},"publishpress_future_action":{"enabled":false,"date":"2026-05-03 09:21:20","action":"change-status","newStatus":"draft","terms":[],"taxonomy":"category","extraData":[]},"publishpress_future_workflow_manual_trigger":{"enabledWorkflows":[]},"_links":{"self":[{"href":"https:\/\/regiaonews.net.br\/2022\/wp-json\/wp\/v2\/posts\/106146","targetHints":{"allow":["GET"]}}],"collection":[{"href":"https:\/\/regiaonews.net.br\/2022\/wp-json\/wp\/v2\/posts"}],"about":[{"href":"https:\/\/regiaonews.net.br\/2022\/wp-json\/wp\/v2\/types\/post"}],"author":[{"embeddable":true,"href":"https:\/\/regiaonews.net.br\/2022\/wp-json\/wp\/v2\/users\/2"}],"replies":[{"embeddable":true,"href":"https:\/\/regiaonews.net.br\/2022\/wp-json\/wp\/v2\/comments?post=106146"}],"version-history":[{"count":1,"href":"https:\/\/regiaonews.net.br\/2022\/wp-json\/wp\/v2\/posts\/106146\/revisions"}],"predecessor-version":[{"id":106149,"href":"https:\/\/regiaonews.net.br\/2022\/wp-json\/wp\/v2\/posts\/106146\/revisions\/106149"}],"wp:featuredmedia":[{"embeddable":true,"href":"https:\/\/regiaonews.net.br\/2022\/wp-json\/wp\/v2\/media\/106147"}],"wp:attachment":[{"href":"https:\/\/regiaonews.net.br\/2022\/wp-json\/wp\/v2\/media?parent=106146"}],"wp:term":[{"taxonomy":"category","embeddable":true,"href":"https:\/\/regiaonews.net.br\/2022\/wp-json\/wp\/v2\/categories?post=106146"},{"taxonomy":"post_tag","embeddable":true,"href":"https:\/\/regiaonews.net.br\/2022\/wp-json\/wp\/v2\/tags?post=106146"}],"curies":[{"name":"wp","href":"https:\/\/api.w.org\/{rel}","templated":true}]}}