{"id":106125,"date":"2024-06-10T19:19:39","date_gmt":"2024-06-10T22:19:39","guid":{"rendered":"https:\/\/regiaonews.net.br\/2022\/?p=106125"},"modified":"2024-06-10T21:04:29","modified_gmt":"2024-06-11T00:04:29","slug":"projeto-barretos-inteligente-conclui-etapa-de-instalacao-de-internet-de-alta-velocidade-em-predios-publicos-e-prefeitura-economizara-mais-de-r-600-mil-ao-ano","status":"publish","type":"post","link":"https:\/\/regiaonews.net.br\/2022\/2024\/06\/10\/projeto-barretos-inteligente-conclui-etapa-de-instalacao-de-internet-de-alta-velocidade-em-predios-publicos-e-prefeitura-economizara-mais-de-r-600-mil-ao-ano\/","title":{"rendered":"Barretos Inteligente conclui etapa de instala\u00e7\u00e3o de internet  em pr\u00e9dios p\u00fablicos"},"content":{"rendered":"<p>Redu\u00e7\u00e3o de custos e melhor efici\u00eancia no setor p\u00fablico s\u00e3o algumas das vantagens oferecidas pela Parceria P\u00fablico-Privada<\/p>\n<p>No m\u00eas de maio foi finalizada a etapa de instala\u00e7\u00e3o da internet de alta velocidade em 147 pr\u00e9dios p\u00fablicos municipais por meio do Projeto Cidade Inteligente. Com isso, a Prefeitura de Barretos deixar\u00e1 de gastar R$ 627 mil reais\/ano, referentes ao antigo contrato de presta\u00e7\u00e3o do servi\u00e7o.<br \/>\nAl\u00e9m da internet em pr\u00e9dios p\u00fablicos, tamb\u00e9m fazem parte do pilar de telecomunica\u00e7\u00e3o desta Parceria P\u00fablico-Privada (PPP) a disponibiliza\u00e7\u00e3o de 28 pontos de Wi-Fi Livre em espa\u00e7os p\u00fablicos e a implementa\u00e7\u00e3o da Muralha Digital, dotada de 80 c\u00e2meras de videomonitoramento em 40 locais estrat\u00e9gicos do munic\u00edpio.<br \/>\n\u201cA ado\u00e7\u00e3o de tecnologia nos processos internos possui a caracter\u00edstica de reduzir custo e dar a melhor qualidade aos servi\u00e7os. D\u00e1 muito trabalho fazer toda essa organiza\u00e7\u00e3o, principalmente na quest\u00e3o da mudan\u00e7a cultural das pessoas nos novos processos, mas com a percep\u00e7\u00e3o do benef\u00edcio ao longo do tempo as pessoas aderem \u00e0s novidades\u201d, disse o secret\u00e1rio municipal de Finan\u00e7as, Fernando Soares.<\/p>\n<p>Hist\u00f3rico de avan\u00e7os<br \/>\nNo ano de 2021, antes do Projeto Cidade Inteligente, a prefeitura j\u00e1 havia modernizado o sistema de telefonia implantando o VoIP (Voice over Internet Protocol, em ingl\u00eas). Com a mudan\u00e7a, o munic\u00edpio reduziu as despesas de telefonia fixa que eram de R$ 1,1 milh\u00e3o em 2018 para R$ 257 mil em 2021.<\/p>\n","protected":false},"excerpt":{"rendered":"<p>Redu\u00e7\u00e3o de custos e melhor efici\u00eancia no setor p\u00fablico s\u00e3o<\/p>\n","protected":false},"author":2,"featured_media":106126,"comment_status":"open","ping_status":"open","sticky":false,"template":"","format":"standard","meta":{"footnotes":""},"categories":[14,25],"tags":[],"class_list":["post-106125","post","type-post","status-publish","format-standard","has-post-thumbnail","hentry","category-barretos","category-cidades"],"yoast_head":"<!-- This site is optimized with the Yoast SEO plugin v27.4 - https:\/\/yoast.com\/product\/yoast-seo-wordpress\/ -->\n<title>Barretos Inteligente conclui etapa de instala\u00e7\u00e3o de internet em pr\u00e9dios p\u00fablicos - Regi\u00e3o News<\/title>\n<meta name=\"robots\" content=\"index, follow, max-snippet:-1, max-image-preview:large, max-video-preview:-1\" \/>\n<link rel=\"canonical\" href=\"https:\/\/regiaonews.net.br\/2022\/2024\/06\/10\/projeto-barretos-inteligente-conclui-etapa-de-instalacao-de-internet-de-alta-velocidade-em-predios-publicos-e-prefeitura-economizara-mais-de-r-600-mil-ao-ano\/\" \/>\n<meta property=\"og:locale\" content=\"pt_BR\" \/>\n<meta property=\"og:type\" content=\"article\" \/>\n<meta property=\"og:title\" content=\"Barretos Inteligente conclui etapa de instala\u00e7\u00e3o de internet em pr\u00e9dios p\u00fablicos - Regi\u00e3o News\" \/>\n<meta property=\"og:description\" content=\"Redu\u00e7\u00e3o de custos e melhor efici\u00eancia no setor p\u00fablico s\u00e3o\" \/>\n<meta property=\"og:url\" content=\"https:\/\/regiaonews.net.br\/2022\/2024\/06\/10\/projeto-barretos-inteligente-conclui-etapa-de-instalacao-de-internet-de-alta-velocidade-em-predios-publicos-e-prefeitura-economizara-mais-de-r-600-mil-ao-ano\/\" \/>\n<meta property=\"og:site_name\" content=\"Regi\u00e3o News\" \/>\n<meta property=\"article:published_time\" content=\"2024-06-10T22:19:39+00:00\" \/>\n<meta property=\"article:modified_time\" content=\"2024-06-11T00:04:29+00:00\" \/>\n<meta property=\"og:image\" content=\"https:\/\/regiaonews.net.br\/2022\/wp-content\/uploads\/2024\/06\/WhatsApp-Image-2024-06-10-at-18.04.55.jpeg\" \/>\n\t<meta property=\"og:image:width\" content=\"1600\" \/>\n\t<meta property=\"og:image:height\" content=\"1008\" \/>\n\t<meta property=\"og:image:type\" content=\"image\/jpeg\" \/>\n<meta name=\"author\" content=\"Roberto\" \/>\n<meta name=\"twitter:card\" content=\"summary_large_image\" \/>\n<meta name=\"twitter:label1\" content=\"Escrito por\" \/>\n\t<meta name=\"twitter:data1\" content=\"Roberto\" \/>\n\t<meta name=\"twitter:label2\" content=\"Est. tempo de leitura\" \/>\n\t<meta name=\"twitter:data2\" content=\"2 minutos\" \/>\n<script type=\"application\/ld+json\" class=\"yoast-schema-graph\">{\"@context\":\"https:\\\/\\\/schema.org\",\"@graph\":[{\"@type\":\"Article\",\"@id\":\"https:\\\/\\\/regiaonews.net.br\\\/2022\\\/2024\\\/06\\\/10\\\/projeto-barretos-inteligente-conclui-etapa-de-instalacao-de-internet-de-alta-velocidade-em-predios-publicos-e-prefeitura-economizara-mais-de-r-600-mil-ao-ano\\\/#article\",\"isPartOf\":{\"@id\":\"https:\\\/\\\/regiaonews.net.br\\\/2022\\\/2024\\\/06\\\/10\\\/projeto-barretos-inteligente-conclui-etapa-de-instalacao-de-internet-de-alta-velocidade-em-predios-publicos-e-prefeitura-economizara-mais-de-r-600-mil-ao-ano\\\/\"},\"author\":{\"name\":\"Roberto\",\"@id\":\"https:\\\/\\\/regiaonews.net.br\\\/2022\\\/#\\\/schema\\\/person\\\/2d205a608a5aa97ac279d7a5e6d89ad8\"},\"headline\":\"Barretos Inteligente conclui etapa de instala\u00e7\u00e3o de internet em pr\u00e9dios p\u00fablicos\",\"datePublished\":\"2024-06-10T22:19:39+00:00\",\"dateModified\":\"2024-06-11T00:04:29+00:00\",\"mainEntityOfPage\":{\"@id\":\"https:\\\/\\\/regiaonews.net.br\\\/2022\\\/2024\\\/06\\\/10\\\/projeto-barretos-inteligente-conclui-etapa-de-instalacao-de-internet-de-alta-velocidade-em-predios-publicos-e-prefeitura-economizara-mais-de-r-600-mil-ao-ano\\\/\"},\"wordCount\":271,\"commentCount\":0,\"publisher\":{\"@id\":\"https:\\\/\\\/regiaonews.net.br\\\/2022\\\/#organization\"},\"image\":{\"@id\":\"https:\\\/\\\/regiaonews.net.br\\\/2022\\\/2024\\\/06\\\/10\\\/projeto-barretos-inteligente-conclui-etapa-de-instalacao-de-internet-de-alta-velocidade-em-predios-publicos-e-prefeitura-economizara-mais-de-r-600-mil-ao-ano\\\/#primaryimage\"},\"thumbnailUrl\":\"https:\\\/\\\/regiaonews.net.br\\\/2022\\\/wp-content\\\/uploads\\\/2024\\\/06\\\/WhatsApp-Image-2024-06-10-at-18.04.55.jpeg\",\"articleSection\":[\"Barretos\",\"Cidades\"],\"inLanguage\":\"pt-BR\",\"potentialAction\":[{\"@type\":\"CommentAction\",\"name\":\"Comment\",\"target\":[\"https:\\\/\\\/regiaonews.net.br\\\/2022\\\/2024\\\/06\\\/10\\\/projeto-barretos-inteligente-conclui-etapa-de-instalacao-de-internet-de-alta-velocidade-em-predios-publicos-e-prefeitura-economizara-mais-de-r-600-mil-ao-ano\\\/#respond\"]}]},{\"@type\":\"WebPage\",\"@id\":\"https:\\\/\\\/regiaonews.net.br\\\/2022\\\/2024\\\/06\\\/10\\\/projeto-barretos-inteligente-conclui-etapa-de-instalacao-de-internet-de-alta-velocidade-em-predios-publicos-e-prefeitura-economizara-mais-de-r-600-mil-ao-ano\\\/\",\"url\":\"https:\\\/\\\/regiaonews.net.br\\\/2022\\\/2024\\\/06\\\/10\\\/projeto-barretos-inteligente-conclui-etapa-de-instalacao-de-internet-de-alta-velocidade-em-predios-publicos-e-prefeitura-economizara-mais-de-r-600-mil-ao-ano\\\/\",\"name\":\"Barretos Inteligente conclui etapa de instala\u00e7\u00e3o de internet em pr\u00e9dios p\u00fablicos - Regi\u00e3o News\",\"isPartOf\":{\"@id\":\"https:\\\/\\\/regiaonews.net.br\\\/2022\\\/#website\"},\"primaryImageOfPage\":{\"@id\":\"https:\\\/\\\/regiaonews.net.br\\\/2022\\\/2024\\\/06\\\/10\\\/projeto-barretos-inteligente-conclui-etapa-de-instalacao-de-internet-de-alta-velocidade-em-predios-publicos-e-prefeitura-economizara-mais-de-r-600-mil-ao-ano\\\/#primaryimage\"},\"image\":{\"@id\":\"https:\\\/\\\/regiaonews.net.br\\\/2022\\\/2024\\\/06\\\/10\\\/projeto-barretos-inteligente-conclui-etapa-de-instalacao-de-internet-de-alta-velocidade-em-predios-publicos-e-prefeitura-economizara-mais-de-r-600-mil-ao-ano\\\/#primaryimage\"},\"thumbnailUrl\":\"https:\\\/\\\/regiaonews.net.br\\\/2022\\\/wp-content\\\/uploads\\\/2024\\\/06\\\/WhatsApp-Image-2024-06-10-at-18.04.55.jpeg\",\"datePublished\":\"2024-06-10T22:19:39+00:00\",\"dateModified\":\"2024-06-11T00:04:29+00:00\",\"breadcrumb\":{\"@id\":\"https:\\\/\\\/regiaonews.net.br\\\/2022\\\/2024\\\/06\\\/10\\\/projeto-barretos-inteligente-conclui-etapa-de-instalacao-de-internet-de-alta-velocidade-em-predios-publicos-e-prefeitura-economizara-mais-de-r-600-mil-ao-ano\\\/#breadcrumb\"},\"inLanguage\":\"pt-BR\",\"potentialAction\":[{\"@type\":\"ReadAction\",\"target\":[\"https:\\\/\\\/regiaonews.net.br\\\/2022\\\/2024\\\/06\\\/10\\\/projeto-barretos-inteligente-conclui-etapa-de-instalacao-de-internet-de-alta-velocidade-em-predios-publicos-e-prefeitura-economizara-mais-de-r-600-mil-ao-ano\\\/\"]}]},{\"@type\":\"ImageObject\",\"inLanguage\":\"pt-BR\",\"@id\":\"https:\\\/\\\/regiaonews.net.br\\\/2022\\\/2024\\\/06\\\/10\\\/projeto-barretos-inteligente-conclui-etapa-de-instalacao-de-internet-de-alta-velocidade-em-predios-publicos-e-prefeitura-economizara-mais-de-r-600-mil-ao-ano\\\/#primaryimage\",\"url\":\"https:\\\/\\\/regiaonews.net.br\\\/2022\\\/wp-content\\\/uploads\\\/2024\\\/06\\\/WhatsApp-Image-2024-06-10-at-18.04.55.jpeg\",\"contentUrl\":\"https:\\\/\\\/regiaonews.net.br\\\/2022\\\/wp-content\\\/uploads\\\/2024\\\/06\\\/WhatsApp-Image-2024-06-10-at-18.04.55.jpeg\",\"width\":1600,\"height\":1008},{\"@type\":\"BreadcrumbList\",\"@id\":\"https:\\\/\\\/regiaonews.net.br\\\/2022\\\/2024\\\/06\\\/10\\\/projeto-barretos-inteligente-conclui-etapa-de-instalacao-de-internet-de-alta-velocidade-em-predios-publicos-e-prefeitura-economizara-mais-de-r-600-mil-ao-ano\\\/#breadcrumb\",\"itemListElement\":[{\"@type\":\"ListItem\",\"position\":1,\"name\":\"In\u00edcio\",\"item\":\"https:\\\/\\\/regiaonews.net.br\\\/2022\\\/\"},{\"@type\":\"ListItem\",\"position\":2,\"name\":\"Barretos Inteligente conclui etapa de instala\u00e7\u00e3o de internet em pr\u00e9dios p\u00fablicos\"}]},{\"@type\":\"WebSite\",\"@id\":\"https:\\\/\\\/regiaonews.net.br\\\/2022\\\/#website\",\"url\":\"https:\\\/\\\/regiaonews.net.br\\\/2022\\\/\",\"name\":\"Regi\u00e3o News\",\"description\":\"Site de Not\u00edcias de Barretos e regi\u00e3o\",\"publisher\":{\"@id\":\"https:\\\/\\\/regiaonews.net.br\\\/2022\\\/#organization\"},\"potentialAction\":[{\"@type\":\"SearchAction\",\"target\":{\"@type\":\"EntryPoint\",\"urlTemplate\":\"https:\\\/\\\/regiaonews.net.br\\\/2022\\\/?s={search_term_string}\"},\"query-input\":{\"@type\":\"PropertyValueSpecification\",\"valueRequired\":true,\"valueName\":\"search_term_string\"}}],\"inLanguage\":\"pt-BR\"},{\"@type\":\"Organization\",\"@id\":\"https:\\\/\\\/regiaonews.net.br\\\/2022\\\/#organization\",\"name\":\"Regi\u00e3o News\",\"url\":\"https:\\\/\\\/regiaonews.net.br\\\/2022\\\/\",\"logo\":{\"@type\":\"ImageObject\",\"inLanguage\":\"pt-BR\",\"@id\":\"https:\\\/\\\/regiaonews.net.br\\\/2022\\\/#\\\/schema\\\/logo\\\/image\\\/\",\"url\":\"https:\\\/\\\/regiaonews.net.br\\\/2022\\\/wp-content\\\/uploads\\\/2026\\\/03\\\/regiao-13-anos-scaled.jpg\",\"contentUrl\":\"https:\\\/\\\/regiaonews.net.br\\\/2022\\\/wp-content\\\/uploads\\\/2026\\\/03\\\/regiao-13-anos-scaled.jpg\",\"width\":2560,\"height\":635,\"caption\":\"Regi\u00e3o News\"},\"image\":{\"@id\":\"https:\\\/\\\/regiaonews.net.br\\\/2022\\\/#\\\/schema\\\/logo\\\/image\\\/\"}},{\"@type\":\"Person\",\"@id\":\"https:\\\/\\\/regiaonews.net.br\\\/2022\\\/#\\\/schema\\\/person\\\/2d205a608a5aa97ac279d7a5e6d89ad8\",\"name\":\"Roberto\",\"image\":{\"@type\":\"ImageObject\",\"inLanguage\":\"pt-BR\",\"@id\":\"https:\\\/\\\/secure.gravatar.com\\\/avatar\\\/42749d8b712ff9d59ca93dc150494e5b55a44134482993f5baeb97e61b7ecc89?s=96&d=mm&r=g\",\"url\":\"https:\\\/\\\/secure.gravatar.com\\\/avatar\\\/42749d8b712ff9d59ca93dc150494e5b55a44134482993f5baeb97e61b7ecc89?s=96&d=mm&r=g\",\"contentUrl\":\"https:\\\/\\\/secure.gravatar.com\\\/avatar\\\/42749d8b712ff9d59ca93dc150494e5b55a44134482993f5baeb97e61b7ecc89?s=96&d=mm&r=g\",\"caption\":\"Roberto\"},\"url\":\"https:\\\/\\\/regiaonews.net.br\\\/2022\\\/author\\\/roberto\\\/\"}]}<\/script>\n<!-- \/ Yoast SEO plugin. -->","yoast_head_json":{"title":"Barretos Inteligente conclui etapa de instala\u00e7\u00e3o de internet em pr\u00e9dios p\u00fablicos - Regi\u00e3o News","robots":{"index":"index","follow":"follow","max-snippet":"max-snippet:-1","max-image-preview":"max-image-preview:large","max-video-preview":"max-video-preview:-1"},"canonical":"https:\/\/regiaonews.net.br\/2022\/2024\/06\/10\/projeto-barretos-inteligente-conclui-etapa-de-instalacao-de-internet-de-alta-velocidade-em-predios-publicos-e-prefeitura-economizara-mais-de-r-600-mil-ao-ano\/","og_locale":"pt_BR","og_type":"article","og_title":"Barretos Inteligente conclui etapa de instala\u00e7\u00e3o de internet em pr\u00e9dios p\u00fablicos - Regi\u00e3o News","og_description":"Redu\u00e7\u00e3o de custos e melhor efici\u00eancia no setor p\u00fablico s\u00e3o","og_url":"https:\/\/regiaonews.net.br\/2022\/2024\/06\/10\/projeto-barretos-inteligente-conclui-etapa-de-instalacao-de-internet-de-alta-velocidade-em-predios-publicos-e-prefeitura-economizara-mais-de-r-600-mil-ao-ano\/","og_site_name":"Regi\u00e3o News","article_published_time":"2024-06-10T22:19:39+00:00","article_modified_time":"2024-06-11T00:04:29+00:00","og_image":[{"width":1600,"height":1008,"url":"https:\/\/regiaonews.net.br\/2022\/wp-content\/uploads\/2024\/06\/WhatsApp-Image-2024-06-10-at-18.04.55.jpeg","type":"image\/jpeg"}],"author":"Roberto","twitter_card":"summary_large_image","twitter_misc":{"Escrito por":"Roberto","Est. tempo de leitura":"2 minutos"},"schema":{"@context":"https:\/\/schema.org","@graph":[{"@type":"Article","@id":"https:\/\/regiaonews.net.br\/2022\/2024\/06\/10\/projeto-barretos-inteligente-conclui-etapa-de-instalacao-de-internet-de-alta-velocidade-em-predios-publicos-e-prefeitura-economizara-mais-de-r-600-mil-ao-ano\/#article","isPartOf":{"@id":"https:\/\/regiaonews.net.br\/2022\/2024\/06\/10\/projeto-barretos-inteligente-conclui-etapa-de-instalacao-de-internet-de-alta-velocidade-em-predios-publicos-e-prefeitura-economizara-mais-de-r-600-mil-ao-ano\/"},"author":{"name":"Roberto","@id":"https:\/\/regiaonews.net.br\/2022\/#\/schema\/person\/2d205a608a5aa97ac279d7a5e6d89ad8"},"headline":"Barretos Inteligente conclui etapa de instala\u00e7\u00e3o de internet em pr\u00e9dios p\u00fablicos","datePublished":"2024-06-10T22:19:39+00:00","dateModified":"2024-06-11T00:04:29+00:00","mainEntityOfPage":{"@id":"https:\/\/regiaonews.net.br\/2022\/2024\/06\/10\/projeto-barretos-inteligente-conclui-etapa-de-instalacao-de-internet-de-alta-velocidade-em-predios-publicos-e-prefeitura-economizara-mais-de-r-600-mil-ao-ano\/"},"wordCount":271,"commentCount":0,"publisher":{"@id":"https:\/\/regiaonews.net.br\/2022\/#organization"},"image":{"@id":"https:\/\/regiaonews.net.br\/2022\/2024\/06\/10\/projeto-barretos-inteligente-conclui-etapa-de-instalacao-de-internet-de-alta-velocidade-em-predios-publicos-e-prefeitura-economizara-mais-de-r-600-mil-ao-ano\/#primaryimage"},"thumbnailUrl":"https:\/\/regiaonews.net.br\/2022\/wp-content\/uploads\/2024\/06\/WhatsApp-Image-2024-06-10-at-18.04.55.jpeg","articleSection":["Barretos","Cidades"],"inLanguage":"pt-BR","potentialAction":[{"@type":"CommentAction","name":"Comment","target":["https:\/\/regiaonews.net.br\/2022\/2024\/06\/10\/projeto-barretos-inteligente-conclui-etapa-de-instalacao-de-internet-de-alta-velocidade-em-predios-publicos-e-prefeitura-economizara-mais-de-r-600-mil-ao-ano\/#respond"]}]},{"@type":"WebPage","@id":"https:\/\/regiaonews.net.br\/2022\/2024\/06\/10\/projeto-barretos-inteligente-conclui-etapa-de-instalacao-de-internet-de-alta-velocidade-em-predios-publicos-e-prefeitura-economizara-mais-de-r-600-mil-ao-ano\/","url":"https:\/\/regiaonews.net.br\/2022\/2024\/06\/10\/projeto-barretos-inteligente-conclui-etapa-de-instalacao-de-internet-de-alta-velocidade-em-predios-publicos-e-prefeitura-economizara-mais-de-r-600-mil-ao-ano\/","name":"Barretos Inteligente conclui etapa de instala\u00e7\u00e3o de internet em pr\u00e9dios p\u00fablicos - Regi\u00e3o News","isPartOf":{"@id":"https:\/\/regiaonews.net.br\/2022\/#website"},"primaryImageOfPage":{"@id":"https:\/\/regiaonews.net.br\/2022\/2024\/06\/10\/projeto-barretos-inteligente-conclui-etapa-de-instalacao-de-internet-de-alta-velocidade-em-predios-publicos-e-prefeitura-economizara-mais-de-r-600-mil-ao-ano\/#primaryimage"},"image":{"@id":"https:\/\/regiaonews.net.br\/2022\/2024\/06\/10\/projeto-barretos-inteligente-conclui-etapa-de-instalacao-de-internet-de-alta-velocidade-em-predios-publicos-e-prefeitura-economizara-mais-de-r-600-mil-ao-ano\/#primaryimage"},"thumbnailUrl":"https:\/\/regiaonews.net.br\/2022\/wp-content\/uploads\/2024\/06\/WhatsApp-Image-2024-06-10-at-18.04.55.jpeg","datePublished":"2024-06-10T22:19:39+00:00","dateModified":"2024-06-11T00:04:29+00:00","breadcrumb":{"@id":"https:\/\/regiaonews.net.br\/2022\/2024\/06\/10\/projeto-barretos-inteligente-conclui-etapa-de-instalacao-de-internet-de-alta-velocidade-em-predios-publicos-e-prefeitura-economizara-mais-de-r-600-mil-ao-ano\/#breadcrumb"},"inLanguage":"pt-BR","potentialAction":[{"@type":"ReadAction","target":["https:\/\/regiaonews.net.br\/2022\/2024\/06\/10\/projeto-barretos-inteligente-conclui-etapa-de-instalacao-de-internet-de-alta-velocidade-em-predios-publicos-e-prefeitura-economizara-mais-de-r-600-mil-ao-ano\/"]}]},{"@type":"ImageObject","inLanguage":"pt-BR","@id":"https:\/\/regiaonews.net.br\/2022\/2024\/06\/10\/projeto-barretos-inteligente-conclui-etapa-de-instalacao-de-internet-de-alta-velocidade-em-predios-publicos-e-prefeitura-economizara-mais-de-r-600-mil-ao-ano\/#primaryimage","url":"https:\/\/regiaonews.net.br\/2022\/wp-content\/uploads\/2024\/06\/WhatsApp-Image-2024-06-10-at-18.04.55.jpeg","contentUrl":"https:\/\/regiaonews.net.br\/2022\/wp-content\/uploads\/2024\/06\/WhatsApp-Image-2024-06-10-at-18.04.55.jpeg","width":1600,"height":1008},{"@type":"BreadcrumbList","@id":"https:\/\/regiaonews.net.br\/2022\/2024\/06\/10\/projeto-barretos-inteligente-conclui-etapa-de-instalacao-de-internet-de-alta-velocidade-em-predios-publicos-e-prefeitura-economizara-mais-de-r-600-mil-ao-ano\/#breadcrumb","itemListElement":[{"@type":"ListItem","position":1,"name":"In\u00edcio","item":"https:\/\/regiaonews.net.br\/2022\/"},{"@type":"ListItem","position":2,"name":"Barretos Inteligente conclui etapa de instala\u00e7\u00e3o de internet em pr\u00e9dios p\u00fablicos"}]},{"@type":"WebSite","@id":"https:\/\/regiaonews.net.br\/2022\/#website","url":"https:\/\/regiaonews.net.br\/2022\/","name":"Regi\u00e3o News","description":"Site de Not\u00edcias de Barretos e regi\u00e3o","publisher":{"@id":"https:\/\/regiaonews.net.br\/2022\/#organization"},"potentialAction":[{"@type":"SearchAction","target":{"@type":"EntryPoint","urlTemplate":"https:\/\/regiaonews.net.br\/2022\/?s={search_term_string}"},"query-input":{"@type":"PropertyValueSpecification","valueRequired":true,"valueName":"search_term_string"}}],"inLanguage":"pt-BR"},{"@type":"Organization","@id":"https:\/\/regiaonews.net.br\/2022\/#organization","name":"Regi\u00e3o News","url":"https:\/\/regiaonews.net.br\/2022\/","logo":{"@type":"ImageObject","inLanguage":"pt-BR","@id":"https:\/\/regiaonews.net.br\/2022\/#\/schema\/logo\/image\/","url":"https:\/\/regiaonews.net.br\/2022\/wp-content\/uploads\/2026\/03\/regiao-13-anos-scaled.jpg","contentUrl":"https:\/\/regiaonews.net.br\/2022\/wp-content\/uploads\/2026\/03\/regiao-13-anos-scaled.jpg","width":2560,"height":635,"caption":"Regi\u00e3o News"},"image":{"@id":"https:\/\/regiaonews.net.br\/2022\/#\/schema\/logo\/image\/"}},{"@type":"Person","@id":"https:\/\/regiaonews.net.br\/2022\/#\/schema\/person\/2d205a608a5aa97ac279d7a5e6d89ad8","name":"Roberto","image":{"@type":"ImageObject","inLanguage":"pt-BR","@id":"https:\/\/secure.gravatar.com\/avatar\/42749d8b712ff9d59ca93dc150494e5b55a44134482993f5baeb97e61b7ecc89?s=96&d=mm&r=g","url":"https:\/\/secure.gravatar.com\/avatar\/42749d8b712ff9d59ca93dc150494e5b55a44134482993f5baeb97e61b7ecc89?s=96&d=mm&r=g","contentUrl":"https:\/\/secure.gravatar.com\/avatar\/42749d8b712ff9d59ca93dc150494e5b55a44134482993f5baeb97e61b7ecc89?s=96&d=mm&r=g","caption":"Roberto"},"url":"https:\/\/regiaonews.net.br\/2022\/author\/roberto\/"}]}},"publishpress_future_action":{"enabled":false,"date":"2026-05-03 10:53:03","action":"change-status","newStatus":"draft","terms":[],"taxonomy":"category","extraData":[]},"publishpress_future_workflow_manual_trigger":{"enabledWorkflows":[]},"_links":{"self":[{"href":"https:\/\/regiaonews.net.br\/2022\/wp-json\/wp\/v2\/posts\/106125","targetHints":{"allow":["GET"]}}],"collection":[{"href":"https:\/\/regiaonews.net.br\/2022\/wp-json\/wp\/v2\/posts"}],"about":[{"href":"https:\/\/regiaonews.net.br\/2022\/wp-json\/wp\/v2\/types\/post"}],"author":[{"embeddable":true,"href":"https:\/\/regiaonews.net.br\/2022\/wp-json\/wp\/v2\/users\/2"}],"replies":[{"embeddable":true,"href":"https:\/\/regiaonews.net.br\/2022\/wp-json\/wp\/v2\/comments?post=106125"}],"version-history":[{"count":2,"href":"https:\/\/regiaonews.net.br\/2022\/wp-json\/wp\/v2\/posts\/106125\/revisions"}],"predecessor-version":[{"id":106128,"href":"https:\/\/regiaonews.net.br\/2022\/wp-json\/wp\/v2\/posts\/106125\/revisions\/106128"}],"wp:featuredmedia":[{"embeddable":true,"href":"https:\/\/regiaonews.net.br\/2022\/wp-json\/wp\/v2\/media\/106126"}],"wp:attachment":[{"href":"https:\/\/regiaonews.net.br\/2022\/wp-json\/wp\/v2\/media?parent=106125"}],"wp:term":[{"taxonomy":"category","embeddable":true,"href":"https:\/\/regiaonews.net.br\/2022\/wp-json\/wp\/v2\/categories?post=106125"},{"taxonomy":"post_tag","embeddable":true,"href":"https:\/\/regiaonews.net.br\/2022\/wp-json\/wp\/v2\/tags?post=106125"}],"curies":[{"name":"wp","href":"https:\/\/api.w.org\/{rel}","templated":true}]}}