{"id":106122,"date":"2024-06-10T19:17:51","date_gmt":"2024-06-10T22:17:51","guid":{"rendered":"https:\/\/regiaonews.net.br\/2022\/?p=106122"},"modified":"2024-06-10T21:07:28","modified_gmt":"2024-06-11T00:07:28","slug":"saude-e-bem-estar-barretos-fica-entre-as-tres-melhores-do-estado-no-premio-band-cidades-excelentes","status":"publish","type":"post","link":"https:\/\/regiaonews.net.br\/2022\/2024\/06\/10\/saude-e-bem-estar-barretos-fica-entre-as-tres-melhores-do-estado-no-premio-band-cidades-excelentes\/","title":{"rendered":"Sa\u00fade e Bem-Estar: Barretos fica entre as tr\u00eas melhores do Estado no Pr\u00eamio Band Cidades Excelentes"},"content":{"rendered":"<p>&nbsp;<\/p>\n<p>A prefeita Paula Lemos participou da cerim\u00f4nia em S\u00e3o Paulo na noite de s\u00e1bado, 8<\/p>\n<p>Barretos foi reconhecida entre as tr\u00eas melhores cidades paulistas na categoria Sa\u00fade e Bem-Estar, na quarta edi\u00e7\u00e3o do Pr\u00eamio Band Cidades Excelentes. O resultado \u00e9 obtido a partir de indicadores t\u00e9cnicos, que s\u00e3o apontados pelo Instituto Aquila e passam por auditoria. A prefeita Paula Lemos esteve presente para receber o reconhecimento na cerim\u00f4nia realizada em S\u00e3o Paulo na noite de s\u00e1bado, 8.<\/p>\n<p>\u201cO Instituto se baseou em dados concretos de evolu\u00e7\u00e3o na Sa\u00fade de Barretos. Sabendo que precisa evoluir a cada dia, sempre colocamos Sa\u00fade como prioridade. Nessa luta di\u00e1ria, inauguramos a UBS San Diego, vamos inaugurar mais duas UBSs e o Novo Post\u00e3o, que ser\u00e1 um grande centro de especialidades e de aten\u00e7\u00e3o \u00e0 mulher e \u00e0 crian\u00e7a\u201d, afirmou a prefeita Paula Lemos.<\/p>\n<p>Paula fez agradecimentos, inclusive aos servidores da Sa\u00fade. \u201cRecentemente, em Educa\u00e7\u00e3o, fomos primeiro lugar em flu\u00eancia leitora no Estado de S\u00e3o Paulo. Agora aqui reconhecidos em Sa\u00fade. \u00c9 Barretos no lugar que merece, sempre em destaque\u201d, refor\u00e7ou a prefeita.<\/p>\n<p>O secret\u00e1rio de Governo e Rela\u00e7\u00f5es Institucionais de S\u00e3o Paulo, Gilberto Kassab, que representou o governador Tarc\u00edsio de Freitas na cerim\u00f4nia, ressaltou que acompanha o pr\u00eamio desde a primeira edi\u00e7\u00e3o. \u201cSei do rigor que existe na avalia\u00e7\u00e3o das cidades. Na hora que um prefeito est\u00e1 aqui presente \u00e9 porque ele passou no vestibular\u201d, afirmou Kassab.<\/p>\n<p>\u201cNesta edi\u00e7\u00e3o, estamos avaliando a gest\u00e3o dos quatro anos\u201d, destacou Raimundo Godoy, presidente do Instituto \u00c1quila. Ele comemorou os avan\u00e7os alcan\u00e7ados e ressaltou que a excel\u00eancia das cidades contribui para a excel\u00eancia do Pa\u00eds.<\/p>\n<p>\u201cOs prefeitos que est\u00e3o aqui, independente de ganharem a primeira posi\u00e7\u00e3o, j\u00e1 s\u00e3o vencedores. Estamos vendo as prefeituras competindo de forma saud\u00e1vel, querendo a cada ano se aperfei\u00e7oar, criando projetos. Isso \u00e9 excelente. Quando os recursos s\u00e3o usados da melhor forma para o bem-estar da popula\u00e7\u00e3o, cria-se uma corrente positiva para que o Pa\u00eds se desenvolva. Todos ganham com isso\u201d, destacou Cl\u00e1udio Giordani, CEO do Grupo Bandeirantes.<\/p>\n<p>A secret\u00e1ria municipal de Sa\u00fade, Gra\u00e7a Lemos, tamb\u00e9m esteve presente na cerim\u00f4nia.<\/p>\n","protected":false},"excerpt":{"rendered":"<p>&nbsp; A prefeita Paula Lemos participou da cerim\u00f4nia em S\u00e3o<\/p>\n","protected":false},"author":2,"featured_media":106123,"comment_status":"open","ping_status":"open","sticky":false,"template":"","format":"standard","meta":{"footnotes":""},"categories":[14,25],"tags":[],"class_list":["post-106122","post","type-post","status-publish","format-standard","has-post-thumbnail","hentry","category-barretos","category-cidades"],"yoast_head":"<!-- This site is optimized with the Yoast SEO plugin v27.4 - https:\/\/yoast.com\/product\/yoast-seo-wordpress\/ -->\n<title>Sa\u00fade e Bem-Estar: Barretos fica entre as tr\u00eas melhores do Estado no Pr\u00eamio Band Cidades Excelentes - Regi\u00e3o News<\/title>\n<meta name=\"robots\" content=\"index, follow, max-snippet:-1, max-image-preview:large, max-video-preview:-1\" \/>\n<link rel=\"canonical\" href=\"https:\/\/regiaonews.net.br\/2022\/2024\/06\/10\/saude-e-bem-estar-barretos-fica-entre-as-tres-melhores-do-estado-no-premio-band-cidades-excelentes\/\" \/>\n<meta property=\"og:locale\" content=\"pt_BR\" \/>\n<meta property=\"og:type\" content=\"article\" \/>\n<meta property=\"og:title\" content=\"Sa\u00fade e Bem-Estar: Barretos fica entre as tr\u00eas melhores do Estado no Pr\u00eamio Band Cidades Excelentes - Regi\u00e3o News\" \/>\n<meta property=\"og:description\" content=\"&nbsp; A prefeita Paula Lemos participou da cerim\u00f4nia em S\u00e3o\" \/>\n<meta property=\"og:url\" content=\"https:\/\/regiaonews.net.br\/2022\/2024\/06\/10\/saude-e-bem-estar-barretos-fica-entre-as-tres-melhores-do-estado-no-premio-band-cidades-excelentes\/\" \/>\n<meta property=\"og:site_name\" content=\"Regi\u00e3o News\" \/>\n<meta property=\"article:published_time\" content=\"2024-06-10T22:17:51+00:00\" \/>\n<meta property=\"article:modified_time\" content=\"2024-06-11T00:07:28+00:00\" \/>\n<meta property=\"og:image\" content=\"https:\/\/regiaonews.net.br\/2022\/wp-content\/uploads\/2024\/06\/WhatsApp-Image-2024-06-10-at-18.04.56.jpeg\" \/>\n\t<meta property=\"og:image:width\" content=\"1200\" \/>\n\t<meta property=\"og:image:height\" content=\"1600\" \/>\n\t<meta property=\"og:image:type\" content=\"image\/jpeg\" \/>\n<meta name=\"author\" content=\"Roberto\" \/>\n<meta name=\"twitter:card\" content=\"summary_large_image\" \/>\n<meta name=\"twitter:label1\" content=\"Escrito por\" \/>\n\t<meta name=\"twitter:data1\" content=\"Roberto\" \/>\n\t<meta name=\"twitter:label2\" content=\"Est. tempo de leitura\" \/>\n\t<meta name=\"twitter:data2\" content=\"3 minutos\" \/>\n<script type=\"application\/ld+json\" class=\"yoast-schema-graph\">{\"@context\":\"https:\\\/\\\/schema.org\",\"@graph\":[{\"@type\":\"Article\",\"@id\":\"https:\\\/\\\/regiaonews.net.br\\\/2022\\\/2024\\\/06\\\/10\\\/saude-e-bem-estar-barretos-fica-entre-as-tres-melhores-do-estado-no-premio-band-cidades-excelentes\\\/#article\",\"isPartOf\":{\"@id\":\"https:\\\/\\\/regiaonews.net.br\\\/2022\\\/2024\\\/06\\\/10\\\/saude-e-bem-estar-barretos-fica-entre-as-tres-melhores-do-estado-no-premio-band-cidades-excelentes\\\/\"},\"author\":{\"name\":\"Roberto\",\"@id\":\"https:\\\/\\\/regiaonews.net.br\\\/2022\\\/#\\\/schema\\\/person\\\/2d205a608a5aa97ac279d7a5e6d89ad8\"},\"headline\":\"Sa\u00fade e Bem-Estar: Barretos fica entre as tr\u00eas melhores do Estado no Pr\u00eamio Band Cidades Excelentes\",\"datePublished\":\"2024-06-10T22:17:51+00:00\",\"dateModified\":\"2024-06-11T00:07:28+00:00\",\"mainEntityOfPage\":{\"@id\":\"https:\\\/\\\/regiaonews.net.br\\\/2022\\\/2024\\\/06\\\/10\\\/saude-e-bem-estar-barretos-fica-entre-as-tres-melhores-do-estado-no-premio-band-cidades-excelentes\\\/\"},\"wordCount\":412,\"commentCount\":0,\"publisher\":{\"@id\":\"https:\\\/\\\/regiaonews.net.br\\\/2022\\\/#organization\"},\"image\":{\"@id\":\"https:\\\/\\\/regiaonews.net.br\\\/2022\\\/2024\\\/06\\\/10\\\/saude-e-bem-estar-barretos-fica-entre-as-tres-melhores-do-estado-no-premio-band-cidades-excelentes\\\/#primaryimage\"},\"thumbnailUrl\":\"https:\\\/\\\/regiaonews.net.br\\\/2022\\\/wp-content\\\/uploads\\\/2024\\\/06\\\/WhatsApp-Image-2024-06-10-at-18.04.56.jpeg\",\"articleSection\":[\"Barretos\",\"Cidades\"],\"inLanguage\":\"pt-BR\",\"potentialAction\":[{\"@type\":\"CommentAction\",\"name\":\"Comment\",\"target\":[\"https:\\\/\\\/regiaonews.net.br\\\/2022\\\/2024\\\/06\\\/10\\\/saude-e-bem-estar-barretos-fica-entre-as-tres-melhores-do-estado-no-premio-band-cidades-excelentes\\\/#respond\"]}]},{\"@type\":\"WebPage\",\"@id\":\"https:\\\/\\\/regiaonews.net.br\\\/2022\\\/2024\\\/06\\\/10\\\/saude-e-bem-estar-barretos-fica-entre-as-tres-melhores-do-estado-no-premio-band-cidades-excelentes\\\/\",\"url\":\"https:\\\/\\\/regiaonews.net.br\\\/2022\\\/2024\\\/06\\\/10\\\/saude-e-bem-estar-barretos-fica-entre-as-tres-melhores-do-estado-no-premio-band-cidades-excelentes\\\/\",\"name\":\"Sa\u00fade e Bem-Estar: Barretos fica entre as tr\u00eas melhores do Estado no Pr\u00eamio Band Cidades Excelentes - Regi\u00e3o News\",\"isPartOf\":{\"@id\":\"https:\\\/\\\/regiaonews.net.br\\\/2022\\\/#website\"},\"primaryImageOfPage\":{\"@id\":\"https:\\\/\\\/regiaonews.net.br\\\/2022\\\/2024\\\/06\\\/10\\\/saude-e-bem-estar-barretos-fica-entre-as-tres-melhores-do-estado-no-premio-band-cidades-excelentes\\\/#primaryimage\"},\"image\":{\"@id\":\"https:\\\/\\\/regiaonews.net.br\\\/2022\\\/2024\\\/06\\\/10\\\/saude-e-bem-estar-barretos-fica-entre-as-tres-melhores-do-estado-no-premio-band-cidades-excelentes\\\/#primaryimage\"},\"thumbnailUrl\":\"https:\\\/\\\/regiaonews.net.br\\\/2022\\\/wp-content\\\/uploads\\\/2024\\\/06\\\/WhatsApp-Image-2024-06-10-at-18.04.56.jpeg\",\"datePublished\":\"2024-06-10T22:17:51+00:00\",\"dateModified\":\"2024-06-11T00:07:28+00:00\",\"breadcrumb\":{\"@id\":\"https:\\\/\\\/regiaonews.net.br\\\/2022\\\/2024\\\/06\\\/10\\\/saude-e-bem-estar-barretos-fica-entre-as-tres-melhores-do-estado-no-premio-band-cidades-excelentes\\\/#breadcrumb\"},\"inLanguage\":\"pt-BR\",\"potentialAction\":[{\"@type\":\"ReadAction\",\"target\":[\"https:\\\/\\\/regiaonews.net.br\\\/2022\\\/2024\\\/06\\\/10\\\/saude-e-bem-estar-barretos-fica-entre-as-tres-melhores-do-estado-no-premio-band-cidades-excelentes\\\/\"]}]},{\"@type\":\"ImageObject\",\"inLanguage\":\"pt-BR\",\"@id\":\"https:\\\/\\\/regiaonews.net.br\\\/2022\\\/2024\\\/06\\\/10\\\/saude-e-bem-estar-barretos-fica-entre-as-tres-melhores-do-estado-no-premio-band-cidades-excelentes\\\/#primaryimage\",\"url\":\"https:\\\/\\\/regiaonews.net.br\\\/2022\\\/wp-content\\\/uploads\\\/2024\\\/06\\\/WhatsApp-Image-2024-06-10-at-18.04.56.jpeg\",\"contentUrl\":\"https:\\\/\\\/regiaonews.net.br\\\/2022\\\/wp-content\\\/uploads\\\/2024\\\/06\\\/WhatsApp-Image-2024-06-10-at-18.04.56.jpeg\",\"width\":1200,\"height\":1600},{\"@type\":\"BreadcrumbList\",\"@id\":\"https:\\\/\\\/regiaonews.net.br\\\/2022\\\/2024\\\/06\\\/10\\\/saude-e-bem-estar-barretos-fica-entre-as-tres-melhores-do-estado-no-premio-band-cidades-excelentes\\\/#breadcrumb\",\"itemListElement\":[{\"@type\":\"ListItem\",\"position\":1,\"name\":\"In\u00edcio\",\"item\":\"https:\\\/\\\/regiaonews.net.br\\\/2022\\\/\"},{\"@type\":\"ListItem\",\"position\":2,\"name\":\"Sa\u00fade e Bem-Estar: Barretos fica entre as tr\u00eas melhores do Estado no Pr\u00eamio Band Cidades Excelentes\"}]},{\"@type\":\"WebSite\",\"@id\":\"https:\\\/\\\/regiaonews.net.br\\\/2022\\\/#website\",\"url\":\"https:\\\/\\\/regiaonews.net.br\\\/2022\\\/\",\"name\":\"Regi\u00e3o News\",\"description\":\"Site de Not\u00edcias de Barretos e regi\u00e3o\",\"publisher\":{\"@id\":\"https:\\\/\\\/regiaonews.net.br\\\/2022\\\/#organization\"},\"potentialAction\":[{\"@type\":\"SearchAction\",\"target\":{\"@type\":\"EntryPoint\",\"urlTemplate\":\"https:\\\/\\\/regiaonews.net.br\\\/2022\\\/?s={search_term_string}\"},\"query-input\":{\"@type\":\"PropertyValueSpecification\",\"valueRequired\":true,\"valueName\":\"search_term_string\"}}],\"inLanguage\":\"pt-BR\"},{\"@type\":\"Organization\",\"@id\":\"https:\\\/\\\/regiaonews.net.br\\\/2022\\\/#organization\",\"name\":\"Regi\u00e3o News\",\"url\":\"https:\\\/\\\/regiaonews.net.br\\\/2022\\\/\",\"logo\":{\"@type\":\"ImageObject\",\"inLanguage\":\"pt-BR\",\"@id\":\"https:\\\/\\\/regiaonews.net.br\\\/2022\\\/#\\\/schema\\\/logo\\\/image\\\/\",\"url\":\"https:\\\/\\\/regiaonews.net.br\\\/2022\\\/wp-content\\\/uploads\\\/2026\\\/03\\\/regiao-13-anos-scaled.jpg\",\"contentUrl\":\"https:\\\/\\\/regiaonews.net.br\\\/2022\\\/wp-content\\\/uploads\\\/2026\\\/03\\\/regiao-13-anos-scaled.jpg\",\"width\":2560,\"height\":635,\"caption\":\"Regi\u00e3o News\"},\"image\":{\"@id\":\"https:\\\/\\\/regiaonews.net.br\\\/2022\\\/#\\\/schema\\\/logo\\\/image\\\/\"}},{\"@type\":\"Person\",\"@id\":\"https:\\\/\\\/regiaonews.net.br\\\/2022\\\/#\\\/schema\\\/person\\\/2d205a608a5aa97ac279d7a5e6d89ad8\",\"name\":\"Roberto\",\"image\":{\"@type\":\"ImageObject\",\"inLanguage\":\"pt-BR\",\"@id\":\"https:\\\/\\\/secure.gravatar.com\\\/avatar\\\/42749d8b712ff9d59ca93dc150494e5b55a44134482993f5baeb97e61b7ecc89?s=96&d=mm&r=g\",\"url\":\"https:\\\/\\\/secure.gravatar.com\\\/avatar\\\/42749d8b712ff9d59ca93dc150494e5b55a44134482993f5baeb97e61b7ecc89?s=96&d=mm&r=g\",\"contentUrl\":\"https:\\\/\\\/secure.gravatar.com\\\/avatar\\\/42749d8b712ff9d59ca93dc150494e5b55a44134482993f5baeb97e61b7ecc89?s=96&d=mm&r=g\",\"caption\":\"Roberto\"},\"url\":\"https:\\\/\\\/regiaonews.net.br\\\/2022\\\/author\\\/roberto\\\/\"}]}<\/script>\n<!-- \/ Yoast SEO plugin. -->","yoast_head_json":{"title":"Sa\u00fade e Bem-Estar: Barretos fica entre as tr\u00eas melhores do Estado no Pr\u00eamio Band Cidades Excelentes - Regi\u00e3o News","robots":{"index":"index","follow":"follow","max-snippet":"max-snippet:-1","max-image-preview":"max-image-preview:large","max-video-preview":"max-video-preview:-1"},"canonical":"https:\/\/regiaonews.net.br\/2022\/2024\/06\/10\/saude-e-bem-estar-barretos-fica-entre-as-tres-melhores-do-estado-no-premio-band-cidades-excelentes\/","og_locale":"pt_BR","og_type":"article","og_title":"Sa\u00fade e Bem-Estar: Barretos fica entre as tr\u00eas melhores do Estado no Pr\u00eamio Band Cidades Excelentes - Regi\u00e3o News","og_description":"&nbsp; A prefeita Paula Lemos participou da cerim\u00f4nia em S\u00e3o","og_url":"https:\/\/regiaonews.net.br\/2022\/2024\/06\/10\/saude-e-bem-estar-barretos-fica-entre-as-tres-melhores-do-estado-no-premio-band-cidades-excelentes\/","og_site_name":"Regi\u00e3o News","article_published_time":"2024-06-10T22:17:51+00:00","article_modified_time":"2024-06-11T00:07:28+00:00","og_image":[{"width":1200,"height":1600,"url":"https:\/\/regiaonews.net.br\/2022\/wp-content\/uploads\/2024\/06\/WhatsApp-Image-2024-06-10-at-18.04.56.jpeg","type":"image\/jpeg"}],"author":"Roberto","twitter_card":"summary_large_image","twitter_misc":{"Escrito por":"Roberto","Est. tempo de leitura":"3 minutos"},"schema":{"@context":"https:\/\/schema.org","@graph":[{"@type":"Article","@id":"https:\/\/regiaonews.net.br\/2022\/2024\/06\/10\/saude-e-bem-estar-barretos-fica-entre-as-tres-melhores-do-estado-no-premio-band-cidades-excelentes\/#article","isPartOf":{"@id":"https:\/\/regiaonews.net.br\/2022\/2024\/06\/10\/saude-e-bem-estar-barretos-fica-entre-as-tres-melhores-do-estado-no-premio-band-cidades-excelentes\/"},"author":{"name":"Roberto","@id":"https:\/\/regiaonews.net.br\/2022\/#\/schema\/person\/2d205a608a5aa97ac279d7a5e6d89ad8"},"headline":"Sa\u00fade e Bem-Estar: Barretos fica entre as tr\u00eas melhores do Estado no Pr\u00eamio Band Cidades Excelentes","datePublished":"2024-06-10T22:17:51+00:00","dateModified":"2024-06-11T00:07:28+00:00","mainEntityOfPage":{"@id":"https:\/\/regiaonews.net.br\/2022\/2024\/06\/10\/saude-e-bem-estar-barretos-fica-entre-as-tres-melhores-do-estado-no-premio-band-cidades-excelentes\/"},"wordCount":412,"commentCount":0,"publisher":{"@id":"https:\/\/regiaonews.net.br\/2022\/#organization"},"image":{"@id":"https:\/\/regiaonews.net.br\/2022\/2024\/06\/10\/saude-e-bem-estar-barretos-fica-entre-as-tres-melhores-do-estado-no-premio-band-cidades-excelentes\/#primaryimage"},"thumbnailUrl":"https:\/\/regiaonews.net.br\/2022\/wp-content\/uploads\/2024\/06\/WhatsApp-Image-2024-06-10-at-18.04.56.jpeg","articleSection":["Barretos","Cidades"],"inLanguage":"pt-BR","potentialAction":[{"@type":"CommentAction","name":"Comment","target":["https:\/\/regiaonews.net.br\/2022\/2024\/06\/10\/saude-e-bem-estar-barretos-fica-entre-as-tres-melhores-do-estado-no-premio-band-cidades-excelentes\/#respond"]}]},{"@type":"WebPage","@id":"https:\/\/regiaonews.net.br\/2022\/2024\/06\/10\/saude-e-bem-estar-barretos-fica-entre-as-tres-melhores-do-estado-no-premio-band-cidades-excelentes\/","url":"https:\/\/regiaonews.net.br\/2022\/2024\/06\/10\/saude-e-bem-estar-barretos-fica-entre-as-tres-melhores-do-estado-no-premio-band-cidades-excelentes\/","name":"Sa\u00fade e Bem-Estar: Barretos fica entre as tr\u00eas melhores do Estado no Pr\u00eamio Band Cidades Excelentes - Regi\u00e3o News","isPartOf":{"@id":"https:\/\/regiaonews.net.br\/2022\/#website"},"primaryImageOfPage":{"@id":"https:\/\/regiaonews.net.br\/2022\/2024\/06\/10\/saude-e-bem-estar-barretos-fica-entre-as-tres-melhores-do-estado-no-premio-band-cidades-excelentes\/#primaryimage"},"image":{"@id":"https:\/\/regiaonews.net.br\/2022\/2024\/06\/10\/saude-e-bem-estar-barretos-fica-entre-as-tres-melhores-do-estado-no-premio-band-cidades-excelentes\/#primaryimage"},"thumbnailUrl":"https:\/\/regiaonews.net.br\/2022\/wp-content\/uploads\/2024\/06\/WhatsApp-Image-2024-06-10-at-18.04.56.jpeg","datePublished":"2024-06-10T22:17:51+00:00","dateModified":"2024-06-11T00:07:28+00:00","breadcrumb":{"@id":"https:\/\/regiaonews.net.br\/2022\/2024\/06\/10\/saude-e-bem-estar-barretos-fica-entre-as-tres-melhores-do-estado-no-premio-band-cidades-excelentes\/#breadcrumb"},"inLanguage":"pt-BR","potentialAction":[{"@type":"ReadAction","target":["https:\/\/regiaonews.net.br\/2022\/2024\/06\/10\/saude-e-bem-estar-barretos-fica-entre-as-tres-melhores-do-estado-no-premio-band-cidades-excelentes\/"]}]},{"@type":"ImageObject","inLanguage":"pt-BR","@id":"https:\/\/regiaonews.net.br\/2022\/2024\/06\/10\/saude-e-bem-estar-barretos-fica-entre-as-tres-melhores-do-estado-no-premio-band-cidades-excelentes\/#primaryimage","url":"https:\/\/regiaonews.net.br\/2022\/wp-content\/uploads\/2024\/06\/WhatsApp-Image-2024-06-10-at-18.04.56.jpeg","contentUrl":"https:\/\/regiaonews.net.br\/2022\/wp-content\/uploads\/2024\/06\/WhatsApp-Image-2024-06-10-at-18.04.56.jpeg","width":1200,"height":1600},{"@type":"BreadcrumbList","@id":"https:\/\/regiaonews.net.br\/2022\/2024\/06\/10\/saude-e-bem-estar-barretos-fica-entre-as-tres-melhores-do-estado-no-premio-band-cidades-excelentes\/#breadcrumb","itemListElement":[{"@type":"ListItem","position":1,"name":"In\u00edcio","item":"https:\/\/regiaonews.net.br\/2022\/"},{"@type":"ListItem","position":2,"name":"Sa\u00fade e Bem-Estar: Barretos fica entre as tr\u00eas melhores do Estado no Pr\u00eamio Band Cidades Excelentes"}]},{"@type":"WebSite","@id":"https:\/\/regiaonews.net.br\/2022\/#website","url":"https:\/\/regiaonews.net.br\/2022\/","name":"Regi\u00e3o News","description":"Site de Not\u00edcias de Barretos e regi\u00e3o","publisher":{"@id":"https:\/\/regiaonews.net.br\/2022\/#organization"},"potentialAction":[{"@type":"SearchAction","target":{"@type":"EntryPoint","urlTemplate":"https:\/\/regiaonews.net.br\/2022\/?s={search_term_string}"},"query-input":{"@type":"PropertyValueSpecification","valueRequired":true,"valueName":"search_term_string"}}],"inLanguage":"pt-BR"},{"@type":"Organization","@id":"https:\/\/regiaonews.net.br\/2022\/#organization","name":"Regi\u00e3o News","url":"https:\/\/regiaonews.net.br\/2022\/","logo":{"@type":"ImageObject","inLanguage":"pt-BR","@id":"https:\/\/regiaonews.net.br\/2022\/#\/schema\/logo\/image\/","url":"https:\/\/regiaonews.net.br\/2022\/wp-content\/uploads\/2026\/03\/regiao-13-anos-scaled.jpg","contentUrl":"https:\/\/regiaonews.net.br\/2022\/wp-content\/uploads\/2026\/03\/regiao-13-anos-scaled.jpg","width":2560,"height":635,"caption":"Regi\u00e3o News"},"image":{"@id":"https:\/\/regiaonews.net.br\/2022\/#\/schema\/logo\/image\/"}},{"@type":"Person","@id":"https:\/\/regiaonews.net.br\/2022\/#\/schema\/person\/2d205a608a5aa97ac279d7a5e6d89ad8","name":"Roberto","image":{"@type":"ImageObject","inLanguage":"pt-BR","@id":"https:\/\/secure.gravatar.com\/avatar\/42749d8b712ff9d59ca93dc150494e5b55a44134482993f5baeb97e61b7ecc89?s=96&d=mm&r=g","url":"https:\/\/secure.gravatar.com\/avatar\/42749d8b712ff9d59ca93dc150494e5b55a44134482993f5baeb97e61b7ecc89?s=96&d=mm&r=g","contentUrl":"https:\/\/secure.gravatar.com\/avatar\/42749d8b712ff9d59ca93dc150494e5b55a44134482993f5baeb97e61b7ecc89?s=96&d=mm&r=g","caption":"Roberto"},"url":"https:\/\/regiaonews.net.br\/2022\/author\/roberto\/"}]}},"publishpress_future_action":{"enabled":false,"date":"2026-05-03 08:03:53","action":"change-status","newStatus":"draft","terms":[],"taxonomy":"category","extraData":[]},"publishpress_future_workflow_manual_trigger":{"enabledWorkflows":[]},"_links":{"self":[{"href":"https:\/\/regiaonews.net.br\/2022\/wp-json\/wp\/v2\/posts\/106122","targetHints":{"allow":["GET"]}}],"collection":[{"href":"https:\/\/regiaonews.net.br\/2022\/wp-json\/wp\/v2\/posts"}],"about":[{"href":"https:\/\/regiaonews.net.br\/2022\/wp-json\/wp\/v2\/types\/post"}],"author":[{"embeddable":true,"href":"https:\/\/regiaonews.net.br\/2022\/wp-json\/wp\/v2\/users\/2"}],"replies":[{"embeddable":true,"href":"https:\/\/regiaonews.net.br\/2022\/wp-json\/wp\/v2\/comments?post=106122"}],"version-history":[{"count":2,"href":"https:\/\/regiaonews.net.br\/2022\/wp-json\/wp\/v2\/posts\/106122\/revisions"}],"predecessor-version":[{"id":106129,"href":"https:\/\/regiaonews.net.br\/2022\/wp-json\/wp\/v2\/posts\/106122\/revisions\/106129"}],"wp:featuredmedia":[{"embeddable":true,"href":"https:\/\/regiaonews.net.br\/2022\/wp-json\/wp\/v2\/media\/106123"}],"wp:attachment":[{"href":"https:\/\/regiaonews.net.br\/2022\/wp-json\/wp\/v2\/media?parent=106122"}],"wp:term":[{"taxonomy":"category","embeddable":true,"href":"https:\/\/regiaonews.net.br\/2022\/wp-json\/wp\/v2\/categories?post=106122"},{"taxonomy":"post_tag","embeddable":true,"href":"https:\/\/regiaonews.net.br\/2022\/wp-json\/wp\/v2\/tags?post=106122"}],"curies":[{"name":"wp","href":"https:\/\/api.w.org\/{rel}","templated":true}]}}