{"id":106113,"date":"2024-06-10T16:19:24","date_gmt":"2024-06-10T19:19:24","guid":{"rendered":"https:\/\/regiaonews.net.br\/2022\/?p=106113"},"modified":"2024-06-10T16:19:24","modified_gmt":"2024-06-10T19:19:24","slug":"avcc-recebe-mais-de-600-quilos-de-lacres-de-aluminio-doados-por-concurso-de-beleza","status":"publish","type":"post","link":"https:\/\/regiaonews.net.br\/2022\/2024\/06\/10\/avcc-recebe-mais-de-600-quilos-de-lacres-de-aluminio-doados-por-concurso-de-beleza\/","title":{"rendered":"AVCC recebe mais de 600 quilos de lacres de alum\u00ednio doados por concurso de beleza"},"content":{"rendered":"<h3 style=\"text-align: center;\">Candidatas e candidatos do &#8220;Miss e Mister Rodeio Brasil 2024&#8221; realizaram campanhas de coleta de lacres como prova do concurso<\/h3>\n<p>A Associa\u00e7\u00e3o Volunt\u00e1ria de Combate ao C\u00e2ncer &#8211; AVCC recebeu a doa\u00e7\u00e3o de mais de 600 quilos de lacres de latas de alum\u00ednio arrecadados pelas candidatas e candidatos do concurso &#8220;Miss e Mister Rodeio Brasil 2024&#8221;. Durante o concurso de cultura e beleza, uma das provas exigia que todos os modelos participantes recolhessem o maior n\u00famero poss\u00edvel de lacres de alum\u00ednio.<\/p>\n<p>Parte da diretoria da AVCC esteve presente junto aos participantes do concurso para explicar o trabalho da entidade e acompanhou a noite do concurso, no Parque do Pe\u00e3o, que consagrou B\u00e1rbara Fernandes e Robson Copeski, respectivamente, como Miss e Mister Rodeio Brasil 2024. O presidente Jo\u00e3o Carlos Silva Jony, acompanhado das duas diretoras financeiras, Cesarina Maciel Prata e Maria Aparecida de Souza Becari.<\/p>\n<p>O presidente da AVCC, Jo\u00e3o Carlos Silva Jony explicou que \u201cuma das fontes de renda da entidade \u00e9 a venda dos lacres de alum\u00ednio, tirado das latinhas de bebidas, com o dinheiro arrecadado, nossa institui\u00e7\u00e3o poder\u00e1 prestar melhor aux\u00edlio aos pacientes do Hospital de Amor e suas fam\u00edlias. Muitos vem dos mais diferentes lugares do pa\u00eds, muitas vezes, apenas com o dinheiro do transporte, tendo dificuldades ao chegar em Barretos, n\u00f3s os ajudamos a ter o m\u00ednimo de conforto para enfrentar o tratamento, e tamb\u00e9m ajudamos fam\u00edlias, at\u00e9 mesmo barretenses, que n\u00e3o disp\u00f5e de condi\u00e7\u00f5es para, por exemplo, aquisi\u00e7\u00e3o de mais rem\u00e9dios, de produtos de higiene e limpeza, de pacotes de fraldas, de cadeiras de rodas. Toda doa\u00e7\u00e3o \u00e9 muito bem-vinda, inclusive para pagamento das despesas da pr\u00f3pria entidade\u201d, disse Jony.<\/p>\n<p>O jornalista e produtor do concurso revelou estar muito feliz com o resultado da prova. Milton Figueiredo disse \u201cSempre busco colocar uma atividade comunit\u00e1ria para que os participantes do concurso entendam que o papel de uma miss e de um mister vai muito al\u00e9m de sorrir e exibir a beleza, eles podem usar a sua voz, a visibilidade conquistada, para fazer mais pelas pessoas, pela comunidade em que est\u00e3o. Foi muito bonito ver o n\u00edvel de ades\u00e3o a essa prova, o comprometimento em ajudar a entidade. Fico feliz que o concurso pode ajudar a AVCC a continuar seu trabalho t\u00e3o importante\u201d, pontuou.<\/p>\n<p>Sobre a AVCC<br \/>\nA AVCC Barretos foi fundada em 1997 por um grupo de volunt\u00e1rias da Associa\u00e7\u00e3o Paulista Feminina de Combate ao C\u00e2ncer de S\u00e3o Paulo, tendo como objetivo prestar servi\u00e7os volunt\u00e1rios gratuitos \u00e0 pacientes diagnosticados com c\u00e2ncer no Hospital, nos alojamentos e nas resid\u00eancias particulares.<br \/>\nA entidade n\u00e3o tem fins lucrativos, credo religioso ou cunho pol\u00edtico-partid\u00e1rio, e atualmente conta com o trabalho de mais de 60 volunt\u00e1rios, uma sede onde funciona seu brech\u00f3 e onde recebe doa\u00e7\u00f5es das mais diferentes esp\u00e9cies, desde roupas, tampinhas pl\u00e1sticas, lacres de latinhas, que s\u00e3o revertidos em recursos para as obras da entidade, at\u00e9 dinheiro, doa\u00e7\u00e3o de mantimentos, rem\u00e9dios e equipamentos, que s\u00e3o utilizados diretamente por pacientes que n\u00e3o tem recursos para arcar com esses itens.<br \/>\nPara colaborar ou ser volunt\u00e1rio da AVCC, o contato telef\u00f4nico \u00e9 (17) 3324-4519. Acompanhe o trabalho da institui\u00e7\u00e3o pelas redes sociais @avccbarretos. A AVCC fica localizada na Avenida Paulo de Matos Leandro, n\u00ba 1357, no bairro Paulo Prata.<\/p>\n<p>Fotos: M\u00e1rcio\u00a0Oliveira<\/p>\n","protected":false},"excerpt":{"rendered":"<p>Candidatas e candidatos do &#8220;Miss e Mister Rodeio Brasil 2024&#8221;<\/p>\n","protected":false},"author":2,"featured_media":106114,"comment_status":"open","ping_status":"open","sticky":false,"template":"","format":"standard","meta":{"footnotes":""},"categories":[14,3],"tags":[],"class_list":["post-106113","post","type-post","status-publish","format-standard","has-post-thumbnail","hentry","category-barretos","category-geral"],"yoast_head":"<!-- This site is optimized with the Yoast SEO plugin v27.4 - https:\/\/yoast.com\/product\/yoast-seo-wordpress\/ -->\n<title>AVCC recebe mais de 600 quilos de lacres de alum\u00ednio doados por concurso de beleza - Regi\u00e3o News<\/title>\n<meta name=\"robots\" content=\"index, follow, max-snippet:-1, max-image-preview:large, max-video-preview:-1\" \/>\n<link rel=\"canonical\" href=\"https:\/\/regiaonews.net.br\/2022\/2024\/06\/10\/avcc-recebe-mais-de-600-quilos-de-lacres-de-aluminio-doados-por-concurso-de-beleza\/\" \/>\n<meta property=\"og:locale\" content=\"pt_BR\" \/>\n<meta property=\"og:type\" content=\"article\" \/>\n<meta property=\"og:title\" content=\"AVCC recebe mais de 600 quilos de lacres de alum\u00ednio doados por concurso de beleza - Regi\u00e3o News\" \/>\n<meta property=\"og:description\" content=\"Candidatas e candidatos do &#8220;Miss e Mister Rodeio Brasil 2024&#8221;\" \/>\n<meta property=\"og:url\" content=\"https:\/\/regiaonews.net.br\/2022\/2024\/06\/10\/avcc-recebe-mais-de-600-quilos-de-lacres-de-aluminio-doados-por-concurso-de-beleza\/\" \/>\n<meta property=\"og:site_name\" content=\"Regi\u00e3o News\" \/>\n<meta property=\"article:published_time\" content=\"2024-06-10T19:19:24+00:00\" \/>\n<meta property=\"og:image\" content=\"https:\/\/regiaonews.net.br\/2022\/wp-content\/uploads\/2024\/06\/Imagem-do-WhatsApp-de-2024-06-10-as-15.28.00_fd8f8a82.jpg\" \/>\n\t<meta property=\"og:image:width\" content=\"1398\" \/>\n\t<meta property=\"og:image:height\" content=\"933\" \/>\n\t<meta property=\"og:image:type\" content=\"image\/jpeg\" \/>\n<meta name=\"author\" content=\"Roberto\" \/>\n<meta name=\"twitter:card\" content=\"summary_large_image\" \/>\n<meta name=\"twitter:label1\" content=\"Escrito por\" \/>\n\t<meta name=\"twitter:data1\" content=\"Roberto\" \/>\n\t<meta name=\"twitter:label2\" content=\"Est. tempo de leitura\" \/>\n\t<meta name=\"twitter:data2\" content=\"4 minutos\" \/>\n<script type=\"application\/ld+json\" class=\"yoast-schema-graph\">{\"@context\":\"https:\\\/\\\/schema.org\",\"@graph\":[{\"@type\":\"Article\",\"@id\":\"https:\\\/\\\/regiaonews.net.br\\\/2022\\\/2024\\\/06\\\/10\\\/avcc-recebe-mais-de-600-quilos-de-lacres-de-aluminio-doados-por-concurso-de-beleza\\\/#article\",\"isPartOf\":{\"@id\":\"https:\\\/\\\/regiaonews.net.br\\\/2022\\\/2024\\\/06\\\/10\\\/avcc-recebe-mais-de-600-quilos-de-lacres-de-aluminio-doados-por-concurso-de-beleza\\\/\"},\"author\":{\"name\":\"Roberto\",\"@id\":\"https:\\\/\\\/regiaonews.net.br\\\/2022\\\/#\\\/schema\\\/person\\\/2d205a608a5aa97ac279d7a5e6d89ad8\"},\"headline\":\"AVCC recebe mais de 600 quilos de lacres de alum\u00ednio doados por concurso de beleza\",\"datePublished\":\"2024-06-10T19:19:24+00:00\",\"mainEntityOfPage\":{\"@id\":\"https:\\\/\\\/regiaonews.net.br\\\/2022\\\/2024\\\/06\\\/10\\\/avcc-recebe-mais-de-600-quilos-de-lacres-de-aluminio-doados-por-concurso-de-beleza\\\/\"},\"wordCount\":601,\"commentCount\":0,\"publisher\":{\"@id\":\"https:\\\/\\\/regiaonews.net.br\\\/2022\\\/#organization\"},\"image\":{\"@id\":\"https:\\\/\\\/regiaonews.net.br\\\/2022\\\/2024\\\/06\\\/10\\\/avcc-recebe-mais-de-600-quilos-de-lacres-de-aluminio-doados-por-concurso-de-beleza\\\/#primaryimage\"},\"thumbnailUrl\":\"https:\\\/\\\/regiaonews.net.br\\\/2022\\\/wp-content\\\/uploads\\\/2024\\\/06\\\/Imagem-do-WhatsApp-de-2024-06-10-as-15.28.00_fd8f8a82.jpg\",\"articleSection\":[\"Barretos\",\"Geral\"],\"inLanguage\":\"pt-BR\",\"potentialAction\":[{\"@type\":\"CommentAction\",\"name\":\"Comment\",\"target\":[\"https:\\\/\\\/regiaonews.net.br\\\/2022\\\/2024\\\/06\\\/10\\\/avcc-recebe-mais-de-600-quilos-de-lacres-de-aluminio-doados-por-concurso-de-beleza\\\/#respond\"]}]},{\"@type\":\"WebPage\",\"@id\":\"https:\\\/\\\/regiaonews.net.br\\\/2022\\\/2024\\\/06\\\/10\\\/avcc-recebe-mais-de-600-quilos-de-lacres-de-aluminio-doados-por-concurso-de-beleza\\\/\",\"url\":\"https:\\\/\\\/regiaonews.net.br\\\/2022\\\/2024\\\/06\\\/10\\\/avcc-recebe-mais-de-600-quilos-de-lacres-de-aluminio-doados-por-concurso-de-beleza\\\/\",\"name\":\"AVCC recebe mais de 600 quilos de lacres de alum\u00ednio doados por concurso de beleza - Regi\u00e3o News\",\"isPartOf\":{\"@id\":\"https:\\\/\\\/regiaonews.net.br\\\/2022\\\/#website\"},\"primaryImageOfPage\":{\"@id\":\"https:\\\/\\\/regiaonews.net.br\\\/2022\\\/2024\\\/06\\\/10\\\/avcc-recebe-mais-de-600-quilos-de-lacres-de-aluminio-doados-por-concurso-de-beleza\\\/#primaryimage\"},\"image\":{\"@id\":\"https:\\\/\\\/regiaonews.net.br\\\/2022\\\/2024\\\/06\\\/10\\\/avcc-recebe-mais-de-600-quilos-de-lacres-de-aluminio-doados-por-concurso-de-beleza\\\/#primaryimage\"},\"thumbnailUrl\":\"https:\\\/\\\/regiaonews.net.br\\\/2022\\\/wp-content\\\/uploads\\\/2024\\\/06\\\/Imagem-do-WhatsApp-de-2024-06-10-as-15.28.00_fd8f8a82.jpg\",\"datePublished\":\"2024-06-10T19:19:24+00:00\",\"breadcrumb\":{\"@id\":\"https:\\\/\\\/regiaonews.net.br\\\/2022\\\/2024\\\/06\\\/10\\\/avcc-recebe-mais-de-600-quilos-de-lacres-de-aluminio-doados-por-concurso-de-beleza\\\/#breadcrumb\"},\"inLanguage\":\"pt-BR\",\"potentialAction\":[{\"@type\":\"ReadAction\",\"target\":[\"https:\\\/\\\/regiaonews.net.br\\\/2022\\\/2024\\\/06\\\/10\\\/avcc-recebe-mais-de-600-quilos-de-lacres-de-aluminio-doados-por-concurso-de-beleza\\\/\"]}]},{\"@type\":\"ImageObject\",\"inLanguage\":\"pt-BR\",\"@id\":\"https:\\\/\\\/regiaonews.net.br\\\/2022\\\/2024\\\/06\\\/10\\\/avcc-recebe-mais-de-600-quilos-de-lacres-de-aluminio-doados-por-concurso-de-beleza\\\/#primaryimage\",\"url\":\"https:\\\/\\\/regiaonews.net.br\\\/2022\\\/wp-content\\\/uploads\\\/2024\\\/06\\\/Imagem-do-WhatsApp-de-2024-06-10-as-15.28.00_fd8f8a82.jpg\",\"contentUrl\":\"https:\\\/\\\/regiaonews.net.br\\\/2022\\\/wp-content\\\/uploads\\\/2024\\\/06\\\/Imagem-do-WhatsApp-de-2024-06-10-as-15.28.00_fd8f8a82.jpg\",\"width\":1398,\"height\":933},{\"@type\":\"BreadcrumbList\",\"@id\":\"https:\\\/\\\/regiaonews.net.br\\\/2022\\\/2024\\\/06\\\/10\\\/avcc-recebe-mais-de-600-quilos-de-lacres-de-aluminio-doados-por-concurso-de-beleza\\\/#breadcrumb\",\"itemListElement\":[{\"@type\":\"ListItem\",\"position\":1,\"name\":\"In\u00edcio\",\"item\":\"https:\\\/\\\/regiaonews.net.br\\\/2022\\\/\"},{\"@type\":\"ListItem\",\"position\":2,\"name\":\"AVCC recebe mais de 600 quilos de lacres de alum\u00ednio doados por concurso de beleza\"}]},{\"@type\":\"WebSite\",\"@id\":\"https:\\\/\\\/regiaonews.net.br\\\/2022\\\/#website\",\"url\":\"https:\\\/\\\/regiaonews.net.br\\\/2022\\\/\",\"name\":\"Regi\u00e3o News\",\"description\":\"Site de Not\u00edcias de Barretos e regi\u00e3o\",\"publisher\":{\"@id\":\"https:\\\/\\\/regiaonews.net.br\\\/2022\\\/#organization\"},\"potentialAction\":[{\"@type\":\"SearchAction\",\"target\":{\"@type\":\"EntryPoint\",\"urlTemplate\":\"https:\\\/\\\/regiaonews.net.br\\\/2022\\\/?s={search_term_string}\"},\"query-input\":{\"@type\":\"PropertyValueSpecification\",\"valueRequired\":true,\"valueName\":\"search_term_string\"}}],\"inLanguage\":\"pt-BR\"},{\"@type\":\"Organization\",\"@id\":\"https:\\\/\\\/regiaonews.net.br\\\/2022\\\/#organization\",\"name\":\"Regi\u00e3o News\",\"url\":\"https:\\\/\\\/regiaonews.net.br\\\/2022\\\/\",\"logo\":{\"@type\":\"ImageObject\",\"inLanguage\":\"pt-BR\",\"@id\":\"https:\\\/\\\/regiaonews.net.br\\\/2022\\\/#\\\/schema\\\/logo\\\/image\\\/\",\"url\":\"https:\\\/\\\/regiaonews.net.br\\\/2022\\\/wp-content\\\/uploads\\\/2026\\\/03\\\/regiao-13-anos-scaled.jpg\",\"contentUrl\":\"https:\\\/\\\/regiaonews.net.br\\\/2022\\\/wp-content\\\/uploads\\\/2026\\\/03\\\/regiao-13-anos-scaled.jpg\",\"width\":2560,\"height\":635,\"caption\":\"Regi\u00e3o News\"},\"image\":{\"@id\":\"https:\\\/\\\/regiaonews.net.br\\\/2022\\\/#\\\/schema\\\/logo\\\/image\\\/\"}},{\"@type\":\"Person\",\"@id\":\"https:\\\/\\\/regiaonews.net.br\\\/2022\\\/#\\\/schema\\\/person\\\/2d205a608a5aa97ac279d7a5e6d89ad8\",\"name\":\"Roberto\",\"image\":{\"@type\":\"ImageObject\",\"inLanguage\":\"pt-BR\",\"@id\":\"https:\\\/\\\/secure.gravatar.com\\\/avatar\\\/42749d8b712ff9d59ca93dc150494e5b55a44134482993f5baeb97e61b7ecc89?s=96&d=mm&r=g\",\"url\":\"https:\\\/\\\/secure.gravatar.com\\\/avatar\\\/42749d8b712ff9d59ca93dc150494e5b55a44134482993f5baeb97e61b7ecc89?s=96&d=mm&r=g\",\"contentUrl\":\"https:\\\/\\\/secure.gravatar.com\\\/avatar\\\/42749d8b712ff9d59ca93dc150494e5b55a44134482993f5baeb97e61b7ecc89?s=96&d=mm&r=g\",\"caption\":\"Roberto\"},\"url\":\"https:\\\/\\\/regiaonews.net.br\\\/2022\\\/author\\\/roberto\\\/\"}]}<\/script>\n<!-- \/ Yoast SEO plugin. -->","yoast_head_json":{"title":"AVCC recebe mais de 600 quilos de lacres de alum\u00ednio doados por concurso de beleza - Regi\u00e3o News","robots":{"index":"index","follow":"follow","max-snippet":"max-snippet:-1","max-image-preview":"max-image-preview:large","max-video-preview":"max-video-preview:-1"},"canonical":"https:\/\/regiaonews.net.br\/2022\/2024\/06\/10\/avcc-recebe-mais-de-600-quilos-de-lacres-de-aluminio-doados-por-concurso-de-beleza\/","og_locale":"pt_BR","og_type":"article","og_title":"AVCC recebe mais de 600 quilos de lacres de alum\u00ednio doados por concurso de beleza - Regi\u00e3o News","og_description":"Candidatas e candidatos do &#8220;Miss e Mister Rodeio Brasil 2024&#8221;","og_url":"https:\/\/regiaonews.net.br\/2022\/2024\/06\/10\/avcc-recebe-mais-de-600-quilos-de-lacres-de-aluminio-doados-por-concurso-de-beleza\/","og_site_name":"Regi\u00e3o News","article_published_time":"2024-06-10T19:19:24+00:00","og_image":[{"width":1398,"height":933,"url":"https:\/\/regiaonews.net.br\/2022\/wp-content\/uploads\/2024\/06\/Imagem-do-WhatsApp-de-2024-06-10-as-15.28.00_fd8f8a82.jpg","type":"image\/jpeg"}],"author":"Roberto","twitter_card":"summary_large_image","twitter_misc":{"Escrito por":"Roberto","Est. tempo de leitura":"4 minutos"},"schema":{"@context":"https:\/\/schema.org","@graph":[{"@type":"Article","@id":"https:\/\/regiaonews.net.br\/2022\/2024\/06\/10\/avcc-recebe-mais-de-600-quilos-de-lacres-de-aluminio-doados-por-concurso-de-beleza\/#article","isPartOf":{"@id":"https:\/\/regiaonews.net.br\/2022\/2024\/06\/10\/avcc-recebe-mais-de-600-quilos-de-lacres-de-aluminio-doados-por-concurso-de-beleza\/"},"author":{"name":"Roberto","@id":"https:\/\/regiaonews.net.br\/2022\/#\/schema\/person\/2d205a608a5aa97ac279d7a5e6d89ad8"},"headline":"AVCC recebe mais de 600 quilos de lacres de alum\u00ednio doados por concurso de beleza","datePublished":"2024-06-10T19:19:24+00:00","mainEntityOfPage":{"@id":"https:\/\/regiaonews.net.br\/2022\/2024\/06\/10\/avcc-recebe-mais-de-600-quilos-de-lacres-de-aluminio-doados-por-concurso-de-beleza\/"},"wordCount":601,"commentCount":0,"publisher":{"@id":"https:\/\/regiaonews.net.br\/2022\/#organization"},"image":{"@id":"https:\/\/regiaonews.net.br\/2022\/2024\/06\/10\/avcc-recebe-mais-de-600-quilos-de-lacres-de-aluminio-doados-por-concurso-de-beleza\/#primaryimage"},"thumbnailUrl":"https:\/\/regiaonews.net.br\/2022\/wp-content\/uploads\/2024\/06\/Imagem-do-WhatsApp-de-2024-06-10-as-15.28.00_fd8f8a82.jpg","articleSection":["Barretos","Geral"],"inLanguage":"pt-BR","potentialAction":[{"@type":"CommentAction","name":"Comment","target":["https:\/\/regiaonews.net.br\/2022\/2024\/06\/10\/avcc-recebe-mais-de-600-quilos-de-lacres-de-aluminio-doados-por-concurso-de-beleza\/#respond"]}]},{"@type":"WebPage","@id":"https:\/\/regiaonews.net.br\/2022\/2024\/06\/10\/avcc-recebe-mais-de-600-quilos-de-lacres-de-aluminio-doados-por-concurso-de-beleza\/","url":"https:\/\/regiaonews.net.br\/2022\/2024\/06\/10\/avcc-recebe-mais-de-600-quilos-de-lacres-de-aluminio-doados-por-concurso-de-beleza\/","name":"AVCC recebe mais de 600 quilos de lacres de alum\u00ednio doados por concurso de beleza - Regi\u00e3o News","isPartOf":{"@id":"https:\/\/regiaonews.net.br\/2022\/#website"},"primaryImageOfPage":{"@id":"https:\/\/regiaonews.net.br\/2022\/2024\/06\/10\/avcc-recebe-mais-de-600-quilos-de-lacres-de-aluminio-doados-por-concurso-de-beleza\/#primaryimage"},"image":{"@id":"https:\/\/regiaonews.net.br\/2022\/2024\/06\/10\/avcc-recebe-mais-de-600-quilos-de-lacres-de-aluminio-doados-por-concurso-de-beleza\/#primaryimage"},"thumbnailUrl":"https:\/\/regiaonews.net.br\/2022\/wp-content\/uploads\/2024\/06\/Imagem-do-WhatsApp-de-2024-06-10-as-15.28.00_fd8f8a82.jpg","datePublished":"2024-06-10T19:19:24+00:00","breadcrumb":{"@id":"https:\/\/regiaonews.net.br\/2022\/2024\/06\/10\/avcc-recebe-mais-de-600-quilos-de-lacres-de-aluminio-doados-por-concurso-de-beleza\/#breadcrumb"},"inLanguage":"pt-BR","potentialAction":[{"@type":"ReadAction","target":["https:\/\/regiaonews.net.br\/2022\/2024\/06\/10\/avcc-recebe-mais-de-600-quilos-de-lacres-de-aluminio-doados-por-concurso-de-beleza\/"]}]},{"@type":"ImageObject","inLanguage":"pt-BR","@id":"https:\/\/regiaonews.net.br\/2022\/2024\/06\/10\/avcc-recebe-mais-de-600-quilos-de-lacres-de-aluminio-doados-por-concurso-de-beleza\/#primaryimage","url":"https:\/\/regiaonews.net.br\/2022\/wp-content\/uploads\/2024\/06\/Imagem-do-WhatsApp-de-2024-06-10-as-15.28.00_fd8f8a82.jpg","contentUrl":"https:\/\/regiaonews.net.br\/2022\/wp-content\/uploads\/2024\/06\/Imagem-do-WhatsApp-de-2024-06-10-as-15.28.00_fd8f8a82.jpg","width":1398,"height":933},{"@type":"BreadcrumbList","@id":"https:\/\/regiaonews.net.br\/2022\/2024\/06\/10\/avcc-recebe-mais-de-600-quilos-de-lacres-de-aluminio-doados-por-concurso-de-beleza\/#breadcrumb","itemListElement":[{"@type":"ListItem","position":1,"name":"In\u00edcio","item":"https:\/\/regiaonews.net.br\/2022\/"},{"@type":"ListItem","position":2,"name":"AVCC recebe mais de 600 quilos de lacres de alum\u00ednio doados por concurso de beleza"}]},{"@type":"WebSite","@id":"https:\/\/regiaonews.net.br\/2022\/#website","url":"https:\/\/regiaonews.net.br\/2022\/","name":"Regi\u00e3o News","description":"Site de Not\u00edcias de Barretos e regi\u00e3o","publisher":{"@id":"https:\/\/regiaonews.net.br\/2022\/#organization"},"potentialAction":[{"@type":"SearchAction","target":{"@type":"EntryPoint","urlTemplate":"https:\/\/regiaonews.net.br\/2022\/?s={search_term_string}"},"query-input":{"@type":"PropertyValueSpecification","valueRequired":true,"valueName":"search_term_string"}}],"inLanguage":"pt-BR"},{"@type":"Organization","@id":"https:\/\/regiaonews.net.br\/2022\/#organization","name":"Regi\u00e3o News","url":"https:\/\/regiaonews.net.br\/2022\/","logo":{"@type":"ImageObject","inLanguage":"pt-BR","@id":"https:\/\/regiaonews.net.br\/2022\/#\/schema\/logo\/image\/","url":"https:\/\/regiaonews.net.br\/2022\/wp-content\/uploads\/2026\/03\/regiao-13-anos-scaled.jpg","contentUrl":"https:\/\/regiaonews.net.br\/2022\/wp-content\/uploads\/2026\/03\/regiao-13-anos-scaled.jpg","width":2560,"height":635,"caption":"Regi\u00e3o News"},"image":{"@id":"https:\/\/regiaonews.net.br\/2022\/#\/schema\/logo\/image\/"}},{"@type":"Person","@id":"https:\/\/regiaonews.net.br\/2022\/#\/schema\/person\/2d205a608a5aa97ac279d7a5e6d89ad8","name":"Roberto","image":{"@type":"ImageObject","inLanguage":"pt-BR","@id":"https:\/\/secure.gravatar.com\/avatar\/42749d8b712ff9d59ca93dc150494e5b55a44134482993f5baeb97e61b7ecc89?s=96&d=mm&r=g","url":"https:\/\/secure.gravatar.com\/avatar\/42749d8b712ff9d59ca93dc150494e5b55a44134482993f5baeb97e61b7ecc89?s=96&d=mm&r=g","contentUrl":"https:\/\/secure.gravatar.com\/avatar\/42749d8b712ff9d59ca93dc150494e5b55a44134482993f5baeb97e61b7ecc89?s=96&d=mm&r=g","caption":"Roberto"},"url":"https:\/\/regiaonews.net.br\/2022\/author\/roberto\/"}]}},"publishpress_future_action":{"enabled":false,"date":"2026-05-03 09:21:27","action":"change-status","newStatus":"draft","terms":[],"taxonomy":"category","extraData":[]},"publishpress_future_workflow_manual_trigger":{"enabledWorkflows":[]},"_links":{"self":[{"href":"https:\/\/regiaonews.net.br\/2022\/wp-json\/wp\/v2\/posts\/106113","targetHints":{"allow":["GET"]}}],"collection":[{"href":"https:\/\/regiaonews.net.br\/2022\/wp-json\/wp\/v2\/posts"}],"about":[{"href":"https:\/\/regiaonews.net.br\/2022\/wp-json\/wp\/v2\/types\/post"}],"author":[{"embeddable":true,"href":"https:\/\/regiaonews.net.br\/2022\/wp-json\/wp\/v2\/users\/2"}],"replies":[{"embeddable":true,"href":"https:\/\/regiaonews.net.br\/2022\/wp-json\/wp\/v2\/comments?post=106113"}],"version-history":[{"count":1,"href":"https:\/\/regiaonews.net.br\/2022\/wp-json\/wp\/v2\/posts\/106113\/revisions"}],"predecessor-version":[{"id":106115,"href":"https:\/\/regiaonews.net.br\/2022\/wp-json\/wp\/v2\/posts\/106113\/revisions\/106115"}],"wp:featuredmedia":[{"embeddable":true,"href":"https:\/\/regiaonews.net.br\/2022\/wp-json\/wp\/v2\/media\/106114"}],"wp:attachment":[{"href":"https:\/\/regiaonews.net.br\/2022\/wp-json\/wp\/v2\/media?parent=106113"}],"wp:term":[{"taxonomy":"category","embeddable":true,"href":"https:\/\/regiaonews.net.br\/2022\/wp-json\/wp\/v2\/categories?post=106113"},{"taxonomy":"post_tag","embeddable":true,"href":"https:\/\/regiaonews.net.br\/2022\/wp-json\/wp\/v2\/tags?post=106113"}],"curies":[{"name":"wp","href":"https:\/\/api.w.org\/{rel}","templated":true}]}}