{"id":106075,"date":"2024-06-09T15:19:35","date_gmt":"2024-06-09T18:19:35","guid":{"rendered":"https:\/\/regiaonews.net.br\/2022\/?p=106075"},"modified":"2024-06-09T15:26:03","modified_gmt":"2024-06-09T18:26:03","slug":"ultima-noite-do-4o-rodeio-pela-vida-premia-campeoes-e-bate-recorde-de-publico","status":"publish","type":"post","link":"https:\/\/regiaonews.net.br\/2022\/2024\/06\/09\/ultima-noite-do-4o-rodeio-pela-vida-premia-campeoes-e-bate-recorde-de-publico\/","title":{"rendered":"4\u00ba Rodeio Pela Vida premia campe\u00f5es e bate recorde de p\u00fablico"},"content":{"rendered":"<p style=\"text-align: left;\">Foram dias inesquec\u00edveis, animados e repletos de competi\u00e7\u00f5es eletrizantes. E ap\u00f3s tr\u00eas noites de montarias, foram conhecidos na noite de s\u00e1bado\u00a0 (8), os grandes campe\u00f5es desta etapa.<\/p>\n<p>Sela Americana<\/p>\n<p>Na modalidade Sela Americana, Armando Losnake, de Piratininga (SP), chegou \u00e0 final liderando a competi\u00e7\u00e3o, administrou o resultado fazendo a maior da noite com 80 pontos no animal Fim de Noite, da Prohorse, e levou o cobi\u00e7ado t\u00edtulo de campe\u00e3o do evento somando 156 pontos. A segunda posi\u00e7\u00e3o foi para S\u00e9rgio Vitor Silva, de Mococa (SP), com 130 pontos, e em terceiro ficou o mineiro Vin\u00edcius Ruiz, com 68 pontos. O animal Fim de Noite, da Prohorse, foi o melhor da Sela Americana.<\/p>\n<p>Bareback<\/p>\n<p>Carlos Augusto Rosa, de Pomp\u00e9ia (SP), e Jess\u00e9 Oliveira, de Ipixuna (AM) empataram na pontua\u00e7\u00e3o do Bareback e dividiram o t\u00edtulo de campe\u00e3o do 4\u00ba Rodeio Pela Vida, somando 146 pontos. O terceiro lugar foi para Matheus Ramalho, de Viradouro (SP), totalizando 144 pontos. A \u00e9gua Chilena, da Prohorse, foi a melhor da modalidade.<\/p>\n<p>Tr\u00eas Tambores<\/p>\n<p>Nos Tr\u00eas Tambores, a competidora L\u00edvia Alves com Atack Lake fez a menor somat\u00f3ria de tempo, com 43,405, e conquistou seu primeiro t\u00edtulo na categoria Mirim da etapa ANTT em Barretos (SP). O segundo lugar foi para Lara Eloisa Olmos Correio e Belinha To Fly, com 44.083; em terceiro, Maria Luiza Rosa Blasio na sela de Sheza Olena Question, com 44.703, seguida por Isabela Granato Mendes e Kat Lee County LR, com 45,117 na quarta posi\u00e7\u00e3o; e Lu\u00edsa Silva Gon\u00e7alves com o animal Poco More WRB, fechando o p\u00f3dio com 51,090.<\/p>\n<p>As disputas finais na categoria Feminino da ANTT foram acirradas e Ana Laura Savini Gomes, com B2B Noa Carat Rolls, levou o t\u00edtulo totalizando 42,467. Marilia Siqueira de Paiva com Tr\u00eas Boss IM foi a vice-campe\u00e3, com a somat\u00f3ria de 42,706. Em terceiro lugar ficou Kelly Carolina Pereira da Silva e Elabella Fame (43,087), seguida por Eduarda Peres e Cesar 3 6 HRZ (43,129) na quarta posi\u00e7\u00e3o; e Mayana Muniz com o seu Fant\u00e1stico TA Fame, totalizando 43,125, em quinto lugar.<\/p>\n<p>Breakaway<\/p>\n<p>Com 100% de aproveitamento no Breakaway Roping, Raquelly Conde foi a grande campe\u00e3, somando 13,28 em tr\u00eas la\u00e7adas. A estreante Lenny Paduan foi a vice-campe\u00e3 com uma \u00fanica la\u00e7ada de 2,55; e Lav\u00ednia Dias fechou o p\u00f3dio na 3\u00aa posi\u00e7\u00e3o com 3,25.<\/p>\n<p>Touros<\/p>\n<p>No rodeio em touros o competidor Jo\u00e3o Paulo Victor, de Gast\u00e3o Vidigal (SP) levou o desejado t\u00edtulo de campe\u00e3o, somando 265 pontos, com a pequena diferen\u00e7a de 0,25 pontos \u00e0 frente do vice-campe\u00e3o Iago Aleixo Alves, de Ouvidor (GO), que totalizou 264,75. Com a m\u00e9dia de 45,25, o melhor touro da etapa foi o touro Grego, da Cia Andr\u00e9 de Mogi, que tamb\u00e9m levou o t\u00edtulo de \u2018Melhor Boiada\u2019 do evento.<\/p>\n<p>Cutiano<\/p>\n<p>A grande final da temporada 23\/24 da Sele\u00e7\u00e3o Brasileira do Cutiano encerrou a programa\u00e7\u00e3o de competi\u00e7\u00f5es na arena e Fabiano Concei\u00e7\u00e3o, de Piracicaba (SP) foi o grande campe\u00e3o levando a premia\u00e7\u00e3o de uma caminhonete 0km. A comiss\u00e3o organizadora do Rodeio Pela Vida ressaltou sua meta de valorizar o rodeio em cavalos no estilo cutiano oferecendo uma premia\u00e7\u00e3o de destaque, pois foi com esta modalidade, h\u00e1 68 anos em Barretos, que tudo come\u00e7ou. O campe\u00e3o da etapa final foi o competidor Sidnei Pereira Brito, de Sant\u00f3polis do Aguape\u00ed (SP).<br \/>\nO animal Canastra, da Tropa JR&amp;BRR, foi o melhor da etapa com a m\u00e9dia de 44,88, e a Melhor Tropa foi a WR, de Novo Horizonte (SP).<\/p>\n<p>Shows<\/p>\n<p>Para finalizar a noite e encerrar o evento solid\u00e1rio com chave de ouro, os amigos e parceiros de longa data do HA, Rionegro &amp; Solim\u00f5es, subiram ao palco e apresentaram um show superanimado, com os maiores sucessos da dupla. Depois, o querido Bruno Rosa encerrou cantando as melhores m\u00fasicas do universo sertanejo.<\/p>\n<p><a href=\"https:\/\/regiaonews.net.br\/2022\/wp-content\/uploads\/2024\/06\/IMG-20240609-WA0146.jpg\"><img loading=\"lazy\" decoding=\"async\" class=\"alignnone size-medium wp-image-106076\" src=\"https:\/\/regiaonews.net.br\/2022\/wp-content\/uploads\/2024\/06\/IMG-20240609-WA0146-300x200.jpg\" alt=\"\" width=\"300\" height=\"200\" srcset=\"https:\/\/regiaonews.net.br\/2022\/wp-content\/uploads\/2024\/06\/IMG-20240609-WA0146-300x200.jpg 300w, https:\/\/regiaonews.net.br\/2022\/wp-content\/uploads\/2024\/06\/IMG-20240609-WA0146-1024x682.jpg 1024w, https:\/\/regiaonews.net.br\/2022\/wp-content\/uploads\/2024\/06\/IMG-20240609-WA0146-768x512.jpg 768w, https:\/\/regiaonews.net.br\/2022\/wp-content\/uploads\/2024\/06\/IMG-20240609-WA0146-1536x1023.jpg 1536w, https:\/\/regiaonews.net.br\/2022\/wp-content\/uploads\/2024\/06\/IMG-20240609-WA0146-250x167.jpg 250w, https:\/\/regiaonews.net.br\/2022\/wp-content\/uploads\/2024\/06\/IMG-20240609-WA0146-900x600.jpg 900w, https:\/\/regiaonews.net.br\/2022\/wp-content\/uploads\/2024\/06\/IMG-20240609-WA0146.jpg 1600w\" sizes=\"auto, (max-width: 300px) 100vw, 300px\" \/><\/a> <a href=\"https:\/\/regiaonews.net.br\/2022\/wp-content\/uploads\/2024\/06\/IMG-20240609-WA0147.jpg\"><img loading=\"lazy\" decoding=\"async\" class=\"alignnone size-medium wp-image-106077\" src=\"https:\/\/regiaonews.net.br\/2022\/wp-content\/uploads\/2024\/06\/IMG-20240609-WA0147-300x200.jpg\" alt=\"\" width=\"300\" height=\"200\" srcset=\"https:\/\/regiaonews.net.br\/2022\/wp-content\/uploads\/2024\/06\/IMG-20240609-WA0147-300x200.jpg 300w, https:\/\/regiaonews.net.br\/2022\/wp-content\/uploads\/2024\/06\/IMG-20240609-WA0147-1024x682.jpg 1024w, https:\/\/regiaonews.net.br\/2022\/wp-content\/uploads\/2024\/06\/IMG-20240609-WA0147-768x512.jpg 768w, https:\/\/regiaonews.net.br\/2022\/wp-content\/uploads\/2024\/06\/IMG-20240609-WA0147-1536x1023.jpg 1536w, https:\/\/regiaonews.net.br\/2022\/wp-content\/uploads\/2024\/06\/IMG-20240609-WA0147-250x167.jpg 250w, https:\/\/regiaonews.net.br\/2022\/wp-content\/uploads\/2024\/06\/IMG-20240609-WA0147-900x600.jpg 900w, https:\/\/regiaonews.net.br\/2022\/wp-content\/uploads\/2024\/06\/IMG-20240609-WA0147.jpg 1600w\" sizes=\"auto, (max-width: 300px) 100vw, 300px\" \/><\/a> <a href=\"https:\/\/regiaonews.net.br\/2022\/wp-content\/uploads\/2024\/06\/IMG-20240609-WA0148-1.jpg\"><img loading=\"lazy\" decoding=\"async\" class=\"alignnone size-medium wp-image-106079\" src=\"https:\/\/regiaonews.net.br\/2022\/wp-content\/uploads\/2024\/06\/IMG-20240609-WA0148-1-300x200.jpg\" alt=\"\" width=\"300\" height=\"200\" srcset=\"https:\/\/regiaonews.net.br\/2022\/wp-content\/uploads\/2024\/06\/IMG-20240609-WA0148-1-300x200.jpg 300w, https:\/\/regiaonews.net.br\/2022\/wp-content\/uploads\/2024\/06\/IMG-20240609-WA0148-1-1024x682.jpg 1024w, https:\/\/regiaonews.net.br\/2022\/wp-content\/uploads\/2024\/06\/IMG-20240609-WA0148-1-768x512.jpg 768w, https:\/\/regiaonews.net.br\/2022\/wp-content\/uploads\/2024\/06\/IMG-20240609-WA0148-1-1536x1023.jpg 1536w, https:\/\/regiaonews.net.br\/2022\/wp-content\/uploads\/2024\/06\/IMG-20240609-WA0148-1-250x167.jpg 250w, https:\/\/regiaonews.net.br\/2022\/wp-content\/uploads\/2024\/06\/IMG-20240609-WA0148-1-900x600.jpg 900w, https:\/\/regiaonews.net.br\/2022\/wp-content\/uploads\/2024\/06\/IMG-20240609-WA0148-1.jpg 1600w\" sizes=\"auto, (max-width: 300px) 100vw, 300px\" \/><\/a> <a href=\"https:\/\/regiaonews.net.br\/2022\/wp-content\/uploads\/2024\/06\/IMG-20240609-WA0150.jpg\"><img loading=\"lazy\" decoding=\"async\" class=\"alignnone size-medium wp-image-106081\" src=\"https:\/\/regiaonews.net.br\/2022\/wp-content\/uploads\/2024\/06\/IMG-20240609-WA0150-300x200.jpg\" alt=\"\" width=\"300\" height=\"200\" srcset=\"https:\/\/regiaonews.net.br\/2022\/wp-content\/uploads\/2024\/06\/IMG-20240609-WA0150-300x200.jpg 300w, https:\/\/regiaonews.net.br\/2022\/wp-content\/uploads\/2024\/06\/IMG-20240609-WA0150-1024x682.jpg 1024w, https:\/\/regiaonews.net.br\/2022\/wp-content\/uploads\/2024\/06\/IMG-20240609-WA0150-768x512.jpg 768w, https:\/\/regiaonews.net.br\/2022\/wp-content\/uploads\/2024\/06\/IMG-20240609-WA0150-1536x1023.jpg 1536w, https:\/\/regiaonews.net.br\/2022\/wp-content\/uploads\/2024\/06\/IMG-20240609-WA0150-250x167.jpg 250w, https:\/\/regiaonews.net.br\/2022\/wp-content\/uploads\/2024\/06\/IMG-20240609-WA0150-900x600.jpg 900w, https:\/\/regiaonews.net.br\/2022\/wp-content\/uploads\/2024\/06\/IMG-20240609-WA0150.jpg 1600w\" sizes=\"auto, (max-width: 300px) 100vw, 300px\" \/><\/a> <a href=\"https:\/\/regiaonews.net.br\/2022\/wp-content\/uploads\/2024\/06\/IMG-20240609-WA0151.jpg\"><img loading=\"lazy\" decoding=\"async\" class=\"alignnone size-medium wp-image-106082\" src=\"https:\/\/regiaonews.net.br\/2022\/wp-content\/uploads\/2024\/06\/IMG-20240609-WA0151-300x200.jpg\" alt=\"\" width=\"300\" height=\"200\" srcset=\"https:\/\/regiaonews.net.br\/2022\/wp-content\/uploads\/2024\/06\/IMG-20240609-WA0151-300x200.jpg 300w, https:\/\/regiaonews.net.br\/2022\/wp-content\/uploads\/2024\/06\/IMG-20240609-WA0151-1024x682.jpg 1024w, https:\/\/regiaonews.net.br\/2022\/wp-content\/uploads\/2024\/06\/IMG-20240609-WA0151-768x512.jpg 768w, https:\/\/regiaonews.net.br\/2022\/wp-content\/uploads\/2024\/06\/IMG-20240609-WA0151-1536x1023.jpg 1536w, https:\/\/regiaonews.net.br\/2022\/wp-content\/uploads\/2024\/06\/IMG-20240609-WA0151-250x167.jpg 250w, https:\/\/regiaonews.net.br\/2022\/wp-content\/uploads\/2024\/06\/IMG-20240609-WA0151-900x600.jpg 900w, https:\/\/regiaonews.net.br\/2022\/wp-content\/uploads\/2024\/06\/IMG-20240609-WA0151.jpg 1600w\" sizes=\"auto, (max-width: 300px) 100vw, 300px\" \/><\/a> <a href=\"https:\/\/regiaonews.net.br\/2022\/wp-content\/uploads\/2024\/06\/IMG-20240609-WA0152.jpg\"><img loading=\"lazy\" decoding=\"async\" class=\"alignnone size-medium wp-image-106083\" src=\"https:\/\/regiaonews.net.br\/2022\/wp-content\/uploads\/2024\/06\/IMG-20240609-WA0152-300x200.jpg\" alt=\"\" width=\"300\" height=\"200\" srcset=\"https:\/\/regiaonews.net.br\/2022\/wp-content\/uploads\/2024\/06\/IMG-20240609-WA0152-300x200.jpg 300w, https:\/\/regiaonews.net.br\/2022\/wp-content\/uploads\/2024\/06\/IMG-20240609-WA0152-1024x682.jpg 1024w, https:\/\/regiaonews.net.br\/2022\/wp-content\/uploads\/2024\/06\/IMG-20240609-WA0152-768x512.jpg 768w, https:\/\/regiaonews.net.br\/2022\/wp-content\/uploads\/2024\/06\/IMG-20240609-WA0152-1536x1023.jpg 1536w, https:\/\/regiaonews.net.br\/2022\/wp-content\/uploads\/2024\/06\/IMG-20240609-WA0152-250x167.jpg 250w, https:\/\/regiaonews.net.br\/2022\/wp-content\/uploads\/2024\/06\/IMG-20240609-WA0152-900x600.jpg 900w, https:\/\/regiaonews.net.br\/2022\/wp-content\/uploads\/2024\/06\/IMG-20240609-WA0152.jpg 1600w\" sizes=\"auto, (max-width: 300px) 100vw, 300px\" \/><\/a> <a href=\"https:\/\/regiaonews.net.br\/2022\/wp-content\/uploads\/2024\/06\/IMG-20240609-WA0153.jpg\"><img loading=\"lazy\" decoding=\"async\" class=\"alignnone size-medium wp-image-106084\" src=\"https:\/\/regiaonews.net.br\/2022\/wp-content\/uploads\/2024\/06\/IMG-20240609-WA0153-300x200.jpg\" alt=\"\" width=\"300\" height=\"200\" srcset=\"https:\/\/regiaonews.net.br\/2022\/wp-content\/uploads\/2024\/06\/IMG-20240609-WA0153-300x200.jpg 300w, https:\/\/regiaonews.net.br\/2022\/wp-content\/uploads\/2024\/06\/IMG-20240609-WA0153-1024x682.jpg 1024w, https:\/\/regiaonews.net.br\/2022\/wp-content\/uploads\/2024\/06\/IMG-20240609-WA0153-768x512.jpg 768w, https:\/\/regiaonews.net.br\/2022\/wp-content\/uploads\/2024\/06\/IMG-20240609-WA0153-1536x1023.jpg 1536w, https:\/\/regiaonews.net.br\/2022\/wp-content\/uploads\/2024\/06\/IMG-20240609-WA0153-250x167.jpg 250w, https:\/\/regiaonews.net.br\/2022\/wp-content\/uploads\/2024\/06\/IMG-20240609-WA0153-900x600.jpg 900w, https:\/\/regiaonews.net.br\/2022\/wp-content\/uploads\/2024\/06\/IMG-20240609-WA0153.jpg 1600w\" sizes=\"auto, (max-width: 300px) 100vw, 300px\" \/><\/a> <a href=\"https:\/\/regiaonews.net.br\/2022\/wp-content\/uploads\/2024\/06\/IMG-20240609-WA0154.jpg\"><img loading=\"lazy\" decoding=\"async\" class=\"alignnone size-medium wp-image-106085\" src=\"https:\/\/regiaonews.net.br\/2022\/wp-content\/uploads\/2024\/06\/IMG-20240609-WA0154-300x200.jpg\" alt=\"\" width=\"300\" height=\"200\" srcset=\"https:\/\/regiaonews.net.br\/2022\/wp-content\/uploads\/2024\/06\/IMG-20240609-WA0154-300x200.jpg 300w, https:\/\/regiaonews.net.br\/2022\/wp-content\/uploads\/2024\/06\/IMG-20240609-WA0154-1024x682.jpg 1024w, https:\/\/regiaonews.net.br\/2022\/wp-content\/uploads\/2024\/06\/IMG-20240609-WA0154-768x512.jpg 768w, https:\/\/regiaonews.net.br\/2022\/wp-content\/uploads\/2024\/06\/IMG-20240609-WA0154-1536x1023.jpg 1536w, https:\/\/regiaonews.net.br\/2022\/wp-content\/uploads\/2024\/06\/IMG-20240609-WA0154-250x167.jpg 250w, https:\/\/regiaonews.net.br\/2022\/wp-content\/uploads\/2024\/06\/IMG-20240609-WA0154-900x600.jpg 900w, https:\/\/regiaonews.net.br\/2022\/wp-content\/uploads\/2024\/06\/IMG-20240609-WA0154.jpg 1600w\" sizes=\"auto, (max-width: 300px) 100vw, 300px\" \/><\/a> <a href=\"https:\/\/regiaonews.net.br\/2022\/wp-content\/uploads\/2024\/06\/IMG-20240609-WA0145.jpg\"><img loading=\"lazy\" decoding=\"async\" class=\"alignnone size-medium wp-image-106086\" src=\"https:\/\/regiaonews.net.br\/2022\/wp-content\/uploads\/2024\/06\/IMG-20240609-WA0145-300x200.jpg\" alt=\"\" width=\"300\" height=\"200\" srcset=\"https:\/\/regiaonews.net.br\/2022\/wp-content\/uploads\/2024\/06\/IMG-20240609-WA0145-300x200.jpg 300w, https:\/\/regiaonews.net.br\/2022\/wp-content\/uploads\/2024\/06\/IMG-20240609-WA0145-1024x682.jpg 1024w, https:\/\/regiaonews.net.br\/2022\/wp-content\/uploads\/2024\/06\/IMG-20240609-WA0145-768x512.jpg 768w, https:\/\/regiaonews.net.br\/2022\/wp-content\/uploads\/2024\/06\/IMG-20240609-WA0145-1536x1023.jpg 1536w, https:\/\/regiaonews.net.br\/2022\/wp-content\/uploads\/2024\/06\/IMG-20240609-WA0145-250x167.jpg 250w, https:\/\/regiaonews.net.br\/2022\/wp-content\/uploads\/2024\/06\/IMG-20240609-WA0145-900x600.jpg 900w, https:\/\/regiaonews.net.br\/2022\/wp-content\/uploads\/2024\/06\/IMG-20240609-WA0145.jpg 1600w\" sizes=\"auto, (max-width: 300px) 100vw, 300px\" \/><\/a><\/p>\n","protected":false},"excerpt":{"rendered":"<p>Foram dias inesquec\u00edveis, animados e repletos de competi\u00e7\u00f5es eletrizantes. E<\/p>\n","protected":false},"author":2,"featured_media":106080,"comment_status":"open","ping_status":"open","sticky":false,"template":"","format":"standard","meta":{"footnotes":""},"categories":[14,25],"tags":[],"class_list":["post-106075","post","type-post","status-publish","format-standard","has-post-thumbnail","hentry","category-barretos","category-cidades"],"yoast_head":"<!-- This site is optimized with the Yoast SEO plugin v27.4 - https:\/\/yoast.com\/product\/yoast-seo-wordpress\/ -->\n<title>4\u00ba Rodeio Pela Vida premia campe\u00f5es e bate recorde de p\u00fablico - Regi\u00e3o News<\/title>\n<meta name=\"robots\" content=\"index, follow, max-snippet:-1, max-image-preview:large, max-video-preview:-1\" \/>\n<link rel=\"canonical\" href=\"https:\/\/regiaonews.net.br\/2022\/2024\/06\/09\/ultima-noite-do-4o-rodeio-pela-vida-premia-campeoes-e-bate-recorde-de-publico\/\" \/>\n<meta property=\"og:locale\" content=\"pt_BR\" \/>\n<meta property=\"og:type\" content=\"article\" \/>\n<meta property=\"og:title\" content=\"4\u00ba Rodeio Pela Vida premia campe\u00f5es e bate recorde de p\u00fablico - Regi\u00e3o News\" \/>\n<meta property=\"og:description\" content=\"Foram dias inesquec\u00edveis, animados e repletos de competi\u00e7\u00f5es eletrizantes. E\" \/>\n<meta property=\"og:url\" content=\"https:\/\/regiaonews.net.br\/2022\/2024\/06\/09\/ultima-noite-do-4o-rodeio-pela-vida-premia-campeoes-e-bate-recorde-de-publico\/\" \/>\n<meta property=\"og:site_name\" content=\"Regi\u00e3o News\" \/>\n<meta property=\"article:published_time\" content=\"2024-06-09T18:19:35+00:00\" \/>\n<meta property=\"article:modified_time\" content=\"2024-06-09T18:26:03+00:00\" \/>\n<meta property=\"og:image\" content=\"https:\/\/regiaonews.net.br\/2022\/wp-content\/uploads\/2024\/06\/IMG-20240609-WA0149.jpg\" \/>\n\t<meta property=\"og:image:width\" content=\"1600\" \/>\n\t<meta property=\"og:image:height\" content=\"1066\" \/>\n\t<meta property=\"og:image:type\" content=\"image\/jpeg\" \/>\n<meta name=\"author\" content=\"Roberto\" \/>\n<meta name=\"twitter:card\" content=\"summary_large_image\" \/>\n<meta name=\"twitter:label1\" content=\"Escrito por\" \/>\n\t<meta name=\"twitter:data1\" content=\"Roberto\" \/>\n\t<meta name=\"twitter:label2\" content=\"Est. tempo de leitura\" \/>\n\t<meta name=\"twitter:data2\" content=\"6 minutos\" \/>\n<script type=\"application\/ld+json\" class=\"yoast-schema-graph\">{\"@context\":\"https:\\\/\\\/schema.org\",\"@graph\":[{\"@type\":\"Article\",\"@id\":\"https:\\\/\\\/regiaonews.net.br\\\/2022\\\/2024\\\/06\\\/09\\\/ultima-noite-do-4o-rodeio-pela-vida-premia-campeoes-e-bate-recorde-de-publico\\\/#article\",\"isPartOf\":{\"@id\":\"https:\\\/\\\/regiaonews.net.br\\\/2022\\\/2024\\\/06\\\/09\\\/ultima-noite-do-4o-rodeio-pela-vida-premia-campeoes-e-bate-recorde-de-publico\\\/\"},\"author\":{\"name\":\"Roberto\",\"@id\":\"https:\\\/\\\/regiaonews.net.br\\\/2022\\\/#\\\/schema\\\/person\\\/2d205a608a5aa97ac279d7a5e6d89ad8\"},\"headline\":\"4\u00ba Rodeio Pela Vida premia campe\u00f5es e bate recorde de p\u00fablico\",\"datePublished\":\"2024-06-09T18:19:35+00:00\",\"dateModified\":\"2024-06-09T18:26:03+00:00\",\"mainEntityOfPage\":{\"@id\":\"https:\\\/\\\/regiaonews.net.br\\\/2022\\\/2024\\\/06\\\/09\\\/ultima-noite-do-4o-rodeio-pela-vida-premia-campeoes-e-bate-recorde-de-publico\\\/\"},\"wordCount\":667,\"commentCount\":0,\"publisher\":{\"@id\":\"https:\\\/\\\/regiaonews.net.br\\\/2022\\\/#organization\"},\"image\":{\"@id\":\"https:\\\/\\\/regiaonews.net.br\\\/2022\\\/2024\\\/06\\\/09\\\/ultima-noite-do-4o-rodeio-pela-vida-premia-campeoes-e-bate-recorde-de-publico\\\/#primaryimage\"},\"thumbnailUrl\":\"https:\\\/\\\/regiaonews.net.br\\\/2022\\\/wp-content\\\/uploads\\\/2024\\\/06\\\/IMG-20240609-WA0149.jpg\",\"articleSection\":[\"Barretos\",\"Cidades\"],\"inLanguage\":\"pt-BR\",\"potentialAction\":[{\"@type\":\"CommentAction\",\"name\":\"Comment\",\"target\":[\"https:\\\/\\\/regiaonews.net.br\\\/2022\\\/2024\\\/06\\\/09\\\/ultima-noite-do-4o-rodeio-pela-vida-premia-campeoes-e-bate-recorde-de-publico\\\/#respond\"]}]},{\"@type\":\"WebPage\",\"@id\":\"https:\\\/\\\/regiaonews.net.br\\\/2022\\\/2024\\\/06\\\/09\\\/ultima-noite-do-4o-rodeio-pela-vida-premia-campeoes-e-bate-recorde-de-publico\\\/\",\"url\":\"https:\\\/\\\/regiaonews.net.br\\\/2022\\\/2024\\\/06\\\/09\\\/ultima-noite-do-4o-rodeio-pela-vida-premia-campeoes-e-bate-recorde-de-publico\\\/\",\"name\":\"4\u00ba Rodeio Pela Vida premia campe\u00f5es e bate recorde de p\u00fablico - Regi\u00e3o News\",\"isPartOf\":{\"@id\":\"https:\\\/\\\/regiaonews.net.br\\\/2022\\\/#website\"},\"primaryImageOfPage\":{\"@id\":\"https:\\\/\\\/regiaonews.net.br\\\/2022\\\/2024\\\/06\\\/09\\\/ultima-noite-do-4o-rodeio-pela-vida-premia-campeoes-e-bate-recorde-de-publico\\\/#primaryimage\"},\"image\":{\"@id\":\"https:\\\/\\\/regiaonews.net.br\\\/2022\\\/2024\\\/06\\\/09\\\/ultima-noite-do-4o-rodeio-pela-vida-premia-campeoes-e-bate-recorde-de-publico\\\/#primaryimage\"},\"thumbnailUrl\":\"https:\\\/\\\/regiaonews.net.br\\\/2022\\\/wp-content\\\/uploads\\\/2024\\\/06\\\/IMG-20240609-WA0149.jpg\",\"datePublished\":\"2024-06-09T18:19:35+00:00\",\"dateModified\":\"2024-06-09T18:26:03+00:00\",\"breadcrumb\":{\"@id\":\"https:\\\/\\\/regiaonews.net.br\\\/2022\\\/2024\\\/06\\\/09\\\/ultima-noite-do-4o-rodeio-pela-vida-premia-campeoes-e-bate-recorde-de-publico\\\/#breadcrumb\"},\"inLanguage\":\"pt-BR\",\"potentialAction\":[{\"@type\":\"ReadAction\",\"target\":[\"https:\\\/\\\/regiaonews.net.br\\\/2022\\\/2024\\\/06\\\/09\\\/ultima-noite-do-4o-rodeio-pela-vida-premia-campeoes-e-bate-recorde-de-publico\\\/\"]}]},{\"@type\":\"ImageObject\",\"inLanguage\":\"pt-BR\",\"@id\":\"https:\\\/\\\/regiaonews.net.br\\\/2022\\\/2024\\\/06\\\/09\\\/ultima-noite-do-4o-rodeio-pela-vida-premia-campeoes-e-bate-recorde-de-publico\\\/#primaryimage\",\"url\":\"https:\\\/\\\/regiaonews.net.br\\\/2022\\\/wp-content\\\/uploads\\\/2024\\\/06\\\/IMG-20240609-WA0149.jpg\",\"contentUrl\":\"https:\\\/\\\/regiaonews.net.br\\\/2022\\\/wp-content\\\/uploads\\\/2024\\\/06\\\/IMG-20240609-WA0149.jpg\",\"width\":1600,\"height\":1066},{\"@type\":\"BreadcrumbList\",\"@id\":\"https:\\\/\\\/regiaonews.net.br\\\/2022\\\/2024\\\/06\\\/09\\\/ultima-noite-do-4o-rodeio-pela-vida-premia-campeoes-e-bate-recorde-de-publico\\\/#breadcrumb\",\"itemListElement\":[{\"@type\":\"ListItem\",\"position\":1,\"name\":\"In\u00edcio\",\"item\":\"https:\\\/\\\/regiaonews.net.br\\\/2022\\\/\"},{\"@type\":\"ListItem\",\"position\":2,\"name\":\"4\u00ba Rodeio Pela Vida premia campe\u00f5es e bate recorde de p\u00fablico\"}]},{\"@type\":\"WebSite\",\"@id\":\"https:\\\/\\\/regiaonews.net.br\\\/2022\\\/#website\",\"url\":\"https:\\\/\\\/regiaonews.net.br\\\/2022\\\/\",\"name\":\"Regi\u00e3o News\",\"description\":\"Site de Not\u00edcias de Barretos e regi\u00e3o\",\"publisher\":{\"@id\":\"https:\\\/\\\/regiaonews.net.br\\\/2022\\\/#organization\"},\"potentialAction\":[{\"@type\":\"SearchAction\",\"target\":{\"@type\":\"EntryPoint\",\"urlTemplate\":\"https:\\\/\\\/regiaonews.net.br\\\/2022\\\/?s={search_term_string}\"},\"query-input\":{\"@type\":\"PropertyValueSpecification\",\"valueRequired\":true,\"valueName\":\"search_term_string\"}}],\"inLanguage\":\"pt-BR\"},{\"@type\":\"Organization\",\"@id\":\"https:\\\/\\\/regiaonews.net.br\\\/2022\\\/#organization\",\"name\":\"Regi\u00e3o News\",\"url\":\"https:\\\/\\\/regiaonews.net.br\\\/2022\\\/\",\"logo\":{\"@type\":\"ImageObject\",\"inLanguage\":\"pt-BR\",\"@id\":\"https:\\\/\\\/regiaonews.net.br\\\/2022\\\/#\\\/schema\\\/logo\\\/image\\\/\",\"url\":\"https:\\\/\\\/regiaonews.net.br\\\/2022\\\/wp-content\\\/uploads\\\/2026\\\/03\\\/regiao-13-anos-scaled.jpg\",\"contentUrl\":\"https:\\\/\\\/regiaonews.net.br\\\/2022\\\/wp-content\\\/uploads\\\/2026\\\/03\\\/regiao-13-anos-scaled.jpg\",\"width\":2560,\"height\":635,\"caption\":\"Regi\u00e3o News\"},\"image\":{\"@id\":\"https:\\\/\\\/regiaonews.net.br\\\/2022\\\/#\\\/schema\\\/logo\\\/image\\\/\"}},{\"@type\":\"Person\",\"@id\":\"https:\\\/\\\/regiaonews.net.br\\\/2022\\\/#\\\/schema\\\/person\\\/2d205a608a5aa97ac279d7a5e6d89ad8\",\"name\":\"Roberto\",\"image\":{\"@type\":\"ImageObject\",\"inLanguage\":\"pt-BR\",\"@id\":\"https:\\\/\\\/secure.gravatar.com\\\/avatar\\\/42749d8b712ff9d59ca93dc150494e5b55a44134482993f5baeb97e61b7ecc89?s=96&d=mm&r=g\",\"url\":\"https:\\\/\\\/secure.gravatar.com\\\/avatar\\\/42749d8b712ff9d59ca93dc150494e5b55a44134482993f5baeb97e61b7ecc89?s=96&d=mm&r=g\",\"contentUrl\":\"https:\\\/\\\/secure.gravatar.com\\\/avatar\\\/42749d8b712ff9d59ca93dc150494e5b55a44134482993f5baeb97e61b7ecc89?s=96&d=mm&r=g\",\"caption\":\"Roberto\"},\"url\":\"https:\\\/\\\/regiaonews.net.br\\\/2022\\\/author\\\/roberto\\\/\"}]}<\/script>\n<!-- \/ Yoast SEO plugin. -->","yoast_head_json":{"title":"4\u00ba Rodeio Pela Vida premia campe\u00f5es e bate recorde de p\u00fablico - Regi\u00e3o News","robots":{"index":"index","follow":"follow","max-snippet":"max-snippet:-1","max-image-preview":"max-image-preview:large","max-video-preview":"max-video-preview:-1"},"canonical":"https:\/\/regiaonews.net.br\/2022\/2024\/06\/09\/ultima-noite-do-4o-rodeio-pela-vida-premia-campeoes-e-bate-recorde-de-publico\/","og_locale":"pt_BR","og_type":"article","og_title":"4\u00ba Rodeio Pela Vida premia campe\u00f5es e bate recorde de p\u00fablico - Regi\u00e3o News","og_description":"Foram dias inesquec\u00edveis, animados e repletos de competi\u00e7\u00f5es eletrizantes. E","og_url":"https:\/\/regiaonews.net.br\/2022\/2024\/06\/09\/ultima-noite-do-4o-rodeio-pela-vida-premia-campeoes-e-bate-recorde-de-publico\/","og_site_name":"Regi\u00e3o News","article_published_time":"2024-06-09T18:19:35+00:00","article_modified_time":"2024-06-09T18:26:03+00:00","og_image":[{"width":1600,"height":1066,"url":"https:\/\/regiaonews.net.br\/2022\/wp-content\/uploads\/2024\/06\/IMG-20240609-WA0149.jpg","type":"image\/jpeg"}],"author":"Roberto","twitter_card":"summary_large_image","twitter_misc":{"Escrito por":"Roberto","Est. tempo de leitura":"6 minutos"},"schema":{"@context":"https:\/\/schema.org","@graph":[{"@type":"Article","@id":"https:\/\/regiaonews.net.br\/2022\/2024\/06\/09\/ultima-noite-do-4o-rodeio-pela-vida-premia-campeoes-e-bate-recorde-de-publico\/#article","isPartOf":{"@id":"https:\/\/regiaonews.net.br\/2022\/2024\/06\/09\/ultima-noite-do-4o-rodeio-pela-vida-premia-campeoes-e-bate-recorde-de-publico\/"},"author":{"name":"Roberto","@id":"https:\/\/regiaonews.net.br\/2022\/#\/schema\/person\/2d205a608a5aa97ac279d7a5e6d89ad8"},"headline":"4\u00ba Rodeio Pela Vida premia campe\u00f5es e bate recorde de p\u00fablico","datePublished":"2024-06-09T18:19:35+00:00","dateModified":"2024-06-09T18:26:03+00:00","mainEntityOfPage":{"@id":"https:\/\/regiaonews.net.br\/2022\/2024\/06\/09\/ultima-noite-do-4o-rodeio-pela-vida-premia-campeoes-e-bate-recorde-de-publico\/"},"wordCount":667,"commentCount":0,"publisher":{"@id":"https:\/\/regiaonews.net.br\/2022\/#organization"},"image":{"@id":"https:\/\/regiaonews.net.br\/2022\/2024\/06\/09\/ultima-noite-do-4o-rodeio-pela-vida-premia-campeoes-e-bate-recorde-de-publico\/#primaryimage"},"thumbnailUrl":"https:\/\/regiaonews.net.br\/2022\/wp-content\/uploads\/2024\/06\/IMG-20240609-WA0149.jpg","articleSection":["Barretos","Cidades"],"inLanguage":"pt-BR","potentialAction":[{"@type":"CommentAction","name":"Comment","target":["https:\/\/regiaonews.net.br\/2022\/2024\/06\/09\/ultima-noite-do-4o-rodeio-pela-vida-premia-campeoes-e-bate-recorde-de-publico\/#respond"]}]},{"@type":"WebPage","@id":"https:\/\/regiaonews.net.br\/2022\/2024\/06\/09\/ultima-noite-do-4o-rodeio-pela-vida-premia-campeoes-e-bate-recorde-de-publico\/","url":"https:\/\/regiaonews.net.br\/2022\/2024\/06\/09\/ultima-noite-do-4o-rodeio-pela-vida-premia-campeoes-e-bate-recorde-de-publico\/","name":"4\u00ba Rodeio Pela Vida premia campe\u00f5es e bate recorde de p\u00fablico - Regi\u00e3o News","isPartOf":{"@id":"https:\/\/regiaonews.net.br\/2022\/#website"},"primaryImageOfPage":{"@id":"https:\/\/regiaonews.net.br\/2022\/2024\/06\/09\/ultima-noite-do-4o-rodeio-pela-vida-premia-campeoes-e-bate-recorde-de-publico\/#primaryimage"},"image":{"@id":"https:\/\/regiaonews.net.br\/2022\/2024\/06\/09\/ultima-noite-do-4o-rodeio-pela-vida-premia-campeoes-e-bate-recorde-de-publico\/#primaryimage"},"thumbnailUrl":"https:\/\/regiaonews.net.br\/2022\/wp-content\/uploads\/2024\/06\/IMG-20240609-WA0149.jpg","datePublished":"2024-06-09T18:19:35+00:00","dateModified":"2024-06-09T18:26:03+00:00","breadcrumb":{"@id":"https:\/\/regiaonews.net.br\/2022\/2024\/06\/09\/ultima-noite-do-4o-rodeio-pela-vida-premia-campeoes-e-bate-recorde-de-publico\/#breadcrumb"},"inLanguage":"pt-BR","potentialAction":[{"@type":"ReadAction","target":["https:\/\/regiaonews.net.br\/2022\/2024\/06\/09\/ultima-noite-do-4o-rodeio-pela-vida-premia-campeoes-e-bate-recorde-de-publico\/"]}]},{"@type":"ImageObject","inLanguage":"pt-BR","@id":"https:\/\/regiaonews.net.br\/2022\/2024\/06\/09\/ultima-noite-do-4o-rodeio-pela-vida-premia-campeoes-e-bate-recorde-de-publico\/#primaryimage","url":"https:\/\/regiaonews.net.br\/2022\/wp-content\/uploads\/2024\/06\/IMG-20240609-WA0149.jpg","contentUrl":"https:\/\/regiaonews.net.br\/2022\/wp-content\/uploads\/2024\/06\/IMG-20240609-WA0149.jpg","width":1600,"height":1066},{"@type":"BreadcrumbList","@id":"https:\/\/regiaonews.net.br\/2022\/2024\/06\/09\/ultima-noite-do-4o-rodeio-pela-vida-premia-campeoes-e-bate-recorde-de-publico\/#breadcrumb","itemListElement":[{"@type":"ListItem","position":1,"name":"In\u00edcio","item":"https:\/\/regiaonews.net.br\/2022\/"},{"@type":"ListItem","position":2,"name":"4\u00ba Rodeio Pela Vida premia campe\u00f5es e bate recorde de p\u00fablico"}]},{"@type":"WebSite","@id":"https:\/\/regiaonews.net.br\/2022\/#website","url":"https:\/\/regiaonews.net.br\/2022\/","name":"Regi\u00e3o News","description":"Site de Not\u00edcias de Barretos e regi\u00e3o","publisher":{"@id":"https:\/\/regiaonews.net.br\/2022\/#organization"},"potentialAction":[{"@type":"SearchAction","target":{"@type":"EntryPoint","urlTemplate":"https:\/\/regiaonews.net.br\/2022\/?s={search_term_string}"},"query-input":{"@type":"PropertyValueSpecification","valueRequired":true,"valueName":"search_term_string"}}],"inLanguage":"pt-BR"},{"@type":"Organization","@id":"https:\/\/regiaonews.net.br\/2022\/#organization","name":"Regi\u00e3o News","url":"https:\/\/regiaonews.net.br\/2022\/","logo":{"@type":"ImageObject","inLanguage":"pt-BR","@id":"https:\/\/regiaonews.net.br\/2022\/#\/schema\/logo\/image\/","url":"https:\/\/regiaonews.net.br\/2022\/wp-content\/uploads\/2026\/03\/regiao-13-anos-scaled.jpg","contentUrl":"https:\/\/regiaonews.net.br\/2022\/wp-content\/uploads\/2026\/03\/regiao-13-anos-scaled.jpg","width":2560,"height":635,"caption":"Regi\u00e3o News"},"image":{"@id":"https:\/\/regiaonews.net.br\/2022\/#\/schema\/logo\/image\/"}},{"@type":"Person","@id":"https:\/\/regiaonews.net.br\/2022\/#\/schema\/person\/2d205a608a5aa97ac279d7a5e6d89ad8","name":"Roberto","image":{"@type":"ImageObject","inLanguage":"pt-BR","@id":"https:\/\/secure.gravatar.com\/avatar\/42749d8b712ff9d59ca93dc150494e5b55a44134482993f5baeb97e61b7ecc89?s=96&d=mm&r=g","url":"https:\/\/secure.gravatar.com\/avatar\/42749d8b712ff9d59ca93dc150494e5b55a44134482993f5baeb97e61b7ecc89?s=96&d=mm&r=g","contentUrl":"https:\/\/secure.gravatar.com\/avatar\/42749d8b712ff9d59ca93dc150494e5b55a44134482993f5baeb97e61b7ecc89?s=96&d=mm&r=g","caption":"Roberto"},"url":"https:\/\/regiaonews.net.br\/2022\/author\/roberto\/"}]}},"publishpress_future_action":{"enabled":false,"date":"2026-05-03 10:54:01","action":"change-status","newStatus":"draft","terms":[],"taxonomy":"category","extraData":[]},"publishpress_future_workflow_manual_trigger":{"enabledWorkflows":[]},"_links":{"self":[{"href":"https:\/\/regiaonews.net.br\/2022\/wp-json\/wp\/v2\/posts\/106075","targetHints":{"allow":["GET"]}}],"collection":[{"href":"https:\/\/regiaonews.net.br\/2022\/wp-json\/wp\/v2\/posts"}],"about":[{"href":"https:\/\/regiaonews.net.br\/2022\/wp-json\/wp\/v2\/types\/post"}],"author":[{"embeddable":true,"href":"https:\/\/regiaonews.net.br\/2022\/wp-json\/wp\/v2\/users\/2"}],"replies":[{"embeddable":true,"href":"https:\/\/regiaonews.net.br\/2022\/wp-json\/wp\/v2\/comments?post=106075"}],"version-history":[{"count":4,"href":"https:\/\/regiaonews.net.br\/2022\/wp-json\/wp\/v2\/posts\/106075\/revisions"}],"predecessor-version":[{"id":106091,"href":"https:\/\/regiaonews.net.br\/2022\/wp-json\/wp\/v2\/posts\/106075\/revisions\/106091"}],"wp:featuredmedia":[{"embeddable":true,"href":"https:\/\/regiaonews.net.br\/2022\/wp-json\/wp\/v2\/media\/106080"}],"wp:attachment":[{"href":"https:\/\/regiaonews.net.br\/2022\/wp-json\/wp\/v2\/media?parent=106075"}],"wp:term":[{"taxonomy":"category","embeddable":true,"href":"https:\/\/regiaonews.net.br\/2022\/wp-json\/wp\/v2\/categories?post=106075"},{"taxonomy":"post_tag","embeddable":true,"href":"https:\/\/regiaonews.net.br\/2022\/wp-json\/wp\/v2\/tags?post=106075"}],"curies":[{"name":"wp","href":"https:\/\/api.w.org\/{rel}","templated":true}]}}