{"id":106033,"date":"2024-06-08T06:11:10","date_gmt":"2024-06-08T09:11:10","guid":{"rendered":"https:\/\/regiaonews.net.br\/2022\/?p=106033"},"modified":"2024-06-08T06:11:10","modified_gmt":"2024-06-08T09:11:10","slug":"prefeitura-de-colina-abre-concurso-publico-e-processo-seletivo-para-diversos-cargos","status":"publish","type":"post","link":"https:\/\/regiaonews.net.br\/2022\/2024\/06\/08\/prefeitura-de-colina-abre-concurso-publico-e-processo-seletivo-para-diversos-cargos\/","title":{"rendered":"Prefeitura de Colina abre Concurso P\u00fablico e Processo Seletivo para diversos cargos"},"content":{"rendered":"<header class=\"post-header\">\n<h1 class=\"post-title\"><\/h1>\n<\/header>\n<div class=\"post-image\"><\/div>\n<div class=\"post-content\">\n<article class=\"post-text\">A Prefeitura Municipal de Colina est\u00e1 com inscri\u00e7\u00f5es abertas para um Concurso P\u00fablico e um Processo Seletivo, para diversos cargos. A organiza\u00e7\u00e3o de ambos est\u00e1 sob a responsabilidade da CMM ASSESSORIA E CONSULTORIA EM GEST\u00c3O P\u00daBLICA LTDA.<\/p>\n<p>Para o Processo Seletivo as inscri\u00e7\u00f5es come\u00e7aram na quinta-feira, 06 de junho, e seguem at\u00e9 o pr\u00f3ximo dia 16 de junho, somente pela internet, no endere\u00e7o eletr\u00f4nico:\u00a0<a href=\"http:\/\/www.cmmconcursos.com.br\/\">www.cmmconcursos.com.br<\/a>.<\/p>\n<p>J\u00e1 para o Concurso P\u00fablico, as inscri\u00e7\u00f5es tamb\u00e9m tiveram in\u00edcio no dia 06 de junho e poder\u00e3o ser feitas at\u00e9 o dia 05 de julho, pelo mesmo site:\u00a0<a href=\"http:\/\/www.cmmconcursos.com.br\/\">www.cmmconcursos.com.br<\/a>.<\/p>\n<p>Os Editais Completos e Resumidos, com a abertura das inscri\u00e7\u00f5es tanto para o Concurso P\u00fablico quanto para o Processo Seletivo, est\u00e3o dispon\u00edveis no site oficial do munic\u00edpio:\u00a0<a href=\"https:\/\/www.colina.sp.gov.br\/\">www.colina.sp.gov.br<\/a>, no site da empresa que organiza a prova:\u00a0<a href=\"http:\/\/www.cmmconcursos.com.br\/\">www.cmmconcursos.com.br<\/a>, \u00a0no Di\u00e1rio Oficial Municipal, bem como afixados nos quadros de avisos dos \u00f3rg\u00e3os p\u00fablicos municipais e divulgados na imprensa local.<\/p>\n<p><strong>Processo Seletivo N\u00ba 001\/2024 \u2013<\/strong>\u00a0est\u00e1 dispon\u00edvel uma vaga para o emprego p\u00fablico tempor\u00e1rio de Monitor (para o Servi\u00e7o de Acolhimento Institucional Casa da Crian\u00e7a e do Adolescente \u201cSr. Jos\u00e9 Zaiden\u201d \u2013 SAICA).<\/p>\n<p><strong>Concurso P\u00fablico N\u00ba 001\/2024 \u2013<\/strong>\u00a0est\u00e3o dispon\u00edveis vagas para os cargos de Motorista; T\u00e9cnico de Seguran\u00e7a do Trabalho; Agente Comunit\u00e1rio de Sa\u00fade; Oficial Administrativo (Feminino); Oficial Administrativo (Masculino); Assistente Social; Psic\u00f3logo; Psic\u00f3logo com Especialidade em Desenvolvimento Infantil; Fonoaudi\u00f3logo; Terapeuta Ocupacional; Nutricionista; Engenheiro Agr\u00f4nomo; M\u00e9dio Veterin\u00e1rio; M\u00e9dico (Neurologia Cl\u00ednica); M\u00e9dico (Pediatra); M\u00e9dico (Psiquiatra); M\u00e9dico (Cardiologista); M\u00e9dico (Dermatologista); M\u00e9dico (Cl\u00ednica M\u00e9dica); M\u00e9dico (Ortopedista); M\u00e9dico (Pneumologista); M\u00e9dico (Endocrinologista); M\u00e9dico (Vascular) e M\u00e9dico (Otorrinolaringologista).<\/p>\n<p>As provas objetivas ser\u00e3o aplicadas em Colina, em data e local a ser definido e divulgado futuramente pela empresa CMM ASSESSORIA E CONSULTORIA EM GEST\u00c3O P\u00daBLICA LTDA e no site da Prefeitura de Colina.<\/p>\n<\/article>\n<\/div>\n","protected":false},"excerpt":{"rendered":"<p>A Prefeitura Municipal de Colina est\u00e1 com inscri\u00e7\u00f5es abertas para<\/p>\n","protected":false},"author":2,"featured_media":106034,"comment_status":"open","ping_status":"open","sticky":false,"template":"","format":"standard","meta":{"footnotes":""},"categories":[25,5,56],"tags":[],"class_list":["post-106033","post","type-post","status-publish","format-standard","has-post-thumbnail","hentry","category-cidades","category-colina","category-concursos"],"yoast_head":"<!-- This site is optimized with the Yoast SEO plugin v27.4 - https:\/\/yoast.com\/product\/yoast-seo-wordpress\/ -->\n<title>Prefeitura de Colina abre Concurso P\u00fablico e Processo Seletivo para diversos cargos - Regi\u00e3o News<\/title>\n<meta name=\"robots\" content=\"index, follow, max-snippet:-1, max-image-preview:large, max-video-preview:-1\" \/>\n<link rel=\"canonical\" href=\"https:\/\/regiaonews.net.br\/2022\/2024\/06\/08\/prefeitura-de-colina-abre-concurso-publico-e-processo-seletivo-para-diversos-cargos\/\" \/>\n<meta property=\"og:locale\" content=\"pt_BR\" \/>\n<meta property=\"og:type\" content=\"article\" \/>\n<meta property=\"og:title\" content=\"Prefeitura de Colina abre Concurso P\u00fablico e Processo Seletivo para diversos cargos - Regi\u00e3o News\" \/>\n<meta property=\"og:description\" content=\"A Prefeitura Municipal de Colina est\u00e1 com inscri\u00e7\u00f5es abertas para\" \/>\n<meta property=\"og:url\" content=\"https:\/\/regiaonews.net.br\/2022\/2024\/06\/08\/prefeitura-de-colina-abre-concurso-publico-e-processo-seletivo-para-diversos-cargos\/\" \/>\n<meta property=\"og:site_name\" content=\"Regi\u00e3o News\" \/>\n<meta property=\"article:published_time\" content=\"2024-06-08T09:11:10+00:00\" \/>\n<meta property=\"og:image\" content=\"https:\/\/regiaonews.net.br\/2022\/wp-content\/uploads\/2024\/06\/m_62_0_1_07062024090535.jpeg\" \/>\n\t<meta property=\"og:image:width\" content=\"900\" \/>\n\t<meta property=\"og:image:height\" content=\"900\" \/>\n\t<meta property=\"og:image:type\" content=\"image\/jpeg\" \/>\n<meta name=\"author\" content=\"Roberto\" \/>\n<meta name=\"twitter:card\" content=\"summary_large_image\" \/>\n<meta name=\"twitter:label1\" content=\"Escrito por\" \/>\n\t<meta name=\"twitter:data1\" content=\"Roberto\" \/>\n\t<meta name=\"twitter:label2\" content=\"Est. tempo de leitura\" \/>\n\t<meta name=\"twitter:data2\" content=\"2 minutos\" \/>\n<script type=\"application\/ld+json\" class=\"yoast-schema-graph\">{\"@context\":\"https:\\\/\\\/schema.org\",\"@graph\":[{\"@type\":\"Article\",\"@id\":\"https:\\\/\\\/regiaonews.net.br\\\/2022\\\/2024\\\/06\\\/08\\\/prefeitura-de-colina-abre-concurso-publico-e-processo-seletivo-para-diversos-cargos\\\/#article\",\"isPartOf\":{\"@id\":\"https:\\\/\\\/regiaonews.net.br\\\/2022\\\/2024\\\/06\\\/08\\\/prefeitura-de-colina-abre-concurso-publico-e-processo-seletivo-para-diversos-cargos\\\/\"},\"author\":{\"name\":\"Roberto\",\"@id\":\"https:\\\/\\\/regiaonews.net.br\\\/2022\\\/#\\\/schema\\\/person\\\/2d205a608a5aa97ac279d7a5e6d89ad8\"},\"headline\":\"Prefeitura de Colina abre Concurso P\u00fablico e Processo Seletivo para diversos cargos\",\"datePublished\":\"2024-06-08T09:11:10+00:00\",\"mainEntityOfPage\":{\"@id\":\"https:\\\/\\\/regiaonews.net.br\\\/2022\\\/2024\\\/06\\\/08\\\/prefeitura-de-colina-abre-concurso-publico-e-processo-seletivo-para-diversos-cargos\\\/\"},\"wordCount\":363,\"commentCount\":0,\"publisher\":{\"@id\":\"https:\\\/\\\/regiaonews.net.br\\\/2022\\\/#organization\"},\"image\":{\"@id\":\"https:\\\/\\\/regiaonews.net.br\\\/2022\\\/2024\\\/06\\\/08\\\/prefeitura-de-colina-abre-concurso-publico-e-processo-seletivo-para-diversos-cargos\\\/#primaryimage\"},\"thumbnailUrl\":\"https:\\\/\\\/regiaonews.net.br\\\/2022\\\/wp-content\\\/uploads\\\/2024\\\/06\\\/m_62_0_1_07062024090535.jpeg\",\"articleSection\":[\"Cidades\",\"Colina\",\"Concursos\"],\"inLanguage\":\"pt-BR\",\"potentialAction\":[{\"@type\":\"CommentAction\",\"name\":\"Comment\",\"target\":[\"https:\\\/\\\/regiaonews.net.br\\\/2022\\\/2024\\\/06\\\/08\\\/prefeitura-de-colina-abre-concurso-publico-e-processo-seletivo-para-diversos-cargos\\\/#respond\"]}]},{\"@type\":\"WebPage\",\"@id\":\"https:\\\/\\\/regiaonews.net.br\\\/2022\\\/2024\\\/06\\\/08\\\/prefeitura-de-colina-abre-concurso-publico-e-processo-seletivo-para-diversos-cargos\\\/\",\"url\":\"https:\\\/\\\/regiaonews.net.br\\\/2022\\\/2024\\\/06\\\/08\\\/prefeitura-de-colina-abre-concurso-publico-e-processo-seletivo-para-diversos-cargos\\\/\",\"name\":\"Prefeitura de Colina abre Concurso P\u00fablico e Processo Seletivo para diversos cargos - Regi\u00e3o News\",\"isPartOf\":{\"@id\":\"https:\\\/\\\/regiaonews.net.br\\\/2022\\\/#website\"},\"primaryImageOfPage\":{\"@id\":\"https:\\\/\\\/regiaonews.net.br\\\/2022\\\/2024\\\/06\\\/08\\\/prefeitura-de-colina-abre-concurso-publico-e-processo-seletivo-para-diversos-cargos\\\/#primaryimage\"},\"image\":{\"@id\":\"https:\\\/\\\/regiaonews.net.br\\\/2022\\\/2024\\\/06\\\/08\\\/prefeitura-de-colina-abre-concurso-publico-e-processo-seletivo-para-diversos-cargos\\\/#primaryimage\"},\"thumbnailUrl\":\"https:\\\/\\\/regiaonews.net.br\\\/2022\\\/wp-content\\\/uploads\\\/2024\\\/06\\\/m_62_0_1_07062024090535.jpeg\",\"datePublished\":\"2024-06-08T09:11:10+00:00\",\"breadcrumb\":{\"@id\":\"https:\\\/\\\/regiaonews.net.br\\\/2022\\\/2024\\\/06\\\/08\\\/prefeitura-de-colina-abre-concurso-publico-e-processo-seletivo-para-diversos-cargos\\\/#breadcrumb\"},\"inLanguage\":\"pt-BR\",\"potentialAction\":[{\"@type\":\"ReadAction\",\"target\":[\"https:\\\/\\\/regiaonews.net.br\\\/2022\\\/2024\\\/06\\\/08\\\/prefeitura-de-colina-abre-concurso-publico-e-processo-seletivo-para-diversos-cargos\\\/\"]}]},{\"@type\":\"ImageObject\",\"inLanguage\":\"pt-BR\",\"@id\":\"https:\\\/\\\/regiaonews.net.br\\\/2022\\\/2024\\\/06\\\/08\\\/prefeitura-de-colina-abre-concurso-publico-e-processo-seletivo-para-diversos-cargos\\\/#primaryimage\",\"url\":\"https:\\\/\\\/regiaonews.net.br\\\/2022\\\/wp-content\\\/uploads\\\/2024\\\/06\\\/m_62_0_1_07062024090535.jpeg\",\"contentUrl\":\"https:\\\/\\\/regiaonews.net.br\\\/2022\\\/wp-content\\\/uploads\\\/2024\\\/06\\\/m_62_0_1_07062024090535.jpeg\",\"width\":900,\"height\":900},{\"@type\":\"BreadcrumbList\",\"@id\":\"https:\\\/\\\/regiaonews.net.br\\\/2022\\\/2024\\\/06\\\/08\\\/prefeitura-de-colina-abre-concurso-publico-e-processo-seletivo-para-diversos-cargos\\\/#breadcrumb\",\"itemListElement\":[{\"@type\":\"ListItem\",\"position\":1,\"name\":\"In\u00edcio\",\"item\":\"https:\\\/\\\/regiaonews.net.br\\\/2022\\\/\"},{\"@type\":\"ListItem\",\"position\":2,\"name\":\"Prefeitura de Colina abre Concurso P\u00fablico e Processo Seletivo para diversos cargos\"}]},{\"@type\":\"WebSite\",\"@id\":\"https:\\\/\\\/regiaonews.net.br\\\/2022\\\/#website\",\"url\":\"https:\\\/\\\/regiaonews.net.br\\\/2022\\\/\",\"name\":\"Regi\u00e3o News\",\"description\":\"Site de Not\u00edcias de Barretos e regi\u00e3o\",\"publisher\":{\"@id\":\"https:\\\/\\\/regiaonews.net.br\\\/2022\\\/#organization\"},\"potentialAction\":[{\"@type\":\"SearchAction\",\"target\":{\"@type\":\"EntryPoint\",\"urlTemplate\":\"https:\\\/\\\/regiaonews.net.br\\\/2022\\\/?s={search_term_string}\"},\"query-input\":{\"@type\":\"PropertyValueSpecification\",\"valueRequired\":true,\"valueName\":\"search_term_string\"}}],\"inLanguage\":\"pt-BR\"},{\"@type\":\"Organization\",\"@id\":\"https:\\\/\\\/regiaonews.net.br\\\/2022\\\/#organization\",\"name\":\"Regi\u00e3o News\",\"url\":\"https:\\\/\\\/regiaonews.net.br\\\/2022\\\/\",\"logo\":{\"@type\":\"ImageObject\",\"inLanguage\":\"pt-BR\",\"@id\":\"https:\\\/\\\/regiaonews.net.br\\\/2022\\\/#\\\/schema\\\/logo\\\/image\\\/\",\"url\":\"https:\\\/\\\/regiaonews.net.br\\\/2022\\\/wp-content\\\/uploads\\\/2026\\\/03\\\/regiao-13-anos-scaled.jpg\",\"contentUrl\":\"https:\\\/\\\/regiaonews.net.br\\\/2022\\\/wp-content\\\/uploads\\\/2026\\\/03\\\/regiao-13-anos-scaled.jpg\",\"width\":2560,\"height\":635,\"caption\":\"Regi\u00e3o News\"},\"image\":{\"@id\":\"https:\\\/\\\/regiaonews.net.br\\\/2022\\\/#\\\/schema\\\/logo\\\/image\\\/\"}},{\"@type\":\"Person\",\"@id\":\"https:\\\/\\\/regiaonews.net.br\\\/2022\\\/#\\\/schema\\\/person\\\/2d205a608a5aa97ac279d7a5e6d89ad8\",\"name\":\"Roberto\",\"image\":{\"@type\":\"ImageObject\",\"inLanguage\":\"pt-BR\",\"@id\":\"https:\\\/\\\/secure.gravatar.com\\\/avatar\\\/42749d8b712ff9d59ca93dc150494e5b55a44134482993f5baeb97e61b7ecc89?s=96&d=mm&r=g\",\"url\":\"https:\\\/\\\/secure.gravatar.com\\\/avatar\\\/42749d8b712ff9d59ca93dc150494e5b55a44134482993f5baeb97e61b7ecc89?s=96&d=mm&r=g\",\"contentUrl\":\"https:\\\/\\\/secure.gravatar.com\\\/avatar\\\/42749d8b712ff9d59ca93dc150494e5b55a44134482993f5baeb97e61b7ecc89?s=96&d=mm&r=g\",\"caption\":\"Roberto\"},\"url\":\"https:\\\/\\\/regiaonews.net.br\\\/2022\\\/author\\\/roberto\\\/\"}]}<\/script>\n<!-- \/ Yoast SEO plugin. -->","yoast_head_json":{"title":"Prefeitura de Colina abre Concurso P\u00fablico e Processo Seletivo para diversos cargos - Regi\u00e3o News","robots":{"index":"index","follow":"follow","max-snippet":"max-snippet:-1","max-image-preview":"max-image-preview:large","max-video-preview":"max-video-preview:-1"},"canonical":"https:\/\/regiaonews.net.br\/2022\/2024\/06\/08\/prefeitura-de-colina-abre-concurso-publico-e-processo-seletivo-para-diversos-cargos\/","og_locale":"pt_BR","og_type":"article","og_title":"Prefeitura de Colina abre Concurso P\u00fablico e Processo Seletivo para diversos cargos - Regi\u00e3o News","og_description":"A Prefeitura Municipal de Colina est\u00e1 com inscri\u00e7\u00f5es abertas para","og_url":"https:\/\/regiaonews.net.br\/2022\/2024\/06\/08\/prefeitura-de-colina-abre-concurso-publico-e-processo-seletivo-para-diversos-cargos\/","og_site_name":"Regi\u00e3o News","article_published_time":"2024-06-08T09:11:10+00:00","og_image":[{"width":900,"height":900,"url":"https:\/\/regiaonews.net.br\/2022\/wp-content\/uploads\/2024\/06\/m_62_0_1_07062024090535.jpeg","type":"image\/jpeg"}],"author":"Roberto","twitter_card":"summary_large_image","twitter_misc":{"Escrito por":"Roberto","Est. tempo de leitura":"2 minutos"},"schema":{"@context":"https:\/\/schema.org","@graph":[{"@type":"Article","@id":"https:\/\/regiaonews.net.br\/2022\/2024\/06\/08\/prefeitura-de-colina-abre-concurso-publico-e-processo-seletivo-para-diversos-cargos\/#article","isPartOf":{"@id":"https:\/\/regiaonews.net.br\/2022\/2024\/06\/08\/prefeitura-de-colina-abre-concurso-publico-e-processo-seletivo-para-diversos-cargos\/"},"author":{"name":"Roberto","@id":"https:\/\/regiaonews.net.br\/2022\/#\/schema\/person\/2d205a608a5aa97ac279d7a5e6d89ad8"},"headline":"Prefeitura de Colina abre Concurso P\u00fablico e Processo Seletivo para diversos cargos","datePublished":"2024-06-08T09:11:10+00:00","mainEntityOfPage":{"@id":"https:\/\/regiaonews.net.br\/2022\/2024\/06\/08\/prefeitura-de-colina-abre-concurso-publico-e-processo-seletivo-para-diversos-cargos\/"},"wordCount":363,"commentCount":0,"publisher":{"@id":"https:\/\/regiaonews.net.br\/2022\/#organization"},"image":{"@id":"https:\/\/regiaonews.net.br\/2022\/2024\/06\/08\/prefeitura-de-colina-abre-concurso-publico-e-processo-seletivo-para-diversos-cargos\/#primaryimage"},"thumbnailUrl":"https:\/\/regiaonews.net.br\/2022\/wp-content\/uploads\/2024\/06\/m_62_0_1_07062024090535.jpeg","articleSection":["Cidades","Colina","Concursos"],"inLanguage":"pt-BR","potentialAction":[{"@type":"CommentAction","name":"Comment","target":["https:\/\/regiaonews.net.br\/2022\/2024\/06\/08\/prefeitura-de-colina-abre-concurso-publico-e-processo-seletivo-para-diversos-cargos\/#respond"]}]},{"@type":"WebPage","@id":"https:\/\/regiaonews.net.br\/2022\/2024\/06\/08\/prefeitura-de-colina-abre-concurso-publico-e-processo-seletivo-para-diversos-cargos\/","url":"https:\/\/regiaonews.net.br\/2022\/2024\/06\/08\/prefeitura-de-colina-abre-concurso-publico-e-processo-seletivo-para-diversos-cargos\/","name":"Prefeitura de Colina abre Concurso P\u00fablico e Processo Seletivo para diversos cargos - Regi\u00e3o News","isPartOf":{"@id":"https:\/\/regiaonews.net.br\/2022\/#website"},"primaryImageOfPage":{"@id":"https:\/\/regiaonews.net.br\/2022\/2024\/06\/08\/prefeitura-de-colina-abre-concurso-publico-e-processo-seletivo-para-diversos-cargos\/#primaryimage"},"image":{"@id":"https:\/\/regiaonews.net.br\/2022\/2024\/06\/08\/prefeitura-de-colina-abre-concurso-publico-e-processo-seletivo-para-diversos-cargos\/#primaryimage"},"thumbnailUrl":"https:\/\/regiaonews.net.br\/2022\/wp-content\/uploads\/2024\/06\/m_62_0_1_07062024090535.jpeg","datePublished":"2024-06-08T09:11:10+00:00","breadcrumb":{"@id":"https:\/\/regiaonews.net.br\/2022\/2024\/06\/08\/prefeitura-de-colina-abre-concurso-publico-e-processo-seletivo-para-diversos-cargos\/#breadcrumb"},"inLanguage":"pt-BR","potentialAction":[{"@type":"ReadAction","target":["https:\/\/regiaonews.net.br\/2022\/2024\/06\/08\/prefeitura-de-colina-abre-concurso-publico-e-processo-seletivo-para-diversos-cargos\/"]}]},{"@type":"ImageObject","inLanguage":"pt-BR","@id":"https:\/\/regiaonews.net.br\/2022\/2024\/06\/08\/prefeitura-de-colina-abre-concurso-publico-e-processo-seletivo-para-diversos-cargos\/#primaryimage","url":"https:\/\/regiaonews.net.br\/2022\/wp-content\/uploads\/2024\/06\/m_62_0_1_07062024090535.jpeg","contentUrl":"https:\/\/regiaonews.net.br\/2022\/wp-content\/uploads\/2024\/06\/m_62_0_1_07062024090535.jpeg","width":900,"height":900},{"@type":"BreadcrumbList","@id":"https:\/\/regiaonews.net.br\/2022\/2024\/06\/08\/prefeitura-de-colina-abre-concurso-publico-e-processo-seletivo-para-diversos-cargos\/#breadcrumb","itemListElement":[{"@type":"ListItem","position":1,"name":"In\u00edcio","item":"https:\/\/regiaonews.net.br\/2022\/"},{"@type":"ListItem","position":2,"name":"Prefeitura de Colina abre Concurso P\u00fablico e Processo Seletivo para diversos cargos"}]},{"@type":"WebSite","@id":"https:\/\/regiaonews.net.br\/2022\/#website","url":"https:\/\/regiaonews.net.br\/2022\/","name":"Regi\u00e3o News","description":"Site de Not\u00edcias de Barretos e regi\u00e3o","publisher":{"@id":"https:\/\/regiaonews.net.br\/2022\/#organization"},"potentialAction":[{"@type":"SearchAction","target":{"@type":"EntryPoint","urlTemplate":"https:\/\/regiaonews.net.br\/2022\/?s={search_term_string}"},"query-input":{"@type":"PropertyValueSpecification","valueRequired":true,"valueName":"search_term_string"}}],"inLanguage":"pt-BR"},{"@type":"Organization","@id":"https:\/\/regiaonews.net.br\/2022\/#organization","name":"Regi\u00e3o News","url":"https:\/\/regiaonews.net.br\/2022\/","logo":{"@type":"ImageObject","inLanguage":"pt-BR","@id":"https:\/\/regiaonews.net.br\/2022\/#\/schema\/logo\/image\/","url":"https:\/\/regiaonews.net.br\/2022\/wp-content\/uploads\/2026\/03\/regiao-13-anos-scaled.jpg","contentUrl":"https:\/\/regiaonews.net.br\/2022\/wp-content\/uploads\/2026\/03\/regiao-13-anos-scaled.jpg","width":2560,"height":635,"caption":"Regi\u00e3o News"},"image":{"@id":"https:\/\/regiaonews.net.br\/2022\/#\/schema\/logo\/image\/"}},{"@type":"Person","@id":"https:\/\/regiaonews.net.br\/2022\/#\/schema\/person\/2d205a608a5aa97ac279d7a5e6d89ad8","name":"Roberto","image":{"@type":"ImageObject","inLanguage":"pt-BR","@id":"https:\/\/secure.gravatar.com\/avatar\/42749d8b712ff9d59ca93dc150494e5b55a44134482993f5baeb97e61b7ecc89?s=96&d=mm&r=g","url":"https:\/\/secure.gravatar.com\/avatar\/42749d8b712ff9d59ca93dc150494e5b55a44134482993f5baeb97e61b7ecc89?s=96&d=mm&r=g","contentUrl":"https:\/\/secure.gravatar.com\/avatar\/42749d8b712ff9d59ca93dc150494e5b55a44134482993f5baeb97e61b7ecc89?s=96&d=mm&r=g","caption":"Roberto"},"url":"https:\/\/regiaonews.net.br\/2022\/author\/roberto\/"}]}},"publishpress_future_action":{"enabled":false,"date":"2026-05-03 12:34:46","action":"change-status","newStatus":"draft","terms":[],"taxonomy":"category","extraData":[]},"publishpress_future_workflow_manual_trigger":{"enabledWorkflows":[]},"_links":{"self":[{"href":"https:\/\/regiaonews.net.br\/2022\/wp-json\/wp\/v2\/posts\/106033","targetHints":{"allow":["GET"]}}],"collection":[{"href":"https:\/\/regiaonews.net.br\/2022\/wp-json\/wp\/v2\/posts"}],"about":[{"href":"https:\/\/regiaonews.net.br\/2022\/wp-json\/wp\/v2\/types\/post"}],"author":[{"embeddable":true,"href":"https:\/\/regiaonews.net.br\/2022\/wp-json\/wp\/v2\/users\/2"}],"replies":[{"embeddable":true,"href":"https:\/\/regiaonews.net.br\/2022\/wp-json\/wp\/v2\/comments?post=106033"}],"version-history":[{"count":1,"href":"https:\/\/regiaonews.net.br\/2022\/wp-json\/wp\/v2\/posts\/106033\/revisions"}],"predecessor-version":[{"id":106035,"href":"https:\/\/regiaonews.net.br\/2022\/wp-json\/wp\/v2\/posts\/106033\/revisions\/106035"}],"wp:featuredmedia":[{"embeddable":true,"href":"https:\/\/regiaonews.net.br\/2022\/wp-json\/wp\/v2\/media\/106034"}],"wp:attachment":[{"href":"https:\/\/regiaonews.net.br\/2022\/wp-json\/wp\/v2\/media?parent=106033"}],"wp:term":[{"taxonomy":"category","embeddable":true,"href":"https:\/\/regiaonews.net.br\/2022\/wp-json\/wp\/v2\/categories?post=106033"},{"taxonomy":"post_tag","embeddable":true,"href":"https:\/\/regiaonews.net.br\/2022\/wp-json\/wp\/v2\/tags?post=106033"}],"curies":[{"name":"wp","href":"https:\/\/api.w.org\/{rel}","templated":true}]}}