{"id":106023,"date":"2024-06-08T06:01:15","date_gmt":"2024-06-08T09:01:15","guid":{"rendered":"https:\/\/regiaonews.net.br\/2022\/?p=106023"},"modified":"2024-06-08T06:01:15","modified_gmt":"2024-06-08T09:01:15","slug":"tebe-traz-o-espetaculo-transito-animal-na-campanha-maio-amarelo","status":"publish","type":"post","link":"https:\/\/regiaonews.net.br\/2022\/2024\/06\/08\/tebe-traz-o-espetaculo-transito-animal-na-campanha-maio-amarelo\/","title":{"rendered":"TEBE traz o espet\u00e1culo  \u201cTr\u00e2nsito Animal\u201d\u00a0na campanha  \u201cMaio Amarelo\u201d"},"content":{"rendered":"<p style=\"font-weight: 400;\" data-ogsb=\"white\">\n<p style=\"font-weight: 400;\" data-ogsb=\"white\">\n<p style=\"font-weight: 400;\" data-ogsb=\"white\"><span data-ogsc=\"rgb(34, 34, 34)\">A Concession\u00e1ria de Rodovias TEBE trouxe para Bebedouro uma pe\u00e7a teatral intitulada \u201cTr\u00e2nsito Animal\u201d, que aborda a conscientiza\u00e7\u00e3o para ado\u00e7\u00e3o de pr\u00e1ticas seguras no tr\u00e2nsito. O evento faz parte das comemora\u00e7\u00f5es da campanha \u201cMaio Amarelo\u201d.<\/span><\/p>\n<p style=\"font-weight: 400;\" data-ogsb=\"white\"><span data-ogsc=\"rgb(34, 34, 34)\">\u00a0<\/span><\/p>\n<p style=\"font-weight: 400;\" data-ogsb=\"white\"><span data-ogsc=\"rgb(34, 34, 34)\">As apresenta\u00e7\u00f5es gratuitas aconteceram nos dias 27 e 28 de maio, em tr\u00eas sess\u00f5es, \u00e0s 08h00, \u00e0s 10h00 e \u00e0s 14h00, sendo a produ\u00e7\u00e3o e realiza\u00e7\u00e3o das mesmas viabilizadas atrav\u00e9s da Lei de Incentivo \u00e0 Cultura do Governo Federal, mais conhecida como Lei Rouanet<\/span><\/p>\n<p style=\"font-weight: 400;\" data-ogsb=\"white\"><span data-ogsc=\"rgb(34, 34, 34)\">\u00a0<\/span><\/p>\n<p style=\"font-weight: 400;\" data-ogsb=\"white\"><span data-ogsc=\"black\">A pe\u00e7a\u00a0<\/span><strong>Tr\u00e2nsito Animal<\/strong>\u00a0\u00e9 dirigida para crian\u00e7as de 03 a 11 anos e conta as hist\u00f3rias de Sandro, um cachorro-do-mato, Frida, uma gatinha, e Pia, uma capivara, onde juntos eles estimulam as crian\u00e7as para uma conscientiza\u00e7\u00e3o e ado\u00e7\u00e3o de atitudes e pr\u00e1ticas mais seguran\u00e7a no tr\u00e2nsito.<\/p>\n<p style=\"font-weight: 400;\" data-ogsb=\"white\">\n<p style=\"font-weight: 400;\" data-ogsb=\"white\">As crian\u00e7as aprendem de forma interativa sobre a import\u00e2ncia em atravessar as ruas com cuidado pela faixa de pedestre, sobre a aten\u00e7\u00e3o ao avistar animais nas ruas e rodovias e sobre as regras e sinaliza\u00e7\u00e3o de tr\u00e2nsito, por exemplo.<\/p>\n<p style=\"font-weight: 400;\" data-ogsb=\"white\">\n<p style=\"font-weight: 400;\" data-ogsb=\"white\">As apresenta\u00e7\u00f5es fazem parte das a\u00e7\u00f5es realizadas pela TEBE durante o m\u00eas de maio, em comemora\u00e7\u00e3o \u00e0 campanha \u201cMaio Amarelo\u201d, que visa conscientizar a popula\u00e7\u00e3o sobre a import\u00e2ncia de pr\u00e1ticas seguras no tr\u00e2nsito. O evento contou com o apoio da Policia Militar Rodovi\u00e1ria e da ARTESP (Ag\u00eancia Reguladora de Transportes do Estado de S\u00e3o Paulo). .<\/p>\n<p style=\"font-weight: 400;\" data-ogsb=\"white\">\n<p style=\"font-weight: 400;\" data-ogsb=\"white\"><span data-ogsc=\"rgb(34, 34, 34)\">A\u00a0pe\u00e7a teatral<\/span>\u00a0\u201c<span data-ogsc=\"rgb(34, 34, 34)\">Tr\u00e2nsito Animal\u201d \u00e9 uma produ\u00e7\u00e3o da empresa RKT Projetos (Rekriarte), uma produtora de projetos culturais, no mercado desde 2007, trabalhando com criatividade, gest\u00e3o e produ\u00e7\u00e3o de projetos art\u00edsticos, esportivos e de responsabilidade social, atrav\u00e9s das Leis de Incentivo Fiscal.<\/span><\/p>\n<p style=\"font-weight: 400;\" data-ogsb=\"white\"><span data-ogsc=\"rgb(34, 34, 34)\">\u00a0<\/span><\/p>\n<p style=\"font-weight: 400;\">Para obter outras informa\u00e7\u00f5es sobre o\u00a0<span data-ogsc=\"black\">Programa de Concess\u00f5es Rodovi\u00e1rias do Estado de S\u00e3o Paulo e sobre a<\/span>\u00a0\u00e1rea administrada pela TEBE, conhecer os projetos s\u00f3cio-educativos e s\u00f3cio- ambientais, a localiza\u00e7\u00e3o e os valores cobrados nas pra\u00e7as de ped\u00e1gio, obras realizadas e em andamento e servi\u00e7os dispon\u00edveis aos usu\u00e1rios e projetos mantidos pela concession\u00e1ria acesse o site\u00a0<span data-ogsc=\"\"><a href=\"http:\/\/www.tebe.com.br\/\" data-ogsc=\"\" data-linkindex=\"0\">www.tebe.com.br<\/a><\/span>.<\/p>\n<p><a href=\"https:\/\/regiaonews.net.br\/2022\/wp-content\/uploads\/2024\/06\/image005.jpg\"><img loading=\"lazy\" decoding=\"async\" class=\"alignnone size-medium wp-image-106024\" src=\"https:\/\/regiaonews.net.br\/2022\/wp-content\/uploads\/2024\/06\/image005-300x175.jpg\" alt=\"\" width=\"300\" height=\"175\" srcset=\"https:\/\/regiaonews.net.br\/2022\/wp-content\/uploads\/2024\/06\/image005-300x175.jpg 300w, https:\/\/regiaonews.net.br\/2022\/wp-content\/uploads\/2024\/06\/image005-250x146.jpg 250w, https:\/\/regiaonews.net.br\/2022\/wp-content\/uploads\/2024\/06\/image005.jpg 538w\" sizes=\"auto, (max-width: 300px) 100vw, 300px\" \/><\/a> <a href=\"https:\/\/regiaonews.net.br\/2022\/wp-content\/uploads\/2024\/06\/image003.jpg\"><img loading=\"lazy\" decoding=\"async\" class=\"alignnone size-medium wp-image-106026\" src=\"https:\/\/regiaonews.net.br\/2022\/wp-content\/uploads\/2024\/06\/image003-300x225.jpg\" alt=\"\" width=\"300\" height=\"225\" srcset=\"https:\/\/regiaonews.net.br\/2022\/wp-content\/uploads\/2024\/06\/image003-300x225.jpg 300w, https:\/\/regiaonews.net.br\/2022\/wp-content\/uploads\/2024\/06\/image003-250x188.jpg 250w, https:\/\/regiaonews.net.br\/2022\/wp-content\/uploads\/2024\/06\/image003-200x150.jpg 200w, https:\/\/regiaonews.net.br\/2022\/wp-content\/uploads\/2024\/06\/image003.jpg 537w\" sizes=\"auto, (max-width: 300px) 100vw, 300px\" \/><\/a> <a href=\"https:\/\/regiaonews.net.br\/2022\/wp-content\/uploads\/2024\/06\/image002.jpg\"><img loading=\"lazy\" decoding=\"async\" class=\"alignnone size-medium wp-image-106027\" src=\"https:\/\/regiaonews.net.br\/2022\/wp-content\/uploads\/2024\/06\/image002-300x132.jpg\" alt=\"\" width=\"300\" height=\"132\" srcset=\"https:\/\/regiaonews.net.br\/2022\/wp-content\/uploads\/2024\/06\/image002-300x132.jpg 300w, https:\/\/regiaonews.net.br\/2022\/wp-content\/uploads\/2024\/06\/image002-250x110.jpg 250w, https:\/\/regiaonews.net.br\/2022\/wp-content\/uploads\/2024\/06\/image002.jpg 536w\" sizes=\"auto, (max-width: 300px) 100vw, 300px\" \/><\/a><\/p>\n","protected":false},"excerpt":{"rendered":"<p>A Concession\u00e1ria de Rodovias TEBE trouxe para Bebedouro uma pe\u00e7a<\/p>\n","protected":false},"author":2,"featured_media":106025,"comment_status":"open","ping_status":"open","sticky":false,"template":"","format":"standard","meta":{"footnotes":""},"categories":[4,25],"tags":[],"class_list":["post-106023","post","type-post","status-publish","format-standard","has-post-thumbnail","hentry","category-bebedouro","category-cidades"],"yoast_head":"<!-- This site is optimized with the Yoast SEO plugin v27.4 - https:\/\/yoast.com\/product\/yoast-seo-wordpress\/ -->\n<title>TEBE traz o espet\u00e1culo \u201cTr\u00e2nsito Animal\u201d\u00a0na campanha \u201cMaio Amarelo\u201d - Regi\u00e3o News<\/title>\n<meta name=\"robots\" content=\"index, follow, max-snippet:-1, max-image-preview:large, max-video-preview:-1\" \/>\n<link rel=\"canonical\" href=\"https:\/\/regiaonews.net.br\/2022\/2024\/06\/08\/tebe-traz-o-espetaculo-transito-animal-na-campanha-maio-amarelo\/\" \/>\n<meta property=\"og:locale\" content=\"pt_BR\" \/>\n<meta property=\"og:type\" content=\"article\" \/>\n<meta property=\"og:title\" content=\"TEBE traz o espet\u00e1culo \u201cTr\u00e2nsito Animal\u201d\u00a0na campanha \u201cMaio Amarelo\u201d - Regi\u00e3o News\" \/>\n<meta property=\"og:description\" content=\"A Concession\u00e1ria de Rodovias TEBE trouxe para Bebedouro uma pe\u00e7a\" \/>\n<meta property=\"og:url\" content=\"https:\/\/regiaonews.net.br\/2022\/2024\/06\/08\/tebe-traz-o-espetaculo-transito-animal-na-campanha-maio-amarelo\/\" \/>\n<meta property=\"og:site_name\" content=\"Regi\u00e3o News\" \/>\n<meta property=\"article:published_time\" content=\"2024-06-08T09:01:15+00:00\" \/>\n<meta property=\"og:image\" content=\"https:\/\/regiaonews.net.br\/2022\/wp-content\/uploads\/2024\/06\/image004.jpg\" \/>\n\t<meta property=\"og:image:width\" content=\"536\" \/>\n\t<meta property=\"og:image:height\" content=\"328\" \/>\n\t<meta property=\"og:image:type\" content=\"image\/jpeg\" \/>\n<meta name=\"author\" content=\"Roberto\" \/>\n<meta name=\"twitter:card\" content=\"summary_large_image\" \/>\n<meta name=\"twitter:label1\" content=\"Escrito por\" \/>\n\t<meta name=\"twitter:data1\" content=\"Roberto\" \/>\n\t<meta name=\"twitter:label2\" content=\"Est. tempo de leitura\" \/>\n\t<meta name=\"twitter:data2\" content=\"3 minutos\" \/>\n<script type=\"application\/ld+json\" class=\"yoast-schema-graph\">{\"@context\":\"https:\\\/\\\/schema.org\",\"@graph\":[{\"@type\":\"Article\",\"@id\":\"https:\\\/\\\/regiaonews.net.br\\\/2022\\\/2024\\\/06\\\/08\\\/tebe-traz-o-espetaculo-transito-animal-na-campanha-maio-amarelo\\\/#article\",\"isPartOf\":{\"@id\":\"https:\\\/\\\/regiaonews.net.br\\\/2022\\\/2024\\\/06\\\/08\\\/tebe-traz-o-espetaculo-transito-animal-na-campanha-maio-amarelo\\\/\"},\"author\":{\"name\":\"Roberto\",\"@id\":\"https:\\\/\\\/regiaonews.net.br\\\/2022\\\/#\\\/schema\\\/person\\\/2d205a608a5aa97ac279d7a5e6d89ad8\"},\"headline\":\"TEBE traz o espet\u00e1culo \u201cTr\u00e2nsito Animal\u201d\u00a0na campanha \u201cMaio Amarelo\u201d\",\"datePublished\":\"2024-06-08T09:01:15+00:00\",\"mainEntityOfPage\":{\"@id\":\"https:\\\/\\\/regiaonews.net.br\\\/2022\\\/2024\\\/06\\\/08\\\/tebe-traz-o-espetaculo-transito-animal-na-campanha-maio-amarelo\\\/\"},\"wordCount\":386,\"commentCount\":0,\"publisher\":{\"@id\":\"https:\\\/\\\/regiaonews.net.br\\\/2022\\\/#organization\"},\"image\":{\"@id\":\"https:\\\/\\\/regiaonews.net.br\\\/2022\\\/2024\\\/06\\\/08\\\/tebe-traz-o-espetaculo-transito-animal-na-campanha-maio-amarelo\\\/#primaryimage\"},\"thumbnailUrl\":\"https:\\\/\\\/regiaonews.net.br\\\/2022\\\/wp-content\\\/uploads\\\/2024\\\/06\\\/image004.jpg\",\"articleSection\":[\"Bebedouro\",\"Cidades\"],\"inLanguage\":\"pt-BR\",\"potentialAction\":[{\"@type\":\"CommentAction\",\"name\":\"Comment\",\"target\":[\"https:\\\/\\\/regiaonews.net.br\\\/2022\\\/2024\\\/06\\\/08\\\/tebe-traz-o-espetaculo-transito-animal-na-campanha-maio-amarelo\\\/#respond\"]}]},{\"@type\":\"WebPage\",\"@id\":\"https:\\\/\\\/regiaonews.net.br\\\/2022\\\/2024\\\/06\\\/08\\\/tebe-traz-o-espetaculo-transito-animal-na-campanha-maio-amarelo\\\/\",\"url\":\"https:\\\/\\\/regiaonews.net.br\\\/2022\\\/2024\\\/06\\\/08\\\/tebe-traz-o-espetaculo-transito-animal-na-campanha-maio-amarelo\\\/\",\"name\":\"TEBE traz o espet\u00e1culo \u201cTr\u00e2nsito Animal\u201d\u00a0na campanha \u201cMaio Amarelo\u201d - Regi\u00e3o News\",\"isPartOf\":{\"@id\":\"https:\\\/\\\/regiaonews.net.br\\\/2022\\\/#website\"},\"primaryImageOfPage\":{\"@id\":\"https:\\\/\\\/regiaonews.net.br\\\/2022\\\/2024\\\/06\\\/08\\\/tebe-traz-o-espetaculo-transito-animal-na-campanha-maio-amarelo\\\/#primaryimage\"},\"image\":{\"@id\":\"https:\\\/\\\/regiaonews.net.br\\\/2022\\\/2024\\\/06\\\/08\\\/tebe-traz-o-espetaculo-transito-animal-na-campanha-maio-amarelo\\\/#primaryimage\"},\"thumbnailUrl\":\"https:\\\/\\\/regiaonews.net.br\\\/2022\\\/wp-content\\\/uploads\\\/2024\\\/06\\\/image004.jpg\",\"datePublished\":\"2024-06-08T09:01:15+00:00\",\"breadcrumb\":{\"@id\":\"https:\\\/\\\/regiaonews.net.br\\\/2022\\\/2024\\\/06\\\/08\\\/tebe-traz-o-espetaculo-transito-animal-na-campanha-maio-amarelo\\\/#breadcrumb\"},\"inLanguage\":\"pt-BR\",\"potentialAction\":[{\"@type\":\"ReadAction\",\"target\":[\"https:\\\/\\\/regiaonews.net.br\\\/2022\\\/2024\\\/06\\\/08\\\/tebe-traz-o-espetaculo-transito-animal-na-campanha-maio-amarelo\\\/\"]}]},{\"@type\":\"ImageObject\",\"inLanguage\":\"pt-BR\",\"@id\":\"https:\\\/\\\/regiaonews.net.br\\\/2022\\\/2024\\\/06\\\/08\\\/tebe-traz-o-espetaculo-transito-animal-na-campanha-maio-amarelo\\\/#primaryimage\",\"url\":\"https:\\\/\\\/regiaonews.net.br\\\/2022\\\/wp-content\\\/uploads\\\/2024\\\/06\\\/image004.jpg\",\"contentUrl\":\"https:\\\/\\\/regiaonews.net.br\\\/2022\\\/wp-content\\\/uploads\\\/2024\\\/06\\\/image004.jpg\",\"width\":536,\"height\":328},{\"@type\":\"BreadcrumbList\",\"@id\":\"https:\\\/\\\/regiaonews.net.br\\\/2022\\\/2024\\\/06\\\/08\\\/tebe-traz-o-espetaculo-transito-animal-na-campanha-maio-amarelo\\\/#breadcrumb\",\"itemListElement\":[{\"@type\":\"ListItem\",\"position\":1,\"name\":\"In\u00edcio\",\"item\":\"https:\\\/\\\/regiaonews.net.br\\\/2022\\\/\"},{\"@type\":\"ListItem\",\"position\":2,\"name\":\"TEBE traz o espet\u00e1culo \u201cTr\u00e2nsito Animal\u201d\u00a0na campanha \u201cMaio Amarelo\u201d\"}]},{\"@type\":\"WebSite\",\"@id\":\"https:\\\/\\\/regiaonews.net.br\\\/2022\\\/#website\",\"url\":\"https:\\\/\\\/regiaonews.net.br\\\/2022\\\/\",\"name\":\"Regi\u00e3o News\",\"description\":\"Site de Not\u00edcias de Barretos e regi\u00e3o\",\"publisher\":{\"@id\":\"https:\\\/\\\/regiaonews.net.br\\\/2022\\\/#organization\"},\"potentialAction\":[{\"@type\":\"SearchAction\",\"target\":{\"@type\":\"EntryPoint\",\"urlTemplate\":\"https:\\\/\\\/regiaonews.net.br\\\/2022\\\/?s={search_term_string}\"},\"query-input\":{\"@type\":\"PropertyValueSpecification\",\"valueRequired\":true,\"valueName\":\"search_term_string\"}}],\"inLanguage\":\"pt-BR\"},{\"@type\":\"Organization\",\"@id\":\"https:\\\/\\\/regiaonews.net.br\\\/2022\\\/#organization\",\"name\":\"Regi\u00e3o News\",\"url\":\"https:\\\/\\\/regiaonews.net.br\\\/2022\\\/\",\"logo\":{\"@type\":\"ImageObject\",\"inLanguage\":\"pt-BR\",\"@id\":\"https:\\\/\\\/regiaonews.net.br\\\/2022\\\/#\\\/schema\\\/logo\\\/image\\\/\",\"url\":\"https:\\\/\\\/regiaonews.net.br\\\/2022\\\/wp-content\\\/uploads\\\/2026\\\/03\\\/regiao-13-anos-scaled.jpg\",\"contentUrl\":\"https:\\\/\\\/regiaonews.net.br\\\/2022\\\/wp-content\\\/uploads\\\/2026\\\/03\\\/regiao-13-anos-scaled.jpg\",\"width\":2560,\"height\":635,\"caption\":\"Regi\u00e3o News\"},\"image\":{\"@id\":\"https:\\\/\\\/regiaonews.net.br\\\/2022\\\/#\\\/schema\\\/logo\\\/image\\\/\"}},{\"@type\":\"Person\",\"@id\":\"https:\\\/\\\/regiaonews.net.br\\\/2022\\\/#\\\/schema\\\/person\\\/2d205a608a5aa97ac279d7a5e6d89ad8\",\"name\":\"Roberto\",\"image\":{\"@type\":\"ImageObject\",\"inLanguage\":\"pt-BR\",\"@id\":\"https:\\\/\\\/secure.gravatar.com\\\/avatar\\\/42749d8b712ff9d59ca93dc150494e5b55a44134482993f5baeb97e61b7ecc89?s=96&d=mm&r=g\",\"url\":\"https:\\\/\\\/secure.gravatar.com\\\/avatar\\\/42749d8b712ff9d59ca93dc150494e5b55a44134482993f5baeb97e61b7ecc89?s=96&d=mm&r=g\",\"contentUrl\":\"https:\\\/\\\/secure.gravatar.com\\\/avatar\\\/42749d8b712ff9d59ca93dc150494e5b55a44134482993f5baeb97e61b7ecc89?s=96&d=mm&r=g\",\"caption\":\"Roberto\"},\"url\":\"https:\\\/\\\/regiaonews.net.br\\\/2022\\\/author\\\/roberto\\\/\"}]}<\/script>\n<!-- \/ Yoast SEO plugin. -->","yoast_head_json":{"title":"TEBE traz o espet\u00e1culo \u201cTr\u00e2nsito Animal\u201d\u00a0na campanha \u201cMaio Amarelo\u201d - Regi\u00e3o News","robots":{"index":"index","follow":"follow","max-snippet":"max-snippet:-1","max-image-preview":"max-image-preview:large","max-video-preview":"max-video-preview:-1"},"canonical":"https:\/\/regiaonews.net.br\/2022\/2024\/06\/08\/tebe-traz-o-espetaculo-transito-animal-na-campanha-maio-amarelo\/","og_locale":"pt_BR","og_type":"article","og_title":"TEBE traz o espet\u00e1culo \u201cTr\u00e2nsito Animal\u201d\u00a0na campanha \u201cMaio Amarelo\u201d - Regi\u00e3o News","og_description":"A Concession\u00e1ria de Rodovias TEBE trouxe para Bebedouro uma pe\u00e7a","og_url":"https:\/\/regiaonews.net.br\/2022\/2024\/06\/08\/tebe-traz-o-espetaculo-transito-animal-na-campanha-maio-amarelo\/","og_site_name":"Regi\u00e3o News","article_published_time":"2024-06-08T09:01:15+00:00","og_image":[{"width":536,"height":328,"url":"https:\/\/regiaonews.net.br\/2022\/wp-content\/uploads\/2024\/06\/image004.jpg","type":"image\/jpeg"}],"author":"Roberto","twitter_card":"summary_large_image","twitter_misc":{"Escrito por":"Roberto","Est. tempo de leitura":"3 minutos"},"schema":{"@context":"https:\/\/schema.org","@graph":[{"@type":"Article","@id":"https:\/\/regiaonews.net.br\/2022\/2024\/06\/08\/tebe-traz-o-espetaculo-transito-animal-na-campanha-maio-amarelo\/#article","isPartOf":{"@id":"https:\/\/regiaonews.net.br\/2022\/2024\/06\/08\/tebe-traz-o-espetaculo-transito-animal-na-campanha-maio-amarelo\/"},"author":{"name":"Roberto","@id":"https:\/\/regiaonews.net.br\/2022\/#\/schema\/person\/2d205a608a5aa97ac279d7a5e6d89ad8"},"headline":"TEBE traz o espet\u00e1culo \u201cTr\u00e2nsito Animal\u201d\u00a0na campanha \u201cMaio Amarelo\u201d","datePublished":"2024-06-08T09:01:15+00:00","mainEntityOfPage":{"@id":"https:\/\/regiaonews.net.br\/2022\/2024\/06\/08\/tebe-traz-o-espetaculo-transito-animal-na-campanha-maio-amarelo\/"},"wordCount":386,"commentCount":0,"publisher":{"@id":"https:\/\/regiaonews.net.br\/2022\/#organization"},"image":{"@id":"https:\/\/regiaonews.net.br\/2022\/2024\/06\/08\/tebe-traz-o-espetaculo-transito-animal-na-campanha-maio-amarelo\/#primaryimage"},"thumbnailUrl":"https:\/\/regiaonews.net.br\/2022\/wp-content\/uploads\/2024\/06\/image004.jpg","articleSection":["Bebedouro","Cidades"],"inLanguage":"pt-BR","potentialAction":[{"@type":"CommentAction","name":"Comment","target":["https:\/\/regiaonews.net.br\/2022\/2024\/06\/08\/tebe-traz-o-espetaculo-transito-animal-na-campanha-maio-amarelo\/#respond"]}]},{"@type":"WebPage","@id":"https:\/\/regiaonews.net.br\/2022\/2024\/06\/08\/tebe-traz-o-espetaculo-transito-animal-na-campanha-maio-amarelo\/","url":"https:\/\/regiaonews.net.br\/2022\/2024\/06\/08\/tebe-traz-o-espetaculo-transito-animal-na-campanha-maio-amarelo\/","name":"TEBE traz o espet\u00e1culo \u201cTr\u00e2nsito Animal\u201d\u00a0na campanha \u201cMaio Amarelo\u201d - Regi\u00e3o News","isPartOf":{"@id":"https:\/\/regiaonews.net.br\/2022\/#website"},"primaryImageOfPage":{"@id":"https:\/\/regiaonews.net.br\/2022\/2024\/06\/08\/tebe-traz-o-espetaculo-transito-animal-na-campanha-maio-amarelo\/#primaryimage"},"image":{"@id":"https:\/\/regiaonews.net.br\/2022\/2024\/06\/08\/tebe-traz-o-espetaculo-transito-animal-na-campanha-maio-amarelo\/#primaryimage"},"thumbnailUrl":"https:\/\/regiaonews.net.br\/2022\/wp-content\/uploads\/2024\/06\/image004.jpg","datePublished":"2024-06-08T09:01:15+00:00","breadcrumb":{"@id":"https:\/\/regiaonews.net.br\/2022\/2024\/06\/08\/tebe-traz-o-espetaculo-transito-animal-na-campanha-maio-amarelo\/#breadcrumb"},"inLanguage":"pt-BR","potentialAction":[{"@type":"ReadAction","target":["https:\/\/regiaonews.net.br\/2022\/2024\/06\/08\/tebe-traz-o-espetaculo-transito-animal-na-campanha-maio-amarelo\/"]}]},{"@type":"ImageObject","inLanguage":"pt-BR","@id":"https:\/\/regiaonews.net.br\/2022\/2024\/06\/08\/tebe-traz-o-espetaculo-transito-animal-na-campanha-maio-amarelo\/#primaryimage","url":"https:\/\/regiaonews.net.br\/2022\/wp-content\/uploads\/2024\/06\/image004.jpg","contentUrl":"https:\/\/regiaonews.net.br\/2022\/wp-content\/uploads\/2024\/06\/image004.jpg","width":536,"height":328},{"@type":"BreadcrumbList","@id":"https:\/\/regiaonews.net.br\/2022\/2024\/06\/08\/tebe-traz-o-espetaculo-transito-animal-na-campanha-maio-amarelo\/#breadcrumb","itemListElement":[{"@type":"ListItem","position":1,"name":"In\u00edcio","item":"https:\/\/regiaonews.net.br\/2022\/"},{"@type":"ListItem","position":2,"name":"TEBE traz o espet\u00e1culo \u201cTr\u00e2nsito Animal\u201d\u00a0na campanha \u201cMaio Amarelo\u201d"}]},{"@type":"WebSite","@id":"https:\/\/regiaonews.net.br\/2022\/#website","url":"https:\/\/regiaonews.net.br\/2022\/","name":"Regi\u00e3o News","description":"Site de Not\u00edcias de Barretos e regi\u00e3o","publisher":{"@id":"https:\/\/regiaonews.net.br\/2022\/#organization"},"potentialAction":[{"@type":"SearchAction","target":{"@type":"EntryPoint","urlTemplate":"https:\/\/regiaonews.net.br\/2022\/?s={search_term_string}"},"query-input":{"@type":"PropertyValueSpecification","valueRequired":true,"valueName":"search_term_string"}}],"inLanguage":"pt-BR"},{"@type":"Organization","@id":"https:\/\/regiaonews.net.br\/2022\/#organization","name":"Regi\u00e3o News","url":"https:\/\/regiaonews.net.br\/2022\/","logo":{"@type":"ImageObject","inLanguage":"pt-BR","@id":"https:\/\/regiaonews.net.br\/2022\/#\/schema\/logo\/image\/","url":"https:\/\/regiaonews.net.br\/2022\/wp-content\/uploads\/2026\/03\/regiao-13-anos-scaled.jpg","contentUrl":"https:\/\/regiaonews.net.br\/2022\/wp-content\/uploads\/2026\/03\/regiao-13-anos-scaled.jpg","width":2560,"height":635,"caption":"Regi\u00e3o News"},"image":{"@id":"https:\/\/regiaonews.net.br\/2022\/#\/schema\/logo\/image\/"}},{"@type":"Person","@id":"https:\/\/regiaonews.net.br\/2022\/#\/schema\/person\/2d205a608a5aa97ac279d7a5e6d89ad8","name":"Roberto","image":{"@type":"ImageObject","inLanguage":"pt-BR","@id":"https:\/\/secure.gravatar.com\/avatar\/42749d8b712ff9d59ca93dc150494e5b55a44134482993f5baeb97e61b7ecc89?s=96&d=mm&r=g","url":"https:\/\/secure.gravatar.com\/avatar\/42749d8b712ff9d59ca93dc150494e5b55a44134482993f5baeb97e61b7ecc89?s=96&d=mm&r=g","contentUrl":"https:\/\/secure.gravatar.com\/avatar\/42749d8b712ff9d59ca93dc150494e5b55a44134482993f5baeb97e61b7ecc89?s=96&d=mm&r=g","caption":"Roberto"},"url":"https:\/\/regiaonews.net.br\/2022\/author\/roberto\/"}]}},"publishpress_future_action":{"enabled":false,"date":"2026-05-03 15:35:16","action":"change-status","newStatus":"draft","terms":[],"taxonomy":"category","extraData":[]},"publishpress_future_workflow_manual_trigger":{"enabledWorkflows":[]},"_links":{"self":[{"href":"https:\/\/regiaonews.net.br\/2022\/wp-json\/wp\/v2\/posts\/106023","targetHints":{"allow":["GET"]}}],"collection":[{"href":"https:\/\/regiaonews.net.br\/2022\/wp-json\/wp\/v2\/posts"}],"about":[{"href":"https:\/\/regiaonews.net.br\/2022\/wp-json\/wp\/v2\/types\/post"}],"author":[{"embeddable":true,"href":"https:\/\/regiaonews.net.br\/2022\/wp-json\/wp\/v2\/users\/2"}],"replies":[{"embeddable":true,"href":"https:\/\/regiaonews.net.br\/2022\/wp-json\/wp\/v2\/comments?post=106023"}],"version-history":[{"count":1,"href":"https:\/\/regiaonews.net.br\/2022\/wp-json\/wp\/v2\/posts\/106023\/revisions"}],"predecessor-version":[{"id":106028,"href":"https:\/\/regiaonews.net.br\/2022\/wp-json\/wp\/v2\/posts\/106023\/revisions\/106028"}],"wp:featuredmedia":[{"embeddable":true,"href":"https:\/\/regiaonews.net.br\/2022\/wp-json\/wp\/v2\/media\/106025"}],"wp:attachment":[{"href":"https:\/\/regiaonews.net.br\/2022\/wp-json\/wp\/v2\/media?parent=106023"}],"wp:term":[{"taxonomy":"category","embeddable":true,"href":"https:\/\/regiaonews.net.br\/2022\/wp-json\/wp\/v2\/categories?post=106023"},{"taxonomy":"post_tag","embeddable":true,"href":"https:\/\/regiaonews.net.br\/2022\/wp-json\/wp\/v2\/tags?post=106023"}],"curies":[{"name":"wp","href":"https:\/\/api.w.org\/{rel}","templated":true}]}}