{"id":106006,"date":"2024-06-07T19:44:27","date_gmt":"2024-06-07T22:44:27","guid":{"rendered":"https:\/\/regiaonews.net.br\/2022\/?p=106006"},"modified":"2024-06-07T19:44:27","modified_gmt":"2024-06-07T22:44:27","slug":"700-estudantes-visitam-a-fazenda-municipal-na-semana-do-meio-ambiente-de-barretos","status":"publish","type":"post","link":"https:\/\/regiaonews.net.br\/2022\/2024\/06\/07\/700-estudantes-visitam-a-fazenda-municipal-na-semana-do-meio-ambiente-de-barretos\/","title":{"rendered":"700 estudantes visitam a Fazenda Municipal na Semana do Meio Ambiente de Barretos"},"content":{"rendered":"<p>&nbsp;<\/p>\n<p>O circuito de atividades foi realizado entre ter\u00e7a-feira, 4, e esta sexta-feira, 7, aberto a toda a popula\u00e7\u00e3o<\/p>\n<p>Barretos termina a Semana do Meio Ambiente 2024 com a expectativa de ter proporcionado aos visitantes conhecimentos ambientais que ir\u00e3o colocar em pr\u00e1tica em suas atitudes no dia a dia. O circuito de atividades esteve aberto a toda a popula\u00e7\u00e3o entre ter\u00e7a-feira, 4, e esta sexta-feira, 7. Entre as pessoas que puderam conferir e obter aprendizados nos stands, destaca-se a presen\u00e7a de cerca de 700 estudantes da Rede Municipal de Ensino.<\/p>\n<p>Ao longo da Semana, a Fazenda Municipal, sede da Secretaria Municipal de Agricultura, Meio Ambiente e Sustentabilidade, ficou movimentada. Al\u00e9m de funcion\u00e1rios da pasta, equipes da Coordenadoria de Assist\u00eancia T\u00e9cnica Integral (CATI), do Servi\u00e7o Aut\u00f4nomo de \u00c1gua e Esgoto (SAAE), da Pol\u00edcia Militar Ambiental, das Secretarias Municipais de Sa\u00fade e da Educa\u00e7\u00e3o e da empresa DaIdea Solu\u00e7\u00f5es Ambientais prepararam uma s\u00e9rie de informa\u00e7\u00f5es para compartilhar com os visitantes.<\/p>\n<p>\u201cRefor\u00e7amos mensagens importantes e de maneira l\u00fadica para que a crian\u00e7a perceba o quanto \u00e9 poss\u00edvel contribuir com atitudes simples no dia a dia, al\u00e9m de que elas levam essa mensagem para a fam\u00edlia. Comemoramos toda essa mobiliza\u00e7\u00e3o e o impacto que gera a m\u00e9dio prazo em cada visitante\u201d, destacou o secret\u00e1rio municipal de Agricultura, Meio Ambiente e Sustentabilidade, Pl\u00e1cido Martins Jr.<\/p>\n<p>Circuito<\/p>\n<p>Al\u00e9m de ser apresentado aos visitantes como as plantas s\u00e3o preparadas e cuidadas no viveiro de mudas, um jequitib\u00e1-rosa foi plantado pelas crian\u00e7as na abertura do evento. \u201cConseguimos passar essa mensagem da import\u00e2ncia da preserva\u00e7\u00e3o ambiental e do impacto positivo que a arboriza\u00e7\u00e3o urbana causa. Estimulamos as crian\u00e7as a voltarem ao longo do ano na Fazenda com seus pais, av\u00f3s e a retirarem as duas mudas que cada morador de Barretos pode retirar gratuitamente todos os anos e, assim, contribu\u00edrem com a arboriza\u00e7\u00e3o da cidade\u201d, afirmou Marcela Yada, engenheira agr\u00f4noma na pasta.<\/p>\n<p>As equipes tamb\u00e9m explicaram informa\u00e7\u00f5es sobre conserva\u00e7\u00e3o do solo em bacias hidrogr\u00e1ficas; a import\u00e2ncia de usar a \u00e1gua de maneira consciente; como os cuidados com o meio ambiente s\u00e3o importantes para evitar a prolifera\u00e7\u00e3o de escorpi\u00f5es e dos mosquitos transmissores de doen\u00e7as como a dengue. Os policiais explicaram sobre como co\u00edbem a ca\u00e7a e a pesca ilegal, buscando proteger os animais.<\/p>\n<p>Em Barretos, a Prefeitura oferece algumas formas de desconto no IPTU, incluindo o desconto quando h\u00e1 uma \u00e1rvore plantada na cal\u00e7ada em frente ao im\u00f3vel. A retirada de mudas na Fazenda Municipal pode ser feita ao longo do ano, de segunda a sexta-feira. A Fazenda est\u00e1 localizada na Estrada da Fazenda Burac\u00e3o s\/n, atr\u00e1s do Cemit\u00e9rio Jardim das Oliveiras.<\/p>\n","protected":false},"excerpt":{"rendered":"<p>&nbsp; O circuito de atividades foi realizado entre ter\u00e7a-feira, 4,<\/p>\n","protected":false},"author":2,"featured_media":106007,"comment_status":"open","ping_status":"open","sticky":false,"template":"","format":"standard","meta":{"footnotes":""},"categories":[14,25],"tags":[],"class_list":["post-106006","post","type-post","status-publish","format-standard","has-post-thumbnail","hentry","category-barretos","category-cidades"],"yoast_head":"<!-- This site is optimized with the Yoast SEO plugin v27.4 - https:\/\/yoast.com\/product\/yoast-seo-wordpress\/ -->\n<title>700 estudantes visitam a Fazenda Municipal na Semana do Meio Ambiente de Barretos - Regi\u00e3o News<\/title>\n<meta name=\"robots\" content=\"index, follow, max-snippet:-1, max-image-preview:large, max-video-preview:-1\" \/>\n<link rel=\"canonical\" href=\"https:\/\/regiaonews.net.br\/2022\/2024\/06\/07\/700-estudantes-visitam-a-fazenda-municipal-na-semana-do-meio-ambiente-de-barretos\/\" \/>\n<meta property=\"og:locale\" content=\"pt_BR\" \/>\n<meta property=\"og:type\" content=\"article\" \/>\n<meta property=\"og:title\" content=\"700 estudantes visitam a Fazenda Municipal na Semana do Meio Ambiente de Barretos - Regi\u00e3o News\" \/>\n<meta property=\"og:description\" content=\"&nbsp; O circuito de atividades foi realizado entre ter\u00e7a-feira, 4,\" \/>\n<meta property=\"og:url\" content=\"https:\/\/regiaonews.net.br\/2022\/2024\/06\/07\/700-estudantes-visitam-a-fazenda-municipal-na-semana-do-meio-ambiente-de-barretos\/\" \/>\n<meta property=\"og:site_name\" content=\"Regi\u00e3o News\" \/>\n<meta property=\"article:published_time\" content=\"2024-06-07T22:44:27+00:00\" \/>\n<meta property=\"og:image\" content=\"https:\/\/regiaonews.net.br\/2022\/wp-content\/uploads\/2024\/06\/WhatsApp-Image-2024-06-07-at-16.30.05.jpeg\" \/>\n\t<meta property=\"og:image:width\" content=\"1600\" \/>\n\t<meta property=\"og:image:height\" content=\"1069\" \/>\n\t<meta property=\"og:image:type\" content=\"image\/jpeg\" \/>\n<meta name=\"author\" content=\"Roberto\" \/>\n<meta name=\"twitter:card\" content=\"summary_large_image\" \/>\n<meta name=\"twitter:label1\" content=\"Escrito por\" \/>\n\t<meta name=\"twitter:data1\" content=\"Roberto\" \/>\n\t<meta name=\"twitter:label2\" content=\"Est. tempo de leitura\" \/>\n\t<meta name=\"twitter:data2\" content=\"3 minutos\" \/>\n<script type=\"application\/ld+json\" class=\"yoast-schema-graph\">{\"@context\":\"https:\\\/\\\/schema.org\",\"@graph\":[{\"@type\":\"Article\",\"@id\":\"https:\\\/\\\/regiaonews.net.br\\\/2022\\\/2024\\\/06\\\/07\\\/700-estudantes-visitam-a-fazenda-municipal-na-semana-do-meio-ambiente-de-barretos\\\/#article\",\"isPartOf\":{\"@id\":\"https:\\\/\\\/regiaonews.net.br\\\/2022\\\/2024\\\/06\\\/07\\\/700-estudantes-visitam-a-fazenda-municipal-na-semana-do-meio-ambiente-de-barretos\\\/\"},\"author\":{\"name\":\"Roberto\",\"@id\":\"https:\\\/\\\/regiaonews.net.br\\\/2022\\\/#\\\/schema\\\/person\\\/2d205a608a5aa97ac279d7a5e6d89ad8\"},\"headline\":\"700 estudantes visitam a Fazenda Municipal na Semana do Meio Ambiente de Barretos\",\"datePublished\":\"2024-06-07T22:44:27+00:00\",\"mainEntityOfPage\":{\"@id\":\"https:\\\/\\\/regiaonews.net.br\\\/2022\\\/2024\\\/06\\\/07\\\/700-estudantes-visitam-a-fazenda-municipal-na-semana-do-meio-ambiente-de-barretos\\\/\"},\"wordCount\":496,\"commentCount\":0,\"publisher\":{\"@id\":\"https:\\\/\\\/regiaonews.net.br\\\/2022\\\/#organization\"},\"image\":{\"@id\":\"https:\\\/\\\/regiaonews.net.br\\\/2022\\\/2024\\\/06\\\/07\\\/700-estudantes-visitam-a-fazenda-municipal-na-semana-do-meio-ambiente-de-barretos\\\/#primaryimage\"},\"thumbnailUrl\":\"https:\\\/\\\/regiaonews.net.br\\\/2022\\\/wp-content\\\/uploads\\\/2024\\\/06\\\/WhatsApp-Image-2024-06-07-at-16.30.05.jpeg\",\"articleSection\":[\"Barretos\",\"Cidades\"],\"inLanguage\":\"pt-BR\",\"potentialAction\":[{\"@type\":\"CommentAction\",\"name\":\"Comment\",\"target\":[\"https:\\\/\\\/regiaonews.net.br\\\/2022\\\/2024\\\/06\\\/07\\\/700-estudantes-visitam-a-fazenda-municipal-na-semana-do-meio-ambiente-de-barretos\\\/#respond\"]}]},{\"@type\":\"WebPage\",\"@id\":\"https:\\\/\\\/regiaonews.net.br\\\/2022\\\/2024\\\/06\\\/07\\\/700-estudantes-visitam-a-fazenda-municipal-na-semana-do-meio-ambiente-de-barretos\\\/\",\"url\":\"https:\\\/\\\/regiaonews.net.br\\\/2022\\\/2024\\\/06\\\/07\\\/700-estudantes-visitam-a-fazenda-municipal-na-semana-do-meio-ambiente-de-barretos\\\/\",\"name\":\"700 estudantes visitam a Fazenda Municipal na Semana do Meio Ambiente de Barretos - Regi\u00e3o News\",\"isPartOf\":{\"@id\":\"https:\\\/\\\/regiaonews.net.br\\\/2022\\\/#website\"},\"primaryImageOfPage\":{\"@id\":\"https:\\\/\\\/regiaonews.net.br\\\/2022\\\/2024\\\/06\\\/07\\\/700-estudantes-visitam-a-fazenda-municipal-na-semana-do-meio-ambiente-de-barretos\\\/#primaryimage\"},\"image\":{\"@id\":\"https:\\\/\\\/regiaonews.net.br\\\/2022\\\/2024\\\/06\\\/07\\\/700-estudantes-visitam-a-fazenda-municipal-na-semana-do-meio-ambiente-de-barretos\\\/#primaryimage\"},\"thumbnailUrl\":\"https:\\\/\\\/regiaonews.net.br\\\/2022\\\/wp-content\\\/uploads\\\/2024\\\/06\\\/WhatsApp-Image-2024-06-07-at-16.30.05.jpeg\",\"datePublished\":\"2024-06-07T22:44:27+00:00\",\"breadcrumb\":{\"@id\":\"https:\\\/\\\/regiaonews.net.br\\\/2022\\\/2024\\\/06\\\/07\\\/700-estudantes-visitam-a-fazenda-municipal-na-semana-do-meio-ambiente-de-barretos\\\/#breadcrumb\"},\"inLanguage\":\"pt-BR\",\"potentialAction\":[{\"@type\":\"ReadAction\",\"target\":[\"https:\\\/\\\/regiaonews.net.br\\\/2022\\\/2024\\\/06\\\/07\\\/700-estudantes-visitam-a-fazenda-municipal-na-semana-do-meio-ambiente-de-barretos\\\/\"]}]},{\"@type\":\"ImageObject\",\"inLanguage\":\"pt-BR\",\"@id\":\"https:\\\/\\\/regiaonews.net.br\\\/2022\\\/2024\\\/06\\\/07\\\/700-estudantes-visitam-a-fazenda-municipal-na-semana-do-meio-ambiente-de-barretos\\\/#primaryimage\",\"url\":\"https:\\\/\\\/regiaonews.net.br\\\/2022\\\/wp-content\\\/uploads\\\/2024\\\/06\\\/WhatsApp-Image-2024-06-07-at-16.30.05.jpeg\",\"contentUrl\":\"https:\\\/\\\/regiaonews.net.br\\\/2022\\\/wp-content\\\/uploads\\\/2024\\\/06\\\/WhatsApp-Image-2024-06-07-at-16.30.05.jpeg\",\"width\":1600,\"height\":1069},{\"@type\":\"BreadcrumbList\",\"@id\":\"https:\\\/\\\/regiaonews.net.br\\\/2022\\\/2024\\\/06\\\/07\\\/700-estudantes-visitam-a-fazenda-municipal-na-semana-do-meio-ambiente-de-barretos\\\/#breadcrumb\",\"itemListElement\":[{\"@type\":\"ListItem\",\"position\":1,\"name\":\"In\u00edcio\",\"item\":\"https:\\\/\\\/regiaonews.net.br\\\/2022\\\/\"},{\"@type\":\"ListItem\",\"position\":2,\"name\":\"700 estudantes visitam a Fazenda Municipal na Semana do Meio Ambiente de Barretos\"}]},{\"@type\":\"WebSite\",\"@id\":\"https:\\\/\\\/regiaonews.net.br\\\/2022\\\/#website\",\"url\":\"https:\\\/\\\/regiaonews.net.br\\\/2022\\\/\",\"name\":\"Regi\u00e3o News\",\"description\":\"Site de Not\u00edcias de Barretos e regi\u00e3o\",\"publisher\":{\"@id\":\"https:\\\/\\\/regiaonews.net.br\\\/2022\\\/#organization\"},\"potentialAction\":[{\"@type\":\"SearchAction\",\"target\":{\"@type\":\"EntryPoint\",\"urlTemplate\":\"https:\\\/\\\/regiaonews.net.br\\\/2022\\\/?s={search_term_string}\"},\"query-input\":{\"@type\":\"PropertyValueSpecification\",\"valueRequired\":true,\"valueName\":\"search_term_string\"}}],\"inLanguage\":\"pt-BR\"},{\"@type\":\"Organization\",\"@id\":\"https:\\\/\\\/regiaonews.net.br\\\/2022\\\/#organization\",\"name\":\"Regi\u00e3o News\",\"url\":\"https:\\\/\\\/regiaonews.net.br\\\/2022\\\/\",\"logo\":{\"@type\":\"ImageObject\",\"inLanguage\":\"pt-BR\",\"@id\":\"https:\\\/\\\/regiaonews.net.br\\\/2022\\\/#\\\/schema\\\/logo\\\/image\\\/\",\"url\":\"https:\\\/\\\/regiaonews.net.br\\\/2022\\\/wp-content\\\/uploads\\\/2026\\\/03\\\/regiao-13-anos-scaled.jpg\",\"contentUrl\":\"https:\\\/\\\/regiaonews.net.br\\\/2022\\\/wp-content\\\/uploads\\\/2026\\\/03\\\/regiao-13-anos-scaled.jpg\",\"width\":2560,\"height\":635,\"caption\":\"Regi\u00e3o News\"},\"image\":{\"@id\":\"https:\\\/\\\/regiaonews.net.br\\\/2022\\\/#\\\/schema\\\/logo\\\/image\\\/\"}},{\"@type\":\"Person\",\"@id\":\"https:\\\/\\\/regiaonews.net.br\\\/2022\\\/#\\\/schema\\\/person\\\/2d205a608a5aa97ac279d7a5e6d89ad8\",\"name\":\"Roberto\",\"image\":{\"@type\":\"ImageObject\",\"inLanguage\":\"pt-BR\",\"@id\":\"https:\\\/\\\/secure.gravatar.com\\\/avatar\\\/42749d8b712ff9d59ca93dc150494e5b55a44134482993f5baeb97e61b7ecc89?s=96&d=mm&r=g\",\"url\":\"https:\\\/\\\/secure.gravatar.com\\\/avatar\\\/42749d8b712ff9d59ca93dc150494e5b55a44134482993f5baeb97e61b7ecc89?s=96&d=mm&r=g\",\"contentUrl\":\"https:\\\/\\\/secure.gravatar.com\\\/avatar\\\/42749d8b712ff9d59ca93dc150494e5b55a44134482993f5baeb97e61b7ecc89?s=96&d=mm&r=g\",\"caption\":\"Roberto\"},\"url\":\"https:\\\/\\\/regiaonews.net.br\\\/2022\\\/author\\\/roberto\\\/\"}]}<\/script>\n<!-- \/ Yoast SEO plugin. -->","yoast_head_json":{"title":"700 estudantes visitam a Fazenda Municipal na Semana do Meio Ambiente de Barretos - Regi\u00e3o News","robots":{"index":"index","follow":"follow","max-snippet":"max-snippet:-1","max-image-preview":"max-image-preview:large","max-video-preview":"max-video-preview:-1"},"canonical":"https:\/\/regiaonews.net.br\/2022\/2024\/06\/07\/700-estudantes-visitam-a-fazenda-municipal-na-semana-do-meio-ambiente-de-barretos\/","og_locale":"pt_BR","og_type":"article","og_title":"700 estudantes visitam a Fazenda Municipal na Semana do Meio Ambiente de Barretos - Regi\u00e3o News","og_description":"&nbsp; O circuito de atividades foi realizado entre ter\u00e7a-feira, 4,","og_url":"https:\/\/regiaonews.net.br\/2022\/2024\/06\/07\/700-estudantes-visitam-a-fazenda-municipal-na-semana-do-meio-ambiente-de-barretos\/","og_site_name":"Regi\u00e3o News","article_published_time":"2024-06-07T22:44:27+00:00","og_image":[{"width":1600,"height":1069,"url":"https:\/\/regiaonews.net.br\/2022\/wp-content\/uploads\/2024\/06\/WhatsApp-Image-2024-06-07-at-16.30.05.jpeg","type":"image\/jpeg"}],"author":"Roberto","twitter_card":"summary_large_image","twitter_misc":{"Escrito por":"Roberto","Est. tempo de leitura":"3 minutos"},"schema":{"@context":"https:\/\/schema.org","@graph":[{"@type":"Article","@id":"https:\/\/regiaonews.net.br\/2022\/2024\/06\/07\/700-estudantes-visitam-a-fazenda-municipal-na-semana-do-meio-ambiente-de-barretos\/#article","isPartOf":{"@id":"https:\/\/regiaonews.net.br\/2022\/2024\/06\/07\/700-estudantes-visitam-a-fazenda-municipal-na-semana-do-meio-ambiente-de-barretos\/"},"author":{"name":"Roberto","@id":"https:\/\/regiaonews.net.br\/2022\/#\/schema\/person\/2d205a608a5aa97ac279d7a5e6d89ad8"},"headline":"700 estudantes visitam a Fazenda Municipal na Semana do Meio Ambiente de Barretos","datePublished":"2024-06-07T22:44:27+00:00","mainEntityOfPage":{"@id":"https:\/\/regiaonews.net.br\/2022\/2024\/06\/07\/700-estudantes-visitam-a-fazenda-municipal-na-semana-do-meio-ambiente-de-barretos\/"},"wordCount":496,"commentCount":0,"publisher":{"@id":"https:\/\/regiaonews.net.br\/2022\/#organization"},"image":{"@id":"https:\/\/regiaonews.net.br\/2022\/2024\/06\/07\/700-estudantes-visitam-a-fazenda-municipal-na-semana-do-meio-ambiente-de-barretos\/#primaryimage"},"thumbnailUrl":"https:\/\/regiaonews.net.br\/2022\/wp-content\/uploads\/2024\/06\/WhatsApp-Image-2024-06-07-at-16.30.05.jpeg","articleSection":["Barretos","Cidades"],"inLanguage":"pt-BR","potentialAction":[{"@type":"CommentAction","name":"Comment","target":["https:\/\/regiaonews.net.br\/2022\/2024\/06\/07\/700-estudantes-visitam-a-fazenda-municipal-na-semana-do-meio-ambiente-de-barretos\/#respond"]}]},{"@type":"WebPage","@id":"https:\/\/regiaonews.net.br\/2022\/2024\/06\/07\/700-estudantes-visitam-a-fazenda-municipal-na-semana-do-meio-ambiente-de-barretos\/","url":"https:\/\/regiaonews.net.br\/2022\/2024\/06\/07\/700-estudantes-visitam-a-fazenda-municipal-na-semana-do-meio-ambiente-de-barretos\/","name":"700 estudantes visitam a Fazenda Municipal na Semana do Meio Ambiente de Barretos - Regi\u00e3o News","isPartOf":{"@id":"https:\/\/regiaonews.net.br\/2022\/#website"},"primaryImageOfPage":{"@id":"https:\/\/regiaonews.net.br\/2022\/2024\/06\/07\/700-estudantes-visitam-a-fazenda-municipal-na-semana-do-meio-ambiente-de-barretos\/#primaryimage"},"image":{"@id":"https:\/\/regiaonews.net.br\/2022\/2024\/06\/07\/700-estudantes-visitam-a-fazenda-municipal-na-semana-do-meio-ambiente-de-barretos\/#primaryimage"},"thumbnailUrl":"https:\/\/regiaonews.net.br\/2022\/wp-content\/uploads\/2024\/06\/WhatsApp-Image-2024-06-07-at-16.30.05.jpeg","datePublished":"2024-06-07T22:44:27+00:00","breadcrumb":{"@id":"https:\/\/regiaonews.net.br\/2022\/2024\/06\/07\/700-estudantes-visitam-a-fazenda-municipal-na-semana-do-meio-ambiente-de-barretos\/#breadcrumb"},"inLanguage":"pt-BR","potentialAction":[{"@type":"ReadAction","target":["https:\/\/regiaonews.net.br\/2022\/2024\/06\/07\/700-estudantes-visitam-a-fazenda-municipal-na-semana-do-meio-ambiente-de-barretos\/"]}]},{"@type":"ImageObject","inLanguage":"pt-BR","@id":"https:\/\/regiaonews.net.br\/2022\/2024\/06\/07\/700-estudantes-visitam-a-fazenda-municipal-na-semana-do-meio-ambiente-de-barretos\/#primaryimage","url":"https:\/\/regiaonews.net.br\/2022\/wp-content\/uploads\/2024\/06\/WhatsApp-Image-2024-06-07-at-16.30.05.jpeg","contentUrl":"https:\/\/regiaonews.net.br\/2022\/wp-content\/uploads\/2024\/06\/WhatsApp-Image-2024-06-07-at-16.30.05.jpeg","width":1600,"height":1069},{"@type":"BreadcrumbList","@id":"https:\/\/regiaonews.net.br\/2022\/2024\/06\/07\/700-estudantes-visitam-a-fazenda-municipal-na-semana-do-meio-ambiente-de-barretos\/#breadcrumb","itemListElement":[{"@type":"ListItem","position":1,"name":"In\u00edcio","item":"https:\/\/regiaonews.net.br\/2022\/"},{"@type":"ListItem","position":2,"name":"700 estudantes visitam a Fazenda Municipal na Semana do Meio Ambiente de Barretos"}]},{"@type":"WebSite","@id":"https:\/\/regiaonews.net.br\/2022\/#website","url":"https:\/\/regiaonews.net.br\/2022\/","name":"Regi\u00e3o News","description":"Site de Not\u00edcias de Barretos e regi\u00e3o","publisher":{"@id":"https:\/\/regiaonews.net.br\/2022\/#organization"},"potentialAction":[{"@type":"SearchAction","target":{"@type":"EntryPoint","urlTemplate":"https:\/\/regiaonews.net.br\/2022\/?s={search_term_string}"},"query-input":{"@type":"PropertyValueSpecification","valueRequired":true,"valueName":"search_term_string"}}],"inLanguage":"pt-BR"},{"@type":"Organization","@id":"https:\/\/regiaonews.net.br\/2022\/#organization","name":"Regi\u00e3o News","url":"https:\/\/regiaonews.net.br\/2022\/","logo":{"@type":"ImageObject","inLanguage":"pt-BR","@id":"https:\/\/regiaonews.net.br\/2022\/#\/schema\/logo\/image\/","url":"https:\/\/regiaonews.net.br\/2022\/wp-content\/uploads\/2026\/03\/regiao-13-anos-scaled.jpg","contentUrl":"https:\/\/regiaonews.net.br\/2022\/wp-content\/uploads\/2026\/03\/regiao-13-anos-scaled.jpg","width":2560,"height":635,"caption":"Regi\u00e3o News"},"image":{"@id":"https:\/\/regiaonews.net.br\/2022\/#\/schema\/logo\/image\/"}},{"@type":"Person","@id":"https:\/\/regiaonews.net.br\/2022\/#\/schema\/person\/2d205a608a5aa97ac279d7a5e6d89ad8","name":"Roberto","image":{"@type":"ImageObject","inLanguage":"pt-BR","@id":"https:\/\/secure.gravatar.com\/avatar\/42749d8b712ff9d59ca93dc150494e5b55a44134482993f5baeb97e61b7ecc89?s=96&d=mm&r=g","url":"https:\/\/secure.gravatar.com\/avatar\/42749d8b712ff9d59ca93dc150494e5b55a44134482993f5baeb97e61b7ecc89?s=96&d=mm&r=g","contentUrl":"https:\/\/secure.gravatar.com\/avatar\/42749d8b712ff9d59ca93dc150494e5b55a44134482993f5baeb97e61b7ecc89?s=96&d=mm&r=g","caption":"Roberto"},"url":"https:\/\/regiaonews.net.br\/2022\/author\/roberto\/"}]}},"publishpress_future_action":{"enabled":false,"date":"2026-05-03 10:53:36","action":"change-status","newStatus":"draft","terms":[],"taxonomy":"category","extraData":[]},"publishpress_future_workflow_manual_trigger":{"enabledWorkflows":[]},"_links":{"self":[{"href":"https:\/\/regiaonews.net.br\/2022\/wp-json\/wp\/v2\/posts\/106006","targetHints":{"allow":["GET"]}}],"collection":[{"href":"https:\/\/regiaonews.net.br\/2022\/wp-json\/wp\/v2\/posts"}],"about":[{"href":"https:\/\/regiaonews.net.br\/2022\/wp-json\/wp\/v2\/types\/post"}],"author":[{"embeddable":true,"href":"https:\/\/regiaonews.net.br\/2022\/wp-json\/wp\/v2\/users\/2"}],"replies":[{"embeddable":true,"href":"https:\/\/regiaonews.net.br\/2022\/wp-json\/wp\/v2\/comments?post=106006"}],"version-history":[{"count":1,"href":"https:\/\/regiaonews.net.br\/2022\/wp-json\/wp\/v2\/posts\/106006\/revisions"}],"predecessor-version":[{"id":106008,"href":"https:\/\/regiaonews.net.br\/2022\/wp-json\/wp\/v2\/posts\/106006\/revisions\/106008"}],"wp:featuredmedia":[{"embeddable":true,"href":"https:\/\/regiaonews.net.br\/2022\/wp-json\/wp\/v2\/media\/106007"}],"wp:attachment":[{"href":"https:\/\/regiaonews.net.br\/2022\/wp-json\/wp\/v2\/media?parent=106006"}],"wp:term":[{"taxonomy":"category","embeddable":true,"href":"https:\/\/regiaonews.net.br\/2022\/wp-json\/wp\/v2\/categories?post=106006"},{"taxonomy":"post_tag","embeddable":true,"href":"https:\/\/regiaonews.net.br\/2022\/wp-json\/wp\/v2\/tags?post=106006"}],"curies":[{"name":"wp","href":"https:\/\/api.w.org\/{rel}","templated":true}]}}