{"id":106000,"date":"2024-06-07T16:44:53","date_gmt":"2024-06-07T19:44:53","guid":{"rendered":"https:\/\/regiaonews.net.br\/2022\/?p=106000"},"modified":"2024-06-07T16:44:53","modified_gmt":"2024-06-07T19:44:53","slug":"4o-rodeio-pela-vida-comeca-com-casa-cheia-e-acirradas-disputas-na-arena","status":"publish","type":"post","link":"https:\/\/regiaonews.net.br\/2022\/2024\/06\/07\/4o-rodeio-pela-vida-comeca-com-casa-cheia-e-acirradas-disputas-na-arena\/","title":{"rendered":"4\u00ba Rodeio Pela Vida come\u00e7a com casa cheia e acirradas disputas na arena"},"content":{"rendered":"<h3 style=\"text-align: center;\">O Recinto Paulo Lima de Correa, em Barretos (SP), sediou na noite desta quinta-feira, 6\/6, a abertura oficial do 4\u00ba Rodeio Pela Vida, evento com 100% de arrecada\u00e7\u00e3o em prol do Hospital de Amor.<\/h3>\n<p>Reunindo mais de 7.500 pessoas e os mais destacados profissionais das arenas, todos focados na solidariedade, o Rodeio Pela Vida chega \u00e0 quarta edi\u00e7\u00e3o com o p\u00fablico prestigiando as atra\u00e7\u00f5es e fazendo sua parte na ajuda ao HA. A primeira noite de evento come\u00e7ou com disputas em seis modalidades e, na sequ\u00eancia, o palco contou com a estreia do cantor Gustavo Mioto na festa, afirmando estar honrado em fazer seu show no projeto, podendo anunciar recorde de p\u00fablico para uma quinta-feira.<\/p>\n<p>As disputas na arena come\u00e7aram pela modalidade Sela Americana, onde cinco competidores da primeira turma se apresentaram buscando pontua\u00e7\u00e3o para garantir sua vaga na final. O veterano Armando Losnake, de Bauru (SP), foi o campe\u00e3o da noite marcando 76 pontos no cavalo Fim de Noite, da Prohorse. Na segunda posi\u00e7\u00e3o houve empate entre Jhonatan Zanelli, de Pracinha (SP), e Sergio Vitor Silva, de Mococa (SP), com a nota 66 nos animais Indiana e Uruguaiana da Prohorse, respectivamente.<br \/>\nNa sequ\u00eancia, foi a vez da modalidade Bareback entrar em cena e o competidor Matheus Ramalho, de Viradouro (SP), fazer a maior nota da noite, com 76 pontos no cavalo Torpedo. O amazonense de Ipixuna, Jess\u00e9 Oliveira Lima, ficou em segundo lugar com a nota 74 no cavalo Piloto e, Israel Santos Silva, de Cruzeiro do Sul (AC), foi o terceiro colocado com 72 pontos na Jararaca, todos animais da Prohorse.<\/p>\n<p>A modalidade Tr\u00eas Tambores veio mais um ano com etapa do Circuito RAM ANTT. Durante o dia houve classificat\u00f3rias para defini\u00e7\u00e3o das cinco competidoras mirins e 15 categoria feminino que disputaram a primeira semifinal \u00e0 noite. Come\u00e7ando pelas jovens, Livia Alves, montando Atack Lake foi a mais r\u00e1pida em pista com o tempo de 14,325; seguida por Lara Eloisa Olmos Correia na sela de Belinha To Fly, com 14,563, e Luisa Silva Gon\u00e7alves, com o animal Poco Moore WRB, marcando 15,850 em terceiro, formaram o trio classificado para a final de s\u00e1bado na categoria.<\/p>\n<p>Com o tempo de 14,007, a competidora Ana Laura Savini Gomes com B2B Noa Carat Rolls foi a campe\u00e3 da noite, repetindo o feito das classificat\u00f3rias onde tamb\u00e9m foi a mais r\u00e1pida, registrando 13,909. Kelly Caroline Pereira da Silva fez o segundo menor tempo, com 14,261 na sela de Elabella Fame. A terceira posi\u00e7\u00e3o foi para Marilia Siqueira de Paiva, montando Tr\u00eas Boss IM, com o tempo de 14,288. Em quarto lugar, Ana J\u00falia de Paula Tosta Lima e Boy French Fame EK marcaram 14,529. Fechando as cinco classificadas para a final, Fl\u00e1via Manuela Martinho com Graciosa Fame FNSA fizeram o tempo de 14,557.<\/p>\n<p>A quarta modalidade da programa\u00e7\u00e3o tamb\u00e9m apresentou beleza e muita t\u00e9cnica feminina na arena da festa. As la\u00e7adoras do Breakaway Roping mostraram que querem o t\u00edtulo da festa e a campe\u00e3 da noite foi Lenny Paduan, com a marca de 2,55. Estreando em provas oficiais, Lenny comemorou muito a vit\u00f3ria sendo a melhor entre veteranas do esporte. A segunda posi\u00e7\u00e3o foi para Isadora Leira com 4,44, seguida por Raquelly Conde fazendo 5,18. Na quinta posi\u00e7\u00e3o ficou a competidora que chamou aten\u00e7\u00e3o de todos os presentes. Com 9 anos, a pequena Renata Pascon fez seu trabalho com o tempo de 5,55, mostrando a tradi\u00e7\u00e3o da fam\u00edlia Pascon no la\u00e7o. A comemora\u00e7\u00e3o ap\u00f3s a la\u00e7ada foi de agradecimento ao pai Rildo Pascon, juiz da modalidade.<\/p>\n<p>Com locu\u00e7\u00e3o de Gleidson Rodrigues, a modalidade montaria em touros reuniu competidores da ACR \u2013 Associa\u00e7\u00e3o dos Campe\u00f5es de Rodeio e convidados da festa na disputa. O goiano de Ouvidor, Iago Alexo Alves fez a maior nota da noite, com 89,50 pontos no touro Caru\u00ea, da Cia Tercio Miranda. Gustavo Lima dos Santos, de Quer\u00eancia do Norte (PR), ficou na segunda posi\u00e7\u00e3o com 88,50 no touro Fant\u00e1stico, tamb\u00e9m da Cia T\u00e9rcio Miranda.<\/p>\n<p>\u00daltima modalidade de competi\u00e7\u00f5es da noite, a Sele\u00e7\u00e3o Brasileira do Cutiano chegou com o 1\u00ba round da final da temporada 23\/24 na locu\u00e7\u00e3o de Almir Cambra. Com belas montarias em pista, os competidores querem o t\u00edtulo e a premia\u00e7\u00e3o que ir\u00e1 oferecer uma caminhonete 0km ao melhor do ranking. O l\u00edder da temporada, Fabiano Concei\u00e7\u00e3o, de Piracicaba (SP), foi o melhor da noite com 89,25 na Canastra. \u00c9der Fiori, de Aparecida do Taboado (MS) marcou 88,75 no Rio Pequeno, ambos animais do Z\u00e9 Ricardo e Breno Rem\u00e9dio, Tropa JR&amp;BBR.<\/p>\n<p>Finalizadas as atividades, a arena foi liberada para o p\u00fablico conferir o show in\u00e9dito do cantor Gustavo Mioto na festa. Emocionado por estar fazendo parte do Rodeio Pela Vida, Mioto ressaltou a import\u00e2ncia do trabalho do Hospital de Amor.<\/p>\n<p>Programa\u00e7\u00e3o<br \/>\nAs competi\u00e7\u00f5es continuam nesta sexta-feira (7) na arena e, a partir das 19h, acontece a abertura oficial e in\u00edcio do rodeio, com mais um round de disputas nas seis modalidades. O show da noite ser\u00e1 da dupla Guilherme &amp; Santiago e\u00a0da\u00a0Dj\u00a0Samhara.<\/p>\n<p><a href=\"https:\/\/regiaonews.net.br\/2022\/wp-content\/uploads\/2024\/06\/Imagem-do-WhatsApp-de-2024-06-07-as-15.28.10_d18fdd1d.jpg\"><img loading=\"lazy\" decoding=\"async\" class=\"alignnone size-medium wp-image-106001\" src=\"https:\/\/regiaonews.net.br\/2022\/wp-content\/uploads\/2024\/06\/Imagem-do-WhatsApp-de-2024-06-07-as-15.28.10_d18fdd1d-300x200.jpg\" alt=\"\" width=\"300\" height=\"200\" srcset=\"https:\/\/regiaonews.net.br\/2022\/wp-content\/uploads\/2024\/06\/Imagem-do-WhatsApp-de-2024-06-07-as-15.28.10_d18fdd1d-300x200.jpg 300w, https:\/\/regiaonews.net.br\/2022\/wp-content\/uploads\/2024\/06\/Imagem-do-WhatsApp-de-2024-06-07-as-15.28.10_d18fdd1d-1024x682.jpg 1024w, https:\/\/regiaonews.net.br\/2022\/wp-content\/uploads\/2024\/06\/Imagem-do-WhatsApp-de-2024-06-07-as-15.28.10_d18fdd1d-768x512.jpg 768w, https:\/\/regiaonews.net.br\/2022\/wp-content\/uploads\/2024\/06\/Imagem-do-WhatsApp-de-2024-06-07-as-15.28.10_d18fdd1d-1536x1023.jpg 1536w, https:\/\/regiaonews.net.br\/2022\/wp-content\/uploads\/2024\/06\/Imagem-do-WhatsApp-de-2024-06-07-as-15.28.10_d18fdd1d-250x167.jpg 250w, https:\/\/regiaonews.net.br\/2022\/wp-content\/uploads\/2024\/06\/Imagem-do-WhatsApp-de-2024-06-07-as-15.28.10_d18fdd1d-900x600.jpg 900w, https:\/\/regiaonews.net.br\/2022\/wp-content\/uploads\/2024\/06\/Imagem-do-WhatsApp-de-2024-06-07-as-15.28.10_d18fdd1d.jpg 1600w\" sizes=\"auto, (max-width: 300px) 100vw, 300px\" \/><\/a><\/p>\n","protected":false},"excerpt":{"rendered":"<p>O Recinto Paulo Lima de Correa, em Barretos (SP), sediou<\/p>\n","protected":false},"author":2,"featured_media":106002,"comment_status":"open","ping_status":"open","sticky":false,"template":"","format":"standard","meta":{"footnotes":""},"categories":[14,3],"tags":[],"class_list":["post-106000","post","type-post","status-publish","format-standard","has-post-thumbnail","hentry","category-barretos","category-geral"],"yoast_head":"<!-- This site is optimized with the Yoast SEO plugin v27.4 - https:\/\/yoast.com\/product\/yoast-seo-wordpress\/ -->\n<title>4\u00ba Rodeio Pela Vida come\u00e7a com casa cheia e acirradas disputas na arena - Regi\u00e3o News<\/title>\n<meta name=\"robots\" content=\"index, follow, max-snippet:-1, max-image-preview:large, max-video-preview:-1\" \/>\n<link rel=\"canonical\" href=\"https:\/\/regiaonews.net.br\/2022\/2024\/06\/07\/4o-rodeio-pela-vida-comeca-com-casa-cheia-e-acirradas-disputas-na-arena\/\" \/>\n<meta property=\"og:locale\" content=\"pt_BR\" \/>\n<meta property=\"og:type\" content=\"article\" \/>\n<meta property=\"og:title\" content=\"4\u00ba Rodeio Pela Vida come\u00e7a com casa cheia e acirradas disputas na arena - Regi\u00e3o News\" \/>\n<meta property=\"og:description\" content=\"O Recinto Paulo Lima de Correa, em Barretos (SP), sediou\" \/>\n<meta property=\"og:url\" content=\"https:\/\/regiaonews.net.br\/2022\/2024\/06\/07\/4o-rodeio-pela-vida-comeca-com-casa-cheia-e-acirradas-disputas-na-arena\/\" \/>\n<meta property=\"og:site_name\" content=\"Regi\u00e3o News\" \/>\n<meta property=\"article:published_time\" content=\"2024-06-07T19:44:53+00:00\" \/>\n<meta property=\"og:image\" content=\"https:\/\/regiaonews.net.br\/2022\/wp-content\/uploads\/2024\/06\/Imagem-do-WhatsApp-de-2024-06-07-as-15.28.09_b53c3ad0.jpg\" \/>\n\t<meta property=\"og:image:width\" content=\"1600\" \/>\n\t<meta property=\"og:image:height\" content=\"1066\" \/>\n\t<meta property=\"og:image:type\" content=\"image\/jpeg\" \/>\n<meta name=\"author\" content=\"Roberto\" \/>\n<meta name=\"twitter:card\" content=\"summary_large_image\" \/>\n<meta name=\"twitter:label1\" content=\"Escrito por\" \/>\n\t<meta name=\"twitter:data1\" content=\"Roberto\" \/>\n\t<meta name=\"twitter:label2\" content=\"Est. tempo de leitura\" \/>\n\t<meta name=\"twitter:data2\" content=\"5 minutos\" \/>\n<script type=\"application\/ld+json\" class=\"yoast-schema-graph\">{\"@context\":\"https:\\\/\\\/schema.org\",\"@graph\":[{\"@type\":\"Article\",\"@id\":\"https:\\\/\\\/regiaonews.net.br\\\/2022\\\/2024\\\/06\\\/07\\\/4o-rodeio-pela-vida-comeca-com-casa-cheia-e-acirradas-disputas-na-arena\\\/#article\",\"isPartOf\":{\"@id\":\"https:\\\/\\\/regiaonews.net.br\\\/2022\\\/2024\\\/06\\\/07\\\/4o-rodeio-pela-vida-comeca-com-casa-cheia-e-acirradas-disputas-na-arena\\\/\"},\"author\":{\"name\":\"Roberto\",\"@id\":\"https:\\\/\\\/regiaonews.net.br\\\/2022\\\/#\\\/schema\\\/person\\\/2d205a608a5aa97ac279d7a5e6d89ad8\"},\"headline\":\"4\u00ba Rodeio Pela Vida come\u00e7a com casa cheia e acirradas disputas na arena\",\"datePublished\":\"2024-06-07T19:44:53+00:00\",\"mainEntityOfPage\":{\"@id\":\"https:\\\/\\\/regiaonews.net.br\\\/2022\\\/2024\\\/06\\\/07\\\/4o-rodeio-pela-vida-comeca-com-casa-cheia-e-acirradas-disputas-na-arena\\\/\"},\"wordCount\":874,\"commentCount\":0,\"publisher\":{\"@id\":\"https:\\\/\\\/regiaonews.net.br\\\/2022\\\/#organization\"},\"image\":{\"@id\":\"https:\\\/\\\/regiaonews.net.br\\\/2022\\\/2024\\\/06\\\/07\\\/4o-rodeio-pela-vida-comeca-com-casa-cheia-e-acirradas-disputas-na-arena\\\/#primaryimage\"},\"thumbnailUrl\":\"https:\\\/\\\/regiaonews.net.br\\\/2022\\\/wp-content\\\/uploads\\\/2024\\\/06\\\/Imagem-do-WhatsApp-de-2024-06-07-as-15.28.09_b53c3ad0.jpg\",\"articleSection\":[\"Barretos\",\"Geral\"],\"inLanguage\":\"pt-BR\",\"potentialAction\":[{\"@type\":\"CommentAction\",\"name\":\"Comment\",\"target\":[\"https:\\\/\\\/regiaonews.net.br\\\/2022\\\/2024\\\/06\\\/07\\\/4o-rodeio-pela-vida-comeca-com-casa-cheia-e-acirradas-disputas-na-arena\\\/#respond\"]}]},{\"@type\":\"WebPage\",\"@id\":\"https:\\\/\\\/regiaonews.net.br\\\/2022\\\/2024\\\/06\\\/07\\\/4o-rodeio-pela-vida-comeca-com-casa-cheia-e-acirradas-disputas-na-arena\\\/\",\"url\":\"https:\\\/\\\/regiaonews.net.br\\\/2022\\\/2024\\\/06\\\/07\\\/4o-rodeio-pela-vida-comeca-com-casa-cheia-e-acirradas-disputas-na-arena\\\/\",\"name\":\"4\u00ba Rodeio Pela Vida come\u00e7a com casa cheia e acirradas disputas na arena - Regi\u00e3o News\",\"isPartOf\":{\"@id\":\"https:\\\/\\\/regiaonews.net.br\\\/2022\\\/#website\"},\"primaryImageOfPage\":{\"@id\":\"https:\\\/\\\/regiaonews.net.br\\\/2022\\\/2024\\\/06\\\/07\\\/4o-rodeio-pela-vida-comeca-com-casa-cheia-e-acirradas-disputas-na-arena\\\/#primaryimage\"},\"image\":{\"@id\":\"https:\\\/\\\/regiaonews.net.br\\\/2022\\\/2024\\\/06\\\/07\\\/4o-rodeio-pela-vida-comeca-com-casa-cheia-e-acirradas-disputas-na-arena\\\/#primaryimage\"},\"thumbnailUrl\":\"https:\\\/\\\/regiaonews.net.br\\\/2022\\\/wp-content\\\/uploads\\\/2024\\\/06\\\/Imagem-do-WhatsApp-de-2024-06-07-as-15.28.09_b53c3ad0.jpg\",\"datePublished\":\"2024-06-07T19:44:53+00:00\",\"breadcrumb\":{\"@id\":\"https:\\\/\\\/regiaonews.net.br\\\/2022\\\/2024\\\/06\\\/07\\\/4o-rodeio-pela-vida-comeca-com-casa-cheia-e-acirradas-disputas-na-arena\\\/#breadcrumb\"},\"inLanguage\":\"pt-BR\",\"potentialAction\":[{\"@type\":\"ReadAction\",\"target\":[\"https:\\\/\\\/regiaonews.net.br\\\/2022\\\/2024\\\/06\\\/07\\\/4o-rodeio-pela-vida-comeca-com-casa-cheia-e-acirradas-disputas-na-arena\\\/\"]}]},{\"@type\":\"ImageObject\",\"inLanguage\":\"pt-BR\",\"@id\":\"https:\\\/\\\/regiaonews.net.br\\\/2022\\\/2024\\\/06\\\/07\\\/4o-rodeio-pela-vida-comeca-com-casa-cheia-e-acirradas-disputas-na-arena\\\/#primaryimage\",\"url\":\"https:\\\/\\\/regiaonews.net.br\\\/2022\\\/wp-content\\\/uploads\\\/2024\\\/06\\\/Imagem-do-WhatsApp-de-2024-06-07-as-15.28.09_b53c3ad0.jpg\",\"contentUrl\":\"https:\\\/\\\/regiaonews.net.br\\\/2022\\\/wp-content\\\/uploads\\\/2024\\\/06\\\/Imagem-do-WhatsApp-de-2024-06-07-as-15.28.09_b53c3ad0.jpg\",\"width\":1600,\"height\":1066},{\"@type\":\"BreadcrumbList\",\"@id\":\"https:\\\/\\\/regiaonews.net.br\\\/2022\\\/2024\\\/06\\\/07\\\/4o-rodeio-pela-vida-comeca-com-casa-cheia-e-acirradas-disputas-na-arena\\\/#breadcrumb\",\"itemListElement\":[{\"@type\":\"ListItem\",\"position\":1,\"name\":\"In\u00edcio\",\"item\":\"https:\\\/\\\/regiaonews.net.br\\\/2022\\\/\"},{\"@type\":\"ListItem\",\"position\":2,\"name\":\"4\u00ba Rodeio Pela Vida come\u00e7a com casa cheia e acirradas disputas na arena\"}]},{\"@type\":\"WebSite\",\"@id\":\"https:\\\/\\\/regiaonews.net.br\\\/2022\\\/#website\",\"url\":\"https:\\\/\\\/regiaonews.net.br\\\/2022\\\/\",\"name\":\"Regi\u00e3o News\",\"description\":\"Site de Not\u00edcias de Barretos e regi\u00e3o\",\"publisher\":{\"@id\":\"https:\\\/\\\/regiaonews.net.br\\\/2022\\\/#organization\"},\"potentialAction\":[{\"@type\":\"SearchAction\",\"target\":{\"@type\":\"EntryPoint\",\"urlTemplate\":\"https:\\\/\\\/regiaonews.net.br\\\/2022\\\/?s={search_term_string}\"},\"query-input\":{\"@type\":\"PropertyValueSpecification\",\"valueRequired\":true,\"valueName\":\"search_term_string\"}}],\"inLanguage\":\"pt-BR\"},{\"@type\":\"Organization\",\"@id\":\"https:\\\/\\\/regiaonews.net.br\\\/2022\\\/#organization\",\"name\":\"Regi\u00e3o News\",\"url\":\"https:\\\/\\\/regiaonews.net.br\\\/2022\\\/\",\"logo\":{\"@type\":\"ImageObject\",\"inLanguage\":\"pt-BR\",\"@id\":\"https:\\\/\\\/regiaonews.net.br\\\/2022\\\/#\\\/schema\\\/logo\\\/image\\\/\",\"url\":\"https:\\\/\\\/regiaonews.net.br\\\/2022\\\/wp-content\\\/uploads\\\/2026\\\/03\\\/regiao-13-anos-scaled.jpg\",\"contentUrl\":\"https:\\\/\\\/regiaonews.net.br\\\/2022\\\/wp-content\\\/uploads\\\/2026\\\/03\\\/regiao-13-anos-scaled.jpg\",\"width\":2560,\"height\":635,\"caption\":\"Regi\u00e3o News\"},\"image\":{\"@id\":\"https:\\\/\\\/regiaonews.net.br\\\/2022\\\/#\\\/schema\\\/logo\\\/image\\\/\"}},{\"@type\":\"Person\",\"@id\":\"https:\\\/\\\/regiaonews.net.br\\\/2022\\\/#\\\/schema\\\/person\\\/2d205a608a5aa97ac279d7a5e6d89ad8\",\"name\":\"Roberto\",\"image\":{\"@type\":\"ImageObject\",\"inLanguage\":\"pt-BR\",\"@id\":\"https:\\\/\\\/secure.gravatar.com\\\/avatar\\\/42749d8b712ff9d59ca93dc150494e5b55a44134482993f5baeb97e61b7ecc89?s=96&d=mm&r=g\",\"url\":\"https:\\\/\\\/secure.gravatar.com\\\/avatar\\\/42749d8b712ff9d59ca93dc150494e5b55a44134482993f5baeb97e61b7ecc89?s=96&d=mm&r=g\",\"contentUrl\":\"https:\\\/\\\/secure.gravatar.com\\\/avatar\\\/42749d8b712ff9d59ca93dc150494e5b55a44134482993f5baeb97e61b7ecc89?s=96&d=mm&r=g\",\"caption\":\"Roberto\"},\"url\":\"https:\\\/\\\/regiaonews.net.br\\\/2022\\\/author\\\/roberto\\\/\"}]}<\/script>\n<!-- \/ Yoast SEO plugin. -->","yoast_head_json":{"title":"4\u00ba Rodeio Pela Vida come\u00e7a com casa cheia e acirradas disputas na arena - Regi\u00e3o News","robots":{"index":"index","follow":"follow","max-snippet":"max-snippet:-1","max-image-preview":"max-image-preview:large","max-video-preview":"max-video-preview:-1"},"canonical":"https:\/\/regiaonews.net.br\/2022\/2024\/06\/07\/4o-rodeio-pela-vida-comeca-com-casa-cheia-e-acirradas-disputas-na-arena\/","og_locale":"pt_BR","og_type":"article","og_title":"4\u00ba Rodeio Pela Vida come\u00e7a com casa cheia e acirradas disputas na arena - Regi\u00e3o News","og_description":"O Recinto Paulo Lima de Correa, em Barretos (SP), sediou","og_url":"https:\/\/regiaonews.net.br\/2022\/2024\/06\/07\/4o-rodeio-pela-vida-comeca-com-casa-cheia-e-acirradas-disputas-na-arena\/","og_site_name":"Regi\u00e3o News","article_published_time":"2024-06-07T19:44:53+00:00","og_image":[{"width":1600,"height":1066,"url":"https:\/\/regiaonews.net.br\/2022\/wp-content\/uploads\/2024\/06\/Imagem-do-WhatsApp-de-2024-06-07-as-15.28.09_b53c3ad0.jpg","type":"image\/jpeg"}],"author":"Roberto","twitter_card":"summary_large_image","twitter_misc":{"Escrito por":"Roberto","Est. tempo de leitura":"5 minutos"},"schema":{"@context":"https:\/\/schema.org","@graph":[{"@type":"Article","@id":"https:\/\/regiaonews.net.br\/2022\/2024\/06\/07\/4o-rodeio-pela-vida-comeca-com-casa-cheia-e-acirradas-disputas-na-arena\/#article","isPartOf":{"@id":"https:\/\/regiaonews.net.br\/2022\/2024\/06\/07\/4o-rodeio-pela-vida-comeca-com-casa-cheia-e-acirradas-disputas-na-arena\/"},"author":{"name":"Roberto","@id":"https:\/\/regiaonews.net.br\/2022\/#\/schema\/person\/2d205a608a5aa97ac279d7a5e6d89ad8"},"headline":"4\u00ba Rodeio Pela Vida come\u00e7a com casa cheia e acirradas disputas na arena","datePublished":"2024-06-07T19:44:53+00:00","mainEntityOfPage":{"@id":"https:\/\/regiaonews.net.br\/2022\/2024\/06\/07\/4o-rodeio-pela-vida-comeca-com-casa-cheia-e-acirradas-disputas-na-arena\/"},"wordCount":874,"commentCount":0,"publisher":{"@id":"https:\/\/regiaonews.net.br\/2022\/#organization"},"image":{"@id":"https:\/\/regiaonews.net.br\/2022\/2024\/06\/07\/4o-rodeio-pela-vida-comeca-com-casa-cheia-e-acirradas-disputas-na-arena\/#primaryimage"},"thumbnailUrl":"https:\/\/regiaonews.net.br\/2022\/wp-content\/uploads\/2024\/06\/Imagem-do-WhatsApp-de-2024-06-07-as-15.28.09_b53c3ad0.jpg","articleSection":["Barretos","Geral"],"inLanguage":"pt-BR","potentialAction":[{"@type":"CommentAction","name":"Comment","target":["https:\/\/regiaonews.net.br\/2022\/2024\/06\/07\/4o-rodeio-pela-vida-comeca-com-casa-cheia-e-acirradas-disputas-na-arena\/#respond"]}]},{"@type":"WebPage","@id":"https:\/\/regiaonews.net.br\/2022\/2024\/06\/07\/4o-rodeio-pela-vida-comeca-com-casa-cheia-e-acirradas-disputas-na-arena\/","url":"https:\/\/regiaonews.net.br\/2022\/2024\/06\/07\/4o-rodeio-pela-vida-comeca-com-casa-cheia-e-acirradas-disputas-na-arena\/","name":"4\u00ba Rodeio Pela Vida come\u00e7a com casa cheia e acirradas disputas na arena - Regi\u00e3o News","isPartOf":{"@id":"https:\/\/regiaonews.net.br\/2022\/#website"},"primaryImageOfPage":{"@id":"https:\/\/regiaonews.net.br\/2022\/2024\/06\/07\/4o-rodeio-pela-vida-comeca-com-casa-cheia-e-acirradas-disputas-na-arena\/#primaryimage"},"image":{"@id":"https:\/\/regiaonews.net.br\/2022\/2024\/06\/07\/4o-rodeio-pela-vida-comeca-com-casa-cheia-e-acirradas-disputas-na-arena\/#primaryimage"},"thumbnailUrl":"https:\/\/regiaonews.net.br\/2022\/wp-content\/uploads\/2024\/06\/Imagem-do-WhatsApp-de-2024-06-07-as-15.28.09_b53c3ad0.jpg","datePublished":"2024-06-07T19:44:53+00:00","breadcrumb":{"@id":"https:\/\/regiaonews.net.br\/2022\/2024\/06\/07\/4o-rodeio-pela-vida-comeca-com-casa-cheia-e-acirradas-disputas-na-arena\/#breadcrumb"},"inLanguage":"pt-BR","potentialAction":[{"@type":"ReadAction","target":["https:\/\/regiaonews.net.br\/2022\/2024\/06\/07\/4o-rodeio-pela-vida-comeca-com-casa-cheia-e-acirradas-disputas-na-arena\/"]}]},{"@type":"ImageObject","inLanguage":"pt-BR","@id":"https:\/\/regiaonews.net.br\/2022\/2024\/06\/07\/4o-rodeio-pela-vida-comeca-com-casa-cheia-e-acirradas-disputas-na-arena\/#primaryimage","url":"https:\/\/regiaonews.net.br\/2022\/wp-content\/uploads\/2024\/06\/Imagem-do-WhatsApp-de-2024-06-07-as-15.28.09_b53c3ad0.jpg","contentUrl":"https:\/\/regiaonews.net.br\/2022\/wp-content\/uploads\/2024\/06\/Imagem-do-WhatsApp-de-2024-06-07-as-15.28.09_b53c3ad0.jpg","width":1600,"height":1066},{"@type":"BreadcrumbList","@id":"https:\/\/regiaonews.net.br\/2022\/2024\/06\/07\/4o-rodeio-pela-vida-comeca-com-casa-cheia-e-acirradas-disputas-na-arena\/#breadcrumb","itemListElement":[{"@type":"ListItem","position":1,"name":"In\u00edcio","item":"https:\/\/regiaonews.net.br\/2022\/"},{"@type":"ListItem","position":2,"name":"4\u00ba Rodeio Pela Vida come\u00e7a com casa cheia e acirradas disputas na arena"}]},{"@type":"WebSite","@id":"https:\/\/regiaonews.net.br\/2022\/#website","url":"https:\/\/regiaonews.net.br\/2022\/","name":"Regi\u00e3o News","description":"Site de Not\u00edcias de Barretos e regi\u00e3o","publisher":{"@id":"https:\/\/regiaonews.net.br\/2022\/#organization"},"potentialAction":[{"@type":"SearchAction","target":{"@type":"EntryPoint","urlTemplate":"https:\/\/regiaonews.net.br\/2022\/?s={search_term_string}"},"query-input":{"@type":"PropertyValueSpecification","valueRequired":true,"valueName":"search_term_string"}}],"inLanguage":"pt-BR"},{"@type":"Organization","@id":"https:\/\/regiaonews.net.br\/2022\/#organization","name":"Regi\u00e3o News","url":"https:\/\/regiaonews.net.br\/2022\/","logo":{"@type":"ImageObject","inLanguage":"pt-BR","@id":"https:\/\/regiaonews.net.br\/2022\/#\/schema\/logo\/image\/","url":"https:\/\/regiaonews.net.br\/2022\/wp-content\/uploads\/2026\/03\/regiao-13-anos-scaled.jpg","contentUrl":"https:\/\/regiaonews.net.br\/2022\/wp-content\/uploads\/2026\/03\/regiao-13-anos-scaled.jpg","width":2560,"height":635,"caption":"Regi\u00e3o News"},"image":{"@id":"https:\/\/regiaonews.net.br\/2022\/#\/schema\/logo\/image\/"}},{"@type":"Person","@id":"https:\/\/regiaonews.net.br\/2022\/#\/schema\/person\/2d205a608a5aa97ac279d7a5e6d89ad8","name":"Roberto","image":{"@type":"ImageObject","inLanguage":"pt-BR","@id":"https:\/\/secure.gravatar.com\/avatar\/42749d8b712ff9d59ca93dc150494e5b55a44134482993f5baeb97e61b7ecc89?s=96&d=mm&r=g","url":"https:\/\/secure.gravatar.com\/avatar\/42749d8b712ff9d59ca93dc150494e5b55a44134482993f5baeb97e61b7ecc89?s=96&d=mm&r=g","contentUrl":"https:\/\/secure.gravatar.com\/avatar\/42749d8b712ff9d59ca93dc150494e5b55a44134482993f5baeb97e61b7ecc89?s=96&d=mm&r=g","caption":"Roberto"},"url":"https:\/\/regiaonews.net.br\/2022\/author\/roberto\/"}]}},"publishpress_future_action":{"enabled":false,"date":"2026-05-03 09:22:32","action":"change-status","newStatus":"draft","terms":[],"taxonomy":"category","extraData":[]},"publishpress_future_workflow_manual_trigger":{"enabledWorkflows":[]},"_links":{"self":[{"href":"https:\/\/regiaonews.net.br\/2022\/wp-json\/wp\/v2\/posts\/106000","targetHints":{"allow":["GET"]}}],"collection":[{"href":"https:\/\/regiaonews.net.br\/2022\/wp-json\/wp\/v2\/posts"}],"about":[{"href":"https:\/\/regiaonews.net.br\/2022\/wp-json\/wp\/v2\/types\/post"}],"author":[{"embeddable":true,"href":"https:\/\/regiaonews.net.br\/2022\/wp-json\/wp\/v2\/users\/2"}],"replies":[{"embeddable":true,"href":"https:\/\/regiaonews.net.br\/2022\/wp-json\/wp\/v2\/comments?post=106000"}],"version-history":[{"count":1,"href":"https:\/\/regiaonews.net.br\/2022\/wp-json\/wp\/v2\/posts\/106000\/revisions"}],"predecessor-version":[{"id":106003,"href":"https:\/\/regiaonews.net.br\/2022\/wp-json\/wp\/v2\/posts\/106000\/revisions\/106003"}],"wp:featuredmedia":[{"embeddable":true,"href":"https:\/\/regiaonews.net.br\/2022\/wp-json\/wp\/v2\/media\/106002"}],"wp:attachment":[{"href":"https:\/\/regiaonews.net.br\/2022\/wp-json\/wp\/v2\/media?parent=106000"}],"wp:term":[{"taxonomy":"category","embeddable":true,"href":"https:\/\/regiaonews.net.br\/2022\/wp-json\/wp\/v2\/categories?post=106000"},{"taxonomy":"post_tag","embeddable":true,"href":"https:\/\/regiaonews.net.br\/2022\/wp-json\/wp\/v2\/tags?post=106000"}],"curies":[{"name":"wp","href":"https:\/\/api.w.org\/{rel}","templated":true}]}}