{"id":105980,"date":"2024-06-07T10:12:27","date_gmt":"2024-06-07T13:12:27","guid":{"rendered":"https:\/\/regiaonews.net.br\/2022\/?p=105980"},"modified":"2024-06-07T10:12:27","modified_gmt":"2024-06-07T13:12:27","slug":"nac-e-curso-de-arquitetura-e-urbanismo-do-unifeb-promovem-cinearq","status":"publish","type":"post","link":"https:\/\/regiaonews.net.br\/2022\/2024\/06\/07\/nac-e-curso-de-arquitetura-e-urbanismo-do-unifeb-promovem-cinearq\/","title":{"rendered":"NAC e curso de Arquitetura e Urbanismo do UNIFEB promovem CineArq"},"content":{"rendered":"<div>Fomentando ainda mais a imers\u00e3o na cultura, aconteceu no \u00faltimo dia 29 de maio o CineArq: Lembran\u00e7as do Futuro, organizado pelo NAC (N\u00facleo de Apoio Cultural) do UNIFEB (Centro Universit\u00e1rio da Funda\u00e7\u00e3o Educacional de Barretos) em parceria com o curso de Arquitetura e Urbanismo. O evento contou com a apresenta\u00e7\u00e3o de um document\u00e1rio e logo ap\u00f3s foi realizado um debate com as presen\u00e7as de Aurimar de Freitas Figueiredo, representando a ABC (Academia Barretense de Cultura); Prof. Jo\u00e3o Carlos Correa, docente do curso de Arquitetura e Urbanismo do UNIFEB; al\u00e9m da mediadora Profa. Maria Clara de Oliveira Calil, coordenadora do curso de Arquitetura e Urbanismo do Centro Universit\u00e1rio.<\/div>\n<div>Maria Clara explica que o CineArq \u00e9 um evento criado pelo curso de Arquitetura e Urbanismo, que teve sua primeira edi\u00e7\u00e3o em 2023, na IV Semana Cient\u00edfica e Cultural, onde \u00e9 transmitido uma obra cinematogr\u00e1fica, que elucida discuss\u00f5es fundamentais para a forma\u00e7\u00e3o acad\u00eamica e pessoal dos alunos. \u201cEssa atividade se apresenta aos discentes como uma potencialidade e uma ferramenta de constru\u00e7\u00e3o de opini\u00e3o cr\u00edtica sobre os principais temas arquitet\u00f4nicos, urbanos e sociais, devido ao debate realizado ao final do filme\u201d, disse.<\/div>\n<div>O document\u00e1rio \u201cLembran\u00e7as do Futuro\u201d retratou a vida do arquiteto Affonso Eduardo Reidy e sua significativa contribui\u00e7\u00e3o para a arquitetura brasileira e para a produ\u00e7\u00e3o da cidade do Rio de Janeiro. Suas principais obras t\u00eam o objetivo de levar em considera\u00e7\u00e3o que o habitar deve ocorrer em espa\u00e7os urbanos, p\u00fablicos, de lazer, trabalho, estudo ou moradia, porque ele estende-se a todas as atividades humanas. A nomenclatura da segunda parte urbanismo e arquitetura retrata um ponto importante nesta profiss\u00e3o. Tudo o que \u00e9 constru\u00eddo apresenta impacto e consequ\u00eancias na paisagem urbana, porque a arquitetura e o urbanismo s\u00e3o insepar\u00e1veis, s\u00e3o saberes, espa\u00e7os e escalas complementares \u00e0 produ\u00e7\u00e3o do habitar de maneira calorosa, r\u00edtmica, po\u00e9tica, equilibrada e harmoniosa \u00e0s necessidades humanas.<\/div>\n<div>A coordenadora Maria Clara destaca que durante o debate uma das perguntas realizadas por um aluno chamou muito aten\u00e7\u00e3o. Ele perguntou: \u201cQual \u00e9 a posi\u00e7\u00e3o que n\u00f3s jovens arquitetos devemos tomar frente ao cen\u00e1rio atual?\u201d. \u201cComo resposta, os membros da banca, cada um \u00e0 sua maneira, colocaram duas quest\u00f5es importantes. A primeira que os arquitetos urbanistas apresentam uma fun\u00e7\u00e3o social importante e que \u00e9 preciso pensar qual \u00e9 a cidade que estamos construindo e como vamos habitar os espa\u00e7os. E a segunda, a import\u00e2ncia da criatividade e generosidade no momento de projetar, afinal, os arquitetos e urbanistas s\u00e3o seres naturalmente criativos e que precisam estimular essa identidade, para que seja transmitida de forma harm\u00f4nica e \u00fanica aos espa\u00e7os constru\u00eddos\u201d, destacou.<\/div>\n<div>Para o coordenador do NAC, Prof. Dr. Davi Aguiar, eventos deste porte estimulam o olhar cr\u00edtico dos alunos \u00e0s din\u00e2micas socioambientais, econ\u00f4micas e culturais, visto que discutem temas atuais com a leitura cr\u00edtica da arte. \u201cAtividades como esta possibilitam que os estudantes conectem os assuntos abordados em sala de aula com o cinema, obras de arte, m\u00fasica, fotografia e demais meios de express\u00e3o art\u00edstica, mas, principalmente, permitem que estejam aptos a discutirem e debaterem as problem\u00e1ticas atuais\u201d, enfatizou.<\/div>\n<div>De acordo com Maria Clara, o arquiteto \u00e9 um profissional que realiza projetos n\u00e3o apenas com base na concep\u00e7\u00e3o estrutural, mas com o prop\u00f3sito de olhar o passado, compreender as necessidades atuais do usu\u00e1rio para projetar o futuro. A cultura se aprofunda com as caracter\u00edsticas hist\u00f3ricas, identit\u00e1rias, costumes e modos de viv\u00eancia e intera\u00e7\u00e3o e social, pontos importantes no processo de concep\u00e7\u00e3o de projeto. \u201cA repercuss\u00e3o do cinema entre os discentes \u00e9 extremamente ben\u00e9fica e a devolutiva \u00e9 sempre positiva, por serem obras cinematogr\u00e1ficas que eles n\u00e3o assistiriam em casa sozinhos. Estes filmes e document\u00e1rios trazem reflex\u00f5es importantes sobre a profiss\u00e3o, olhar cr\u00edtico sobre as problem\u00e1ticas contempor\u00e2neas e tamb\u00e9m amplia\u00e7\u00e3o de repert\u00f3rio em rela\u00e7\u00e3o a diretores, m\u00fasicos e artistas\u201d, finalizou a coordenadora de Arquitetura e Urbanismo.<\/div>\n","protected":false},"excerpt":{"rendered":"<p>Fomentando ainda mais a imers\u00e3o na cultura, aconteceu no \u00faltimo<\/p>\n","protected":false},"author":2,"featured_media":105981,"comment_status":"open","ping_status":"open","sticky":false,"template":"","format":"standard","meta":{"footnotes":""},"categories":[14],"tags":[],"class_list":["post-105980","post","type-post","status-publish","format-standard","has-post-thumbnail","hentry","category-barretos"],"yoast_head":"<!-- This site is optimized with the Yoast SEO plugin v27.4 - https:\/\/yoast.com\/product\/yoast-seo-wordpress\/ -->\n<title>NAC e curso de Arquitetura e Urbanismo do UNIFEB promovem CineArq - Regi\u00e3o News<\/title>\n<meta name=\"robots\" content=\"index, follow, max-snippet:-1, max-image-preview:large, max-video-preview:-1\" \/>\n<link rel=\"canonical\" href=\"https:\/\/regiaonews.net.br\/2022\/2024\/06\/07\/nac-e-curso-de-arquitetura-e-urbanismo-do-unifeb-promovem-cinearq\/\" \/>\n<meta property=\"og:locale\" content=\"pt_BR\" \/>\n<meta property=\"og:type\" content=\"article\" \/>\n<meta property=\"og:title\" content=\"NAC e curso de Arquitetura e Urbanismo do UNIFEB promovem CineArq - Regi\u00e3o News\" \/>\n<meta property=\"og:description\" content=\"Fomentando ainda mais a imers\u00e3o na cultura, aconteceu no \u00faltimo\" \/>\n<meta property=\"og:url\" content=\"https:\/\/regiaonews.net.br\/2022\/2024\/06\/07\/nac-e-curso-de-arquitetura-e-urbanismo-do-unifeb-promovem-cinearq\/\" \/>\n<meta property=\"og:site_name\" content=\"Regi\u00e3o News\" \/>\n<meta property=\"article:published_time\" content=\"2024-06-07T13:12:27+00:00\" \/>\n<meta property=\"og:image\" content=\"https:\/\/regiaonews.net.br\/2022\/wp-content\/uploads\/2024\/06\/CineArq_01.jpeg\" \/>\n\t<meta property=\"og:image:width\" content=\"1600\" \/>\n\t<meta property=\"og:image:height\" content=\"900\" \/>\n\t<meta property=\"og:image:type\" content=\"image\/jpeg\" \/>\n<meta name=\"author\" content=\"Roberto\" \/>\n<meta name=\"twitter:card\" content=\"summary_large_image\" \/>\n<meta name=\"twitter:label1\" content=\"Escrito por\" \/>\n\t<meta name=\"twitter:data1\" content=\"Roberto\" \/>\n\t<meta name=\"twitter:label2\" content=\"Est. tempo de leitura\" \/>\n\t<meta name=\"twitter:data2\" content=\"4 minutos\" \/>\n<script type=\"application\/ld+json\" class=\"yoast-schema-graph\">{\"@context\":\"https:\\\/\\\/schema.org\",\"@graph\":[{\"@type\":\"Article\",\"@id\":\"https:\\\/\\\/regiaonews.net.br\\\/2022\\\/2024\\\/06\\\/07\\\/nac-e-curso-de-arquitetura-e-urbanismo-do-unifeb-promovem-cinearq\\\/#article\",\"isPartOf\":{\"@id\":\"https:\\\/\\\/regiaonews.net.br\\\/2022\\\/2024\\\/06\\\/07\\\/nac-e-curso-de-arquitetura-e-urbanismo-do-unifeb-promovem-cinearq\\\/\"},\"author\":{\"name\":\"Roberto\",\"@id\":\"https:\\\/\\\/regiaonews.net.br\\\/2022\\\/#\\\/schema\\\/person\\\/2d205a608a5aa97ac279d7a5e6d89ad8\"},\"headline\":\"NAC e curso de Arquitetura e Urbanismo do UNIFEB promovem CineArq\",\"datePublished\":\"2024-06-07T13:12:27+00:00\",\"mainEntityOfPage\":{\"@id\":\"https:\\\/\\\/regiaonews.net.br\\\/2022\\\/2024\\\/06\\\/07\\\/nac-e-curso-de-arquitetura-e-urbanismo-do-unifeb-promovem-cinearq\\\/\"},\"wordCount\":714,\"commentCount\":0,\"publisher\":{\"@id\":\"https:\\\/\\\/regiaonews.net.br\\\/2022\\\/#organization\"},\"image\":{\"@id\":\"https:\\\/\\\/regiaonews.net.br\\\/2022\\\/2024\\\/06\\\/07\\\/nac-e-curso-de-arquitetura-e-urbanismo-do-unifeb-promovem-cinearq\\\/#primaryimage\"},\"thumbnailUrl\":\"https:\\\/\\\/regiaonews.net.br\\\/2022\\\/wp-content\\\/uploads\\\/2024\\\/06\\\/CineArq_01.jpeg\",\"articleSection\":[\"Barretos\"],\"inLanguage\":\"pt-BR\",\"potentialAction\":[{\"@type\":\"CommentAction\",\"name\":\"Comment\",\"target\":[\"https:\\\/\\\/regiaonews.net.br\\\/2022\\\/2024\\\/06\\\/07\\\/nac-e-curso-de-arquitetura-e-urbanismo-do-unifeb-promovem-cinearq\\\/#respond\"]}]},{\"@type\":\"WebPage\",\"@id\":\"https:\\\/\\\/regiaonews.net.br\\\/2022\\\/2024\\\/06\\\/07\\\/nac-e-curso-de-arquitetura-e-urbanismo-do-unifeb-promovem-cinearq\\\/\",\"url\":\"https:\\\/\\\/regiaonews.net.br\\\/2022\\\/2024\\\/06\\\/07\\\/nac-e-curso-de-arquitetura-e-urbanismo-do-unifeb-promovem-cinearq\\\/\",\"name\":\"NAC e curso de Arquitetura e Urbanismo do UNIFEB promovem CineArq - Regi\u00e3o News\",\"isPartOf\":{\"@id\":\"https:\\\/\\\/regiaonews.net.br\\\/2022\\\/#website\"},\"primaryImageOfPage\":{\"@id\":\"https:\\\/\\\/regiaonews.net.br\\\/2022\\\/2024\\\/06\\\/07\\\/nac-e-curso-de-arquitetura-e-urbanismo-do-unifeb-promovem-cinearq\\\/#primaryimage\"},\"image\":{\"@id\":\"https:\\\/\\\/regiaonews.net.br\\\/2022\\\/2024\\\/06\\\/07\\\/nac-e-curso-de-arquitetura-e-urbanismo-do-unifeb-promovem-cinearq\\\/#primaryimage\"},\"thumbnailUrl\":\"https:\\\/\\\/regiaonews.net.br\\\/2022\\\/wp-content\\\/uploads\\\/2024\\\/06\\\/CineArq_01.jpeg\",\"datePublished\":\"2024-06-07T13:12:27+00:00\",\"breadcrumb\":{\"@id\":\"https:\\\/\\\/regiaonews.net.br\\\/2022\\\/2024\\\/06\\\/07\\\/nac-e-curso-de-arquitetura-e-urbanismo-do-unifeb-promovem-cinearq\\\/#breadcrumb\"},\"inLanguage\":\"pt-BR\",\"potentialAction\":[{\"@type\":\"ReadAction\",\"target\":[\"https:\\\/\\\/regiaonews.net.br\\\/2022\\\/2024\\\/06\\\/07\\\/nac-e-curso-de-arquitetura-e-urbanismo-do-unifeb-promovem-cinearq\\\/\"]}]},{\"@type\":\"ImageObject\",\"inLanguage\":\"pt-BR\",\"@id\":\"https:\\\/\\\/regiaonews.net.br\\\/2022\\\/2024\\\/06\\\/07\\\/nac-e-curso-de-arquitetura-e-urbanismo-do-unifeb-promovem-cinearq\\\/#primaryimage\",\"url\":\"https:\\\/\\\/regiaonews.net.br\\\/2022\\\/wp-content\\\/uploads\\\/2024\\\/06\\\/CineArq_01.jpeg\",\"contentUrl\":\"https:\\\/\\\/regiaonews.net.br\\\/2022\\\/wp-content\\\/uploads\\\/2024\\\/06\\\/CineArq_01.jpeg\",\"width\":1600,\"height\":900},{\"@type\":\"BreadcrumbList\",\"@id\":\"https:\\\/\\\/regiaonews.net.br\\\/2022\\\/2024\\\/06\\\/07\\\/nac-e-curso-de-arquitetura-e-urbanismo-do-unifeb-promovem-cinearq\\\/#breadcrumb\",\"itemListElement\":[{\"@type\":\"ListItem\",\"position\":1,\"name\":\"In\u00edcio\",\"item\":\"https:\\\/\\\/regiaonews.net.br\\\/2022\\\/\"},{\"@type\":\"ListItem\",\"position\":2,\"name\":\"NAC e curso de Arquitetura e Urbanismo do UNIFEB promovem CineArq\"}]},{\"@type\":\"WebSite\",\"@id\":\"https:\\\/\\\/regiaonews.net.br\\\/2022\\\/#website\",\"url\":\"https:\\\/\\\/regiaonews.net.br\\\/2022\\\/\",\"name\":\"Regi\u00e3o News\",\"description\":\"Site de Not\u00edcias de Barretos e regi\u00e3o\",\"publisher\":{\"@id\":\"https:\\\/\\\/regiaonews.net.br\\\/2022\\\/#organization\"},\"potentialAction\":[{\"@type\":\"SearchAction\",\"target\":{\"@type\":\"EntryPoint\",\"urlTemplate\":\"https:\\\/\\\/regiaonews.net.br\\\/2022\\\/?s={search_term_string}\"},\"query-input\":{\"@type\":\"PropertyValueSpecification\",\"valueRequired\":true,\"valueName\":\"search_term_string\"}}],\"inLanguage\":\"pt-BR\"},{\"@type\":\"Organization\",\"@id\":\"https:\\\/\\\/regiaonews.net.br\\\/2022\\\/#organization\",\"name\":\"Regi\u00e3o News\",\"url\":\"https:\\\/\\\/regiaonews.net.br\\\/2022\\\/\",\"logo\":{\"@type\":\"ImageObject\",\"inLanguage\":\"pt-BR\",\"@id\":\"https:\\\/\\\/regiaonews.net.br\\\/2022\\\/#\\\/schema\\\/logo\\\/image\\\/\",\"url\":\"https:\\\/\\\/regiaonews.net.br\\\/2022\\\/wp-content\\\/uploads\\\/2026\\\/03\\\/regiao-13-anos-scaled.jpg\",\"contentUrl\":\"https:\\\/\\\/regiaonews.net.br\\\/2022\\\/wp-content\\\/uploads\\\/2026\\\/03\\\/regiao-13-anos-scaled.jpg\",\"width\":2560,\"height\":635,\"caption\":\"Regi\u00e3o News\"},\"image\":{\"@id\":\"https:\\\/\\\/regiaonews.net.br\\\/2022\\\/#\\\/schema\\\/logo\\\/image\\\/\"}},{\"@type\":\"Person\",\"@id\":\"https:\\\/\\\/regiaonews.net.br\\\/2022\\\/#\\\/schema\\\/person\\\/2d205a608a5aa97ac279d7a5e6d89ad8\",\"name\":\"Roberto\",\"image\":{\"@type\":\"ImageObject\",\"inLanguage\":\"pt-BR\",\"@id\":\"https:\\\/\\\/secure.gravatar.com\\\/avatar\\\/42749d8b712ff9d59ca93dc150494e5b55a44134482993f5baeb97e61b7ecc89?s=96&d=mm&r=g\",\"url\":\"https:\\\/\\\/secure.gravatar.com\\\/avatar\\\/42749d8b712ff9d59ca93dc150494e5b55a44134482993f5baeb97e61b7ecc89?s=96&d=mm&r=g\",\"contentUrl\":\"https:\\\/\\\/secure.gravatar.com\\\/avatar\\\/42749d8b712ff9d59ca93dc150494e5b55a44134482993f5baeb97e61b7ecc89?s=96&d=mm&r=g\",\"caption\":\"Roberto\"},\"url\":\"https:\\\/\\\/regiaonews.net.br\\\/2022\\\/author\\\/roberto\\\/\"}]}<\/script>\n<!-- \/ Yoast SEO plugin. -->","yoast_head_json":{"title":"NAC e curso de Arquitetura e Urbanismo do UNIFEB promovem CineArq - Regi\u00e3o News","robots":{"index":"index","follow":"follow","max-snippet":"max-snippet:-1","max-image-preview":"max-image-preview:large","max-video-preview":"max-video-preview:-1"},"canonical":"https:\/\/regiaonews.net.br\/2022\/2024\/06\/07\/nac-e-curso-de-arquitetura-e-urbanismo-do-unifeb-promovem-cinearq\/","og_locale":"pt_BR","og_type":"article","og_title":"NAC e curso de Arquitetura e Urbanismo do UNIFEB promovem CineArq - Regi\u00e3o News","og_description":"Fomentando ainda mais a imers\u00e3o na cultura, aconteceu no \u00faltimo","og_url":"https:\/\/regiaonews.net.br\/2022\/2024\/06\/07\/nac-e-curso-de-arquitetura-e-urbanismo-do-unifeb-promovem-cinearq\/","og_site_name":"Regi\u00e3o News","article_published_time":"2024-06-07T13:12:27+00:00","og_image":[{"width":1600,"height":900,"url":"https:\/\/regiaonews.net.br\/2022\/wp-content\/uploads\/2024\/06\/CineArq_01.jpeg","type":"image\/jpeg"}],"author":"Roberto","twitter_card":"summary_large_image","twitter_misc":{"Escrito por":"Roberto","Est. tempo de leitura":"4 minutos"},"schema":{"@context":"https:\/\/schema.org","@graph":[{"@type":"Article","@id":"https:\/\/regiaonews.net.br\/2022\/2024\/06\/07\/nac-e-curso-de-arquitetura-e-urbanismo-do-unifeb-promovem-cinearq\/#article","isPartOf":{"@id":"https:\/\/regiaonews.net.br\/2022\/2024\/06\/07\/nac-e-curso-de-arquitetura-e-urbanismo-do-unifeb-promovem-cinearq\/"},"author":{"name":"Roberto","@id":"https:\/\/regiaonews.net.br\/2022\/#\/schema\/person\/2d205a608a5aa97ac279d7a5e6d89ad8"},"headline":"NAC e curso de Arquitetura e Urbanismo do UNIFEB promovem CineArq","datePublished":"2024-06-07T13:12:27+00:00","mainEntityOfPage":{"@id":"https:\/\/regiaonews.net.br\/2022\/2024\/06\/07\/nac-e-curso-de-arquitetura-e-urbanismo-do-unifeb-promovem-cinearq\/"},"wordCount":714,"commentCount":0,"publisher":{"@id":"https:\/\/regiaonews.net.br\/2022\/#organization"},"image":{"@id":"https:\/\/regiaonews.net.br\/2022\/2024\/06\/07\/nac-e-curso-de-arquitetura-e-urbanismo-do-unifeb-promovem-cinearq\/#primaryimage"},"thumbnailUrl":"https:\/\/regiaonews.net.br\/2022\/wp-content\/uploads\/2024\/06\/CineArq_01.jpeg","articleSection":["Barretos"],"inLanguage":"pt-BR","potentialAction":[{"@type":"CommentAction","name":"Comment","target":["https:\/\/regiaonews.net.br\/2022\/2024\/06\/07\/nac-e-curso-de-arquitetura-e-urbanismo-do-unifeb-promovem-cinearq\/#respond"]}]},{"@type":"WebPage","@id":"https:\/\/regiaonews.net.br\/2022\/2024\/06\/07\/nac-e-curso-de-arquitetura-e-urbanismo-do-unifeb-promovem-cinearq\/","url":"https:\/\/regiaonews.net.br\/2022\/2024\/06\/07\/nac-e-curso-de-arquitetura-e-urbanismo-do-unifeb-promovem-cinearq\/","name":"NAC e curso de Arquitetura e Urbanismo do UNIFEB promovem CineArq - Regi\u00e3o News","isPartOf":{"@id":"https:\/\/regiaonews.net.br\/2022\/#website"},"primaryImageOfPage":{"@id":"https:\/\/regiaonews.net.br\/2022\/2024\/06\/07\/nac-e-curso-de-arquitetura-e-urbanismo-do-unifeb-promovem-cinearq\/#primaryimage"},"image":{"@id":"https:\/\/regiaonews.net.br\/2022\/2024\/06\/07\/nac-e-curso-de-arquitetura-e-urbanismo-do-unifeb-promovem-cinearq\/#primaryimage"},"thumbnailUrl":"https:\/\/regiaonews.net.br\/2022\/wp-content\/uploads\/2024\/06\/CineArq_01.jpeg","datePublished":"2024-06-07T13:12:27+00:00","breadcrumb":{"@id":"https:\/\/regiaonews.net.br\/2022\/2024\/06\/07\/nac-e-curso-de-arquitetura-e-urbanismo-do-unifeb-promovem-cinearq\/#breadcrumb"},"inLanguage":"pt-BR","potentialAction":[{"@type":"ReadAction","target":["https:\/\/regiaonews.net.br\/2022\/2024\/06\/07\/nac-e-curso-de-arquitetura-e-urbanismo-do-unifeb-promovem-cinearq\/"]}]},{"@type":"ImageObject","inLanguage":"pt-BR","@id":"https:\/\/regiaonews.net.br\/2022\/2024\/06\/07\/nac-e-curso-de-arquitetura-e-urbanismo-do-unifeb-promovem-cinearq\/#primaryimage","url":"https:\/\/regiaonews.net.br\/2022\/wp-content\/uploads\/2024\/06\/CineArq_01.jpeg","contentUrl":"https:\/\/regiaonews.net.br\/2022\/wp-content\/uploads\/2024\/06\/CineArq_01.jpeg","width":1600,"height":900},{"@type":"BreadcrumbList","@id":"https:\/\/regiaonews.net.br\/2022\/2024\/06\/07\/nac-e-curso-de-arquitetura-e-urbanismo-do-unifeb-promovem-cinearq\/#breadcrumb","itemListElement":[{"@type":"ListItem","position":1,"name":"In\u00edcio","item":"https:\/\/regiaonews.net.br\/2022\/"},{"@type":"ListItem","position":2,"name":"NAC e curso de Arquitetura e Urbanismo do UNIFEB promovem CineArq"}]},{"@type":"WebSite","@id":"https:\/\/regiaonews.net.br\/2022\/#website","url":"https:\/\/regiaonews.net.br\/2022\/","name":"Regi\u00e3o News","description":"Site de Not\u00edcias de Barretos e regi\u00e3o","publisher":{"@id":"https:\/\/regiaonews.net.br\/2022\/#organization"},"potentialAction":[{"@type":"SearchAction","target":{"@type":"EntryPoint","urlTemplate":"https:\/\/regiaonews.net.br\/2022\/?s={search_term_string}"},"query-input":{"@type":"PropertyValueSpecification","valueRequired":true,"valueName":"search_term_string"}}],"inLanguage":"pt-BR"},{"@type":"Organization","@id":"https:\/\/regiaonews.net.br\/2022\/#organization","name":"Regi\u00e3o News","url":"https:\/\/regiaonews.net.br\/2022\/","logo":{"@type":"ImageObject","inLanguage":"pt-BR","@id":"https:\/\/regiaonews.net.br\/2022\/#\/schema\/logo\/image\/","url":"https:\/\/regiaonews.net.br\/2022\/wp-content\/uploads\/2026\/03\/regiao-13-anos-scaled.jpg","contentUrl":"https:\/\/regiaonews.net.br\/2022\/wp-content\/uploads\/2026\/03\/regiao-13-anos-scaled.jpg","width":2560,"height":635,"caption":"Regi\u00e3o News"},"image":{"@id":"https:\/\/regiaonews.net.br\/2022\/#\/schema\/logo\/image\/"}},{"@type":"Person","@id":"https:\/\/regiaonews.net.br\/2022\/#\/schema\/person\/2d205a608a5aa97ac279d7a5e6d89ad8","name":"Roberto","image":{"@type":"ImageObject","inLanguage":"pt-BR","@id":"https:\/\/secure.gravatar.com\/avatar\/42749d8b712ff9d59ca93dc150494e5b55a44134482993f5baeb97e61b7ecc89?s=96&d=mm&r=g","url":"https:\/\/secure.gravatar.com\/avatar\/42749d8b712ff9d59ca93dc150494e5b55a44134482993f5baeb97e61b7ecc89?s=96&d=mm&r=g","contentUrl":"https:\/\/secure.gravatar.com\/avatar\/42749d8b712ff9d59ca93dc150494e5b55a44134482993f5baeb97e61b7ecc89?s=96&d=mm&r=g","caption":"Roberto"},"url":"https:\/\/regiaonews.net.br\/2022\/author\/roberto\/"}]}},"publishpress_future_action":{"enabled":false,"date":"2026-05-03 13:53:22","action":"change-status","newStatus":"draft","terms":[],"taxonomy":"category","extraData":[]},"publishpress_future_workflow_manual_trigger":{"enabledWorkflows":[]},"_links":{"self":[{"href":"https:\/\/regiaonews.net.br\/2022\/wp-json\/wp\/v2\/posts\/105980","targetHints":{"allow":["GET"]}}],"collection":[{"href":"https:\/\/regiaonews.net.br\/2022\/wp-json\/wp\/v2\/posts"}],"about":[{"href":"https:\/\/regiaonews.net.br\/2022\/wp-json\/wp\/v2\/types\/post"}],"author":[{"embeddable":true,"href":"https:\/\/regiaonews.net.br\/2022\/wp-json\/wp\/v2\/users\/2"}],"replies":[{"embeddable":true,"href":"https:\/\/regiaonews.net.br\/2022\/wp-json\/wp\/v2\/comments?post=105980"}],"version-history":[{"count":1,"href":"https:\/\/regiaonews.net.br\/2022\/wp-json\/wp\/v2\/posts\/105980\/revisions"}],"predecessor-version":[{"id":105982,"href":"https:\/\/regiaonews.net.br\/2022\/wp-json\/wp\/v2\/posts\/105980\/revisions\/105982"}],"wp:featuredmedia":[{"embeddable":true,"href":"https:\/\/regiaonews.net.br\/2022\/wp-json\/wp\/v2\/media\/105981"}],"wp:attachment":[{"href":"https:\/\/regiaonews.net.br\/2022\/wp-json\/wp\/v2\/media?parent=105980"}],"wp:term":[{"taxonomy":"category","embeddable":true,"href":"https:\/\/regiaonews.net.br\/2022\/wp-json\/wp\/v2\/categories?post=105980"},{"taxonomy":"post_tag","embeddable":true,"href":"https:\/\/regiaonews.net.br\/2022\/wp-json\/wp\/v2\/tags?post=105980"}],"curies":[{"name":"wp","href":"https:\/\/api.w.org\/{rel}","templated":true}]}}