{"id":105878,"date":"2024-06-05T13:49:22","date_gmt":"2024-06-05T16:49:22","guid":{"rendered":"https:\/\/regiaonews.net.br\/2022\/?p=105878"},"modified":"2024-06-05T13:49:22","modified_gmt":"2024-06-05T16:49:22","slug":"elitom-carlos-da-silva-recebe-diploma-pastor-evangelico-do-ano-2024","status":"publish","type":"post","link":"https:\/\/regiaonews.net.br\/2022\/2024\/06\/05\/elitom-carlos-da-silva-recebe-diploma-pastor-evangelico-do-ano-2024\/","title":{"rendered":"Elitom Carlos da Silva recebe Diploma Pastor Evang\u00e9lico do Ano 2024"},"content":{"rendered":"<h3 class=\"mb-4\" style=\"text-align: center;\">Homenageado foi indicado pelo Conselho Municipal de Pastores e Ministros Evang\u00e9licos<\/h3>\n<p>O pastor da Igreja &#8220;O Brasil para Cristo&#8221;,\u00a0<strong>Elitom Carlos da Silva<\/strong>,\u00a0recebeu o<strong>\u00a0Diploma &#8220;Pastor Evang\u00e9lico do Ano&#8221;<\/strong>\u00a0<strong>2024\u00a0<\/strong>em Sess\u00e3o Solene realizada na noite de ter\u00e7a-feira (04\/junho), na C\u00e2mara.<\/p>\n<p>Institu\u00eddo pela\u00a0<a href=\"http:\/\/consulta.camarabarretos.sp.gov.br\/Documentos\/Documento\/276029\" target=\"_blank\" rel=\"noopener\">Lei Municipal n\u00ba 4090\/2008<\/a>, de autoria do ex-vereador,\u00a0Ezisto C\u00e9zari (em mem\u00f3ria), o\u00a0Dia do Pastor Evang\u00e9lico \u00e9 celebrado em 14 de junho. J\u00e1 o\u00a0Diploma &#8220;Pastor Evang\u00e9lico do Ano&#8221; foi criado\u00a0pela<a href=\"http:\/\/consulta.camarabarretos.sp.gov.br\/Documentos\/Documento\/341138\" target=\"_blank\" rel=\"noopener\">\u00a0Lei Municipal n\u00ba 5799\/2019<\/a>, de autoria do vereador Dr. Raphael Oliveira (PP).<\/p>\n<p>De acordo com a Lei, a<strong>\u00a0escolha do pastor \u00e9 feita pelo Conselho Municipal de Pastores e Ministros Evang\u00e9licos de Barretos<\/strong>, atualmente presidido por\u00a0Andr\u00e9 Ribeiro de Mendon\u00e7a.\u00a0O nome do pastor indicado \u00e9 encaminhado \u00e0 C\u00e2mara Municipal e aprovado pelos vereadores por meio de Projeto de Decreto Legislativo.<\/p>\n<p>Em 2024, a homenagem ao pastor \u00c9litom consta no\u00a0\u00a0<a href=\"http:\/\/consulta.camarabarretos.sp.gov.br\/Documentos\/Documento\/408496\" target=\"_blank\" rel=\"noopener\"><strong>Projeto de Decreto Legislativo\u00a007\/2024<\/strong>.<\/a><\/p>\n<p>Fizeram parte da Mesa de Autoridades : o Presidente do Conselho Municipal de Pastores e Ministros Evang\u00e9licos,\u00a0<strong>Andr\u00e9 Ribeiro de Mendon\u00e7a;\u00a0<\/strong>o pastor da Igreja &#8220;Assembl\u00e9ia de Deus, Minist\u00e9rio Bel\u00e9m&#8221;,<strong>\u00a0Natanael Santos\u00a0<\/strong><strong>;\u00a0<\/strong>o pastor da &#8220;Comunidade Crist\u00e3 de Barretos&#8221;,\u00a0<strong>Eryck Suleiman;\u00a0<\/strong>o Chefe de Gabinete da Secretaria Municipal de Cultura,\u00a0<strong>Marcelo Rocha;\u00a0<\/strong>e a esposa do homenageado, pastora\u00a0<strong>\u00c9rica Maira Furlan da Silva.<\/strong><\/p>\n<p>Tamb\u00e9m estiveram presentes:<strong>\u00a0<\/strong>o representante do Deputado Estadual Sebasti\u00e3o Santos,<strong>\u00a0Agostinho Vicente Ferreira;\u00a0<\/strong>a representante dos irm\u00e3os da Igreja &#8220;O Brasil para Cristo&#8221;<strong>, Val\u00e9ria Kelly;\u00a0<\/strong>o pastor da Igreja Assembleia de Deus Minist\u00e9rio Bel\u00e9m,<strong>\u00a0Jonathas Lazzarotto;\u00a0<\/strong>o pastor da Igreja Unida,\u00a0<strong>Julio C\u00e9sar C\u00e2ndido;\u00a0<\/strong>o pastor da Igreja da F\u00e9 do Brasil,\u00a0<strong>Raimundo Bispo Soares;\u00a0<\/strong>o obreiro da Igreja Universal,\u00a0<strong>Paulo Silva;\u00a0\u00a0<\/strong>e o Presidente do PSB de Barretos,\u00a0<strong>Davi Aparecido Alcides.<\/strong><\/p>\n<p>A solenidade foi presidida pelo 1\u00ba Secret\u00e1rio da C\u00e2mara,\u00a0<strong>Fabr\u00edcio Lemos (PL);\u00a0<\/strong>e contou com a presen\u00e7a dos vereadores\u00a0<strong>Dr. Raphael Oliveira (PP) e Elson Santos (REPUBLICANOS)<\/strong>;<\/p>\n<p>A Prefeita Paula Lemos compareu \u00e0 C\u00e2mara antes do in\u00edcio da solenidade para cumprimentar o homenageado e o p\u00fablico presente.<\/p>\n<p>Durante a Sess\u00e3o Solene,\u00a0<strong>integrantes dos projetos JUBRAC, UFEBRAC, UMASBRAC e MINIBRAC, todos da Igreja &#8220;O Brasil para Cristo&#8221;<\/strong>\u00a0cantaram uma m\u00fasica para saudar o pastor Elitom.\u00a0\u00a0<strong>O filho do homenageado, Pedro Paulo, subiu \u00e0 tribuna e leu uma mensagem parabenizando o pai pelo diploma.<\/strong><\/p>\n<p>Os m\u00fasicos\u00a0<strong>Deybson (viol\u00e3o), Emily (teclado), F\u00e1bio, Kelis e Rafaella (vocals)<\/strong>, cantaram tr\u00eas louvores ao p\u00fablico. Autoridades, familiares e amigos do homenageado, al\u00e9m dos integrantes da Igreja &#8220;O Brasil para Cristo&#8221;,\u00a0 lotaram o Plen\u00e1rio da C\u00e2mara e acompanharam as m\u00fasicas em coro.<\/p>\n<p>O pastor Natanael Santos (Cidad\u00e3o Honor\u00e1rio de Barretos desde 2019) fez uma prece de encerramento da Sess\u00e3o.<\/p>\n<p>A TV C\u00e2mara transmitiu a solenidade ao vivo pelo\u00a0<strong>canal 31.3, Facebook e Youtube.\u00a0<\/strong><\/p>\n<div class=\"news-btn d-flex justify-content-between mb-5 py-2 px-3 rounded\">\n<div class=\"share\">\n<div class=\"a2a_kit a2a_kit_size_32 a2a_default_style\"><\/div>\n<\/div>\n<\/div>\n","protected":false},"excerpt":{"rendered":"<p>Homenageado foi indicado pelo Conselho Municipal de Pastores e Ministros<\/p>\n","protected":false},"author":2,"featured_media":105879,"comment_status":"open","ping_status":"open","sticky":false,"template":"","format":"standard","meta":{"footnotes":""},"categories":[14,3],"tags":[],"class_list":["post-105878","post","type-post","status-publish","format-standard","has-post-thumbnail","hentry","category-barretos","category-geral"],"yoast_head":"<!-- This site is optimized with the Yoast SEO plugin v27.4 - https:\/\/yoast.com\/product\/yoast-seo-wordpress\/ -->\n<title>Elitom Carlos da Silva recebe Diploma Pastor Evang\u00e9lico do Ano 2024 - Regi\u00e3o News<\/title>\n<meta name=\"robots\" content=\"index, follow, max-snippet:-1, max-image-preview:large, max-video-preview:-1\" \/>\n<link rel=\"canonical\" href=\"https:\/\/regiaonews.net.br\/2022\/2024\/06\/05\/elitom-carlos-da-silva-recebe-diploma-pastor-evangelico-do-ano-2024\/\" \/>\n<meta property=\"og:locale\" content=\"pt_BR\" \/>\n<meta property=\"og:type\" content=\"article\" \/>\n<meta property=\"og:title\" content=\"Elitom Carlos da Silva recebe Diploma Pastor Evang\u00e9lico do Ano 2024 - Regi\u00e3o News\" \/>\n<meta property=\"og:description\" content=\"Homenageado foi indicado pelo Conselho Municipal de Pastores e Ministros\" \/>\n<meta property=\"og:url\" content=\"https:\/\/regiaonews.net.br\/2022\/2024\/06\/05\/elitom-carlos-da-silva-recebe-diploma-pastor-evangelico-do-ano-2024\/\" \/>\n<meta property=\"og:site_name\" content=\"Regi\u00e3o News\" \/>\n<meta property=\"article:published_time\" content=\"2024-06-05T16:49:22+00:00\" \/>\n<meta property=\"og:image\" content=\"https:\/\/regiaonews.net.br\/2022\/wp-content\/uploads\/2024\/06\/alta_1717558153665fdb8910861.jpg\" \/>\n\t<meta property=\"og:image:width\" content=\"2000\" \/>\n\t<meta property=\"og:image:height\" content=\"1093\" \/>\n\t<meta property=\"og:image:type\" content=\"image\/jpeg\" \/>\n<meta name=\"author\" content=\"Roberto\" \/>\n<meta name=\"twitter:card\" content=\"summary_large_image\" \/>\n<meta name=\"twitter:label1\" content=\"Escrito por\" \/>\n\t<meta name=\"twitter:data1\" content=\"Roberto\" \/>\n\t<meta name=\"twitter:label2\" content=\"Est. tempo de leitura\" \/>\n\t<meta name=\"twitter:data2\" content=\"3 minutos\" \/>\n<script type=\"application\/ld+json\" class=\"yoast-schema-graph\">{\"@context\":\"https:\\\/\\\/schema.org\",\"@graph\":[{\"@type\":\"Article\",\"@id\":\"https:\\\/\\\/regiaonews.net.br\\\/2022\\\/2024\\\/06\\\/05\\\/elitom-carlos-da-silva-recebe-diploma-pastor-evangelico-do-ano-2024\\\/#article\",\"isPartOf\":{\"@id\":\"https:\\\/\\\/regiaonews.net.br\\\/2022\\\/2024\\\/06\\\/05\\\/elitom-carlos-da-silva-recebe-diploma-pastor-evangelico-do-ano-2024\\\/\"},\"author\":{\"name\":\"Roberto\",\"@id\":\"https:\\\/\\\/regiaonews.net.br\\\/2022\\\/#\\\/schema\\\/person\\\/2d205a608a5aa97ac279d7a5e6d89ad8\"},\"headline\":\"Elitom Carlos da Silva recebe Diploma Pastor Evang\u00e9lico do Ano 2024\",\"datePublished\":\"2024-06-05T16:49:22+00:00\",\"mainEntityOfPage\":{\"@id\":\"https:\\\/\\\/regiaonews.net.br\\\/2022\\\/2024\\\/06\\\/05\\\/elitom-carlos-da-silva-recebe-diploma-pastor-evangelico-do-ano-2024\\\/\"},\"wordCount\":495,\"commentCount\":0,\"publisher\":{\"@id\":\"https:\\\/\\\/regiaonews.net.br\\\/2022\\\/#organization\"},\"image\":{\"@id\":\"https:\\\/\\\/regiaonews.net.br\\\/2022\\\/2024\\\/06\\\/05\\\/elitom-carlos-da-silva-recebe-diploma-pastor-evangelico-do-ano-2024\\\/#primaryimage\"},\"thumbnailUrl\":\"https:\\\/\\\/regiaonews.net.br\\\/2022\\\/wp-content\\\/uploads\\\/2024\\\/06\\\/alta_1717558153665fdb8910861.jpg\",\"articleSection\":[\"Barretos\",\"Geral\"],\"inLanguage\":\"pt-BR\",\"potentialAction\":[{\"@type\":\"CommentAction\",\"name\":\"Comment\",\"target\":[\"https:\\\/\\\/regiaonews.net.br\\\/2022\\\/2024\\\/06\\\/05\\\/elitom-carlos-da-silva-recebe-diploma-pastor-evangelico-do-ano-2024\\\/#respond\"]}]},{\"@type\":\"WebPage\",\"@id\":\"https:\\\/\\\/regiaonews.net.br\\\/2022\\\/2024\\\/06\\\/05\\\/elitom-carlos-da-silva-recebe-diploma-pastor-evangelico-do-ano-2024\\\/\",\"url\":\"https:\\\/\\\/regiaonews.net.br\\\/2022\\\/2024\\\/06\\\/05\\\/elitom-carlos-da-silva-recebe-diploma-pastor-evangelico-do-ano-2024\\\/\",\"name\":\"Elitom Carlos da Silva recebe Diploma Pastor Evang\u00e9lico do Ano 2024 - Regi\u00e3o News\",\"isPartOf\":{\"@id\":\"https:\\\/\\\/regiaonews.net.br\\\/2022\\\/#website\"},\"primaryImageOfPage\":{\"@id\":\"https:\\\/\\\/regiaonews.net.br\\\/2022\\\/2024\\\/06\\\/05\\\/elitom-carlos-da-silva-recebe-diploma-pastor-evangelico-do-ano-2024\\\/#primaryimage\"},\"image\":{\"@id\":\"https:\\\/\\\/regiaonews.net.br\\\/2022\\\/2024\\\/06\\\/05\\\/elitom-carlos-da-silva-recebe-diploma-pastor-evangelico-do-ano-2024\\\/#primaryimage\"},\"thumbnailUrl\":\"https:\\\/\\\/regiaonews.net.br\\\/2022\\\/wp-content\\\/uploads\\\/2024\\\/06\\\/alta_1717558153665fdb8910861.jpg\",\"datePublished\":\"2024-06-05T16:49:22+00:00\",\"breadcrumb\":{\"@id\":\"https:\\\/\\\/regiaonews.net.br\\\/2022\\\/2024\\\/06\\\/05\\\/elitom-carlos-da-silva-recebe-diploma-pastor-evangelico-do-ano-2024\\\/#breadcrumb\"},\"inLanguage\":\"pt-BR\",\"potentialAction\":[{\"@type\":\"ReadAction\",\"target\":[\"https:\\\/\\\/regiaonews.net.br\\\/2022\\\/2024\\\/06\\\/05\\\/elitom-carlos-da-silva-recebe-diploma-pastor-evangelico-do-ano-2024\\\/\"]}]},{\"@type\":\"ImageObject\",\"inLanguage\":\"pt-BR\",\"@id\":\"https:\\\/\\\/regiaonews.net.br\\\/2022\\\/2024\\\/06\\\/05\\\/elitom-carlos-da-silva-recebe-diploma-pastor-evangelico-do-ano-2024\\\/#primaryimage\",\"url\":\"https:\\\/\\\/regiaonews.net.br\\\/2022\\\/wp-content\\\/uploads\\\/2024\\\/06\\\/alta_1717558153665fdb8910861.jpg\",\"contentUrl\":\"https:\\\/\\\/regiaonews.net.br\\\/2022\\\/wp-content\\\/uploads\\\/2024\\\/06\\\/alta_1717558153665fdb8910861.jpg\",\"width\":2000,\"height\":1093},{\"@type\":\"BreadcrumbList\",\"@id\":\"https:\\\/\\\/regiaonews.net.br\\\/2022\\\/2024\\\/06\\\/05\\\/elitom-carlos-da-silva-recebe-diploma-pastor-evangelico-do-ano-2024\\\/#breadcrumb\",\"itemListElement\":[{\"@type\":\"ListItem\",\"position\":1,\"name\":\"In\u00edcio\",\"item\":\"https:\\\/\\\/regiaonews.net.br\\\/2022\\\/\"},{\"@type\":\"ListItem\",\"position\":2,\"name\":\"Elitom Carlos da Silva recebe Diploma Pastor Evang\u00e9lico do Ano 2024\"}]},{\"@type\":\"WebSite\",\"@id\":\"https:\\\/\\\/regiaonews.net.br\\\/2022\\\/#website\",\"url\":\"https:\\\/\\\/regiaonews.net.br\\\/2022\\\/\",\"name\":\"Regi\u00e3o News\",\"description\":\"Site de Not\u00edcias de Barretos e regi\u00e3o\",\"publisher\":{\"@id\":\"https:\\\/\\\/regiaonews.net.br\\\/2022\\\/#organization\"},\"potentialAction\":[{\"@type\":\"SearchAction\",\"target\":{\"@type\":\"EntryPoint\",\"urlTemplate\":\"https:\\\/\\\/regiaonews.net.br\\\/2022\\\/?s={search_term_string}\"},\"query-input\":{\"@type\":\"PropertyValueSpecification\",\"valueRequired\":true,\"valueName\":\"search_term_string\"}}],\"inLanguage\":\"pt-BR\"},{\"@type\":\"Organization\",\"@id\":\"https:\\\/\\\/regiaonews.net.br\\\/2022\\\/#organization\",\"name\":\"Regi\u00e3o News\",\"url\":\"https:\\\/\\\/regiaonews.net.br\\\/2022\\\/\",\"logo\":{\"@type\":\"ImageObject\",\"inLanguage\":\"pt-BR\",\"@id\":\"https:\\\/\\\/regiaonews.net.br\\\/2022\\\/#\\\/schema\\\/logo\\\/image\\\/\",\"url\":\"https:\\\/\\\/regiaonews.net.br\\\/2022\\\/wp-content\\\/uploads\\\/2026\\\/03\\\/regiao-13-anos-scaled.jpg\",\"contentUrl\":\"https:\\\/\\\/regiaonews.net.br\\\/2022\\\/wp-content\\\/uploads\\\/2026\\\/03\\\/regiao-13-anos-scaled.jpg\",\"width\":2560,\"height\":635,\"caption\":\"Regi\u00e3o News\"},\"image\":{\"@id\":\"https:\\\/\\\/regiaonews.net.br\\\/2022\\\/#\\\/schema\\\/logo\\\/image\\\/\"}},{\"@type\":\"Person\",\"@id\":\"https:\\\/\\\/regiaonews.net.br\\\/2022\\\/#\\\/schema\\\/person\\\/2d205a608a5aa97ac279d7a5e6d89ad8\",\"name\":\"Roberto\",\"image\":{\"@type\":\"ImageObject\",\"inLanguage\":\"pt-BR\",\"@id\":\"https:\\\/\\\/secure.gravatar.com\\\/avatar\\\/42749d8b712ff9d59ca93dc150494e5b55a44134482993f5baeb97e61b7ecc89?s=96&d=mm&r=g\",\"url\":\"https:\\\/\\\/secure.gravatar.com\\\/avatar\\\/42749d8b712ff9d59ca93dc150494e5b55a44134482993f5baeb97e61b7ecc89?s=96&d=mm&r=g\",\"contentUrl\":\"https:\\\/\\\/secure.gravatar.com\\\/avatar\\\/42749d8b712ff9d59ca93dc150494e5b55a44134482993f5baeb97e61b7ecc89?s=96&d=mm&r=g\",\"caption\":\"Roberto\"},\"url\":\"https:\\\/\\\/regiaonews.net.br\\\/2022\\\/author\\\/roberto\\\/\"}]}<\/script>\n<!-- \/ Yoast SEO plugin. -->","yoast_head_json":{"title":"Elitom Carlos da Silva recebe Diploma Pastor Evang\u00e9lico do Ano 2024 - Regi\u00e3o News","robots":{"index":"index","follow":"follow","max-snippet":"max-snippet:-1","max-image-preview":"max-image-preview:large","max-video-preview":"max-video-preview:-1"},"canonical":"https:\/\/regiaonews.net.br\/2022\/2024\/06\/05\/elitom-carlos-da-silva-recebe-diploma-pastor-evangelico-do-ano-2024\/","og_locale":"pt_BR","og_type":"article","og_title":"Elitom Carlos da Silva recebe Diploma Pastor Evang\u00e9lico do Ano 2024 - Regi\u00e3o News","og_description":"Homenageado foi indicado pelo Conselho Municipal de Pastores e Ministros","og_url":"https:\/\/regiaonews.net.br\/2022\/2024\/06\/05\/elitom-carlos-da-silva-recebe-diploma-pastor-evangelico-do-ano-2024\/","og_site_name":"Regi\u00e3o News","article_published_time":"2024-06-05T16:49:22+00:00","og_image":[{"width":2000,"height":1093,"url":"https:\/\/regiaonews.net.br\/2022\/wp-content\/uploads\/2024\/06\/alta_1717558153665fdb8910861.jpg","type":"image\/jpeg"}],"author":"Roberto","twitter_card":"summary_large_image","twitter_misc":{"Escrito por":"Roberto","Est. tempo de leitura":"3 minutos"},"schema":{"@context":"https:\/\/schema.org","@graph":[{"@type":"Article","@id":"https:\/\/regiaonews.net.br\/2022\/2024\/06\/05\/elitom-carlos-da-silva-recebe-diploma-pastor-evangelico-do-ano-2024\/#article","isPartOf":{"@id":"https:\/\/regiaonews.net.br\/2022\/2024\/06\/05\/elitom-carlos-da-silva-recebe-diploma-pastor-evangelico-do-ano-2024\/"},"author":{"name":"Roberto","@id":"https:\/\/regiaonews.net.br\/2022\/#\/schema\/person\/2d205a608a5aa97ac279d7a5e6d89ad8"},"headline":"Elitom Carlos da Silva recebe Diploma Pastor Evang\u00e9lico do Ano 2024","datePublished":"2024-06-05T16:49:22+00:00","mainEntityOfPage":{"@id":"https:\/\/regiaonews.net.br\/2022\/2024\/06\/05\/elitom-carlos-da-silva-recebe-diploma-pastor-evangelico-do-ano-2024\/"},"wordCount":495,"commentCount":0,"publisher":{"@id":"https:\/\/regiaonews.net.br\/2022\/#organization"},"image":{"@id":"https:\/\/regiaonews.net.br\/2022\/2024\/06\/05\/elitom-carlos-da-silva-recebe-diploma-pastor-evangelico-do-ano-2024\/#primaryimage"},"thumbnailUrl":"https:\/\/regiaonews.net.br\/2022\/wp-content\/uploads\/2024\/06\/alta_1717558153665fdb8910861.jpg","articleSection":["Barretos","Geral"],"inLanguage":"pt-BR","potentialAction":[{"@type":"CommentAction","name":"Comment","target":["https:\/\/regiaonews.net.br\/2022\/2024\/06\/05\/elitom-carlos-da-silva-recebe-diploma-pastor-evangelico-do-ano-2024\/#respond"]}]},{"@type":"WebPage","@id":"https:\/\/regiaonews.net.br\/2022\/2024\/06\/05\/elitom-carlos-da-silva-recebe-diploma-pastor-evangelico-do-ano-2024\/","url":"https:\/\/regiaonews.net.br\/2022\/2024\/06\/05\/elitom-carlos-da-silva-recebe-diploma-pastor-evangelico-do-ano-2024\/","name":"Elitom Carlos da Silva recebe Diploma Pastor Evang\u00e9lico do Ano 2024 - Regi\u00e3o News","isPartOf":{"@id":"https:\/\/regiaonews.net.br\/2022\/#website"},"primaryImageOfPage":{"@id":"https:\/\/regiaonews.net.br\/2022\/2024\/06\/05\/elitom-carlos-da-silva-recebe-diploma-pastor-evangelico-do-ano-2024\/#primaryimage"},"image":{"@id":"https:\/\/regiaonews.net.br\/2022\/2024\/06\/05\/elitom-carlos-da-silva-recebe-diploma-pastor-evangelico-do-ano-2024\/#primaryimage"},"thumbnailUrl":"https:\/\/regiaonews.net.br\/2022\/wp-content\/uploads\/2024\/06\/alta_1717558153665fdb8910861.jpg","datePublished":"2024-06-05T16:49:22+00:00","breadcrumb":{"@id":"https:\/\/regiaonews.net.br\/2022\/2024\/06\/05\/elitom-carlos-da-silva-recebe-diploma-pastor-evangelico-do-ano-2024\/#breadcrumb"},"inLanguage":"pt-BR","potentialAction":[{"@type":"ReadAction","target":["https:\/\/regiaonews.net.br\/2022\/2024\/06\/05\/elitom-carlos-da-silva-recebe-diploma-pastor-evangelico-do-ano-2024\/"]}]},{"@type":"ImageObject","inLanguage":"pt-BR","@id":"https:\/\/regiaonews.net.br\/2022\/2024\/06\/05\/elitom-carlos-da-silva-recebe-diploma-pastor-evangelico-do-ano-2024\/#primaryimage","url":"https:\/\/regiaonews.net.br\/2022\/wp-content\/uploads\/2024\/06\/alta_1717558153665fdb8910861.jpg","contentUrl":"https:\/\/regiaonews.net.br\/2022\/wp-content\/uploads\/2024\/06\/alta_1717558153665fdb8910861.jpg","width":2000,"height":1093},{"@type":"BreadcrumbList","@id":"https:\/\/regiaonews.net.br\/2022\/2024\/06\/05\/elitom-carlos-da-silva-recebe-diploma-pastor-evangelico-do-ano-2024\/#breadcrumb","itemListElement":[{"@type":"ListItem","position":1,"name":"In\u00edcio","item":"https:\/\/regiaonews.net.br\/2022\/"},{"@type":"ListItem","position":2,"name":"Elitom Carlos da Silva recebe Diploma Pastor Evang\u00e9lico do Ano 2024"}]},{"@type":"WebSite","@id":"https:\/\/regiaonews.net.br\/2022\/#website","url":"https:\/\/regiaonews.net.br\/2022\/","name":"Regi\u00e3o News","description":"Site de Not\u00edcias de Barretos e regi\u00e3o","publisher":{"@id":"https:\/\/regiaonews.net.br\/2022\/#organization"},"potentialAction":[{"@type":"SearchAction","target":{"@type":"EntryPoint","urlTemplate":"https:\/\/regiaonews.net.br\/2022\/?s={search_term_string}"},"query-input":{"@type":"PropertyValueSpecification","valueRequired":true,"valueName":"search_term_string"}}],"inLanguage":"pt-BR"},{"@type":"Organization","@id":"https:\/\/regiaonews.net.br\/2022\/#organization","name":"Regi\u00e3o News","url":"https:\/\/regiaonews.net.br\/2022\/","logo":{"@type":"ImageObject","inLanguage":"pt-BR","@id":"https:\/\/regiaonews.net.br\/2022\/#\/schema\/logo\/image\/","url":"https:\/\/regiaonews.net.br\/2022\/wp-content\/uploads\/2026\/03\/regiao-13-anos-scaled.jpg","contentUrl":"https:\/\/regiaonews.net.br\/2022\/wp-content\/uploads\/2026\/03\/regiao-13-anos-scaled.jpg","width":2560,"height":635,"caption":"Regi\u00e3o News"},"image":{"@id":"https:\/\/regiaonews.net.br\/2022\/#\/schema\/logo\/image\/"}},{"@type":"Person","@id":"https:\/\/regiaonews.net.br\/2022\/#\/schema\/person\/2d205a608a5aa97ac279d7a5e6d89ad8","name":"Roberto","image":{"@type":"ImageObject","inLanguage":"pt-BR","@id":"https:\/\/secure.gravatar.com\/avatar\/42749d8b712ff9d59ca93dc150494e5b55a44134482993f5baeb97e61b7ecc89?s=96&d=mm&r=g","url":"https:\/\/secure.gravatar.com\/avatar\/42749d8b712ff9d59ca93dc150494e5b55a44134482993f5baeb97e61b7ecc89?s=96&d=mm&r=g","contentUrl":"https:\/\/secure.gravatar.com\/avatar\/42749d8b712ff9d59ca93dc150494e5b55a44134482993f5baeb97e61b7ecc89?s=96&d=mm&r=g","caption":"Roberto"},"url":"https:\/\/regiaonews.net.br\/2022\/author\/roberto\/"}]}},"publishpress_future_action":{"enabled":false,"date":"2026-05-03 05:13:22","action":"change-status","newStatus":"draft","terms":[],"taxonomy":"category","extraData":[]},"publishpress_future_workflow_manual_trigger":{"enabledWorkflows":[]},"_links":{"self":[{"href":"https:\/\/regiaonews.net.br\/2022\/wp-json\/wp\/v2\/posts\/105878","targetHints":{"allow":["GET"]}}],"collection":[{"href":"https:\/\/regiaonews.net.br\/2022\/wp-json\/wp\/v2\/posts"}],"about":[{"href":"https:\/\/regiaonews.net.br\/2022\/wp-json\/wp\/v2\/types\/post"}],"author":[{"embeddable":true,"href":"https:\/\/regiaonews.net.br\/2022\/wp-json\/wp\/v2\/users\/2"}],"replies":[{"embeddable":true,"href":"https:\/\/regiaonews.net.br\/2022\/wp-json\/wp\/v2\/comments?post=105878"}],"version-history":[{"count":1,"href":"https:\/\/regiaonews.net.br\/2022\/wp-json\/wp\/v2\/posts\/105878\/revisions"}],"predecessor-version":[{"id":105880,"href":"https:\/\/regiaonews.net.br\/2022\/wp-json\/wp\/v2\/posts\/105878\/revisions\/105880"}],"wp:featuredmedia":[{"embeddable":true,"href":"https:\/\/regiaonews.net.br\/2022\/wp-json\/wp\/v2\/media\/105879"}],"wp:attachment":[{"href":"https:\/\/regiaonews.net.br\/2022\/wp-json\/wp\/v2\/media?parent=105878"}],"wp:term":[{"taxonomy":"category","embeddable":true,"href":"https:\/\/regiaonews.net.br\/2022\/wp-json\/wp\/v2\/categories?post=105878"},{"taxonomy":"post_tag","embeddable":true,"href":"https:\/\/regiaonews.net.br\/2022\/wp-json\/wp\/v2\/tags?post=105878"}],"curies":[{"name":"wp","href":"https:\/\/api.w.org\/{rel}","templated":true}]}}