{"id":105839,"date":"2024-06-04T16:41:47","date_gmt":"2024-06-04T19:41:47","guid":{"rendered":"https:\/\/regiaonews.net.br\/2022\/?p=105839"},"modified":"2024-06-04T16:41:47","modified_gmt":"2024-06-04T19:41:47","slug":"fazenda-municipal-tera-circuito-de-servicos-ofertando-conscientizacao-a-populacao-na-semana-do-meio-ambiente","status":"publish","type":"post","link":"https:\/\/regiaonews.net.br\/2022\/2024\/06\/04\/fazenda-municipal-tera-circuito-de-servicos-ofertando-conscientizacao-a-populacao-na-semana-do-meio-ambiente\/","title":{"rendered":"Fazenda Municipal ter\u00e1 circuito de servi\u00e7os ofertando conscientiza\u00e7\u00e3o \u00e0 popula\u00e7\u00e3o na Semana do Meio Ambiente"},"content":{"rendered":"<h3 style=\"text-align: center;\">As a\u00e7\u00f5es s\u00e3o realizadas de 4 a 7 de junho e abertas a todos<\/h3>\n<p>A Prefeitura Municipal de Barretos preparou na Fazenda Municipal, sede da Secretaria Municipal de Agricultura, Meio Ambiente e Sustentabilidade, um circuito em que a popula\u00e7\u00e3o receber\u00e1 uma s\u00e9rie de informa\u00e7\u00f5es visando despertar a consci\u00eancia ambiental. As a\u00e7\u00f5es comp\u00f5em a Semana Ambiental de Barretos e ser\u00e3o realizadas entre ter\u00e7a-feira, dia 4, e sexta-feira, 7 de junho.<\/p>\n<p>No viveiro de mudas, ser\u00e1 poss\u00edvel conferir como \u00e9 o processo de produ\u00e7\u00e3o de mudas para reflorestamento e arboriza\u00e7\u00e3o urbana. Na sala verde, equipes da Secretaria Municipal de Educa\u00e7\u00e3o e da empresa DaIdea solu\u00e7\u00f5es ambientais apresentar\u00e3o iniciativas e bons h\u00e1bitos para prote\u00e7\u00e3o do meio ambiente. No stand da Secretaria de Agricultura e Abastecimento do Estado de S\u00e3o Paulo, os estudantes e a popula\u00e7\u00e3o em geral receber\u00e3o informa\u00e7\u00f5es sobre conserva\u00e7\u00e3o do solo em bacias hidrogr\u00e1ficas.<\/p>\n<p>A Pol\u00edcia Militar Ambiental tamb\u00e9m realizar\u00e1 um trabalho de educa\u00e7\u00e3o ambiental e explicar\u00e1 sobre a fiscaliza\u00e7\u00e3o sobre ca\u00e7a e pesca que desenvolve. A equipe do Controle de Vetores, da Secretaria Municipal de Sa\u00fade, estar\u00e1 presente mostrando a rela\u00e7\u00e3o entre sa\u00fade e meio ambiente e que medidas a popula\u00e7\u00e3o deve tomar nas cidades para evitar que animais pe\u00e7onhentos e mosquitos transmissores de doen\u00e7as se reproduzam.<\/p>\n<p>O local estar\u00e1 aberto ao p\u00fablico durante esses quatro dias das 8h30 \u00e0s 10h30 e das 13h30 \u00e0s 15h30. Haver\u00e1 uma solenidade de abertura oficial do evento \u00e0s 9h30 da ter\u00e7a-feira, 4. A Fazenda Municipal est\u00e1 localizada na Estrada da Fazenda Burac\u00e3o s\/n, atr\u00e1s do Cemit\u00e9rio Jardim das Oliveiras.<\/p>\n<p>Servi\u00e7o:<br \/>\nAssunto: Semana do Meio Ambiente de Barretos \u2013 2024<br \/>\nDatas: Ter\u00e7a a sexta-feira, 4 a 7 de junho<br \/>\nHor\u00e1rios: 8h30 \u00e0s 10h30 e 13h30 \u00e0s 15h30<br \/>\nLocal: na Fazenda Municipal (atr\u00e1s do Cemit\u00e9rio Jardim das Oliveiras)<\/p>\n<p>&nbsp;<\/p>\n","protected":false},"excerpt":{"rendered":"<p>As a\u00e7\u00f5es s\u00e3o realizadas de 4 a 7 de junho<\/p>\n","protected":false},"author":2,"featured_media":105840,"comment_status":"open","ping_status":"open","sticky":false,"template":"","format":"standard","meta":{"footnotes":""},"categories":[14,3],"tags":[],"class_list":["post-105839","post","type-post","status-publish","format-standard","has-post-thumbnail","hentry","category-barretos","category-geral"],"yoast_head":"<!-- This site is optimized with the Yoast SEO plugin v27.4 - https:\/\/yoast.com\/product\/yoast-seo-wordpress\/ -->\n<title>Fazenda Municipal ter\u00e1 circuito de servi\u00e7os ofertando conscientiza\u00e7\u00e3o \u00e0 popula\u00e7\u00e3o na Semana do Meio Ambiente - Regi\u00e3o News<\/title>\n<meta name=\"robots\" content=\"index, follow, max-snippet:-1, max-image-preview:large, max-video-preview:-1\" \/>\n<link rel=\"canonical\" href=\"https:\/\/regiaonews.net.br\/2022\/2024\/06\/04\/fazenda-municipal-tera-circuito-de-servicos-ofertando-conscientizacao-a-populacao-na-semana-do-meio-ambiente\/\" \/>\n<meta property=\"og:locale\" content=\"pt_BR\" \/>\n<meta property=\"og:type\" content=\"article\" \/>\n<meta property=\"og:title\" content=\"Fazenda Municipal ter\u00e1 circuito de servi\u00e7os ofertando conscientiza\u00e7\u00e3o \u00e0 popula\u00e7\u00e3o na Semana do Meio Ambiente - Regi\u00e3o News\" \/>\n<meta property=\"og:description\" content=\"As a\u00e7\u00f5es s\u00e3o realizadas de 4 a 7 de junho\" \/>\n<meta property=\"og:url\" content=\"https:\/\/regiaonews.net.br\/2022\/2024\/06\/04\/fazenda-municipal-tera-circuito-de-servicos-ofertando-conscientizacao-a-populacao-na-semana-do-meio-ambiente\/\" \/>\n<meta property=\"og:site_name\" content=\"Regi\u00e3o News\" \/>\n<meta property=\"article:published_time\" content=\"2024-06-04T19:41:47+00:00\" \/>\n<meta property=\"og:image\" content=\"https:\/\/regiaonews.net.br\/2022\/wp-content\/uploads\/2024\/06\/Imagem-do-WhatsApp-de-2024-06-04-as-11.27.23_8ab8b44f.jpg\" \/>\n\t<meta property=\"og:image:width\" content=\"1084\" \/>\n\t<meta property=\"og:image:height\" content=\"1084\" \/>\n\t<meta property=\"og:image:type\" content=\"image\/jpeg\" \/>\n<meta name=\"author\" content=\"Roberto\" \/>\n<meta name=\"twitter:card\" content=\"summary_large_image\" \/>\n<meta name=\"twitter:label1\" content=\"Escrito por\" \/>\n\t<meta name=\"twitter:data1\" content=\"Roberto\" \/>\n\t<meta name=\"twitter:label2\" content=\"Est. tempo de leitura\" \/>\n\t<meta name=\"twitter:data2\" content=\"2 minutos\" \/>\n<script type=\"application\/ld+json\" class=\"yoast-schema-graph\">{\"@context\":\"https:\\\/\\\/schema.org\",\"@graph\":[{\"@type\":\"Article\",\"@id\":\"https:\\\/\\\/regiaonews.net.br\\\/2022\\\/2024\\\/06\\\/04\\\/fazenda-municipal-tera-circuito-de-servicos-ofertando-conscientizacao-a-populacao-na-semana-do-meio-ambiente\\\/#article\",\"isPartOf\":{\"@id\":\"https:\\\/\\\/regiaonews.net.br\\\/2022\\\/2024\\\/06\\\/04\\\/fazenda-municipal-tera-circuito-de-servicos-ofertando-conscientizacao-a-populacao-na-semana-do-meio-ambiente\\\/\"},\"author\":{\"name\":\"Roberto\",\"@id\":\"https:\\\/\\\/regiaonews.net.br\\\/2022\\\/#\\\/schema\\\/person\\\/2d205a608a5aa97ac279d7a5e6d89ad8\"},\"headline\":\"Fazenda Municipal ter\u00e1 circuito de servi\u00e7os ofertando conscientiza\u00e7\u00e3o \u00e0 popula\u00e7\u00e3o na Semana do Meio Ambiente\",\"datePublished\":\"2024-06-04T19:41:47+00:00\",\"mainEntityOfPage\":{\"@id\":\"https:\\\/\\\/regiaonews.net.br\\\/2022\\\/2024\\\/06\\\/04\\\/fazenda-municipal-tera-circuito-de-servicos-ofertando-conscientizacao-a-populacao-na-semana-do-meio-ambiente\\\/\"},\"wordCount\":347,\"commentCount\":0,\"publisher\":{\"@id\":\"https:\\\/\\\/regiaonews.net.br\\\/2022\\\/#organization\"},\"image\":{\"@id\":\"https:\\\/\\\/regiaonews.net.br\\\/2022\\\/2024\\\/06\\\/04\\\/fazenda-municipal-tera-circuito-de-servicos-ofertando-conscientizacao-a-populacao-na-semana-do-meio-ambiente\\\/#primaryimage\"},\"thumbnailUrl\":\"https:\\\/\\\/regiaonews.net.br\\\/2022\\\/wp-content\\\/uploads\\\/2024\\\/06\\\/Imagem-do-WhatsApp-de-2024-06-04-as-11.27.23_8ab8b44f.jpg\",\"articleSection\":[\"Barretos\",\"Geral\"],\"inLanguage\":\"pt-BR\",\"potentialAction\":[{\"@type\":\"CommentAction\",\"name\":\"Comment\",\"target\":[\"https:\\\/\\\/regiaonews.net.br\\\/2022\\\/2024\\\/06\\\/04\\\/fazenda-municipal-tera-circuito-de-servicos-ofertando-conscientizacao-a-populacao-na-semana-do-meio-ambiente\\\/#respond\"]}]},{\"@type\":\"WebPage\",\"@id\":\"https:\\\/\\\/regiaonews.net.br\\\/2022\\\/2024\\\/06\\\/04\\\/fazenda-municipal-tera-circuito-de-servicos-ofertando-conscientizacao-a-populacao-na-semana-do-meio-ambiente\\\/\",\"url\":\"https:\\\/\\\/regiaonews.net.br\\\/2022\\\/2024\\\/06\\\/04\\\/fazenda-municipal-tera-circuito-de-servicos-ofertando-conscientizacao-a-populacao-na-semana-do-meio-ambiente\\\/\",\"name\":\"Fazenda Municipal ter\u00e1 circuito de servi\u00e7os ofertando conscientiza\u00e7\u00e3o \u00e0 popula\u00e7\u00e3o na Semana do Meio Ambiente - Regi\u00e3o News\",\"isPartOf\":{\"@id\":\"https:\\\/\\\/regiaonews.net.br\\\/2022\\\/#website\"},\"primaryImageOfPage\":{\"@id\":\"https:\\\/\\\/regiaonews.net.br\\\/2022\\\/2024\\\/06\\\/04\\\/fazenda-municipal-tera-circuito-de-servicos-ofertando-conscientizacao-a-populacao-na-semana-do-meio-ambiente\\\/#primaryimage\"},\"image\":{\"@id\":\"https:\\\/\\\/regiaonews.net.br\\\/2022\\\/2024\\\/06\\\/04\\\/fazenda-municipal-tera-circuito-de-servicos-ofertando-conscientizacao-a-populacao-na-semana-do-meio-ambiente\\\/#primaryimage\"},\"thumbnailUrl\":\"https:\\\/\\\/regiaonews.net.br\\\/2022\\\/wp-content\\\/uploads\\\/2024\\\/06\\\/Imagem-do-WhatsApp-de-2024-06-04-as-11.27.23_8ab8b44f.jpg\",\"datePublished\":\"2024-06-04T19:41:47+00:00\",\"breadcrumb\":{\"@id\":\"https:\\\/\\\/regiaonews.net.br\\\/2022\\\/2024\\\/06\\\/04\\\/fazenda-municipal-tera-circuito-de-servicos-ofertando-conscientizacao-a-populacao-na-semana-do-meio-ambiente\\\/#breadcrumb\"},\"inLanguage\":\"pt-BR\",\"potentialAction\":[{\"@type\":\"ReadAction\",\"target\":[\"https:\\\/\\\/regiaonews.net.br\\\/2022\\\/2024\\\/06\\\/04\\\/fazenda-municipal-tera-circuito-de-servicos-ofertando-conscientizacao-a-populacao-na-semana-do-meio-ambiente\\\/\"]}]},{\"@type\":\"ImageObject\",\"inLanguage\":\"pt-BR\",\"@id\":\"https:\\\/\\\/regiaonews.net.br\\\/2022\\\/2024\\\/06\\\/04\\\/fazenda-municipal-tera-circuito-de-servicos-ofertando-conscientizacao-a-populacao-na-semana-do-meio-ambiente\\\/#primaryimage\",\"url\":\"https:\\\/\\\/regiaonews.net.br\\\/2022\\\/wp-content\\\/uploads\\\/2024\\\/06\\\/Imagem-do-WhatsApp-de-2024-06-04-as-11.27.23_8ab8b44f.jpg\",\"contentUrl\":\"https:\\\/\\\/regiaonews.net.br\\\/2022\\\/wp-content\\\/uploads\\\/2024\\\/06\\\/Imagem-do-WhatsApp-de-2024-06-04-as-11.27.23_8ab8b44f.jpg\",\"width\":1084,\"height\":1084},{\"@type\":\"BreadcrumbList\",\"@id\":\"https:\\\/\\\/regiaonews.net.br\\\/2022\\\/2024\\\/06\\\/04\\\/fazenda-municipal-tera-circuito-de-servicos-ofertando-conscientizacao-a-populacao-na-semana-do-meio-ambiente\\\/#breadcrumb\",\"itemListElement\":[{\"@type\":\"ListItem\",\"position\":1,\"name\":\"In\u00edcio\",\"item\":\"https:\\\/\\\/regiaonews.net.br\\\/2022\\\/\"},{\"@type\":\"ListItem\",\"position\":2,\"name\":\"Fazenda Municipal ter\u00e1 circuito de servi\u00e7os ofertando conscientiza\u00e7\u00e3o \u00e0 popula\u00e7\u00e3o na Semana do Meio Ambiente\"}]},{\"@type\":\"WebSite\",\"@id\":\"https:\\\/\\\/regiaonews.net.br\\\/2022\\\/#website\",\"url\":\"https:\\\/\\\/regiaonews.net.br\\\/2022\\\/\",\"name\":\"Regi\u00e3o News\",\"description\":\"Site de Not\u00edcias de Barretos e regi\u00e3o\",\"publisher\":{\"@id\":\"https:\\\/\\\/regiaonews.net.br\\\/2022\\\/#organization\"},\"potentialAction\":[{\"@type\":\"SearchAction\",\"target\":{\"@type\":\"EntryPoint\",\"urlTemplate\":\"https:\\\/\\\/regiaonews.net.br\\\/2022\\\/?s={search_term_string}\"},\"query-input\":{\"@type\":\"PropertyValueSpecification\",\"valueRequired\":true,\"valueName\":\"search_term_string\"}}],\"inLanguage\":\"pt-BR\"},{\"@type\":\"Organization\",\"@id\":\"https:\\\/\\\/regiaonews.net.br\\\/2022\\\/#organization\",\"name\":\"Regi\u00e3o News\",\"url\":\"https:\\\/\\\/regiaonews.net.br\\\/2022\\\/\",\"logo\":{\"@type\":\"ImageObject\",\"inLanguage\":\"pt-BR\",\"@id\":\"https:\\\/\\\/regiaonews.net.br\\\/2022\\\/#\\\/schema\\\/logo\\\/image\\\/\",\"url\":\"https:\\\/\\\/regiaonews.net.br\\\/2022\\\/wp-content\\\/uploads\\\/2026\\\/03\\\/regiao-13-anos-scaled.jpg\",\"contentUrl\":\"https:\\\/\\\/regiaonews.net.br\\\/2022\\\/wp-content\\\/uploads\\\/2026\\\/03\\\/regiao-13-anos-scaled.jpg\",\"width\":2560,\"height\":635,\"caption\":\"Regi\u00e3o News\"},\"image\":{\"@id\":\"https:\\\/\\\/regiaonews.net.br\\\/2022\\\/#\\\/schema\\\/logo\\\/image\\\/\"}},{\"@type\":\"Person\",\"@id\":\"https:\\\/\\\/regiaonews.net.br\\\/2022\\\/#\\\/schema\\\/person\\\/2d205a608a5aa97ac279d7a5e6d89ad8\",\"name\":\"Roberto\",\"image\":{\"@type\":\"ImageObject\",\"inLanguage\":\"pt-BR\",\"@id\":\"https:\\\/\\\/secure.gravatar.com\\\/avatar\\\/42749d8b712ff9d59ca93dc150494e5b55a44134482993f5baeb97e61b7ecc89?s=96&d=mm&r=g\",\"url\":\"https:\\\/\\\/secure.gravatar.com\\\/avatar\\\/42749d8b712ff9d59ca93dc150494e5b55a44134482993f5baeb97e61b7ecc89?s=96&d=mm&r=g\",\"contentUrl\":\"https:\\\/\\\/secure.gravatar.com\\\/avatar\\\/42749d8b712ff9d59ca93dc150494e5b55a44134482993f5baeb97e61b7ecc89?s=96&d=mm&r=g\",\"caption\":\"Roberto\"},\"url\":\"https:\\\/\\\/regiaonews.net.br\\\/2022\\\/author\\\/roberto\\\/\"}]}<\/script>\n<!-- \/ Yoast SEO plugin. -->","yoast_head_json":{"title":"Fazenda Municipal ter\u00e1 circuito de servi\u00e7os ofertando conscientiza\u00e7\u00e3o \u00e0 popula\u00e7\u00e3o na Semana do Meio Ambiente - Regi\u00e3o News","robots":{"index":"index","follow":"follow","max-snippet":"max-snippet:-1","max-image-preview":"max-image-preview:large","max-video-preview":"max-video-preview:-1"},"canonical":"https:\/\/regiaonews.net.br\/2022\/2024\/06\/04\/fazenda-municipal-tera-circuito-de-servicos-ofertando-conscientizacao-a-populacao-na-semana-do-meio-ambiente\/","og_locale":"pt_BR","og_type":"article","og_title":"Fazenda Municipal ter\u00e1 circuito de servi\u00e7os ofertando conscientiza\u00e7\u00e3o \u00e0 popula\u00e7\u00e3o na Semana do Meio Ambiente - Regi\u00e3o News","og_description":"As a\u00e7\u00f5es s\u00e3o realizadas de 4 a 7 de junho","og_url":"https:\/\/regiaonews.net.br\/2022\/2024\/06\/04\/fazenda-municipal-tera-circuito-de-servicos-ofertando-conscientizacao-a-populacao-na-semana-do-meio-ambiente\/","og_site_name":"Regi\u00e3o News","article_published_time":"2024-06-04T19:41:47+00:00","og_image":[{"width":1084,"height":1084,"url":"https:\/\/regiaonews.net.br\/2022\/wp-content\/uploads\/2024\/06\/Imagem-do-WhatsApp-de-2024-06-04-as-11.27.23_8ab8b44f.jpg","type":"image\/jpeg"}],"author":"Roberto","twitter_card":"summary_large_image","twitter_misc":{"Escrito por":"Roberto","Est. tempo de leitura":"2 minutos"},"schema":{"@context":"https:\/\/schema.org","@graph":[{"@type":"Article","@id":"https:\/\/regiaonews.net.br\/2022\/2024\/06\/04\/fazenda-municipal-tera-circuito-de-servicos-ofertando-conscientizacao-a-populacao-na-semana-do-meio-ambiente\/#article","isPartOf":{"@id":"https:\/\/regiaonews.net.br\/2022\/2024\/06\/04\/fazenda-municipal-tera-circuito-de-servicos-ofertando-conscientizacao-a-populacao-na-semana-do-meio-ambiente\/"},"author":{"name":"Roberto","@id":"https:\/\/regiaonews.net.br\/2022\/#\/schema\/person\/2d205a608a5aa97ac279d7a5e6d89ad8"},"headline":"Fazenda Municipal ter\u00e1 circuito de servi\u00e7os ofertando conscientiza\u00e7\u00e3o \u00e0 popula\u00e7\u00e3o na Semana do Meio Ambiente","datePublished":"2024-06-04T19:41:47+00:00","mainEntityOfPage":{"@id":"https:\/\/regiaonews.net.br\/2022\/2024\/06\/04\/fazenda-municipal-tera-circuito-de-servicos-ofertando-conscientizacao-a-populacao-na-semana-do-meio-ambiente\/"},"wordCount":347,"commentCount":0,"publisher":{"@id":"https:\/\/regiaonews.net.br\/2022\/#organization"},"image":{"@id":"https:\/\/regiaonews.net.br\/2022\/2024\/06\/04\/fazenda-municipal-tera-circuito-de-servicos-ofertando-conscientizacao-a-populacao-na-semana-do-meio-ambiente\/#primaryimage"},"thumbnailUrl":"https:\/\/regiaonews.net.br\/2022\/wp-content\/uploads\/2024\/06\/Imagem-do-WhatsApp-de-2024-06-04-as-11.27.23_8ab8b44f.jpg","articleSection":["Barretos","Geral"],"inLanguage":"pt-BR","potentialAction":[{"@type":"CommentAction","name":"Comment","target":["https:\/\/regiaonews.net.br\/2022\/2024\/06\/04\/fazenda-municipal-tera-circuito-de-servicos-ofertando-conscientizacao-a-populacao-na-semana-do-meio-ambiente\/#respond"]}]},{"@type":"WebPage","@id":"https:\/\/regiaonews.net.br\/2022\/2024\/06\/04\/fazenda-municipal-tera-circuito-de-servicos-ofertando-conscientizacao-a-populacao-na-semana-do-meio-ambiente\/","url":"https:\/\/regiaonews.net.br\/2022\/2024\/06\/04\/fazenda-municipal-tera-circuito-de-servicos-ofertando-conscientizacao-a-populacao-na-semana-do-meio-ambiente\/","name":"Fazenda Municipal ter\u00e1 circuito de servi\u00e7os ofertando conscientiza\u00e7\u00e3o \u00e0 popula\u00e7\u00e3o na Semana do Meio Ambiente - Regi\u00e3o News","isPartOf":{"@id":"https:\/\/regiaonews.net.br\/2022\/#website"},"primaryImageOfPage":{"@id":"https:\/\/regiaonews.net.br\/2022\/2024\/06\/04\/fazenda-municipal-tera-circuito-de-servicos-ofertando-conscientizacao-a-populacao-na-semana-do-meio-ambiente\/#primaryimage"},"image":{"@id":"https:\/\/regiaonews.net.br\/2022\/2024\/06\/04\/fazenda-municipal-tera-circuito-de-servicos-ofertando-conscientizacao-a-populacao-na-semana-do-meio-ambiente\/#primaryimage"},"thumbnailUrl":"https:\/\/regiaonews.net.br\/2022\/wp-content\/uploads\/2024\/06\/Imagem-do-WhatsApp-de-2024-06-04-as-11.27.23_8ab8b44f.jpg","datePublished":"2024-06-04T19:41:47+00:00","breadcrumb":{"@id":"https:\/\/regiaonews.net.br\/2022\/2024\/06\/04\/fazenda-municipal-tera-circuito-de-servicos-ofertando-conscientizacao-a-populacao-na-semana-do-meio-ambiente\/#breadcrumb"},"inLanguage":"pt-BR","potentialAction":[{"@type":"ReadAction","target":["https:\/\/regiaonews.net.br\/2022\/2024\/06\/04\/fazenda-municipal-tera-circuito-de-servicos-ofertando-conscientizacao-a-populacao-na-semana-do-meio-ambiente\/"]}]},{"@type":"ImageObject","inLanguage":"pt-BR","@id":"https:\/\/regiaonews.net.br\/2022\/2024\/06\/04\/fazenda-municipal-tera-circuito-de-servicos-ofertando-conscientizacao-a-populacao-na-semana-do-meio-ambiente\/#primaryimage","url":"https:\/\/regiaonews.net.br\/2022\/wp-content\/uploads\/2024\/06\/Imagem-do-WhatsApp-de-2024-06-04-as-11.27.23_8ab8b44f.jpg","contentUrl":"https:\/\/regiaonews.net.br\/2022\/wp-content\/uploads\/2024\/06\/Imagem-do-WhatsApp-de-2024-06-04-as-11.27.23_8ab8b44f.jpg","width":1084,"height":1084},{"@type":"BreadcrumbList","@id":"https:\/\/regiaonews.net.br\/2022\/2024\/06\/04\/fazenda-municipal-tera-circuito-de-servicos-ofertando-conscientizacao-a-populacao-na-semana-do-meio-ambiente\/#breadcrumb","itemListElement":[{"@type":"ListItem","position":1,"name":"In\u00edcio","item":"https:\/\/regiaonews.net.br\/2022\/"},{"@type":"ListItem","position":2,"name":"Fazenda Municipal ter\u00e1 circuito de servi\u00e7os ofertando conscientiza\u00e7\u00e3o \u00e0 popula\u00e7\u00e3o na Semana do Meio Ambiente"}]},{"@type":"WebSite","@id":"https:\/\/regiaonews.net.br\/2022\/#website","url":"https:\/\/regiaonews.net.br\/2022\/","name":"Regi\u00e3o News","description":"Site de Not\u00edcias de Barretos e regi\u00e3o","publisher":{"@id":"https:\/\/regiaonews.net.br\/2022\/#organization"},"potentialAction":[{"@type":"SearchAction","target":{"@type":"EntryPoint","urlTemplate":"https:\/\/regiaonews.net.br\/2022\/?s={search_term_string}"},"query-input":{"@type":"PropertyValueSpecification","valueRequired":true,"valueName":"search_term_string"}}],"inLanguage":"pt-BR"},{"@type":"Organization","@id":"https:\/\/regiaonews.net.br\/2022\/#organization","name":"Regi\u00e3o News","url":"https:\/\/regiaonews.net.br\/2022\/","logo":{"@type":"ImageObject","inLanguage":"pt-BR","@id":"https:\/\/regiaonews.net.br\/2022\/#\/schema\/logo\/image\/","url":"https:\/\/regiaonews.net.br\/2022\/wp-content\/uploads\/2026\/03\/regiao-13-anos-scaled.jpg","contentUrl":"https:\/\/regiaonews.net.br\/2022\/wp-content\/uploads\/2026\/03\/regiao-13-anos-scaled.jpg","width":2560,"height":635,"caption":"Regi\u00e3o News"},"image":{"@id":"https:\/\/regiaonews.net.br\/2022\/#\/schema\/logo\/image\/"}},{"@type":"Person","@id":"https:\/\/regiaonews.net.br\/2022\/#\/schema\/person\/2d205a608a5aa97ac279d7a5e6d89ad8","name":"Roberto","image":{"@type":"ImageObject","inLanguage":"pt-BR","@id":"https:\/\/secure.gravatar.com\/avatar\/42749d8b712ff9d59ca93dc150494e5b55a44134482993f5baeb97e61b7ecc89?s=96&d=mm&r=g","url":"https:\/\/secure.gravatar.com\/avatar\/42749d8b712ff9d59ca93dc150494e5b55a44134482993f5baeb97e61b7ecc89?s=96&d=mm&r=g","contentUrl":"https:\/\/secure.gravatar.com\/avatar\/42749d8b712ff9d59ca93dc150494e5b55a44134482993f5baeb97e61b7ecc89?s=96&d=mm&r=g","caption":"Roberto"},"url":"https:\/\/regiaonews.net.br\/2022\/author\/roberto\/"}]}},"publishpress_future_action":{"enabled":false,"date":"2026-05-03 05:52:13","action":"change-status","newStatus":"draft","terms":[],"taxonomy":"category","extraData":[]},"publishpress_future_workflow_manual_trigger":{"enabledWorkflows":[]},"_links":{"self":[{"href":"https:\/\/regiaonews.net.br\/2022\/wp-json\/wp\/v2\/posts\/105839","targetHints":{"allow":["GET"]}}],"collection":[{"href":"https:\/\/regiaonews.net.br\/2022\/wp-json\/wp\/v2\/posts"}],"about":[{"href":"https:\/\/regiaonews.net.br\/2022\/wp-json\/wp\/v2\/types\/post"}],"author":[{"embeddable":true,"href":"https:\/\/regiaonews.net.br\/2022\/wp-json\/wp\/v2\/users\/2"}],"replies":[{"embeddable":true,"href":"https:\/\/regiaonews.net.br\/2022\/wp-json\/wp\/v2\/comments?post=105839"}],"version-history":[{"count":1,"href":"https:\/\/regiaonews.net.br\/2022\/wp-json\/wp\/v2\/posts\/105839\/revisions"}],"predecessor-version":[{"id":105841,"href":"https:\/\/regiaonews.net.br\/2022\/wp-json\/wp\/v2\/posts\/105839\/revisions\/105841"}],"wp:featuredmedia":[{"embeddable":true,"href":"https:\/\/regiaonews.net.br\/2022\/wp-json\/wp\/v2\/media\/105840"}],"wp:attachment":[{"href":"https:\/\/regiaonews.net.br\/2022\/wp-json\/wp\/v2\/media?parent=105839"}],"wp:term":[{"taxonomy":"category","embeddable":true,"href":"https:\/\/regiaonews.net.br\/2022\/wp-json\/wp\/v2\/categories?post=105839"},{"taxonomy":"post_tag","embeddable":true,"href":"https:\/\/regiaonews.net.br\/2022\/wp-json\/wp\/v2\/tags?post=105839"}],"curies":[{"name":"wp","href":"https:\/\/api.w.org\/{rel}","templated":true}]}}