{"id":105817,"date":"2024-06-04T11:25:57","date_gmt":"2024-06-04T14:25:57","guid":{"rendered":"https:\/\/regiaonews.net.br\/2022\/?p=105817"},"modified":"2024-06-04T11:26:07","modified_gmt":"2024-06-04T14:26:07","slug":"colina-inicia-vacinacao-para-criancas-de-1-a-4-anos-contra-a-poliomielite","status":"publish","type":"post","link":"https:\/\/regiaonews.net.br\/2022\/2024\/06\/04\/colina-inicia-vacinacao-para-criancas-de-1-a-4-anos-contra-a-poliomielite\/","title":{"rendered":"Colina inicia vacina\u00e7\u00e3o para crian\u00e7as de 1 a 4 anos contra a Poliomielite"},"content":{"rendered":"<header class=\"post-header\">\n<p class=\"post-title\"><span style=\"font-size: 16px;\">Desde a \u00faltima segunda-feira, dia 27 de maio, at\u00e9 o dia 14 de junho, a Prefeitura Municipal de Colina, por meio da Secretaria Municipal de Sa\u00fade promove a Campanha de Vacina\u00e7\u00e3o contra a Poliomielite. Este movimento nacional visa vacinar todas as crian\u00e7as menores de 5 anos (4 anos, 11 meses e 29 dias), mesmo aquelas que j\u00e1 est\u00e3o com a vacina\u00e7\u00e3o em dia. \u00c9 necess\u00e1rio destacar que as crian\u00e7as menores de 1 ano devem atualizar a vacina da Poliomielite de acordo com o Calend\u00e1rio de Vacina\u00e7\u00e3o.<\/span><\/p>\n<\/header>\n<div class=\"post-content\">\n<article class=\"post-text\">A raz\u00e3o para a vacina\u00e7\u00e3o indiscriminada de todas as crian\u00e7as nesta faixa et\u00e1ria \u00e9 o risco de retorno da doen\u00e7a no Brasil, devido aos baixos \u00edndices de imuniza\u00e7\u00e3o nos \u00faltimos anos em todo o territ\u00f3rio nacional.De acordo com a Secretaria Municipal de Sa\u00fade, a vacina est\u00e1\u00a0dispon\u00edvel nas Estrat\u00e9gias de Sa\u00fade da Fam\u00edlia \u2013 ESF\u2019s dos bairros: Vila Fabri e Nosso Teto, com atendimento de segunda \u00e0 sexta-feira, das 07h \u00e0s 16h. Levar Carteira de Vacina\u00e7\u00e3o e CPF da crian\u00e7a.<\/p>\n<p>Mesmo aquelas crian\u00e7as que est\u00e3o com a Caderneta de Vacina\u00e7\u00e3o em dia, ou seja, todas as doses estabelecidas para a sua faixa et\u00e1ria, deve receber essa dose em forma de gotinha, garantindo assim um refor\u00e7o na imuniza\u00e7\u00e3o.<\/p>\n<\/article>\n<\/div>\n","protected":false},"excerpt":{"rendered":"<p>Desde a \u00faltima segunda-feira, dia 27 de maio, at\u00e9 o<\/p>\n","protected":false},"author":2,"featured_media":105818,"comment_status":"open","ping_status":"open","sticky":false,"template":"","format":"standard","meta":{"footnotes":""},"categories":[25,5],"tags":[],"class_list":["post-105817","post","type-post","status-publish","format-standard","has-post-thumbnail","hentry","category-cidades","category-colina"],"yoast_head":"<!-- This site is optimized with the Yoast SEO plugin v27.4 - https:\/\/yoast.com\/product\/yoast-seo-wordpress\/ -->\n<title>Colina inicia vacina\u00e7\u00e3o para crian\u00e7as de 1 a 4 anos contra a Poliomielite - Regi\u00e3o News<\/title>\n<meta name=\"robots\" content=\"index, follow, max-snippet:-1, max-image-preview:large, max-video-preview:-1\" \/>\n<link rel=\"canonical\" href=\"https:\/\/regiaonews.net.br\/2022\/2024\/06\/04\/colina-inicia-vacinacao-para-criancas-de-1-a-4-anos-contra-a-poliomielite\/\" \/>\n<meta property=\"og:locale\" content=\"pt_BR\" \/>\n<meta property=\"og:type\" content=\"article\" \/>\n<meta property=\"og:title\" content=\"Colina inicia vacina\u00e7\u00e3o para crian\u00e7as de 1 a 4 anos contra a Poliomielite - Regi\u00e3o News\" \/>\n<meta property=\"og:description\" content=\"Desde a \u00faltima segunda-feira, dia 27 de maio, at\u00e9 o\" \/>\n<meta property=\"og:url\" content=\"https:\/\/regiaonews.net.br\/2022\/2024\/06\/04\/colina-inicia-vacinacao-para-criancas-de-1-a-4-anos-contra-a-poliomielite\/\" \/>\n<meta property=\"og:site_name\" content=\"Regi\u00e3o News\" \/>\n<meta property=\"article:published_time\" content=\"2024-06-04T14:25:57+00:00\" \/>\n<meta property=\"article:modified_time\" content=\"2024-06-04T14:26:07+00:00\" \/>\n<meta property=\"og:image\" content=\"https:\/\/regiaonews.net.br\/2022\/wp-content\/uploads\/2024\/06\/gotinha.jpg\" \/>\n\t<meta property=\"og:image:width\" content=\"264\" \/>\n\t<meta property=\"og:image:height\" content=\"191\" \/>\n\t<meta property=\"og:image:type\" content=\"image\/jpeg\" \/>\n<meta name=\"author\" content=\"Roberto\" \/>\n<meta name=\"twitter:card\" content=\"summary_large_image\" \/>\n<meta name=\"twitter:label1\" content=\"Escrito por\" \/>\n\t<meta name=\"twitter:data1\" content=\"Roberto\" \/>\n\t<meta name=\"twitter:label2\" content=\"Est. tempo de leitura\" \/>\n\t<meta name=\"twitter:data2\" content=\"2 minutos\" \/>\n<script type=\"application\/ld+json\" class=\"yoast-schema-graph\">{\"@context\":\"https:\\\/\\\/schema.org\",\"@graph\":[{\"@type\":\"Article\",\"@id\":\"https:\\\/\\\/regiaonews.net.br\\\/2022\\\/2024\\\/06\\\/04\\\/colina-inicia-vacinacao-para-criancas-de-1-a-4-anos-contra-a-poliomielite\\\/#article\",\"isPartOf\":{\"@id\":\"https:\\\/\\\/regiaonews.net.br\\\/2022\\\/2024\\\/06\\\/04\\\/colina-inicia-vacinacao-para-criancas-de-1-a-4-anos-contra-a-poliomielite\\\/\"},\"author\":{\"name\":\"Roberto\",\"@id\":\"https:\\\/\\\/regiaonews.net.br\\\/2022\\\/#\\\/schema\\\/person\\\/2d205a608a5aa97ac279d7a5e6d89ad8\"},\"headline\":\"Colina inicia vacina\u00e7\u00e3o para crian\u00e7as de 1 a 4 anos contra a Poliomielite\",\"datePublished\":\"2024-06-04T14:25:57+00:00\",\"dateModified\":\"2024-06-04T14:26:07+00:00\",\"mainEntityOfPage\":{\"@id\":\"https:\\\/\\\/regiaonews.net.br\\\/2022\\\/2024\\\/06\\\/04\\\/colina-inicia-vacinacao-para-criancas-de-1-a-4-anos-contra-a-poliomielite\\\/\"},\"wordCount\":236,\"commentCount\":0,\"publisher\":{\"@id\":\"https:\\\/\\\/regiaonews.net.br\\\/2022\\\/#organization\"},\"image\":{\"@id\":\"https:\\\/\\\/regiaonews.net.br\\\/2022\\\/2024\\\/06\\\/04\\\/colina-inicia-vacinacao-para-criancas-de-1-a-4-anos-contra-a-poliomielite\\\/#primaryimage\"},\"thumbnailUrl\":\"https:\\\/\\\/regiaonews.net.br\\\/2022\\\/wp-content\\\/uploads\\\/2024\\\/06\\\/gotinha.jpg\",\"articleSection\":[\"Cidades\",\"Colina\"],\"inLanguage\":\"pt-BR\",\"potentialAction\":[{\"@type\":\"CommentAction\",\"name\":\"Comment\",\"target\":[\"https:\\\/\\\/regiaonews.net.br\\\/2022\\\/2024\\\/06\\\/04\\\/colina-inicia-vacinacao-para-criancas-de-1-a-4-anos-contra-a-poliomielite\\\/#respond\"]}]},{\"@type\":\"WebPage\",\"@id\":\"https:\\\/\\\/regiaonews.net.br\\\/2022\\\/2024\\\/06\\\/04\\\/colina-inicia-vacinacao-para-criancas-de-1-a-4-anos-contra-a-poliomielite\\\/\",\"url\":\"https:\\\/\\\/regiaonews.net.br\\\/2022\\\/2024\\\/06\\\/04\\\/colina-inicia-vacinacao-para-criancas-de-1-a-4-anos-contra-a-poliomielite\\\/\",\"name\":\"Colina inicia vacina\u00e7\u00e3o para crian\u00e7as de 1 a 4 anos contra a Poliomielite - Regi\u00e3o News\",\"isPartOf\":{\"@id\":\"https:\\\/\\\/regiaonews.net.br\\\/2022\\\/#website\"},\"primaryImageOfPage\":{\"@id\":\"https:\\\/\\\/regiaonews.net.br\\\/2022\\\/2024\\\/06\\\/04\\\/colina-inicia-vacinacao-para-criancas-de-1-a-4-anos-contra-a-poliomielite\\\/#primaryimage\"},\"image\":{\"@id\":\"https:\\\/\\\/regiaonews.net.br\\\/2022\\\/2024\\\/06\\\/04\\\/colina-inicia-vacinacao-para-criancas-de-1-a-4-anos-contra-a-poliomielite\\\/#primaryimage\"},\"thumbnailUrl\":\"https:\\\/\\\/regiaonews.net.br\\\/2022\\\/wp-content\\\/uploads\\\/2024\\\/06\\\/gotinha.jpg\",\"datePublished\":\"2024-06-04T14:25:57+00:00\",\"dateModified\":\"2024-06-04T14:26:07+00:00\",\"breadcrumb\":{\"@id\":\"https:\\\/\\\/regiaonews.net.br\\\/2022\\\/2024\\\/06\\\/04\\\/colina-inicia-vacinacao-para-criancas-de-1-a-4-anos-contra-a-poliomielite\\\/#breadcrumb\"},\"inLanguage\":\"pt-BR\",\"potentialAction\":[{\"@type\":\"ReadAction\",\"target\":[\"https:\\\/\\\/regiaonews.net.br\\\/2022\\\/2024\\\/06\\\/04\\\/colina-inicia-vacinacao-para-criancas-de-1-a-4-anos-contra-a-poliomielite\\\/\"]}]},{\"@type\":\"ImageObject\",\"inLanguage\":\"pt-BR\",\"@id\":\"https:\\\/\\\/regiaonews.net.br\\\/2022\\\/2024\\\/06\\\/04\\\/colina-inicia-vacinacao-para-criancas-de-1-a-4-anos-contra-a-poliomielite\\\/#primaryimage\",\"url\":\"https:\\\/\\\/regiaonews.net.br\\\/2022\\\/wp-content\\\/uploads\\\/2024\\\/06\\\/gotinha.jpg\",\"contentUrl\":\"https:\\\/\\\/regiaonews.net.br\\\/2022\\\/wp-content\\\/uploads\\\/2024\\\/06\\\/gotinha.jpg\",\"width\":264,\"height\":191},{\"@type\":\"BreadcrumbList\",\"@id\":\"https:\\\/\\\/regiaonews.net.br\\\/2022\\\/2024\\\/06\\\/04\\\/colina-inicia-vacinacao-para-criancas-de-1-a-4-anos-contra-a-poliomielite\\\/#breadcrumb\",\"itemListElement\":[{\"@type\":\"ListItem\",\"position\":1,\"name\":\"In\u00edcio\",\"item\":\"https:\\\/\\\/regiaonews.net.br\\\/2022\\\/\"},{\"@type\":\"ListItem\",\"position\":2,\"name\":\"Colina inicia vacina\u00e7\u00e3o para crian\u00e7as de 1 a 4 anos contra a Poliomielite\"}]},{\"@type\":\"WebSite\",\"@id\":\"https:\\\/\\\/regiaonews.net.br\\\/2022\\\/#website\",\"url\":\"https:\\\/\\\/regiaonews.net.br\\\/2022\\\/\",\"name\":\"Regi\u00e3o News\",\"description\":\"Site de Not\u00edcias de Barretos e regi\u00e3o\",\"publisher\":{\"@id\":\"https:\\\/\\\/regiaonews.net.br\\\/2022\\\/#organization\"},\"potentialAction\":[{\"@type\":\"SearchAction\",\"target\":{\"@type\":\"EntryPoint\",\"urlTemplate\":\"https:\\\/\\\/regiaonews.net.br\\\/2022\\\/?s={search_term_string}\"},\"query-input\":{\"@type\":\"PropertyValueSpecification\",\"valueRequired\":true,\"valueName\":\"search_term_string\"}}],\"inLanguage\":\"pt-BR\"},{\"@type\":\"Organization\",\"@id\":\"https:\\\/\\\/regiaonews.net.br\\\/2022\\\/#organization\",\"name\":\"Regi\u00e3o News\",\"url\":\"https:\\\/\\\/regiaonews.net.br\\\/2022\\\/\",\"logo\":{\"@type\":\"ImageObject\",\"inLanguage\":\"pt-BR\",\"@id\":\"https:\\\/\\\/regiaonews.net.br\\\/2022\\\/#\\\/schema\\\/logo\\\/image\\\/\",\"url\":\"https:\\\/\\\/regiaonews.net.br\\\/2022\\\/wp-content\\\/uploads\\\/2026\\\/03\\\/regiao-13-anos-scaled.jpg\",\"contentUrl\":\"https:\\\/\\\/regiaonews.net.br\\\/2022\\\/wp-content\\\/uploads\\\/2026\\\/03\\\/regiao-13-anos-scaled.jpg\",\"width\":2560,\"height\":635,\"caption\":\"Regi\u00e3o News\"},\"image\":{\"@id\":\"https:\\\/\\\/regiaonews.net.br\\\/2022\\\/#\\\/schema\\\/logo\\\/image\\\/\"}},{\"@type\":\"Person\",\"@id\":\"https:\\\/\\\/regiaonews.net.br\\\/2022\\\/#\\\/schema\\\/person\\\/2d205a608a5aa97ac279d7a5e6d89ad8\",\"name\":\"Roberto\",\"image\":{\"@type\":\"ImageObject\",\"inLanguage\":\"pt-BR\",\"@id\":\"https:\\\/\\\/secure.gravatar.com\\\/avatar\\\/42749d8b712ff9d59ca93dc150494e5b55a44134482993f5baeb97e61b7ecc89?s=96&d=mm&r=g\",\"url\":\"https:\\\/\\\/secure.gravatar.com\\\/avatar\\\/42749d8b712ff9d59ca93dc150494e5b55a44134482993f5baeb97e61b7ecc89?s=96&d=mm&r=g\",\"contentUrl\":\"https:\\\/\\\/secure.gravatar.com\\\/avatar\\\/42749d8b712ff9d59ca93dc150494e5b55a44134482993f5baeb97e61b7ecc89?s=96&d=mm&r=g\",\"caption\":\"Roberto\"},\"url\":\"https:\\\/\\\/regiaonews.net.br\\\/2022\\\/author\\\/roberto\\\/\"}]}<\/script>\n<!-- \/ Yoast SEO plugin. -->","yoast_head_json":{"title":"Colina inicia vacina\u00e7\u00e3o para crian\u00e7as de 1 a 4 anos contra a Poliomielite - Regi\u00e3o News","robots":{"index":"index","follow":"follow","max-snippet":"max-snippet:-1","max-image-preview":"max-image-preview:large","max-video-preview":"max-video-preview:-1"},"canonical":"https:\/\/regiaonews.net.br\/2022\/2024\/06\/04\/colina-inicia-vacinacao-para-criancas-de-1-a-4-anos-contra-a-poliomielite\/","og_locale":"pt_BR","og_type":"article","og_title":"Colina inicia vacina\u00e7\u00e3o para crian\u00e7as de 1 a 4 anos contra a Poliomielite - Regi\u00e3o News","og_description":"Desde a \u00faltima segunda-feira, dia 27 de maio, at\u00e9 o","og_url":"https:\/\/regiaonews.net.br\/2022\/2024\/06\/04\/colina-inicia-vacinacao-para-criancas-de-1-a-4-anos-contra-a-poliomielite\/","og_site_name":"Regi\u00e3o News","article_published_time":"2024-06-04T14:25:57+00:00","article_modified_time":"2024-06-04T14:26:07+00:00","og_image":[{"width":264,"height":191,"url":"https:\/\/regiaonews.net.br\/2022\/wp-content\/uploads\/2024\/06\/gotinha.jpg","type":"image\/jpeg"}],"author":"Roberto","twitter_card":"summary_large_image","twitter_misc":{"Escrito por":"Roberto","Est. tempo de leitura":"2 minutos"},"schema":{"@context":"https:\/\/schema.org","@graph":[{"@type":"Article","@id":"https:\/\/regiaonews.net.br\/2022\/2024\/06\/04\/colina-inicia-vacinacao-para-criancas-de-1-a-4-anos-contra-a-poliomielite\/#article","isPartOf":{"@id":"https:\/\/regiaonews.net.br\/2022\/2024\/06\/04\/colina-inicia-vacinacao-para-criancas-de-1-a-4-anos-contra-a-poliomielite\/"},"author":{"name":"Roberto","@id":"https:\/\/regiaonews.net.br\/2022\/#\/schema\/person\/2d205a608a5aa97ac279d7a5e6d89ad8"},"headline":"Colina inicia vacina\u00e7\u00e3o para crian\u00e7as de 1 a 4 anos contra a Poliomielite","datePublished":"2024-06-04T14:25:57+00:00","dateModified":"2024-06-04T14:26:07+00:00","mainEntityOfPage":{"@id":"https:\/\/regiaonews.net.br\/2022\/2024\/06\/04\/colina-inicia-vacinacao-para-criancas-de-1-a-4-anos-contra-a-poliomielite\/"},"wordCount":236,"commentCount":0,"publisher":{"@id":"https:\/\/regiaonews.net.br\/2022\/#organization"},"image":{"@id":"https:\/\/regiaonews.net.br\/2022\/2024\/06\/04\/colina-inicia-vacinacao-para-criancas-de-1-a-4-anos-contra-a-poliomielite\/#primaryimage"},"thumbnailUrl":"https:\/\/regiaonews.net.br\/2022\/wp-content\/uploads\/2024\/06\/gotinha.jpg","articleSection":["Cidades","Colina"],"inLanguage":"pt-BR","potentialAction":[{"@type":"CommentAction","name":"Comment","target":["https:\/\/regiaonews.net.br\/2022\/2024\/06\/04\/colina-inicia-vacinacao-para-criancas-de-1-a-4-anos-contra-a-poliomielite\/#respond"]}]},{"@type":"WebPage","@id":"https:\/\/regiaonews.net.br\/2022\/2024\/06\/04\/colina-inicia-vacinacao-para-criancas-de-1-a-4-anos-contra-a-poliomielite\/","url":"https:\/\/regiaonews.net.br\/2022\/2024\/06\/04\/colina-inicia-vacinacao-para-criancas-de-1-a-4-anos-contra-a-poliomielite\/","name":"Colina inicia vacina\u00e7\u00e3o para crian\u00e7as de 1 a 4 anos contra a Poliomielite - Regi\u00e3o News","isPartOf":{"@id":"https:\/\/regiaonews.net.br\/2022\/#website"},"primaryImageOfPage":{"@id":"https:\/\/regiaonews.net.br\/2022\/2024\/06\/04\/colina-inicia-vacinacao-para-criancas-de-1-a-4-anos-contra-a-poliomielite\/#primaryimage"},"image":{"@id":"https:\/\/regiaonews.net.br\/2022\/2024\/06\/04\/colina-inicia-vacinacao-para-criancas-de-1-a-4-anos-contra-a-poliomielite\/#primaryimage"},"thumbnailUrl":"https:\/\/regiaonews.net.br\/2022\/wp-content\/uploads\/2024\/06\/gotinha.jpg","datePublished":"2024-06-04T14:25:57+00:00","dateModified":"2024-06-04T14:26:07+00:00","breadcrumb":{"@id":"https:\/\/regiaonews.net.br\/2022\/2024\/06\/04\/colina-inicia-vacinacao-para-criancas-de-1-a-4-anos-contra-a-poliomielite\/#breadcrumb"},"inLanguage":"pt-BR","potentialAction":[{"@type":"ReadAction","target":["https:\/\/regiaonews.net.br\/2022\/2024\/06\/04\/colina-inicia-vacinacao-para-criancas-de-1-a-4-anos-contra-a-poliomielite\/"]}]},{"@type":"ImageObject","inLanguage":"pt-BR","@id":"https:\/\/regiaonews.net.br\/2022\/2024\/06\/04\/colina-inicia-vacinacao-para-criancas-de-1-a-4-anos-contra-a-poliomielite\/#primaryimage","url":"https:\/\/regiaonews.net.br\/2022\/wp-content\/uploads\/2024\/06\/gotinha.jpg","contentUrl":"https:\/\/regiaonews.net.br\/2022\/wp-content\/uploads\/2024\/06\/gotinha.jpg","width":264,"height":191},{"@type":"BreadcrumbList","@id":"https:\/\/regiaonews.net.br\/2022\/2024\/06\/04\/colina-inicia-vacinacao-para-criancas-de-1-a-4-anos-contra-a-poliomielite\/#breadcrumb","itemListElement":[{"@type":"ListItem","position":1,"name":"In\u00edcio","item":"https:\/\/regiaonews.net.br\/2022\/"},{"@type":"ListItem","position":2,"name":"Colina inicia vacina\u00e7\u00e3o para crian\u00e7as de 1 a 4 anos contra a Poliomielite"}]},{"@type":"WebSite","@id":"https:\/\/regiaonews.net.br\/2022\/#website","url":"https:\/\/regiaonews.net.br\/2022\/","name":"Regi\u00e3o News","description":"Site de Not\u00edcias de Barretos e regi\u00e3o","publisher":{"@id":"https:\/\/regiaonews.net.br\/2022\/#organization"},"potentialAction":[{"@type":"SearchAction","target":{"@type":"EntryPoint","urlTemplate":"https:\/\/regiaonews.net.br\/2022\/?s={search_term_string}"},"query-input":{"@type":"PropertyValueSpecification","valueRequired":true,"valueName":"search_term_string"}}],"inLanguage":"pt-BR"},{"@type":"Organization","@id":"https:\/\/regiaonews.net.br\/2022\/#organization","name":"Regi\u00e3o News","url":"https:\/\/regiaonews.net.br\/2022\/","logo":{"@type":"ImageObject","inLanguage":"pt-BR","@id":"https:\/\/regiaonews.net.br\/2022\/#\/schema\/logo\/image\/","url":"https:\/\/regiaonews.net.br\/2022\/wp-content\/uploads\/2026\/03\/regiao-13-anos-scaled.jpg","contentUrl":"https:\/\/regiaonews.net.br\/2022\/wp-content\/uploads\/2026\/03\/regiao-13-anos-scaled.jpg","width":2560,"height":635,"caption":"Regi\u00e3o News"},"image":{"@id":"https:\/\/regiaonews.net.br\/2022\/#\/schema\/logo\/image\/"}},{"@type":"Person","@id":"https:\/\/regiaonews.net.br\/2022\/#\/schema\/person\/2d205a608a5aa97ac279d7a5e6d89ad8","name":"Roberto","image":{"@type":"ImageObject","inLanguage":"pt-BR","@id":"https:\/\/secure.gravatar.com\/avatar\/42749d8b712ff9d59ca93dc150494e5b55a44134482993f5baeb97e61b7ecc89?s=96&d=mm&r=g","url":"https:\/\/secure.gravatar.com\/avatar\/42749d8b712ff9d59ca93dc150494e5b55a44134482993f5baeb97e61b7ecc89?s=96&d=mm&r=g","contentUrl":"https:\/\/secure.gravatar.com\/avatar\/42749d8b712ff9d59ca93dc150494e5b55a44134482993f5baeb97e61b7ecc89?s=96&d=mm&r=g","caption":"Roberto"},"url":"https:\/\/regiaonews.net.br\/2022\/author\/roberto\/"}]}},"publishpress_future_action":{"enabled":false,"date":"2026-05-03 04:01:13","action":"change-status","newStatus":"draft","terms":[],"taxonomy":"category","extraData":[]},"publishpress_future_workflow_manual_trigger":{"enabledWorkflows":[]},"_links":{"self":[{"href":"https:\/\/regiaonews.net.br\/2022\/wp-json\/wp\/v2\/posts\/105817","targetHints":{"allow":["GET"]}}],"collection":[{"href":"https:\/\/regiaonews.net.br\/2022\/wp-json\/wp\/v2\/posts"}],"about":[{"href":"https:\/\/regiaonews.net.br\/2022\/wp-json\/wp\/v2\/types\/post"}],"author":[{"embeddable":true,"href":"https:\/\/regiaonews.net.br\/2022\/wp-json\/wp\/v2\/users\/2"}],"replies":[{"embeddable":true,"href":"https:\/\/regiaonews.net.br\/2022\/wp-json\/wp\/v2\/comments?post=105817"}],"version-history":[{"count":2,"href":"https:\/\/regiaonews.net.br\/2022\/wp-json\/wp\/v2\/posts\/105817\/revisions"}],"predecessor-version":[{"id":105820,"href":"https:\/\/regiaonews.net.br\/2022\/wp-json\/wp\/v2\/posts\/105817\/revisions\/105820"}],"wp:featuredmedia":[{"embeddable":true,"href":"https:\/\/regiaonews.net.br\/2022\/wp-json\/wp\/v2\/media\/105818"}],"wp:attachment":[{"href":"https:\/\/regiaonews.net.br\/2022\/wp-json\/wp\/v2\/media?parent=105817"}],"wp:term":[{"taxonomy":"category","embeddable":true,"href":"https:\/\/regiaonews.net.br\/2022\/wp-json\/wp\/v2\/categories?post=105817"},{"taxonomy":"post_tag","embeddable":true,"href":"https:\/\/regiaonews.net.br\/2022\/wp-json\/wp\/v2\/tags?post=105817"}],"curies":[{"name":"wp","href":"https:\/\/api.w.org\/{rel}","templated":true}]}}