{"id":105808,"date":"2024-06-03T18:57:51","date_gmt":"2024-06-03T21:57:51","guid":{"rendered":"https:\/\/regiaonews.net.br\/2022\/?p=105808"},"modified":"2024-06-03T18:57:51","modified_gmt":"2024-06-03T21:57:51","slug":"servico-de-acolhimento-regionalizado-institucional-para-mulheres-vitimas-de-violencia-e-lancado-em-barretos","status":"publish","type":"post","link":"https:\/\/regiaonews.net.br\/2022\/2024\/06\/03\/servico-de-acolhimento-regionalizado-institucional-para-mulheres-vitimas-de-violencia-e-lancado-em-barretos\/","title":{"rendered":"Servi\u00e7o de Acolhimento Regionalizado Institucional para Mulheres V\u00edtimas de Viol\u00eancia \u00e9 lan\u00e7ado em Barretos"},"content":{"rendered":"<p>Unidade tamb\u00e9m atender\u00e1 mulheres das cidades de Colina, Monte Azul Paulista, Gua\u00edra e Ol\u00edmpia<\/p>\n<p>A partir desta segunda-feira, 3 de junho, as cidades de Barretos, Colina, Monte Azul Paulista, Gua\u00edra e Ol\u00edmpia passam a contar com o Servi\u00e7o de Acolhimento Regionalizado Institucional para Mulheres V\u00edtimas de Viol\u00eancia. O abrigo, sediado em Barretos em localiza\u00e7\u00e3o sigilosa, tem capacidade para atender at\u00e9 20 pessoas, incluindo mulheres e seus filhos, por at\u00e9 seis meses.<br \/>\n\u201c\u00c9 um marco para a gente quebrar esse processo de viol\u00eancia na nossa cidade e na nossa regi\u00e3o. Muitas vezes essa mulher v\u00edtima de viol\u00eancia n\u00e3o sai dessa situa\u00e7\u00e3o porque n\u00e3o quer deixar seu filho para tr\u00e1s. E agora, com a ajuda do governador Tarc\u00edsio, teremos este espa\u00e7o. Tamb\u00e9m quero agradecer aos prefeitos de Colina, Monte Azul Paulista, Gua\u00edra e Ol\u00edmpia pela parceria. \u00c9 um comprometimento coletivo com a mulher que precisa sair dessa situa\u00e7\u00e3o de vulnerabilidade extrema que \u00e9 a agress\u00e3o dentro do pr\u00f3prio lar\u201d, disse a prefeita Paula Lemos.<br \/>\nNa Casa de Acolhimento, al\u00e9m de moradia, alimenta\u00e7\u00e3o e tratamento de sa\u00fade, as mulheres receber\u00e3o orienta\u00e7\u00e3o para conquista de trabalho e renda, afim de que n\u00e3o precisem retornar ao conv\u00edvio com o agressor, atendimento jur\u00eddico e psicossocial e acesso a benef\u00edcios sociais.<br \/>\nA secret\u00e1ria municipal de Assist\u00eancia Social e Desenvolvimento Humano, Vit\u00f3ria Saretta contou que o grande diferencial dessa casa \u00e9 acolhimento da mulher v\u00edtima de viol\u00eancia juntamente com os filhos. \u201cO Estado entendeu que \u00e9 muito importante que as mulheres fiquem com seus filhos\u201d, disse.<br \/>\nA Casa de Acolhimento ser\u00e1 mantida por meio de recursos provenientes do Governo do Estado, mais contrapartida dos cinco munic\u00edpios conveniados.<br \/>\nRepresentando a Secret\u00e1ria de Desenvolvimento Social do Estado de S\u00e3o Paulo, Andrezza Rosal\u00e9m, a Diretora Regional de Assist\u00eancia e Desenvolvimento Social (DRADS), M\u00e1rcia Muzeti destacou que este \u00e9 um momento hist\u00f3rico. \u201c\u00c9 o primeiro servi\u00e7o regionalizado que a gente est\u00e1 executando aqui dentro da nossa regi\u00e3o\u201d, disse.<br \/>\n\u201cEstou como delegada \u00e0 frente da DDM desde 2019 e in\u00fameros foram os casos em que n\u00f3s tivemos que encaminhar mulheres em situa\u00e7\u00f5es que n\u00e3o eram as ideais para o abrigo, para a casa de passagem, separando muitas vezes m\u00e3e e filhos. E hoje n\u00f3s temos um dia muito feliz, em que pese os motivos dessa conquista serem duros ainda, que \u00e9 a conquista de uma casa de acolhimento para estas mulheres e crian\u00e7as. Poucas cidades disp\u00f5em deste servi\u00e7o. Parab\u00e9ns a todos os envolvidos\u201d, disse a Delegada de Defesa da Mulher, Dra. Denise Paro.<br \/>\nA solenidade ocorreu no Audit\u00f3rio da Prefeitura de Barretos e contou com a participa\u00e7\u00e3o do Secret\u00e1rio Municipal de Assist\u00eancia Social de Ol\u00edmpia, Lucas Nascimento; da Secret\u00e1ria Municipal de Assist\u00eancia Social de Gua\u00edra, Silmara Reis; do Presidente do Instituto O Amor, Anderson de Souza Alves; da Escriv\u00e3 de Pol\u00edcia da DDM, Taciana Mara Nunes; e dos vereadores Nestor Leonel, Luis Paulo Vieira \u201cLupa\u201d e Carl\u00e3o do Basquete.<\/p>\n<p>Denuncie<br \/>\nA mulher v\u00edtima de agress\u00e3o ou amea\u00e7a n\u00e3o est\u00e1 sozinha. Em Barretos, a rede de apoio conta com a Delegacia de Defesa da Mulher (DDM), o Centro de Refer\u00eancia Especializado de Assist\u00eancia Social (CREAS), os Centros de Refer\u00eancia em Assist\u00eancia Social (CRAS) e o Centro de Refer\u00eancia e Atendimento \u00e0 Mulher (CRAM).<br \/>\nH\u00e1 tamb\u00e9m a op\u00e7\u00e3o do Disque 100, canal de den\u00fancias do Governo Federal que funciona 24 horas por dia. As liga\u00e7\u00f5es s\u00e3o gratuitas e as denunciantes n\u00e3o precisam se identificar.<\/p>\n<p>CREAS : (17) 3612-2670 &#8211; Av. 19, n\u00ba1074<br \/>\nDDM : (17) 3612-2845 (telefone e WhatsApp) &#8211; Rua 18, n. 137, entre as Avenidas 29 e 31, no Centro.<br \/>\nCRAM : (17) 3612-2604 &#8211; Rua Trinta, 564 \u2013 Sala 40 (antiga Prefeitura)<\/p>\n","protected":false},"excerpt":{"rendered":"<p>Unidade tamb\u00e9m atender\u00e1 mulheres das cidades de Colina, Monte Azul<\/p>\n","protected":false},"author":2,"featured_media":105809,"comment_status":"open","ping_status":"open","sticky":false,"template":"","format":"standard","meta":{"footnotes":""},"categories":[14,25],"tags":[],"class_list":["post-105808","post","type-post","status-publish","format-standard","has-post-thumbnail","hentry","category-barretos","category-cidades"],"yoast_head":"<!-- This site is optimized with the Yoast SEO plugin v27.4 - https:\/\/yoast.com\/product\/yoast-seo-wordpress\/ -->\n<title>Servi\u00e7o de Acolhimento Regionalizado Institucional para Mulheres V\u00edtimas de Viol\u00eancia \u00e9 lan\u00e7ado em Barretos - Regi\u00e3o News<\/title>\n<meta name=\"robots\" content=\"index, follow, max-snippet:-1, max-image-preview:large, max-video-preview:-1\" \/>\n<link rel=\"canonical\" href=\"https:\/\/regiaonews.net.br\/2022\/2024\/06\/03\/servico-de-acolhimento-regionalizado-institucional-para-mulheres-vitimas-de-violencia-e-lancado-em-barretos\/\" \/>\n<meta property=\"og:locale\" content=\"pt_BR\" \/>\n<meta property=\"og:type\" content=\"article\" \/>\n<meta property=\"og:title\" content=\"Servi\u00e7o de Acolhimento Regionalizado Institucional para Mulheres V\u00edtimas de Viol\u00eancia \u00e9 lan\u00e7ado em Barretos - Regi\u00e3o News\" \/>\n<meta property=\"og:description\" content=\"Unidade tamb\u00e9m atender\u00e1 mulheres das cidades de Colina, Monte Azul\" \/>\n<meta property=\"og:url\" content=\"https:\/\/regiaonews.net.br\/2022\/2024\/06\/03\/servico-de-acolhimento-regionalizado-institucional-para-mulheres-vitimas-de-violencia-e-lancado-em-barretos\/\" \/>\n<meta property=\"og:site_name\" content=\"Regi\u00e3o News\" \/>\n<meta property=\"article:published_time\" content=\"2024-06-03T21:57:51+00:00\" \/>\n<meta property=\"og:image\" content=\"https:\/\/regiaonews.net.br\/2022\/wp-content\/uploads\/2024\/06\/WhatsApp-Image-2024-06-03-at-17.14.51.jpeg\" \/>\n\t<meta property=\"og:image:width\" content=\"1600\" \/>\n\t<meta property=\"og:image:height\" content=\"1063\" \/>\n\t<meta property=\"og:image:type\" content=\"image\/jpeg\" \/>\n<meta name=\"author\" content=\"Roberto\" \/>\n<meta name=\"twitter:card\" content=\"summary_large_image\" \/>\n<meta name=\"twitter:label1\" content=\"Escrito por\" \/>\n\t<meta name=\"twitter:data1\" content=\"Roberto\" \/>\n\t<meta name=\"twitter:label2\" content=\"Est. tempo de leitura\" \/>\n\t<meta name=\"twitter:data2\" content=\"4 minutos\" \/>\n<script type=\"application\/ld+json\" class=\"yoast-schema-graph\">{\"@context\":\"https:\\\/\\\/schema.org\",\"@graph\":[{\"@type\":\"Article\",\"@id\":\"https:\\\/\\\/regiaonews.net.br\\\/2022\\\/2024\\\/06\\\/03\\\/servico-de-acolhimento-regionalizado-institucional-para-mulheres-vitimas-de-violencia-e-lancado-em-barretos\\\/#article\",\"isPartOf\":{\"@id\":\"https:\\\/\\\/regiaonews.net.br\\\/2022\\\/2024\\\/06\\\/03\\\/servico-de-acolhimento-regionalizado-institucional-para-mulheres-vitimas-de-violencia-e-lancado-em-barretos\\\/\"},\"author\":{\"name\":\"Roberto\",\"@id\":\"https:\\\/\\\/regiaonews.net.br\\\/2022\\\/#\\\/schema\\\/person\\\/2d205a608a5aa97ac279d7a5e6d89ad8\"},\"headline\":\"Servi\u00e7o de Acolhimento Regionalizado Institucional para Mulheres V\u00edtimas de Viol\u00eancia \u00e9 lan\u00e7ado em Barretos\",\"datePublished\":\"2024-06-03T21:57:51+00:00\",\"mainEntityOfPage\":{\"@id\":\"https:\\\/\\\/regiaonews.net.br\\\/2022\\\/2024\\\/06\\\/03\\\/servico-de-acolhimento-regionalizado-institucional-para-mulheres-vitimas-de-violencia-e-lancado-em-barretos\\\/\"},\"wordCount\":671,\"commentCount\":0,\"publisher\":{\"@id\":\"https:\\\/\\\/regiaonews.net.br\\\/2022\\\/#organization\"},\"image\":{\"@id\":\"https:\\\/\\\/regiaonews.net.br\\\/2022\\\/2024\\\/06\\\/03\\\/servico-de-acolhimento-regionalizado-institucional-para-mulheres-vitimas-de-violencia-e-lancado-em-barretos\\\/#primaryimage\"},\"thumbnailUrl\":\"https:\\\/\\\/regiaonews.net.br\\\/2022\\\/wp-content\\\/uploads\\\/2024\\\/06\\\/WhatsApp-Image-2024-06-03-at-17.14.51.jpeg\",\"articleSection\":[\"Barretos\",\"Cidades\"],\"inLanguage\":\"pt-BR\",\"potentialAction\":[{\"@type\":\"CommentAction\",\"name\":\"Comment\",\"target\":[\"https:\\\/\\\/regiaonews.net.br\\\/2022\\\/2024\\\/06\\\/03\\\/servico-de-acolhimento-regionalizado-institucional-para-mulheres-vitimas-de-violencia-e-lancado-em-barretos\\\/#respond\"]}]},{\"@type\":\"WebPage\",\"@id\":\"https:\\\/\\\/regiaonews.net.br\\\/2022\\\/2024\\\/06\\\/03\\\/servico-de-acolhimento-regionalizado-institucional-para-mulheres-vitimas-de-violencia-e-lancado-em-barretos\\\/\",\"url\":\"https:\\\/\\\/regiaonews.net.br\\\/2022\\\/2024\\\/06\\\/03\\\/servico-de-acolhimento-regionalizado-institucional-para-mulheres-vitimas-de-violencia-e-lancado-em-barretos\\\/\",\"name\":\"Servi\u00e7o de Acolhimento Regionalizado Institucional para Mulheres V\u00edtimas de Viol\u00eancia \u00e9 lan\u00e7ado em Barretos - Regi\u00e3o News\",\"isPartOf\":{\"@id\":\"https:\\\/\\\/regiaonews.net.br\\\/2022\\\/#website\"},\"primaryImageOfPage\":{\"@id\":\"https:\\\/\\\/regiaonews.net.br\\\/2022\\\/2024\\\/06\\\/03\\\/servico-de-acolhimento-regionalizado-institucional-para-mulheres-vitimas-de-violencia-e-lancado-em-barretos\\\/#primaryimage\"},\"image\":{\"@id\":\"https:\\\/\\\/regiaonews.net.br\\\/2022\\\/2024\\\/06\\\/03\\\/servico-de-acolhimento-regionalizado-institucional-para-mulheres-vitimas-de-violencia-e-lancado-em-barretos\\\/#primaryimage\"},\"thumbnailUrl\":\"https:\\\/\\\/regiaonews.net.br\\\/2022\\\/wp-content\\\/uploads\\\/2024\\\/06\\\/WhatsApp-Image-2024-06-03-at-17.14.51.jpeg\",\"datePublished\":\"2024-06-03T21:57:51+00:00\",\"breadcrumb\":{\"@id\":\"https:\\\/\\\/regiaonews.net.br\\\/2022\\\/2024\\\/06\\\/03\\\/servico-de-acolhimento-regionalizado-institucional-para-mulheres-vitimas-de-violencia-e-lancado-em-barretos\\\/#breadcrumb\"},\"inLanguage\":\"pt-BR\",\"potentialAction\":[{\"@type\":\"ReadAction\",\"target\":[\"https:\\\/\\\/regiaonews.net.br\\\/2022\\\/2024\\\/06\\\/03\\\/servico-de-acolhimento-regionalizado-institucional-para-mulheres-vitimas-de-violencia-e-lancado-em-barretos\\\/\"]}]},{\"@type\":\"ImageObject\",\"inLanguage\":\"pt-BR\",\"@id\":\"https:\\\/\\\/regiaonews.net.br\\\/2022\\\/2024\\\/06\\\/03\\\/servico-de-acolhimento-regionalizado-institucional-para-mulheres-vitimas-de-violencia-e-lancado-em-barretos\\\/#primaryimage\",\"url\":\"https:\\\/\\\/regiaonews.net.br\\\/2022\\\/wp-content\\\/uploads\\\/2024\\\/06\\\/WhatsApp-Image-2024-06-03-at-17.14.51.jpeg\",\"contentUrl\":\"https:\\\/\\\/regiaonews.net.br\\\/2022\\\/wp-content\\\/uploads\\\/2024\\\/06\\\/WhatsApp-Image-2024-06-03-at-17.14.51.jpeg\",\"width\":1600,\"height\":1063},{\"@type\":\"BreadcrumbList\",\"@id\":\"https:\\\/\\\/regiaonews.net.br\\\/2022\\\/2024\\\/06\\\/03\\\/servico-de-acolhimento-regionalizado-institucional-para-mulheres-vitimas-de-violencia-e-lancado-em-barretos\\\/#breadcrumb\",\"itemListElement\":[{\"@type\":\"ListItem\",\"position\":1,\"name\":\"In\u00edcio\",\"item\":\"https:\\\/\\\/regiaonews.net.br\\\/2022\\\/\"},{\"@type\":\"ListItem\",\"position\":2,\"name\":\"Servi\u00e7o de Acolhimento Regionalizado Institucional para Mulheres V\u00edtimas de Viol\u00eancia \u00e9 lan\u00e7ado em Barretos\"}]},{\"@type\":\"WebSite\",\"@id\":\"https:\\\/\\\/regiaonews.net.br\\\/2022\\\/#website\",\"url\":\"https:\\\/\\\/regiaonews.net.br\\\/2022\\\/\",\"name\":\"Regi\u00e3o News\",\"description\":\"Site de Not\u00edcias de Barretos e regi\u00e3o\",\"publisher\":{\"@id\":\"https:\\\/\\\/regiaonews.net.br\\\/2022\\\/#organization\"},\"potentialAction\":[{\"@type\":\"SearchAction\",\"target\":{\"@type\":\"EntryPoint\",\"urlTemplate\":\"https:\\\/\\\/regiaonews.net.br\\\/2022\\\/?s={search_term_string}\"},\"query-input\":{\"@type\":\"PropertyValueSpecification\",\"valueRequired\":true,\"valueName\":\"search_term_string\"}}],\"inLanguage\":\"pt-BR\"},{\"@type\":\"Organization\",\"@id\":\"https:\\\/\\\/regiaonews.net.br\\\/2022\\\/#organization\",\"name\":\"Regi\u00e3o News\",\"url\":\"https:\\\/\\\/regiaonews.net.br\\\/2022\\\/\",\"logo\":{\"@type\":\"ImageObject\",\"inLanguage\":\"pt-BR\",\"@id\":\"https:\\\/\\\/regiaonews.net.br\\\/2022\\\/#\\\/schema\\\/logo\\\/image\\\/\",\"url\":\"https:\\\/\\\/regiaonews.net.br\\\/2022\\\/wp-content\\\/uploads\\\/2026\\\/03\\\/regiao-13-anos-scaled.jpg\",\"contentUrl\":\"https:\\\/\\\/regiaonews.net.br\\\/2022\\\/wp-content\\\/uploads\\\/2026\\\/03\\\/regiao-13-anos-scaled.jpg\",\"width\":2560,\"height\":635,\"caption\":\"Regi\u00e3o News\"},\"image\":{\"@id\":\"https:\\\/\\\/regiaonews.net.br\\\/2022\\\/#\\\/schema\\\/logo\\\/image\\\/\"}},{\"@type\":\"Person\",\"@id\":\"https:\\\/\\\/regiaonews.net.br\\\/2022\\\/#\\\/schema\\\/person\\\/2d205a608a5aa97ac279d7a5e6d89ad8\",\"name\":\"Roberto\",\"image\":{\"@type\":\"ImageObject\",\"inLanguage\":\"pt-BR\",\"@id\":\"https:\\\/\\\/secure.gravatar.com\\\/avatar\\\/42749d8b712ff9d59ca93dc150494e5b55a44134482993f5baeb97e61b7ecc89?s=96&d=mm&r=g\",\"url\":\"https:\\\/\\\/secure.gravatar.com\\\/avatar\\\/42749d8b712ff9d59ca93dc150494e5b55a44134482993f5baeb97e61b7ecc89?s=96&d=mm&r=g\",\"contentUrl\":\"https:\\\/\\\/secure.gravatar.com\\\/avatar\\\/42749d8b712ff9d59ca93dc150494e5b55a44134482993f5baeb97e61b7ecc89?s=96&d=mm&r=g\",\"caption\":\"Roberto\"},\"url\":\"https:\\\/\\\/regiaonews.net.br\\\/2022\\\/author\\\/roberto\\\/\"}]}<\/script>\n<!-- \/ Yoast SEO plugin. -->","yoast_head_json":{"title":"Servi\u00e7o de Acolhimento Regionalizado Institucional para Mulheres V\u00edtimas de Viol\u00eancia \u00e9 lan\u00e7ado em Barretos - Regi\u00e3o News","robots":{"index":"index","follow":"follow","max-snippet":"max-snippet:-1","max-image-preview":"max-image-preview:large","max-video-preview":"max-video-preview:-1"},"canonical":"https:\/\/regiaonews.net.br\/2022\/2024\/06\/03\/servico-de-acolhimento-regionalizado-institucional-para-mulheres-vitimas-de-violencia-e-lancado-em-barretos\/","og_locale":"pt_BR","og_type":"article","og_title":"Servi\u00e7o de Acolhimento Regionalizado Institucional para Mulheres V\u00edtimas de Viol\u00eancia \u00e9 lan\u00e7ado em Barretos - Regi\u00e3o News","og_description":"Unidade tamb\u00e9m atender\u00e1 mulheres das cidades de Colina, Monte Azul","og_url":"https:\/\/regiaonews.net.br\/2022\/2024\/06\/03\/servico-de-acolhimento-regionalizado-institucional-para-mulheres-vitimas-de-violencia-e-lancado-em-barretos\/","og_site_name":"Regi\u00e3o News","article_published_time":"2024-06-03T21:57:51+00:00","og_image":[{"width":1600,"height":1063,"url":"https:\/\/regiaonews.net.br\/2022\/wp-content\/uploads\/2024\/06\/WhatsApp-Image-2024-06-03-at-17.14.51.jpeg","type":"image\/jpeg"}],"author":"Roberto","twitter_card":"summary_large_image","twitter_misc":{"Escrito por":"Roberto","Est. tempo de leitura":"4 minutos"},"schema":{"@context":"https:\/\/schema.org","@graph":[{"@type":"Article","@id":"https:\/\/regiaonews.net.br\/2022\/2024\/06\/03\/servico-de-acolhimento-regionalizado-institucional-para-mulheres-vitimas-de-violencia-e-lancado-em-barretos\/#article","isPartOf":{"@id":"https:\/\/regiaonews.net.br\/2022\/2024\/06\/03\/servico-de-acolhimento-regionalizado-institucional-para-mulheres-vitimas-de-violencia-e-lancado-em-barretos\/"},"author":{"name":"Roberto","@id":"https:\/\/regiaonews.net.br\/2022\/#\/schema\/person\/2d205a608a5aa97ac279d7a5e6d89ad8"},"headline":"Servi\u00e7o de Acolhimento Regionalizado Institucional para Mulheres V\u00edtimas de Viol\u00eancia \u00e9 lan\u00e7ado em Barretos","datePublished":"2024-06-03T21:57:51+00:00","mainEntityOfPage":{"@id":"https:\/\/regiaonews.net.br\/2022\/2024\/06\/03\/servico-de-acolhimento-regionalizado-institucional-para-mulheres-vitimas-de-violencia-e-lancado-em-barretos\/"},"wordCount":671,"commentCount":0,"publisher":{"@id":"https:\/\/regiaonews.net.br\/2022\/#organization"},"image":{"@id":"https:\/\/regiaonews.net.br\/2022\/2024\/06\/03\/servico-de-acolhimento-regionalizado-institucional-para-mulheres-vitimas-de-violencia-e-lancado-em-barretos\/#primaryimage"},"thumbnailUrl":"https:\/\/regiaonews.net.br\/2022\/wp-content\/uploads\/2024\/06\/WhatsApp-Image-2024-06-03-at-17.14.51.jpeg","articleSection":["Barretos","Cidades"],"inLanguage":"pt-BR","potentialAction":[{"@type":"CommentAction","name":"Comment","target":["https:\/\/regiaonews.net.br\/2022\/2024\/06\/03\/servico-de-acolhimento-regionalizado-institucional-para-mulheres-vitimas-de-violencia-e-lancado-em-barretos\/#respond"]}]},{"@type":"WebPage","@id":"https:\/\/regiaonews.net.br\/2022\/2024\/06\/03\/servico-de-acolhimento-regionalizado-institucional-para-mulheres-vitimas-de-violencia-e-lancado-em-barretos\/","url":"https:\/\/regiaonews.net.br\/2022\/2024\/06\/03\/servico-de-acolhimento-regionalizado-institucional-para-mulheres-vitimas-de-violencia-e-lancado-em-barretos\/","name":"Servi\u00e7o de Acolhimento Regionalizado Institucional para Mulheres V\u00edtimas de Viol\u00eancia \u00e9 lan\u00e7ado em Barretos - Regi\u00e3o News","isPartOf":{"@id":"https:\/\/regiaonews.net.br\/2022\/#website"},"primaryImageOfPage":{"@id":"https:\/\/regiaonews.net.br\/2022\/2024\/06\/03\/servico-de-acolhimento-regionalizado-institucional-para-mulheres-vitimas-de-violencia-e-lancado-em-barretos\/#primaryimage"},"image":{"@id":"https:\/\/regiaonews.net.br\/2022\/2024\/06\/03\/servico-de-acolhimento-regionalizado-institucional-para-mulheres-vitimas-de-violencia-e-lancado-em-barretos\/#primaryimage"},"thumbnailUrl":"https:\/\/regiaonews.net.br\/2022\/wp-content\/uploads\/2024\/06\/WhatsApp-Image-2024-06-03-at-17.14.51.jpeg","datePublished":"2024-06-03T21:57:51+00:00","breadcrumb":{"@id":"https:\/\/regiaonews.net.br\/2022\/2024\/06\/03\/servico-de-acolhimento-regionalizado-institucional-para-mulheres-vitimas-de-violencia-e-lancado-em-barretos\/#breadcrumb"},"inLanguage":"pt-BR","potentialAction":[{"@type":"ReadAction","target":["https:\/\/regiaonews.net.br\/2022\/2024\/06\/03\/servico-de-acolhimento-regionalizado-institucional-para-mulheres-vitimas-de-violencia-e-lancado-em-barretos\/"]}]},{"@type":"ImageObject","inLanguage":"pt-BR","@id":"https:\/\/regiaonews.net.br\/2022\/2024\/06\/03\/servico-de-acolhimento-regionalizado-institucional-para-mulheres-vitimas-de-violencia-e-lancado-em-barretos\/#primaryimage","url":"https:\/\/regiaonews.net.br\/2022\/wp-content\/uploads\/2024\/06\/WhatsApp-Image-2024-06-03-at-17.14.51.jpeg","contentUrl":"https:\/\/regiaonews.net.br\/2022\/wp-content\/uploads\/2024\/06\/WhatsApp-Image-2024-06-03-at-17.14.51.jpeg","width":1600,"height":1063},{"@type":"BreadcrumbList","@id":"https:\/\/regiaonews.net.br\/2022\/2024\/06\/03\/servico-de-acolhimento-regionalizado-institucional-para-mulheres-vitimas-de-violencia-e-lancado-em-barretos\/#breadcrumb","itemListElement":[{"@type":"ListItem","position":1,"name":"In\u00edcio","item":"https:\/\/regiaonews.net.br\/2022\/"},{"@type":"ListItem","position":2,"name":"Servi\u00e7o de Acolhimento Regionalizado Institucional para Mulheres V\u00edtimas de Viol\u00eancia \u00e9 lan\u00e7ado em Barretos"}]},{"@type":"WebSite","@id":"https:\/\/regiaonews.net.br\/2022\/#website","url":"https:\/\/regiaonews.net.br\/2022\/","name":"Regi\u00e3o News","description":"Site de Not\u00edcias de Barretos e regi\u00e3o","publisher":{"@id":"https:\/\/regiaonews.net.br\/2022\/#organization"},"potentialAction":[{"@type":"SearchAction","target":{"@type":"EntryPoint","urlTemplate":"https:\/\/regiaonews.net.br\/2022\/?s={search_term_string}"},"query-input":{"@type":"PropertyValueSpecification","valueRequired":true,"valueName":"search_term_string"}}],"inLanguage":"pt-BR"},{"@type":"Organization","@id":"https:\/\/regiaonews.net.br\/2022\/#organization","name":"Regi\u00e3o News","url":"https:\/\/regiaonews.net.br\/2022\/","logo":{"@type":"ImageObject","inLanguage":"pt-BR","@id":"https:\/\/regiaonews.net.br\/2022\/#\/schema\/logo\/image\/","url":"https:\/\/regiaonews.net.br\/2022\/wp-content\/uploads\/2026\/03\/regiao-13-anos-scaled.jpg","contentUrl":"https:\/\/regiaonews.net.br\/2022\/wp-content\/uploads\/2026\/03\/regiao-13-anos-scaled.jpg","width":2560,"height":635,"caption":"Regi\u00e3o News"},"image":{"@id":"https:\/\/regiaonews.net.br\/2022\/#\/schema\/logo\/image\/"}},{"@type":"Person","@id":"https:\/\/regiaonews.net.br\/2022\/#\/schema\/person\/2d205a608a5aa97ac279d7a5e6d89ad8","name":"Roberto","image":{"@type":"ImageObject","inLanguage":"pt-BR","@id":"https:\/\/secure.gravatar.com\/avatar\/42749d8b712ff9d59ca93dc150494e5b55a44134482993f5baeb97e61b7ecc89?s=96&d=mm&r=g","url":"https:\/\/secure.gravatar.com\/avatar\/42749d8b712ff9d59ca93dc150494e5b55a44134482993f5baeb97e61b7ecc89?s=96&d=mm&r=g","contentUrl":"https:\/\/secure.gravatar.com\/avatar\/42749d8b712ff9d59ca93dc150494e5b55a44134482993f5baeb97e61b7ecc89?s=96&d=mm&r=g","caption":"Roberto"},"url":"https:\/\/regiaonews.net.br\/2022\/author\/roberto\/"}]}},"publishpress_future_action":{"enabled":false,"date":"2026-05-03 05:11:27","action":"change-status","newStatus":"draft","terms":[],"taxonomy":"category","extraData":[]},"publishpress_future_workflow_manual_trigger":{"enabledWorkflows":[]},"_links":{"self":[{"href":"https:\/\/regiaonews.net.br\/2022\/wp-json\/wp\/v2\/posts\/105808","targetHints":{"allow":["GET"]}}],"collection":[{"href":"https:\/\/regiaonews.net.br\/2022\/wp-json\/wp\/v2\/posts"}],"about":[{"href":"https:\/\/regiaonews.net.br\/2022\/wp-json\/wp\/v2\/types\/post"}],"author":[{"embeddable":true,"href":"https:\/\/regiaonews.net.br\/2022\/wp-json\/wp\/v2\/users\/2"}],"replies":[{"embeddable":true,"href":"https:\/\/regiaonews.net.br\/2022\/wp-json\/wp\/v2\/comments?post=105808"}],"version-history":[{"count":1,"href":"https:\/\/regiaonews.net.br\/2022\/wp-json\/wp\/v2\/posts\/105808\/revisions"}],"predecessor-version":[{"id":105810,"href":"https:\/\/regiaonews.net.br\/2022\/wp-json\/wp\/v2\/posts\/105808\/revisions\/105810"}],"wp:featuredmedia":[{"embeddable":true,"href":"https:\/\/regiaonews.net.br\/2022\/wp-json\/wp\/v2\/media\/105809"}],"wp:attachment":[{"href":"https:\/\/regiaonews.net.br\/2022\/wp-json\/wp\/v2\/media?parent=105808"}],"wp:term":[{"taxonomy":"category","embeddable":true,"href":"https:\/\/regiaonews.net.br\/2022\/wp-json\/wp\/v2\/categories?post=105808"},{"taxonomy":"post_tag","embeddable":true,"href":"https:\/\/regiaonews.net.br\/2022\/wp-json\/wp\/v2\/tags?post=105808"}],"curies":[{"name":"wp","href":"https:\/\/api.w.org\/{rel}","templated":true}]}}