{"id":105791,"date":"2024-06-03T12:24:35","date_gmt":"2024-06-03T15:24:35","guid":{"rendered":"https:\/\/regiaonews.net.br\/2022\/?p=105791"},"modified":"2024-06-03T12:24:35","modified_gmt":"2024-06-03T15:24:35","slug":"concurso-para-rainha-da-festa-do-peao-de-barretos-tem-inscricoes-abertas","status":"publish","type":"post","link":"https:\/\/regiaonews.net.br\/2022\/2024\/06\/03\/concurso-para-rainha-da-festa-do-peao-de-barretos-tem-inscricoes-abertas\/","title":{"rendered":"Concurso para Rainha da Festa do Pe\u00e3o de Barretos tem inscri\u00e7\u00f5es abertas"},"content":{"rendered":"<h3 style=\"text-align: center;\">Escolha ocorre no dia 12 de julho no North Shopping Barretos<\/h3>\n<p>O tradicional concurso para escolha da Rainha e da Princesa que v\u00e3o representar a 69\u00aa Festa do Pe\u00e3o de Barretos est\u00e1 com inscri\u00e7\u00f5es abertas. As interessadas \u2013 que necessariamente precisam ser barretenses ou moradoras da cidade h\u00e1 pelo menos um ano \u2013 podem se inscrever at\u00e9 o dia 17 de junho.<\/p>\n<p>As candidatas inscritas passar\u00e3o por uma pr\u00e9-sele\u00e7\u00e3o e as finalistas se apresentar\u00e3o para um corpo de jurados especializado no concurso marcado para o dia 12 de julho, no North Shopping Barretos, a partir das 20h.<\/p>\n<p>\u201cNeste primeiro momento, vamos receber as inscri\u00e7\u00f5es que devem atender aos requisitos especificados no regulamento dispon\u00edvel no site oficial. Elas ser\u00e3o avaliadas e passar\u00e3o por uma prepara\u00e7\u00e3o especial para se apresentarem na final do concurso, dia 12 de julho, quando ser\u00e3o escolhidas a Rainha e a Princesa\u201d, explica Fernando Moni, Diretor Social de Os Independentes.<\/p>\n<p>Inscri\u00e7\u00e3o<br \/>\nPara se candidatar \u00e9 necess\u00e1rio baixar o regulamento e a ficha de inscri\u00e7\u00e3o no site de Os Independentes (https:\/\/www.independentes.com.br\/festadopeao\/inicio) ou do North Shopping Barretos (https:\/\/northshoppingbarretos.com.br\/), preencher com os documentos exigidos e entregar na administra\u00e7\u00e3o do shopping.<\/p>\n<p>O Concurso Rainha Os Independentes \u00e9 uma realiza\u00e7\u00e3o da Associa\u00e7\u00e3o Os Independentes em parceria com o North Shopping Barretos, com coordena\u00e7\u00e3o de Milton Figueiredo e produ\u00e7\u00e3o de Reinaldo Costa.<\/p>\n<p>Mais informa\u00e7\u00f5es: (17) 99150-8621 com Milton\u00a0Figueiredo.<\/p>\n<p>Credito: Alisson Demetrio<\/p>\n","protected":false},"excerpt":{"rendered":"<p>Escolha ocorre no dia 12 de julho no North Shopping<\/p>\n","protected":false},"author":2,"featured_media":105792,"comment_status":"open","ping_status":"open","sticky":false,"template":"","format":"standard","meta":{"footnotes":""},"categories":[14,3],"tags":[],"class_list":["post-105791","post","type-post","status-publish","format-standard","has-post-thumbnail","hentry","category-barretos","category-geral"],"yoast_head":"<!-- This site is optimized with the Yoast SEO plugin v27.4 - https:\/\/yoast.com\/product\/yoast-seo-wordpress\/ -->\n<title>Concurso para Rainha da Festa do Pe\u00e3o de Barretos tem inscri\u00e7\u00f5es abertas - Regi\u00e3o News<\/title>\n<meta name=\"robots\" content=\"index, follow, max-snippet:-1, max-image-preview:large, max-video-preview:-1\" \/>\n<link rel=\"canonical\" href=\"https:\/\/regiaonews.net.br\/2022\/2024\/06\/03\/concurso-para-rainha-da-festa-do-peao-de-barretos-tem-inscricoes-abertas\/\" \/>\n<meta property=\"og:locale\" content=\"pt_BR\" \/>\n<meta property=\"og:type\" content=\"article\" \/>\n<meta property=\"og:title\" content=\"Concurso para Rainha da Festa do Pe\u00e3o de Barretos tem inscri\u00e7\u00f5es abertas - Regi\u00e3o News\" \/>\n<meta property=\"og:description\" content=\"Escolha ocorre no dia 12 de julho no North Shopping\" \/>\n<meta property=\"og:url\" content=\"https:\/\/regiaonews.net.br\/2022\/2024\/06\/03\/concurso-para-rainha-da-festa-do-peao-de-barretos-tem-inscricoes-abertas\/\" \/>\n<meta property=\"og:site_name\" content=\"Regi\u00e3o News\" \/>\n<meta property=\"article:published_time\" content=\"2024-06-03T15:24:35+00:00\" \/>\n<meta property=\"og:image\" content=\"https:\/\/regiaonews.net.br\/2022\/wp-content\/uploads\/2024\/06\/Imagem-do-WhatsApp-de-2024-06-03-as-10.56.10_00151cf9.jpg\" \/>\n\t<meta property=\"og:image:width\" content=\"1600\" \/>\n\t<meta property=\"og:image:height\" content=\"1068\" \/>\n\t<meta property=\"og:image:type\" content=\"image\/jpeg\" \/>\n<meta name=\"author\" content=\"Roberto\" \/>\n<meta name=\"twitter:card\" content=\"summary_large_image\" \/>\n<meta name=\"twitter:label1\" content=\"Escrito por\" \/>\n\t<meta name=\"twitter:data1\" content=\"Roberto\" \/>\n\t<meta name=\"twitter:label2\" content=\"Est. tempo de leitura\" \/>\n\t<meta name=\"twitter:data2\" content=\"2 minutos\" \/>\n<script type=\"application\/ld+json\" class=\"yoast-schema-graph\">{\"@context\":\"https:\\\/\\\/schema.org\",\"@graph\":[{\"@type\":\"Article\",\"@id\":\"https:\\\/\\\/regiaonews.net.br\\\/2022\\\/2024\\\/06\\\/03\\\/concurso-para-rainha-da-festa-do-peao-de-barretos-tem-inscricoes-abertas\\\/#article\",\"isPartOf\":{\"@id\":\"https:\\\/\\\/regiaonews.net.br\\\/2022\\\/2024\\\/06\\\/03\\\/concurso-para-rainha-da-festa-do-peao-de-barretos-tem-inscricoes-abertas\\\/\"},\"author\":{\"name\":\"Roberto\",\"@id\":\"https:\\\/\\\/regiaonews.net.br\\\/2022\\\/#\\\/schema\\\/person\\\/2d205a608a5aa97ac279d7a5e6d89ad8\"},\"headline\":\"Concurso para Rainha da Festa do Pe\u00e3o de Barretos tem inscri\u00e7\u00f5es abertas\",\"datePublished\":\"2024-06-03T15:24:35+00:00\",\"mainEntityOfPage\":{\"@id\":\"https:\\\/\\\/regiaonews.net.br\\\/2022\\\/2024\\\/06\\\/03\\\/concurso-para-rainha-da-festa-do-peao-de-barretos-tem-inscricoes-abertas\\\/\"},\"wordCount\":263,\"commentCount\":0,\"publisher\":{\"@id\":\"https:\\\/\\\/regiaonews.net.br\\\/2022\\\/#organization\"},\"image\":{\"@id\":\"https:\\\/\\\/regiaonews.net.br\\\/2022\\\/2024\\\/06\\\/03\\\/concurso-para-rainha-da-festa-do-peao-de-barretos-tem-inscricoes-abertas\\\/#primaryimage\"},\"thumbnailUrl\":\"https:\\\/\\\/regiaonews.net.br\\\/2022\\\/wp-content\\\/uploads\\\/2024\\\/06\\\/Imagem-do-WhatsApp-de-2024-06-03-as-10.56.10_00151cf9.jpg\",\"articleSection\":[\"Barretos\",\"Geral\"],\"inLanguage\":\"pt-BR\",\"potentialAction\":[{\"@type\":\"CommentAction\",\"name\":\"Comment\",\"target\":[\"https:\\\/\\\/regiaonews.net.br\\\/2022\\\/2024\\\/06\\\/03\\\/concurso-para-rainha-da-festa-do-peao-de-barretos-tem-inscricoes-abertas\\\/#respond\"]}]},{\"@type\":\"WebPage\",\"@id\":\"https:\\\/\\\/regiaonews.net.br\\\/2022\\\/2024\\\/06\\\/03\\\/concurso-para-rainha-da-festa-do-peao-de-barretos-tem-inscricoes-abertas\\\/\",\"url\":\"https:\\\/\\\/regiaonews.net.br\\\/2022\\\/2024\\\/06\\\/03\\\/concurso-para-rainha-da-festa-do-peao-de-barretos-tem-inscricoes-abertas\\\/\",\"name\":\"Concurso para Rainha da Festa do Pe\u00e3o de Barretos tem inscri\u00e7\u00f5es abertas - Regi\u00e3o News\",\"isPartOf\":{\"@id\":\"https:\\\/\\\/regiaonews.net.br\\\/2022\\\/#website\"},\"primaryImageOfPage\":{\"@id\":\"https:\\\/\\\/regiaonews.net.br\\\/2022\\\/2024\\\/06\\\/03\\\/concurso-para-rainha-da-festa-do-peao-de-barretos-tem-inscricoes-abertas\\\/#primaryimage\"},\"image\":{\"@id\":\"https:\\\/\\\/regiaonews.net.br\\\/2022\\\/2024\\\/06\\\/03\\\/concurso-para-rainha-da-festa-do-peao-de-barretos-tem-inscricoes-abertas\\\/#primaryimage\"},\"thumbnailUrl\":\"https:\\\/\\\/regiaonews.net.br\\\/2022\\\/wp-content\\\/uploads\\\/2024\\\/06\\\/Imagem-do-WhatsApp-de-2024-06-03-as-10.56.10_00151cf9.jpg\",\"datePublished\":\"2024-06-03T15:24:35+00:00\",\"breadcrumb\":{\"@id\":\"https:\\\/\\\/regiaonews.net.br\\\/2022\\\/2024\\\/06\\\/03\\\/concurso-para-rainha-da-festa-do-peao-de-barretos-tem-inscricoes-abertas\\\/#breadcrumb\"},\"inLanguage\":\"pt-BR\",\"potentialAction\":[{\"@type\":\"ReadAction\",\"target\":[\"https:\\\/\\\/regiaonews.net.br\\\/2022\\\/2024\\\/06\\\/03\\\/concurso-para-rainha-da-festa-do-peao-de-barretos-tem-inscricoes-abertas\\\/\"]}]},{\"@type\":\"ImageObject\",\"inLanguage\":\"pt-BR\",\"@id\":\"https:\\\/\\\/regiaonews.net.br\\\/2022\\\/2024\\\/06\\\/03\\\/concurso-para-rainha-da-festa-do-peao-de-barretos-tem-inscricoes-abertas\\\/#primaryimage\",\"url\":\"https:\\\/\\\/regiaonews.net.br\\\/2022\\\/wp-content\\\/uploads\\\/2024\\\/06\\\/Imagem-do-WhatsApp-de-2024-06-03-as-10.56.10_00151cf9.jpg\",\"contentUrl\":\"https:\\\/\\\/regiaonews.net.br\\\/2022\\\/wp-content\\\/uploads\\\/2024\\\/06\\\/Imagem-do-WhatsApp-de-2024-06-03-as-10.56.10_00151cf9.jpg\",\"width\":1600,\"height\":1068},{\"@type\":\"BreadcrumbList\",\"@id\":\"https:\\\/\\\/regiaonews.net.br\\\/2022\\\/2024\\\/06\\\/03\\\/concurso-para-rainha-da-festa-do-peao-de-barretos-tem-inscricoes-abertas\\\/#breadcrumb\",\"itemListElement\":[{\"@type\":\"ListItem\",\"position\":1,\"name\":\"In\u00edcio\",\"item\":\"https:\\\/\\\/regiaonews.net.br\\\/2022\\\/\"},{\"@type\":\"ListItem\",\"position\":2,\"name\":\"Concurso para Rainha da Festa do Pe\u00e3o de Barretos tem inscri\u00e7\u00f5es abertas\"}]},{\"@type\":\"WebSite\",\"@id\":\"https:\\\/\\\/regiaonews.net.br\\\/2022\\\/#website\",\"url\":\"https:\\\/\\\/regiaonews.net.br\\\/2022\\\/\",\"name\":\"Regi\u00e3o News\",\"description\":\"Site de Not\u00edcias de Barretos e regi\u00e3o\",\"publisher\":{\"@id\":\"https:\\\/\\\/regiaonews.net.br\\\/2022\\\/#organization\"},\"potentialAction\":[{\"@type\":\"SearchAction\",\"target\":{\"@type\":\"EntryPoint\",\"urlTemplate\":\"https:\\\/\\\/regiaonews.net.br\\\/2022\\\/?s={search_term_string}\"},\"query-input\":{\"@type\":\"PropertyValueSpecification\",\"valueRequired\":true,\"valueName\":\"search_term_string\"}}],\"inLanguage\":\"pt-BR\"},{\"@type\":\"Organization\",\"@id\":\"https:\\\/\\\/regiaonews.net.br\\\/2022\\\/#organization\",\"name\":\"Regi\u00e3o News\",\"url\":\"https:\\\/\\\/regiaonews.net.br\\\/2022\\\/\",\"logo\":{\"@type\":\"ImageObject\",\"inLanguage\":\"pt-BR\",\"@id\":\"https:\\\/\\\/regiaonews.net.br\\\/2022\\\/#\\\/schema\\\/logo\\\/image\\\/\",\"url\":\"https:\\\/\\\/regiaonews.net.br\\\/2022\\\/wp-content\\\/uploads\\\/2026\\\/03\\\/regiao-13-anos-scaled.jpg\",\"contentUrl\":\"https:\\\/\\\/regiaonews.net.br\\\/2022\\\/wp-content\\\/uploads\\\/2026\\\/03\\\/regiao-13-anos-scaled.jpg\",\"width\":2560,\"height\":635,\"caption\":\"Regi\u00e3o News\"},\"image\":{\"@id\":\"https:\\\/\\\/regiaonews.net.br\\\/2022\\\/#\\\/schema\\\/logo\\\/image\\\/\"}},{\"@type\":\"Person\",\"@id\":\"https:\\\/\\\/regiaonews.net.br\\\/2022\\\/#\\\/schema\\\/person\\\/2d205a608a5aa97ac279d7a5e6d89ad8\",\"name\":\"Roberto\",\"image\":{\"@type\":\"ImageObject\",\"inLanguage\":\"pt-BR\",\"@id\":\"https:\\\/\\\/secure.gravatar.com\\\/avatar\\\/42749d8b712ff9d59ca93dc150494e5b55a44134482993f5baeb97e61b7ecc89?s=96&d=mm&r=g\",\"url\":\"https:\\\/\\\/secure.gravatar.com\\\/avatar\\\/42749d8b712ff9d59ca93dc150494e5b55a44134482993f5baeb97e61b7ecc89?s=96&d=mm&r=g\",\"contentUrl\":\"https:\\\/\\\/secure.gravatar.com\\\/avatar\\\/42749d8b712ff9d59ca93dc150494e5b55a44134482993f5baeb97e61b7ecc89?s=96&d=mm&r=g\",\"caption\":\"Roberto\"},\"url\":\"https:\\\/\\\/regiaonews.net.br\\\/2022\\\/author\\\/roberto\\\/\"}]}<\/script>\n<!-- \/ Yoast SEO plugin. -->","yoast_head_json":{"title":"Concurso para Rainha da Festa do Pe\u00e3o de Barretos tem inscri\u00e7\u00f5es abertas - Regi\u00e3o News","robots":{"index":"index","follow":"follow","max-snippet":"max-snippet:-1","max-image-preview":"max-image-preview:large","max-video-preview":"max-video-preview:-1"},"canonical":"https:\/\/regiaonews.net.br\/2022\/2024\/06\/03\/concurso-para-rainha-da-festa-do-peao-de-barretos-tem-inscricoes-abertas\/","og_locale":"pt_BR","og_type":"article","og_title":"Concurso para Rainha da Festa do Pe\u00e3o de Barretos tem inscri\u00e7\u00f5es abertas - Regi\u00e3o News","og_description":"Escolha ocorre no dia 12 de julho no North Shopping","og_url":"https:\/\/regiaonews.net.br\/2022\/2024\/06\/03\/concurso-para-rainha-da-festa-do-peao-de-barretos-tem-inscricoes-abertas\/","og_site_name":"Regi\u00e3o News","article_published_time":"2024-06-03T15:24:35+00:00","og_image":[{"width":1600,"height":1068,"url":"https:\/\/regiaonews.net.br\/2022\/wp-content\/uploads\/2024\/06\/Imagem-do-WhatsApp-de-2024-06-03-as-10.56.10_00151cf9.jpg","type":"image\/jpeg"}],"author":"Roberto","twitter_card":"summary_large_image","twitter_misc":{"Escrito por":"Roberto","Est. tempo de leitura":"2 minutos"},"schema":{"@context":"https:\/\/schema.org","@graph":[{"@type":"Article","@id":"https:\/\/regiaonews.net.br\/2022\/2024\/06\/03\/concurso-para-rainha-da-festa-do-peao-de-barretos-tem-inscricoes-abertas\/#article","isPartOf":{"@id":"https:\/\/regiaonews.net.br\/2022\/2024\/06\/03\/concurso-para-rainha-da-festa-do-peao-de-barretos-tem-inscricoes-abertas\/"},"author":{"name":"Roberto","@id":"https:\/\/regiaonews.net.br\/2022\/#\/schema\/person\/2d205a608a5aa97ac279d7a5e6d89ad8"},"headline":"Concurso para Rainha da Festa do Pe\u00e3o de Barretos tem inscri\u00e7\u00f5es abertas","datePublished":"2024-06-03T15:24:35+00:00","mainEntityOfPage":{"@id":"https:\/\/regiaonews.net.br\/2022\/2024\/06\/03\/concurso-para-rainha-da-festa-do-peao-de-barretos-tem-inscricoes-abertas\/"},"wordCount":263,"commentCount":0,"publisher":{"@id":"https:\/\/regiaonews.net.br\/2022\/#organization"},"image":{"@id":"https:\/\/regiaonews.net.br\/2022\/2024\/06\/03\/concurso-para-rainha-da-festa-do-peao-de-barretos-tem-inscricoes-abertas\/#primaryimage"},"thumbnailUrl":"https:\/\/regiaonews.net.br\/2022\/wp-content\/uploads\/2024\/06\/Imagem-do-WhatsApp-de-2024-06-03-as-10.56.10_00151cf9.jpg","articleSection":["Barretos","Geral"],"inLanguage":"pt-BR","potentialAction":[{"@type":"CommentAction","name":"Comment","target":["https:\/\/regiaonews.net.br\/2022\/2024\/06\/03\/concurso-para-rainha-da-festa-do-peao-de-barretos-tem-inscricoes-abertas\/#respond"]}]},{"@type":"WebPage","@id":"https:\/\/regiaonews.net.br\/2022\/2024\/06\/03\/concurso-para-rainha-da-festa-do-peao-de-barretos-tem-inscricoes-abertas\/","url":"https:\/\/regiaonews.net.br\/2022\/2024\/06\/03\/concurso-para-rainha-da-festa-do-peao-de-barretos-tem-inscricoes-abertas\/","name":"Concurso para Rainha da Festa do Pe\u00e3o de Barretos tem inscri\u00e7\u00f5es abertas - Regi\u00e3o News","isPartOf":{"@id":"https:\/\/regiaonews.net.br\/2022\/#website"},"primaryImageOfPage":{"@id":"https:\/\/regiaonews.net.br\/2022\/2024\/06\/03\/concurso-para-rainha-da-festa-do-peao-de-barretos-tem-inscricoes-abertas\/#primaryimage"},"image":{"@id":"https:\/\/regiaonews.net.br\/2022\/2024\/06\/03\/concurso-para-rainha-da-festa-do-peao-de-barretos-tem-inscricoes-abertas\/#primaryimage"},"thumbnailUrl":"https:\/\/regiaonews.net.br\/2022\/wp-content\/uploads\/2024\/06\/Imagem-do-WhatsApp-de-2024-06-03-as-10.56.10_00151cf9.jpg","datePublished":"2024-06-03T15:24:35+00:00","breadcrumb":{"@id":"https:\/\/regiaonews.net.br\/2022\/2024\/06\/03\/concurso-para-rainha-da-festa-do-peao-de-barretos-tem-inscricoes-abertas\/#breadcrumb"},"inLanguage":"pt-BR","potentialAction":[{"@type":"ReadAction","target":["https:\/\/regiaonews.net.br\/2022\/2024\/06\/03\/concurso-para-rainha-da-festa-do-peao-de-barretos-tem-inscricoes-abertas\/"]}]},{"@type":"ImageObject","inLanguage":"pt-BR","@id":"https:\/\/regiaonews.net.br\/2022\/2024\/06\/03\/concurso-para-rainha-da-festa-do-peao-de-barretos-tem-inscricoes-abertas\/#primaryimage","url":"https:\/\/regiaonews.net.br\/2022\/wp-content\/uploads\/2024\/06\/Imagem-do-WhatsApp-de-2024-06-03-as-10.56.10_00151cf9.jpg","contentUrl":"https:\/\/regiaonews.net.br\/2022\/wp-content\/uploads\/2024\/06\/Imagem-do-WhatsApp-de-2024-06-03-as-10.56.10_00151cf9.jpg","width":1600,"height":1068},{"@type":"BreadcrumbList","@id":"https:\/\/regiaonews.net.br\/2022\/2024\/06\/03\/concurso-para-rainha-da-festa-do-peao-de-barretos-tem-inscricoes-abertas\/#breadcrumb","itemListElement":[{"@type":"ListItem","position":1,"name":"In\u00edcio","item":"https:\/\/regiaonews.net.br\/2022\/"},{"@type":"ListItem","position":2,"name":"Concurso para Rainha da Festa do Pe\u00e3o de Barretos tem inscri\u00e7\u00f5es abertas"}]},{"@type":"WebSite","@id":"https:\/\/regiaonews.net.br\/2022\/#website","url":"https:\/\/regiaonews.net.br\/2022\/","name":"Regi\u00e3o News","description":"Site de Not\u00edcias de Barretos e regi\u00e3o","publisher":{"@id":"https:\/\/regiaonews.net.br\/2022\/#organization"},"potentialAction":[{"@type":"SearchAction","target":{"@type":"EntryPoint","urlTemplate":"https:\/\/regiaonews.net.br\/2022\/?s={search_term_string}"},"query-input":{"@type":"PropertyValueSpecification","valueRequired":true,"valueName":"search_term_string"}}],"inLanguage":"pt-BR"},{"@type":"Organization","@id":"https:\/\/regiaonews.net.br\/2022\/#organization","name":"Regi\u00e3o News","url":"https:\/\/regiaonews.net.br\/2022\/","logo":{"@type":"ImageObject","inLanguage":"pt-BR","@id":"https:\/\/regiaonews.net.br\/2022\/#\/schema\/logo\/image\/","url":"https:\/\/regiaonews.net.br\/2022\/wp-content\/uploads\/2026\/03\/regiao-13-anos-scaled.jpg","contentUrl":"https:\/\/regiaonews.net.br\/2022\/wp-content\/uploads\/2026\/03\/regiao-13-anos-scaled.jpg","width":2560,"height":635,"caption":"Regi\u00e3o News"},"image":{"@id":"https:\/\/regiaonews.net.br\/2022\/#\/schema\/logo\/image\/"}},{"@type":"Person","@id":"https:\/\/regiaonews.net.br\/2022\/#\/schema\/person\/2d205a608a5aa97ac279d7a5e6d89ad8","name":"Roberto","image":{"@type":"ImageObject","inLanguage":"pt-BR","@id":"https:\/\/secure.gravatar.com\/avatar\/42749d8b712ff9d59ca93dc150494e5b55a44134482993f5baeb97e61b7ecc89?s=96&d=mm&r=g","url":"https:\/\/secure.gravatar.com\/avatar\/42749d8b712ff9d59ca93dc150494e5b55a44134482993f5baeb97e61b7ecc89?s=96&d=mm&r=g","contentUrl":"https:\/\/secure.gravatar.com\/avatar\/42749d8b712ff9d59ca93dc150494e5b55a44134482993f5baeb97e61b7ecc89?s=96&d=mm&r=g","caption":"Roberto"},"url":"https:\/\/regiaonews.net.br\/2022\/author\/roberto\/"}]}},"publishpress_future_action":{"enabled":false,"date":"2026-05-03 03:44:47","action":"change-status","newStatus":"draft","terms":[],"taxonomy":"category","extraData":[]},"publishpress_future_workflow_manual_trigger":{"enabledWorkflows":[]},"_links":{"self":[{"href":"https:\/\/regiaonews.net.br\/2022\/wp-json\/wp\/v2\/posts\/105791","targetHints":{"allow":["GET"]}}],"collection":[{"href":"https:\/\/regiaonews.net.br\/2022\/wp-json\/wp\/v2\/posts"}],"about":[{"href":"https:\/\/regiaonews.net.br\/2022\/wp-json\/wp\/v2\/types\/post"}],"author":[{"embeddable":true,"href":"https:\/\/regiaonews.net.br\/2022\/wp-json\/wp\/v2\/users\/2"}],"replies":[{"embeddable":true,"href":"https:\/\/regiaonews.net.br\/2022\/wp-json\/wp\/v2\/comments?post=105791"}],"version-history":[{"count":1,"href":"https:\/\/regiaonews.net.br\/2022\/wp-json\/wp\/v2\/posts\/105791\/revisions"}],"predecessor-version":[{"id":105793,"href":"https:\/\/regiaonews.net.br\/2022\/wp-json\/wp\/v2\/posts\/105791\/revisions\/105793"}],"wp:featuredmedia":[{"embeddable":true,"href":"https:\/\/regiaonews.net.br\/2022\/wp-json\/wp\/v2\/media\/105792"}],"wp:attachment":[{"href":"https:\/\/regiaonews.net.br\/2022\/wp-json\/wp\/v2\/media?parent=105791"}],"wp:term":[{"taxonomy":"category","embeddable":true,"href":"https:\/\/regiaonews.net.br\/2022\/wp-json\/wp\/v2\/categories?post=105791"},{"taxonomy":"post_tag","embeddable":true,"href":"https:\/\/regiaonews.net.br\/2022\/wp-json\/wp\/v2\/tags?post=105791"}],"curies":[{"name":"wp","href":"https:\/\/api.w.org\/{rel}","templated":true}]}}