{"id":105703,"date":"2024-05-31T20:18:28","date_gmt":"2024-05-31T23:18:28","guid":{"rendered":"https:\/\/regiaonews.net.br\/2022\/?p=105703"},"modified":"2024-05-31T20:21:28","modified_gmt":"2024-05-31T23:21:28","slug":"miss-mister-rodeio-brasil-2024-serao-eleitos-nesta-terca-feira-no-parque-do-peao-de-barretos","status":"publish","type":"post","link":"https:\/\/regiaonews.net.br\/2022\/2024\/05\/31\/miss-mister-rodeio-brasil-2024-serao-eleitos-nesta-terca-feira-no-parque-do-peao-de-barretos\/","title":{"rendered":"Miss &#038; Mister Rodeio Brasil 2024 ser\u00e3o eleitos nesta ter\u00e7a-feira no Parque do Pe\u00e3o de Barretos"},"content":{"rendered":"<p>&nbsp;<\/p>\n<p>8\u00aa edi\u00e7\u00e3o do Miss Rodeio Brasil e a 13\u00aa edi\u00e7\u00e3o do Mister Rodeio Brasil re\u00fane participantes de S\u00e3o Paulo, Minas Gerais, Paran\u00e1 e Mato Grosso do Sul<\/p>\n<p>Nesta ter\u00e7a-feira, 04 de junho, a partir das 20h, ser\u00e1 realizada a edi\u00e7\u00e3o 2024 do Concurso Miss e Mister Rodeio Brasil. A grande final ocorrer\u00e1 aos p\u00e9s do ic\u00f4nico monumento em homenagem ao pe\u00e3o de boiadeiro, apelidado de Jerom\u00e3o, no Parque do Pe\u00e3o em Barretos, local onde \u00e9 realizada a maior Festa de Pe\u00e3o de Boiadeiro da Am\u00e9rica Latina.<\/p>\n<p>A 8\u00aa edi\u00e7\u00e3o do Miss Rodeio Brasil e a 13\u00aa edi\u00e7\u00e3o do Mister Rodeio Brasil ser\u00e3o transmitidas ao vivo pelo canal oficial do concurso no YouTube (@MisseMisterRodeioBrasil) e pela BRTVMAX \u2013 canal 200, para toda a Am\u00e9rica Latina, por meio das parab\u00f3licas digitais. A entrada \u00e9 franca no Parque do Pe\u00e3o.<\/p>\n<p>Os participantes deste ano, que come\u00e7am o confinamento no domingo no Barretos Park Hotel, o hotel exclusivo do Parque do Pe\u00e3o, s\u00e3o:<\/p>\n<p>Candidatas a Miss Rodeio Brasil:<\/p>\n<p>&#8211; Alice Gabriely &#8211; Dobrada\/SP<br \/>\n&#8211; Anna Winchester &#8211; Pedregulho\/SP<br \/>\n&#8211; B\u00e1rbara Fernandes &#8211; Ribeir\u00e3o Preto\/SP<br \/>\n&#8211; Camila Roberta &#8211; Extrema\/MG<br \/>\n&#8211; Daniela Mendon\u00e7a &#8211; Braz\u00f3polis\/MG<br \/>\n&#8211; Emillyn Millian &#8211; Ribeir\u00e3o Preto\/SP<br \/>\n&#8211; Julia Camylle &#8211; Barretos\/SP<br \/>\n&#8211; Julia Reginato &#8211; Pitangueiras\/SP<br \/>\n&#8211; Laiana Caroline &#8211; Concei\u00e7\u00e3o das Pedras\/MG<br \/>\n&#8211; Lav\u00ednia Narcizo &#8211; Pitangueiras\/SP<br \/>\n&#8211; L\u00edvia Venezian &#8211; S\u00e3o Jos\u00e9 do Rio Pardo\/SP<br \/>\n&#8211; Marcela Ribeiro &#8211; Pirangi\/SP<br \/>\n&#8211; Marcela Vit\u00f3ria &#8211; Salto de Pirapora\/SP<br \/>\n&#8211; Maria Edhuarda &#8211; Lapa\/PR<br \/>\n&#8211; Tata Mineira &#8211; Quatro Barras\/PR<br \/>\n&#8211; Thauana Oliveira &#8211; Campo Belo\/MG<\/p>\n<p>Candidatos a Mister Rodeio Brasil:<\/p>\n<p>&#8211; Bruno Furman &#8211; Contenda\/PR<br \/>\n&#8211; Estevan &#8211; S\u00e3o Louren\u00e7o da Serra\/SP<br \/>\n&#8211; Junior Consolini &#8211; S\u00e3o Jos\u00e9 do Rio Pardo\/SP<br \/>\n&#8211; Kad\u00fa De\u00e2ngelo &#8211; Barretos\/SP<br \/>\n&#8211; Lu\u00eds Felipe Lopes &#8211; Tr\u00eas Lagoas\/MS<br \/>\n&#8211; Marco Silva &#8211; Frutal\/MG<br \/>\n&#8211; Robson Copeski &#8211; Serrana\/SP<br \/>\n&#8211; Z\u00e9 Maria &#8211; Palmares Paulista\/SP<\/p>\n<p>\u201cOs 24 concorrentes ser\u00e3o avaliados por meio das provas preliminares do &#8216;Lacre com a AVCC&#8217; (Associa\u00e7\u00e3o Volunt\u00e1ria de Combate ao C\u00e2ncer de Barretos) do Hospital de Amor, que incentivou os participantes a arrecadarem lacres de latas de alum\u00ednio; entrevistas; est\u00e9tica por meio de desfile em traje de banho; Social Media Challenge; e o desfile final com trajes do estilista Marcelo Ortale na noite do dia 04 de junho\u201d, explica o organizador Milton Figueiredo.<\/p>\n<p>O concurso \u00e9 uma realiza\u00e7\u00e3o da Made in Barretos Produ\u00e7\u00f5es, com patroc\u00ednio de Palheiro Fivela de Ouro e N Solu\u00e7\u00f5es Tecnologia, e apoio de Os Independentes, Barretos Park Hotel, Rio Pardo Exposhow, NicNet, Kmais, Camarote Gold Mix Country, Rainha Usa Chap\u00e9u, Total Gr\u00e1fica e Comunica\u00e7\u00e3o Visual, Lindomar Argolo Fotografias e Filmagens, e Kim. As parcerias incluem BRTVMAX, 1 A+ Produ\u00e7\u00f5es, Marcelo Ortale Moda Country, M\u00e1rcio Oliveira Fotografia, Gomide Eventos e Produ\u00e7\u00f5es, Delta Force, Spim 360\u00ba, Jos\u00e9 Fernando Beauty Company e Pastelaria do Bigode. A produ\u00e7\u00e3o \u00e9 de R Costa Produ\u00e7\u00f5es.<\/p>\n<p>&nbsp;<\/p>\n","protected":false},"excerpt":{"rendered":"<p>&nbsp; 8\u00aa edi\u00e7\u00e3o do Miss Rodeio Brasil e a 13\u00aa<\/p>\n","protected":false},"author":2,"featured_media":105706,"comment_status":"open","ping_status":"open","sticky":false,"template":"","format":"standard","meta":{"footnotes":""},"categories":[14],"tags":[],"class_list":["post-105703","post","type-post","status-publish","format-standard","has-post-thumbnail","hentry","category-barretos"],"yoast_head":"<!-- This site is optimized with the Yoast SEO plugin v27.4 - https:\/\/yoast.com\/product\/yoast-seo-wordpress\/ -->\n<title>Miss &amp; Mister Rodeio Brasil 2024 ser\u00e3o eleitos nesta ter\u00e7a-feira no Parque do Pe\u00e3o de Barretos - Regi\u00e3o News<\/title>\n<meta name=\"robots\" content=\"index, follow, max-snippet:-1, max-image-preview:large, max-video-preview:-1\" \/>\n<link rel=\"canonical\" href=\"https:\/\/regiaonews.net.br\/2022\/2024\/05\/31\/miss-mister-rodeio-brasil-2024-serao-eleitos-nesta-terca-feira-no-parque-do-peao-de-barretos\/\" \/>\n<meta property=\"og:locale\" content=\"pt_BR\" \/>\n<meta property=\"og:type\" content=\"article\" \/>\n<meta property=\"og:title\" content=\"Miss &amp; Mister Rodeio Brasil 2024 ser\u00e3o eleitos nesta ter\u00e7a-feira no Parque do Pe\u00e3o de Barretos - Regi\u00e3o News\" \/>\n<meta property=\"og:description\" content=\"&nbsp; 8\u00aa edi\u00e7\u00e3o do Miss Rodeio Brasil e a 13\u00aa\" \/>\n<meta property=\"og:url\" content=\"https:\/\/regiaonews.net.br\/2022\/2024\/05\/31\/miss-mister-rodeio-brasil-2024-serao-eleitos-nesta-terca-feira-no-parque-do-peao-de-barretos\/\" \/>\n<meta property=\"og:site_name\" content=\"Regi\u00e3o News\" \/>\n<meta property=\"article:published_time\" content=\"2024-05-31T23:18:28+00:00\" \/>\n<meta property=\"article:modified_time\" content=\"2024-05-31T23:21:28+00:00\" \/>\n<meta property=\"og:image\" content=\"https:\/\/regiaonews.net.br\/2022\/wp-content\/uploads\/2024\/05\/WhatsApp-Image-2024-05-31-at-20.20.24.jpeg\" \/>\n\t<meta property=\"og:image:width\" content=\"1060\" \/>\n\t<meta property=\"og:image:height\" content=\"1094\" \/>\n\t<meta property=\"og:image:type\" content=\"image\/jpeg\" \/>\n<meta name=\"author\" content=\"Roberto\" \/>\n<meta name=\"twitter:card\" content=\"summary_large_image\" \/>\n<meta name=\"twitter:label1\" content=\"Escrito por\" \/>\n\t<meta name=\"twitter:data1\" content=\"Roberto\" \/>\n\t<meta name=\"twitter:label2\" content=\"Est. tempo de leitura\" \/>\n\t<meta name=\"twitter:data2\" content=\"3 minutos\" \/>\n<script type=\"application\/ld+json\" class=\"yoast-schema-graph\">{\"@context\":\"https:\\\/\\\/schema.org\",\"@graph\":[{\"@type\":\"Article\",\"@id\":\"https:\\\/\\\/regiaonews.net.br\\\/2022\\\/2024\\\/05\\\/31\\\/miss-mister-rodeio-brasil-2024-serao-eleitos-nesta-terca-feira-no-parque-do-peao-de-barretos\\\/#article\",\"isPartOf\":{\"@id\":\"https:\\\/\\\/regiaonews.net.br\\\/2022\\\/2024\\\/05\\\/31\\\/miss-mister-rodeio-brasil-2024-serao-eleitos-nesta-terca-feira-no-parque-do-peao-de-barretos\\\/\"},\"author\":{\"name\":\"Roberto\",\"@id\":\"https:\\\/\\\/regiaonews.net.br\\\/2022\\\/#\\\/schema\\\/person\\\/2d205a608a5aa97ac279d7a5e6d89ad8\"},\"headline\":\"Miss &#038; Mister Rodeio Brasil 2024 ser\u00e3o eleitos nesta ter\u00e7a-feira no Parque do Pe\u00e3o de Barretos\",\"datePublished\":\"2024-05-31T23:18:28+00:00\",\"dateModified\":\"2024-05-31T23:21:28+00:00\",\"mainEntityOfPage\":{\"@id\":\"https:\\\/\\\/regiaonews.net.br\\\/2022\\\/2024\\\/05\\\/31\\\/miss-mister-rodeio-brasil-2024-serao-eleitos-nesta-terca-feira-no-parque-do-peao-de-barretos\\\/\"},\"wordCount\":556,\"commentCount\":0,\"publisher\":{\"@id\":\"https:\\\/\\\/regiaonews.net.br\\\/2022\\\/#organization\"},\"image\":{\"@id\":\"https:\\\/\\\/regiaonews.net.br\\\/2022\\\/2024\\\/05\\\/31\\\/miss-mister-rodeio-brasil-2024-serao-eleitos-nesta-terca-feira-no-parque-do-peao-de-barretos\\\/#primaryimage\"},\"thumbnailUrl\":\"https:\\\/\\\/regiaonews.net.br\\\/2022\\\/wp-content\\\/uploads\\\/2024\\\/05\\\/WhatsApp-Image-2024-05-31-at-20.20.24.jpeg\",\"articleSection\":[\"Barretos\"],\"inLanguage\":\"pt-BR\",\"potentialAction\":[{\"@type\":\"CommentAction\",\"name\":\"Comment\",\"target\":[\"https:\\\/\\\/regiaonews.net.br\\\/2022\\\/2024\\\/05\\\/31\\\/miss-mister-rodeio-brasil-2024-serao-eleitos-nesta-terca-feira-no-parque-do-peao-de-barretos\\\/#respond\"]}]},{\"@type\":\"WebPage\",\"@id\":\"https:\\\/\\\/regiaonews.net.br\\\/2022\\\/2024\\\/05\\\/31\\\/miss-mister-rodeio-brasil-2024-serao-eleitos-nesta-terca-feira-no-parque-do-peao-de-barretos\\\/\",\"url\":\"https:\\\/\\\/regiaonews.net.br\\\/2022\\\/2024\\\/05\\\/31\\\/miss-mister-rodeio-brasil-2024-serao-eleitos-nesta-terca-feira-no-parque-do-peao-de-barretos\\\/\",\"name\":\"Miss & Mister Rodeio Brasil 2024 ser\u00e3o eleitos nesta ter\u00e7a-feira no Parque do Pe\u00e3o de Barretos - Regi\u00e3o News\",\"isPartOf\":{\"@id\":\"https:\\\/\\\/regiaonews.net.br\\\/2022\\\/#website\"},\"primaryImageOfPage\":{\"@id\":\"https:\\\/\\\/regiaonews.net.br\\\/2022\\\/2024\\\/05\\\/31\\\/miss-mister-rodeio-brasil-2024-serao-eleitos-nesta-terca-feira-no-parque-do-peao-de-barretos\\\/#primaryimage\"},\"image\":{\"@id\":\"https:\\\/\\\/regiaonews.net.br\\\/2022\\\/2024\\\/05\\\/31\\\/miss-mister-rodeio-brasil-2024-serao-eleitos-nesta-terca-feira-no-parque-do-peao-de-barretos\\\/#primaryimage\"},\"thumbnailUrl\":\"https:\\\/\\\/regiaonews.net.br\\\/2022\\\/wp-content\\\/uploads\\\/2024\\\/05\\\/WhatsApp-Image-2024-05-31-at-20.20.24.jpeg\",\"datePublished\":\"2024-05-31T23:18:28+00:00\",\"dateModified\":\"2024-05-31T23:21:28+00:00\",\"breadcrumb\":{\"@id\":\"https:\\\/\\\/regiaonews.net.br\\\/2022\\\/2024\\\/05\\\/31\\\/miss-mister-rodeio-brasil-2024-serao-eleitos-nesta-terca-feira-no-parque-do-peao-de-barretos\\\/#breadcrumb\"},\"inLanguage\":\"pt-BR\",\"potentialAction\":[{\"@type\":\"ReadAction\",\"target\":[\"https:\\\/\\\/regiaonews.net.br\\\/2022\\\/2024\\\/05\\\/31\\\/miss-mister-rodeio-brasil-2024-serao-eleitos-nesta-terca-feira-no-parque-do-peao-de-barretos\\\/\"]}]},{\"@type\":\"ImageObject\",\"inLanguage\":\"pt-BR\",\"@id\":\"https:\\\/\\\/regiaonews.net.br\\\/2022\\\/2024\\\/05\\\/31\\\/miss-mister-rodeio-brasil-2024-serao-eleitos-nesta-terca-feira-no-parque-do-peao-de-barretos\\\/#primaryimage\",\"url\":\"https:\\\/\\\/regiaonews.net.br\\\/2022\\\/wp-content\\\/uploads\\\/2024\\\/05\\\/WhatsApp-Image-2024-05-31-at-20.20.24.jpeg\",\"contentUrl\":\"https:\\\/\\\/regiaonews.net.br\\\/2022\\\/wp-content\\\/uploads\\\/2024\\\/05\\\/WhatsApp-Image-2024-05-31-at-20.20.24.jpeg\",\"width\":1060,\"height\":1094},{\"@type\":\"BreadcrumbList\",\"@id\":\"https:\\\/\\\/regiaonews.net.br\\\/2022\\\/2024\\\/05\\\/31\\\/miss-mister-rodeio-brasil-2024-serao-eleitos-nesta-terca-feira-no-parque-do-peao-de-barretos\\\/#breadcrumb\",\"itemListElement\":[{\"@type\":\"ListItem\",\"position\":1,\"name\":\"In\u00edcio\",\"item\":\"https:\\\/\\\/regiaonews.net.br\\\/2022\\\/\"},{\"@type\":\"ListItem\",\"position\":2,\"name\":\"Miss &#038; Mister Rodeio Brasil 2024 ser\u00e3o eleitos nesta ter\u00e7a-feira no Parque do Pe\u00e3o de Barretos\"}]},{\"@type\":\"WebSite\",\"@id\":\"https:\\\/\\\/regiaonews.net.br\\\/2022\\\/#website\",\"url\":\"https:\\\/\\\/regiaonews.net.br\\\/2022\\\/\",\"name\":\"Regi\u00e3o News\",\"description\":\"Site de Not\u00edcias de Barretos e regi\u00e3o\",\"publisher\":{\"@id\":\"https:\\\/\\\/regiaonews.net.br\\\/2022\\\/#organization\"},\"potentialAction\":[{\"@type\":\"SearchAction\",\"target\":{\"@type\":\"EntryPoint\",\"urlTemplate\":\"https:\\\/\\\/regiaonews.net.br\\\/2022\\\/?s={search_term_string}\"},\"query-input\":{\"@type\":\"PropertyValueSpecification\",\"valueRequired\":true,\"valueName\":\"search_term_string\"}}],\"inLanguage\":\"pt-BR\"},{\"@type\":\"Organization\",\"@id\":\"https:\\\/\\\/regiaonews.net.br\\\/2022\\\/#organization\",\"name\":\"Regi\u00e3o News\",\"url\":\"https:\\\/\\\/regiaonews.net.br\\\/2022\\\/\",\"logo\":{\"@type\":\"ImageObject\",\"inLanguage\":\"pt-BR\",\"@id\":\"https:\\\/\\\/regiaonews.net.br\\\/2022\\\/#\\\/schema\\\/logo\\\/image\\\/\",\"url\":\"https:\\\/\\\/regiaonews.net.br\\\/2022\\\/wp-content\\\/uploads\\\/2026\\\/03\\\/regiao-13-anos-scaled.jpg\",\"contentUrl\":\"https:\\\/\\\/regiaonews.net.br\\\/2022\\\/wp-content\\\/uploads\\\/2026\\\/03\\\/regiao-13-anos-scaled.jpg\",\"width\":2560,\"height\":635,\"caption\":\"Regi\u00e3o News\"},\"image\":{\"@id\":\"https:\\\/\\\/regiaonews.net.br\\\/2022\\\/#\\\/schema\\\/logo\\\/image\\\/\"}},{\"@type\":\"Person\",\"@id\":\"https:\\\/\\\/regiaonews.net.br\\\/2022\\\/#\\\/schema\\\/person\\\/2d205a608a5aa97ac279d7a5e6d89ad8\",\"name\":\"Roberto\",\"image\":{\"@type\":\"ImageObject\",\"inLanguage\":\"pt-BR\",\"@id\":\"https:\\\/\\\/secure.gravatar.com\\\/avatar\\\/42749d8b712ff9d59ca93dc150494e5b55a44134482993f5baeb97e61b7ecc89?s=96&d=mm&r=g\",\"url\":\"https:\\\/\\\/secure.gravatar.com\\\/avatar\\\/42749d8b712ff9d59ca93dc150494e5b55a44134482993f5baeb97e61b7ecc89?s=96&d=mm&r=g\",\"contentUrl\":\"https:\\\/\\\/secure.gravatar.com\\\/avatar\\\/42749d8b712ff9d59ca93dc150494e5b55a44134482993f5baeb97e61b7ecc89?s=96&d=mm&r=g\",\"caption\":\"Roberto\"},\"url\":\"https:\\\/\\\/regiaonews.net.br\\\/2022\\\/author\\\/roberto\\\/\"}]}<\/script>\n<!-- \/ Yoast SEO plugin. -->","yoast_head_json":{"title":"Miss & Mister Rodeio Brasil 2024 ser\u00e3o eleitos nesta ter\u00e7a-feira no Parque do Pe\u00e3o de Barretos - Regi\u00e3o News","robots":{"index":"index","follow":"follow","max-snippet":"max-snippet:-1","max-image-preview":"max-image-preview:large","max-video-preview":"max-video-preview:-1"},"canonical":"https:\/\/regiaonews.net.br\/2022\/2024\/05\/31\/miss-mister-rodeio-brasil-2024-serao-eleitos-nesta-terca-feira-no-parque-do-peao-de-barretos\/","og_locale":"pt_BR","og_type":"article","og_title":"Miss & Mister Rodeio Brasil 2024 ser\u00e3o eleitos nesta ter\u00e7a-feira no Parque do Pe\u00e3o de Barretos - Regi\u00e3o News","og_description":"&nbsp; 8\u00aa edi\u00e7\u00e3o do Miss Rodeio Brasil e a 13\u00aa","og_url":"https:\/\/regiaonews.net.br\/2022\/2024\/05\/31\/miss-mister-rodeio-brasil-2024-serao-eleitos-nesta-terca-feira-no-parque-do-peao-de-barretos\/","og_site_name":"Regi\u00e3o News","article_published_time":"2024-05-31T23:18:28+00:00","article_modified_time":"2024-05-31T23:21:28+00:00","og_image":[{"width":1060,"height":1094,"url":"https:\/\/regiaonews.net.br\/2022\/wp-content\/uploads\/2024\/05\/WhatsApp-Image-2024-05-31-at-20.20.24.jpeg","type":"image\/jpeg"}],"author":"Roberto","twitter_card":"summary_large_image","twitter_misc":{"Escrito por":"Roberto","Est. tempo de leitura":"3 minutos"},"schema":{"@context":"https:\/\/schema.org","@graph":[{"@type":"Article","@id":"https:\/\/regiaonews.net.br\/2022\/2024\/05\/31\/miss-mister-rodeio-brasil-2024-serao-eleitos-nesta-terca-feira-no-parque-do-peao-de-barretos\/#article","isPartOf":{"@id":"https:\/\/regiaonews.net.br\/2022\/2024\/05\/31\/miss-mister-rodeio-brasil-2024-serao-eleitos-nesta-terca-feira-no-parque-do-peao-de-barretos\/"},"author":{"name":"Roberto","@id":"https:\/\/regiaonews.net.br\/2022\/#\/schema\/person\/2d205a608a5aa97ac279d7a5e6d89ad8"},"headline":"Miss &#038; Mister Rodeio Brasil 2024 ser\u00e3o eleitos nesta ter\u00e7a-feira no Parque do Pe\u00e3o de Barretos","datePublished":"2024-05-31T23:18:28+00:00","dateModified":"2024-05-31T23:21:28+00:00","mainEntityOfPage":{"@id":"https:\/\/regiaonews.net.br\/2022\/2024\/05\/31\/miss-mister-rodeio-brasil-2024-serao-eleitos-nesta-terca-feira-no-parque-do-peao-de-barretos\/"},"wordCount":556,"commentCount":0,"publisher":{"@id":"https:\/\/regiaonews.net.br\/2022\/#organization"},"image":{"@id":"https:\/\/regiaonews.net.br\/2022\/2024\/05\/31\/miss-mister-rodeio-brasil-2024-serao-eleitos-nesta-terca-feira-no-parque-do-peao-de-barretos\/#primaryimage"},"thumbnailUrl":"https:\/\/regiaonews.net.br\/2022\/wp-content\/uploads\/2024\/05\/WhatsApp-Image-2024-05-31-at-20.20.24.jpeg","articleSection":["Barretos"],"inLanguage":"pt-BR","potentialAction":[{"@type":"CommentAction","name":"Comment","target":["https:\/\/regiaonews.net.br\/2022\/2024\/05\/31\/miss-mister-rodeio-brasil-2024-serao-eleitos-nesta-terca-feira-no-parque-do-peao-de-barretos\/#respond"]}]},{"@type":"WebPage","@id":"https:\/\/regiaonews.net.br\/2022\/2024\/05\/31\/miss-mister-rodeio-brasil-2024-serao-eleitos-nesta-terca-feira-no-parque-do-peao-de-barretos\/","url":"https:\/\/regiaonews.net.br\/2022\/2024\/05\/31\/miss-mister-rodeio-brasil-2024-serao-eleitos-nesta-terca-feira-no-parque-do-peao-de-barretos\/","name":"Miss & Mister Rodeio Brasil 2024 ser\u00e3o eleitos nesta ter\u00e7a-feira no Parque do Pe\u00e3o de Barretos - Regi\u00e3o News","isPartOf":{"@id":"https:\/\/regiaonews.net.br\/2022\/#website"},"primaryImageOfPage":{"@id":"https:\/\/regiaonews.net.br\/2022\/2024\/05\/31\/miss-mister-rodeio-brasil-2024-serao-eleitos-nesta-terca-feira-no-parque-do-peao-de-barretos\/#primaryimage"},"image":{"@id":"https:\/\/regiaonews.net.br\/2022\/2024\/05\/31\/miss-mister-rodeio-brasil-2024-serao-eleitos-nesta-terca-feira-no-parque-do-peao-de-barretos\/#primaryimage"},"thumbnailUrl":"https:\/\/regiaonews.net.br\/2022\/wp-content\/uploads\/2024\/05\/WhatsApp-Image-2024-05-31-at-20.20.24.jpeg","datePublished":"2024-05-31T23:18:28+00:00","dateModified":"2024-05-31T23:21:28+00:00","breadcrumb":{"@id":"https:\/\/regiaonews.net.br\/2022\/2024\/05\/31\/miss-mister-rodeio-brasil-2024-serao-eleitos-nesta-terca-feira-no-parque-do-peao-de-barretos\/#breadcrumb"},"inLanguage":"pt-BR","potentialAction":[{"@type":"ReadAction","target":["https:\/\/regiaonews.net.br\/2022\/2024\/05\/31\/miss-mister-rodeio-brasil-2024-serao-eleitos-nesta-terca-feira-no-parque-do-peao-de-barretos\/"]}]},{"@type":"ImageObject","inLanguage":"pt-BR","@id":"https:\/\/regiaonews.net.br\/2022\/2024\/05\/31\/miss-mister-rodeio-brasil-2024-serao-eleitos-nesta-terca-feira-no-parque-do-peao-de-barretos\/#primaryimage","url":"https:\/\/regiaonews.net.br\/2022\/wp-content\/uploads\/2024\/05\/WhatsApp-Image-2024-05-31-at-20.20.24.jpeg","contentUrl":"https:\/\/regiaonews.net.br\/2022\/wp-content\/uploads\/2024\/05\/WhatsApp-Image-2024-05-31-at-20.20.24.jpeg","width":1060,"height":1094},{"@type":"BreadcrumbList","@id":"https:\/\/regiaonews.net.br\/2022\/2024\/05\/31\/miss-mister-rodeio-brasil-2024-serao-eleitos-nesta-terca-feira-no-parque-do-peao-de-barretos\/#breadcrumb","itemListElement":[{"@type":"ListItem","position":1,"name":"In\u00edcio","item":"https:\/\/regiaonews.net.br\/2022\/"},{"@type":"ListItem","position":2,"name":"Miss &#038; Mister Rodeio Brasil 2024 ser\u00e3o eleitos nesta ter\u00e7a-feira no Parque do Pe\u00e3o de Barretos"}]},{"@type":"WebSite","@id":"https:\/\/regiaonews.net.br\/2022\/#website","url":"https:\/\/regiaonews.net.br\/2022\/","name":"Regi\u00e3o News","description":"Site de Not\u00edcias de Barretos e regi\u00e3o","publisher":{"@id":"https:\/\/regiaonews.net.br\/2022\/#organization"},"potentialAction":[{"@type":"SearchAction","target":{"@type":"EntryPoint","urlTemplate":"https:\/\/regiaonews.net.br\/2022\/?s={search_term_string}"},"query-input":{"@type":"PropertyValueSpecification","valueRequired":true,"valueName":"search_term_string"}}],"inLanguage":"pt-BR"},{"@type":"Organization","@id":"https:\/\/regiaonews.net.br\/2022\/#organization","name":"Regi\u00e3o News","url":"https:\/\/regiaonews.net.br\/2022\/","logo":{"@type":"ImageObject","inLanguage":"pt-BR","@id":"https:\/\/regiaonews.net.br\/2022\/#\/schema\/logo\/image\/","url":"https:\/\/regiaonews.net.br\/2022\/wp-content\/uploads\/2026\/03\/regiao-13-anos-scaled.jpg","contentUrl":"https:\/\/regiaonews.net.br\/2022\/wp-content\/uploads\/2026\/03\/regiao-13-anos-scaled.jpg","width":2560,"height":635,"caption":"Regi\u00e3o News"},"image":{"@id":"https:\/\/regiaonews.net.br\/2022\/#\/schema\/logo\/image\/"}},{"@type":"Person","@id":"https:\/\/regiaonews.net.br\/2022\/#\/schema\/person\/2d205a608a5aa97ac279d7a5e6d89ad8","name":"Roberto","image":{"@type":"ImageObject","inLanguage":"pt-BR","@id":"https:\/\/secure.gravatar.com\/avatar\/42749d8b712ff9d59ca93dc150494e5b55a44134482993f5baeb97e61b7ecc89?s=96&d=mm&r=g","url":"https:\/\/secure.gravatar.com\/avatar\/42749d8b712ff9d59ca93dc150494e5b55a44134482993f5baeb97e61b7ecc89?s=96&d=mm&r=g","contentUrl":"https:\/\/secure.gravatar.com\/avatar\/42749d8b712ff9d59ca93dc150494e5b55a44134482993f5baeb97e61b7ecc89?s=96&d=mm&r=g","caption":"Roberto"},"url":"https:\/\/regiaonews.net.br\/2022\/author\/roberto\/"}]}},"publishpress_future_action":{"enabled":false,"date":"2026-05-03 09:47:08","action":"change-status","newStatus":"draft","terms":[],"taxonomy":"category","extraData":[]},"publishpress_future_workflow_manual_trigger":{"enabledWorkflows":[]},"_links":{"self":[{"href":"https:\/\/regiaonews.net.br\/2022\/wp-json\/wp\/v2\/posts\/105703","targetHints":{"allow":["GET"]}}],"collection":[{"href":"https:\/\/regiaonews.net.br\/2022\/wp-json\/wp\/v2\/posts"}],"about":[{"href":"https:\/\/regiaonews.net.br\/2022\/wp-json\/wp\/v2\/types\/post"}],"author":[{"embeddable":true,"href":"https:\/\/regiaonews.net.br\/2022\/wp-json\/wp\/v2\/users\/2"}],"replies":[{"embeddable":true,"href":"https:\/\/regiaonews.net.br\/2022\/wp-json\/wp\/v2\/comments?post=105703"}],"version-history":[{"count":1,"href":"https:\/\/regiaonews.net.br\/2022\/wp-json\/wp\/v2\/posts\/105703\/revisions"}],"predecessor-version":[{"id":105705,"href":"https:\/\/regiaonews.net.br\/2022\/wp-json\/wp\/v2\/posts\/105703\/revisions\/105705"}],"wp:featuredmedia":[{"embeddable":true,"href":"https:\/\/regiaonews.net.br\/2022\/wp-json\/wp\/v2\/media\/105706"}],"wp:attachment":[{"href":"https:\/\/regiaonews.net.br\/2022\/wp-json\/wp\/v2\/media?parent=105703"}],"wp:term":[{"taxonomy":"category","embeddable":true,"href":"https:\/\/regiaonews.net.br\/2022\/wp-json\/wp\/v2\/categories?post=105703"},{"taxonomy":"post_tag","embeddable":true,"href":"https:\/\/regiaonews.net.br\/2022\/wp-json\/wp\/v2\/tags?post=105703"}],"curies":[{"name":"wp","href":"https:\/\/api.w.org\/{rel}","templated":true}]}}