{"id":105693,"date":"2024-05-31T18:07:32","date_gmt":"2024-05-31T21:07:32","guid":{"rendered":"https:\/\/regiaonews.net.br\/2022\/?p=105693"},"modified":"2024-05-31T18:07:32","modified_gmt":"2024-05-31T21:07:32","slug":"cia-tercio-miranda-leiloa-primeiro-embriao-do-touro-acesso-negado-e-destina-renda-ao-ha","status":"publish","type":"post","link":"https:\/\/regiaonews.net.br\/2022\/2024\/05\/31\/cia-tercio-miranda-leiloa-primeiro-embriao-do-touro-acesso-negado-e-destina-renda-ao-ha\/","title":{"rendered":"Cia T\u00e9rcio Miranda leiloa primeiro embri\u00e3o do touro Acesso Negado e destina renda ao HA"},"content":{"rendered":"<p>Foto &#8211; Eduardo Penna<\/p>\n<p>&nbsp;<\/p>\n<p><em>Institui\u00e7\u00e3o de Barretos (SP) receber\u00e1 doa\u00e7\u00e3o de\u00a0<strong>R$ 300 mil<\/strong><\/em><\/p>\n<p>A Cia T\u00e9rcio Miranda realizou, na noite de ter\u00e7a-feira (28), em Votuporanga (SP), o 1\u00ba Encontro Internacional de Gen\u00e9tica de Touros de Pulo. O evento representou um passo significativo para o rodeio, reunindo tropeiros, empres\u00e1rios, pol\u00edticos, jornalistas e investidores de diversas regi\u00f5es do Brasil.<\/p>\n<p>Entre os destaques da noite, o primeiro embri\u00e3o do touro Acesso Negado foi arrematado em um leil\u00e3o por\u00a0<strong>R$ 300 mil, batendo recorde como o mais valioso do pa\u00eds.<\/strong>\u00a0Todo o dinheiro arrecadado ser\u00e1 revertido ao Hospital de Amor de Barretos, refer\u00eancia no tratamento contra o c\u00e2ncer.<\/p>\n<p>Esta n\u00e3o \u00e9 a primeira vez que os animais do plantel dos empres\u00e1rios T\u00e9rcio e Rosana Miranda ajudam em causas nobres. O touro Briga de Galo, por exemplo, participou por dois anos consecutivos do Desafio do Bem, contribuindo significativamente para a arrecada\u00e7\u00e3o de fundos destinados \u00e0 institui\u00e7\u00e3o.<\/p>\n<p>&#8220;Expressamos nossa sincera gratid\u00e3o a todos que participaram do evento, compartilhando informa\u00e7\u00f5es com o objetivo de valorizar o rodeio. Tamb\u00e9m gostar\u00edamos de estender nossos agradecimentos \u00e0 Cia Bela Vista por adquirir o primeiro produto do Acesso Negado, touro que \u00e9 o centro do nosso projeto de melhoramento gen\u00e9tico. \u00c9 muito gratificante ver nossos animais ajudando quem precisa mais uma vez\u201d, diz Rosana Miranda.<\/p>\n<p>Promovido em parceria com a Associa\u00e7\u00e3o Brasileira de Criadores de Touros de Rodeio (ABTR), o encontro teve a presen\u00e7a dos norte-americanos Laramie Wilson e Katie Perschbacher, propriet\u00e1rios do touro Woopaa \u2013 campe\u00e3o da Professional Bull Riders (PBR) de 2021 e detentor da maior nota da hist\u00f3ria do circuito.<\/p>\n<p>Antes de subirem ao palco para apresentar o trabalho que desenvolvem h\u00e1 anos no renomado \u201cHookin W Ranch\u201d, os norte-americanos fizeram visitas \u00e0s fazendas da Cia T\u00e9rcio Miranda, reconhecida nacionalmente pela excel\u00eancia no tratamento e manejo dos animais, bem como pelo hist\u00f3rico de sucesso nas arenas brasileiras.<\/p>\n<p>\u201cFomos muito bem recepcionados e s\u00f3 temos a agradecer. Todos estavam interessados em aprender como trabalhamos com o melhoramento gen\u00e9tico nos Estados Unidos. Tamb\u00e9m levaremos muitas informa\u00e7\u00f5es que conseguimos absorver ao longo de todos esses dias. J\u00e1 estamos planejando outra viagem ao Brasil, porque o que vivemos aqui foi emocionante e enriquecedor. Temos certeza de que o interc\u00e2mbio de informa\u00e7\u00f5es continuar\u00e1 por muitos anos\u201d, afirma Katie Perschbacher.<\/p>\n<p>Al\u00e9m dos norte-americanos e de outras figuras importantes do rodeio, o campe\u00e3o mundial C\u00e1ssio Dias Barbosa esteve presente no encontro, acompanhado de sua esposa, a m\u00e9dica veterin\u00e1ria Juliana Reidel Dias.<\/p>\n<p>Durante seu discurso aos participantes, o atleta destacou a excel\u00eancia do trabalho realizado pelos tropeiros brasileiros e incentivou os investidores a acreditarem ainda mais no potencial do rodeio.<\/p>\n<p>&#8220;O Brasil \u00e9 o pa\u00eds com o maior n\u00famero de campe\u00f5es mundiais. Por que os pe\u00f5es brasileiros se destacam nos Estados Unidos? Porque existem in\u00fameros touros de alta qualidade aqui. Os pr\u00f3prios norte-americanos reconhecem isso. Este encontro de gen\u00e9tica \u00e9 um marco n\u00e3o apenas por valorizar o rodeio, mas tamb\u00e9m porque demonstra o interesse dos Estados Unidos no trabalho que \u00e9 realizado no Brasil\u201d, afirma C\u00e1ssio.<\/p>\n<p><strong><u>Projeto Acesso Negado<\/u><\/strong><\/p>\n<p>Embora tenha sido oficialmente lan\u00e7ado em fevereiro deste ano, o projeto de melhoramento gen\u00e9tico citado por Rosana no in\u00edcio do texto \u00e9 um sonho antigo que virou realidade ap\u00f3s a compra do Acesso Negado \u2013 animal mais valioso e famoso do pa\u00eds.<\/p>\n<p>No ano passado, a aquisi\u00e7\u00e3o feita pela Cia T\u00e9rcio Miranda chamou aten\u00e7\u00e3o n\u00e3o apenas pelo pre\u00e7o, superior a R$ 1 milh\u00e3o, mas pela singularidade de suas caracter\u00edsticas gen\u00e9ticas: menor, por\u00e9m, com pulos mais velozes e dif\u00edceis. Atualmente, o Acesso Negado est\u00e1 avaliado em cinco vezes mais.<\/p>\n<p>&#8220;Na realidade, muitas pessoas n\u00e3o entendem o motivo de termos investido t\u00e3o alto em um touro de rodeio, mas, desde o come\u00e7o, procur\u00e1vamos o animal correto para o nosso programa de melhoramento gen\u00e9tico. Quando vimos as caracter\u00edsticas e a qualidade do pulo do Acesso Negado, n\u00e3o tivemos d\u00favidas. \u00c9 isso que buscamos: um animal menor, mas que imponha dificuldade e velocidade&#8221;, explica T\u00e9rcio.<\/p>\n<p>Al\u00e9m de comercializar bezerros ou embri\u00f5es j\u00e1 fecundados do Acesso Negado, a Cia T\u00e9rcio Miranda trabalha com material gen\u00e9tico de outros animais do plantel, como Rei do Norte e Gatilho \u2013 campe\u00f5es da Festa do Pe\u00e3o de Barretos de 2023.<\/p>\n<p>&#8220;Saber que o primeiro produto do Acesso Negado contribuir\u00e1 para auxiliar pessoas que enfrentam a batalha contra o c\u00e2ncer traz uma gratifica\u00e7\u00e3o imensa. Para n\u00f3s da Cia T\u00e9rcio Miranda, a filantropia representa um dos valores primordiais que norteiam nossa atua\u00e7\u00e3o,&#8221; explica T\u00e9rcio.<\/p>\n","protected":false},"excerpt":{"rendered":"<p>Foto &#8211; Eduardo Penna &nbsp; Institui\u00e7\u00e3o de Barretos (SP) receber\u00e1<\/p>\n","protected":false},"author":2,"featured_media":105694,"comment_status":"open","ping_status":"open","sticky":false,"template":"","format":"standard","meta":{"footnotes":""},"categories":[25,112],"tags":[],"class_list":["post-105693","post","type-post","status-publish","format-standard","has-post-thumbnail","hentry","category-cidades","category-votuporanga"],"yoast_head":"<!-- This site is optimized with the Yoast SEO plugin v27.4 - https:\/\/yoast.com\/product\/yoast-seo-wordpress\/ -->\n<title>Cia T\u00e9rcio Miranda leiloa primeiro embri\u00e3o do touro Acesso Negado e destina renda ao HA - Regi\u00e3o News<\/title>\n<meta name=\"robots\" content=\"index, follow, max-snippet:-1, max-image-preview:large, max-video-preview:-1\" \/>\n<link rel=\"canonical\" href=\"https:\/\/regiaonews.net.br\/2022\/2024\/05\/31\/cia-tercio-miranda-leiloa-primeiro-embriao-do-touro-acesso-negado-e-destina-renda-ao-ha\/\" \/>\n<meta property=\"og:locale\" content=\"pt_BR\" \/>\n<meta property=\"og:type\" content=\"article\" \/>\n<meta property=\"og:title\" content=\"Cia T\u00e9rcio Miranda leiloa primeiro embri\u00e3o do touro Acesso Negado e destina renda ao HA - Regi\u00e3o News\" \/>\n<meta property=\"og:description\" content=\"Foto &#8211; Eduardo Penna &nbsp; Institui\u00e7\u00e3o de Barretos (SP) receber\u00e1\" \/>\n<meta property=\"og:url\" content=\"https:\/\/regiaonews.net.br\/2022\/2024\/05\/31\/cia-tercio-miranda-leiloa-primeiro-embriao-do-touro-acesso-negado-e-destina-renda-ao-ha\/\" \/>\n<meta property=\"og:site_name\" content=\"Regi\u00e3o News\" \/>\n<meta property=\"article:published_time\" content=\"2024-05-31T21:07:32+00:00\" \/>\n<meta property=\"og:image\" content=\"https:\/\/regiaonews.net.br\/2022\/wp-content\/uploads\/2024\/05\/Imprensa-Discurso-Tercio-Rosana-Esnar-Laramie-e-Katie.png\" \/>\n\t<meta property=\"og:image:width\" content=\"1334\" \/>\n\t<meta property=\"og:image:height\" content=\"884\" \/>\n\t<meta property=\"og:image:type\" content=\"image\/png\" \/>\n<meta name=\"author\" content=\"Roberto\" \/>\n<meta name=\"twitter:card\" content=\"summary_large_image\" \/>\n<meta name=\"twitter:label1\" content=\"Escrito por\" \/>\n\t<meta name=\"twitter:data1\" content=\"Roberto\" \/>\n\t<meta name=\"twitter:label2\" content=\"Est. tempo de leitura\" \/>\n\t<meta name=\"twitter:data2\" content=\"5 minutos\" \/>\n<script type=\"application\/ld+json\" class=\"yoast-schema-graph\">{\"@context\":\"https:\\\/\\\/schema.org\",\"@graph\":[{\"@type\":\"Article\",\"@id\":\"https:\\\/\\\/regiaonews.net.br\\\/2022\\\/2024\\\/05\\\/31\\\/cia-tercio-miranda-leiloa-primeiro-embriao-do-touro-acesso-negado-e-destina-renda-ao-ha\\\/#article\",\"isPartOf\":{\"@id\":\"https:\\\/\\\/regiaonews.net.br\\\/2022\\\/2024\\\/05\\\/31\\\/cia-tercio-miranda-leiloa-primeiro-embriao-do-touro-acesso-negado-e-destina-renda-ao-ha\\\/\"},\"author\":{\"name\":\"Roberto\",\"@id\":\"https:\\\/\\\/regiaonews.net.br\\\/2022\\\/#\\\/schema\\\/person\\\/2d205a608a5aa97ac279d7a5e6d89ad8\"},\"headline\":\"Cia T\u00e9rcio Miranda leiloa primeiro embri\u00e3o do touro Acesso Negado e destina renda ao HA\",\"datePublished\":\"2024-05-31T21:07:32+00:00\",\"mainEntityOfPage\":{\"@id\":\"https:\\\/\\\/regiaonews.net.br\\\/2022\\\/2024\\\/05\\\/31\\\/cia-tercio-miranda-leiloa-primeiro-embriao-do-touro-acesso-negado-e-destina-renda-ao-ha\\\/\"},\"wordCount\":823,\"commentCount\":0,\"publisher\":{\"@id\":\"https:\\\/\\\/regiaonews.net.br\\\/2022\\\/#organization\"},\"image\":{\"@id\":\"https:\\\/\\\/regiaonews.net.br\\\/2022\\\/2024\\\/05\\\/31\\\/cia-tercio-miranda-leiloa-primeiro-embriao-do-touro-acesso-negado-e-destina-renda-ao-ha\\\/#primaryimage\"},\"thumbnailUrl\":\"https:\\\/\\\/regiaonews.net.br\\\/2022\\\/wp-content\\\/uploads\\\/2024\\\/05\\\/Imprensa-Discurso-Tercio-Rosana-Esnar-Laramie-e-Katie.png\",\"articleSection\":[\"Cidades\",\"Votuporanga\"],\"inLanguage\":\"pt-BR\",\"potentialAction\":[{\"@type\":\"CommentAction\",\"name\":\"Comment\",\"target\":[\"https:\\\/\\\/regiaonews.net.br\\\/2022\\\/2024\\\/05\\\/31\\\/cia-tercio-miranda-leiloa-primeiro-embriao-do-touro-acesso-negado-e-destina-renda-ao-ha\\\/#respond\"]}]},{\"@type\":\"WebPage\",\"@id\":\"https:\\\/\\\/regiaonews.net.br\\\/2022\\\/2024\\\/05\\\/31\\\/cia-tercio-miranda-leiloa-primeiro-embriao-do-touro-acesso-negado-e-destina-renda-ao-ha\\\/\",\"url\":\"https:\\\/\\\/regiaonews.net.br\\\/2022\\\/2024\\\/05\\\/31\\\/cia-tercio-miranda-leiloa-primeiro-embriao-do-touro-acesso-negado-e-destina-renda-ao-ha\\\/\",\"name\":\"Cia T\u00e9rcio Miranda leiloa primeiro embri\u00e3o do touro Acesso Negado e destina renda ao HA - Regi\u00e3o News\",\"isPartOf\":{\"@id\":\"https:\\\/\\\/regiaonews.net.br\\\/2022\\\/#website\"},\"primaryImageOfPage\":{\"@id\":\"https:\\\/\\\/regiaonews.net.br\\\/2022\\\/2024\\\/05\\\/31\\\/cia-tercio-miranda-leiloa-primeiro-embriao-do-touro-acesso-negado-e-destina-renda-ao-ha\\\/#primaryimage\"},\"image\":{\"@id\":\"https:\\\/\\\/regiaonews.net.br\\\/2022\\\/2024\\\/05\\\/31\\\/cia-tercio-miranda-leiloa-primeiro-embriao-do-touro-acesso-negado-e-destina-renda-ao-ha\\\/#primaryimage\"},\"thumbnailUrl\":\"https:\\\/\\\/regiaonews.net.br\\\/2022\\\/wp-content\\\/uploads\\\/2024\\\/05\\\/Imprensa-Discurso-Tercio-Rosana-Esnar-Laramie-e-Katie.png\",\"datePublished\":\"2024-05-31T21:07:32+00:00\",\"breadcrumb\":{\"@id\":\"https:\\\/\\\/regiaonews.net.br\\\/2022\\\/2024\\\/05\\\/31\\\/cia-tercio-miranda-leiloa-primeiro-embriao-do-touro-acesso-negado-e-destina-renda-ao-ha\\\/#breadcrumb\"},\"inLanguage\":\"pt-BR\",\"potentialAction\":[{\"@type\":\"ReadAction\",\"target\":[\"https:\\\/\\\/regiaonews.net.br\\\/2022\\\/2024\\\/05\\\/31\\\/cia-tercio-miranda-leiloa-primeiro-embriao-do-touro-acesso-negado-e-destina-renda-ao-ha\\\/\"]}]},{\"@type\":\"ImageObject\",\"inLanguage\":\"pt-BR\",\"@id\":\"https:\\\/\\\/regiaonews.net.br\\\/2022\\\/2024\\\/05\\\/31\\\/cia-tercio-miranda-leiloa-primeiro-embriao-do-touro-acesso-negado-e-destina-renda-ao-ha\\\/#primaryimage\",\"url\":\"https:\\\/\\\/regiaonews.net.br\\\/2022\\\/wp-content\\\/uploads\\\/2024\\\/05\\\/Imprensa-Discurso-Tercio-Rosana-Esnar-Laramie-e-Katie.png\",\"contentUrl\":\"https:\\\/\\\/regiaonews.net.br\\\/2022\\\/wp-content\\\/uploads\\\/2024\\\/05\\\/Imprensa-Discurso-Tercio-Rosana-Esnar-Laramie-e-Katie.png\",\"width\":1334,\"height\":884},{\"@type\":\"BreadcrumbList\",\"@id\":\"https:\\\/\\\/regiaonews.net.br\\\/2022\\\/2024\\\/05\\\/31\\\/cia-tercio-miranda-leiloa-primeiro-embriao-do-touro-acesso-negado-e-destina-renda-ao-ha\\\/#breadcrumb\",\"itemListElement\":[{\"@type\":\"ListItem\",\"position\":1,\"name\":\"In\u00edcio\",\"item\":\"https:\\\/\\\/regiaonews.net.br\\\/2022\\\/\"},{\"@type\":\"ListItem\",\"position\":2,\"name\":\"Cia T\u00e9rcio Miranda leiloa primeiro embri\u00e3o do touro Acesso Negado e destina renda ao HA\"}]},{\"@type\":\"WebSite\",\"@id\":\"https:\\\/\\\/regiaonews.net.br\\\/2022\\\/#website\",\"url\":\"https:\\\/\\\/regiaonews.net.br\\\/2022\\\/\",\"name\":\"Regi\u00e3o News\",\"description\":\"Site de Not\u00edcias de Barretos e regi\u00e3o\",\"publisher\":{\"@id\":\"https:\\\/\\\/regiaonews.net.br\\\/2022\\\/#organization\"},\"potentialAction\":[{\"@type\":\"SearchAction\",\"target\":{\"@type\":\"EntryPoint\",\"urlTemplate\":\"https:\\\/\\\/regiaonews.net.br\\\/2022\\\/?s={search_term_string}\"},\"query-input\":{\"@type\":\"PropertyValueSpecification\",\"valueRequired\":true,\"valueName\":\"search_term_string\"}}],\"inLanguage\":\"pt-BR\"},{\"@type\":\"Organization\",\"@id\":\"https:\\\/\\\/regiaonews.net.br\\\/2022\\\/#organization\",\"name\":\"Regi\u00e3o News\",\"url\":\"https:\\\/\\\/regiaonews.net.br\\\/2022\\\/\",\"logo\":{\"@type\":\"ImageObject\",\"inLanguage\":\"pt-BR\",\"@id\":\"https:\\\/\\\/regiaonews.net.br\\\/2022\\\/#\\\/schema\\\/logo\\\/image\\\/\",\"url\":\"https:\\\/\\\/regiaonews.net.br\\\/2022\\\/wp-content\\\/uploads\\\/2026\\\/03\\\/regiao-13-anos-scaled.jpg\",\"contentUrl\":\"https:\\\/\\\/regiaonews.net.br\\\/2022\\\/wp-content\\\/uploads\\\/2026\\\/03\\\/regiao-13-anos-scaled.jpg\",\"width\":2560,\"height\":635,\"caption\":\"Regi\u00e3o News\"},\"image\":{\"@id\":\"https:\\\/\\\/regiaonews.net.br\\\/2022\\\/#\\\/schema\\\/logo\\\/image\\\/\"}},{\"@type\":\"Person\",\"@id\":\"https:\\\/\\\/regiaonews.net.br\\\/2022\\\/#\\\/schema\\\/person\\\/2d205a608a5aa97ac279d7a5e6d89ad8\",\"name\":\"Roberto\",\"image\":{\"@type\":\"ImageObject\",\"inLanguage\":\"pt-BR\",\"@id\":\"https:\\\/\\\/secure.gravatar.com\\\/avatar\\\/42749d8b712ff9d59ca93dc150494e5b55a44134482993f5baeb97e61b7ecc89?s=96&d=mm&r=g\",\"url\":\"https:\\\/\\\/secure.gravatar.com\\\/avatar\\\/42749d8b712ff9d59ca93dc150494e5b55a44134482993f5baeb97e61b7ecc89?s=96&d=mm&r=g\",\"contentUrl\":\"https:\\\/\\\/secure.gravatar.com\\\/avatar\\\/42749d8b712ff9d59ca93dc150494e5b55a44134482993f5baeb97e61b7ecc89?s=96&d=mm&r=g\",\"caption\":\"Roberto\"},\"url\":\"https:\\\/\\\/regiaonews.net.br\\\/2022\\\/author\\\/roberto\\\/\"}]}<\/script>\n<!-- \/ Yoast SEO plugin. -->","yoast_head_json":{"title":"Cia T\u00e9rcio Miranda leiloa primeiro embri\u00e3o do touro Acesso Negado e destina renda ao HA - Regi\u00e3o News","robots":{"index":"index","follow":"follow","max-snippet":"max-snippet:-1","max-image-preview":"max-image-preview:large","max-video-preview":"max-video-preview:-1"},"canonical":"https:\/\/regiaonews.net.br\/2022\/2024\/05\/31\/cia-tercio-miranda-leiloa-primeiro-embriao-do-touro-acesso-negado-e-destina-renda-ao-ha\/","og_locale":"pt_BR","og_type":"article","og_title":"Cia T\u00e9rcio Miranda leiloa primeiro embri\u00e3o do touro Acesso Negado e destina renda ao HA - Regi\u00e3o News","og_description":"Foto &#8211; Eduardo Penna &nbsp; Institui\u00e7\u00e3o de Barretos (SP) receber\u00e1","og_url":"https:\/\/regiaonews.net.br\/2022\/2024\/05\/31\/cia-tercio-miranda-leiloa-primeiro-embriao-do-touro-acesso-negado-e-destina-renda-ao-ha\/","og_site_name":"Regi\u00e3o News","article_published_time":"2024-05-31T21:07:32+00:00","og_image":[{"width":1334,"height":884,"url":"https:\/\/regiaonews.net.br\/2022\/wp-content\/uploads\/2024\/05\/Imprensa-Discurso-Tercio-Rosana-Esnar-Laramie-e-Katie.png","type":"image\/png"}],"author":"Roberto","twitter_card":"summary_large_image","twitter_misc":{"Escrito por":"Roberto","Est. tempo de leitura":"5 minutos"},"schema":{"@context":"https:\/\/schema.org","@graph":[{"@type":"Article","@id":"https:\/\/regiaonews.net.br\/2022\/2024\/05\/31\/cia-tercio-miranda-leiloa-primeiro-embriao-do-touro-acesso-negado-e-destina-renda-ao-ha\/#article","isPartOf":{"@id":"https:\/\/regiaonews.net.br\/2022\/2024\/05\/31\/cia-tercio-miranda-leiloa-primeiro-embriao-do-touro-acesso-negado-e-destina-renda-ao-ha\/"},"author":{"name":"Roberto","@id":"https:\/\/regiaonews.net.br\/2022\/#\/schema\/person\/2d205a608a5aa97ac279d7a5e6d89ad8"},"headline":"Cia T\u00e9rcio Miranda leiloa primeiro embri\u00e3o do touro Acesso Negado e destina renda ao HA","datePublished":"2024-05-31T21:07:32+00:00","mainEntityOfPage":{"@id":"https:\/\/regiaonews.net.br\/2022\/2024\/05\/31\/cia-tercio-miranda-leiloa-primeiro-embriao-do-touro-acesso-negado-e-destina-renda-ao-ha\/"},"wordCount":823,"commentCount":0,"publisher":{"@id":"https:\/\/regiaonews.net.br\/2022\/#organization"},"image":{"@id":"https:\/\/regiaonews.net.br\/2022\/2024\/05\/31\/cia-tercio-miranda-leiloa-primeiro-embriao-do-touro-acesso-negado-e-destina-renda-ao-ha\/#primaryimage"},"thumbnailUrl":"https:\/\/regiaonews.net.br\/2022\/wp-content\/uploads\/2024\/05\/Imprensa-Discurso-Tercio-Rosana-Esnar-Laramie-e-Katie.png","articleSection":["Cidades","Votuporanga"],"inLanguage":"pt-BR","potentialAction":[{"@type":"CommentAction","name":"Comment","target":["https:\/\/regiaonews.net.br\/2022\/2024\/05\/31\/cia-tercio-miranda-leiloa-primeiro-embriao-do-touro-acesso-negado-e-destina-renda-ao-ha\/#respond"]}]},{"@type":"WebPage","@id":"https:\/\/regiaonews.net.br\/2022\/2024\/05\/31\/cia-tercio-miranda-leiloa-primeiro-embriao-do-touro-acesso-negado-e-destina-renda-ao-ha\/","url":"https:\/\/regiaonews.net.br\/2022\/2024\/05\/31\/cia-tercio-miranda-leiloa-primeiro-embriao-do-touro-acesso-negado-e-destina-renda-ao-ha\/","name":"Cia T\u00e9rcio Miranda leiloa primeiro embri\u00e3o do touro Acesso Negado e destina renda ao HA - Regi\u00e3o News","isPartOf":{"@id":"https:\/\/regiaonews.net.br\/2022\/#website"},"primaryImageOfPage":{"@id":"https:\/\/regiaonews.net.br\/2022\/2024\/05\/31\/cia-tercio-miranda-leiloa-primeiro-embriao-do-touro-acesso-negado-e-destina-renda-ao-ha\/#primaryimage"},"image":{"@id":"https:\/\/regiaonews.net.br\/2022\/2024\/05\/31\/cia-tercio-miranda-leiloa-primeiro-embriao-do-touro-acesso-negado-e-destina-renda-ao-ha\/#primaryimage"},"thumbnailUrl":"https:\/\/regiaonews.net.br\/2022\/wp-content\/uploads\/2024\/05\/Imprensa-Discurso-Tercio-Rosana-Esnar-Laramie-e-Katie.png","datePublished":"2024-05-31T21:07:32+00:00","breadcrumb":{"@id":"https:\/\/regiaonews.net.br\/2022\/2024\/05\/31\/cia-tercio-miranda-leiloa-primeiro-embriao-do-touro-acesso-negado-e-destina-renda-ao-ha\/#breadcrumb"},"inLanguage":"pt-BR","potentialAction":[{"@type":"ReadAction","target":["https:\/\/regiaonews.net.br\/2022\/2024\/05\/31\/cia-tercio-miranda-leiloa-primeiro-embriao-do-touro-acesso-negado-e-destina-renda-ao-ha\/"]}]},{"@type":"ImageObject","inLanguage":"pt-BR","@id":"https:\/\/regiaonews.net.br\/2022\/2024\/05\/31\/cia-tercio-miranda-leiloa-primeiro-embriao-do-touro-acesso-negado-e-destina-renda-ao-ha\/#primaryimage","url":"https:\/\/regiaonews.net.br\/2022\/wp-content\/uploads\/2024\/05\/Imprensa-Discurso-Tercio-Rosana-Esnar-Laramie-e-Katie.png","contentUrl":"https:\/\/regiaonews.net.br\/2022\/wp-content\/uploads\/2024\/05\/Imprensa-Discurso-Tercio-Rosana-Esnar-Laramie-e-Katie.png","width":1334,"height":884},{"@type":"BreadcrumbList","@id":"https:\/\/regiaonews.net.br\/2022\/2024\/05\/31\/cia-tercio-miranda-leiloa-primeiro-embriao-do-touro-acesso-negado-e-destina-renda-ao-ha\/#breadcrumb","itemListElement":[{"@type":"ListItem","position":1,"name":"In\u00edcio","item":"https:\/\/regiaonews.net.br\/2022\/"},{"@type":"ListItem","position":2,"name":"Cia T\u00e9rcio Miranda leiloa primeiro embri\u00e3o do touro Acesso Negado e destina renda ao HA"}]},{"@type":"WebSite","@id":"https:\/\/regiaonews.net.br\/2022\/#website","url":"https:\/\/regiaonews.net.br\/2022\/","name":"Regi\u00e3o News","description":"Site de Not\u00edcias de Barretos e regi\u00e3o","publisher":{"@id":"https:\/\/regiaonews.net.br\/2022\/#organization"},"potentialAction":[{"@type":"SearchAction","target":{"@type":"EntryPoint","urlTemplate":"https:\/\/regiaonews.net.br\/2022\/?s={search_term_string}"},"query-input":{"@type":"PropertyValueSpecification","valueRequired":true,"valueName":"search_term_string"}}],"inLanguage":"pt-BR"},{"@type":"Organization","@id":"https:\/\/regiaonews.net.br\/2022\/#organization","name":"Regi\u00e3o News","url":"https:\/\/regiaonews.net.br\/2022\/","logo":{"@type":"ImageObject","inLanguage":"pt-BR","@id":"https:\/\/regiaonews.net.br\/2022\/#\/schema\/logo\/image\/","url":"https:\/\/regiaonews.net.br\/2022\/wp-content\/uploads\/2026\/03\/regiao-13-anos-scaled.jpg","contentUrl":"https:\/\/regiaonews.net.br\/2022\/wp-content\/uploads\/2026\/03\/regiao-13-anos-scaled.jpg","width":2560,"height":635,"caption":"Regi\u00e3o News"},"image":{"@id":"https:\/\/regiaonews.net.br\/2022\/#\/schema\/logo\/image\/"}},{"@type":"Person","@id":"https:\/\/regiaonews.net.br\/2022\/#\/schema\/person\/2d205a608a5aa97ac279d7a5e6d89ad8","name":"Roberto","image":{"@type":"ImageObject","inLanguage":"pt-BR","@id":"https:\/\/secure.gravatar.com\/avatar\/42749d8b712ff9d59ca93dc150494e5b55a44134482993f5baeb97e61b7ecc89?s=96&d=mm&r=g","url":"https:\/\/secure.gravatar.com\/avatar\/42749d8b712ff9d59ca93dc150494e5b55a44134482993f5baeb97e61b7ecc89?s=96&d=mm&r=g","contentUrl":"https:\/\/secure.gravatar.com\/avatar\/42749d8b712ff9d59ca93dc150494e5b55a44134482993f5baeb97e61b7ecc89?s=96&d=mm&r=g","caption":"Roberto"},"url":"https:\/\/regiaonews.net.br\/2022\/author\/roberto\/"}]}},"publishpress_future_action":{"enabled":false,"date":"2026-05-03 08:03:58","action":"change-status","newStatus":"draft","terms":[],"taxonomy":"category","extraData":[]},"publishpress_future_workflow_manual_trigger":{"enabledWorkflows":[]},"_links":{"self":[{"href":"https:\/\/regiaonews.net.br\/2022\/wp-json\/wp\/v2\/posts\/105693","targetHints":{"allow":["GET"]}}],"collection":[{"href":"https:\/\/regiaonews.net.br\/2022\/wp-json\/wp\/v2\/posts"}],"about":[{"href":"https:\/\/regiaonews.net.br\/2022\/wp-json\/wp\/v2\/types\/post"}],"author":[{"embeddable":true,"href":"https:\/\/regiaonews.net.br\/2022\/wp-json\/wp\/v2\/users\/2"}],"replies":[{"embeddable":true,"href":"https:\/\/regiaonews.net.br\/2022\/wp-json\/wp\/v2\/comments?post=105693"}],"version-history":[{"count":1,"href":"https:\/\/regiaonews.net.br\/2022\/wp-json\/wp\/v2\/posts\/105693\/revisions"}],"predecessor-version":[{"id":105695,"href":"https:\/\/regiaonews.net.br\/2022\/wp-json\/wp\/v2\/posts\/105693\/revisions\/105695"}],"wp:featuredmedia":[{"embeddable":true,"href":"https:\/\/regiaonews.net.br\/2022\/wp-json\/wp\/v2\/media\/105694"}],"wp:attachment":[{"href":"https:\/\/regiaonews.net.br\/2022\/wp-json\/wp\/v2\/media?parent=105693"}],"wp:term":[{"taxonomy":"category","embeddable":true,"href":"https:\/\/regiaonews.net.br\/2022\/wp-json\/wp\/v2\/categories?post=105693"},{"taxonomy":"post_tag","embeddable":true,"href":"https:\/\/regiaonews.net.br\/2022\/wp-json\/wp\/v2\/tags?post=105693"}],"curies":[{"name":"wp","href":"https:\/\/api.w.org\/{rel}","templated":true}]}}