{"id":105690,"date":"2024-05-31T14:06:19","date_gmt":"2024-05-31T17:06:19","guid":{"rendered":"https:\/\/regiaonews.net.br\/2022\/?p=105690"},"modified":"2024-05-31T14:06:19","modified_gmt":"2024-05-31T17:06:19","slug":"suspeitos-sao-presos-por-furto-de-celular-durante-a-marcha-para-jesus","status":"publish","type":"post","link":"https:\/\/regiaonews.net.br\/2022\/2024\/05\/31\/suspeitos-sao-presos-por-furto-de-celular-durante-a-marcha-para-jesus\/","title":{"rendered":"Suspeitos s\u00e3o presos por furto de celular durante a Marcha Para Jesus"},"content":{"rendered":"<div class=\"col-lg-12 mt-2\">\n<h3 style=\"text-align: center;\">Outro homem tamb\u00e9m foi detido pelos policiais com m\u00e1quina e cart\u00f5es banc\u00e1rios<\/h3>\n<p>A Pol\u00edcia Civil prendeu tr\u00eas estrangeiros que se infiltraram durante o evento Marcha Para Jesus, realizado na quinta-feira (31), em S\u00e3o Paulo. Conforme os investigadores, o trio se \u201cmisturou\u201d em meio a multid\u00e3o para tentar furtar celulares dos participantes.<\/p>\n<p>A opera\u00e7\u00e3o da Pol\u00edcia Civil foi previamente definida baseada em locais com maior incid\u00eancia criminal. Durante o percurso, os agentes \u00e0 paisana acompanharam o deslocamento do p\u00fablico pelas ruas de S\u00e3o Paulo.<\/p>\n<p>Os policiais observaram que o trio estava se chocando propositalmente com as pessoas que participavam do evento, \u201cformando uma roda em torno do alvo para praticar o furto\u201d.<\/p>\n<p>Em determinado momento, um dos suspeitos se aproximou de uma mulher e pegou um celular da bolsa dela. Ele foi observado por um dos agentes da Pol\u00edcia Civil. Em seguida, o homem foi detido na companhia dos outros dois comparsas.<\/p>\n<p>Com o trio, os policiais encontraram o celular da v\u00edtima. Os suspeitos, de 20, 24 e 34 anos, foram encaminhados \u00e0 Delegacia do Turista, que foi montada no evento para receber as ocorr\u00eancias do evento.<\/p>\n<p>O delegado, que registrou o caso como furto mediante concurso de duas ou mais pessoas, solicitou \u00e0 Justi\u00e7a a pris\u00e3o preventiva dos suspeitos. Conforme a Pol\u00edcia Civil, os tr\u00eas estrangeiros n\u00e3o possu\u00edam c\u00e9dula de identidade, \u201csendo todos sequer possuem profiss\u00e3o l\u00edcita no pa\u00eds e nem autoriza\u00e7\u00e3o para residir no Brasil. Ou seja, est\u00e3o em territ\u00f3rio nacional com o intuito de cometer delitos\u201d.<\/p>\n<p><b>Suspeito \u00e9 detido com cart\u00f5es banc\u00e1rios<\/b><\/p>\n<p>Ainda durante a Marcha Para Jesus, os policiais civis detiveram um falso vendedor ambulante com cart\u00f5es banc\u00e1rios de outras pessoas.<\/p>\n<p>Conforme os investigadores, havia ind\u00edcios de que o homem, \u201cestava trocando cart\u00f5es de v\u00edtimas ao tentar adquirir bebidas, passando a efetuar compras em tais cart\u00f5es\u201d.<\/p>\n<p>O suspeito, de 34 anos, foi abordado. Com ele, os policiais encontraram uma m\u00e1quina de cart\u00e3o e tr\u00eas cart\u00f5es banc\u00e1rios em nomes de pessoas diferentes. O investigado disse que havia encontrado os objetos no ch\u00e3o.<\/p>\n<div>Ele foi conduzido \u00e0 delegacia da 1\u00aa seccional (centro). O caso foi registrado como localiza\u00e7\u00e3o e apreens\u00e3o de objetos. O inqu\u00e9rito foi encaminhado para o 13\u00ba Distrito Policial (Casa Verde), que investigar\u00e1 o caso.<\/div>\n<\/div>\n<div class=\"col-lg-12\"><\/div>\n","protected":false},"excerpt":{"rendered":"<p>Outro homem tamb\u00e9m foi detido pelos policiais com m\u00e1quina e<\/p>\n","protected":false},"author":2,"featured_media":105691,"comment_status":"open","ping_status":"open","sticky":false,"template":"","format":"standard","meta":{"footnotes":""},"categories":[7,23],"tags":[],"class_list":["post-105690","post","type-post","status-publish","format-standard","has-post-thumbnail","hentry","category-estado-de-sao-paulo","category-policia"],"yoast_head":"<!-- This site is optimized with the Yoast SEO plugin v27.4 - https:\/\/yoast.com\/product\/yoast-seo-wordpress\/ -->\n<title>Suspeitos s\u00e3o presos por furto de celular durante a Marcha Para Jesus - Regi\u00e3o News<\/title>\n<meta name=\"robots\" content=\"index, follow, max-snippet:-1, max-image-preview:large, max-video-preview:-1\" \/>\n<link rel=\"canonical\" href=\"https:\/\/regiaonews.net.br\/2022\/2024\/05\/31\/suspeitos-sao-presos-por-furto-de-celular-durante-a-marcha-para-jesus\/\" \/>\n<meta property=\"og:locale\" content=\"pt_BR\" \/>\n<meta property=\"og:type\" content=\"article\" \/>\n<meta property=\"og:title\" content=\"Suspeitos s\u00e3o presos por furto de celular durante a Marcha Para Jesus - Regi\u00e3o News\" \/>\n<meta property=\"og:description\" content=\"Outro homem tamb\u00e9m foi detido pelos policiais com m\u00e1quina e\" \/>\n<meta property=\"og:url\" content=\"https:\/\/regiaonews.net.br\/2022\/2024\/05\/31\/suspeitos-sao-presos-por-furto-de-celular-durante-a-marcha-para-jesus\/\" \/>\n<meta property=\"og:site_name\" content=\"Regi\u00e3o News\" \/>\n<meta property=\"article:published_time\" content=\"2024-05-31T17:06:19+00:00\" \/>\n<meta property=\"og:image\" content=\"https:\/\/regiaonews.net.br\/2022\/wp-content\/uploads\/2024\/05\/00054888.png\" \/>\n\t<meta property=\"og:image:width\" content=\"842\" \/>\n\t<meta property=\"og:image:height\" content=\"476\" \/>\n\t<meta property=\"og:image:type\" content=\"image\/png\" \/>\n<meta name=\"author\" content=\"Roberto\" \/>\n<meta name=\"twitter:card\" content=\"summary_large_image\" \/>\n<meta name=\"twitter:label1\" content=\"Escrito por\" \/>\n\t<meta name=\"twitter:data1\" content=\"Roberto\" \/>\n\t<meta name=\"twitter:label2\" content=\"Est. tempo de leitura\" \/>\n\t<meta name=\"twitter:data2\" content=\"3 minutos\" \/>\n<script type=\"application\/ld+json\" class=\"yoast-schema-graph\">{\"@context\":\"https:\\\/\\\/schema.org\",\"@graph\":[{\"@type\":\"Article\",\"@id\":\"https:\\\/\\\/regiaonews.net.br\\\/2022\\\/2024\\\/05\\\/31\\\/suspeitos-sao-presos-por-furto-de-celular-durante-a-marcha-para-jesus\\\/#article\",\"isPartOf\":{\"@id\":\"https:\\\/\\\/regiaonews.net.br\\\/2022\\\/2024\\\/05\\\/31\\\/suspeitos-sao-presos-por-furto-de-celular-durante-a-marcha-para-jesus\\\/\"},\"author\":{\"name\":\"Roberto\",\"@id\":\"https:\\\/\\\/regiaonews.net.br\\\/2022\\\/#\\\/schema\\\/person\\\/2d205a608a5aa97ac279d7a5e6d89ad8\"},\"headline\":\"Suspeitos s\u00e3o presos por furto de celular durante a Marcha Para Jesus\",\"datePublished\":\"2024-05-31T17:06:19+00:00\",\"mainEntityOfPage\":{\"@id\":\"https:\\\/\\\/regiaonews.net.br\\\/2022\\\/2024\\\/05\\\/31\\\/suspeitos-sao-presos-por-furto-de-celular-durante-a-marcha-para-jesus\\\/\"},\"wordCount\":415,\"commentCount\":0,\"publisher\":{\"@id\":\"https:\\\/\\\/regiaonews.net.br\\\/2022\\\/#organization\"},\"image\":{\"@id\":\"https:\\\/\\\/regiaonews.net.br\\\/2022\\\/2024\\\/05\\\/31\\\/suspeitos-sao-presos-por-furto-de-celular-durante-a-marcha-para-jesus\\\/#primaryimage\"},\"thumbnailUrl\":\"https:\\\/\\\/regiaonews.net.br\\\/2022\\\/wp-content\\\/uploads\\\/2024\\\/05\\\/00054888.png\",\"articleSection\":[\"Estado de S\u00e3o Paulo\",\"Policia\"],\"inLanguage\":\"pt-BR\",\"potentialAction\":[{\"@type\":\"CommentAction\",\"name\":\"Comment\",\"target\":[\"https:\\\/\\\/regiaonews.net.br\\\/2022\\\/2024\\\/05\\\/31\\\/suspeitos-sao-presos-por-furto-de-celular-durante-a-marcha-para-jesus\\\/#respond\"]}]},{\"@type\":\"WebPage\",\"@id\":\"https:\\\/\\\/regiaonews.net.br\\\/2022\\\/2024\\\/05\\\/31\\\/suspeitos-sao-presos-por-furto-de-celular-durante-a-marcha-para-jesus\\\/\",\"url\":\"https:\\\/\\\/regiaonews.net.br\\\/2022\\\/2024\\\/05\\\/31\\\/suspeitos-sao-presos-por-furto-de-celular-durante-a-marcha-para-jesus\\\/\",\"name\":\"Suspeitos s\u00e3o presos por furto de celular durante a Marcha Para Jesus - Regi\u00e3o News\",\"isPartOf\":{\"@id\":\"https:\\\/\\\/regiaonews.net.br\\\/2022\\\/#website\"},\"primaryImageOfPage\":{\"@id\":\"https:\\\/\\\/regiaonews.net.br\\\/2022\\\/2024\\\/05\\\/31\\\/suspeitos-sao-presos-por-furto-de-celular-durante-a-marcha-para-jesus\\\/#primaryimage\"},\"image\":{\"@id\":\"https:\\\/\\\/regiaonews.net.br\\\/2022\\\/2024\\\/05\\\/31\\\/suspeitos-sao-presos-por-furto-de-celular-durante-a-marcha-para-jesus\\\/#primaryimage\"},\"thumbnailUrl\":\"https:\\\/\\\/regiaonews.net.br\\\/2022\\\/wp-content\\\/uploads\\\/2024\\\/05\\\/00054888.png\",\"datePublished\":\"2024-05-31T17:06:19+00:00\",\"breadcrumb\":{\"@id\":\"https:\\\/\\\/regiaonews.net.br\\\/2022\\\/2024\\\/05\\\/31\\\/suspeitos-sao-presos-por-furto-de-celular-durante-a-marcha-para-jesus\\\/#breadcrumb\"},\"inLanguage\":\"pt-BR\",\"potentialAction\":[{\"@type\":\"ReadAction\",\"target\":[\"https:\\\/\\\/regiaonews.net.br\\\/2022\\\/2024\\\/05\\\/31\\\/suspeitos-sao-presos-por-furto-de-celular-durante-a-marcha-para-jesus\\\/\"]}]},{\"@type\":\"ImageObject\",\"inLanguage\":\"pt-BR\",\"@id\":\"https:\\\/\\\/regiaonews.net.br\\\/2022\\\/2024\\\/05\\\/31\\\/suspeitos-sao-presos-por-furto-de-celular-durante-a-marcha-para-jesus\\\/#primaryimage\",\"url\":\"https:\\\/\\\/regiaonews.net.br\\\/2022\\\/wp-content\\\/uploads\\\/2024\\\/05\\\/00054888.png\",\"contentUrl\":\"https:\\\/\\\/regiaonews.net.br\\\/2022\\\/wp-content\\\/uploads\\\/2024\\\/05\\\/00054888.png\",\"width\":842,\"height\":476},{\"@type\":\"BreadcrumbList\",\"@id\":\"https:\\\/\\\/regiaonews.net.br\\\/2022\\\/2024\\\/05\\\/31\\\/suspeitos-sao-presos-por-furto-de-celular-durante-a-marcha-para-jesus\\\/#breadcrumb\",\"itemListElement\":[{\"@type\":\"ListItem\",\"position\":1,\"name\":\"In\u00edcio\",\"item\":\"https:\\\/\\\/regiaonews.net.br\\\/2022\\\/\"},{\"@type\":\"ListItem\",\"position\":2,\"name\":\"Suspeitos s\u00e3o presos por furto de celular durante a Marcha Para Jesus\"}]},{\"@type\":\"WebSite\",\"@id\":\"https:\\\/\\\/regiaonews.net.br\\\/2022\\\/#website\",\"url\":\"https:\\\/\\\/regiaonews.net.br\\\/2022\\\/\",\"name\":\"Regi\u00e3o News\",\"description\":\"Site de Not\u00edcias de Barretos e regi\u00e3o\",\"publisher\":{\"@id\":\"https:\\\/\\\/regiaonews.net.br\\\/2022\\\/#organization\"},\"potentialAction\":[{\"@type\":\"SearchAction\",\"target\":{\"@type\":\"EntryPoint\",\"urlTemplate\":\"https:\\\/\\\/regiaonews.net.br\\\/2022\\\/?s={search_term_string}\"},\"query-input\":{\"@type\":\"PropertyValueSpecification\",\"valueRequired\":true,\"valueName\":\"search_term_string\"}}],\"inLanguage\":\"pt-BR\"},{\"@type\":\"Organization\",\"@id\":\"https:\\\/\\\/regiaonews.net.br\\\/2022\\\/#organization\",\"name\":\"Regi\u00e3o News\",\"url\":\"https:\\\/\\\/regiaonews.net.br\\\/2022\\\/\",\"logo\":{\"@type\":\"ImageObject\",\"inLanguage\":\"pt-BR\",\"@id\":\"https:\\\/\\\/regiaonews.net.br\\\/2022\\\/#\\\/schema\\\/logo\\\/image\\\/\",\"url\":\"https:\\\/\\\/regiaonews.net.br\\\/2022\\\/wp-content\\\/uploads\\\/2026\\\/03\\\/regiao-13-anos-scaled.jpg\",\"contentUrl\":\"https:\\\/\\\/regiaonews.net.br\\\/2022\\\/wp-content\\\/uploads\\\/2026\\\/03\\\/regiao-13-anos-scaled.jpg\",\"width\":2560,\"height\":635,\"caption\":\"Regi\u00e3o News\"},\"image\":{\"@id\":\"https:\\\/\\\/regiaonews.net.br\\\/2022\\\/#\\\/schema\\\/logo\\\/image\\\/\"}},{\"@type\":\"Person\",\"@id\":\"https:\\\/\\\/regiaonews.net.br\\\/2022\\\/#\\\/schema\\\/person\\\/2d205a608a5aa97ac279d7a5e6d89ad8\",\"name\":\"Roberto\",\"image\":{\"@type\":\"ImageObject\",\"inLanguage\":\"pt-BR\",\"@id\":\"https:\\\/\\\/secure.gravatar.com\\\/avatar\\\/42749d8b712ff9d59ca93dc150494e5b55a44134482993f5baeb97e61b7ecc89?s=96&d=mm&r=g\",\"url\":\"https:\\\/\\\/secure.gravatar.com\\\/avatar\\\/42749d8b712ff9d59ca93dc150494e5b55a44134482993f5baeb97e61b7ecc89?s=96&d=mm&r=g\",\"contentUrl\":\"https:\\\/\\\/secure.gravatar.com\\\/avatar\\\/42749d8b712ff9d59ca93dc150494e5b55a44134482993f5baeb97e61b7ecc89?s=96&d=mm&r=g\",\"caption\":\"Roberto\"},\"url\":\"https:\\\/\\\/regiaonews.net.br\\\/2022\\\/author\\\/roberto\\\/\"}]}<\/script>\n<!-- \/ Yoast SEO plugin. -->","yoast_head_json":{"title":"Suspeitos s\u00e3o presos por furto de celular durante a Marcha Para Jesus - Regi\u00e3o News","robots":{"index":"index","follow":"follow","max-snippet":"max-snippet:-1","max-image-preview":"max-image-preview:large","max-video-preview":"max-video-preview:-1"},"canonical":"https:\/\/regiaonews.net.br\/2022\/2024\/05\/31\/suspeitos-sao-presos-por-furto-de-celular-durante-a-marcha-para-jesus\/","og_locale":"pt_BR","og_type":"article","og_title":"Suspeitos s\u00e3o presos por furto de celular durante a Marcha Para Jesus - Regi\u00e3o News","og_description":"Outro homem tamb\u00e9m foi detido pelos policiais com m\u00e1quina e","og_url":"https:\/\/regiaonews.net.br\/2022\/2024\/05\/31\/suspeitos-sao-presos-por-furto-de-celular-durante-a-marcha-para-jesus\/","og_site_name":"Regi\u00e3o News","article_published_time":"2024-05-31T17:06:19+00:00","og_image":[{"width":842,"height":476,"url":"https:\/\/regiaonews.net.br\/2022\/wp-content\/uploads\/2024\/05\/00054888.png","type":"image\/png"}],"author":"Roberto","twitter_card":"summary_large_image","twitter_misc":{"Escrito por":"Roberto","Est. tempo de leitura":"3 minutos"},"schema":{"@context":"https:\/\/schema.org","@graph":[{"@type":"Article","@id":"https:\/\/regiaonews.net.br\/2022\/2024\/05\/31\/suspeitos-sao-presos-por-furto-de-celular-durante-a-marcha-para-jesus\/#article","isPartOf":{"@id":"https:\/\/regiaonews.net.br\/2022\/2024\/05\/31\/suspeitos-sao-presos-por-furto-de-celular-durante-a-marcha-para-jesus\/"},"author":{"name":"Roberto","@id":"https:\/\/regiaonews.net.br\/2022\/#\/schema\/person\/2d205a608a5aa97ac279d7a5e6d89ad8"},"headline":"Suspeitos s\u00e3o presos por furto de celular durante a Marcha Para Jesus","datePublished":"2024-05-31T17:06:19+00:00","mainEntityOfPage":{"@id":"https:\/\/regiaonews.net.br\/2022\/2024\/05\/31\/suspeitos-sao-presos-por-furto-de-celular-durante-a-marcha-para-jesus\/"},"wordCount":415,"commentCount":0,"publisher":{"@id":"https:\/\/regiaonews.net.br\/2022\/#organization"},"image":{"@id":"https:\/\/regiaonews.net.br\/2022\/2024\/05\/31\/suspeitos-sao-presos-por-furto-de-celular-durante-a-marcha-para-jesus\/#primaryimage"},"thumbnailUrl":"https:\/\/regiaonews.net.br\/2022\/wp-content\/uploads\/2024\/05\/00054888.png","articleSection":["Estado de S\u00e3o Paulo","Policia"],"inLanguage":"pt-BR","potentialAction":[{"@type":"CommentAction","name":"Comment","target":["https:\/\/regiaonews.net.br\/2022\/2024\/05\/31\/suspeitos-sao-presos-por-furto-de-celular-durante-a-marcha-para-jesus\/#respond"]}]},{"@type":"WebPage","@id":"https:\/\/regiaonews.net.br\/2022\/2024\/05\/31\/suspeitos-sao-presos-por-furto-de-celular-durante-a-marcha-para-jesus\/","url":"https:\/\/regiaonews.net.br\/2022\/2024\/05\/31\/suspeitos-sao-presos-por-furto-de-celular-durante-a-marcha-para-jesus\/","name":"Suspeitos s\u00e3o presos por furto de celular durante a Marcha Para Jesus - Regi\u00e3o News","isPartOf":{"@id":"https:\/\/regiaonews.net.br\/2022\/#website"},"primaryImageOfPage":{"@id":"https:\/\/regiaonews.net.br\/2022\/2024\/05\/31\/suspeitos-sao-presos-por-furto-de-celular-durante-a-marcha-para-jesus\/#primaryimage"},"image":{"@id":"https:\/\/regiaonews.net.br\/2022\/2024\/05\/31\/suspeitos-sao-presos-por-furto-de-celular-durante-a-marcha-para-jesus\/#primaryimage"},"thumbnailUrl":"https:\/\/regiaonews.net.br\/2022\/wp-content\/uploads\/2024\/05\/00054888.png","datePublished":"2024-05-31T17:06:19+00:00","breadcrumb":{"@id":"https:\/\/regiaonews.net.br\/2022\/2024\/05\/31\/suspeitos-sao-presos-por-furto-de-celular-durante-a-marcha-para-jesus\/#breadcrumb"},"inLanguage":"pt-BR","potentialAction":[{"@type":"ReadAction","target":["https:\/\/regiaonews.net.br\/2022\/2024\/05\/31\/suspeitos-sao-presos-por-furto-de-celular-durante-a-marcha-para-jesus\/"]}]},{"@type":"ImageObject","inLanguage":"pt-BR","@id":"https:\/\/regiaonews.net.br\/2022\/2024\/05\/31\/suspeitos-sao-presos-por-furto-de-celular-durante-a-marcha-para-jesus\/#primaryimage","url":"https:\/\/regiaonews.net.br\/2022\/wp-content\/uploads\/2024\/05\/00054888.png","contentUrl":"https:\/\/regiaonews.net.br\/2022\/wp-content\/uploads\/2024\/05\/00054888.png","width":842,"height":476},{"@type":"BreadcrumbList","@id":"https:\/\/regiaonews.net.br\/2022\/2024\/05\/31\/suspeitos-sao-presos-por-furto-de-celular-durante-a-marcha-para-jesus\/#breadcrumb","itemListElement":[{"@type":"ListItem","position":1,"name":"In\u00edcio","item":"https:\/\/regiaonews.net.br\/2022\/"},{"@type":"ListItem","position":2,"name":"Suspeitos s\u00e3o presos por furto de celular durante a Marcha Para Jesus"}]},{"@type":"WebSite","@id":"https:\/\/regiaonews.net.br\/2022\/#website","url":"https:\/\/regiaonews.net.br\/2022\/","name":"Regi\u00e3o News","description":"Site de Not\u00edcias de Barretos e regi\u00e3o","publisher":{"@id":"https:\/\/regiaonews.net.br\/2022\/#organization"},"potentialAction":[{"@type":"SearchAction","target":{"@type":"EntryPoint","urlTemplate":"https:\/\/regiaonews.net.br\/2022\/?s={search_term_string}"},"query-input":{"@type":"PropertyValueSpecification","valueRequired":true,"valueName":"search_term_string"}}],"inLanguage":"pt-BR"},{"@type":"Organization","@id":"https:\/\/regiaonews.net.br\/2022\/#organization","name":"Regi\u00e3o News","url":"https:\/\/regiaonews.net.br\/2022\/","logo":{"@type":"ImageObject","inLanguage":"pt-BR","@id":"https:\/\/regiaonews.net.br\/2022\/#\/schema\/logo\/image\/","url":"https:\/\/regiaonews.net.br\/2022\/wp-content\/uploads\/2026\/03\/regiao-13-anos-scaled.jpg","contentUrl":"https:\/\/regiaonews.net.br\/2022\/wp-content\/uploads\/2026\/03\/regiao-13-anos-scaled.jpg","width":2560,"height":635,"caption":"Regi\u00e3o News"},"image":{"@id":"https:\/\/regiaonews.net.br\/2022\/#\/schema\/logo\/image\/"}},{"@type":"Person","@id":"https:\/\/regiaonews.net.br\/2022\/#\/schema\/person\/2d205a608a5aa97ac279d7a5e6d89ad8","name":"Roberto","image":{"@type":"ImageObject","inLanguage":"pt-BR","@id":"https:\/\/secure.gravatar.com\/avatar\/42749d8b712ff9d59ca93dc150494e5b55a44134482993f5baeb97e61b7ecc89?s=96&d=mm&r=g","url":"https:\/\/secure.gravatar.com\/avatar\/42749d8b712ff9d59ca93dc150494e5b55a44134482993f5baeb97e61b7ecc89?s=96&d=mm&r=g","contentUrl":"https:\/\/secure.gravatar.com\/avatar\/42749d8b712ff9d59ca93dc150494e5b55a44134482993f5baeb97e61b7ecc89?s=96&d=mm&r=g","caption":"Roberto"},"url":"https:\/\/regiaonews.net.br\/2022\/author\/roberto\/"}]}},"publishpress_future_action":{"enabled":false,"date":"2026-05-03 06:19:50","action":"change-status","newStatus":"draft","terms":[],"taxonomy":"category","extraData":[]},"publishpress_future_workflow_manual_trigger":{"enabledWorkflows":[]},"_links":{"self":[{"href":"https:\/\/regiaonews.net.br\/2022\/wp-json\/wp\/v2\/posts\/105690","targetHints":{"allow":["GET"]}}],"collection":[{"href":"https:\/\/regiaonews.net.br\/2022\/wp-json\/wp\/v2\/posts"}],"about":[{"href":"https:\/\/regiaonews.net.br\/2022\/wp-json\/wp\/v2\/types\/post"}],"author":[{"embeddable":true,"href":"https:\/\/regiaonews.net.br\/2022\/wp-json\/wp\/v2\/users\/2"}],"replies":[{"embeddable":true,"href":"https:\/\/regiaonews.net.br\/2022\/wp-json\/wp\/v2\/comments?post=105690"}],"version-history":[{"count":1,"href":"https:\/\/regiaonews.net.br\/2022\/wp-json\/wp\/v2\/posts\/105690\/revisions"}],"predecessor-version":[{"id":105692,"href":"https:\/\/regiaonews.net.br\/2022\/wp-json\/wp\/v2\/posts\/105690\/revisions\/105692"}],"wp:featuredmedia":[{"embeddable":true,"href":"https:\/\/regiaonews.net.br\/2022\/wp-json\/wp\/v2\/media\/105691"}],"wp:attachment":[{"href":"https:\/\/regiaonews.net.br\/2022\/wp-json\/wp\/v2\/media?parent=105690"}],"wp:term":[{"taxonomy":"category","embeddable":true,"href":"https:\/\/regiaonews.net.br\/2022\/wp-json\/wp\/v2\/categories?post=105690"},{"taxonomy":"post_tag","embeddable":true,"href":"https:\/\/regiaonews.net.br\/2022\/wp-json\/wp\/v2\/tags?post=105690"}],"curies":[{"name":"wp","href":"https:\/\/api.w.org\/{rel}","templated":true}]}}