{"id":105683,"date":"2024-05-31T14:04:45","date_gmt":"2024-05-31T17:04:45","guid":{"rendered":"https:\/\/regiaonews.net.br\/2022\/?p=105683"},"modified":"2024-05-31T14:04:45","modified_gmt":"2024-05-31T17:04:45","slug":"barretos-recebe-competicao-regional-de-atletismo-do-jeesp","status":"publish","type":"post","link":"https:\/\/regiaonews.net.br\/2022\/2024\/05\/31\/barretos-recebe-competicao-regional-de-atletismo-do-jeesp\/","title":{"rendered":"Barretos recebe competi\u00e7\u00e3o regional de atletismo do JEESP"},"content":{"rendered":"<p>O poliesportivo Roch\u00e3o de Barretos recebeu na ter\u00e7a e quarta-feira, dias 28 e 29, as finais da fase regional do JEESP (Jogos Escolares de S\u00e3o Paulo). A competi\u00e7\u00e3o reuniu os melhores atletas das Diretorias de Ensino Barretos, Bebedouro e Jaboticabal, com atletas competindo nas categorias Sub-14 e Sub-17 das cidades de Barretos, Bebedouro, Monte Azul, Taia\u00e7u, Ol\u00edmpia e do distrito de Ribeiro do Santos de Ol\u00edmpia, Guariba e outros munic\u00edpios. \u201cDesta competi\u00e7\u00e3o organizada pela Secretaria Estadual de Esportes, es\u00e3o saindo os finalistas para a final estadual que est\u00e1 agendada para Praia Grande-SP, entre os dias 23 a 25 de junho\u201d, afirmou o diretor da regional de esportes, Andr\u00e9 Barros.<br \/>\nOs atletas participantes disputaram provas de pistas no masculino e feminino, al\u00e9m de salto em altura, arremesso de peso, salto em dist\u00e2ncia e salto triplo.<br \/>\nO dirigente esportivo, em entrevista ao Jornal O Di\u00e1rio, lamentou a baixa participa\u00e7\u00e3o de alunos da rede estadual de Barretos, informando que apenas alunos da Escola Estadual M\u00e1rio Vieira Marcondes disputaram as competi\u00e7\u00f5es no sub-14. \u201cNa regi\u00e3o nossa, infelizmente \u00e9 melhor que Barretos. No sub-14 apenas uma escola que disputou. O per\u00edodo de inscri\u00e7\u00e3o \u00e9 no m\u00eas de mar\u00e7o para que a gente fa\u00e7a a programa\u00e7\u00e3o\u201d, afirmou Andr\u00e9.<br \/>\nAl\u00e9m do atletismo, est\u00e1 programado para junho as modalidades de quadra que \u00e9 o basquete, v\u00f4lei, handebol e futsal e de sal\u00e3o que \u00e9 t\u00eanis de mesa, xadrez e a dama, que est\u00e3o agendados para os dias 20 e 21 de junho. \u201cEstamos com dificuldade para sediar os jogos em Barretos, devido aos Cemepes estarem com a Educa\u00e7\u00e3o e n\u00e3o emprestam no per\u00edodo da manh\u00e3 devido estar com as escolas e o Roch\u00e3o n\u00e3o sei o que est\u00e1 acontecendo, porque est\u00e1 interditado. Estou tendo que levar para Guariba e Taquaral as disputas\u201d,\u00a0afirmou\u00a0Barros.<\/p>\n<p>Foto \u2013 Atletas durante disputa de corrida no Roch\u00e3o<br \/>\nFoto \u2013 Tininho J\u00fanior<\/p>\n","protected":false},"excerpt":{"rendered":"<p>O poliesportivo Roch\u00e3o de Barretos recebeu na ter\u00e7a e quarta-feira,<\/p>\n","protected":false},"author":2,"featured_media":105685,"comment_status":"open","ping_status":"open","sticky":false,"template":"","format":"standard","meta":{"footnotes":""},"categories":[14,21],"tags":[],"class_list":["post-105683","post","type-post","status-publish","format-standard","has-post-thumbnail","hentry","category-barretos","category-esporte"],"yoast_head":"<!-- This site is optimized with the Yoast SEO plugin v27.4 - https:\/\/yoast.com\/product\/yoast-seo-wordpress\/ -->\n<title>Barretos recebe competi\u00e7\u00e3o regional de atletismo do JEESP - Regi\u00e3o News<\/title>\n<meta name=\"robots\" content=\"index, follow, max-snippet:-1, max-image-preview:large, max-video-preview:-1\" \/>\n<link rel=\"canonical\" href=\"https:\/\/regiaonews.net.br\/2022\/2024\/05\/31\/barretos-recebe-competicao-regional-de-atletismo-do-jeesp\/\" \/>\n<meta property=\"og:locale\" content=\"pt_BR\" \/>\n<meta property=\"og:type\" content=\"article\" \/>\n<meta property=\"og:title\" content=\"Barretos recebe competi\u00e7\u00e3o regional de atletismo do JEESP - Regi\u00e3o News\" \/>\n<meta property=\"og:description\" content=\"O poliesportivo Roch\u00e3o de Barretos recebeu na ter\u00e7a e quarta-feira,\" \/>\n<meta property=\"og:url\" content=\"https:\/\/regiaonews.net.br\/2022\/2024\/05\/31\/barretos-recebe-competicao-regional-de-atletismo-do-jeesp\/\" \/>\n<meta property=\"og:site_name\" content=\"Regi\u00e3o News\" \/>\n<meta property=\"article:published_time\" content=\"2024-05-31T17:04:45+00:00\" \/>\n<meta property=\"og:image\" content=\"https:\/\/regiaonews.net.br\/2022\/wp-content\/uploads\/2024\/05\/Imagem-do-WhatsApp-de-2024-05-31-as-10.16.11_01276a3d.jpg\" \/>\n\t<meta property=\"og:image:width\" content=\"1600\" \/>\n\t<meta property=\"og:image:height\" content=\"1069\" \/>\n\t<meta property=\"og:image:type\" content=\"image\/jpeg\" \/>\n<meta name=\"author\" content=\"Roberto\" \/>\n<meta name=\"twitter:card\" content=\"summary_large_image\" \/>\n<meta name=\"twitter:label1\" content=\"Escrito por\" \/>\n\t<meta name=\"twitter:data1\" content=\"Roberto\" \/>\n\t<meta name=\"twitter:label2\" content=\"Est. tempo de leitura\" \/>\n\t<meta name=\"twitter:data2\" content=\"2 minutos\" \/>\n<script type=\"application\/ld+json\" class=\"yoast-schema-graph\">{\"@context\":\"https:\\\/\\\/schema.org\",\"@graph\":[{\"@type\":\"Article\",\"@id\":\"https:\\\/\\\/regiaonews.net.br\\\/2022\\\/2024\\\/05\\\/31\\\/barretos-recebe-competicao-regional-de-atletismo-do-jeesp\\\/#article\",\"isPartOf\":{\"@id\":\"https:\\\/\\\/regiaonews.net.br\\\/2022\\\/2024\\\/05\\\/31\\\/barretos-recebe-competicao-regional-de-atletismo-do-jeesp\\\/\"},\"author\":{\"name\":\"Roberto\",\"@id\":\"https:\\\/\\\/regiaonews.net.br\\\/2022\\\/#\\\/schema\\\/person\\\/2d205a608a5aa97ac279d7a5e6d89ad8\"},\"headline\":\"Barretos recebe competi\u00e7\u00e3o regional de atletismo do JEESP\",\"datePublished\":\"2024-05-31T17:04:45+00:00\",\"mainEntityOfPage\":{\"@id\":\"https:\\\/\\\/regiaonews.net.br\\\/2022\\\/2024\\\/05\\\/31\\\/barretos-recebe-competicao-regional-de-atletismo-do-jeesp\\\/\"},\"wordCount\":341,\"commentCount\":0,\"publisher\":{\"@id\":\"https:\\\/\\\/regiaonews.net.br\\\/2022\\\/#organization\"},\"image\":{\"@id\":\"https:\\\/\\\/regiaonews.net.br\\\/2022\\\/2024\\\/05\\\/31\\\/barretos-recebe-competicao-regional-de-atletismo-do-jeesp\\\/#primaryimage\"},\"thumbnailUrl\":\"https:\\\/\\\/regiaonews.net.br\\\/2022\\\/wp-content\\\/uploads\\\/2024\\\/05\\\/Imagem-do-WhatsApp-de-2024-05-31-as-10.16.11_01276a3d.jpg\",\"articleSection\":[\"Barretos\",\"Esporte\"],\"inLanguage\":\"pt-BR\",\"potentialAction\":[{\"@type\":\"CommentAction\",\"name\":\"Comment\",\"target\":[\"https:\\\/\\\/regiaonews.net.br\\\/2022\\\/2024\\\/05\\\/31\\\/barretos-recebe-competicao-regional-de-atletismo-do-jeesp\\\/#respond\"]}]},{\"@type\":\"WebPage\",\"@id\":\"https:\\\/\\\/regiaonews.net.br\\\/2022\\\/2024\\\/05\\\/31\\\/barretos-recebe-competicao-regional-de-atletismo-do-jeesp\\\/\",\"url\":\"https:\\\/\\\/regiaonews.net.br\\\/2022\\\/2024\\\/05\\\/31\\\/barretos-recebe-competicao-regional-de-atletismo-do-jeesp\\\/\",\"name\":\"Barretos recebe competi\u00e7\u00e3o regional de atletismo do JEESP - Regi\u00e3o News\",\"isPartOf\":{\"@id\":\"https:\\\/\\\/regiaonews.net.br\\\/2022\\\/#website\"},\"primaryImageOfPage\":{\"@id\":\"https:\\\/\\\/regiaonews.net.br\\\/2022\\\/2024\\\/05\\\/31\\\/barretos-recebe-competicao-regional-de-atletismo-do-jeesp\\\/#primaryimage\"},\"image\":{\"@id\":\"https:\\\/\\\/regiaonews.net.br\\\/2022\\\/2024\\\/05\\\/31\\\/barretos-recebe-competicao-regional-de-atletismo-do-jeesp\\\/#primaryimage\"},\"thumbnailUrl\":\"https:\\\/\\\/regiaonews.net.br\\\/2022\\\/wp-content\\\/uploads\\\/2024\\\/05\\\/Imagem-do-WhatsApp-de-2024-05-31-as-10.16.11_01276a3d.jpg\",\"datePublished\":\"2024-05-31T17:04:45+00:00\",\"breadcrumb\":{\"@id\":\"https:\\\/\\\/regiaonews.net.br\\\/2022\\\/2024\\\/05\\\/31\\\/barretos-recebe-competicao-regional-de-atletismo-do-jeesp\\\/#breadcrumb\"},\"inLanguage\":\"pt-BR\",\"potentialAction\":[{\"@type\":\"ReadAction\",\"target\":[\"https:\\\/\\\/regiaonews.net.br\\\/2022\\\/2024\\\/05\\\/31\\\/barretos-recebe-competicao-regional-de-atletismo-do-jeesp\\\/\"]}]},{\"@type\":\"ImageObject\",\"inLanguage\":\"pt-BR\",\"@id\":\"https:\\\/\\\/regiaonews.net.br\\\/2022\\\/2024\\\/05\\\/31\\\/barretos-recebe-competicao-regional-de-atletismo-do-jeesp\\\/#primaryimage\",\"url\":\"https:\\\/\\\/regiaonews.net.br\\\/2022\\\/wp-content\\\/uploads\\\/2024\\\/05\\\/Imagem-do-WhatsApp-de-2024-05-31-as-10.16.11_01276a3d.jpg\",\"contentUrl\":\"https:\\\/\\\/regiaonews.net.br\\\/2022\\\/wp-content\\\/uploads\\\/2024\\\/05\\\/Imagem-do-WhatsApp-de-2024-05-31-as-10.16.11_01276a3d.jpg\",\"width\":1600,\"height\":1069},{\"@type\":\"BreadcrumbList\",\"@id\":\"https:\\\/\\\/regiaonews.net.br\\\/2022\\\/2024\\\/05\\\/31\\\/barretos-recebe-competicao-regional-de-atletismo-do-jeesp\\\/#breadcrumb\",\"itemListElement\":[{\"@type\":\"ListItem\",\"position\":1,\"name\":\"In\u00edcio\",\"item\":\"https:\\\/\\\/regiaonews.net.br\\\/2022\\\/\"},{\"@type\":\"ListItem\",\"position\":2,\"name\":\"Barretos recebe competi\u00e7\u00e3o regional de atletismo do JEESP\"}]},{\"@type\":\"WebSite\",\"@id\":\"https:\\\/\\\/regiaonews.net.br\\\/2022\\\/#website\",\"url\":\"https:\\\/\\\/regiaonews.net.br\\\/2022\\\/\",\"name\":\"Regi\u00e3o News\",\"description\":\"Site de Not\u00edcias de Barretos e regi\u00e3o\",\"publisher\":{\"@id\":\"https:\\\/\\\/regiaonews.net.br\\\/2022\\\/#organization\"},\"potentialAction\":[{\"@type\":\"SearchAction\",\"target\":{\"@type\":\"EntryPoint\",\"urlTemplate\":\"https:\\\/\\\/regiaonews.net.br\\\/2022\\\/?s={search_term_string}\"},\"query-input\":{\"@type\":\"PropertyValueSpecification\",\"valueRequired\":true,\"valueName\":\"search_term_string\"}}],\"inLanguage\":\"pt-BR\"},{\"@type\":\"Organization\",\"@id\":\"https:\\\/\\\/regiaonews.net.br\\\/2022\\\/#organization\",\"name\":\"Regi\u00e3o News\",\"url\":\"https:\\\/\\\/regiaonews.net.br\\\/2022\\\/\",\"logo\":{\"@type\":\"ImageObject\",\"inLanguage\":\"pt-BR\",\"@id\":\"https:\\\/\\\/regiaonews.net.br\\\/2022\\\/#\\\/schema\\\/logo\\\/image\\\/\",\"url\":\"https:\\\/\\\/regiaonews.net.br\\\/2022\\\/wp-content\\\/uploads\\\/2026\\\/03\\\/regiao-13-anos-scaled.jpg\",\"contentUrl\":\"https:\\\/\\\/regiaonews.net.br\\\/2022\\\/wp-content\\\/uploads\\\/2026\\\/03\\\/regiao-13-anos-scaled.jpg\",\"width\":2560,\"height\":635,\"caption\":\"Regi\u00e3o News\"},\"image\":{\"@id\":\"https:\\\/\\\/regiaonews.net.br\\\/2022\\\/#\\\/schema\\\/logo\\\/image\\\/\"}},{\"@type\":\"Person\",\"@id\":\"https:\\\/\\\/regiaonews.net.br\\\/2022\\\/#\\\/schema\\\/person\\\/2d205a608a5aa97ac279d7a5e6d89ad8\",\"name\":\"Roberto\",\"image\":{\"@type\":\"ImageObject\",\"inLanguage\":\"pt-BR\",\"@id\":\"https:\\\/\\\/secure.gravatar.com\\\/avatar\\\/42749d8b712ff9d59ca93dc150494e5b55a44134482993f5baeb97e61b7ecc89?s=96&d=mm&r=g\",\"url\":\"https:\\\/\\\/secure.gravatar.com\\\/avatar\\\/42749d8b712ff9d59ca93dc150494e5b55a44134482993f5baeb97e61b7ecc89?s=96&d=mm&r=g\",\"contentUrl\":\"https:\\\/\\\/secure.gravatar.com\\\/avatar\\\/42749d8b712ff9d59ca93dc150494e5b55a44134482993f5baeb97e61b7ecc89?s=96&d=mm&r=g\",\"caption\":\"Roberto\"},\"url\":\"https:\\\/\\\/regiaonews.net.br\\\/2022\\\/author\\\/roberto\\\/\"}]}<\/script>\n<!-- \/ Yoast SEO plugin. -->","yoast_head_json":{"title":"Barretos recebe competi\u00e7\u00e3o regional de atletismo do JEESP - Regi\u00e3o News","robots":{"index":"index","follow":"follow","max-snippet":"max-snippet:-1","max-image-preview":"max-image-preview:large","max-video-preview":"max-video-preview:-1"},"canonical":"https:\/\/regiaonews.net.br\/2022\/2024\/05\/31\/barretos-recebe-competicao-regional-de-atletismo-do-jeesp\/","og_locale":"pt_BR","og_type":"article","og_title":"Barretos recebe competi\u00e7\u00e3o regional de atletismo do JEESP - Regi\u00e3o News","og_description":"O poliesportivo Roch\u00e3o de Barretos recebeu na ter\u00e7a e quarta-feira,","og_url":"https:\/\/regiaonews.net.br\/2022\/2024\/05\/31\/barretos-recebe-competicao-regional-de-atletismo-do-jeesp\/","og_site_name":"Regi\u00e3o News","article_published_time":"2024-05-31T17:04:45+00:00","og_image":[{"width":1600,"height":1069,"url":"https:\/\/regiaonews.net.br\/2022\/wp-content\/uploads\/2024\/05\/Imagem-do-WhatsApp-de-2024-05-31-as-10.16.11_01276a3d.jpg","type":"image\/jpeg"}],"author":"Roberto","twitter_card":"summary_large_image","twitter_misc":{"Escrito por":"Roberto","Est. tempo de leitura":"2 minutos"},"schema":{"@context":"https:\/\/schema.org","@graph":[{"@type":"Article","@id":"https:\/\/regiaonews.net.br\/2022\/2024\/05\/31\/barretos-recebe-competicao-regional-de-atletismo-do-jeesp\/#article","isPartOf":{"@id":"https:\/\/regiaonews.net.br\/2022\/2024\/05\/31\/barretos-recebe-competicao-regional-de-atletismo-do-jeesp\/"},"author":{"name":"Roberto","@id":"https:\/\/regiaonews.net.br\/2022\/#\/schema\/person\/2d205a608a5aa97ac279d7a5e6d89ad8"},"headline":"Barretos recebe competi\u00e7\u00e3o regional de atletismo do JEESP","datePublished":"2024-05-31T17:04:45+00:00","mainEntityOfPage":{"@id":"https:\/\/regiaonews.net.br\/2022\/2024\/05\/31\/barretos-recebe-competicao-regional-de-atletismo-do-jeesp\/"},"wordCount":341,"commentCount":0,"publisher":{"@id":"https:\/\/regiaonews.net.br\/2022\/#organization"},"image":{"@id":"https:\/\/regiaonews.net.br\/2022\/2024\/05\/31\/barretos-recebe-competicao-regional-de-atletismo-do-jeesp\/#primaryimage"},"thumbnailUrl":"https:\/\/regiaonews.net.br\/2022\/wp-content\/uploads\/2024\/05\/Imagem-do-WhatsApp-de-2024-05-31-as-10.16.11_01276a3d.jpg","articleSection":["Barretos","Esporte"],"inLanguage":"pt-BR","potentialAction":[{"@type":"CommentAction","name":"Comment","target":["https:\/\/regiaonews.net.br\/2022\/2024\/05\/31\/barretos-recebe-competicao-regional-de-atletismo-do-jeesp\/#respond"]}]},{"@type":"WebPage","@id":"https:\/\/regiaonews.net.br\/2022\/2024\/05\/31\/barretos-recebe-competicao-regional-de-atletismo-do-jeesp\/","url":"https:\/\/regiaonews.net.br\/2022\/2024\/05\/31\/barretos-recebe-competicao-regional-de-atletismo-do-jeesp\/","name":"Barretos recebe competi\u00e7\u00e3o regional de atletismo do JEESP - Regi\u00e3o News","isPartOf":{"@id":"https:\/\/regiaonews.net.br\/2022\/#website"},"primaryImageOfPage":{"@id":"https:\/\/regiaonews.net.br\/2022\/2024\/05\/31\/barretos-recebe-competicao-regional-de-atletismo-do-jeesp\/#primaryimage"},"image":{"@id":"https:\/\/regiaonews.net.br\/2022\/2024\/05\/31\/barretos-recebe-competicao-regional-de-atletismo-do-jeesp\/#primaryimage"},"thumbnailUrl":"https:\/\/regiaonews.net.br\/2022\/wp-content\/uploads\/2024\/05\/Imagem-do-WhatsApp-de-2024-05-31-as-10.16.11_01276a3d.jpg","datePublished":"2024-05-31T17:04:45+00:00","breadcrumb":{"@id":"https:\/\/regiaonews.net.br\/2022\/2024\/05\/31\/barretos-recebe-competicao-regional-de-atletismo-do-jeesp\/#breadcrumb"},"inLanguage":"pt-BR","potentialAction":[{"@type":"ReadAction","target":["https:\/\/regiaonews.net.br\/2022\/2024\/05\/31\/barretos-recebe-competicao-regional-de-atletismo-do-jeesp\/"]}]},{"@type":"ImageObject","inLanguage":"pt-BR","@id":"https:\/\/regiaonews.net.br\/2022\/2024\/05\/31\/barretos-recebe-competicao-regional-de-atletismo-do-jeesp\/#primaryimage","url":"https:\/\/regiaonews.net.br\/2022\/wp-content\/uploads\/2024\/05\/Imagem-do-WhatsApp-de-2024-05-31-as-10.16.11_01276a3d.jpg","contentUrl":"https:\/\/regiaonews.net.br\/2022\/wp-content\/uploads\/2024\/05\/Imagem-do-WhatsApp-de-2024-05-31-as-10.16.11_01276a3d.jpg","width":1600,"height":1069},{"@type":"BreadcrumbList","@id":"https:\/\/regiaonews.net.br\/2022\/2024\/05\/31\/barretos-recebe-competicao-regional-de-atletismo-do-jeesp\/#breadcrumb","itemListElement":[{"@type":"ListItem","position":1,"name":"In\u00edcio","item":"https:\/\/regiaonews.net.br\/2022\/"},{"@type":"ListItem","position":2,"name":"Barretos recebe competi\u00e7\u00e3o regional de atletismo do JEESP"}]},{"@type":"WebSite","@id":"https:\/\/regiaonews.net.br\/2022\/#website","url":"https:\/\/regiaonews.net.br\/2022\/","name":"Regi\u00e3o News","description":"Site de Not\u00edcias de Barretos e regi\u00e3o","publisher":{"@id":"https:\/\/regiaonews.net.br\/2022\/#organization"},"potentialAction":[{"@type":"SearchAction","target":{"@type":"EntryPoint","urlTemplate":"https:\/\/regiaonews.net.br\/2022\/?s={search_term_string}"},"query-input":{"@type":"PropertyValueSpecification","valueRequired":true,"valueName":"search_term_string"}}],"inLanguage":"pt-BR"},{"@type":"Organization","@id":"https:\/\/regiaonews.net.br\/2022\/#organization","name":"Regi\u00e3o News","url":"https:\/\/regiaonews.net.br\/2022\/","logo":{"@type":"ImageObject","inLanguage":"pt-BR","@id":"https:\/\/regiaonews.net.br\/2022\/#\/schema\/logo\/image\/","url":"https:\/\/regiaonews.net.br\/2022\/wp-content\/uploads\/2026\/03\/regiao-13-anos-scaled.jpg","contentUrl":"https:\/\/regiaonews.net.br\/2022\/wp-content\/uploads\/2026\/03\/regiao-13-anos-scaled.jpg","width":2560,"height":635,"caption":"Regi\u00e3o News"},"image":{"@id":"https:\/\/regiaonews.net.br\/2022\/#\/schema\/logo\/image\/"}},{"@type":"Person","@id":"https:\/\/regiaonews.net.br\/2022\/#\/schema\/person\/2d205a608a5aa97ac279d7a5e6d89ad8","name":"Roberto","image":{"@type":"ImageObject","inLanguage":"pt-BR","@id":"https:\/\/secure.gravatar.com\/avatar\/42749d8b712ff9d59ca93dc150494e5b55a44134482993f5baeb97e61b7ecc89?s=96&d=mm&r=g","url":"https:\/\/secure.gravatar.com\/avatar\/42749d8b712ff9d59ca93dc150494e5b55a44134482993f5baeb97e61b7ecc89?s=96&d=mm&r=g","contentUrl":"https:\/\/secure.gravatar.com\/avatar\/42749d8b712ff9d59ca93dc150494e5b55a44134482993f5baeb97e61b7ecc89?s=96&d=mm&r=g","caption":"Roberto"},"url":"https:\/\/regiaonews.net.br\/2022\/author\/roberto\/"}]}},"publishpress_future_action":{"enabled":false,"date":"2026-05-03 09:22:04","action":"change-status","newStatus":"draft","terms":[],"taxonomy":"category","extraData":[]},"publishpress_future_workflow_manual_trigger":{"enabledWorkflows":[]},"_links":{"self":[{"href":"https:\/\/regiaonews.net.br\/2022\/wp-json\/wp\/v2\/posts\/105683","targetHints":{"allow":["GET"]}}],"collection":[{"href":"https:\/\/regiaonews.net.br\/2022\/wp-json\/wp\/v2\/posts"}],"about":[{"href":"https:\/\/regiaonews.net.br\/2022\/wp-json\/wp\/v2\/types\/post"}],"author":[{"embeddable":true,"href":"https:\/\/regiaonews.net.br\/2022\/wp-json\/wp\/v2\/users\/2"}],"replies":[{"embeddable":true,"href":"https:\/\/regiaonews.net.br\/2022\/wp-json\/wp\/v2\/comments?post=105683"}],"version-history":[{"count":1,"href":"https:\/\/regiaonews.net.br\/2022\/wp-json\/wp\/v2\/posts\/105683\/revisions"}],"predecessor-version":[{"id":105686,"href":"https:\/\/regiaonews.net.br\/2022\/wp-json\/wp\/v2\/posts\/105683\/revisions\/105686"}],"wp:featuredmedia":[{"embeddable":true,"href":"https:\/\/regiaonews.net.br\/2022\/wp-json\/wp\/v2\/media\/105685"}],"wp:attachment":[{"href":"https:\/\/regiaonews.net.br\/2022\/wp-json\/wp\/v2\/media?parent=105683"}],"wp:term":[{"taxonomy":"category","embeddable":true,"href":"https:\/\/regiaonews.net.br\/2022\/wp-json\/wp\/v2\/categories?post=105683"},{"taxonomy":"post_tag","embeddable":true,"href":"https:\/\/regiaonews.net.br\/2022\/wp-json\/wp\/v2\/tags?post=105683"}],"curies":[{"name":"wp","href":"https:\/\/api.w.org\/{rel}","templated":true}]}}