{"id":105655,"date":"2024-05-30T19:25:48","date_gmt":"2024-05-30T22:25:48","guid":{"rendered":"https:\/\/regiaonews.net.br\/2022\/?p=105655"},"modified":"2024-05-30T21:27:14","modified_gmt":"2024-05-31T00:27:14","slug":"uma-das-principais-entradas-da-cidade-avenida-joao-batista-da-rocha-e-entregue-revitalizada-para-a-populacao","status":"publish","type":"post","link":"https:\/\/regiaonews.net.br\/2022\/2024\/05\/30\/uma-das-principais-entradas-da-cidade-avenida-joao-batista-da-rocha-e-entregue-revitalizada-para-a-populacao\/","title":{"rendered":"Obra da Avenida Jo\u00e3o Batista da Rocha \u00e9 entregue pela Prefeitura de Barretos"},"content":{"rendered":"<p>Obra tamb\u00e9m levou melhorias para outras vias na regi\u00e3o do Hospital de Amor<\/p>\n<p>A Prefeitura de Barretos entregou nesta quarta-feira, 29 de maio, a revitaliza\u00e7\u00e3o da Avenida Jo\u00e3o Batista da Rocha, que recebeu sistema de drenagem, pavimenta\u00e7\u00e3o asf\u00e1ltica e agora conta com cal\u00e7adas dotadas de rampas de acessibilidade, canteiro central com pista de caminhada e ilumina\u00e7\u00e3o com tecnologia LED.<br \/>\n\u201cUma via de grande fluxo que est\u00e1 sendo entregue agora como o barretense merece, com qualidade, responsabilidade, bem iluminada, para que todas as pessoas passem por aqui com seguran\u00e7a. Esta \u00e9 uma regi\u00e3o que tamb\u00e9m sofria com alagamentos. Ningu\u00e9m est\u00e1 vendo, mas aqui tem uma tubula\u00e7\u00e3o grande para o escoamento da \u00e1gua\u201d, disse a Prefeita Paula Lemos.<br \/>\nEx-secret\u00e1rio municipal de Turismo e respons\u00e1vel por articular a vinda do recurso junto ao Governo Federal, Cuiabano Lima falou das dificuldades enfrentadas para conseguir a verba. \u201cN\u00e3o \u00e9 f\u00e1cil trazer dinheiro do Governo Federal. Era de gabinete em gabinete, vai e volta a Bras\u00edlia. Isso me fortaleceu muito para n\u00e3o parar de buscar. Hoje ver essa avenida pronta \u00e9 um motivo de orgulho, de realiza\u00e7\u00e3o para a prefeita Paula, para todos n\u00f3s, sem d\u00favida nenhuma, pois vai beneficiar muita gente e vai fazer Barretos cada vez melhor no turismo, no turismo de sa\u00fade, que \u00e9 muito importante, na acessibilidade e na mobilidade urbana\u201d, contou.<br \/>\nAl\u00e9m da avenida, que \u00e9 uma das principais entradas da cidade, a obra tamb\u00e9m contemplou outras vias p\u00fablicas que d\u00e3o acesso \u00e0 Pra\u00e7a Casa de Ora\u00e7\u00e3o, no bairro Jardim Soares, pr\u00f3ximas ao Hospital de Amor, com \u00e1rea pavimentada\/recapeada de 32.578,66 m\u00b2.<br \/>\n\u201cN\u00f3s vamos deixar isso aqui mais bonito ainda, pra voc\u00eas que usam esse espa\u00e7o e para todas as pessoas que v\u00eam de fora conhecer a cidade\u201d, disse o secret\u00e1rio municipal de Turismo, S\u00e9rgio Rondini.<br \/>\nHomenagem<br \/>\nA pista de caminhada da Avenida Jo\u00e3o Batista da Rocha recebeu o nome da barretense Alice Paula Dias. A homenagem partiu do vereador Gabriel Uchida. \u201cEu agrade\u00e7o a oportunidade de conseguir dentro desse projeto, com a pista de caminhada, colocar o nome da Alice, uma grande amiga minha de grupo de jovens. A gente usava essa pista aqui para chegar at\u00e9 a Madre Paulina, onde o nosso grupo se reunia para rezar e acolher as pessoas e us\u00e1vamos tamb\u00e9m essa pista para chegar \u00e0 capelinha de Santa Rita de C\u00e1ssia\u201d, recordou o vereador.<br \/>\nMoradora do bairro h\u00e1 40 anos e m\u00e3e de Alice, Dona Vera L\u00facia Barbosa Dias aprovou as melhorias e agradeceu a homenagem. \u201cFicou muito bom, bonito, valorizou nosso bairro. Quero agradecer a todos, principalmente \u00e0 prefeita e ao Gabriel que fez a homenagem \u00e0 minha filha\u201d, falou.<br \/>\nTamb\u00e9m estiveram presentes na solenidade os vereadores Nestor Leonel, Paulo Corr\u00eaa e Luiz Carlos Anast\u00e1cio \u201cPa\u00e7oca\u201d, o Presidente do Conselho Municipal de Turismo (Comtur), Paulo Cesar Lopes, o \u201cPaulinho 1001\u201d, e secret\u00e1rios municipais.<\/p>\n","protected":false},"excerpt":{"rendered":"<p>Obra tamb\u00e9m levou melhorias para outras vias na regi\u00e3o do<\/p>\n","protected":false},"author":2,"featured_media":105661,"comment_status":"open","ping_status":"open","sticky":false,"template":"","format":"standard","meta":{"footnotes":""},"categories":[14,25],"tags":[],"class_list":["post-105655","post","type-post","status-publish","format-standard","has-post-thumbnail","hentry","category-barretos","category-cidades"],"yoast_head":"<!-- This site is optimized with the Yoast SEO plugin v27.4 - https:\/\/yoast.com\/product\/yoast-seo-wordpress\/ -->\n<title>Obra da Avenida Jo\u00e3o Batista da Rocha \u00e9 entregue pela Prefeitura de Barretos - Regi\u00e3o News<\/title>\n<meta name=\"robots\" content=\"index, follow, max-snippet:-1, max-image-preview:large, max-video-preview:-1\" \/>\n<link rel=\"canonical\" href=\"https:\/\/regiaonews.net.br\/2022\/2024\/05\/30\/uma-das-principais-entradas-da-cidade-avenida-joao-batista-da-rocha-e-entregue-revitalizada-para-a-populacao\/\" \/>\n<meta property=\"og:locale\" content=\"pt_BR\" \/>\n<meta property=\"og:type\" content=\"article\" \/>\n<meta property=\"og:title\" content=\"Obra da Avenida Jo\u00e3o Batista da Rocha \u00e9 entregue pela Prefeitura de Barretos - Regi\u00e3o News\" \/>\n<meta property=\"og:description\" content=\"Obra tamb\u00e9m levou melhorias para outras vias na regi\u00e3o do\" \/>\n<meta property=\"og:url\" content=\"https:\/\/regiaonews.net.br\/2022\/2024\/05\/30\/uma-das-principais-entradas-da-cidade-avenida-joao-batista-da-rocha-e-entregue-revitalizada-para-a-populacao\/\" \/>\n<meta property=\"og:site_name\" content=\"Regi\u00e3o News\" \/>\n<meta property=\"article:published_time\" content=\"2024-05-30T22:25:48+00:00\" \/>\n<meta property=\"article:modified_time\" content=\"2024-05-31T00:27:14+00:00\" \/>\n<meta property=\"og:image\" content=\"https:\/\/regiaonews.net.br\/2022\/wp-content\/uploads\/2024\/05\/WhatsApp-Image-2024-05-30-at-17.44.16.jpeg\" \/>\n\t<meta property=\"og:image:width\" content=\"1600\" \/>\n\t<meta property=\"og:image:height\" content=\"1116\" \/>\n\t<meta property=\"og:image:type\" content=\"image\/jpeg\" \/>\n<meta name=\"author\" content=\"Roberto\" \/>\n<meta name=\"twitter:card\" content=\"summary_large_image\" \/>\n<meta name=\"twitter:label1\" content=\"Escrito por\" \/>\n\t<meta name=\"twitter:data1\" content=\"Roberto\" \/>\n\t<meta name=\"twitter:label2\" content=\"Est. tempo de leitura\" \/>\n\t<meta name=\"twitter:data2\" content=\"3 minutos\" \/>\n<script type=\"application\/ld+json\" class=\"yoast-schema-graph\">{\"@context\":\"https:\\\/\\\/schema.org\",\"@graph\":[{\"@type\":\"Article\",\"@id\":\"https:\\\/\\\/regiaonews.net.br\\\/2022\\\/2024\\\/05\\\/30\\\/uma-das-principais-entradas-da-cidade-avenida-joao-batista-da-rocha-e-entregue-revitalizada-para-a-populacao\\\/#article\",\"isPartOf\":{\"@id\":\"https:\\\/\\\/regiaonews.net.br\\\/2022\\\/2024\\\/05\\\/30\\\/uma-das-principais-entradas-da-cidade-avenida-joao-batista-da-rocha-e-entregue-revitalizada-para-a-populacao\\\/\"},\"author\":{\"name\":\"Roberto\",\"@id\":\"https:\\\/\\\/regiaonews.net.br\\\/2022\\\/#\\\/schema\\\/person\\\/2d205a608a5aa97ac279d7a5e6d89ad8\"},\"headline\":\"Obra da Avenida Jo\u00e3o Batista da Rocha \u00e9 entregue pela Prefeitura de Barretos\",\"datePublished\":\"2024-05-30T22:25:48+00:00\",\"dateModified\":\"2024-05-31T00:27:14+00:00\",\"mainEntityOfPage\":{\"@id\":\"https:\\\/\\\/regiaonews.net.br\\\/2022\\\/2024\\\/05\\\/30\\\/uma-das-principais-entradas-da-cidade-avenida-joao-batista-da-rocha-e-entregue-revitalizada-para-a-populacao\\\/\"},\"wordCount\":518,\"commentCount\":0,\"publisher\":{\"@id\":\"https:\\\/\\\/regiaonews.net.br\\\/2022\\\/#organization\"},\"image\":{\"@id\":\"https:\\\/\\\/regiaonews.net.br\\\/2022\\\/2024\\\/05\\\/30\\\/uma-das-principais-entradas-da-cidade-avenida-joao-batista-da-rocha-e-entregue-revitalizada-para-a-populacao\\\/#primaryimage\"},\"thumbnailUrl\":\"https:\\\/\\\/regiaonews.net.br\\\/2022\\\/wp-content\\\/uploads\\\/2024\\\/05\\\/WhatsApp-Image-2024-05-30-at-17.44.16.jpeg\",\"articleSection\":[\"Barretos\",\"Cidades\"],\"inLanguage\":\"pt-BR\",\"potentialAction\":[{\"@type\":\"CommentAction\",\"name\":\"Comment\",\"target\":[\"https:\\\/\\\/regiaonews.net.br\\\/2022\\\/2024\\\/05\\\/30\\\/uma-das-principais-entradas-da-cidade-avenida-joao-batista-da-rocha-e-entregue-revitalizada-para-a-populacao\\\/#respond\"]}]},{\"@type\":\"WebPage\",\"@id\":\"https:\\\/\\\/regiaonews.net.br\\\/2022\\\/2024\\\/05\\\/30\\\/uma-das-principais-entradas-da-cidade-avenida-joao-batista-da-rocha-e-entregue-revitalizada-para-a-populacao\\\/\",\"url\":\"https:\\\/\\\/regiaonews.net.br\\\/2022\\\/2024\\\/05\\\/30\\\/uma-das-principais-entradas-da-cidade-avenida-joao-batista-da-rocha-e-entregue-revitalizada-para-a-populacao\\\/\",\"name\":\"Obra da Avenida Jo\u00e3o Batista da Rocha \u00e9 entregue pela Prefeitura de Barretos - Regi\u00e3o News\",\"isPartOf\":{\"@id\":\"https:\\\/\\\/regiaonews.net.br\\\/2022\\\/#website\"},\"primaryImageOfPage\":{\"@id\":\"https:\\\/\\\/regiaonews.net.br\\\/2022\\\/2024\\\/05\\\/30\\\/uma-das-principais-entradas-da-cidade-avenida-joao-batista-da-rocha-e-entregue-revitalizada-para-a-populacao\\\/#primaryimage\"},\"image\":{\"@id\":\"https:\\\/\\\/regiaonews.net.br\\\/2022\\\/2024\\\/05\\\/30\\\/uma-das-principais-entradas-da-cidade-avenida-joao-batista-da-rocha-e-entregue-revitalizada-para-a-populacao\\\/#primaryimage\"},\"thumbnailUrl\":\"https:\\\/\\\/regiaonews.net.br\\\/2022\\\/wp-content\\\/uploads\\\/2024\\\/05\\\/WhatsApp-Image-2024-05-30-at-17.44.16.jpeg\",\"datePublished\":\"2024-05-30T22:25:48+00:00\",\"dateModified\":\"2024-05-31T00:27:14+00:00\",\"breadcrumb\":{\"@id\":\"https:\\\/\\\/regiaonews.net.br\\\/2022\\\/2024\\\/05\\\/30\\\/uma-das-principais-entradas-da-cidade-avenida-joao-batista-da-rocha-e-entregue-revitalizada-para-a-populacao\\\/#breadcrumb\"},\"inLanguage\":\"pt-BR\",\"potentialAction\":[{\"@type\":\"ReadAction\",\"target\":[\"https:\\\/\\\/regiaonews.net.br\\\/2022\\\/2024\\\/05\\\/30\\\/uma-das-principais-entradas-da-cidade-avenida-joao-batista-da-rocha-e-entregue-revitalizada-para-a-populacao\\\/\"]}]},{\"@type\":\"ImageObject\",\"inLanguage\":\"pt-BR\",\"@id\":\"https:\\\/\\\/regiaonews.net.br\\\/2022\\\/2024\\\/05\\\/30\\\/uma-das-principais-entradas-da-cidade-avenida-joao-batista-da-rocha-e-entregue-revitalizada-para-a-populacao\\\/#primaryimage\",\"url\":\"https:\\\/\\\/regiaonews.net.br\\\/2022\\\/wp-content\\\/uploads\\\/2024\\\/05\\\/WhatsApp-Image-2024-05-30-at-17.44.16.jpeg\",\"contentUrl\":\"https:\\\/\\\/regiaonews.net.br\\\/2022\\\/wp-content\\\/uploads\\\/2024\\\/05\\\/WhatsApp-Image-2024-05-30-at-17.44.16.jpeg\",\"width\":1600,\"height\":1116},{\"@type\":\"BreadcrumbList\",\"@id\":\"https:\\\/\\\/regiaonews.net.br\\\/2022\\\/2024\\\/05\\\/30\\\/uma-das-principais-entradas-da-cidade-avenida-joao-batista-da-rocha-e-entregue-revitalizada-para-a-populacao\\\/#breadcrumb\",\"itemListElement\":[{\"@type\":\"ListItem\",\"position\":1,\"name\":\"In\u00edcio\",\"item\":\"https:\\\/\\\/regiaonews.net.br\\\/2022\\\/\"},{\"@type\":\"ListItem\",\"position\":2,\"name\":\"Obra da Avenida Jo\u00e3o Batista da Rocha \u00e9 entregue pela Prefeitura de Barretos\"}]},{\"@type\":\"WebSite\",\"@id\":\"https:\\\/\\\/regiaonews.net.br\\\/2022\\\/#website\",\"url\":\"https:\\\/\\\/regiaonews.net.br\\\/2022\\\/\",\"name\":\"Regi\u00e3o News\",\"description\":\"Site de Not\u00edcias de Barretos e regi\u00e3o\",\"publisher\":{\"@id\":\"https:\\\/\\\/regiaonews.net.br\\\/2022\\\/#organization\"},\"potentialAction\":[{\"@type\":\"SearchAction\",\"target\":{\"@type\":\"EntryPoint\",\"urlTemplate\":\"https:\\\/\\\/regiaonews.net.br\\\/2022\\\/?s={search_term_string}\"},\"query-input\":{\"@type\":\"PropertyValueSpecification\",\"valueRequired\":true,\"valueName\":\"search_term_string\"}}],\"inLanguage\":\"pt-BR\"},{\"@type\":\"Organization\",\"@id\":\"https:\\\/\\\/regiaonews.net.br\\\/2022\\\/#organization\",\"name\":\"Regi\u00e3o News\",\"url\":\"https:\\\/\\\/regiaonews.net.br\\\/2022\\\/\",\"logo\":{\"@type\":\"ImageObject\",\"inLanguage\":\"pt-BR\",\"@id\":\"https:\\\/\\\/regiaonews.net.br\\\/2022\\\/#\\\/schema\\\/logo\\\/image\\\/\",\"url\":\"https:\\\/\\\/regiaonews.net.br\\\/2022\\\/wp-content\\\/uploads\\\/2026\\\/03\\\/regiao-13-anos-scaled.jpg\",\"contentUrl\":\"https:\\\/\\\/regiaonews.net.br\\\/2022\\\/wp-content\\\/uploads\\\/2026\\\/03\\\/regiao-13-anos-scaled.jpg\",\"width\":2560,\"height\":635,\"caption\":\"Regi\u00e3o News\"},\"image\":{\"@id\":\"https:\\\/\\\/regiaonews.net.br\\\/2022\\\/#\\\/schema\\\/logo\\\/image\\\/\"}},{\"@type\":\"Person\",\"@id\":\"https:\\\/\\\/regiaonews.net.br\\\/2022\\\/#\\\/schema\\\/person\\\/2d205a608a5aa97ac279d7a5e6d89ad8\",\"name\":\"Roberto\",\"image\":{\"@type\":\"ImageObject\",\"inLanguage\":\"pt-BR\",\"@id\":\"https:\\\/\\\/secure.gravatar.com\\\/avatar\\\/42749d8b712ff9d59ca93dc150494e5b55a44134482993f5baeb97e61b7ecc89?s=96&d=mm&r=g\",\"url\":\"https:\\\/\\\/secure.gravatar.com\\\/avatar\\\/42749d8b712ff9d59ca93dc150494e5b55a44134482993f5baeb97e61b7ecc89?s=96&d=mm&r=g\",\"contentUrl\":\"https:\\\/\\\/secure.gravatar.com\\\/avatar\\\/42749d8b712ff9d59ca93dc150494e5b55a44134482993f5baeb97e61b7ecc89?s=96&d=mm&r=g\",\"caption\":\"Roberto\"},\"url\":\"https:\\\/\\\/regiaonews.net.br\\\/2022\\\/author\\\/roberto\\\/\"}]}<\/script>\n<!-- \/ Yoast SEO plugin. -->","yoast_head_json":{"title":"Obra da Avenida Jo\u00e3o Batista da Rocha \u00e9 entregue pela Prefeitura de Barretos - Regi\u00e3o News","robots":{"index":"index","follow":"follow","max-snippet":"max-snippet:-1","max-image-preview":"max-image-preview:large","max-video-preview":"max-video-preview:-1"},"canonical":"https:\/\/regiaonews.net.br\/2022\/2024\/05\/30\/uma-das-principais-entradas-da-cidade-avenida-joao-batista-da-rocha-e-entregue-revitalizada-para-a-populacao\/","og_locale":"pt_BR","og_type":"article","og_title":"Obra da Avenida Jo\u00e3o Batista da Rocha \u00e9 entregue pela Prefeitura de Barretos - Regi\u00e3o News","og_description":"Obra tamb\u00e9m levou melhorias para outras vias na regi\u00e3o do","og_url":"https:\/\/regiaonews.net.br\/2022\/2024\/05\/30\/uma-das-principais-entradas-da-cidade-avenida-joao-batista-da-rocha-e-entregue-revitalizada-para-a-populacao\/","og_site_name":"Regi\u00e3o News","article_published_time":"2024-05-30T22:25:48+00:00","article_modified_time":"2024-05-31T00:27:14+00:00","og_image":[{"width":1600,"height":1116,"url":"https:\/\/regiaonews.net.br\/2022\/wp-content\/uploads\/2024\/05\/WhatsApp-Image-2024-05-30-at-17.44.16.jpeg","type":"image\/jpeg"}],"author":"Roberto","twitter_card":"summary_large_image","twitter_misc":{"Escrito por":"Roberto","Est. tempo de leitura":"3 minutos"},"schema":{"@context":"https:\/\/schema.org","@graph":[{"@type":"Article","@id":"https:\/\/regiaonews.net.br\/2022\/2024\/05\/30\/uma-das-principais-entradas-da-cidade-avenida-joao-batista-da-rocha-e-entregue-revitalizada-para-a-populacao\/#article","isPartOf":{"@id":"https:\/\/regiaonews.net.br\/2022\/2024\/05\/30\/uma-das-principais-entradas-da-cidade-avenida-joao-batista-da-rocha-e-entregue-revitalizada-para-a-populacao\/"},"author":{"name":"Roberto","@id":"https:\/\/regiaonews.net.br\/2022\/#\/schema\/person\/2d205a608a5aa97ac279d7a5e6d89ad8"},"headline":"Obra da Avenida Jo\u00e3o Batista da Rocha \u00e9 entregue pela Prefeitura de Barretos","datePublished":"2024-05-30T22:25:48+00:00","dateModified":"2024-05-31T00:27:14+00:00","mainEntityOfPage":{"@id":"https:\/\/regiaonews.net.br\/2022\/2024\/05\/30\/uma-das-principais-entradas-da-cidade-avenida-joao-batista-da-rocha-e-entregue-revitalizada-para-a-populacao\/"},"wordCount":518,"commentCount":0,"publisher":{"@id":"https:\/\/regiaonews.net.br\/2022\/#organization"},"image":{"@id":"https:\/\/regiaonews.net.br\/2022\/2024\/05\/30\/uma-das-principais-entradas-da-cidade-avenida-joao-batista-da-rocha-e-entregue-revitalizada-para-a-populacao\/#primaryimage"},"thumbnailUrl":"https:\/\/regiaonews.net.br\/2022\/wp-content\/uploads\/2024\/05\/WhatsApp-Image-2024-05-30-at-17.44.16.jpeg","articleSection":["Barretos","Cidades"],"inLanguage":"pt-BR","potentialAction":[{"@type":"CommentAction","name":"Comment","target":["https:\/\/regiaonews.net.br\/2022\/2024\/05\/30\/uma-das-principais-entradas-da-cidade-avenida-joao-batista-da-rocha-e-entregue-revitalizada-para-a-populacao\/#respond"]}]},{"@type":"WebPage","@id":"https:\/\/regiaonews.net.br\/2022\/2024\/05\/30\/uma-das-principais-entradas-da-cidade-avenida-joao-batista-da-rocha-e-entregue-revitalizada-para-a-populacao\/","url":"https:\/\/regiaonews.net.br\/2022\/2024\/05\/30\/uma-das-principais-entradas-da-cidade-avenida-joao-batista-da-rocha-e-entregue-revitalizada-para-a-populacao\/","name":"Obra da Avenida Jo\u00e3o Batista da Rocha \u00e9 entregue pela Prefeitura de Barretos - Regi\u00e3o News","isPartOf":{"@id":"https:\/\/regiaonews.net.br\/2022\/#website"},"primaryImageOfPage":{"@id":"https:\/\/regiaonews.net.br\/2022\/2024\/05\/30\/uma-das-principais-entradas-da-cidade-avenida-joao-batista-da-rocha-e-entregue-revitalizada-para-a-populacao\/#primaryimage"},"image":{"@id":"https:\/\/regiaonews.net.br\/2022\/2024\/05\/30\/uma-das-principais-entradas-da-cidade-avenida-joao-batista-da-rocha-e-entregue-revitalizada-para-a-populacao\/#primaryimage"},"thumbnailUrl":"https:\/\/regiaonews.net.br\/2022\/wp-content\/uploads\/2024\/05\/WhatsApp-Image-2024-05-30-at-17.44.16.jpeg","datePublished":"2024-05-30T22:25:48+00:00","dateModified":"2024-05-31T00:27:14+00:00","breadcrumb":{"@id":"https:\/\/regiaonews.net.br\/2022\/2024\/05\/30\/uma-das-principais-entradas-da-cidade-avenida-joao-batista-da-rocha-e-entregue-revitalizada-para-a-populacao\/#breadcrumb"},"inLanguage":"pt-BR","potentialAction":[{"@type":"ReadAction","target":["https:\/\/regiaonews.net.br\/2022\/2024\/05\/30\/uma-das-principais-entradas-da-cidade-avenida-joao-batista-da-rocha-e-entregue-revitalizada-para-a-populacao\/"]}]},{"@type":"ImageObject","inLanguage":"pt-BR","@id":"https:\/\/regiaonews.net.br\/2022\/2024\/05\/30\/uma-das-principais-entradas-da-cidade-avenida-joao-batista-da-rocha-e-entregue-revitalizada-para-a-populacao\/#primaryimage","url":"https:\/\/regiaonews.net.br\/2022\/wp-content\/uploads\/2024\/05\/WhatsApp-Image-2024-05-30-at-17.44.16.jpeg","contentUrl":"https:\/\/regiaonews.net.br\/2022\/wp-content\/uploads\/2024\/05\/WhatsApp-Image-2024-05-30-at-17.44.16.jpeg","width":1600,"height":1116},{"@type":"BreadcrumbList","@id":"https:\/\/regiaonews.net.br\/2022\/2024\/05\/30\/uma-das-principais-entradas-da-cidade-avenida-joao-batista-da-rocha-e-entregue-revitalizada-para-a-populacao\/#breadcrumb","itemListElement":[{"@type":"ListItem","position":1,"name":"In\u00edcio","item":"https:\/\/regiaonews.net.br\/2022\/"},{"@type":"ListItem","position":2,"name":"Obra da Avenida Jo\u00e3o Batista da Rocha \u00e9 entregue pela Prefeitura de Barretos"}]},{"@type":"WebSite","@id":"https:\/\/regiaonews.net.br\/2022\/#website","url":"https:\/\/regiaonews.net.br\/2022\/","name":"Regi\u00e3o News","description":"Site de Not\u00edcias de Barretos e regi\u00e3o","publisher":{"@id":"https:\/\/regiaonews.net.br\/2022\/#organization"},"potentialAction":[{"@type":"SearchAction","target":{"@type":"EntryPoint","urlTemplate":"https:\/\/regiaonews.net.br\/2022\/?s={search_term_string}"},"query-input":{"@type":"PropertyValueSpecification","valueRequired":true,"valueName":"search_term_string"}}],"inLanguage":"pt-BR"},{"@type":"Organization","@id":"https:\/\/regiaonews.net.br\/2022\/#organization","name":"Regi\u00e3o News","url":"https:\/\/regiaonews.net.br\/2022\/","logo":{"@type":"ImageObject","inLanguage":"pt-BR","@id":"https:\/\/regiaonews.net.br\/2022\/#\/schema\/logo\/image\/","url":"https:\/\/regiaonews.net.br\/2022\/wp-content\/uploads\/2026\/03\/regiao-13-anos-scaled.jpg","contentUrl":"https:\/\/regiaonews.net.br\/2022\/wp-content\/uploads\/2026\/03\/regiao-13-anos-scaled.jpg","width":2560,"height":635,"caption":"Regi\u00e3o News"},"image":{"@id":"https:\/\/regiaonews.net.br\/2022\/#\/schema\/logo\/image\/"}},{"@type":"Person","@id":"https:\/\/regiaonews.net.br\/2022\/#\/schema\/person\/2d205a608a5aa97ac279d7a5e6d89ad8","name":"Roberto","image":{"@type":"ImageObject","inLanguage":"pt-BR","@id":"https:\/\/secure.gravatar.com\/avatar\/42749d8b712ff9d59ca93dc150494e5b55a44134482993f5baeb97e61b7ecc89?s=96&d=mm&r=g","url":"https:\/\/secure.gravatar.com\/avatar\/42749d8b712ff9d59ca93dc150494e5b55a44134482993f5baeb97e61b7ecc89?s=96&d=mm&r=g","contentUrl":"https:\/\/secure.gravatar.com\/avatar\/42749d8b712ff9d59ca93dc150494e5b55a44134482993f5baeb97e61b7ecc89?s=96&d=mm&r=g","caption":"Roberto"},"url":"https:\/\/regiaonews.net.br\/2022\/author\/roberto\/"}]}},"publishpress_future_action":{"enabled":false,"date":"2026-05-03 03:44:33","action":"change-status","newStatus":"draft","terms":[],"taxonomy":"category","extraData":[]},"publishpress_future_workflow_manual_trigger":{"enabledWorkflows":[]},"_links":{"self":[{"href":"https:\/\/regiaonews.net.br\/2022\/wp-json\/wp\/v2\/posts\/105655","targetHints":{"allow":["GET"]}}],"collection":[{"href":"https:\/\/regiaonews.net.br\/2022\/wp-json\/wp\/v2\/posts"}],"about":[{"href":"https:\/\/regiaonews.net.br\/2022\/wp-json\/wp\/v2\/types\/post"}],"author":[{"embeddable":true,"href":"https:\/\/regiaonews.net.br\/2022\/wp-json\/wp\/v2\/users\/2"}],"replies":[{"embeddable":true,"href":"https:\/\/regiaonews.net.br\/2022\/wp-json\/wp\/v2\/comments?post=105655"}],"version-history":[{"count":3,"href":"https:\/\/regiaonews.net.br\/2022\/wp-json\/wp\/v2\/posts\/105655\/revisions"}],"predecessor-version":[{"id":105662,"href":"https:\/\/regiaonews.net.br\/2022\/wp-json\/wp\/v2\/posts\/105655\/revisions\/105662"}],"wp:featuredmedia":[{"embeddable":true,"href":"https:\/\/regiaonews.net.br\/2022\/wp-json\/wp\/v2\/media\/105661"}],"wp:attachment":[{"href":"https:\/\/regiaonews.net.br\/2022\/wp-json\/wp\/v2\/media?parent=105655"}],"wp:term":[{"taxonomy":"category","embeddable":true,"href":"https:\/\/regiaonews.net.br\/2022\/wp-json\/wp\/v2\/categories?post=105655"},{"taxonomy":"post_tag","embeddable":true,"href":"https:\/\/regiaonews.net.br\/2022\/wp-json\/wp\/v2\/tags?post=105655"}],"curies":[{"name":"wp","href":"https:\/\/api.w.org\/{rel}","templated":true}]}}