{"id":105626,"date":"2024-05-29T20:04:05","date_gmt":"2024-05-29T23:04:05","guid":{"rendered":"https:\/\/regiaonews.net.br\/2022\/?p=105626"},"modified":"2024-05-29T20:04:05","modified_gmt":"2024-05-29T23:04:05","slug":"par-de-ingressos-por-r15-para-assistir-amigos-imaginarios-e-a-promocao-de-feriado-do-centerplex-barretos","status":"publish","type":"post","link":"https:\/\/regiaonews.net.br\/2022\/2024\/05\/29\/par-de-ingressos-por-r15-para-assistir-amigos-imaginarios-e-a-promocao-de-feriado-do-centerplex-barretos\/","title":{"rendered":"Par de ingressos por R$15 para assistir &#8216;Amigos Imagin\u00e1rios!&#8217; \u00e9 a promo\u00e7\u00e3o de feriado do Centerplex Barretos"},"content":{"rendered":"<p>O feriado traz a combina\u00e7\u00e3o perfeita de descanso e divers\u00e3o com a fam\u00edlia e amigos no Centerplex do North Shopping Barretos, que apresenta uma a\u00e7\u00e3o promocional para o filme \u201cAmigos Imagin\u00e1rios!\u201d com pre\u00e7o \u00fanico de R$15 na aquisi\u00e7\u00e3o de dois ingressos. Esta promo\u00e7\u00e3o \u00e9 v\u00e1lida somente para o per\u00edodo de 29 de maio a 5 de junho.<br \/>\n&#8216;Amigos Imagin\u00e1rios!&#8217; \u00e9 uma encantadora aventura de Bea, uma garota que adquire a habilidade de ver os amigos imagin\u00e1rios esquecidos de todas as pessoas, ap\u00f3s passar por um evento traum\u00e1tico.<br \/>\nOutra pel\u00edcula destaque da semana \u00e9 a aterrorizante \u201cImaculada\u201d, que estreia nesta quinta-feira, 30 de maio, nas telonas dos cinemas do Centerplex.<br \/>\nO terror &#8216;Imaculada&#8217; narra a vida da jovem religiosa americana Cecilia, que se muda para um convento na zona rural da It\u00e1lia. Apesar de ser recebida calorosamente pelas freiras, a devota americana logo nota estranhas situa\u00e7\u00f5es que a fazem questionar a seguran\u00e7a de seu novo lar. Aos poucos, as suspeitas da jovem se tornam realidade quando ela acorda misteriosamente gr\u00e1vida. Cecilia agora n\u00e3o apenas carrega uma crian\u00e7a, mas tamb\u00e9m \u00e9 atormentada por for\u00e7as perversas enquanto confronta os segredos do convento.<br \/>\nToda a grade de programa\u00e7\u00e3o do cinema do shopping fica dispon\u00edvel at\u00e9 o dia 5 de junho.<\/p>\n<p>&nbsp;<\/p>\n<p>Regulamento da promo\u00e7\u00e3o do Centerplex Cinemas:<\/p>\n<p>o A promo\u00e7\u00e3o \u00e9 v\u00e1lida para sess\u00f5es 2D<br \/>\no N\u00e3o cumulativa para outras promo\u00e7\u00f5es e\/ou benef\u00edcios;<br \/>\no Benef\u00edcio de bilheteria n\u00e3o est\u00e1 dispon\u00edvel para compra de ingressos individuais. Promo\u00e7\u00e3o v\u00e1lida somente para os 02 ingressos comprados juntos, mesmo filme, dia e sess\u00e3o;<\/p>\n<p>&nbsp;<\/p>\n<p>Confira a programa\u00e7\u00e3o:<\/p>\n<p>Sala 1 &#8211; Imaculada &#8211; Dublado<br \/>\nTerror &#8211; 18 anos &#8211; Dura\u00e7\u00e3o:90 minutos<br \/>\nSegunda, Quarta, Quinta e Sexta: 21h30<br \/>\nS\u00e1bado, Domingo e Feriado: 21h30<\/p>\n<p>Sala 1 &#8211; Os Estranhos &#8211; Dublado<br \/>\nA\u00e7\u00e3o &#8211; 16 anos &#8211; Dura\u00e7\u00e3o:92 minutos<br \/>\nSegunda, Ter\u00e7a, Quarta, Quinta e Sexta: 19h20<br \/>\nS\u00e1bado, Domingo e Feriado:19h20<\/p>\n<p>Sala 1 &#8211; Meu Sangue ferve por voc\u00ea &#8211; Nacional<br \/>\nMusical &#8211; 12 anos &#8211; Dura\u00e7\u00e3o:97 minutos<br \/>\nSegunda, Quarta, Quinta e Sexta: 15h e 17h10<br \/>\nS\u00e1bado, Domingo e Feriado:15h e 17h10<\/p>\n<p>Sala 1 &#8211; Harry Potter e o Prisioneiro de Azkaban -Dublado<br \/>\nAventura &#8211; Livre &#8211; Dura\u00e7\u00e3o:142 minutos<br \/>\nTer\u00e7a: 14h30, 17h30 e 20h30<\/p>\n<p>Sala 2 &#8211; Garfield: Fora de casa &#8211; Dublado<br \/>\nAnima\u00e7\u00e3o &#8211; livre &#8211; Dura\u00e7\u00e3o:102 minutos<br \/>\nSegunda, Ter\u00e7a, Quarta, Quinta e Sexta: 15h45<br \/>\nS\u00e1bado, Domingo e Feriado:15h45<\/p>\n<p>Sala 2 &#8211; Imaculada &#8211; Dublado<br \/>\nTerror &#8211; 18 anos &#8211; Dura\u00e7\u00e3o: 90 minutos<br \/>\nSegunda, Ter\u00e7a, Quarta, Quinta e Sexta: 18h<br \/>\nS\u00e1bado, Domingo e Feriado: 18h<\/p>\n<p>Sala 2 &#8211; Planeta dos Macacos: O Reinado &#8211; Dublado<br \/>\nA\u00e7\u00e3o &#8211; 14 anos &#8211; Dura\u00e7\u00e3o: 138 minutos<br \/>\nSegunda, Ter\u00e7a, Quarta, Quinta e Sexta: 20h<br \/>\nS\u00e1bado, Domingo e Feriado: 20h<\/p>\n<p>Sala 3 &#8211; Amigos Imagin\u00e1rio em 2D &#8211; Dublado<br \/>\nAnima\u00e7\u00e3o &#8211; Livre &#8211; Dura\u00e7\u00e3o: 108 minutos<br \/>\nSegunda, Ter\u00e7a e Quarta: 15h15<br \/>\nQuinta, Sexta, S\u00e1bado, Domingo e Feriado: 15h15<\/p>\n<p>Sala 3 &#8211; Furiosa &#8211; Uma Saga Mad Max &#8211; Dublado<br \/>\nA\u00e7\u00e3o &#8211; 14 anos &#8211; Dura\u00e7\u00e3o: 148 minutos<br \/>\nSegunda, Ter\u00e7a, Quarta, Quinta e Sexta: 17h45 e 20h45<br \/>\nS\u00e1bado, Domingo e Feriado: 17h45 e 20h45<\/p>\n","protected":false},"excerpt":{"rendered":"<p>O feriado traz a combina\u00e7\u00e3o perfeita de descanso e divers\u00e3o<\/p>\n","protected":false},"author":2,"featured_media":105627,"comment_status":"open","ping_status":"open","sticky":false,"template":"","format":"standard","meta":{"footnotes":""},"categories":[14,25],"tags":[],"class_list":["post-105626","post","type-post","status-publish","format-standard","has-post-thumbnail","hentry","category-barretos","category-cidades"],"yoast_head":"<!-- This site is optimized with the Yoast SEO plugin v27.4 - https:\/\/yoast.com\/product\/yoast-seo-wordpress\/ -->\n<title>Par de ingressos por R$15 para assistir &#039;Amigos Imagin\u00e1rios!&#039; \u00e9 a promo\u00e7\u00e3o de feriado do Centerplex Barretos - Regi\u00e3o News<\/title>\n<meta name=\"robots\" content=\"index, follow, max-snippet:-1, max-image-preview:large, max-video-preview:-1\" \/>\n<link rel=\"canonical\" href=\"https:\/\/regiaonews.net.br\/2022\/2024\/05\/29\/par-de-ingressos-por-r15-para-assistir-amigos-imaginarios-e-a-promocao-de-feriado-do-centerplex-barretos\/\" \/>\n<meta property=\"og:locale\" content=\"pt_BR\" \/>\n<meta property=\"og:type\" content=\"article\" \/>\n<meta property=\"og:title\" content=\"Par de ingressos por R$15 para assistir &#039;Amigos Imagin\u00e1rios!&#039; \u00e9 a promo\u00e7\u00e3o de feriado do Centerplex Barretos - Regi\u00e3o News\" \/>\n<meta property=\"og:description\" content=\"O feriado traz a combina\u00e7\u00e3o perfeita de descanso e divers\u00e3o\" \/>\n<meta property=\"og:url\" content=\"https:\/\/regiaonews.net.br\/2022\/2024\/05\/29\/par-de-ingressos-por-r15-para-assistir-amigos-imaginarios-e-a-promocao-de-feriado-do-centerplex-barretos\/\" \/>\n<meta property=\"og:site_name\" content=\"Regi\u00e3o News\" \/>\n<meta property=\"article:published_time\" content=\"2024-05-29T23:04:05+00:00\" \/>\n<meta property=\"og:image\" content=\"https:\/\/regiaonews.net.br\/2022\/wp-content\/uploads\/2024\/05\/WhatsApp-Image-2024-05-29-at-15.15.41.jpeg\" \/>\n\t<meta property=\"og:image:width\" content=\"1200\" \/>\n\t<meta property=\"og:image:height\" content=\"675\" \/>\n\t<meta property=\"og:image:type\" content=\"image\/jpeg\" \/>\n<meta name=\"author\" content=\"Roberto\" \/>\n<meta name=\"twitter:card\" content=\"summary_large_image\" \/>\n<meta name=\"twitter:label1\" content=\"Escrito por\" \/>\n\t<meta name=\"twitter:data1\" content=\"Roberto\" \/>\n\t<meta name=\"twitter:label2\" content=\"Est. tempo de leitura\" \/>\n\t<meta name=\"twitter:data2\" content=\"3 minutos\" \/>\n<script type=\"application\/ld+json\" class=\"yoast-schema-graph\">{\"@context\":\"https:\\\/\\\/schema.org\",\"@graph\":[{\"@type\":\"Article\",\"@id\":\"https:\\\/\\\/regiaonews.net.br\\\/2022\\\/2024\\\/05\\\/29\\\/par-de-ingressos-por-r15-para-assistir-amigos-imaginarios-e-a-promocao-de-feriado-do-centerplex-barretos\\\/#article\",\"isPartOf\":{\"@id\":\"https:\\\/\\\/regiaonews.net.br\\\/2022\\\/2024\\\/05\\\/29\\\/par-de-ingressos-por-r15-para-assistir-amigos-imaginarios-e-a-promocao-de-feriado-do-centerplex-barretos\\\/\"},\"author\":{\"name\":\"Roberto\",\"@id\":\"https:\\\/\\\/regiaonews.net.br\\\/2022\\\/#\\\/schema\\\/person\\\/2d205a608a5aa97ac279d7a5e6d89ad8\"},\"headline\":\"Par de ingressos por R$15 para assistir &#8216;Amigos Imagin\u00e1rios!&#8217; \u00e9 a promo\u00e7\u00e3o de feriado do Centerplex Barretos\",\"datePublished\":\"2024-05-29T23:04:05+00:00\",\"mainEntityOfPage\":{\"@id\":\"https:\\\/\\\/regiaonews.net.br\\\/2022\\\/2024\\\/05\\\/29\\\/par-de-ingressos-por-r15-para-assistir-amigos-imaginarios-e-a-promocao-de-feriado-do-centerplex-barretos\\\/\"},\"wordCount\":568,\"commentCount\":0,\"publisher\":{\"@id\":\"https:\\\/\\\/regiaonews.net.br\\\/2022\\\/#organization\"},\"image\":{\"@id\":\"https:\\\/\\\/regiaonews.net.br\\\/2022\\\/2024\\\/05\\\/29\\\/par-de-ingressos-por-r15-para-assistir-amigos-imaginarios-e-a-promocao-de-feriado-do-centerplex-barretos\\\/#primaryimage\"},\"thumbnailUrl\":\"https:\\\/\\\/regiaonews.net.br\\\/2022\\\/wp-content\\\/uploads\\\/2024\\\/05\\\/WhatsApp-Image-2024-05-29-at-15.15.41.jpeg\",\"articleSection\":[\"Barretos\",\"Cidades\"],\"inLanguage\":\"pt-BR\",\"potentialAction\":[{\"@type\":\"CommentAction\",\"name\":\"Comment\",\"target\":[\"https:\\\/\\\/regiaonews.net.br\\\/2022\\\/2024\\\/05\\\/29\\\/par-de-ingressos-por-r15-para-assistir-amigos-imaginarios-e-a-promocao-de-feriado-do-centerplex-barretos\\\/#respond\"]}]},{\"@type\":\"WebPage\",\"@id\":\"https:\\\/\\\/regiaonews.net.br\\\/2022\\\/2024\\\/05\\\/29\\\/par-de-ingressos-por-r15-para-assistir-amigos-imaginarios-e-a-promocao-de-feriado-do-centerplex-barretos\\\/\",\"url\":\"https:\\\/\\\/regiaonews.net.br\\\/2022\\\/2024\\\/05\\\/29\\\/par-de-ingressos-por-r15-para-assistir-amigos-imaginarios-e-a-promocao-de-feriado-do-centerplex-barretos\\\/\",\"name\":\"Par de ingressos por R$15 para assistir 'Amigos Imagin\u00e1rios!' \u00e9 a promo\u00e7\u00e3o de feriado do Centerplex Barretos - Regi\u00e3o News\",\"isPartOf\":{\"@id\":\"https:\\\/\\\/regiaonews.net.br\\\/2022\\\/#website\"},\"primaryImageOfPage\":{\"@id\":\"https:\\\/\\\/regiaonews.net.br\\\/2022\\\/2024\\\/05\\\/29\\\/par-de-ingressos-por-r15-para-assistir-amigos-imaginarios-e-a-promocao-de-feriado-do-centerplex-barretos\\\/#primaryimage\"},\"image\":{\"@id\":\"https:\\\/\\\/regiaonews.net.br\\\/2022\\\/2024\\\/05\\\/29\\\/par-de-ingressos-por-r15-para-assistir-amigos-imaginarios-e-a-promocao-de-feriado-do-centerplex-barretos\\\/#primaryimage\"},\"thumbnailUrl\":\"https:\\\/\\\/regiaonews.net.br\\\/2022\\\/wp-content\\\/uploads\\\/2024\\\/05\\\/WhatsApp-Image-2024-05-29-at-15.15.41.jpeg\",\"datePublished\":\"2024-05-29T23:04:05+00:00\",\"breadcrumb\":{\"@id\":\"https:\\\/\\\/regiaonews.net.br\\\/2022\\\/2024\\\/05\\\/29\\\/par-de-ingressos-por-r15-para-assistir-amigos-imaginarios-e-a-promocao-de-feriado-do-centerplex-barretos\\\/#breadcrumb\"},\"inLanguage\":\"pt-BR\",\"potentialAction\":[{\"@type\":\"ReadAction\",\"target\":[\"https:\\\/\\\/regiaonews.net.br\\\/2022\\\/2024\\\/05\\\/29\\\/par-de-ingressos-por-r15-para-assistir-amigos-imaginarios-e-a-promocao-de-feriado-do-centerplex-barretos\\\/\"]}]},{\"@type\":\"ImageObject\",\"inLanguage\":\"pt-BR\",\"@id\":\"https:\\\/\\\/regiaonews.net.br\\\/2022\\\/2024\\\/05\\\/29\\\/par-de-ingressos-por-r15-para-assistir-amigos-imaginarios-e-a-promocao-de-feriado-do-centerplex-barretos\\\/#primaryimage\",\"url\":\"https:\\\/\\\/regiaonews.net.br\\\/2022\\\/wp-content\\\/uploads\\\/2024\\\/05\\\/WhatsApp-Image-2024-05-29-at-15.15.41.jpeg\",\"contentUrl\":\"https:\\\/\\\/regiaonews.net.br\\\/2022\\\/wp-content\\\/uploads\\\/2024\\\/05\\\/WhatsApp-Image-2024-05-29-at-15.15.41.jpeg\",\"width\":1200,\"height\":675},{\"@type\":\"BreadcrumbList\",\"@id\":\"https:\\\/\\\/regiaonews.net.br\\\/2022\\\/2024\\\/05\\\/29\\\/par-de-ingressos-por-r15-para-assistir-amigos-imaginarios-e-a-promocao-de-feriado-do-centerplex-barretos\\\/#breadcrumb\",\"itemListElement\":[{\"@type\":\"ListItem\",\"position\":1,\"name\":\"In\u00edcio\",\"item\":\"https:\\\/\\\/regiaonews.net.br\\\/2022\\\/\"},{\"@type\":\"ListItem\",\"position\":2,\"name\":\"Par de ingressos por R$15 para assistir &#8216;Amigos Imagin\u00e1rios!&#8217; \u00e9 a promo\u00e7\u00e3o de feriado do Centerplex Barretos\"}]},{\"@type\":\"WebSite\",\"@id\":\"https:\\\/\\\/regiaonews.net.br\\\/2022\\\/#website\",\"url\":\"https:\\\/\\\/regiaonews.net.br\\\/2022\\\/\",\"name\":\"Regi\u00e3o News\",\"description\":\"Site de Not\u00edcias de Barretos e regi\u00e3o\",\"publisher\":{\"@id\":\"https:\\\/\\\/regiaonews.net.br\\\/2022\\\/#organization\"},\"potentialAction\":[{\"@type\":\"SearchAction\",\"target\":{\"@type\":\"EntryPoint\",\"urlTemplate\":\"https:\\\/\\\/regiaonews.net.br\\\/2022\\\/?s={search_term_string}\"},\"query-input\":{\"@type\":\"PropertyValueSpecification\",\"valueRequired\":true,\"valueName\":\"search_term_string\"}}],\"inLanguage\":\"pt-BR\"},{\"@type\":\"Organization\",\"@id\":\"https:\\\/\\\/regiaonews.net.br\\\/2022\\\/#organization\",\"name\":\"Regi\u00e3o News\",\"url\":\"https:\\\/\\\/regiaonews.net.br\\\/2022\\\/\",\"logo\":{\"@type\":\"ImageObject\",\"inLanguage\":\"pt-BR\",\"@id\":\"https:\\\/\\\/regiaonews.net.br\\\/2022\\\/#\\\/schema\\\/logo\\\/image\\\/\",\"url\":\"https:\\\/\\\/regiaonews.net.br\\\/2022\\\/wp-content\\\/uploads\\\/2026\\\/03\\\/regiao-13-anos-scaled.jpg\",\"contentUrl\":\"https:\\\/\\\/regiaonews.net.br\\\/2022\\\/wp-content\\\/uploads\\\/2026\\\/03\\\/regiao-13-anos-scaled.jpg\",\"width\":2560,\"height\":635,\"caption\":\"Regi\u00e3o News\"},\"image\":{\"@id\":\"https:\\\/\\\/regiaonews.net.br\\\/2022\\\/#\\\/schema\\\/logo\\\/image\\\/\"}},{\"@type\":\"Person\",\"@id\":\"https:\\\/\\\/regiaonews.net.br\\\/2022\\\/#\\\/schema\\\/person\\\/2d205a608a5aa97ac279d7a5e6d89ad8\",\"name\":\"Roberto\",\"image\":{\"@type\":\"ImageObject\",\"inLanguage\":\"pt-BR\",\"@id\":\"https:\\\/\\\/secure.gravatar.com\\\/avatar\\\/42749d8b712ff9d59ca93dc150494e5b55a44134482993f5baeb97e61b7ecc89?s=96&d=mm&r=g\",\"url\":\"https:\\\/\\\/secure.gravatar.com\\\/avatar\\\/42749d8b712ff9d59ca93dc150494e5b55a44134482993f5baeb97e61b7ecc89?s=96&d=mm&r=g\",\"contentUrl\":\"https:\\\/\\\/secure.gravatar.com\\\/avatar\\\/42749d8b712ff9d59ca93dc150494e5b55a44134482993f5baeb97e61b7ecc89?s=96&d=mm&r=g\",\"caption\":\"Roberto\"},\"url\":\"https:\\\/\\\/regiaonews.net.br\\\/2022\\\/author\\\/roberto\\\/\"}]}<\/script>\n<!-- \/ Yoast SEO plugin. -->","yoast_head_json":{"title":"Par de ingressos por R$15 para assistir 'Amigos Imagin\u00e1rios!' \u00e9 a promo\u00e7\u00e3o de feriado do Centerplex Barretos - Regi\u00e3o News","robots":{"index":"index","follow":"follow","max-snippet":"max-snippet:-1","max-image-preview":"max-image-preview:large","max-video-preview":"max-video-preview:-1"},"canonical":"https:\/\/regiaonews.net.br\/2022\/2024\/05\/29\/par-de-ingressos-por-r15-para-assistir-amigos-imaginarios-e-a-promocao-de-feriado-do-centerplex-barretos\/","og_locale":"pt_BR","og_type":"article","og_title":"Par de ingressos por R$15 para assistir 'Amigos Imagin\u00e1rios!' \u00e9 a promo\u00e7\u00e3o de feriado do Centerplex Barretos - Regi\u00e3o News","og_description":"O feriado traz a combina\u00e7\u00e3o perfeita de descanso e divers\u00e3o","og_url":"https:\/\/regiaonews.net.br\/2022\/2024\/05\/29\/par-de-ingressos-por-r15-para-assistir-amigos-imaginarios-e-a-promocao-de-feriado-do-centerplex-barretos\/","og_site_name":"Regi\u00e3o News","article_published_time":"2024-05-29T23:04:05+00:00","og_image":[{"width":1200,"height":675,"url":"https:\/\/regiaonews.net.br\/2022\/wp-content\/uploads\/2024\/05\/WhatsApp-Image-2024-05-29-at-15.15.41.jpeg","type":"image\/jpeg"}],"author":"Roberto","twitter_card":"summary_large_image","twitter_misc":{"Escrito por":"Roberto","Est. tempo de leitura":"3 minutos"},"schema":{"@context":"https:\/\/schema.org","@graph":[{"@type":"Article","@id":"https:\/\/regiaonews.net.br\/2022\/2024\/05\/29\/par-de-ingressos-por-r15-para-assistir-amigos-imaginarios-e-a-promocao-de-feriado-do-centerplex-barretos\/#article","isPartOf":{"@id":"https:\/\/regiaonews.net.br\/2022\/2024\/05\/29\/par-de-ingressos-por-r15-para-assistir-amigos-imaginarios-e-a-promocao-de-feriado-do-centerplex-barretos\/"},"author":{"name":"Roberto","@id":"https:\/\/regiaonews.net.br\/2022\/#\/schema\/person\/2d205a608a5aa97ac279d7a5e6d89ad8"},"headline":"Par de ingressos por R$15 para assistir &#8216;Amigos Imagin\u00e1rios!&#8217; \u00e9 a promo\u00e7\u00e3o de feriado do Centerplex Barretos","datePublished":"2024-05-29T23:04:05+00:00","mainEntityOfPage":{"@id":"https:\/\/regiaonews.net.br\/2022\/2024\/05\/29\/par-de-ingressos-por-r15-para-assistir-amigos-imaginarios-e-a-promocao-de-feriado-do-centerplex-barretos\/"},"wordCount":568,"commentCount":0,"publisher":{"@id":"https:\/\/regiaonews.net.br\/2022\/#organization"},"image":{"@id":"https:\/\/regiaonews.net.br\/2022\/2024\/05\/29\/par-de-ingressos-por-r15-para-assistir-amigos-imaginarios-e-a-promocao-de-feriado-do-centerplex-barretos\/#primaryimage"},"thumbnailUrl":"https:\/\/regiaonews.net.br\/2022\/wp-content\/uploads\/2024\/05\/WhatsApp-Image-2024-05-29-at-15.15.41.jpeg","articleSection":["Barretos","Cidades"],"inLanguage":"pt-BR","potentialAction":[{"@type":"CommentAction","name":"Comment","target":["https:\/\/regiaonews.net.br\/2022\/2024\/05\/29\/par-de-ingressos-por-r15-para-assistir-amigos-imaginarios-e-a-promocao-de-feriado-do-centerplex-barretos\/#respond"]}]},{"@type":"WebPage","@id":"https:\/\/regiaonews.net.br\/2022\/2024\/05\/29\/par-de-ingressos-por-r15-para-assistir-amigos-imaginarios-e-a-promocao-de-feriado-do-centerplex-barretos\/","url":"https:\/\/regiaonews.net.br\/2022\/2024\/05\/29\/par-de-ingressos-por-r15-para-assistir-amigos-imaginarios-e-a-promocao-de-feriado-do-centerplex-barretos\/","name":"Par de ingressos por R$15 para assistir 'Amigos Imagin\u00e1rios!' \u00e9 a promo\u00e7\u00e3o de feriado do Centerplex Barretos - Regi\u00e3o News","isPartOf":{"@id":"https:\/\/regiaonews.net.br\/2022\/#website"},"primaryImageOfPage":{"@id":"https:\/\/regiaonews.net.br\/2022\/2024\/05\/29\/par-de-ingressos-por-r15-para-assistir-amigos-imaginarios-e-a-promocao-de-feriado-do-centerplex-barretos\/#primaryimage"},"image":{"@id":"https:\/\/regiaonews.net.br\/2022\/2024\/05\/29\/par-de-ingressos-por-r15-para-assistir-amigos-imaginarios-e-a-promocao-de-feriado-do-centerplex-barretos\/#primaryimage"},"thumbnailUrl":"https:\/\/regiaonews.net.br\/2022\/wp-content\/uploads\/2024\/05\/WhatsApp-Image-2024-05-29-at-15.15.41.jpeg","datePublished":"2024-05-29T23:04:05+00:00","breadcrumb":{"@id":"https:\/\/regiaonews.net.br\/2022\/2024\/05\/29\/par-de-ingressos-por-r15-para-assistir-amigos-imaginarios-e-a-promocao-de-feriado-do-centerplex-barretos\/#breadcrumb"},"inLanguage":"pt-BR","potentialAction":[{"@type":"ReadAction","target":["https:\/\/regiaonews.net.br\/2022\/2024\/05\/29\/par-de-ingressos-por-r15-para-assistir-amigos-imaginarios-e-a-promocao-de-feriado-do-centerplex-barretos\/"]}]},{"@type":"ImageObject","inLanguage":"pt-BR","@id":"https:\/\/regiaonews.net.br\/2022\/2024\/05\/29\/par-de-ingressos-por-r15-para-assistir-amigos-imaginarios-e-a-promocao-de-feriado-do-centerplex-barretos\/#primaryimage","url":"https:\/\/regiaonews.net.br\/2022\/wp-content\/uploads\/2024\/05\/WhatsApp-Image-2024-05-29-at-15.15.41.jpeg","contentUrl":"https:\/\/regiaonews.net.br\/2022\/wp-content\/uploads\/2024\/05\/WhatsApp-Image-2024-05-29-at-15.15.41.jpeg","width":1200,"height":675},{"@type":"BreadcrumbList","@id":"https:\/\/regiaonews.net.br\/2022\/2024\/05\/29\/par-de-ingressos-por-r15-para-assistir-amigos-imaginarios-e-a-promocao-de-feriado-do-centerplex-barretos\/#breadcrumb","itemListElement":[{"@type":"ListItem","position":1,"name":"In\u00edcio","item":"https:\/\/regiaonews.net.br\/2022\/"},{"@type":"ListItem","position":2,"name":"Par de ingressos por R$15 para assistir &#8216;Amigos Imagin\u00e1rios!&#8217; \u00e9 a promo\u00e7\u00e3o de feriado do Centerplex Barretos"}]},{"@type":"WebSite","@id":"https:\/\/regiaonews.net.br\/2022\/#website","url":"https:\/\/regiaonews.net.br\/2022\/","name":"Regi\u00e3o News","description":"Site de Not\u00edcias de Barretos e regi\u00e3o","publisher":{"@id":"https:\/\/regiaonews.net.br\/2022\/#organization"},"potentialAction":[{"@type":"SearchAction","target":{"@type":"EntryPoint","urlTemplate":"https:\/\/regiaonews.net.br\/2022\/?s={search_term_string}"},"query-input":{"@type":"PropertyValueSpecification","valueRequired":true,"valueName":"search_term_string"}}],"inLanguage":"pt-BR"},{"@type":"Organization","@id":"https:\/\/regiaonews.net.br\/2022\/#organization","name":"Regi\u00e3o News","url":"https:\/\/regiaonews.net.br\/2022\/","logo":{"@type":"ImageObject","inLanguage":"pt-BR","@id":"https:\/\/regiaonews.net.br\/2022\/#\/schema\/logo\/image\/","url":"https:\/\/regiaonews.net.br\/2022\/wp-content\/uploads\/2026\/03\/regiao-13-anos-scaled.jpg","contentUrl":"https:\/\/regiaonews.net.br\/2022\/wp-content\/uploads\/2026\/03\/regiao-13-anos-scaled.jpg","width":2560,"height":635,"caption":"Regi\u00e3o News"},"image":{"@id":"https:\/\/regiaonews.net.br\/2022\/#\/schema\/logo\/image\/"}},{"@type":"Person","@id":"https:\/\/regiaonews.net.br\/2022\/#\/schema\/person\/2d205a608a5aa97ac279d7a5e6d89ad8","name":"Roberto","image":{"@type":"ImageObject","inLanguage":"pt-BR","@id":"https:\/\/secure.gravatar.com\/avatar\/42749d8b712ff9d59ca93dc150494e5b55a44134482993f5baeb97e61b7ecc89?s=96&d=mm&r=g","url":"https:\/\/secure.gravatar.com\/avatar\/42749d8b712ff9d59ca93dc150494e5b55a44134482993f5baeb97e61b7ecc89?s=96&d=mm&r=g","contentUrl":"https:\/\/secure.gravatar.com\/avatar\/42749d8b712ff9d59ca93dc150494e5b55a44134482993f5baeb97e61b7ecc89?s=96&d=mm&r=g","caption":"Roberto"},"url":"https:\/\/regiaonews.net.br\/2022\/author\/roberto\/"}]}},"publishpress_future_action":{"enabled":false,"date":"2026-05-03 09:23:46","action":"change-status","newStatus":"draft","terms":[],"taxonomy":"category","extraData":[]},"publishpress_future_workflow_manual_trigger":{"enabledWorkflows":[]},"_links":{"self":[{"href":"https:\/\/regiaonews.net.br\/2022\/wp-json\/wp\/v2\/posts\/105626","targetHints":{"allow":["GET"]}}],"collection":[{"href":"https:\/\/regiaonews.net.br\/2022\/wp-json\/wp\/v2\/posts"}],"about":[{"href":"https:\/\/regiaonews.net.br\/2022\/wp-json\/wp\/v2\/types\/post"}],"author":[{"embeddable":true,"href":"https:\/\/regiaonews.net.br\/2022\/wp-json\/wp\/v2\/users\/2"}],"replies":[{"embeddable":true,"href":"https:\/\/regiaonews.net.br\/2022\/wp-json\/wp\/v2\/comments?post=105626"}],"version-history":[{"count":1,"href":"https:\/\/regiaonews.net.br\/2022\/wp-json\/wp\/v2\/posts\/105626\/revisions"}],"predecessor-version":[{"id":105628,"href":"https:\/\/regiaonews.net.br\/2022\/wp-json\/wp\/v2\/posts\/105626\/revisions\/105628"}],"wp:featuredmedia":[{"embeddable":true,"href":"https:\/\/regiaonews.net.br\/2022\/wp-json\/wp\/v2\/media\/105627"}],"wp:attachment":[{"href":"https:\/\/regiaonews.net.br\/2022\/wp-json\/wp\/v2\/media?parent=105626"}],"wp:term":[{"taxonomy":"category","embeddable":true,"href":"https:\/\/regiaonews.net.br\/2022\/wp-json\/wp\/v2\/categories?post=105626"},{"taxonomy":"post_tag","embeddable":true,"href":"https:\/\/regiaonews.net.br\/2022\/wp-json\/wp\/v2\/tags?post=105626"}],"curies":[{"name":"wp","href":"https:\/\/api.w.org\/{rel}","templated":true}]}}