{"id":105614,"date":"2024-05-29T19:39:48","date_gmt":"2024-05-29T22:39:48","guid":{"rendered":"https:\/\/regiaonews.net.br\/2022\/?p=105614"},"modified":"2024-05-29T19:41:02","modified_gmt":"2024-05-29T22:41:02","slug":"igreja-faz-coleta-de-doacoes-para-sul-na-procissao-de-corpus-christi","status":"publish","type":"post","link":"https:\/\/regiaonews.net.br\/2022\/2024\/05\/29\/igreja-faz-coleta-de-doacoes-para-sul-na-procissao-de-corpus-christi\/","title":{"rendered":"Igreja faz coleta de doa\u00e7\u00f5es para Sul na prociss\u00e3o de Corpus Christi"},"content":{"rendered":"<p>&nbsp;<\/p>\n<p>A Diocese de Barretos realiza a tradicional prociss\u00e3o de Corpus Christi nesta quinta (30), com uma coleta de doa\u00e7\u00f5es de alimentos que ser\u00e3o destinados \u00e0s fam\u00edlias desabrigadas pelas chuvas no Rio Grande do Sul. De acordo com o padre Deusmar Jesus da Silva, p\u00e1roco da Catedral do Divino Esp\u00edrito Santo, est\u00e3o sendo solicitadas doa\u00e7\u00f5es de arroz, feij\u00e3o, macarr\u00e3o e \u00f3leo que s\u00e3o alimentos n\u00e3o perec\u00edveis. \u201cCada par\u00f3quia ir\u00e1 celebrar a missa e a prociss\u00e3o no hor\u00e1rio estabelecido em cada Igreja. As pessoas podem levar os donativos que ser\u00e3o enviados para o Sul. Aqui na Catedral a missa e prociss\u00e3o est\u00e1 agendada para as 10h e ir\u00e1 acontecer no entorno da Pra\u00e7a Francisco Barreto\u201d, afirmou padre Deusmar.<br \/>\nO religioso disse que a popula\u00e7\u00e3o pode levar os donativos nesta quarta-feira na Casa Paroquial na rua 16 com a avenida 21 ou mesmo na quinta-feira (30), a partir das 7h quando come\u00e7a a ser montado o tapete que ter\u00e1 uma espa\u00e7o de 30 metros para cada pastoral pertencente \u00e0 Catedral expor os donativos e os produtos que ser\u00e3o vendidos no Bazar das Voca\u00e7\u00f5es. \u201cEstamos em contato com a Igreja do Rio Grande do Sul e os padres t\u00eam nos comunicado que tem faltado alimento. A pior coisa do mundo \u00e9 passar fome e as pessoas de l\u00e1 perderam tudo. Um pouquinho que partilhamos aqui, estaremos colaborando com aquele povo. Este \u00e9 o sentido de Corpus Christi, celebrar o Corpo de Cristo \u00e9 celebrar essa ajuda ao ser humano\u201d, ressaltou o padre Deusmar.<\/p>\n","protected":false},"excerpt":{"rendered":"<p>&nbsp; A Diocese de Barretos realiza a tradicional prociss\u00e3o de<\/p>\n","protected":false},"author":2,"featured_media":105616,"comment_status":"open","ping_status":"open","sticky":false,"template":"","format":"standard","meta":{"footnotes":""},"categories":[14,25],"tags":[],"class_list":["post-105614","post","type-post","status-publish","format-standard","has-post-thumbnail","hentry","category-barretos","category-cidades"],"yoast_head":"<!-- This site is optimized with the Yoast SEO plugin v27.4 - https:\/\/yoast.com\/product\/yoast-seo-wordpress\/ -->\n<title>Igreja faz coleta de doa\u00e7\u00f5es para Sul na prociss\u00e3o de Corpus Christi - Regi\u00e3o News<\/title>\n<meta name=\"robots\" content=\"index, follow, max-snippet:-1, max-image-preview:large, max-video-preview:-1\" \/>\n<link rel=\"canonical\" href=\"https:\/\/regiaonews.net.br\/2022\/2024\/05\/29\/igreja-faz-coleta-de-doacoes-para-sul-na-procissao-de-corpus-christi\/\" \/>\n<meta property=\"og:locale\" content=\"pt_BR\" \/>\n<meta property=\"og:type\" content=\"article\" \/>\n<meta property=\"og:title\" content=\"Igreja faz coleta de doa\u00e7\u00f5es para Sul na prociss\u00e3o de Corpus Christi - Regi\u00e3o News\" \/>\n<meta property=\"og:description\" content=\"&nbsp; A Diocese de Barretos realiza a tradicional prociss\u00e3o de\" \/>\n<meta property=\"og:url\" content=\"https:\/\/regiaonews.net.br\/2022\/2024\/05\/29\/igreja-faz-coleta-de-doacoes-para-sul-na-procissao-de-corpus-christi\/\" \/>\n<meta property=\"og:site_name\" content=\"Regi\u00e3o News\" \/>\n<meta property=\"article:published_time\" content=\"2024-05-29T22:39:48+00:00\" \/>\n<meta property=\"article:modified_time\" content=\"2024-05-29T22:41:02+00:00\" \/>\n<meta property=\"og:image\" content=\"https:\/\/regiaonews.net.br\/2022\/wp-content\/uploads\/2024\/05\/WhatsApp-Image-2024-05-29-at-17.38.02.jpeg\" \/>\n\t<meta property=\"og:image:width\" content=\"1600\" \/>\n\t<meta property=\"og:image:height\" content=\"1069\" \/>\n\t<meta property=\"og:image:type\" content=\"image\/jpeg\" \/>\n<meta name=\"author\" content=\"Roberto\" \/>\n<meta name=\"twitter:card\" content=\"summary_large_image\" \/>\n<meta name=\"twitter:label1\" content=\"Escrito por\" \/>\n\t<meta name=\"twitter:data1\" content=\"Roberto\" \/>\n\t<meta name=\"twitter:label2\" content=\"Est. tempo de leitura\" \/>\n\t<meta name=\"twitter:data2\" content=\"2 minutos\" \/>\n<script type=\"application\/ld+json\" class=\"yoast-schema-graph\">{\"@context\":\"https:\\\/\\\/schema.org\",\"@graph\":[{\"@type\":\"Article\",\"@id\":\"https:\\\/\\\/regiaonews.net.br\\\/2022\\\/2024\\\/05\\\/29\\\/igreja-faz-coleta-de-doacoes-para-sul-na-procissao-de-corpus-christi\\\/#article\",\"isPartOf\":{\"@id\":\"https:\\\/\\\/regiaonews.net.br\\\/2022\\\/2024\\\/05\\\/29\\\/igreja-faz-coleta-de-doacoes-para-sul-na-procissao-de-corpus-christi\\\/\"},\"author\":{\"name\":\"Roberto\",\"@id\":\"https:\\\/\\\/regiaonews.net.br\\\/2022\\\/#\\\/schema\\\/person\\\/2d205a608a5aa97ac279d7a5e6d89ad8\"},\"headline\":\"Igreja faz coleta de doa\u00e7\u00f5es para Sul na prociss\u00e3o de Corpus Christi\",\"datePublished\":\"2024-05-29T22:39:48+00:00\",\"dateModified\":\"2024-05-29T22:41:02+00:00\",\"mainEntityOfPage\":{\"@id\":\"https:\\\/\\\/regiaonews.net.br\\\/2022\\\/2024\\\/05\\\/29\\\/igreja-faz-coleta-de-doacoes-para-sul-na-procissao-de-corpus-christi\\\/\"},\"wordCount\":280,\"commentCount\":0,\"publisher\":{\"@id\":\"https:\\\/\\\/regiaonews.net.br\\\/2022\\\/#organization\"},\"image\":{\"@id\":\"https:\\\/\\\/regiaonews.net.br\\\/2022\\\/2024\\\/05\\\/29\\\/igreja-faz-coleta-de-doacoes-para-sul-na-procissao-de-corpus-christi\\\/#primaryimage\"},\"thumbnailUrl\":\"https:\\\/\\\/regiaonews.net.br\\\/2022\\\/wp-content\\\/uploads\\\/2024\\\/05\\\/WhatsApp-Image-2024-05-29-at-17.38.02.jpeg\",\"articleSection\":[\"Barretos\",\"Cidades\"],\"inLanguage\":\"pt-BR\",\"potentialAction\":[{\"@type\":\"CommentAction\",\"name\":\"Comment\",\"target\":[\"https:\\\/\\\/regiaonews.net.br\\\/2022\\\/2024\\\/05\\\/29\\\/igreja-faz-coleta-de-doacoes-para-sul-na-procissao-de-corpus-christi\\\/#respond\"]}]},{\"@type\":\"WebPage\",\"@id\":\"https:\\\/\\\/regiaonews.net.br\\\/2022\\\/2024\\\/05\\\/29\\\/igreja-faz-coleta-de-doacoes-para-sul-na-procissao-de-corpus-christi\\\/\",\"url\":\"https:\\\/\\\/regiaonews.net.br\\\/2022\\\/2024\\\/05\\\/29\\\/igreja-faz-coleta-de-doacoes-para-sul-na-procissao-de-corpus-christi\\\/\",\"name\":\"Igreja faz coleta de doa\u00e7\u00f5es para Sul na prociss\u00e3o de Corpus Christi - Regi\u00e3o News\",\"isPartOf\":{\"@id\":\"https:\\\/\\\/regiaonews.net.br\\\/2022\\\/#website\"},\"primaryImageOfPage\":{\"@id\":\"https:\\\/\\\/regiaonews.net.br\\\/2022\\\/2024\\\/05\\\/29\\\/igreja-faz-coleta-de-doacoes-para-sul-na-procissao-de-corpus-christi\\\/#primaryimage\"},\"image\":{\"@id\":\"https:\\\/\\\/regiaonews.net.br\\\/2022\\\/2024\\\/05\\\/29\\\/igreja-faz-coleta-de-doacoes-para-sul-na-procissao-de-corpus-christi\\\/#primaryimage\"},\"thumbnailUrl\":\"https:\\\/\\\/regiaonews.net.br\\\/2022\\\/wp-content\\\/uploads\\\/2024\\\/05\\\/WhatsApp-Image-2024-05-29-at-17.38.02.jpeg\",\"datePublished\":\"2024-05-29T22:39:48+00:00\",\"dateModified\":\"2024-05-29T22:41:02+00:00\",\"breadcrumb\":{\"@id\":\"https:\\\/\\\/regiaonews.net.br\\\/2022\\\/2024\\\/05\\\/29\\\/igreja-faz-coleta-de-doacoes-para-sul-na-procissao-de-corpus-christi\\\/#breadcrumb\"},\"inLanguage\":\"pt-BR\",\"potentialAction\":[{\"@type\":\"ReadAction\",\"target\":[\"https:\\\/\\\/regiaonews.net.br\\\/2022\\\/2024\\\/05\\\/29\\\/igreja-faz-coleta-de-doacoes-para-sul-na-procissao-de-corpus-christi\\\/\"]}]},{\"@type\":\"ImageObject\",\"inLanguage\":\"pt-BR\",\"@id\":\"https:\\\/\\\/regiaonews.net.br\\\/2022\\\/2024\\\/05\\\/29\\\/igreja-faz-coleta-de-doacoes-para-sul-na-procissao-de-corpus-christi\\\/#primaryimage\",\"url\":\"https:\\\/\\\/regiaonews.net.br\\\/2022\\\/wp-content\\\/uploads\\\/2024\\\/05\\\/WhatsApp-Image-2024-05-29-at-17.38.02.jpeg\",\"contentUrl\":\"https:\\\/\\\/regiaonews.net.br\\\/2022\\\/wp-content\\\/uploads\\\/2024\\\/05\\\/WhatsApp-Image-2024-05-29-at-17.38.02.jpeg\",\"width\":1600,\"height\":1069},{\"@type\":\"BreadcrumbList\",\"@id\":\"https:\\\/\\\/regiaonews.net.br\\\/2022\\\/2024\\\/05\\\/29\\\/igreja-faz-coleta-de-doacoes-para-sul-na-procissao-de-corpus-christi\\\/#breadcrumb\",\"itemListElement\":[{\"@type\":\"ListItem\",\"position\":1,\"name\":\"In\u00edcio\",\"item\":\"https:\\\/\\\/regiaonews.net.br\\\/2022\\\/\"},{\"@type\":\"ListItem\",\"position\":2,\"name\":\"Igreja faz coleta de doa\u00e7\u00f5es para Sul na prociss\u00e3o de Corpus Christi\"}]},{\"@type\":\"WebSite\",\"@id\":\"https:\\\/\\\/regiaonews.net.br\\\/2022\\\/#website\",\"url\":\"https:\\\/\\\/regiaonews.net.br\\\/2022\\\/\",\"name\":\"Regi\u00e3o News\",\"description\":\"Site de Not\u00edcias de Barretos e regi\u00e3o\",\"publisher\":{\"@id\":\"https:\\\/\\\/regiaonews.net.br\\\/2022\\\/#organization\"},\"potentialAction\":[{\"@type\":\"SearchAction\",\"target\":{\"@type\":\"EntryPoint\",\"urlTemplate\":\"https:\\\/\\\/regiaonews.net.br\\\/2022\\\/?s={search_term_string}\"},\"query-input\":{\"@type\":\"PropertyValueSpecification\",\"valueRequired\":true,\"valueName\":\"search_term_string\"}}],\"inLanguage\":\"pt-BR\"},{\"@type\":\"Organization\",\"@id\":\"https:\\\/\\\/regiaonews.net.br\\\/2022\\\/#organization\",\"name\":\"Regi\u00e3o News\",\"url\":\"https:\\\/\\\/regiaonews.net.br\\\/2022\\\/\",\"logo\":{\"@type\":\"ImageObject\",\"inLanguage\":\"pt-BR\",\"@id\":\"https:\\\/\\\/regiaonews.net.br\\\/2022\\\/#\\\/schema\\\/logo\\\/image\\\/\",\"url\":\"https:\\\/\\\/regiaonews.net.br\\\/2022\\\/wp-content\\\/uploads\\\/2026\\\/03\\\/regiao-13-anos-scaled.jpg\",\"contentUrl\":\"https:\\\/\\\/regiaonews.net.br\\\/2022\\\/wp-content\\\/uploads\\\/2026\\\/03\\\/regiao-13-anos-scaled.jpg\",\"width\":2560,\"height\":635,\"caption\":\"Regi\u00e3o News\"},\"image\":{\"@id\":\"https:\\\/\\\/regiaonews.net.br\\\/2022\\\/#\\\/schema\\\/logo\\\/image\\\/\"}},{\"@type\":\"Person\",\"@id\":\"https:\\\/\\\/regiaonews.net.br\\\/2022\\\/#\\\/schema\\\/person\\\/2d205a608a5aa97ac279d7a5e6d89ad8\",\"name\":\"Roberto\",\"image\":{\"@type\":\"ImageObject\",\"inLanguage\":\"pt-BR\",\"@id\":\"https:\\\/\\\/secure.gravatar.com\\\/avatar\\\/42749d8b712ff9d59ca93dc150494e5b55a44134482993f5baeb97e61b7ecc89?s=96&d=mm&r=g\",\"url\":\"https:\\\/\\\/secure.gravatar.com\\\/avatar\\\/42749d8b712ff9d59ca93dc150494e5b55a44134482993f5baeb97e61b7ecc89?s=96&d=mm&r=g\",\"contentUrl\":\"https:\\\/\\\/secure.gravatar.com\\\/avatar\\\/42749d8b712ff9d59ca93dc150494e5b55a44134482993f5baeb97e61b7ecc89?s=96&d=mm&r=g\",\"caption\":\"Roberto\"},\"url\":\"https:\\\/\\\/regiaonews.net.br\\\/2022\\\/author\\\/roberto\\\/\"}]}<\/script>\n<!-- \/ Yoast SEO plugin. -->","yoast_head_json":{"title":"Igreja faz coleta de doa\u00e7\u00f5es para Sul na prociss\u00e3o de Corpus Christi - Regi\u00e3o News","robots":{"index":"index","follow":"follow","max-snippet":"max-snippet:-1","max-image-preview":"max-image-preview:large","max-video-preview":"max-video-preview:-1"},"canonical":"https:\/\/regiaonews.net.br\/2022\/2024\/05\/29\/igreja-faz-coleta-de-doacoes-para-sul-na-procissao-de-corpus-christi\/","og_locale":"pt_BR","og_type":"article","og_title":"Igreja faz coleta de doa\u00e7\u00f5es para Sul na prociss\u00e3o de Corpus Christi - Regi\u00e3o News","og_description":"&nbsp; A Diocese de Barretos realiza a tradicional prociss\u00e3o de","og_url":"https:\/\/regiaonews.net.br\/2022\/2024\/05\/29\/igreja-faz-coleta-de-doacoes-para-sul-na-procissao-de-corpus-christi\/","og_site_name":"Regi\u00e3o News","article_published_time":"2024-05-29T22:39:48+00:00","article_modified_time":"2024-05-29T22:41:02+00:00","og_image":[{"width":1600,"height":1069,"url":"https:\/\/regiaonews.net.br\/2022\/wp-content\/uploads\/2024\/05\/WhatsApp-Image-2024-05-29-at-17.38.02.jpeg","type":"image\/jpeg"}],"author":"Roberto","twitter_card":"summary_large_image","twitter_misc":{"Escrito por":"Roberto","Est. tempo de leitura":"2 minutos"},"schema":{"@context":"https:\/\/schema.org","@graph":[{"@type":"Article","@id":"https:\/\/regiaonews.net.br\/2022\/2024\/05\/29\/igreja-faz-coleta-de-doacoes-para-sul-na-procissao-de-corpus-christi\/#article","isPartOf":{"@id":"https:\/\/regiaonews.net.br\/2022\/2024\/05\/29\/igreja-faz-coleta-de-doacoes-para-sul-na-procissao-de-corpus-christi\/"},"author":{"name":"Roberto","@id":"https:\/\/regiaonews.net.br\/2022\/#\/schema\/person\/2d205a608a5aa97ac279d7a5e6d89ad8"},"headline":"Igreja faz coleta de doa\u00e7\u00f5es para Sul na prociss\u00e3o de Corpus Christi","datePublished":"2024-05-29T22:39:48+00:00","dateModified":"2024-05-29T22:41:02+00:00","mainEntityOfPage":{"@id":"https:\/\/regiaonews.net.br\/2022\/2024\/05\/29\/igreja-faz-coleta-de-doacoes-para-sul-na-procissao-de-corpus-christi\/"},"wordCount":280,"commentCount":0,"publisher":{"@id":"https:\/\/regiaonews.net.br\/2022\/#organization"},"image":{"@id":"https:\/\/regiaonews.net.br\/2022\/2024\/05\/29\/igreja-faz-coleta-de-doacoes-para-sul-na-procissao-de-corpus-christi\/#primaryimage"},"thumbnailUrl":"https:\/\/regiaonews.net.br\/2022\/wp-content\/uploads\/2024\/05\/WhatsApp-Image-2024-05-29-at-17.38.02.jpeg","articleSection":["Barretos","Cidades"],"inLanguage":"pt-BR","potentialAction":[{"@type":"CommentAction","name":"Comment","target":["https:\/\/regiaonews.net.br\/2022\/2024\/05\/29\/igreja-faz-coleta-de-doacoes-para-sul-na-procissao-de-corpus-christi\/#respond"]}]},{"@type":"WebPage","@id":"https:\/\/regiaonews.net.br\/2022\/2024\/05\/29\/igreja-faz-coleta-de-doacoes-para-sul-na-procissao-de-corpus-christi\/","url":"https:\/\/regiaonews.net.br\/2022\/2024\/05\/29\/igreja-faz-coleta-de-doacoes-para-sul-na-procissao-de-corpus-christi\/","name":"Igreja faz coleta de doa\u00e7\u00f5es para Sul na prociss\u00e3o de Corpus Christi - Regi\u00e3o News","isPartOf":{"@id":"https:\/\/regiaonews.net.br\/2022\/#website"},"primaryImageOfPage":{"@id":"https:\/\/regiaonews.net.br\/2022\/2024\/05\/29\/igreja-faz-coleta-de-doacoes-para-sul-na-procissao-de-corpus-christi\/#primaryimage"},"image":{"@id":"https:\/\/regiaonews.net.br\/2022\/2024\/05\/29\/igreja-faz-coleta-de-doacoes-para-sul-na-procissao-de-corpus-christi\/#primaryimage"},"thumbnailUrl":"https:\/\/regiaonews.net.br\/2022\/wp-content\/uploads\/2024\/05\/WhatsApp-Image-2024-05-29-at-17.38.02.jpeg","datePublished":"2024-05-29T22:39:48+00:00","dateModified":"2024-05-29T22:41:02+00:00","breadcrumb":{"@id":"https:\/\/regiaonews.net.br\/2022\/2024\/05\/29\/igreja-faz-coleta-de-doacoes-para-sul-na-procissao-de-corpus-christi\/#breadcrumb"},"inLanguage":"pt-BR","potentialAction":[{"@type":"ReadAction","target":["https:\/\/regiaonews.net.br\/2022\/2024\/05\/29\/igreja-faz-coleta-de-doacoes-para-sul-na-procissao-de-corpus-christi\/"]}]},{"@type":"ImageObject","inLanguage":"pt-BR","@id":"https:\/\/regiaonews.net.br\/2022\/2024\/05\/29\/igreja-faz-coleta-de-doacoes-para-sul-na-procissao-de-corpus-christi\/#primaryimage","url":"https:\/\/regiaonews.net.br\/2022\/wp-content\/uploads\/2024\/05\/WhatsApp-Image-2024-05-29-at-17.38.02.jpeg","contentUrl":"https:\/\/regiaonews.net.br\/2022\/wp-content\/uploads\/2024\/05\/WhatsApp-Image-2024-05-29-at-17.38.02.jpeg","width":1600,"height":1069},{"@type":"BreadcrumbList","@id":"https:\/\/regiaonews.net.br\/2022\/2024\/05\/29\/igreja-faz-coleta-de-doacoes-para-sul-na-procissao-de-corpus-christi\/#breadcrumb","itemListElement":[{"@type":"ListItem","position":1,"name":"In\u00edcio","item":"https:\/\/regiaonews.net.br\/2022\/"},{"@type":"ListItem","position":2,"name":"Igreja faz coleta de doa\u00e7\u00f5es para Sul na prociss\u00e3o de Corpus Christi"}]},{"@type":"WebSite","@id":"https:\/\/regiaonews.net.br\/2022\/#website","url":"https:\/\/regiaonews.net.br\/2022\/","name":"Regi\u00e3o News","description":"Site de Not\u00edcias de Barretos e regi\u00e3o","publisher":{"@id":"https:\/\/regiaonews.net.br\/2022\/#organization"},"potentialAction":[{"@type":"SearchAction","target":{"@type":"EntryPoint","urlTemplate":"https:\/\/regiaonews.net.br\/2022\/?s={search_term_string}"},"query-input":{"@type":"PropertyValueSpecification","valueRequired":true,"valueName":"search_term_string"}}],"inLanguage":"pt-BR"},{"@type":"Organization","@id":"https:\/\/regiaonews.net.br\/2022\/#organization","name":"Regi\u00e3o News","url":"https:\/\/regiaonews.net.br\/2022\/","logo":{"@type":"ImageObject","inLanguage":"pt-BR","@id":"https:\/\/regiaonews.net.br\/2022\/#\/schema\/logo\/image\/","url":"https:\/\/regiaonews.net.br\/2022\/wp-content\/uploads\/2026\/03\/regiao-13-anos-scaled.jpg","contentUrl":"https:\/\/regiaonews.net.br\/2022\/wp-content\/uploads\/2026\/03\/regiao-13-anos-scaled.jpg","width":2560,"height":635,"caption":"Regi\u00e3o News"},"image":{"@id":"https:\/\/regiaonews.net.br\/2022\/#\/schema\/logo\/image\/"}},{"@type":"Person","@id":"https:\/\/regiaonews.net.br\/2022\/#\/schema\/person\/2d205a608a5aa97ac279d7a5e6d89ad8","name":"Roberto","image":{"@type":"ImageObject","inLanguage":"pt-BR","@id":"https:\/\/secure.gravatar.com\/avatar\/42749d8b712ff9d59ca93dc150494e5b55a44134482993f5baeb97e61b7ecc89?s=96&d=mm&r=g","url":"https:\/\/secure.gravatar.com\/avatar\/42749d8b712ff9d59ca93dc150494e5b55a44134482993f5baeb97e61b7ecc89?s=96&d=mm&r=g","contentUrl":"https:\/\/secure.gravatar.com\/avatar\/42749d8b712ff9d59ca93dc150494e5b55a44134482993f5baeb97e61b7ecc89?s=96&d=mm&r=g","caption":"Roberto"},"url":"https:\/\/regiaonews.net.br\/2022\/author\/roberto\/"}]}},"publishpress_future_action":{"enabled":false,"date":"2026-05-03 16:07:26","action":"change-status","newStatus":"draft","terms":[],"taxonomy":"category","extraData":[]},"publishpress_future_workflow_manual_trigger":{"enabledWorkflows":[]},"_links":{"self":[{"href":"https:\/\/regiaonews.net.br\/2022\/wp-json\/wp\/v2\/posts\/105614","targetHints":{"allow":["GET"]}}],"collection":[{"href":"https:\/\/regiaonews.net.br\/2022\/wp-json\/wp\/v2\/posts"}],"about":[{"href":"https:\/\/regiaonews.net.br\/2022\/wp-json\/wp\/v2\/types\/post"}],"author":[{"embeddable":true,"href":"https:\/\/regiaonews.net.br\/2022\/wp-json\/wp\/v2\/users\/2"}],"replies":[{"embeddable":true,"href":"https:\/\/regiaonews.net.br\/2022\/wp-json\/wp\/v2\/comments?post=105614"}],"version-history":[{"count":1,"href":"https:\/\/regiaonews.net.br\/2022\/wp-json\/wp\/v2\/posts\/105614\/revisions"}],"predecessor-version":[{"id":105615,"href":"https:\/\/regiaonews.net.br\/2022\/wp-json\/wp\/v2\/posts\/105614\/revisions\/105615"}],"wp:featuredmedia":[{"embeddable":true,"href":"https:\/\/regiaonews.net.br\/2022\/wp-json\/wp\/v2\/media\/105616"}],"wp:attachment":[{"href":"https:\/\/regiaonews.net.br\/2022\/wp-json\/wp\/v2\/media?parent=105614"}],"wp:term":[{"taxonomy":"category","embeddable":true,"href":"https:\/\/regiaonews.net.br\/2022\/wp-json\/wp\/v2\/categories?post=105614"},{"taxonomy":"post_tag","embeddable":true,"href":"https:\/\/regiaonews.net.br\/2022\/wp-json\/wp\/v2\/tags?post=105614"}],"curies":[{"name":"wp","href":"https:\/\/api.w.org\/{rel}","templated":true}]}}