{"id":105606,"date":"2024-05-29T07:54:05","date_gmt":"2024-05-29T10:54:05","guid":{"rendered":"https:\/\/regiaonews.net.br\/2022\/?p=105606"},"modified":"2024-05-29T07:54:05","modified_gmt":"2024-05-29T10:54:05","slug":"projeto-kungu-fu-participa-do-15-campeonato-interestadual","status":"publish","type":"post","link":"https:\/\/regiaonews.net.br\/2022\/2024\/05\/29\/projeto-kungu-fu-participa-do-15-campeonato-interestadual\/","title":{"rendered":"Projeto Kungu Fu participa do 15\u00b0 Campeonato Interestadual"},"content":{"rendered":"<header class=\"site-header wrapper\" data-font-size=\"\">\n<nav id=\"menu-principal\" class=\"site-nav menu-fixed noPrint\">&nbsp;<\/p>\n<\/nav>\n<\/header>\n<section data-font-size=\"\">\n<section class=\"page-content wrapper\">\n<div data-grid=\"spacing\">\n<div data-cell=\"3of4\">\n<section class=\"post\">\n<div class=\"post-content\">\n<article class=\"post-text\">A Prefeitura Municipal de Colina, por meio da Secretaria Municipal de Esportes, Turismo e Lazer, informa que os alunos do Projeto Municipal Drag\u00e3o Branco de Li Tchuo Pa Kung Fu participaram,\u00a0no \u00faltimo domingo, dia 26 de maio, na cidade de S\u00e3o Paulo, do 15\u00ba Campeonato Interestadual de Kung Fu.<\/p>\n<p>A equipe de Colina esteve composta por dois t\u00e9cnicos (Professores Gilberto Gon\u00e7alves e Renato Teixeira Rodrigues) e pelos atletas: Anderson Neves Santos, Lara Pires Gon\u00e7alves, Rog\u00e9rio Albuquerque Ferreira, Ryquelme Henrique dos Santos.<\/p>\n<p>Na oportunidade, conquistaram 3 medalhas de ouro, 1 medalha de prata, 1 medalha de bronze e 1 cintur\u00e3o na categoria Sanda Profissional at\u00e9 80 kg + pr\u00eamio em dinheiro no valor de R$ 700,00 para o campe\u00e3o da categoria.<\/p>\n<p>O evento contou com a presen\u00e7a de equipes de v\u00e1rios estados brasileiros, pa\u00edses sulamericanos como o Paraguai e o Chile, e ainda contou a participa\u00e7\u00e3o atletas de modalidades como Muay Thay e MMA, nas categorias disputadas de: Lutas de San Da Profissional e Sanda Semi Profissional, Lutas de Lei Tai, Kuo Shu-Light, Semi Contato, Shuai Jiao Amador e profissional, Guardas e Esquivas, Cassetete, Taolu tradicional, Taolu Ol\u00edmpico, Tai Chi Chuan e Three Stars.<\/p>\n<p>O Projeto Municipal Drag\u00e3o Branco de Li Tchuo Pa Kung Fu de Colina integrou-se com as delega\u00e7\u00f5es de Ribeir\u00e3o Preto, Guariba e Leme, que formaram a equipe representante da modalidade Li Tchuo Pa Kung Fu neste evento. Conquistou o quadro de 48 medalhas no total, sendo 31 medalhas de ouro, 10 medalhas de prata, 07 medalhas de bronze e 1 cintur\u00e3o + pr\u00eamio de R$ 700,00.<\/p>\n<p>A equipe de Colina foi respons\u00e1vel pela seguinte conquista:<\/p>\n<p>Anderson Neves Santos \u2013 Cintur\u00e3o em Sanda Profissional at\u00e9 80 kg + R$ 700,00;<\/p>\n<p>Lara Pires Gon\u00e7alves \u2013 Ouro em m\u00e3os do Sul e Prata e M\u00e3os do Norte;<\/p>\n<p>Rog\u00e9rio Albuquerque Ferreira \u2013 Ouro em Sanda Amador at\u00e9 70 kg;<\/p>\n<p>Ryquelme Henrique dos Santos \u2013 Bronze em M\u00e3os do Sul.<\/p>\n<p><strong>AGENDA \u2013<\/strong>\u00a0O Projeto Municipal Drag\u00e3o Branco de Li Tchuo Pa Kung Fu de Colina participa, no m\u00eas de junho, da 1\u00aa Copa Guaribense de Li Tchuo P\u00e1 Kung Fu, na cidade de Guariba, nos dias 15 e 16; realizar\u00e1 o exame de gradua\u00e7\u00e3o dos alunos do Projeto Municipal no dia 23 de junho, com a presen\u00e7a dos Mestres da modalidade Li Tchuo Pa Kung Fu &#8220;Severino Ferreira da Rocha&#8221; e &#8220;Ant\u00f4nio Carlos de Moraes&#8221;; e tamb\u00e9m receber\u00e1 o Sifu Jean Paulo Lafaiete da ASKF Motiva\u00e7\u00e3o Escola Oriental da cidade de S\u00e3o Paulo nos dias 08, 09, 29 e 30\/06 para ministrar curso sobre Dan\u00e7a do Le\u00e3o Chin\u00eas aos respons\u00e1veis pela Equipe Drag\u00e3o Branco de Dan\u00e7a do Le\u00e3o Chin\u00eas.<\/p>\n<p><strong>SOBRE O PROJETO \u2013<\/strong>\u00a0As aulas do Projeto Municipal Drag\u00e3o Branco de Li Tchuo Pa Kung Fu s\u00e3o gratuitas e acontecem no \u201cEspa\u00e7o Projetos Esportivos\u201d, que est\u00e1 localizado\u00a0 na Rua 7 de Setembro,\u00a0 n\u00b0 1.041, no bairro Pedreira, com atendimento de segunda-feira \u00e0 s\u00e1bado, nos per\u00edodos da manh\u00e3, tarde e noite. Os interessados devem fazer a inscri\u00e7\u00e3o no local e escolher dias e hor\u00e1rios de seu interesse.<\/p>\n<p>\u201cParabenizamos os atletas do Projeto Municipal de Colina pelo excelente resultado e manifestamos nossa satisfa\u00e7\u00e3o em dar continuidade a este trabalho magn\u00edfico, que vem orientando crian\u00e7as, adolescentes, adultos e idosos para uma vida mais saud\u00e1vel, por meio da pr\u00e1tica das artes marciais e tamb\u00e9m para uma conduta justa perante a sociedade. Os competidores que participaram neste evento frequentam as atividades desde os 06 anos de idade. Nossos agradecimentos \u00e1 Prefeitura Municipal de Colina, por todo apoio e incentivo disponibilizado ao Projeto, ao longo dos anos, fornecendo total infraestrutura para as nossas atividades\u201d, destacou o Coordenador do Projeto, Prof\u00ba. Gilberto Gon\u00e7alves.<\/p>\n<\/article>\n<\/div>\n<\/section>\n<\/div>\n<\/div>\n<\/section>\n<\/section>\n","protected":false},"excerpt":{"rendered":"<p>&nbsp; A Prefeitura Municipal de Colina, por meio da Secretaria<\/p>\n","protected":false},"author":2,"featured_media":105607,"comment_status":"open","ping_status":"open","sticky":false,"template":"","format":"standard","meta":{"footnotes":""},"categories":[25,5,21],"tags":[],"class_list":["post-105606","post","type-post","status-publish","format-standard","has-post-thumbnail","hentry","category-cidades","category-colina","category-esporte"],"yoast_head":"<!-- This site is optimized with the Yoast SEO plugin v27.4 - https:\/\/yoast.com\/product\/yoast-seo-wordpress\/ -->\n<title>Projeto Kungu Fu participa do 15\u00b0 Campeonato Interestadual - Regi\u00e3o News<\/title>\n<meta name=\"robots\" content=\"index, follow, max-snippet:-1, max-image-preview:large, max-video-preview:-1\" \/>\n<link rel=\"canonical\" href=\"https:\/\/regiaonews.net.br\/2022\/2024\/05\/29\/projeto-kungu-fu-participa-do-15-campeonato-interestadual\/\" \/>\n<meta property=\"og:locale\" content=\"pt_BR\" \/>\n<meta property=\"og:type\" content=\"article\" \/>\n<meta property=\"og:title\" content=\"Projeto Kungu Fu participa do 15\u00b0 Campeonato Interestadual - Regi\u00e3o News\" \/>\n<meta property=\"og:description\" content=\"&nbsp; A Prefeitura Municipal de Colina, por meio da Secretaria\" \/>\n<meta property=\"og:url\" content=\"https:\/\/regiaonews.net.br\/2022\/2024\/05\/29\/projeto-kungu-fu-participa-do-15-campeonato-interestadual\/\" \/>\n<meta property=\"og:site_name\" content=\"Regi\u00e3o News\" \/>\n<meta property=\"article:published_time\" content=\"2024-05-29T10:54:05+00:00\" \/>\n<meta property=\"og:image\" content=\"https:\/\/regiaonews.net.br\/2022\/wp-content\/uploads\/2024\/05\/g_62_0_8_28052024171851.jpg\" \/>\n\t<meta property=\"og:image:width\" content=\"1600\" \/>\n\t<meta property=\"og:image:height\" content=\"1299\" \/>\n\t<meta property=\"og:image:type\" content=\"image\/jpeg\" \/>\n<meta name=\"author\" content=\"Roberto\" \/>\n<meta name=\"twitter:card\" content=\"summary_large_image\" \/>\n<meta name=\"twitter:label1\" content=\"Escrito por\" \/>\n\t<meta name=\"twitter:data1\" content=\"Roberto\" \/>\n\t<meta name=\"twitter:label2\" content=\"Est. tempo de leitura\" \/>\n\t<meta name=\"twitter:data2\" content=\"4 minutos\" \/>\n<script type=\"application\/ld+json\" class=\"yoast-schema-graph\">{\"@context\":\"https:\\\/\\\/schema.org\",\"@graph\":[{\"@type\":\"Article\",\"@id\":\"https:\\\/\\\/regiaonews.net.br\\\/2022\\\/2024\\\/05\\\/29\\\/projeto-kungu-fu-participa-do-15-campeonato-interestadual\\\/#article\",\"isPartOf\":{\"@id\":\"https:\\\/\\\/regiaonews.net.br\\\/2022\\\/2024\\\/05\\\/29\\\/projeto-kungu-fu-participa-do-15-campeonato-interestadual\\\/\"},\"author\":{\"name\":\"Roberto\",\"@id\":\"https:\\\/\\\/regiaonews.net.br\\\/2022\\\/#\\\/schema\\\/person\\\/2d205a608a5aa97ac279d7a5e6d89ad8\"},\"headline\":\"Projeto Kungu Fu participa do 15\u00b0 Campeonato Interestadual\",\"datePublished\":\"2024-05-29T10:54:05+00:00\",\"mainEntityOfPage\":{\"@id\":\"https:\\\/\\\/regiaonews.net.br\\\/2022\\\/2024\\\/05\\\/29\\\/projeto-kungu-fu-participa-do-15-campeonato-interestadual\\\/\"},\"wordCount\":630,\"commentCount\":0,\"publisher\":{\"@id\":\"https:\\\/\\\/regiaonews.net.br\\\/2022\\\/#organization\"},\"image\":{\"@id\":\"https:\\\/\\\/regiaonews.net.br\\\/2022\\\/2024\\\/05\\\/29\\\/projeto-kungu-fu-participa-do-15-campeonato-interestadual\\\/#primaryimage\"},\"thumbnailUrl\":\"https:\\\/\\\/regiaonews.net.br\\\/2022\\\/wp-content\\\/uploads\\\/2024\\\/05\\\/g_62_0_8_28052024171851.jpg\",\"articleSection\":[\"Cidades\",\"Colina\",\"Esporte\"],\"inLanguage\":\"pt-BR\",\"potentialAction\":[{\"@type\":\"CommentAction\",\"name\":\"Comment\",\"target\":[\"https:\\\/\\\/regiaonews.net.br\\\/2022\\\/2024\\\/05\\\/29\\\/projeto-kungu-fu-participa-do-15-campeonato-interestadual\\\/#respond\"]}]},{\"@type\":\"WebPage\",\"@id\":\"https:\\\/\\\/regiaonews.net.br\\\/2022\\\/2024\\\/05\\\/29\\\/projeto-kungu-fu-participa-do-15-campeonato-interestadual\\\/\",\"url\":\"https:\\\/\\\/regiaonews.net.br\\\/2022\\\/2024\\\/05\\\/29\\\/projeto-kungu-fu-participa-do-15-campeonato-interestadual\\\/\",\"name\":\"Projeto Kungu Fu participa do 15\u00b0 Campeonato Interestadual - Regi\u00e3o News\",\"isPartOf\":{\"@id\":\"https:\\\/\\\/regiaonews.net.br\\\/2022\\\/#website\"},\"primaryImageOfPage\":{\"@id\":\"https:\\\/\\\/regiaonews.net.br\\\/2022\\\/2024\\\/05\\\/29\\\/projeto-kungu-fu-participa-do-15-campeonato-interestadual\\\/#primaryimage\"},\"image\":{\"@id\":\"https:\\\/\\\/regiaonews.net.br\\\/2022\\\/2024\\\/05\\\/29\\\/projeto-kungu-fu-participa-do-15-campeonato-interestadual\\\/#primaryimage\"},\"thumbnailUrl\":\"https:\\\/\\\/regiaonews.net.br\\\/2022\\\/wp-content\\\/uploads\\\/2024\\\/05\\\/g_62_0_8_28052024171851.jpg\",\"datePublished\":\"2024-05-29T10:54:05+00:00\",\"breadcrumb\":{\"@id\":\"https:\\\/\\\/regiaonews.net.br\\\/2022\\\/2024\\\/05\\\/29\\\/projeto-kungu-fu-participa-do-15-campeonato-interestadual\\\/#breadcrumb\"},\"inLanguage\":\"pt-BR\",\"potentialAction\":[{\"@type\":\"ReadAction\",\"target\":[\"https:\\\/\\\/regiaonews.net.br\\\/2022\\\/2024\\\/05\\\/29\\\/projeto-kungu-fu-participa-do-15-campeonato-interestadual\\\/\"]}]},{\"@type\":\"ImageObject\",\"inLanguage\":\"pt-BR\",\"@id\":\"https:\\\/\\\/regiaonews.net.br\\\/2022\\\/2024\\\/05\\\/29\\\/projeto-kungu-fu-participa-do-15-campeonato-interestadual\\\/#primaryimage\",\"url\":\"https:\\\/\\\/regiaonews.net.br\\\/2022\\\/wp-content\\\/uploads\\\/2024\\\/05\\\/g_62_0_8_28052024171851.jpg\",\"contentUrl\":\"https:\\\/\\\/regiaonews.net.br\\\/2022\\\/wp-content\\\/uploads\\\/2024\\\/05\\\/g_62_0_8_28052024171851.jpg\",\"width\":1600,\"height\":1299},{\"@type\":\"BreadcrumbList\",\"@id\":\"https:\\\/\\\/regiaonews.net.br\\\/2022\\\/2024\\\/05\\\/29\\\/projeto-kungu-fu-participa-do-15-campeonato-interestadual\\\/#breadcrumb\",\"itemListElement\":[{\"@type\":\"ListItem\",\"position\":1,\"name\":\"In\u00edcio\",\"item\":\"https:\\\/\\\/regiaonews.net.br\\\/2022\\\/\"},{\"@type\":\"ListItem\",\"position\":2,\"name\":\"Projeto Kungu Fu participa do 15\u00b0 Campeonato Interestadual\"}]},{\"@type\":\"WebSite\",\"@id\":\"https:\\\/\\\/regiaonews.net.br\\\/2022\\\/#website\",\"url\":\"https:\\\/\\\/regiaonews.net.br\\\/2022\\\/\",\"name\":\"Regi\u00e3o News\",\"description\":\"Site de Not\u00edcias de Barretos e regi\u00e3o\",\"publisher\":{\"@id\":\"https:\\\/\\\/regiaonews.net.br\\\/2022\\\/#organization\"},\"potentialAction\":[{\"@type\":\"SearchAction\",\"target\":{\"@type\":\"EntryPoint\",\"urlTemplate\":\"https:\\\/\\\/regiaonews.net.br\\\/2022\\\/?s={search_term_string}\"},\"query-input\":{\"@type\":\"PropertyValueSpecification\",\"valueRequired\":true,\"valueName\":\"search_term_string\"}}],\"inLanguage\":\"pt-BR\"},{\"@type\":\"Organization\",\"@id\":\"https:\\\/\\\/regiaonews.net.br\\\/2022\\\/#organization\",\"name\":\"Regi\u00e3o News\",\"url\":\"https:\\\/\\\/regiaonews.net.br\\\/2022\\\/\",\"logo\":{\"@type\":\"ImageObject\",\"inLanguage\":\"pt-BR\",\"@id\":\"https:\\\/\\\/regiaonews.net.br\\\/2022\\\/#\\\/schema\\\/logo\\\/image\\\/\",\"url\":\"https:\\\/\\\/regiaonews.net.br\\\/2022\\\/wp-content\\\/uploads\\\/2026\\\/03\\\/regiao-13-anos-scaled.jpg\",\"contentUrl\":\"https:\\\/\\\/regiaonews.net.br\\\/2022\\\/wp-content\\\/uploads\\\/2026\\\/03\\\/regiao-13-anos-scaled.jpg\",\"width\":2560,\"height\":635,\"caption\":\"Regi\u00e3o News\"},\"image\":{\"@id\":\"https:\\\/\\\/regiaonews.net.br\\\/2022\\\/#\\\/schema\\\/logo\\\/image\\\/\"}},{\"@type\":\"Person\",\"@id\":\"https:\\\/\\\/regiaonews.net.br\\\/2022\\\/#\\\/schema\\\/person\\\/2d205a608a5aa97ac279d7a5e6d89ad8\",\"name\":\"Roberto\",\"image\":{\"@type\":\"ImageObject\",\"inLanguage\":\"pt-BR\",\"@id\":\"https:\\\/\\\/secure.gravatar.com\\\/avatar\\\/42749d8b712ff9d59ca93dc150494e5b55a44134482993f5baeb97e61b7ecc89?s=96&d=mm&r=g\",\"url\":\"https:\\\/\\\/secure.gravatar.com\\\/avatar\\\/42749d8b712ff9d59ca93dc150494e5b55a44134482993f5baeb97e61b7ecc89?s=96&d=mm&r=g\",\"contentUrl\":\"https:\\\/\\\/secure.gravatar.com\\\/avatar\\\/42749d8b712ff9d59ca93dc150494e5b55a44134482993f5baeb97e61b7ecc89?s=96&d=mm&r=g\",\"caption\":\"Roberto\"},\"url\":\"https:\\\/\\\/regiaonews.net.br\\\/2022\\\/author\\\/roberto\\\/\"}]}<\/script>\n<!-- \/ Yoast SEO plugin. -->","yoast_head_json":{"title":"Projeto Kungu Fu participa do 15\u00b0 Campeonato Interestadual - Regi\u00e3o News","robots":{"index":"index","follow":"follow","max-snippet":"max-snippet:-1","max-image-preview":"max-image-preview:large","max-video-preview":"max-video-preview:-1"},"canonical":"https:\/\/regiaonews.net.br\/2022\/2024\/05\/29\/projeto-kungu-fu-participa-do-15-campeonato-interestadual\/","og_locale":"pt_BR","og_type":"article","og_title":"Projeto Kungu Fu participa do 15\u00b0 Campeonato Interestadual - Regi\u00e3o News","og_description":"&nbsp; A Prefeitura Municipal de Colina, por meio da Secretaria","og_url":"https:\/\/regiaonews.net.br\/2022\/2024\/05\/29\/projeto-kungu-fu-participa-do-15-campeonato-interestadual\/","og_site_name":"Regi\u00e3o News","article_published_time":"2024-05-29T10:54:05+00:00","og_image":[{"width":1600,"height":1299,"url":"https:\/\/regiaonews.net.br\/2022\/wp-content\/uploads\/2024\/05\/g_62_0_8_28052024171851.jpg","type":"image\/jpeg"}],"author":"Roberto","twitter_card":"summary_large_image","twitter_misc":{"Escrito por":"Roberto","Est. tempo de leitura":"4 minutos"},"schema":{"@context":"https:\/\/schema.org","@graph":[{"@type":"Article","@id":"https:\/\/regiaonews.net.br\/2022\/2024\/05\/29\/projeto-kungu-fu-participa-do-15-campeonato-interestadual\/#article","isPartOf":{"@id":"https:\/\/regiaonews.net.br\/2022\/2024\/05\/29\/projeto-kungu-fu-participa-do-15-campeonato-interestadual\/"},"author":{"name":"Roberto","@id":"https:\/\/regiaonews.net.br\/2022\/#\/schema\/person\/2d205a608a5aa97ac279d7a5e6d89ad8"},"headline":"Projeto Kungu Fu participa do 15\u00b0 Campeonato Interestadual","datePublished":"2024-05-29T10:54:05+00:00","mainEntityOfPage":{"@id":"https:\/\/regiaonews.net.br\/2022\/2024\/05\/29\/projeto-kungu-fu-participa-do-15-campeonato-interestadual\/"},"wordCount":630,"commentCount":0,"publisher":{"@id":"https:\/\/regiaonews.net.br\/2022\/#organization"},"image":{"@id":"https:\/\/regiaonews.net.br\/2022\/2024\/05\/29\/projeto-kungu-fu-participa-do-15-campeonato-interestadual\/#primaryimage"},"thumbnailUrl":"https:\/\/regiaonews.net.br\/2022\/wp-content\/uploads\/2024\/05\/g_62_0_8_28052024171851.jpg","articleSection":["Cidades","Colina","Esporte"],"inLanguage":"pt-BR","potentialAction":[{"@type":"CommentAction","name":"Comment","target":["https:\/\/regiaonews.net.br\/2022\/2024\/05\/29\/projeto-kungu-fu-participa-do-15-campeonato-interestadual\/#respond"]}]},{"@type":"WebPage","@id":"https:\/\/regiaonews.net.br\/2022\/2024\/05\/29\/projeto-kungu-fu-participa-do-15-campeonato-interestadual\/","url":"https:\/\/regiaonews.net.br\/2022\/2024\/05\/29\/projeto-kungu-fu-participa-do-15-campeonato-interestadual\/","name":"Projeto Kungu Fu participa do 15\u00b0 Campeonato Interestadual - Regi\u00e3o News","isPartOf":{"@id":"https:\/\/regiaonews.net.br\/2022\/#website"},"primaryImageOfPage":{"@id":"https:\/\/regiaonews.net.br\/2022\/2024\/05\/29\/projeto-kungu-fu-participa-do-15-campeonato-interestadual\/#primaryimage"},"image":{"@id":"https:\/\/regiaonews.net.br\/2022\/2024\/05\/29\/projeto-kungu-fu-participa-do-15-campeonato-interestadual\/#primaryimage"},"thumbnailUrl":"https:\/\/regiaonews.net.br\/2022\/wp-content\/uploads\/2024\/05\/g_62_0_8_28052024171851.jpg","datePublished":"2024-05-29T10:54:05+00:00","breadcrumb":{"@id":"https:\/\/regiaonews.net.br\/2022\/2024\/05\/29\/projeto-kungu-fu-participa-do-15-campeonato-interestadual\/#breadcrumb"},"inLanguage":"pt-BR","potentialAction":[{"@type":"ReadAction","target":["https:\/\/regiaonews.net.br\/2022\/2024\/05\/29\/projeto-kungu-fu-participa-do-15-campeonato-interestadual\/"]}]},{"@type":"ImageObject","inLanguage":"pt-BR","@id":"https:\/\/regiaonews.net.br\/2022\/2024\/05\/29\/projeto-kungu-fu-participa-do-15-campeonato-interestadual\/#primaryimage","url":"https:\/\/regiaonews.net.br\/2022\/wp-content\/uploads\/2024\/05\/g_62_0_8_28052024171851.jpg","contentUrl":"https:\/\/regiaonews.net.br\/2022\/wp-content\/uploads\/2024\/05\/g_62_0_8_28052024171851.jpg","width":1600,"height":1299},{"@type":"BreadcrumbList","@id":"https:\/\/regiaonews.net.br\/2022\/2024\/05\/29\/projeto-kungu-fu-participa-do-15-campeonato-interestadual\/#breadcrumb","itemListElement":[{"@type":"ListItem","position":1,"name":"In\u00edcio","item":"https:\/\/regiaonews.net.br\/2022\/"},{"@type":"ListItem","position":2,"name":"Projeto Kungu Fu participa do 15\u00b0 Campeonato Interestadual"}]},{"@type":"WebSite","@id":"https:\/\/regiaonews.net.br\/2022\/#website","url":"https:\/\/regiaonews.net.br\/2022\/","name":"Regi\u00e3o News","description":"Site de Not\u00edcias de Barretos e regi\u00e3o","publisher":{"@id":"https:\/\/regiaonews.net.br\/2022\/#organization"},"potentialAction":[{"@type":"SearchAction","target":{"@type":"EntryPoint","urlTemplate":"https:\/\/regiaonews.net.br\/2022\/?s={search_term_string}"},"query-input":{"@type":"PropertyValueSpecification","valueRequired":true,"valueName":"search_term_string"}}],"inLanguage":"pt-BR"},{"@type":"Organization","@id":"https:\/\/regiaonews.net.br\/2022\/#organization","name":"Regi\u00e3o News","url":"https:\/\/regiaonews.net.br\/2022\/","logo":{"@type":"ImageObject","inLanguage":"pt-BR","@id":"https:\/\/regiaonews.net.br\/2022\/#\/schema\/logo\/image\/","url":"https:\/\/regiaonews.net.br\/2022\/wp-content\/uploads\/2026\/03\/regiao-13-anos-scaled.jpg","contentUrl":"https:\/\/regiaonews.net.br\/2022\/wp-content\/uploads\/2026\/03\/regiao-13-anos-scaled.jpg","width":2560,"height":635,"caption":"Regi\u00e3o News"},"image":{"@id":"https:\/\/regiaonews.net.br\/2022\/#\/schema\/logo\/image\/"}},{"@type":"Person","@id":"https:\/\/regiaonews.net.br\/2022\/#\/schema\/person\/2d205a608a5aa97ac279d7a5e6d89ad8","name":"Roberto","image":{"@type":"ImageObject","inLanguage":"pt-BR","@id":"https:\/\/secure.gravatar.com\/avatar\/42749d8b712ff9d59ca93dc150494e5b55a44134482993f5baeb97e61b7ecc89?s=96&d=mm&r=g","url":"https:\/\/secure.gravatar.com\/avatar\/42749d8b712ff9d59ca93dc150494e5b55a44134482993f5baeb97e61b7ecc89?s=96&d=mm&r=g","contentUrl":"https:\/\/secure.gravatar.com\/avatar\/42749d8b712ff9d59ca93dc150494e5b55a44134482993f5baeb97e61b7ecc89?s=96&d=mm&r=g","caption":"Roberto"},"url":"https:\/\/regiaonews.net.br\/2022\/author\/roberto\/"}]}},"publishpress_future_action":{"enabled":false,"date":"2026-05-03 19:38:22","action":"change-status","newStatus":"draft","terms":[],"taxonomy":"category","extraData":[]},"publishpress_future_workflow_manual_trigger":{"enabledWorkflows":[]},"_links":{"self":[{"href":"https:\/\/regiaonews.net.br\/2022\/wp-json\/wp\/v2\/posts\/105606","targetHints":{"allow":["GET"]}}],"collection":[{"href":"https:\/\/regiaonews.net.br\/2022\/wp-json\/wp\/v2\/posts"}],"about":[{"href":"https:\/\/regiaonews.net.br\/2022\/wp-json\/wp\/v2\/types\/post"}],"author":[{"embeddable":true,"href":"https:\/\/regiaonews.net.br\/2022\/wp-json\/wp\/v2\/users\/2"}],"replies":[{"embeddable":true,"href":"https:\/\/regiaonews.net.br\/2022\/wp-json\/wp\/v2\/comments?post=105606"}],"version-history":[{"count":1,"href":"https:\/\/regiaonews.net.br\/2022\/wp-json\/wp\/v2\/posts\/105606\/revisions"}],"predecessor-version":[{"id":105608,"href":"https:\/\/regiaonews.net.br\/2022\/wp-json\/wp\/v2\/posts\/105606\/revisions\/105608"}],"wp:featuredmedia":[{"embeddable":true,"href":"https:\/\/regiaonews.net.br\/2022\/wp-json\/wp\/v2\/media\/105607"}],"wp:attachment":[{"href":"https:\/\/regiaonews.net.br\/2022\/wp-json\/wp\/v2\/media?parent=105606"}],"wp:term":[{"taxonomy":"category","embeddable":true,"href":"https:\/\/regiaonews.net.br\/2022\/wp-json\/wp\/v2\/categories?post=105606"},{"taxonomy":"post_tag","embeddable":true,"href":"https:\/\/regiaonews.net.br\/2022\/wp-json\/wp\/v2\/tags?post=105606"}],"curies":[{"name":"wp","href":"https:\/\/api.w.org\/{rel}","templated":true}]}}