{"id":105579,"date":"2024-05-28T18:49:53","date_gmt":"2024-05-28T21:49:53","guid":{"rendered":"https:\/\/regiaonews.net.br\/2022\/?p=105579"},"modified":"2024-05-28T18:49:53","modified_gmt":"2024-05-28T21:49:53","slug":"criacoes-de-senepol-dorper-e-quarto-de-milha-impulsionam-a-pecuaria-brasileira","status":"publish","type":"post","link":"https:\/\/regiaonews.net.br\/2022\/2024\/05\/28\/criacoes-de-senepol-dorper-e-quarto-de-milha-impulsionam-a-pecuaria-brasileira\/","title":{"rendered":"Cria\u00e7\u00f5es de Senepol, Dorper e Quarto de Milha impulsionam a pecu\u00e1ria brasileira"},"content":{"rendered":"<p>De olho no crescimento destas ra\u00e7as, criadores e investidores de todo o pa\u00eds se preparam para participar do 3G Weekend, que come\u00e7a este m\u00eas em Barretos (SP)<\/p>\n<p>A pecu\u00e1ria brasileira movimenta bilh\u00f5es de reais anualmente, sendo um dos pilares da economia do pa\u00eds. Em 2023, o Valor Bruto da Produ\u00e7\u00e3o Agropecu\u00e1ria (VBP) foi estimado em R$ 1,2 trilh\u00e3o, evidenciando a relev\u00e2ncia econ\u00f4mica deste segmento. Senepol, Dorper e Quarto de Milha, s\u00e3o as ra\u00e7as de bovinos, ovinos e equinos, respectivamente, que est\u00e3o entre as mais valorizadas deste setor.<\/p>\n<p>De acordo com o boletim Gain Report, do Departamento de Agricultura dos Estados Unidos (USDA), o Brasil dever\u00e1 produzir 11,4 milh\u00f5es de toneladas de carne bovina em 2024, superando as 10,9 milh\u00f5es de toneladas registradas no ano passado. Esses n\u00fameros refletem n\u00e3o apenas o crescimento cont\u00ednuo deste mercado, mas tamb\u00e9m a ascens\u00e3o da ra\u00e7a Senepol dentro da ind\u00fastria pecu\u00e1ria brasileira.<\/p>\n<p>Especialistas apontam que a utiliza\u00e7\u00e3o da ra\u00e7a no rebanho de corte nacional tem impulsionado, significativamente, a rentabilidade dos pecuaristas no pa\u00eds. Al\u00e9m disso, a ra\u00e7a proporciona excelente acabamento de carca\u00e7a e abate precoce. \u201cO Senepol tem boa capacidade de adapta\u00e7\u00e3o a diferentes ambientes e n\u00edveis de manejo e alto desempenho reprodutivo\u201d, afirma Neto Garcia, criador da Agropecu\u00e1ria 3G.<\/p>\n<p>Enquanto isso, a carne ovina ainda \u00e9 pouco consumida no pa\u00eds, por\u00e9m, o mercado brasileiro possui uma produ\u00e7\u00e3o de alta qualidade, especialmente da ra\u00e7a Dorper. Segundo a Associa\u00e7\u00e3o Brasileira de Criadores de Ovinos (ARCO Ovinos), o rebanho de Dorper no Brasil ultrapassa 110 mil cabe\u00e7as e est\u00e1 em constante expans\u00e3o, ganhando cada vez mais espa\u00e7o e aprecia\u00e7\u00e3o entre os consumidores.<\/p>\n<p>Mercado de equinos no Brasil<\/p>\n<p>O mercado de equinos tamb\u00e9m desempenha um papel importante na pecu\u00e1ria nacional. Com o quarto maior rebanho de equinos do mundo, impulsionado pelos Esportes Equestres e pelo melhoramento gen\u00e9tico, este setor emprega mais de tr\u00eas milh\u00f5es de pessoas e movimenta mais de R$ 30 bilh\u00f5es por ano. Com 649 mil cavalos registrados, a ra\u00e7a Quarto de Milha lidera o rebanho equino no pa\u00eds.<\/p>\n<p>Mega leil\u00e3o movimenta mercado pecu\u00e1rio nacional<\/p>\n<p>De olho no potencial econ\u00f4mico da cria\u00e7\u00e3o de Senepol, Dorper e Quarto de Milha, criadores e investidores do pa\u00eds est\u00e3o se preparando para participar de um dos maiores eventos de comercializa\u00e7\u00e3o destas esp\u00e9cies. O 3G Weekend, promovido pela Agropecu\u00e1ria 3G, uma refer\u00eancia no setor agropecu\u00e1rio brasileiro, est\u00e1 marcado para acontecer nos dias 30 e 31 de maio e 1\u00ba de junho de 2024, em Barretos (SP).<\/p>\n<p>Com tr\u00eas gera\u00e7\u00f5es dedicadas ao setor agropecu\u00e1rio, a Agropecu\u00e1ria 3G \u00e9 uma refer\u00eancia em produ\u00e7\u00e3o agr\u00edcola e na cria\u00e7\u00e3o de bovinos, ovinos e equinos, com avan\u00e7os gen\u00e9ticos significativos. Segundo Neto Garcia, o evento promete reunir o que h\u00e1 de melhor em gen\u00e9tica destas ra\u00e7as no mercado, oferecendo uma oportunidade \u00fanica para aqueles que buscam aprimorar seus plant\u00e9is.<\/p>\n<p>Programa\u00e7\u00e3o inclui uma s\u00e9rie de leil\u00f5es<\/p>\n<p>* 30\/05, quinta-feira, \u00e0s 13h &#8211; Leil\u00e3o Virtual Touros e Matrizes Agropecu\u00e1ria 3G;<br \/>\n* 30\/05, quinta-feira, \u00e0s 20h &#8211; Leil\u00e3o Dorper 3G &amp; Convidados Especiais;<br \/>\n* 31\/05, sexta-feira, \u00e0s 20h &#8211; Leil\u00e3o Estrelas do Senepol 3G &amp; Convidados Especiais;<br \/>\n* 01\/06, s\u00e1bado, \u00e0s 14h &#8211; Leil\u00e3o Quarto de Milha Agropecu\u00e1ria 3G &amp; Convidados Especiais.<\/p>\n<p>&nbsp;<\/p>\n","protected":false},"excerpt":{"rendered":"<p>De olho no crescimento destas ra\u00e7as, criadores e investidores de<\/p>\n","protected":false},"author":2,"featured_media":105580,"comment_status":"open","ping_status":"open","sticky":false,"template":"","format":"standard","meta":{"footnotes":""},"categories":[14,25],"tags":[],"class_list":["post-105579","post","type-post","status-publish","format-standard","has-post-thumbnail","hentry","category-barretos","category-cidades"],"yoast_head":"<!-- This site is optimized with the Yoast SEO plugin v27.4 - https:\/\/yoast.com\/product\/yoast-seo-wordpress\/ -->\n<title>Cria\u00e7\u00f5es de Senepol, Dorper e Quarto de Milha impulsionam a pecu\u00e1ria brasileira - Regi\u00e3o News<\/title>\n<meta name=\"robots\" content=\"index, follow, max-snippet:-1, max-image-preview:large, max-video-preview:-1\" \/>\n<link rel=\"canonical\" href=\"https:\/\/regiaonews.net.br\/2022\/2024\/05\/28\/criacoes-de-senepol-dorper-e-quarto-de-milha-impulsionam-a-pecuaria-brasileira\/\" \/>\n<meta property=\"og:locale\" content=\"pt_BR\" \/>\n<meta property=\"og:type\" content=\"article\" \/>\n<meta property=\"og:title\" content=\"Cria\u00e7\u00f5es de Senepol, Dorper e Quarto de Milha impulsionam a pecu\u00e1ria brasileira - Regi\u00e3o News\" \/>\n<meta property=\"og:description\" content=\"De olho no crescimento destas ra\u00e7as, criadores e investidores de\" \/>\n<meta property=\"og:url\" content=\"https:\/\/regiaonews.net.br\/2022\/2024\/05\/28\/criacoes-de-senepol-dorper-e-quarto-de-milha-impulsionam-a-pecuaria-brasileira\/\" \/>\n<meta property=\"og:site_name\" content=\"Regi\u00e3o News\" \/>\n<meta property=\"article:published_time\" content=\"2024-05-28T21:49:53+00:00\" \/>\n<meta property=\"og:image\" content=\"https:\/\/regiaonews.net.br\/2022\/wp-content\/uploads\/2024\/05\/Familia-Garcia-Agropecuaria-3G-scaled.jpg\" \/>\n\t<meta property=\"og:image:width\" content=\"2560\" \/>\n\t<meta property=\"og:image:height\" content=\"1755\" \/>\n\t<meta property=\"og:image:type\" content=\"image\/jpeg\" \/>\n<meta name=\"author\" content=\"Roberto\" \/>\n<meta name=\"twitter:card\" content=\"summary_large_image\" \/>\n<meta name=\"twitter:label1\" content=\"Escrito por\" \/>\n\t<meta name=\"twitter:data1\" content=\"Roberto\" \/>\n\t<meta name=\"twitter:label2\" content=\"Est. tempo de leitura\" \/>\n\t<meta name=\"twitter:data2\" content=\"4 minutos\" \/>\n<script type=\"application\/ld+json\" class=\"yoast-schema-graph\">{\"@context\":\"https:\\\/\\\/schema.org\",\"@graph\":[{\"@type\":\"Article\",\"@id\":\"https:\\\/\\\/regiaonews.net.br\\\/2022\\\/2024\\\/05\\\/28\\\/criacoes-de-senepol-dorper-e-quarto-de-milha-impulsionam-a-pecuaria-brasileira\\\/#article\",\"isPartOf\":{\"@id\":\"https:\\\/\\\/regiaonews.net.br\\\/2022\\\/2024\\\/05\\\/28\\\/criacoes-de-senepol-dorper-e-quarto-de-milha-impulsionam-a-pecuaria-brasileira\\\/\"},\"author\":{\"name\":\"Roberto\",\"@id\":\"https:\\\/\\\/regiaonews.net.br\\\/2022\\\/#\\\/schema\\\/person\\\/2d205a608a5aa97ac279d7a5e6d89ad8\"},\"headline\":\"Cria\u00e7\u00f5es de Senepol, Dorper e Quarto de Milha impulsionam a pecu\u00e1ria brasileira\",\"datePublished\":\"2024-05-28T21:49:53+00:00\",\"mainEntityOfPage\":{\"@id\":\"https:\\\/\\\/regiaonews.net.br\\\/2022\\\/2024\\\/05\\\/28\\\/criacoes-de-senepol-dorper-e-quarto-de-milha-impulsionam-a-pecuaria-brasileira\\\/\"},\"wordCount\":600,\"commentCount\":0,\"publisher\":{\"@id\":\"https:\\\/\\\/regiaonews.net.br\\\/2022\\\/#organization\"},\"image\":{\"@id\":\"https:\\\/\\\/regiaonews.net.br\\\/2022\\\/2024\\\/05\\\/28\\\/criacoes-de-senepol-dorper-e-quarto-de-milha-impulsionam-a-pecuaria-brasileira\\\/#primaryimage\"},\"thumbnailUrl\":\"https:\\\/\\\/regiaonews.net.br\\\/2022\\\/wp-content\\\/uploads\\\/2024\\\/05\\\/Familia-Garcia-Agropecuaria-3G-scaled.jpg\",\"articleSection\":[\"Barretos\",\"Cidades\"],\"inLanguage\":\"pt-BR\",\"potentialAction\":[{\"@type\":\"CommentAction\",\"name\":\"Comment\",\"target\":[\"https:\\\/\\\/regiaonews.net.br\\\/2022\\\/2024\\\/05\\\/28\\\/criacoes-de-senepol-dorper-e-quarto-de-milha-impulsionam-a-pecuaria-brasileira\\\/#respond\"]}]},{\"@type\":\"WebPage\",\"@id\":\"https:\\\/\\\/regiaonews.net.br\\\/2022\\\/2024\\\/05\\\/28\\\/criacoes-de-senepol-dorper-e-quarto-de-milha-impulsionam-a-pecuaria-brasileira\\\/\",\"url\":\"https:\\\/\\\/regiaonews.net.br\\\/2022\\\/2024\\\/05\\\/28\\\/criacoes-de-senepol-dorper-e-quarto-de-milha-impulsionam-a-pecuaria-brasileira\\\/\",\"name\":\"Cria\u00e7\u00f5es de Senepol, Dorper e Quarto de Milha impulsionam a pecu\u00e1ria brasileira - Regi\u00e3o News\",\"isPartOf\":{\"@id\":\"https:\\\/\\\/regiaonews.net.br\\\/2022\\\/#website\"},\"primaryImageOfPage\":{\"@id\":\"https:\\\/\\\/regiaonews.net.br\\\/2022\\\/2024\\\/05\\\/28\\\/criacoes-de-senepol-dorper-e-quarto-de-milha-impulsionam-a-pecuaria-brasileira\\\/#primaryimage\"},\"image\":{\"@id\":\"https:\\\/\\\/regiaonews.net.br\\\/2022\\\/2024\\\/05\\\/28\\\/criacoes-de-senepol-dorper-e-quarto-de-milha-impulsionam-a-pecuaria-brasileira\\\/#primaryimage\"},\"thumbnailUrl\":\"https:\\\/\\\/regiaonews.net.br\\\/2022\\\/wp-content\\\/uploads\\\/2024\\\/05\\\/Familia-Garcia-Agropecuaria-3G-scaled.jpg\",\"datePublished\":\"2024-05-28T21:49:53+00:00\",\"breadcrumb\":{\"@id\":\"https:\\\/\\\/regiaonews.net.br\\\/2022\\\/2024\\\/05\\\/28\\\/criacoes-de-senepol-dorper-e-quarto-de-milha-impulsionam-a-pecuaria-brasileira\\\/#breadcrumb\"},\"inLanguage\":\"pt-BR\",\"potentialAction\":[{\"@type\":\"ReadAction\",\"target\":[\"https:\\\/\\\/regiaonews.net.br\\\/2022\\\/2024\\\/05\\\/28\\\/criacoes-de-senepol-dorper-e-quarto-de-milha-impulsionam-a-pecuaria-brasileira\\\/\"]}]},{\"@type\":\"ImageObject\",\"inLanguage\":\"pt-BR\",\"@id\":\"https:\\\/\\\/regiaonews.net.br\\\/2022\\\/2024\\\/05\\\/28\\\/criacoes-de-senepol-dorper-e-quarto-de-milha-impulsionam-a-pecuaria-brasileira\\\/#primaryimage\",\"url\":\"https:\\\/\\\/regiaonews.net.br\\\/2022\\\/wp-content\\\/uploads\\\/2024\\\/05\\\/Familia-Garcia-Agropecuaria-3G-scaled.jpg\",\"contentUrl\":\"https:\\\/\\\/regiaonews.net.br\\\/2022\\\/wp-content\\\/uploads\\\/2024\\\/05\\\/Familia-Garcia-Agropecuaria-3G-scaled.jpg\",\"width\":2560,\"height\":1755},{\"@type\":\"BreadcrumbList\",\"@id\":\"https:\\\/\\\/regiaonews.net.br\\\/2022\\\/2024\\\/05\\\/28\\\/criacoes-de-senepol-dorper-e-quarto-de-milha-impulsionam-a-pecuaria-brasileira\\\/#breadcrumb\",\"itemListElement\":[{\"@type\":\"ListItem\",\"position\":1,\"name\":\"In\u00edcio\",\"item\":\"https:\\\/\\\/regiaonews.net.br\\\/2022\\\/\"},{\"@type\":\"ListItem\",\"position\":2,\"name\":\"Cria\u00e7\u00f5es de Senepol, Dorper e Quarto de Milha impulsionam a pecu\u00e1ria brasileira\"}]},{\"@type\":\"WebSite\",\"@id\":\"https:\\\/\\\/regiaonews.net.br\\\/2022\\\/#website\",\"url\":\"https:\\\/\\\/regiaonews.net.br\\\/2022\\\/\",\"name\":\"Regi\u00e3o News\",\"description\":\"Site de Not\u00edcias de Barretos e regi\u00e3o\",\"publisher\":{\"@id\":\"https:\\\/\\\/regiaonews.net.br\\\/2022\\\/#organization\"},\"potentialAction\":[{\"@type\":\"SearchAction\",\"target\":{\"@type\":\"EntryPoint\",\"urlTemplate\":\"https:\\\/\\\/regiaonews.net.br\\\/2022\\\/?s={search_term_string}\"},\"query-input\":{\"@type\":\"PropertyValueSpecification\",\"valueRequired\":true,\"valueName\":\"search_term_string\"}}],\"inLanguage\":\"pt-BR\"},{\"@type\":\"Organization\",\"@id\":\"https:\\\/\\\/regiaonews.net.br\\\/2022\\\/#organization\",\"name\":\"Regi\u00e3o News\",\"url\":\"https:\\\/\\\/regiaonews.net.br\\\/2022\\\/\",\"logo\":{\"@type\":\"ImageObject\",\"inLanguage\":\"pt-BR\",\"@id\":\"https:\\\/\\\/regiaonews.net.br\\\/2022\\\/#\\\/schema\\\/logo\\\/image\\\/\",\"url\":\"https:\\\/\\\/regiaonews.net.br\\\/2022\\\/wp-content\\\/uploads\\\/2026\\\/03\\\/regiao-13-anos-scaled.jpg\",\"contentUrl\":\"https:\\\/\\\/regiaonews.net.br\\\/2022\\\/wp-content\\\/uploads\\\/2026\\\/03\\\/regiao-13-anos-scaled.jpg\",\"width\":2560,\"height\":635,\"caption\":\"Regi\u00e3o News\"},\"image\":{\"@id\":\"https:\\\/\\\/regiaonews.net.br\\\/2022\\\/#\\\/schema\\\/logo\\\/image\\\/\"}},{\"@type\":\"Person\",\"@id\":\"https:\\\/\\\/regiaonews.net.br\\\/2022\\\/#\\\/schema\\\/person\\\/2d205a608a5aa97ac279d7a5e6d89ad8\",\"name\":\"Roberto\",\"image\":{\"@type\":\"ImageObject\",\"inLanguage\":\"pt-BR\",\"@id\":\"https:\\\/\\\/secure.gravatar.com\\\/avatar\\\/42749d8b712ff9d59ca93dc150494e5b55a44134482993f5baeb97e61b7ecc89?s=96&d=mm&r=g\",\"url\":\"https:\\\/\\\/secure.gravatar.com\\\/avatar\\\/42749d8b712ff9d59ca93dc150494e5b55a44134482993f5baeb97e61b7ecc89?s=96&d=mm&r=g\",\"contentUrl\":\"https:\\\/\\\/secure.gravatar.com\\\/avatar\\\/42749d8b712ff9d59ca93dc150494e5b55a44134482993f5baeb97e61b7ecc89?s=96&d=mm&r=g\",\"caption\":\"Roberto\"},\"url\":\"https:\\\/\\\/regiaonews.net.br\\\/2022\\\/author\\\/roberto\\\/\"}]}<\/script>\n<!-- \/ Yoast SEO plugin. -->","yoast_head_json":{"title":"Cria\u00e7\u00f5es de Senepol, Dorper e Quarto de Milha impulsionam a pecu\u00e1ria brasileira - Regi\u00e3o News","robots":{"index":"index","follow":"follow","max-snippet":"max-snippet:-1","max-image-preview":"max-image-preview:large","max-video-preview":"max-video-preview:-1"},"canonical":"https:\/\/regiaonews.net.br\/2022\/2024\/05\/28\/criacoes-de-senepol-dorper-e-quarto-de-milha-impulsionam-a-pecuaria-brasileira\/","og_locale":"pt_BR","og_type":"article","og_title":"Cria\u00e7\u00f5es de Senepol, Dorper e Quarto de Milha impulsionam a pecu\u00e1ria brasileira - Regi\u00e3o News","og_description":"De olho no crescimento destas ra\u00e7as, criadores e investidores de","og_url":"https:\/\/regiaonews.net.br\/2022\/2024\/05\/28\/criacoes-de-senepol-dorper-e-quarto-de-milha-impulsionam-a-pecuaria-brasileira\/","og_site_name":"Regi\u00e3o News","article_published_time":"2024-05-28T21:49:53+00:00","og_image":[{"width":2560,"height":1755,"url":"https:\/\/regiaonews.net.br\/2022\/wp-content\/uploads\/2024\/05\/Familia-Garcia-Agropecuaria-3G-scaled.jpg","type":"image\/jpeg"}],"author":"Roberto","twitter_card":"summary_large_image","twitter_misc":{"Escrito por":"Roberto","Est. tempo de leitura":"4 minutos"},"schema":{"@context":"https:\/\/schema.org","@graph":[{"@type":"Article","@id":"https:\/\/regiaonews.net.br\/2022\/2024\/05\/28\/criacoes-de-senepol-dorper-e-quarto-de-milha-impulsionam-a-pecuaria-brasileira\/#article","isPartOf":{"@id":"https:\/\/regiaonews.net.br\/2022\/2024\/05\/28\/criacoes-de-senepol-dorper-e-quarto-de-milha-impulsionam-a-pecuaria-brasileira\/"},"author":{"name":"Roberto","@id":"https:\/\/regiaonews.net.br\/2022\/#\/schema\/person\/2d205a608a5aa97ac279d7a5e6d89ad8"},"headline":"Cria\u00e7\u00f5es de Senepol, Dorper e Quarto de Milha impulsionam a pecu\u00e1ria brasileira","datePublished":"2024-05-28T21:49:53+00:00","mainEntityOfPage":{"@id":"https:\/\/regiaonews.net.br\/2022\/2024\/05\/28\/criacoes-de-senepol-dorper-e-quarto-de-milha-impulsionam-a-pecuaria-brasileira\/"},"wordCount":600,"commentCount":0,"publisher":{"@id":"https:\/\/regiaonews.net.br\/2022\/#organization"},"image":{"@id":"https:\/\/regiaonews.net.br\/2022\/2024\/05\/28\/criacoes-de-senepol-dorper-e-quarto-de-milha-impulsionam-a-pecuaria-brasileira\/#primaryimage"},"thumbnailUrl":"https:\/\/regiaonews.net.br\/2022\/wp-content\/uploads\/2024\/05\/Familia-Garcia-Agropecuaria-3G-scaled.jpg","articleSection":["Barretos","Cidades"],"inLanguage":"pt-BR","potentialAction":[{"@type":"CommentAction","name":"Comment","target":["https:\/\/regiaonews.net.br\/2022\/2024\/05\/28\/criacoes-de-senepol-dorper-e-quarto-de-milha-impulsionam-a-pecuaria-brasileira\/#respond"]}]},{"@type":"WebPage","@id":"https:\/\/regiaonews.net.br\/2022\/2024\/05\/28\/criacoes-de-senepol-dorper-e-quarto-de-milha-impulsionam-a-pecuaria-brasileira\/","url":"https:\/\/regiaonews.net.br\/2022\/2024\/05\/28\/criacoes-de-senepol-dorper-e-quarto-de-milha-impulsionam-a-pecuaria-brasileira\/","name":"Cria\u00e7\u00f5es de Senepol, Dorper e Quarto de Milha impulsionam a pecu\u00e1ria brasileira - Regi\u00e3o News","isPartOf":{"@id":"https:\/\/regiaonews.net.br\/2022\/#website"},"primaryImageOfPage":{"@id":"https:\/\/regiaonews.net.br\/2022\/2024\/05\/28\/criacoes-de-senepol-dorper-e-quarto-de-milha-impulsionam-a-pecuaria-brasileira\/#primaryimage"},"image":{"@id":"https:\/\/regiaonews.net.br\/2022\/2024\/05\/28\/criacoes-de-senepol-dorper-e-quarto-de-milha-impulsionam-a-pecuaria-brasileira\/#primaryimage"},"thumbnailUrl":"https:\/\/regiaonews.net.br\/2022\/wp-content\/uploads\/2024\/05\/Familia-Garcia-Agropecuaria-3G-scaled.jpg","datePublished":"2024-05-28T21:49:53+00:00","breadcrumb":{"@id":"https:\/\/regiaonews.net.br\/2022\/2024\/05\/28\/criacoes-de-senepol-dorper-e-quarto-de-milha-impulsionam-a-pecuaria-brasileira\/#breadcrumb"},"inLanguage":"pt-BR","potentialAction":[{"@type":"ReadAction","target":["https:\/\/regiaonews.net.br\/2022\/2024\/05\/28\/criacoes-de-senepol-dorper-e-quarto-de-milha-impulsionam-a-pecuaria-brasileira\/"]}]},{"@type":"ImageObject","inLanguage":"pt-BR","@id":"https:\/\/regiaonews.net.br\/2022\/2024\/05\/28\/criacoes-de-senepol-dorper-e-quarto-de-milha-impulsionam-a-pecuaria-brasileira\/#primaryimage","url":"https:\/\/regiaonews.net.br\/2022\/wp-content\/uploads\/2024\/05\/Familia-Garcia-Agropecuaria-3G-scaled.jpg","contentUrl":"https:\/\/regiaonews.net.br\/2022\/wp-content\/uploads\/2024\/05\/Familia-Garcia-Agropecuaria-3G-scaled.jpg","width":2560,"height":1755},{"@type":"BreadcrumbList","@id":"https:\/\/regiaonews.net.br\/2022\/2024\/05\/28\/criacoes-de-senepol-dorper-e-quarto-de-milha-impulsionam-a-pecuaria-brasileira\/#breadcrumb","itemListElement":[{"@type":"ListItem","position":1,"name":"In\u00edcio","item":"https:\/\/regiaonews.net.br\/2022\/"},{"@type":"ListItem","position":2,"name":"Cria\u00e7\u00f5es de Senepol, Dorper e Quarto de Milha impulsionam a pecu\u00e1ria brasileira"}]},{"@type":"WebSite","@id":"https:\/\/regiaonews.net.br\/2022\/#website","url":"https:\/\/regiaonews.net.br\/2022\/","name":"Regi\u00e3o News","description":"Site de Not\u00edcias de Barretos e regi\u00e3o","publisher":{"@id":"https:\/\/regiaonews.net.br\/2022\/#organization"},"potentialAction":[{"@type":"SearchAction","target":{"@type":"EntryPoint","urlTemplate":"https:\/\/regiaonews.net.br\/2022\/?s={search_term_string}"},"query-input":{"@type":"PropertyValueSpecification","valueRequired":true,"valueName":"search_term_string"}}],"inLanguage":"pt-BR"},{"@type":"Organization","@id":"https:\/\/regiaonews.net.br\/2022\/#organization","name":"Regi\u00e3o News","url":"https:\/\/regiaonews.net.br\/2022\/","logo":{"@type":"ImageObject","inLanguage":"pt-BR","@id":"https:\/\/regiaonews.net.br\/2022\/#\/schema\/logo\/image\/","url":"https:\/\/regiaonews.net.br\/2022\/wp-content\/uploads\/2026\/03\/regiao-13-anos-scaled.jpg","contentUrl":"https:\/\/regiaonews.net.br\/2022\/wp-content\/uploads\/2026\/03\/regiao-13-anos-scaled.jpg","width":2560,"height":635,"caption":"Regi\u00e3o News"},"image":{"@id":"https:\/\/regiaonews.net.br\/2022\/#\/schema\/logo\/image\/"}},{"@type":"Person","@id":"https:\/\/regiaonews.net.br\/2022\/#\/schema\/person\/2d205a608a5aa97ac279d7a5e6d89ad8","name":"Roberto","image":{"@type":"ImageObject","inLanguage":"pt-BR","@id":"https:\/\/secure.gravatar.com\/avatar\/42749d8b712ff9d59ca93dc150494e5b55a44134482993f5baeb97e61b7ecc89?s=96&d=mm&r=g","url":"https:\/\/secure.gravatar.com\/avatar\/42749d8b712ff9d59ca93dc150494e5b55a44134482993f5baeb97e61b7ecc89?s=96&d=mm&r=g","contentUrl":"https:\/\/secure.gravatar.com\/avatar\/42749d8b712ff9d59ca93dc150494e5b55a44134482993f5baeb97e61b7ecc89?s=96&d=mm&r=g","caption":"Roberto"},"url":"https:\/\/regiaonews.net.br\/2022\/author\/roberto\/"}]}},"publishpress_future_action":{"enabled":false,"date":"2026-05-03 15:14:32","action":"change-status","newStatus":"draft","terms":[],"taxonomy":"category","extraData":[]},"publishpress_future_workflow_manual_trigger":{"enabledWorkflows":[]},"_links":{"self":[{"href":"https:\/\/regiaonews.net.br\/2022\/wp-json\/wp\/v2\/posts\/105579","targetHints":{"allow":["GET"]}}],"collection":[{"href":"https:\/\/regiaonews.net.br\/2022\/wp-json\/wp\/v2\/posts"}],"about":[{"href":"https:\/\/regiaonews.net.br\/2022\/wp-json\/wp\/v2\/types\/post"}],"author":[{"embeddable":true,"href":"https:\/\/regiaonews.net.br\/2022\/wp-json\/wp\/v2\/users\/2"}],"replies":[{"embeddable":true,"href":"https:\/\/regiaonews.net.br\/2022\/wp-json\/wp\/v2\/comments?post=105579"}],"version-history":[{"count":1,"href":"https:\/\/regiaonews.net.br\/2022\/wp-json\/wp\/v2\/posts\/105579\/revisions"}],"predecessor-version":[{"id":105581,"href":"https:\/\/regiaonews.net.br\/2022\/wp-json\/wp\/v2\/posts\/105579\/revisions\/105581"}],"wp:featuredmedia":[{"embeddable":true,"href":"https:\/\/regiaonews.net.br\/2022\/wp-json\/wp\/v2\/media\/105580"}],"wp:attachment":[{"href":"https:\/\/regiaonews.net.br\/2022\/wp-json\/wp\/v2\/media?parent=105579"}],"wp:term":[{"taxonomy":"category","embeddable":true,"href":"https:\/\/regiaonews.net.br\/2022\/wp-json\/wp\/v2\/categories?post=105579"},{"taxonomy":"post_tag","embeddable":true,"href":"https:\/\/regiaonews.net.br\/2022\/wp-json\/wp\/v2\/tags?post=105579"}],"curies":[{"name":"wp","href":"https:\/\/api.w.org\/{rel}","templated":true}]}}