{"id":105561,"date":"2024-05-28T17:11:54","date_gmt":"2024-05-28T20:11:54","guid":{"rendered":"https:\/\/regiaonews.net.br\/2022\/?p=105561"},"modified":"2024-05-28T17:11:54","modified_gmt":"2024-05-28T20:11:54","slug":"brasileirao-betano-sera-retomado-no-sabado","status":"publish","type":"post","link":"https:\/\/regiaonews.net.br\/2022\/2024\/05\/28\/brasileirao-betano-sera-retomado-no-sabado\/","title":{"rendered":"Brasileir\u00e3o Betano ser\u00e1 retomado no s\u00e1bado"},"content":{"rendered":"<h3 class=\"summary\" style=\"text-align: center;\">Conselho T\u00e9cnico Extraordin\u00e1rio decide, por unanimidade, reiniciar a competi\u00e7\u00e3o na 7\u00aa rodada; Brasileir\u00e3o vai terminar no dia 8 de dezembro<\/h3>\n<p>O Brasileir\u00e3o Betano ser\u00e1 retomado a partir do s\u00e1bado (1\u00ba). Essa foi a decis\u00e3o un\u00e2nime dos 20 clubes que integram o Conselho T\u00e9cnico Extraordin\u00e1rio da competi\u00e7\u00e3o, realizado nesta segunda-feira (27), na sede da CBF, no Rio de Janeiro.<\/p>\n<p>De acordo com a decis\u00e3o do \u00f3rg\u00e3o, a competi\u00e7\u00e3o ser\u00e1 reiniciada a partir da 7\u00aa rodada, que come\u00e7a no s\u00e1bado (1\u00aa), data originalmente reservada para a 9\u00aa rodada.\u00a0A inten\u00e7\u00e3o \u00e9 preservar o planejamento t\u00e9cnico que embasou a elabora\u00e7\u00e3o da tabela.<\/p>\n<p>&#8220;Foi uma reuni\u00e3o de alto n\u00edvel, muito produtiva e contamos com a decis\u00e3o un\u00e2nime dos clubes. Gostaria tamb\u00e9m de mais uma vez prestar solidariedade aos clubes ga\u00fachos e todo o povo do Rio Grande do Sul&#8221;, afirmou o presidente da CBF, Ednaldo Rodrigues.<\/p>\n<p><strong>FLEXIBILIXA\u00c7\u00c3O DO MANDO DE CAMPO<\/strong><\/p>\n<p>Com a decis\u00e3o, o Brasileir\u00e3o ser\u00e1 encerrado no dia 8 de dezembro, conforme previsto no in\u00edcio da temporada. Na reuni\u00e3o, os integrantes do conselho acordaram que os clubes ga\u00fachos v\u00e3o poder inverter o mando de campo no primeiro turno. A troca de mando ter\u00e1 que contar com a aprova\u00e7\u00e3o dos advers\u00e1rios.<\/p>\n<p>Os presidentes dos tr\u00eas clubes ga\u00fachos deixaram a reuni\u00e3o satisfeitos com as decis\u00f5es do Conselho T\u00e9cnico.<\/p>\n<p>&#8220;Conseguimos consensuar decis\u00f5es que envolvem o restante do campeonato, o calend\u00e1rio, o apoio da CBF, e, principalmente, os clubes do Rio Grande do Sul, que sofrem hoje com essa cat\u00e1strofe clim\u00e1tica. Esses acordos nos d\u00e3o uma seguran\u00e7a e uma previsibilidade de trabalho&#8221;, disse o presidente do Internacional, Alexandre Barcellos.<\/p>\n<p>&#8220;Foi uma reuni\u00e3o muito positiva, acabou nos ajudando com rela\u00e7\u00e3o ao formato da tabela. Os encaixes ficaram bons&#8221;, contou o presidente do Juventude, F\u00e1bio Pizzamiglio.<\/p>\n<p>No dia 15, o Brasileiro Betano S\u00e9rie A foi suspenso por duas rodadas a pedido de 16 clubes que disputam a competi\u00e7\u00e3o em virtude das enchentes provocadas no Rio Grande do Sul.<\/p>\n<p>Desde o in\u00edcio do m\u00eas, os tr\u00eas clubes ga\u00fachos (Gr\u00eamio, Internacional e Juventude) tiveram suas partidas suspensas por causa dos eventos clim\u00e1ticos severos neste m\u00eas no Estado.<\/p>\n<p>&#8220;A gente fica feliz tamb\u00e9m que a grande maioria dos clubes entenderam a situa\u00e7\u00e3o que estamos passando no Rio Grande do Sul. Tomamos algumas medidas paliativas pra gente retomar e minimizar o desequil\u00edbrio&#8221;, disse o presidente do Gr\u00eamio, Alberto Guerra.<\/p>\n<p>Na semana passada, a CBF reprogramou as 7\u00aa, 8\u00aa e 9\u00aa rodadas.<\/p>\n<div class=\"article-inner-content\"><\/div>\n","protected":false},"excerpt":{"rendered":"<p>Conselho T\u00e9cnico Extraordin\u00e1rio decide, por unanimidade, reiniciar a competi\u00e7\u00e3o na<\/p>\n","protected":false},"author":2,"featured_media":105564,"comment_status":"open","ping_status":"open","sticky":false,"template":"","format":"standard","meta":{"footnotes":""},"categories":[24,21],"tags":[],"class_list":["post-105561","post","type-post","status-publish","format-standard","has-post-thumbnail","hentry","category-brasil","category-esporte"],"yoast_head":"<!-- This site is optimized with the Yoast SEO plugin v27.4 - https:\/\/yoast.com\/product\/yoast-seo-wordpress\/ -->\n<title>Brasileir\u00e3o Betano ser\u00e1 retomado no s\u00e1bado - Regi\u00e3o News<\/title>\n<meta name=\"robots\" content=\"index, follow, max-snippet:-1, max-image-preview:large, max-video-preview:-1\" \/>\n<link rel=\"canonical\" href=\"https:\/\/regiaonews.net.br\/2022\/2024\/05\/28\/brasileirao-betano-sera-retomado-no-sabado\/\" \/>\n<meta property=\"og:locale\" content=\"pt_BR\" \/>\n<meta property=\"og:type\" content=\"article\" \/>\n<meta property=\"og:title\" content=\"Brasileir\u00e3o Betano ser\u00e1 retomado no s\u00e1bado - Regi\u00e3o News\" \/>\n<meta property=\"og:description\" content=\"Conselho T\u00e9cnico Extraordin\u00e1rio decide, por unanimidade, reiniciar a competi\u00e7\u00e3o na\" \/>\n<meta property=\"og:url\" content=\"https:\/\/regiaonews.net.br\/2022\/2024\/05\/28\/brasileirao-betano-sera-retomado-no-sabado\/\" \/>\n<meta property=\"og:site_name\" content=\"Regi\u00e3o News\" \/>\n<meta property=\"article:published_time\" content=\"2024-05-28T20:11:54+00:00\" \/>\n<meta property=\"og:image\" content=\"https:\/\/regiaonews.net.br\/2022\/wp-content\/uploads\/2024\/05\/20240527151803_366.jpeg\" \/>\n\t<meta property=\"og:image:width\" content=\"910\" \/>\n\t<meta property=\"og:image:height\" content=\"604\" \/>\n\t<meta property=\"og:image:type\" content=\"image\/jpeg\" \/>\n<meta name=\"author\" content=\"Roberto\" \/>\n<meta name=\"twitter:card\" content=\"summary_large_image\" \/>\n<meta name=\"twitter:label1\" content=\"Escrito por\" \/>\n\t<meta name=\"twitter:data1\" content=\"Roberto\" \/>\n\t<meta name=\"twitter:label2\" content=\"Est. tempo de leitura\" \/>\n\t<meta name=\"twitter:data2\" content=\"3 minutos\" \/>\n<script type=\"application\/ld+json\" class=\"yoast-schema-graph\">{\"@context\":\"https:\\\/\\\/schema.org\",\"@graph\":[{\"@type\":\"Article\",\"@id\":\"https:\\\/\\\/regiaonews.net.br\\\/2022\\\/2024\\\/05\\\/28\\\/brasileirao-betano-sera-retomado-no-sabado\\\/#article\",\"isPartOf\":{\"@id\":\"https:\\\/\\\/regiaonews.net.br\\\/2022\\\/2024\\\/05\\\/28\\\/brasileirao-betano-sera-retomado-no-sabado\\\/\"},\"author\":{\"name\":\"Roberto\",\"@id\":\"https:\\\/\\\/regiaonews.net.br\\\/2022\\\/#\\\/schema\\\/person\\\/2d205a608a5aa97ac279d7a5e6d89ad8\"},\"headline\":\"Brasileir\u00e3o Betano ser\u00e1 retomado no s\u00e1bado\",\"datePublished\":\"2024-05-28T20:11:54+00:00\",\"mainEntityOfPage\":{\"@id\":\"https:\\\/\\\/regiaonews.net.br\\\/2022\\\/2024\\\/05\\\/28\\\/brasileirao-betano-sera-retomado-no-sabado\\\/\"},\"wordCount\":453,\"commentCount\":0,\"publisher\":{\"@id\":\"https:\\\/\\\/regiaonews.net.br\\\/2022\\\/#organization\"},\"image\":{\"@id\":\"https:\\\/\\\/regiaonews.net.br\\\/2022\\\/2024\\\/05\\\/28\\\/brasileirao-betano-sera-retomado-no-sabado\\\/#primaryimage\"},\"thumbnailUrl\":\"https:\\\/\\\/regiaonews.net.br\\\/2022\\\/wp-content\\\/uploads\\\/2024\\\/05\\\/20240527151803_366.jpeg\",\"articleSection\":[\"Brasil\",\"Esporte\"],\"inLanguage\":\"pt-BR\",\"potentialAction\":[{\"@type\":\"CommentAction\",\"name\":\"Comment\",\"target\":[\"https:\\\/\\\/regiaonews.net.br\\\/2022\\\/2024\\\/05\\\/28\\\/brasileirao-betano-sera-retomado-no-sabado\\\/#respond\"]}]},{\"@type\":\"WebPage\",\"@id\":\"https:\\\/\\\/regiaonews.net.br\\\/2022\\\/2024\\\/05\\\/28\\\/brasileirao-betano-sera-retomado-no-sabado\\\/\",\"url\":\"https:\\\/\\\/regiaonews.net.br\\\/2022\\\/2024\\\/05\\\/28\\\/brasileirao-betano-sera-retomado-no-sabado\\\/\",\"name\":\"Brasileir\u00e3o Betano ser\u00e1 retomado no s\u00e1bado - Regi\u00e3o News\",\"isPartOf\":{\"@id\":\"https:\\\/\\\/regiaonews.net.br\\\/2022\\\/#website\"},\"primaryImageOfPage\":{\"@id\":\"https:\\\/\\\/regiaonews.net.br\\\/2022\\\/2024\\\/05\\\/28\\\/brasileirao-betano-sera-retomado-no-sabado\\\/#primaryimage\"},\"image\":{\"@id\":\"https:\\\/\\\/regiaonews.net.br\\\/2022\\\/2024\\\/05\\\/28\\\/brasileirao-betano-sera-retomado-no-sabado\\\/#primaryimage\"},\"thumbnailUrl\":\"https:\\\/\\\/regiaonews.net.br\\\/2022\\\/wp-content\\\/uploads\\\/2024\\\/05\\\/20240527151803_366.jpeg\",\"datePublished\":\"2024-05-28T20:11:54+00:00\",\"breadcrumb\":{\"@id\":\"https:\\\/\\\/regiaonews.net.br\\\/2022\\\/2024\\\/05\\\/28\\\/brasileirao-betano-sera-retomado-no-sabado\\\/#breadcrumb\"},\"inLanguage\":\"pt-BR\",\"potentialAction\":[{\"@type\":\"ReadAction\",\"target\":[\"https:\\\/\\\/regiaonews.net.br\\\/2022\\\/2024\\\/05\\\/28\\\/brasileirao-betano-sera-retomado-no-sabado\\\/\"]}]},{\"@type\":\"ImageObject\",\"inLanguage\":\"pt-BR\",\"@id\":\"https:\\\/\\\/regiaonews.net.br\\\/2022\\\/2024\\\/05\\\/28\\\/brasileirao-betano-sera-retomado-no-sabado\\\/#primaryimage\",\"url\":\"https:\\\/\\\/regiaonews.net.br\\\/2022\\\/wp-content\\\/uploads\\\/2024\\\/05\\\/20240527151803_366.jpeg\",\"contentUrl\":\"https:\\\/\\\/regiaonews.net.br\\\/2022\\\/wp-content\\\/uploads\\\/2024\\\/05\\\/20240527151803_366.jpeg\",\"width\":910,\"height\":604},{\"@type\":\"BreadcrumbList\",\"@id\":\"https:\\\/\\\/regiaonews.net.br\\\/2022\\\/2024\\\/05\\\/28\\\/brasileirao-betano-sera-retomado-no-sabado\\\/#breadcrumb\",\"itemListElement\":[{\"@type\":\"ListItem\",\"position\":1,\"name\":\"In\u00edcio\",\"item\":\"https:\\\/\\\/regiaonews.net.br\\\/2022\\\/\"},{\"@type\":\"ListItem\",\"position\":2,\"name\":\"Brasileir\u00e3o Betano ser\u00e1 retomado no s\u00e1bado\"}]},{\"@type\":\"WebSite\",\"@id\":\"https:\\\/\\\/regiaonews.net.br\\\/2022\\\/#website\",\"url\":\"https:\\\/\\\/regiaonews.net.br\\\/2022\\\/\",\"name\":\"Regi\u00e3o News\",\"description\":\"Site de Not\u00edcias de Barretos e regi\u00e3o\",\"publisher\":{\"@id\":\"https:\\\/\\\/regiaonews.net.br\\\/2022\\\/#organization\"},\"potentialAction\":[{\"@type\":\"SearchAction\",\"target\":{\"@type\":\"EntryPoint\",\"urlTemplate\":\"https:\\\/\\\/regiaonews.net.br\\\/2022\\\/?s={search_term_string}\"},\"query-input\":{\"@type\":\"PropertyValueSpecification\",\"valueRequired\":true,\"valueName\":\"search_term_string\"}}],\"inLanguage\":\"pt-BR\"},{\"@type\":\"Organization\",\"@id\":\"https:\\\/\\\/regiaonews.net.br\\\/2022\\\/#organization\",\"name\":\"Regi\u00e3o News\",\"url\":\"https:\\\/\\\/regiaonews.net.br\\\/2022\\\/\",\"logo\":{\"@type\":\"ImageObject\",\"inLanguage\":\"pt-BR\",\"@id\":\"https:\\\/\\\/regiaonews.net.br\\\/2022\\\/#\\\/schema\\\/logo\\\/image\\\/\",\"url\":\"https:\\\/\\\/regiaonews.net.br\\\/2022\\\/wp-content\\\/uploads\\\/2026\\\/03\\\/regiao-13-anos-scaled.jpg\",\"contentUrl\":\"https:\\\/\\\/regiaonews.net.br\\\/2022\\\/wp-content\\\/uploads\\\/2026\\\/03\\\/regiao-13-anos-scaled.jpg\",\"width\":2560,\"height\":635,\"caption\":\"Regi\u00e3o News\"},\"image\":{\"@id\":\"https:\\\/\\\/regiaonews.net.br\\\/2022\\\/#\\\/schema\\\/logo\\\/image\\\/\"}},{\"@type\":\"Person\",\"@id\":\"https:\\\/\\\/regiaonews.net.br\\\/2022\\\/#\\\/schema\\\/person\\\/2d205a608a5aa97ac279d7a5e6d89ad8\",\"name\":\"Roberto\",\"image\":{\"@type\":\"ImageObject\",\"inLanguage\":\"pt-BR\",\"@id\":\"https:\\\/\\\/secure.gravatar.com\\\/avatar\\\/42749d8b712ff9d59ca93dc150494e5b55a44134482993f5baeb97e61b7ecc89?s=96&d=mm&r=g\",\"url\":\"https:\\\/\\\/secure.gravatar.com\\\/avatar\\\/42749d8b712ff9d59ca93dc150494e5b55a44134482993f5baeb97e61b7ecc89?s=96&d=mm&r=g\",\"contentUrl\":\"https:\\\/\\\/secure.gravatar.com\\\/avatar\\\/42749d8b712ff9d59ca93dc150494e5b55a44134482993f5baeb97e61b7ecc89?s=96&d=mm&r=g\",\"caption\":\"Roberto\"},\"url\":\"https:\\\/\\\/regiaonews.net.br\\\/2022\\\/author\\\/roberto\\\/\"}]}<\/script>\n<!-- \/ Yoast SEO plugin. -->","yoast_head_json":{"title":"Brasileir\u00e3o Betano ser\u00e1 retomado no s\u00e1bado - Regi\u00e3o News","robots":{"index":"index","follow":"follow","max-snippet":"max-snippet:-1","max-image-preview":"max-image-preview:large","max-video-preview":"max-video-preview:-1"},"canonical":"https:\/\/regiaonews.net.br\/2022\/2024\/05\/28\/brasileirao-betano-sera-retomado-no-sabado\/","og_locale":"pt_BR","og_type":"article","og_title":"Brasileir\u00e3o Betano ser\u00e1 retomado no s\u00e1bado - Regi\u00e3o News","og_description":"Conselho T\u00e9cnico Extraordin\u00e1rio decide, por unanimidade, reiniciar a competi\u00e7\u00e3o na","og_url":"https:\/\/regiaonews.net.br\/2022\/2024\/05\/28\/brasileirao-betano-sera-retomado-no-sabado\/","og_site_name":"Regi\u00e3o News","article_published_time":"2024-05-28T20:11:54+00:00","og_image":[{"width":910,"height":604,"url":"https:\/\/regiaonews.net.br\/2022\/wp-content\/uploads\/2024\/05\/20240527151803_366.jpeg","type":"image\/jpeg"}],"author":"Roberto","twitter_card":"summary_large_image","twitter_misc":{"Escrito por":"Roberto","Est. tempo de leitura":"3 minutos"},"schema":{"@context":"https:\/\/schema.org","@graph":[{"@type":"Article","@id":"https:\/\/regiaonews.net.br\/2022\/2024\/05\/28\/brasileirao-betano-sera-retomado-no-sabado\/#article","isPartOf":{"@id":"https:\/\/regiaonews.net.br\/2022\/2024\/05\/28\/brasileirao-betano-sera-retomado-no-sabado\/"},"author":{"name":"Roberto","@id":"https:\/\/regiaonews.net.br\/2022\/#\/schema\/person\/2d205a608a5aa97ac279d7a5e6d89ad8"},"headline":"Brasileir\u00e3o Betano ser\u00e1 retomado no s\u00e1bado","datePublished":"2024-05-28T20:11:54+00:00","mainEntityOfPage":{"@id":"https:\/\/regiaonews.net.br\/2022\/2024\/05\/28\/brasileirao-betano-sera-retomado-no-sabado\/"},"wordCount":453,"commentCount":0,"publisher":{"@id":"https:\/\/regiaonews.net.br\/2022\/#organization"},"image":{"@id":"https:\/\/regiaonews.net.br\/2022\/2024\/05\/28\/brasileirao-betano-sera-retomado-no-sabado\/#primaryimage"},"thumbnailUrl":"https:\/\/regiaonews.net.br\/2022\/wp-content\/uploads\/2024\/05\/20240527151803_366.jpeg","articleSection":["Brasil","Esporte"],"inLanguage":"pt-BR","potentialAction":[{"@type":"CommentAction","name":"Comment","target":["https:\/\/regiaonews.net.br\/2022\/2024\/05\/28\/brasileirao-betano-sera-retomado-no-sabado\/#respond"]}]},{"@type":"WebPage","@id":"https:\/\/regiaonews.net.br\/2022\/2024\/05\/28\/brasileirao-betano-sera-retomado-no-sabado\/","url":"https:\/\/regiaonews.net.br\/2022\/2024\/05\/28\/brasileirao-betano-sera-retomado-no-sabado\/","name":"Brasileir\u00e3o Betano ser\u00e1 retomado no s\u00e1bado - Regi\u00e3o News","isPartOf":{"@id":"https:\/\/regiaonews.net.br\/2022\/#website"},"primaryImageOfPage":{"@id":"https:\/\/regiaonews.net.br\/2022\/2024\/05\/28\/brasileirao-betano-sera-retomado-no-sabado\/#primaryimage"},"image":{"@id":"https:\/\/regiaonews.net.br\/2022\/2024\/05\/28\/brasileirao-betano-sera-retomado-no-sabado\/#primaryimage"},"thumbnailUrl":"https:\/\/regiaonews.net.br\/2022\/wp-content\/uploads\/2024\/05\/20240527151803_366.jpeg","datePublished":"2024-05-28T20:11:54+00:00","breadcrumb":{"@id":"https:\/\/regiaonews.net.br\/2022\/2024\/05\/28\/brasileirao-betano-sera-retomado-no-sabado\/#breadcrumb"},"inLanguage":"pt-BR","potentialAction":[{"@type":"ReadAction","target":["https:\/\/regiaonews.net.br\/2022\/2024\/05\/28\/brasileirao-betano-sera-retomado-no-sabado\/"]}]},{"@type":"ImageObject","inLanguage":"pt-BR","@id":"https:\/\/regiaonews.net.br\/2022\/2024\/05\/28\/brasileirao-betano-sera-retomado-no-sabado\/#primaryimage","url":"https:\/\/regiaonews.net.br\/2022\/wp-content\/uploads\/2024\/05\/20240527151803_366.jpeg","contentUrl":"https:\/\/regiaonews.net.br\/2022\/wp-content\/uploads\/2024\/05\/20240527151803_366.jpeg","width":910,"height":604},{"@type":"BreadcrumbList","@id":"https:\/\/regiaonews.net.br\/2022\/2024\/05\/28\/brasileirao-betano-sera-retomado-no-sabado\/#breadcrumb","itemListElement":[{"@type":"ListItem","position":1,"name":"In\u00edcio","item":"https:\/\/regiaonews.net.br\/2022\/"},{"@type":"ListItem","position":2,"name":"Brasileir\u00e3o Betano ser\u00e1 retomado no s\u00e1bado"}]},{"@type":"WebSite","@id":"https:\/\/regiaonews.net.br\/2022\/#website","url":"https:\/\/regiaonews.net.br\/2022\/","name":"Regi\u00e3o News","description":"Site de Not\u00edcias de Barretos e regi\u00e3o","publisher":{"@id":"https:\/\/regiaonews.net.br\/2022\/#organization"},"potentialAction":[{"@type":"SearchAction","target":{"@type":"EntryPoint","urlTemplate":"https:\/\/regiaonews.net.br\/2022\/?s={search_term_string}"},"query-input":{"@type":"PropertyValueSpecification","valueRequired":true,"valueName":"search_term_string"}}],"inLanguage":"pt-BR"},{"@type":"Organization","@id":"https:\/\/regiaonews.net.br\/2022\/#organization","name":"Regi\u00e3o News","url":"https:\/\/regiaonews.net.br\/2022\/","logo":{"@type":"ImageObject","inLanguage":"pt-BR","@id":"https:\/\/regiaonews.net.br\/2022\/#\/schema\/logo\/image\/","url":"https:\/\/regiaonews.net.br\/2022\/wp-content\/uploads\/2026\/03\/regiao-13-anos-scaled.jpg","contentUrl":"https:\/\/regiaonews.net.br\/2022\/wp-content\/uploads\/2026\/03\/regiao-13-anos-scaled.jpg","width":2560,"height":635,"caption":"Regi\u00e3o News"},"image":{"@id":"https:\/\/regiaonews.net.br\/2022\/#\/schema\/logo\/image\/"}},{"@type":"Person","@id":"https:\/\/regiaonews.net.br\/2022\/#\/schema\/person\/2d205a608a5aa97ac279d7a5e6d89ad8","name":"Roberto","image":{"@type":"ImageObject","inLanguage":"pt-BR","@id":"https:\/\/secure.gravatar.com\/avatar\/42749d8b712ff9d59ca93dc150494e5b55a44134482993f5baeb97e61b7ecc89?s=96&d=mm&r=g","url":"https:\/\/secure.gravatar.com\/avatar\/42749d8b712ff9d59ca93dc150494e5b55a44134482993f5baeb97e61b7ecc89?s=96&d=mm&r=g","contentUrl":"https:\/\/secure.gravatar.com\/avatar\/42749d8b712ff9d59ca93dc150494e5b55a44134482993f5baeb97e61b7ecc89?s=96&d=mm&r=g","caption":"Roberto"},"url":"https:\/\/regiaonews.net.br\/2022\/author\/roberto\/"}]}},"publishpress_future_action":{"enabled":false,"date":"2026-05-03 12:06:16","action":"change-status","newStatus":"draft","terms":[],"taxonomy":"category","extraData":[]},"publishpress_future_workflow_manual_trigger":{"enabledWorkflows":[]},"_links":{"self":[{"href":"https:\/\/regiaonews.net.br\/2022\/wp-json\/wp\/v2\/posts\/105561","targetHints":{"allow":["GET"]}}],"collection":[{"href":"https:\/\/regiaonews.net.br\/2022\/wp-json\/wp\/v2\/posts"}],"about":[{"href":"https:\/\/regiaonews.net.br\/2022\/wp-json\/wp\/v2\/types\/post"}],"author":[{"embeddable":true,"href":"https:\/\/regiaonews.net.br\/2022\/wp-json\/wp\/v2\/users\/2"}],"replies":[{"embeddable":true,"href":"https:\/\/regiaonews.net.br\/2022\/wp-json\/wp\/v2\/comments?post=105561"}],"version-history":[{"count":1,"href":"https:\/\/regiaonews.net.br\/2022\/wp-json\/wp\/v2\/posts\/105561\/revisions"}],"predecessor-version":[{"id":105565,"href":"https:\/\/regiaonews.net.br\/2022\/wp-json\/wp\/v2\/posts\/105561\/revisions\/105565"}],"wp:featuredmedia":[{"embeddable":true,"href":"https:\/\/regiaonews.net.br\/2022\/wp-json\/wp\/v2\/media\/105564"}],"wp:attachment":[{"href":"https:\/\/regiaonews.net.br\/2022\/wp-json\/wp\/v2\/media?parent=105561"}],"wp:term":[{"taxonomy":"category","embeddable":true,"href":"https:\/\/regiaonews.net.br\/2022\/wp-json\/wp\/v2\/categories?post=105561"},{"taxonomy":"post_tag","embeddable":true,"href":"https:\/\/regiaonews.net.br\/2022\/wp-json\/wp\/v2\/tags?post=105561"}],"curies":[{"name":"wp","href":"https:\/\/api.w.org\/{rel}","templated":true}]}}