{"id":105526,"date":"2024-05-27T20:54:44","date_gmt":"2024-05-27T23:54:44","guid":{"rendered":"https:\/\/regiaonews.net.br\/2022\/?p=105526"},"modified":"2024-05-27T21:44:30","modified_gmt":"2024-05-28T00:44:30","slug":"justica-de-bebedouro-condena-a-mais-de-21-anos-de-prisao-acusado-de-tentativa-de-latrocinio-ocorrido-em-setembro-do-ano-passado-no-jardim-cruzeiro","status":"publish","type":"post","link":"https:\/\/regiaonews.net.br\/2022\/2024\/05\/27\/justica-de-bebedouro-condena-a-mais-de-21-anos-de-prisao-acusado-de-tentativa-de-latrocinio-ocorrido-em-setembro-do-ano-passado-no-jardim-cruzeiro\/","title":{"rendered":"Justica de Bebedouro condena a mais de 21 anos de pris\u00e3o acusado de tentativa de latroc\u00ednio"},"content":{"rendered":"<pre><\/pre>\n<p>Na senten\u00e7a proferida, o Juiz de Direito da 3\u00aa Vara da Comarca de Bebedouro, condenou o r\u00e9u R.H.N. a pena de 21 anos, 2 meses e 1 dia de reclus\u00e3o, em regime fechado.<\/p>\n<p>O crime:<\/p>\n<p>R.H.N. foi acusado de levar o seu comparsa A.E.C.S. a uma loja de revenda de ve\u00edculos localizada no Jardim Cruzeiro, onde este, ap\u00f3s subtrair os pertences das v\u00edtimas, efetuou disparos de arma de fogo contra elas, por\u00e9m, felizmente, n\u00e3o as atingindo.<\/p>\n<p>O caso foi investigado pela DIG de Bebedouro, culminando no cumprimento de mandados de busca nas resid\u00eancias dos acusados, bem como na decreta\u00e7\u00e3o de suas pris\u00f5es tempor\u00e1rias.<\/p>\n<p>Por ocasi\u00e3o da dilig\u00eancia, R.H.N. foi preso e teve a sua pris\u00e3o tempor\u00e1ria convertida em pris\u00e3o preventiva, enquanto A.E.C.S. permanece foragido, sendo declarado revel, motivo pelo qual o processo criminal foi desmembrado em rela\u00e7\u00e3o a este acusado, que ainda est\u00e1 pendente de julgamento.<\/p>\n<p>Com a condena\u00e7\u00e3o, mesmo apelando da senten\u00e7a, R.H.N. permanecer\u00e1 preso at\u00e9 o tr\u00e2nsito em julgado da respectiva decis\u00e3o judicial, ou seja, quando n\u00e3o couber mais recurso.<\/p>\n<p>&nbsp;<\/p>\n","protected":false},"excerpt":{"rendered":"<p>Na senten\u00e7a proferida, o Juiz de Direito da 3\u00aa Vara<\/p>\n","protected":false},"author":2,"featured_media":105527,"comment_status":"open","ping_status":"open","sticky":false,"template":"","format":"standard","meta":{"footnotes":""},"categories":[4,23],"tags":[],"class_list":["post-105526","post","type-post","status-publish","format-standard","has-post-thumbnail","hentry","category-bebedouro","category-policia"],"yoast_head":"<!-- This site is optimized with the Yoast SEO plugin v27.4 - https:\/\/yoast.com\/product\/yoast-seo-wordpress\/ -->\n<title>Justica de Bebedouro condena a mais de 21 anos de pris\u00e3o acusado de tentativa de latroc\u00ednio - Regi\u00e3o News<\/title>\n<meta name=\"robots\" content=\"index, follow, max-snippet:-1, max-image-preview:large, max-video-preview:-1\" \/>\n<link rel=\"canonical\" href=\"https:\/\/regiaonews.net.br\/2022\/2024\/05\/27\/justica-de-bebedouro-condena-a-mais-de-21-anos-de-prisao-acusado-de-tentativa-de-latrocinio-ocorrido-em-setembro-do-ano-passado-no-jardim-cruzeiro\/\" \/>\n<meta property=\"og:locale\" content=\"pt_BR\" \/>\n<meta property=\"og:type\" content=\"article\" \/>\n<meta property=\"og:title\" content=\"Justica de Bebedouro condena a mais de 21 anos de pris\u00e3o acusado de tentativa de latroc\u00ednio - Regi\u00e3o News\" \/>\n<meta property=\"og:description\" content=\"Na senten\u00e7a proferida, o Juiz de Direito da 3\u00aa Vara\" \/>\n<meta property=\"og:url\" content=\"https:\/\/regiaonews.net.br\/2022\/2024\/05\/27\/justica-de-bebedouro-condena-a-mais-de-21-anos-de-prisao-acusado-de-tentativa-de-latrocinio-ocorrido-em-setembro-do-ano-passado-no-jardim-cruzeiro\/\" \/>\n<meta property=\"og:site_name\" content=\"Regi\u00e3o News\" \/>\n<meta property=\"article:published_time\" content=\"2024-05-27T23:54:44+00:00\" \/>\n<meta property=\"article:modified_time\" content=\"2024-05-28T00:44:30+00:00\" \/>\n<meta property=\"og:image\" content=\"https:\/\/regiaonews.net.br\/2022\/wp-content\/uploads\/2024\/05\/WhatsApp-Image-2024-05-27-at-19.43.41.jpeg\" \/>\n\t<meta property=\"og:image:width\" content=\"1600\" \/>\n\t<meta property=\"og:image:height\" content=\"1200\" \/>\n\t<meta property=\"og:image:type\" content=\"image\/jpeg\" \/>\n<meta name=\"author\" content=\"Roberto\" \/>\n<meta name=\"twitter:card\" content=\"summary_large_image\" \/>\n<meta name=\"twitter:label1\" content=\"Escrito por\" \/>\n\t<meta name=\"twitter:data1\" content=\"Roberto\" \/>\n\t<meta name=\"twitter:label2\" content=\"Est. tempo de leitura\" \/>\n\t<meta name=\"twitter:data2\" content=\"2 minutos\" \/>\n<script type=\"application\/ld+json\" class=\"yoast-schema-graph\">{\"@context\":\"https:\\\/\\\/schema.org\",\"@graph\":[{\"@type\":\"Article\",\"@id\":\"https:\\\/\\\/regiaonews.net.br\\\/2022\\\/2024\\\/05\\\/27\\\/justica-de-bebedouro-condena-a-mais-de-21-anos-de-prisao-acusado-de-tentativa-de-latrocinio-ocorrido-em-setembro-do-ano-passado-no-jardim-cruzeiro\\\/#article\",\"isPartOf\":{\"@id\":\"https:\\\/\\\/regiaonews.net.br\\\/2022\\\/2024\\\/05\\\/27\\\/justica-de-bebedouro-condena-a-mais-de-21-anos-de-prisao-acusado-de-tentativa-de-latrocinio-ocorrido-em-setembro-do-ano-passado-no-jardim-cruzeiro\\\/\"},\"author\":{\"name\":\"Roberto\",\"@id\":\"https:\\\/\\\/regiaonews.net.br\\\/2022\\\/#\\\/schema\\\/person\\\/2d205a608a5aa97ac279d7a5e6d89ad8\"},\"headline\":\"Justica de Bebedouro condena a mais de 21 anos de pris\u00e3o acusado de tentativa de latroc\u00ednio\",\"datePublished\":\"2024-05-27T23:54:44+00:00\",\"dateModified\":\"2024-05-28T00:44:30+00:00\",\"mainEntityOfPage\":{\"@id\":\"https:\\\/\\\/regiaonews.net.br\\\/2022\\\/2024\\\/05\\\/27\\\/justica-de-bebedouro-condena-a-mais-de-21-anos-de-prisao-acusado-de-tentativa-de-latrocinio-ocorrido-em-setembro-do-ano-passado-no-jardim-cruzeiro\\\/\"},\"wordCount\":223,\"commentCount\":0,\"publisher\":{\"@id\":\"https:\\\/\\\/regiaonews.net.br\\\/2022\\\/#organization\"},\"image\":{\"@id\":\"https:\\\/\\\/regiaonews.net.br\\\/2022\\\/2024\\\/05\\\/27\\\/justica-de-bebedouro-condena-a-mais-de-21-anos-de-prisao-acusado-de-tentativa-de-latrocinio-ocorrido-em-setembro-do-ano-passado-no-jardim-cruzeiro\\\/#primaryimage\"},\"thumbnailUrl\":\"https:\\\/\\\/regiaonews.net.br\\\/2022\\\/wp-content\\\/uploads\\\/2024\\\/05\\\/WhatsApp-Image-2024-05-27-at-19.43.41.jpeg\",\"articleSection\":[\"Bebedouro\",\"Policia\"],\"inLanguage\":\"pt-BR\",\"potentialAction\":[{\"@type\":\"CommentAction\",\"name\":\"Comment\",\"target\":[\"https:\\\/\\\/regiaonews.net.br\\\/2022\\\/2024\\\/05\\\/27\\\/justica-de-bebedouro-condena-a-mais-de-21-anos-de-prisao-acusado-de-tentativa-de-latrocinio-ocorrido-em-setembro-do-ano-passado-no-jardim-cruzeiro\\\/#respond\"]}]},{\"@type\":\"WebPage\",\"@id\":\"https:\\\/\\\/regiaonews.net.br\\\/2022\\\/2024\\\/05\\\/27\\\/justica-de-bebedouro-condena-a-mais-de-21-anos-de-prisao-acusado-de-tentativa-de-latrocinio-ocorrido-em-setembro-do-ano-passado-no-jardim-cruzeiro\\\/\",\"url\":\"https:\\\/\\\/regiaonews.net.br\\\/2022\\\/2024\\\/05\\\/27\\\/justica-de-bebedouro-condena-a-mais-de-21-anos-de-prisao-acusado-de-tentativa-de-latrocinio-ocorrido-em-setembro-do-ano-passado-no-jardim-cruzeiro\\\/\",\"name\":\"Justica de Bebedouro condena a mais de 21 anos de pris\u00e3o acusado de tentativa de latroc\u00ednio - Regi\u00e3o News\",\"isPartOf\":{\"@id\":\"https:\\\/\\\/regiaonews.net.br\\\/2022\\\/#website\"},\"primaryImageOfPage\":{\"@id\":\"https:\\\/\\\/regiaonews.net.br\\\/2022\\\/2024\\\/05\\\/27\\\/justica-de-bebedouro-condena-a-mais-de-21-anos-de-prisao-acusado-de-tentativa-de-latrocinio-ocorrido-em-setembro-do-ano-passado-no-jardim-cruzeiro\\\/#primaryimage\"},\"image\":{\"@id\":\"https:\\\/\\\/regiaonews.net.br\\\/2022\\\/2024\\\/05\\\/27\\\/justica-de-bebedouro-condena-a-mais-de-21-anos-de-prisao-acusado-de-tentativa-de-latrocinio-ocorrido-em-setembro-do-ano-passado-no-jardim-cruzeiro\\\/#primaryimage\"},\"thumbnailUrl\":\"https:\\\/\\\/regiaonews.net.br\\\/2022\\\/wp-content\\\/uploads\\\/2024\\\/05\\\/WhatsApp-Image-2024-05-27-at-19.43.41.jpeg\",\"datePublished\":\"2024-05-27T23:54:44+00:00\",\"dateModified\":\"2024-05-28T00:44:30+00:00\",\"breadcrumb\":{\"@id\":\"https:\\\/\\\/regiaonews.net.br\\\/2022\\\/2024\\\/05\\\/27\\\/justica-de-bebedouro-condena-a-mais-de-21-anos-de-prisao-acusado-de-tentativa-de-latrocinio-ocorrido-em-setembro-do-ano-passado-no-jardim-cruzeiro\\\/#breadcrumb\"},\"inLanguage\":\"pt-BR\",\"potentialAction\":[{\"@type\":\"ReadAction\",\"target\":[\"https:\\\/\\\/regiaonews.net.br\\\/2022\\\/2024\\\/05\\\/27\\\/justica-de-bebedouro-condena-a-mais-de-21-anos-de-prisao-acusado-de-tentativa-de-latrocinio-ocorrido-em-setembro-do-ano-passado-no-jardim-cruzeiro\\\/\"]}]},{\"@type\":\"ImageObject\",\"inLanguage\":\"pt-BR\",\"@id\":\"https:\\\/\\\/regiaonews.net.br\\\/2022\\\/2024\\\/05\\\/27\\\/justica-de-bebedouro-condena-a-mais-de-21-anos-de-prisao-acusado-de-tentativa-de-latrocinio-ocorrido-em-setembro-do-ano-passado-no-jardim-cruzeiro\\\/#primaryimage\",\"url\":\"https:\\\/\\\/regiaonews.net.br\\\/2022\\\/wp-content\\\/uploads\\\/2024\\\/05\\\/WhatsApp-Image-2024-05-27-at-19.43.41.jpeg\",\"contentUrl\":\"https:\\\/\\\/regiaonews.net.br\\\/2022\\\/wp-content\\\/uploads\\\/2024\\\/05\\\/WhatsApp-Image-2024-05-27-at-19.43.41.jpeg\",\"width\":1600,\"height\":1200},{\"@type\":\"BreadcrumbList\",\"@id\":\"https:\\\/\\\/regiaonews.net.br\\\/2022\\\/2024\\\/05\\\/27\\\/justica-de-bebedouro-condena-a-mais-de-21-anos-de-prisao-acusado-de-tentativa-de-latrocinio-ocorrido-em-setembro-do-ano-passado-no-jardim-cruzeiro\\\/#breadcrumb\",\"itemListElement\":[{\"@type\":\"ListItem\",\"position\":1,\"name\":\"In\u00edcio\",\"item\":\"https:\\\/\\\/regiaonews.net.br\\\/2022\\\/\"},{\"@type\":\"ListItem\",\"position\":2,\"name\":\"Justica de Bebedouro condena a mais de 21 anos de pris\u00e3o acusado de tentativa de latroc\u00ednio\"}]},{\"@type\":\"WebSite\",\"@id\":\"https:\\\/\\\/regiaonews.net.br\\\/2022\\\/#website\",\"url\":\"https:\\\/\\\/regiaonews.net.br\\\/2022\\\/\",\"name\":\"Regi\u00e3o News\",\"description\":\"Site de Not\u00edcias de Barretos e regi\u00e3o\",\"publisher\":{\"@id\":\"https:\\\/\\\/regiaonews.net.br\\\/2022\\\/#organization\"},\"potentialAction\":[{\"@type\":\"SearchAction\",\"target\":{\"@type\":\"EntryPoint\",\"urlTemplate\":\"https:\\\/\\\/regiaonews.net.br\\\/2022\\\/?s={search_term_string}\"},\"query-input\":{\"@type\":\"PropertyValueSpecification\",\"valueRequired\":true,\"valueName\":\"search_term_string\"}}],\"inLanguage\":\"pt-BR\"},{\"@type\":\"Organization\",\"@id\":\"https:\\\/\\\/regiaonews.net.br\\\/2022\\\/#organization\",\"name\":\"Regi\u00e3o News\",\"url\":\"https:\\\/\\\/regiaonews.net.br\\\/2022\\\/\",\"logo\":{\"@type\":\"ImageObject\",\"inLanguage\":\"pt-BR\",\"@id\":\"https:\\\/\\\/regiaonews.net.br\\\/2022\\\/#\\\/schema\\\/logo\\\/image\\\/\",\"url\":\"https:\\\/\\\/regiaonews.net.br\\\/2022\\\/wp-content\\\/uploads\\\/2026\\\/03\\\/regiao-13-anos-scaled.jpg\",\"contentUrl\":\"https:\\\/\\\/regiaonews.net.br\\\/2022\\\/wp-content\\\/uploads\\\/2026\\\/03\\\/regiao-13-anos-scaled.jpg\",\"width\":2560,\"height\":635,\"caption\":\"Regi\u00e3o News\"},\"image\":{\"@id\":\"https:\\\/\\\/regiaonews.net.br\\\/2022\\\/#\\\/schema\\\/logo\\\/image\\\/\"}},{\"@type\":\"Person\",\"@id\":\"https:\\\/\\\/regiaonews.net.br\\\/2022\\\/#\\\/schema\\\/person\\\/2d205a608a5aa97ac279d7a5e6d89ad8\",\"name\":\"Roberto\",\"image\":{\"@type\":\"ImageObject\",\"inLanguage\":\"pt-BR\",\"@id\":\"https:\\\/\\\/secure.gravatar.com\\\/avatar\\\/42749d8b712ff9d59ca93dc150494e5b55a44134482993f5baeb97e61b7ecc89?s=96&d=mm&r=g\",\"url\":\"https:\\\/\\\/secure.gravatar.com\\\/avatar\\\/42749d8b712ff9d59ca93dc150494e5b55a44134482993f5baeb97e61b7ecc89?s=96&d=mm&r=g\",\"contentUrl\":\"https:\\\/\\\/secure.gravatar.com\\\/avatar\\\/42749d8b712ff9d59ca93dc150494e5b55a44134482993f5baeb97e61b7ecc89?s=96&d=mm&r=g\",\"caption\":\"Roberto\"},\"url\":\"https:\\\/\\\/regiaonews.net.br\\\/2022\\\/author\\\/roberto\\\/\"}]}<\/script>\n<!-- \/ Yoast SEO plugin. -->","yoast_head_json":{"title":"Justica de Bebedouro condena a mais de 21 anos de pris\u00e3o acusado de tentativa de latroc\u00ednio - Regi\u00e3o News","robots":{"index":"index","follow":"follow","max-snippet":"max-snippet:-1","max-image-preview":"max-image-preview:large","max-video-preview":"max-video-preview:-1"},"canonical":"https:\/\/regiaonews.net.br\/2022\/2024\/05\/27\/justica-de-bebedouro-condena-a-mais-de-21-anos-de-prisao-acusado-de-tentativa-de-latrocinio-ocorrido-em-setembro-do-ano-passado-no-jardim-cruzeiro\/","og_locale":"pt_BR","og_type":"article","og_title":"Justica de Bebedouro condena a mais de 21 anos de pris\u00e3o acusado de tentativa de latroc\u00ednio - Regi\u00e3o News","og_description":"Na senten\u00e7a proferida, o Juiz de Direito da 3\u00aa Vara","og_url":"https:\/\/regiaonews.net.br\/2022\/2024\/05\/27\/justica-de-bebedouro-condena-a-mais-de-21-anos-de-prisao-acusado-de-tentativa-de-latrocinio-ocorrido-em-setembro-do-ano-passado-no-jardim-cruzeiro\/","og_site_name":"Regi\u00e3o News","article_published_time":"2024-05-27T23:54:44+00:00","article_modified_time":"2024-05-28T00:44:30+00:00","og_image":[{"width":1600,"height":1200,"url":"https:\/\/regiaonews.net.br\/2022\/wp-content\/uploads\/2024\/05\/WhatsApp-Image-2024-05-27-at-19.43.41.jpeg","type":"image\/jpeg"}],"author":"Roberto","twitter_card":"summary_large_image","twitter_misc":{"Escrito por":"Roberto","Est. tempo de leitura":"2 minutos"},"schema":{"@context":"https:\/\/schema.org","@graph":[{"@type":"Article","@id":"https:\/\/regiaonews.net.br\/2022\/2024\/05\/27\/justica-de-bebedouro-condena-a-mais-de-21-anos-de-prisao-acusado-de-tentativa-de-latrocinio-ocorrido-em-setembro-do-ano-passado-no-jardim-cruzeiro\/#article","isPartOf":{"@id":"https:\/\/regiaonews.net.br\/2022\/2024\/05\/27\/justica-de-bebedouro-condena-a-mais-de-21-anos-de-prisao-acusado-de-tentativa-de-latrocinio-ocorrido-em-setembro-do-ano-passado-no-jardim-cruzeiro\/"},"author":{"name":"Roberto","@id":"https:\/\/regiaonews.net.br\/2022\/#\/schema\/person\/2d205a608a5aa97ac279d7a5e6d89ad8"},"headline":"Justica de Bebedouro condena a mais de 21 anos de pris\u00e3o acusado de tentativa de latroc\u00ednio","datePublished":"2024-05-27T23:54:44+00:00","dateModified":"2024-05-28T00:44:30+00:00","mainEntityOfPage":{"@id":"https:\/\/regiaonews.net.br\/2022\/2024\/05\/27\/justica-de-bebedouro-condena-a-mais-de-21-anos-de-prisao-acusado-de-tentativa-de-latrocinio-ocorrido-em-setembro-do-ano-passado-no-jardim-cruzeiro\/"},"wordCount":223,"commentCount":0,"publisher":{"@id":"https:\/\/regiaonews.net.br\/2022\/#organization"},"image":{"@id":"https:\/\/regiaonews.net.br\/2022\/2024\/05\/27\/justica-de-bebedouro-condena-a-mais-de-21-anos-de-prisao-acusado-de-tentativa-de-latrocinio-ocorrido-em-setembro-do-ano-passado-no-jardim-cruzeiro\/#primaryimage"},"thumbnailUrl":"https:\/\/regiaonews.net.br\/2022\/wp-content\/uploads\/2024\/05\/WhatsApp-Image-2024-05-27-at-19.43.41.jpeg","articleSection":["Bebedouro","Policia"],"inLanguage":"pt-BR","potentialAction":[{"@type":"CommentAction","name":"Comment","target":["https:\/\/regiaonews.net.br\/2022\/2024\/05\/27\/justica-de-bebedouro-condena-a-mais-de-21-anos-de-prisao-acusado-de-tentativa-de-latrocinio-ocorrido-em-setembro-do-ano-passado-no-jardim-cruzeiro\/#respond"]}]},{"@type":"WebPage","@id":"https:\/\/regiaonews.net.br\/2022\/2024\/05\/27\/justica-de-bebedouro-condena-a-mais-de-21-anos-de-prisao-acusado-de-tentativa-de-latrocinio-ocorrido-em-setembro-do-ano-passado-no-jardim-cruzeiro\/","url":"https:\/\/regiaonews.net.br\/2022\/2024\/05\/27\/justica-de-bebedouro-condena-a-mais-de-21-anos-de-prisao-acusado-de-tentativa-de-latrocinio-ocorrido-em-setembro-do-ano-passado-no-jardim-cruzeiro\/","name":"Justica de Bebedouro condena a mais de 21 anos de pris\u00e3o acusado de tentativa de latroc\u00ednio - Regi\u00e3o News","isPartOf":{"@id":"https:\/\/regiaonews.net.br\/2022\/#website"},"primaryImageOfPage":{"@id":"https:\/\/regiaonews.net.br\/2022\/2024\/05\/27\/justica-de-bebedouro-condena-a-mais-de-21-anos-de-prisao-acusado-de-tentativa-de-latrocinio-ocorrido-em-setembro-do-ano-passado-no-jardim-cruzeiro\/#primaryimage"},"image":{"@id":"https:\/\/regiaonews.net.br\/2022\/2024\/05\/27\/justica-de-bebedouro-condena-a-mais-de-21-anos-de-prisao-acusado-de-tentativa-de-latrocinio-ocorrido-em-setembro-do-ano-passado-no-jardim-cruzeiro\/#primaryimage"},"thumbnailUrl":"https:\/\/regiaonews.net.br\/2022\/wp-content\/uploads\/2024\/05\/WhatsApp-Image-2024-05-27-at-19.43.41.jpeg","datePublished":"2024-05-27T23:54:44+00:00","dateModified":"2024-05-28T00:44:30+00:00","breadcrumb":{"@id":"https:\/\/regiaonews.net.br\/2022\/2024\/05\/27\/justica-de-bebedouro-condena-a-mais-de-21-anos-de-prisao-acusado-de-tentativa-de-latrocinio-ocorrido-em-setembro-do-ano-passado-no-jardim-cruzeiro\/#breadcrumb"},"inLanguage":"pt-BR","potentialAction":[{"@type":"ReadAction","target":["https:\/\/regiaonews.net.br\/2022\/2024\/05\/27\/justica-de-bebedouro-condena-a-mais-de-21-anos-de-prisao-acusado-de-tentativa-de-latrocinio-ocorrido-em-setembro-do-ano-passado-no-jardim-cruzeiro\/"]}]},{"@type":"ImageObject","inLanguage":"pt-BR","@id":"https:\/\/regiaonews.net.br\/2022\/2024\/05\/27\/justica-de-bebedouro-condena-a-mais-de-21-anos-de-prisao-acusado-de-tentativa-de-latrocinio-ocorrido-em-setembro-do-ano-passado-no-jardim-cruzeiro\/#primaryimage","url":"https:\/\/regiaonews.net.br\/2022\/wp-content\/uploads\/2024\/05\/WhatsApp-Image-2024-05-27-at-19.43.41.jpeg","contentUrl":"https:\/\/regiaonews.net.br\/2022\/wp-content\/uploads\/2024\/05\/WhatsApp-Image-2024-05-27-at-19.43.41.jpeg","width":1600,"height":1200},{"@type":"BreadcrumbList","@id":"https:\/\/regiaonews.net.br\/2022\/2024\/05\/27\/justica-de-bebedouro-condena-a-mais-de-21-anos-de-prisao-acusado-de-tentativa-de-latrocinio-ocorrido-em-setembro-do-ano-passado-no-jardim-cruzeiro\/#breadcrumb","itemListElement":[{"@type":"ListItem","position":1,"name":"In\u00edcio","item":"https:\/\/regiaonews.net.br\/2022\/"},{"@type":"ListItem","position":2,"name":"Justica de Bebedouro condena a mais de 21 anos de pris\u00e3o acusado de tentativa de latroc\u00ednio"}]},{"@type":"WebSite","@id":"https:\/\/regiaonews.net.br\/2022\/#website","url":"https:\/\/regiaonews.net.br\/2022\/","name":"Regi\u00e3o News","description":"Site de Not\u00edcias de Barretos e regi\u00e3o","publisher":{"@id":"https:\/\/regiaonews.net.br\/2022\/#organization"},"potentialAction":[{"@type":"SearchAction","target":{"@type":"EntryPoint","urlTemplate":"https:\/\/regiaonews.net.br\/2022\/?s={search_term_string}"},"query-input":{"@type":"PropertyValueSpecification","valueRequired":true,"valueName":"search_term_string"}}],"inLanguage":"pt-BR"},{"@type":"Organization","@id":"https:\/\/regiaonews.net.br\/2022\/#organization","name":"Regi\u00e3o News","url":"https:\/\/regiaonews.net.br\/2022\/","logo":{"@type":"ImageObject","inLanguage":"pt-BR","@id":"https:\/\/regiaonews.net.br\/2022\/#\/schema\/logo\/image\/","url":"https:\/\/regiaonews.net.br\/2022\/wp-content\/uploads\/2026\/03\/regiao-13-anos-scaled.jpg","contentUrl":"https:\/\/regiaonews.net.br\/2022\/wp-content\/uploads\/2026\/03\/regiao-13-anos-scaled.jpg","width":2560,"height":635,"caption":"Regi\u00e3o News"},"image":{"@id":"https:\/\/regiaonews.net.br\/2022\/#\/schema\/logo\/image\/"}},{"@type":"Person","@id":"https:\/\/regiaonews.net.br\/2022\/#\/schema\/person\/2d205a608a5aa97ac279d7a5e6d89ad8","name":"Roberto","image":{"@type":"ImageObject","inLanguage":"pt-BR","@id":"https:\/\/secure.gravatar.com\/avatar\/42749d8b712ff9d59ca93dc150494e5b55a44134482993f5baeb97e61b7ecc89?s=96&d=mm&r=g","url":"https:\/\/secure.gravatar.com\/avatar\/42749d8b712ff9d59ca93dc150494e5b55a44134482993f5baeb97e61b7ecc89?s=96&d=mm&r=g","contentUrl":"https:\/\/secure.gravatar.com\/avatar\/42749d8b712ff9d59ca93dc150494e5b55a44134482993f5baeb97e61b7ecc89?s=96&d=mm&r=g","caption":"Roberto"},"url":"https:\/\/regiaonews.net.br\/2022\/author\/roberto\/"}]}},"publishpress_future_action":{"enabled":false,"date":"2026-05-03 02:12:04","action":"change-status","newStatus":"draft","terms":[],"taxonomy":"category","extraData":[]},"publishpress_future_workflow_manual_trigger":{"enabledWorkflows":[]},"_links":{"self":[{"href":"https:\/\/regiaonews.net.br\/2022\/wp-json\/wp\/v2\/posts\/105526","targetHints":{"allow":["GET"]}}],"collection":[{"href":"https:\/\/regiaonews.net.br\/2022\/wp-json\/wp\/v2\/posts"}],"about":[{"href":"https:\/\/regiaonews.net.br\/2022\/wp-json\/wp\/v2\/types\/post"}],"author":[{"embeddable":true,"href":"https:\/\/regiaonews.net.br\/2022\/wp-json\/wp\/v2\/users\/2"}],"replies":[{"embeddable":true,"href":"https:\/\/regiaonews.net.br\/2022\/wp-json\/wp\/v2\/comments?post=105526"}],"version-history":[{"count":4,"href":"https:\/\/regiaonews.net.br\/2022\/wp-json\/wp\/v2\/posts\/105526\/revisions"}],"predecessor-version":[{"id":105533,"href":"https:\/\/regiaonews.net.br\/2022\/wp-json\/wp\/v2\/posts\/105526\/revisions\/105533"}],"wp:featuredmedia":[{"embeddable":true,"href":"https:\/\/regiaonews.net.br\/2022\/wp-json\/wp\/v2\/media\/105527"}],"wp:attachment":[{"href":"https:\/\/regiaonews.net.br\/2022\/wp-json\/wp\/v2\/media?parent=105526"}],"wp:term":[{"taxonomy":"category","embeddable":true,"href":"https:\/\/regiaonews.net.br\/2022\/wp-json\/wp\/v2\/categories?post=105526"},{"taxonomy":"post_tag","embeddable":true,"href":"https:\/\/regiaonews.net.br\/2022\/wp-json\/wp\/v2\/tags?post=105526"}],"curies":[{"name":"wp","href":"https:\/\/api.w.org\/{rel}","templated":true}]}}