{"id":105523,"date":"2024-05-27T20:51:54","date_gmt":"2024-05-27T23:51:54","guid":{"rendered":"https:\/\/regiaonews.net.br\/2022\/?p=105523"},"modified":"2024-05-27T21:15:26","modified_gmt":"2024-05-28T00:15:26","slug":"concerto-internacional-apresenta-sinfonia-do-novo-mundo-e-reafirma-qualidade-da-orquestra-sinfonica-municipal-de-barretos","status":"publish","type":"post","link":"https:\/\/regiaonews.net.br\/2022\/2024\/05\/27\/concerto-internacional-apresenta-sinfonia-do-novo-mundo-e-reafirma-qualidade-da-orquestra-sinfonica-municipal-de-barretos\/","title":{"rendered":"Concerto Internacional apresenta \u201cSinfonia do Novo Mundo\u201d e reafirma qualidade da Orquestra Sinf\u00f4nica Municipal de Barretos"},"content":{"rendered":"<p>Espet\u00e1culo contou com a participa\u00e7\u00e3o especial do violinista Marcos Santos e arrecadou alimentos para v\u00edtimas das enchentes no Rio Grande do Sul<\/p>\n<p><a href=\"https:\/\/regiaonews.net.br\/2022\/wp-content\/uploads\/2024\/05\/WhatsApp-Image-2024-05-27-at-19.47.39-1.jpeg\"><img loading=\"lazy\" decoding=\"async\" class=\"alignnone size-medium wp-image-105531\" src=\"https:\/\/regiaonews.net.br\/2022\/wp-content\/uploads\/2024\/05\/WhatsApp-Image-2024-05-27-at-19.47.39-1-300x225.jpeg\" alt=\"\" width=\"300\" height=\"225\" srcset=\"https:\/\/regiaonews.net.br\/2022\/wp-content\/uploads\/2024\/05\/WhatsApp-Image-2024-05-27-at-19.47.39-1-300x225.jpeg 300w, https:\/\/regiaonews.net.br\/2022\/wp-content\/uploads\/2024\/05\/WhatsApp-Image-2024-05-27-at-19.47.39-1-1024x768.jpeg 1024w, https:\/\/regiaonews.net.br\/2022\/wp-content\/uploads\/2024\/05\/WhatsApp-Image-2024-05-27-at-19.47.39-1-768x576.jpeg 768w, https:\/\/regiaonews.net.br\/2022\/wp-content\/uploads\/2024\/05\/WhatsApp-Image-2024-05-27-at-19.47.39-1-1536x1152.jpeg 1536w, https:\/\/regiaonews.net.br\/2022\/wp-content\/uploads\/2024\/05\/WhatsApp-Image-2024-05-27-at-19.47.39-1-250x188.jpeg 250w, https:\/\/regiaonews.net.br\/2022\/wp-content\/uploads\/2024\/05\/WhatsApp-Image-2024-05-27-at-19.47.39-1-200x150.jpeg 200w, https:\/\/regiaonews.net.br\/2022\/wp-content\/uploads\/2024\/05\/WhatsApp-Image-2024-05-27-at-19.47.39-1.jpeg 1600w\" sizes=\"auto, (max-width: 300px) 100vw, 300px\" \/><\/a><\/p>\n<p>O Teatro Anna Hora Prata, na Faculdade de Ci\u00eancias na Sa\u00fade de Barretos Dr. Paulo Prata (Facisb), foi palco de mais uma emocionante apresenta\u00e7\u00e3o do Concerto Internacional da Orquestra Sinf\u00f4nica Municipal de Barretos na noite de sexta-feira, 24 de maio. O espa\u00e7o recebeu cerca de 350 espectadores que acompanharam atentamente as obras do compositor tcheco Anton\u00edn Dvor\u00e1k.<br \/>\n\u201cA orquestra sinf\u00f4nica desafia-se mais uma vez. Este equipamento de cultura da nossa cidade interpreta a famosa Sinfonia N\u00ba 9, chamada Sinfonia do Novo Mundo, porque todos n\u00f3s temos esperan\u00e7a, n\u00f3s todos queremos come\u00e7ar algo novo. E nessa obra monumental h\u00e1 uma parte onde h\u00e1 uma reflex\u00e3o, onde temos que apoiar-nos. E \u00e9 por isso que neste concerto a entrada \u00e9 um alimento n\u00e3o perec\u00edvel, para ajudarmos os irm\u00e3os do sul que est\u00e3o sofrendo\u201d, disse o maestro Fernando Ortiz de Villate.<br \/>\nReconhecido nacional e internacionalmente, o violinista Marcos Santos falou da experi\u00eancia de tocar em Barretos como solista convidado. \u201c\u00c9 muito interessante que um munic\u00edpio como Barretos mantenha uma orquestra sinf\u00f4nica e profissional. S\u00e3o t\u00e3o poucos munic\u00edpios no estado que t\u00eam condi\u00e7\u00f5es de manter esse tipo de arte viva. A gente sempre conhece Barretos como terra do pe\u00e3o, do rodeio, mas Barretos tamb\u00e9m tem orquestra e tem gente fazendo diversos tipos de m\u00fasica\u201d, completou.<br \/>\nDurante o concerto, que uniu cultura e solidariedade, foram arrecadados 85 kg de alimentos, 352 litros de \u00e1gua, al\u00e9m de material de limpeza e higiene pessoal que ser\u00e3o revertidos \u00e0s v\u00edtimas das enchentes no Rio Grande do Sul.<br \/>\n\u201cFoi uma noite muito agrad\u00e1vel e emocionante. \u00c9 muito bom ver eventos como este acontecendo em nossa cidade. Espero que cada vez mais pessoas tenham acesso \u00e0 cultura e que Barretos possa se tornar uma refer\u00eancia para nossa regi\u00e3o\u201d, disse o professor Guilherme Manoel Silva.<br \/>\nO evento foi promovido pela Prefeitura da Est\u00e2ncia Tur\u00edstica de Barretos, por meio da Secretaria Municipal de Cultura e Economia Criativa, e contou com o apoio da Facisb e do Barretos Country Park Resort.<\/p>\n","protected":false},"excerpt":{"rendered":"<p>Espet\u00e1culo contou com a participa\u00e7\u00e3o especial do violinista Marcos Santos<\/p>\n","protected":false},"author":2,"featured_media":105524,"comment_status":"open","ping_status":"open","sticky":false,"template":"","format":"standard","meta":{"footnotes":""},"categories":[14,25],"tags":[],"class_list":["post-105523","post","type-post","status-publish","format-standard","has-post-thumbnail","hentry","category-barretos","category-cidades"],"yoast_head":"<!-- This site is optimized with the Yoast SEO plugin v27.4 - https:\/\/yoast.com\/product\/yoast-seo-wordpress\/ -->\n<title>Concerto Internacional apresenta \u201cSinfonia do Novo Mundo\u201d e reafirma qualidade da Orquestra Sinf\u00f4nica Municipal de Barretos - Regi\u00e3o News<\/title>\n<meta name=\"robots\" content=\"index, follow, max-snippet:-1, max-image-preview:large, max-video-preview:-1\" \/>\n<link rel=\"canonical\" href=\"https:\/\/regiaonews.net.br\/2022\/2024\/05\/27\/concerto-internacional-apresenta-sinfonia-do-novo-mundo-e-reafirma-qualidade-da-orquestra-sinfonica-municipal-de-barretos\/\" \/>\n<meta property=\"og:locale\" content=\"pt_BR\" \/>\n<meta property=\"og:type\" content=\"article\" \/>\n<meta property=\"og:title\" content=\"Concerto Internacional apresenta \u201cSinfonia do Novo Mundo\u201d e reafirma qualidade da Orquestra Sinf\u00f4nica Municipal de Barretos - Regi\u00e3o News\" \/>\n<meta property=\"og:description\" content=\"Espet\u00e1culo contou com a participa\u00e7\u00e3o especial do violinista Marcos Santos\" \/>\n<meta property=\"og:url\" content=\"https:\/\/regiaonews.net.br\/2022\/2024\/05\/27\/concerto-internacional-apresenta-sinfonia-do-novo-mundo-e-reafirma-qualidade-da-orquestra-sinfonica-municipal-de-barretos\/\" \/>\n<meta property=\"og:site_name\" content=\"Regi\u00e3o News\" \/>\n<meta property=\"article:published_time\" content=\"2024-05-27T23:51:54+00:00\" \/>\n<meta property=\"article:modified_time\" content=\"2024-05-28T00:15:26+00:00\" \/>\n<meta property=\"og:image\" content=\"https:\/\/regiaonews.net.br\/2022\/wp-content\/uploads\/2024\/05\/WhatsApp-Image-2024-05-27-at-19.47.39.jpeg\" \/>\n\t<meta property=\"og:image:width\" content=\"1600\" \/>\n\t<meta property=\"og:image:height\" content=\"1200\" \/>\n\t<meta property=\"og:image:type\" content=\"image\/jpeg\" \/>\n<meta name=\"author\" content=\"Roberto\" \/>\n<meta name=\"twitter:card\" content=\"summary_large_image\" \/>\n<meta name=\"twitter:label1\" content=\"Escrito por\" \/>\n\t<meta name=\"twitter:data1\" content=\"Roberto\" \/>\n\t<meta name=\"twitter:label2\" content=\"Est. tempo de leitura\" \/>\n\t<meta name=\"twitter:data2\" content=\"3 minutos\" \/>\n<script type=\"application\/ld+json\" class=\"yoast-schema-graph\">{\"@context\":\"https:\\\/\\\/schema.org\",\"@graph\":[{\"@type\":\"Article\",\"@id\":\"https:\\\/\\\/regiaonews.net.br\\\/2022\\\/2024\\\/05\\\/27\\\/concerto-internacional-apresenta-sinfonia-do-novo-mundo-e-reafirma-qualidade-da-orquestra-sinfonica-municipal-de-barretos\\\/#article\",\"isPartOf\":{\"@id\":\"https:\\\/\\\/regiaonews.net.br\\\/2022\\\/2024\\\/05\\\/27\\\/concerto-internacional-apresenta-sinfonia-do-novo-mundo-e-reafirma-qualidade-da-orquestra-sinfonica-municipal-de-barretos\\\/\"},\"author\":{\"name\":\"Roberto\",\"@id\":\"https:\\\/\\\/regiaonews.net.br\\\/2022\\\/#\\\/schema\\\/person\\\/2d205a608a5aa97ac279d7a5e6d89ad8\"},\"headline\":\"Concerto Internacional apresenta \u201cSinfonia do Novo Mundo\u201d e reafirma qualidade da Orquestra Sinf\u00f4nica Municipal de Barretos\",\"datePublished\":\"2024-05-27T23:51:54+00:00\",\"dateModified\":\"2024-05-28T00:15:26+00:00\",\"mainEntityOfPage\":{\"@id\":\"https:\\\/\\\/regiaonews.net.br\\\/2022\\\/2024\\\/05\\\/27\\\/concerto-internacional-apresenta-sinfonia-do-novo-mundo-e-reafirma-qualidade-da-orquestra-sinfonica-municipal-de-barretos\\\/\"},\"wordCount\":396,\"commentCount\":0,\"publisher\":{\"@id\":\"https:\\\/\\\/regiaonews.net.br\\\/2022\\\/#organization\"},\"image\":{\"@id\":\"https:\\\/\\\/regiaonews.net.br\\\/2022\\\/2024\\\/05\\\/27\\\/concerto-internacional-apresenta-sinfonia-do-novo-mundo-e-reafirma-qualidade-da-orquestra-sinfonica-municipal-de-barretos\\\/#primaryimage\"},\"thumbnailUrl\":\"https:\\\/\\\/regiaonews.net.br\\\/2022\\\/wp-content\\\/uploads\\\/2024\\\/05\\\/WhatsApp-Image-2024-05-27-at-19.47.39.jpeg\",\"articleSection\":[\"Barretos\",\"Cidades\"],\"inLanguage\":\"pt-BR\",\"potentialAction\":[{\"@type\":\"CommentAction\",\"name\":\"Comment\",\"target\":[\"https:\\\/\\\/regiaonews.net.br\\\/2022\\\/2024\\\/05\\\/27\\\/concerto-internacional-apresenta-sinfonia-do-novo-mundo-e-reafirma-qualidade-da-orquestra-sinfonica-municipal-de-barretos\\\/#respond\"]}]},{\"@type\":\"WebPage\",\"@id\":\"https:\\\/\\\/regiaonews.net.br\\\/2022\\\/2024\\\/05\\\/27\\\/concerto-internacional-apresenta-sinfonia-do-novo-mundo-e-reafirma-qualidade-da-orquestra-sinfonica-municipal-de-barretos\\\/\",\"url\":\"https:\\\/\\\/regiaonews.net.br\\\/2022\\\/2024\\\/05\\\/27\\\/concerto-internacional-apresenta-sinfonia-do-novo-mundo-e-reafirma-qualidade-da-orquestra-sinfonica-municipal-de-barretos\\\/\",\"name\":\"Concerto Internacional apresenta \u201cSinfonia do Novo Mundo\u201d e reafirma qualidade da Orquestra Sinf\u00f4nica Municipal de Barretos - Regi\u00e3o News\",\"isPartOf\":{\"@id\":\"https:\\\/\\\/regiaonews.net.br\\\/2022\\\/#website\"},\"primaryImageOfPage\":{\"@id\":\"https:\\\/\\\/regiaonews.net.br\\\/2022\\\/2024\\\/05\\\/27\\\/concerto-internacional-apresenta-sinfonia-do-novo-mundo-e-reafirma-qualidade-da-orquestra-sinfonica-municipal-de-barretos\\\/#primaryimage\"},\"image\":{\"@id\":\"https:\\\/\\\/regiaonews.net.br\\\/2022\\\/2024\\\/05\\\/27\\\/concerto-internacional-apresenta-sinfonia-do-novo-mundo-e-reafirma-qualidade-da-orquestra-sinfonica-municipal-de-barretos\\\/#primaryimage\"},\"thumbnailUrl\":\"https:\\\/\\\/regiaonews.net.br\\\/2022\\\/wp-content\\\/uploads\\\/2024\\\/05\\\/WhatsApp-Image-2024-05-27-at-19.47.39.jpeg\",\"datePublished\":\"2024-05-27T23:51:54+00:00\",\"dateModified\":\"2024-05-28T00:15:26+00:00\",\"breadcrumb\":{\"@id\":\"https:\\\/\\\/regiaonews.net.br\\\/2022\\\/2024\\\/05\\\/27\\\/concerto-internacional-apresenta-sinfonia-do-novo-mundo-e-reafirma-qualidade-da-orquestra-sinfonica-municipal-de-barretos\\\/#breadcrumb\"},\"inLanguage\":\"pt-BR\",\"potentialAction\":[{\"@type\":\"ReadAction\",\"target\":[\"https:\\\/\\\/regiaonews.net.br\\\/2022\\\/2024\\\/05\\\/27\\\/concerto-internacional-apresenta-sinfonia-do-novo-mundo-e-reafirma-qualidade-da-orquestra-sinfonica-municipal-de-barretos\\\/\"]}]},{\"@type\":\"ImageObject\",\"inLanguage\":\"pt-BR\",\"@id\":\"https:\\\/\\\/regiaonews.net.br\\\/2022\\\/2024\\\/05\\\/27\\\/concerto-internacional-apresenta-sinfonia-do-novo-mundo-e-reafirma-qualidade-da-orquestra-sinfonica-municipal-de-barretos\\\/#primaryimage\",\"url\":\"https:\\\/\\\/regiaonews.net.br\\\/2022\\\/wp-content\\\/uploads\\\/2024\\\/05\\\/WhatsApp-Image-2024-05-27-at-19.47.39.jpeg\",\"contentUrl\":\"https:\\\/\\\/regiaonews.net.br\\\/2022\\\/wp-content\\\/uploads\\\/2024\\\/05\\\/WhatsApp-Image-2024-05-27-at-19.47.39.jpeg\",\"width\":1600,\"height\":1200},{\"@type\":\"BreadcrumbList\",\"@id\":\"https:\\\/\\\/regiaonews.net.br\\\/2022\\\/2024\\\/05\\\/27\\\/concerto-internacional-apresenta-sinfonia-do-novo-mundo-e-reafirma-qualidade-da-orquestra-sinfonica-municipal-de-barretos\\\/#breadcrumb\",\"itemListElement\":[{\"@type\":\"ListItem\",\"position\":1,\"name\":\"In\u00edcio\",\"item\":\"https:\\\/\\\/regiaonews.net.br\\\/2022\\\/\"},{\"@type\":\"ListItem\",\"position\":2,\"name\":\"Concerto Internacional apresenta \u201cSinfonia do Novo Mundo\u201d e reafirma qualidade da Orquestra Sinf\u00f4nica Municipal de Barretos\"}]},{\"@type\":\"WebSite\",\"@id\":\"https:\\\/\\\/regiaonews.net.br\\\/2022\\\/#website\",\"url\":\"https:\\\/\\\/regiaonews.net.br\\\/2022\\\/\",\"name\":\"Regi\u00e3o News\",\"description\":\"Site de Not\u00edcias de Barretos e regi\u00e3o\",\"publisher\":{\"@id\":\"https:\\\/\\\/regiaonews.net.br\\\/2022\\\/#organization\"},\"potentialAction\":[{\"@type\":\"SearchAction\",\"target\":{\"@type\":\"EntryPoint\",\"urlTemplate\":\"https:\\\/\\\/regiaonews.net.br\\\/2022\\\/?s={search_term_string}\"},\"query-input\":{\"@type\":\"PropertyValueSpecification\",\"valueRequired\":true,\"valueName\":\"search_term_string\"}}],\"inLanguage\":\"pt-BR\"},{\"@type\":\"Organization\",\"@id\":\"https:\\\/\\\/regiaonews.net.br\\\/2022\\\/#organization\",\"name\":\"Regi\u00e3o News\",\"url\":\"https:\\\/\\\/regiaonews.net.br\\\/2022\\\/\",\"logo\":{\"@type\":\"ImageObject\",\"inLanguage\":\"pt-BR\",\"@id\":\"https:\\\/\\\/regiaonews.net.br\\\/2022\\\/#\\\/schema\\\/logo\\\/image\\\/\",\"url\":\"https:\\\/\\\/regiaonews.net.br\\\/2022\\\/wp-content\\\/uploads\\\/2026\\\/03\\\/regiao-13-anos-scaled.jpg\",\"contentUrl\":\"https:\\\/\\\/regiaonews.net.br\\\/2022\\\/wp-content\\\/uploads\\\/2026\\\/03\\\/regiao-13-anos-scaled.jpg\",\"width\":2560,\"height\":635,\"caption\":\"Regi\u00e3o News\"},\"image\":{\"@id\":\"https:\\\/\\\/regiaonews.net.br\\\/2022\\\/#\\\/schema\\\/logo\\\/image\\\/\"}},{\"@type\":\"Person\",\"@id\":\"https:\\\/\\\/regiaonews.net.br\\\/2022\\\/#\\\/schema\\\/person\\\/2d205a608a5aa97ac279d7a5e6d89ad8\",\"name\":\"Roberto\",\"image\":{\"@type\":\"ImageObject\",\"inLanguage\":\"pt-BR\",\"@id\":\"https:\\\/\\\/secure.gravatar.com\\\/avatar\\\/42749d8b712ff9d59ca93dc150494e5b55a44134482993f5baeb97e61b7ecc89?s=96&d=mm&r=g\",\"url\":\"https:\\\/\\\/secure.gravatar.com\\\/avatar\\\/42749d8b712ff9d59ca93dc150494e5b55a44134482993f5baeb97e61b7ecc89?s=96&d=mm&r=g\",\"contentUrl\":\"https:\\\/\\\/secure.gravatar.com\\\/avatar\\\/42749d8b712ff9d59ca93dc150494e5b55a44134482993f5baeb97e61b7ecc89?s=96&d=mm&r=g\",\"caption\":\"Roberto\"},\"url\":\"https:\\\/\\\/regiaonews.net.br\\\/2022\\\/author\\\/roberto\\\/\"}]}<\/script>\n<!-- \/ Yoast SEO plugin. -->","yoast_head_json":{"title":"Concerto Internacional apresenta \u201cSinfonia do Novo Mundo\u201d e reafirma qualidade da Orquestra Sinf\u00f4nica Municipal de Barretos - Regi\u00e3o News","robots":{"index":"index","follow":"follow","max-snippet":"max-snippet:-1","max-image-preview":"max-image-preview:large","max-video-preview":"max-video-preview:-1"},"canonical":"https:\/\/regiaonews.net.br\/2022\/2024\/05\/27\/concerto-internacional-apresenta-sinfonia-do-novo-mundo-e-reafirma-qualidade-da-orquestra-sinfonica-municipal-de-barretos\/","og_locale":"pt_BR","og_type":"article","og_title":"Concerto Internacional apresenta \u201cSinfonia do Novo Mundo\u201d e reafirma qualidade da Orquestra Sinf\u00f4nica Municipal de Barretos - Regi\u00e3o News","og_description":"Espet\u00e1culo contou com a participa\u00e7\u00e3o especial do violinista Marcos Santos","og_url":"https:\/\/regiaonews.net.br\/2022\/2024\/05\/27\/concerto-internacional-apresenta-sinfonia-do-novo-mundo-e-reafirma-qualidade-da-orquestra-sinfonica-municipal-de-barretos\/","og_site_name":"Regi\u00e3o News","article_published_time":"2024-05-27T23:51:54+00:00","article_modified_time":"2024-05-28T00:15:26+00:00","og_image":[{"width":1600,"height":1200,"url":"https:\/\/regiaonews.net.br\/2022\/wp-content\/uploads\/2024\/05\/WhatsApp-Image-2024-05-27-at-19.47.39.jpeg","type":"image\/jpeg"}],"author":"Roberto","twitter_card":"summary_large_image","twitter_misc":{"Escrito por":"Roberto","Est. tempo de leitura":"3 minutos"},"schema":{"@context":"https:\/\/schema.org","@graph":[{"@type":"Article","@id":"https:\/\/regiaonews.net.br\/2022\/2024\/05\/27\/concerto-internacional-apresenta-sinfonia-do-novo-mundo-e-reafirma-qualidade-da-orquestra-sinfonica-municipal-de-barretos\/#article","isPartOf":{"@id":"https:\/\/regiaonews.net.br\/2022\/2024\/05\/27\/concerto-internacional-apresenta-sinfonia-do-novo-mundo-e-reafirma-qualidade-da-orquestra-sinfonica-municipal-de-barretos\/"},"author":{"name":"Roberto","@id":"https:\/\/regiaonews.net.br\/2022\/#\/schema\/person\/2d205a608a5aa97ac279d7a5e6d89ad8"},"headline":"Concerto Internacional apresenta \u201cSinfonia do Novo Mundo\u201d e reafirma qualidade da Orquestra Sinf\u00f4nica Municipal de Barretos","datePublished":"2024-05-27T23:51:54+00:00","dateModified":"2024-05-28T00:15:26+00:00","mainEntityOfPage":{"@id":"https:\/\/regiaonews.net.br\/2022\/2024\/05\/27\/concerto-internacional-apresenta-sinfonia-do-novo-mundo-e-reafirma-qualidade-da-orquestra-sinfonica-municipal-de-barretos\/"},"wordCount":396,"commentCount":0,"publisher":{"@id":"https:\/\/regiaonews.net.br\/2022\/#organization"},"image":{"@id":"https:\/\/regiaonews.net.br\/2022\/2024\/05\/27\/concerto-internacional-apresenta-sinfonia-do-novo-mundo-e-reafirma-qualidade-da-orquestra-sinfonica-municipal-de-barretos\/#primaryimage"},"thumbnailUrl":"https:\/\/regiaonews.net.br\/2022\/wp-content\/uploads\/2024\/05\/WhatsApp-Image-2024-05-27-at-19.47.39.jpeg","articleSection":["Barretos","Cidades"],"inLanguage":"pt-BR","potentialAction":[{"@type":"CommentAction","name":"Comment","target":["https:\/\/regiaonews.net.br\/2022\/2024\/05\/27\/concerto-internacional-apresenta-sinfonia-do-novo-mundo-e-reafirma-qualidade-da-orquestra-sinfonica-municipal-de-barretos\/#respond"]}]},{"@type":"WebPage","@id":"https:\/\/regiaonews.net.br\/2022\/2024\/05\/27\/concerto-internacional-apresenta-sinfonia-do-novo-mundo-e-reafirma-qualidade-da-orquestra-sinfonica-municipal-de-barretos\/","url":"https:\/\/regiaonews.net.br\/2022\/2024\/05\/27\/concerto-internacional-apresenta-sinfonia-do-novo-mundo-e-reafirma-qualidade-da-orquestra-sinfonica-municipal-de-barretos\/","name":"Concerto Internacional apresenta \u201cSinfonia do Novo Mundo\u201d e reafirma qualidade da Orquestra Sinf\u00f4nica Municipal de Barretos - Regi\u00e3o News","isPartOf":{"@id":"https:\/\/regiaonews.net.br\/2022\/#website"},"primaryImageOfPage":{"@id":"https:\/\/regiaonews.net.br\/2022\/2024\/05\/27\/concerto-internacional-apresenta-sinfonia-do-novo-mundo-e-reafirma-qualidade-da-orquestra-sinfonica-municipal-de-barretos\/#primaryimage"},"image":{"@id":"https:\/\/regiaonews.net.br\/2022\/2024\/05\/27\/concerto-internacional-apresenta-sinfonia-do-novo-mundo-e-reafirma-qualidade-da-orquestra-sinfonica-municipal-de-barretos\/#primaryimage"},"thumbnailUrl":"https:\/\/regiaonews.net.br\/2022\/wp-content\/uploads\/2024\/05\/WhatsApp-Image-2024-05-27-at-19.47.39.jpeg","datePublished":"2024-05-27T23:51:54+00:00","dateModified":"2024-05-28T00:15:26+00:00","breadcrumb":{"@id":"https:\/\/regiaonews.net.br\/2022\/2024\/05\/27\/concerto-internacional-apresenta-sinfonia-do-novo-mundo-e-reafirma-qualidade-da-orquestra-sinfonica-municipal-de-barretos\/#breadcrumb"},"inLanguage":"pt-BR","potentialAction":[{"@type":"ReadAction","target":["https:\/\/regiaonews.net.br\/2022\/2024\/05\/27\/concerto-internacional-apresenta-sinfonia-do-novo-mundo-e-reafirma-qualidade-da-orquestra-sinfonica-municipal-de-barretos\/"]}]},{"@type":"ImageObject","inLanguage":"pt-BR","@id":"https:\/\/regiaonews.net.br\/2022\/2024\/05\/27\/concerto-internacional-apresenta-sinfonia-do-novo-mundo-e-reafirma-qualidade-da-orquestra-sinfonica-municipal-de-barretos\/#primaryimage","url":"https:\/\/regiaonews.net.br\/2022\/wp-content\/uploads\/2024\/05\/WhatsApp-Image-2024-05-27-at-19.47.39.jpeg","contentUrl":"https:\/\/regiaonews.net.br\/2022\/wp-content\/uploads\/2024\/05\/WhatsApp-Image-2024-05-27-at-19.47.39.jpeg","width":1600,"height":1200},{"@type":"BreadcrumbList","@id":"https:\/\/regiaonews.net.br\/2022\/2024\/05\/27\/concerto-internacional-apresenta-sinfonia-do-novo-mundo-e-reafirma-qualidade-da-orquestra-sinfonica-municipal-de-barretos\/#breadcrumb","itemListElement":[{"@type":"ListItem","position":1,"name":"In\u00edcio","item":"https:\/\/regiaonews.net.br\/2022\/"},{"@type":"ListItem","position":2,"name":"Concerto Internacional apresenta \u201cSinfonia do Novo Mundo\u201d e reafirma qualidade da Orquestra Sinf\u00f4nica Municipal de Barretos"}]},{"@type":"WebSite","@id":"https:\/\/regiaonews.net.br\/2022\/#website","url":"https:\/\/regiaonews.net.br\/2022\/","name":"Regi\u00e3o News","description":"Site de Not\u00edcias de Barretos e regi\u00e3o","publisher":{"@id":"https:\/\/regiaonews.net.br\/2022\/#organization"},"potentialAction":[{"@type":"SearchAction","target":{"@type":"EntryPoint","urlTemplate":"https:\/\/regiaonews.net.br\/2022\/?s={search_term_string}"},"query-input":{"@type":"PropertyValueSpecification","valueRequired":true,"valueName":"search_term_string"}}],"inLanguage":"pt-BR"},{"@type":"Organization","@id":"https:\/\/regiaonews.net.br\/2022\/#organization","name":"Regi\u00e3o News","url":"https:\/\/regiaonews.net.br\/2022\/","logo":{"@type":"ImageObject","inLanguage":"pt-BR","@id":"https:\/\/regiaonews.net.br\/2022\/#\/schema\/logo\/image\/","url":"https:\/\/regiaonews.net.br\/2022\/wp-content\/uploads\/2026\/03\/regiao-13-anos-scaled.jpg","contentUrl":"https:\/\/regiaonews.net.br\/2022\/wp-content\/uploads\/2026\/03\/regiao-13-anos-scaled.jpg","width":2560,"height":635,"caption":"Regi\u00e3o News"},"image":{"@id":"https:\/\/regiaonews.net.br\/2022\/#\/schema\/logo\/image\/"}},{"@type":"Person","@id":"https:\/\/regiaonews.net.br\/2022\/#\/schema\/person\/2d205a608a5aa97ac279d7a5e6d89ad8","name":"Roberto","image":{"@type":"ImageObject","inLanguage":"pt-BR","@id":"https:\/\/secure.gravatar.com\/avatar\/42749d8b712ff9d59ca93dc150494e5b55a44134482993f5baeb97e61b7ecc89?s=96&d=mm&r=g","url":"https:\/\/secure.gravatar.com\/avatar\/42749d8b712ff9d59ca93dc150494e5b55a44134482993f5baeb97e61b7ecc89?s=96&d=mm&r=g","contentUrl":"https:\/\/secure.gravatar.com\/avatar\/42749d8b712ff9d59ca93dc150494e5b55a44134482993f5baeb97e61b7ecc89?s=96&d=mm&r=g","caption":"Roberto"},"url":"https:\/\/regiaonews.net.br\/2022\/author\/roberto\/"}]}},"publishpress_future_action":{"enabled":false,"date":"2026-05-03 03:44:33","action":"change-status","newStatus":"draft","terms":[],"taxonomy":"category","extraData":[]},"publishpress_future_workflow_manual_trigger":{"enabledWorkflows":[]},"_links":{"self":[{"href":"https:\/\/regiaonews.net.br\/2022\/wp-json\/wp\/v2\/posts\/105523","targetHints":{"allow":["GET"]}}],"collection":[{"href":"https:\/\/regiaonews.net.br\/2022\/wp-json\/wp\/v2\/posts"}],"about":[{"href":"https:\/\/regiaonews.net.br\/2022\/wp-json\/wp\/v2\/types\/post"}],"author":[{"embeddable":true,"href":"https:\/\/regiaonews.net.br\/2022\/wp-json\/wp\/v2\/users\/2"}],"replies":[{"embeddable":true,"href":"https:\/\/regiaonews.net.br\/2022\/wp-json\/wp\/v2\/comments?post=105523"}],"version-history":[{"count":2,"href":"https:\/\/regiaonews.net.br\/2022\/wp-json\/wp\/v2\/posts\/105523\/revisions"}],"predecessor-version":[{"id":105532,"href":"https:\/\/regiaonews.net.br\/2022\/wp-json\/wp\/v2\/posts\/105523\/revisions\/105532"}],"wp:featuredmedia":[{"embeddable":true,"href":"https:\/\/regiaonews.net.br\/2022\/wp-json\/wp\/v2\/media\/105524"}],"wp:attachment":[{"href":"https:\/\/regiaonews.net.br\/2022\/wp-json\/wp\/v2\/media?parent=105523"}],"wp:term":[{"taxonomy":"category","embeddable":true,"href":"https:\/\/regiaonews.net.br\/2022\/wp-json\/wp\/v2\/categories?post=105523"},{"taxonomy":"post_tag","embeddable":true,"href":"https:\/\/regiaonews.net.br\/2022\/wp-json\/wp\/v2\/tags?post=105523"}],"curies":[{"name":"wp","href":"https:\/\/api.w.org\/{rel}","templated":true}]}}