{"id":105520,"date":"2024-05-27T18:59:53","date_gmt":"2024-05-27T21:59:53","guid":{"rendered":"https:\/\/regiaonews.net.br\/2022\/?p=105520"},"modified":"2024-05-27T18:59:53","modified_gmt":"2024-05-27T21:59:53","slug":"prefeitura-de-barretos-divulga-programacao-do-evento-querer-e-poder-o-toque-da-mulher-no-empreendedorismo","status":"publish","type":"post","link":"https:\/\/regiaonews.net.br\/2022\/2024\/05\/27\/prefeitura-de-barretos-divulga-programacao-do-evento-querer-e-poder-o-toque-da-mulher-no-empreendedorismo\/","title":{"rendered":"Prefeitura de Barretos divulga programa\u00e7\u00e3o do evento \u201cQuerer \u00e9 poder: o toque da mulher no empreendedorismo\u201d"},"content":{"rendered":"<p>Atividades ser\u00e3o desenvolvidas na Casa da Mulher Paulista, nesta ter\u00e7a-feira, dia 28 de maio<\/p>\n<p>Com palestras sobre empoderamento feminino, educa\u00e7\u00e3o e independ\u00eancia financeira, a Prefeitura de Barretos promove nesta ter\u00e7a-feira, 28 de maio, a primeira edi\u00e7\u00e3o do \u201cQuerer \u00e9 poder: o toque da mulher no empreendedorismo\u201d.<br \/>\n\u201cSer\u00e1 um dia intenso, com muita informa\u00e7\u00e3o e troca de experi\u00eancias. Mostrando para as mulheres que tem vontade de empreender ou que j\u00e1 est\u00e3o empreendendo, que nossa cidade tem mecanismos para ajud\u00e1-las\u201d, disse a secret\u00e1ria de Desenvolvimento Econ\u00f4mico &amp; Inova\u00e7\u00e3o, Dra. Juliana Luciana dos Santos.<br \/>\nDurante todo o dia ser\u00e3o discutidos temas relevantes para o universo das mulheres empreendedoras como acesso a cr\u00e9dito, abertura de empresas, desafios e oportunidades, orienta\u00e7\u00f5es, dicas de como entrar e se manter no mundo dos neg\u00f3cios e feira de empreendedorismo com expositoras locais.<br \/>\nO evento \u00e9 aberto \u00e0 popula\u00e7\u00e3o e ocorre das 8h30 \u00e0s 17h, na Casa da Mulher Paulista, que fica na Avenida 63, n\u00b0 320, bairro Parque Novo J\u00f3quei. Participam da a\u00e7\u00e3o representantes do SAAEB, Sebrae, Banco do Povo, Fomento Mais Bank, DDM, Defensoria P\u00fablica, OAB, Conex\u00e3o Feminina e secretarias municipais de Assist\u00eancia Social e de Educa\u00e7\u00e3o.<\/p>\n<p>Confira a Programa\u00e7\u00e3o:<br \/>\nManh\u00e3<br \/>\n8h30: Credenciamento;<br \/>\n9h: Abertura \/ Autoridades \/ Feira de Empreendedorismo;<br \/>\n9h45 \u00e0s 10h: Projeto de Educa\u00e7\u00e3o Ambiental \u2013 SAAE;<br \/>\n10h10 \u00e0s 10h50: Programa Mulheres &#8211; Eu Empoderada , com a especialista do Sebrae, Laura Mendes;<br \/>\n11h \u00e0s 11h40: Palestra sobre Cr\u00e9dito &#8211; Banco do Povo e Fomento Mais Bank.<\/p>\n<p>Almo\u00e7o: 12h \u00e0s 13h.<\/p>\n<p>Tarde<br \/>\n13h30 \u00e0s 14h: Palestra &#8220;Mulheres, endividamento e autonomia&#8221; , com L\u00edvia Valim, Assistente Social da Defensoria P\u00fablica de Barretos.<br \/>\n14h \u00e0s 14h30: Palestra &#8220;Empoderamento feminino como instrumento de combate \u00e0s viol\u00eancias contra as mulheres&#8221; , com Fernanda Nogueira, Psic\u00f3loga e Coordenadora do CRAM;<br \/>\n14h35 \u00e0s 15h05: Palestra \u201cVoc\u00ea \u00e9 o seu padr\u00e3o\u201d , com Marizilda Dion\u00edsio, modelo Plus Size e empreendedora do ramo de beleza;<br \/>\n15h10 \u00e0s 15h40: Palestra &#8220;Independ\u00eancia financeira: Um pilar essencial para impedir que mulheres sejam v\u00edtimas de viol\u00eancia dom\u00e9stica&#8221; , Taciana Nunes, Escriv\u00e3 da Delegacia de Defesa da Mulher de Barretos.<br \/>\n15h45 \u00e0s 16h15: Palestra &#8220;A mulher e o Mercado de trabalho: desafios enfrentados pelas mulheres em suas duplas ou triplas jornadas&#8221; , com Iracimara Bordin, advogada e mestranda do Programa de Interven\u00e7\u00e3o Educacional e Psicol\u00f3gica dos Efeitos da Educa\u00e7\u00e3o;<br \/>\n16h20 \u00e0s 17h: Palestra &#8220;Como a Educa\u00e7\u00e3o pode ser importante na promo\u00e7\u00e3o do empoderamento feminino das mulheres&#8221; , com Elsa Fonseca Souza, professora e militante do Movimento Negro desde 1974.<\/p>\n","protected":false},"excerpt":{"rendered":"<p>Atividades ser\u00e3o desenvolvidas na Casa da Mulher Paulista, nesta ter\u00e7a-feira,<\/p>\n","protected":false},"author":2,"featured_media":105521,"comment_status":"open","ping_status":"open","sticky":false,"template":"","format":"standard","meta":{"footnotes":""},"categories":[14,25],"tags":[],"class_list":["post-105520","post","type-post","status-publish","format-standard","has-post-thumbnail","hentry","category-barretos","category-cidades"],"yoast_head":"<!-- This site is optimized with the Yoast SEO plugin v27.4 - https:\/\/yoast.com\/product\/yoast-seo-wordpress\/ -->\n<title>Prefeitura de Barretos divulga programa\u00e7\u00e3o do evento \u201cQuerer \u00e9 poder: o toque da mulher no empreendedorismo\u201d - Regi\u00e3o News<\/title>\n<meta name=\"robots\" content=\"index, follow, max-snippet:-1, max-image-preview:large, max-video-preview:-1\" \/>\n<link rel=\"canonical\" href=\"https:\/\/regiaonews.net.br\/2022\/2024\/05\/27\/prefeitura-de-barretos-divulga-programacao-do-evento-querer-e-poder-o-toque-da-mulher-no-empreendedorismo\/\" \/>\n<meta property=\"og:locale\" content=\"pt_BR\" \/>\n<meta property=\"og:type\" content=\"article\" \/>\n<meta property=\"og:title\" content=\"Prefeitura de Barretos divulga programa\u00e7\u00e3o do evento \u201cQuerer \u00e9 poder: o toque da mulher no empreendedorismo\u201d - Regi\u00e3o News\" \/>\n<meta property=\"og:description\" content=\"Atividades ser\u00e3o desenvolvidas na Casa da Mulher Paulista, nesta ter\u00e7a-feira,\" \/>\n<meta property=\"og:url\" content=\"https:\/\/regiaonews.net.br\/2022\/2024\/05\/27\/prefeitura-de-barretos-divulga-programacao-do-evento-querer-e-poder-o-toque-da-mulher-no-empreendedorismo\/\" \/>\n<meta property=\"og:site_name\" content=\"Regi\u00e3o News\" \/>\n<meta property=\"article:published_time\" content=\"2024-05-27T21:59:53+00:00\" \/>\n<meta property=\"og:image\" content=\"https:\/\/regiaonews.net.br\/2022\/wp-content\/uploads\/2024\/05\/WhatsApp-Image-2024-05-27-at-16.44.06.jpeg\" \/>\n\t<meta property=\"og:image:width\" content=\"902\" \/>\n\t<meta property=\"og:image:height\" content=\"1600\" \/>\n\t<meta property=\"og:image:type\" content=\"image\/jpeg\" \/>\n<meta name=\"author\" content=\"Roberto\" \/>\n<meta name=\"twitter:card\" content=\"summary_large_image\" \/>\n<meta name=\"twitter:label1\" content=\"Escrito por\" \/>\n\t<meta name=\"twitter:data1\" content=\"Roberto\" \/>\n\t<meta name=\"twitter:label2\" content=\"Est. tempo de leitura\" \/>\n\t<meta name=\"twitter:data2\" content=\"3 minutos\" \/>\n<script type=\"application\/ld+json\" class=\"yoast-schema-graph\">{\"@context\":\"https:\\\/\\\/schema.org\",\"@graph\":[{\"@type\":\"Article\",\"@id\":\"https:\\\/\\\/regiaonews.net.br\\\/2022\\\/2024\\\/05\\\/27\\\/prefeitura-de-barretos-divulga-programacao-do-evento-querer-e-poder-o-toque-da-mulher-no-empreendedorismo\\\/#article\",\"isPartOf\":{\"@id\":\"https:\\\/\\\/regiaonews.net.br\\\/2022\\\/2024\\\/05\\\/27\\\/prefeitura-de-barretos-divulga-programacao-do-evento-querer-e-poder-o-toque-da-mulher-no-empreendedorismo\\\/\"},\"author\":{\"name\":\"Roberto\",\"@id\":\"https:\\\/\\\/regiaonews.net.br\\\/2022\\\/#\\\/schema\\\/person\\\/2d205a608a5aa97ac279d7a5e6d89ad8\"},\"headline\":\"Prefeitura de Barretos divulga programa\u00e7\u00e3o do evento \u201cQuerer \u00e9 poder: o toque da mulher no empreendedorismo\u201d\",\"datePublished\":\"2024-05-27T21:59:53+00:00\",\"mainEntityOfPage\":{\"@id\":\"https:\\\/\\\/regiaonews.net.br\\\/2022\\\/2024\\\/05\\\/27\\\/prefeitura-de-barretos-divulga-programacao-do-evento-querer-e-poder-o-toque-da-mulher-no-empreendedorismo\\\/\"},\"wordCount\":452,\"commentCount\":0,\"publisher\":{\"@id\":\"https:\\\/\\\/regiaonews.net.br\\\/2022\\\/#organization\"},\"image\":{\"@id\":\"https:\\\/\\\/regiaonews.net.br\\\/2022\\\/2024\\\/05\\\/27\\\/prefeitura-de-barretos-divulga-programacao-do-evento-querer-e-poder-o-toque-da-mulher-no-empreendedorismo\\\/#primaryimage\"},\"thumbnailUrl\":\"https:\\\/\\\/regiaonews.net.br\\\/2022\\\/wp-content\\\/uploads\\\/2024\\\/05\\\/WhatsApp-Image-2024-05-27-at-16.44.06.jpeg\",\"articleSection\":[\"Barretos\",\"Cidades\"],\"inLanguage\":\"pt-BR\",\"potentialAction\":[{\"@type\":\"CommentAction\",\"name\":\"Comment\",\"target\":[\"https:\\\/\\\/regiaonews.net.br\\\/2022\\\/2024\\\/05\\\/27\\\/prefeitura-de-barretos-divulga-programacao-do-evento-querer-e-poder-o-toque-da-mulher-no-empreendedorismo\\\/#respond\"]}]},{\"@type\":\"WebPage\",\"@id\":\"https:\\\/\\\/regiaonews.net.br\\\/2022\\\/2024\\\/05\\\/27\\\/prefeitura-de-barretos-divulga-programacao-do-evento-querer-e-poder-o-toque-da-mulher-no-empreendedorismo\\\/\",\"url\":\"https:\\\/\\\/regiaonews.net.br\\\/2022\\\/2024\\\/05\\\/27\\\/prefeitura-de-barretos-divulga-programacao-do-evento-querer-e-poder-o-toque-da-mulher-no-empreendedorismo\\\/\",\"name\":\"Prefeitura de Barretos divulga programa\u00e7\u00e3o do evento \u201cQuerer \u00e9 poder: o toque da mulher no empreendedorismo\u201d - Regi\u00e3o News\",\"isPartOf\":{\"@id\":\"https:\\\/\\\/regiaonews.net.br\\\/2022\\\/#website\"},\"primaryImageOfPage\":{\"@id\":\"https:\\\/\\\/regiaonews.net.br\\\/2022\\\/2024\\\/05\\\/27\\\/prefeitura-de-barretos-divulga-programacao-do-evento-querer-e-poder-o-toque-da-mulher-no-empreendedorismo\\\/#primaryimage\"},\"image\":{\"@id\":\"https:\\\/\\\/regiaonews.net.br\\\/2022\\\/2024\\\/05\\\/27\\\/prefeitura-de-barretos-divulga-programacao-do-evento-querer-e-poder-o-toque-da-mulher-no-empreendedorismo\\\/#primaryimage\"},\"thumbnailUrl\":\"https:\\\/\\\/regiaonews.net.br\\\/2022\\\/wp-content\\\/uploads\\\/2024\\\/05\\\/WhatsApp-Image-2024-05-27-at-16.44.06.jpeg\",\"datePublished\":\"2024-05-27T21:59:53+00:00\",\"breadcrumb\":{\"@id\":\"https:\\\/\\\/regiaonews.net.br\\\/2022\\\/2024\\\/05\\\/27\\\/prefeitura-de-barretos-divulga-programacao-do-evento-querer-e-poder-o-toque-da-mulher-no-empreendedorismo\\\/#breadcrumb\"},\"inLanguage\":\"pt-BR\",\"potentialAction\":[{\"@type\":\"ReadAction\",\"target\":[\"https:\\\/\\\/regiaonews.net.br\\\/2022\\\/2024\\\/05\\\/27\\\/prefeitura-de-barretos-divulga-programacao-do-evento-querer-e-poder-o-toque-da-mulher-no-empreendedorismo\\\/\"]}]},{\"@type\":\"ImageObject\",\"inLanguage\":\"pt-BR\",\"@id\":\"https:\\\/\\\/regiaonews.net.br\\\/2022\\\/2024\\\/05\\\/27\\\/prefeitura-de-barretos-divulga-programacao-do-evento-querer-e-poder-o-toque-da-mulher-no-empreendedorismo\\\/#primaryimage\",\"url\":\"https:\\\/\\\/regiaonews.net.br\\\/2022\\\/wp-content\\\/uploads\\\/2024\\\/05\\\/WhatsApp-Image-2024-05-27-at-16.44.06.jpeg\",\"contentUrl\":\"https:\\\/\\\/regiaonews.net.br\\\/2022\\\/wp-content\\\/uploads\\\/2024\\\/05\\\/WhatsApp-Image-2024-05-27-at-16.44.06.jpeg\",\"width\":902,\"height\":1600},{\"@type\":\"BreadcrumbList\",\"@id\":\"https:\\\/\\\/regiaonews.net.br\\\/2022\\\/2024\\\/05\\\/27\\\/prefeitura-de-barretos-divulga-programacao-do-evento-querer-e-poder-o-toque-da-mulher-no-empreendedorismo\\\/#breadcrumb\",\"itemListElement\":[{\"@type\":\"ListItem\",\"position\":1,\"name\":\"In\u00edcio\",\"item\":\"https:\\\/\\\/regiaonews.net.br\\\/2022\\\/\"},{\"@type\":\"ListItem\",\"position\":2,\"name\":\"Prefeitura de Barretos divulga programa\u00e7\u00e3o do evento \u201cQuerer \u00e9 poder: o toque da mulher no empreendedorismo\u201d\"}]},{\"@type\":\"WebSite\",\"@id\":\"https:\\\/\\\/regiaonews.net.br\\\/2022\\\/#website\",\"url\":\"https:\\\/\\\/regiaonews.net.br\\\/2022\\\/\",\"name\":\"Regi\u00e3o News\",\"description\":\"Site de Not\u00edcias de Barretos e regi\u00e3o\",\"publisher\":{\"@id\":\"https:\\\/\\\/regiaonews.net.br\\\/2022\\\/#organization\"},\"potentialAction\":[{\"@type\":\"SearchAction\",\"target\":{\"@type\":\"EntryPoint\",\"urlTemplate\":\"https:\\\/\\\/regiaonews.net.br\\\/2022\\\/?s={search_term_string}\"},\"query-input\":{\"@type\":\"PropertyValueSpecification\",\"valueRequired\":true,\"valueName\":\"search_term_string\"}}],\"inLanguage\":\"pt-BR\"},{\"@type\":\"Organization\",\"@id\":\"https:\\\/\\\/regiaonews.net.br\\\/2022\\\/#organization\",\"name\":\"Regi\u00e3o News\",\"url\":\"https:\\\/\\\/regiaonews.net.br\\\/2022\\\/\",\"logo\":{\"@type\":\"ImageObject\",\"inLanguage\":\"pt-BR\",\"@id\":\"https:\\\/\\\/regiaonews.net.br\\\/2022\\\/#\\\/schema\\\/logo\\\/image\\\/\",\"url\":\"https:\\\/\\\/regiaonews.net.br\\\/2022\\\/wp-content\\\/uploads\\\/2026\\\/03\\\/regiao-13-anos-scaled.jpg\",\"contentUrl\":\"https:\\\/\\\/regiaonews.net.br\\\/2022\\\/wp-content\\\/uploads\\\/2026\\\/03\\\/regiao-13-anos-scaled.jpg\",\"width\":2560,\"height\":635,\"caption\":\"Regi\u00e3o News\"},\"image\":{\"@id\":\"https:\\\/\\\/regiaonews.net.br\\\/2022\\\/#\\\/schema\\\/logo\\\/image\\\/\"}},{\"@type\":\"Person\",\"@id\":\"https:\\\/\\\/regiaonews.net.br\\\/2022\\\/#\\\/schema\\\/person\\\/2d205a608a5aa97ac279d7a5e6d89ad8\",\"name\":\"Roberto\",\"image\":{\"@type\":\"ImageObject\",\"inLanguage\":\"pt-BR\",\"@id\":\"https:\\\/\\\/secure.gravatar.com\\\/avatar\\\/42749d8b712ff9d59ca93dc150494e5b55a44134482993f5baeb97e61b7ecc89?s=96&d=mm&r=g\",\"url\":\"https:\\\/\\\/secure.gravatar.com\\\/avatar\\\/42749d8b712ff9d59ca93dc150494e5b55a44134482993f5baeb97e61b7ecc89?s=96&d=mm&r=g\",\"contentUrl\":\"https:\\\/\\\/secure.gravatar.com\\\/avatar\\\/42749d8b712ff9d59ca93dc150494e5b55a44134482993f5baeb97e61b7ecc89?s=96&d=mm&r=g\",\"caption\":\"Roberto\"},\"url\":\"https:\\\/\\\/regiaonews.net.br\\\/2022\\\/author\\\/roberto\\\/\"}]}<\/script>\n<!-- \/ Yoast SEO plugin. -->","yoast_head_json":{"title":"Prefeitura de Barretos divulga programa\u00e7\u00e3o do evento \u201cQuerer \u00e9 poder: o toque da mulher no empreendedorismo\u201d - Regi\u00e3o News","robots":{"index":"index","follow":"follow","max-snippet":"max-snippet:-1","max-image-preview":"max-image-preview:large","max-video-preview":"max-video-preview:-1"},"canonical":"https:\/\/regiaonews.net.br\/2022\/2024\/05\/27\/prefeitura-de-barretos-divulga-programacao-do-evento-querer-e-poder-o-toque-da-mulher-no-empreendedorismo\/","og_locale":"pt_BR","og_type":"article","og_title":"Prefeitura de Barretos divulga programa\u00e7\u00e3o do evento \u201cQuerer \u00e9 poder: o toque da mulher no empreendedorismo\u201d - Regi\u00e3o News","og_description":"Atividades ser\u00e3o desenvolvidas na Casa da Mulher Paulista, nesta ter\u00e7a-feira,","og_url":"https:\/\/regiaonews.net.br\/2022\/2024\/05\/27\/prefeitura-de-barretos-divulga-programacao-do-evento-querer-e-poder-o-toque-da-mulher-no-empreendedorismo\/","og_site_name":"Regi\u00e3o News","article_published_time":"2024-05-27T21:59:53+00:00","og_image":[{"width":902,"height":1600,"url":"https:\/\/regiaonews.net.br\/2022\/wp-content\/uploads\/2024\/05\/WhatsApp-Image-2024-05-27-at-16.44.06.jpeg","type":"image\/jpeg"}],"author":"Roberto","twitter_card":"summary_large_image","twitter_misc":{"Escrito por":"Roberto","Est. tempo de leitura":"3 minutos"},"schema":{"@context":"https:\/\/schema.org","@graph":[{"@type":"Article","@id":"https:\/\/regiaonews.net.br\/2022\/2024\/05\/27\/prefeitura-de-barretos-divulga-programacao-do-evento-querer-e-poder-o-toque-da-mulher-no-empreendedorismo\/#article","isPartOf":{"@id":"https:\/\/regiaonews.net.br\/2022\/2024\/05\/27\/prefeitura-de-barretos-divulga-programacao-do-evento-querer-e-poder-o-toque-da-mulher-no-empreendedorismo\/"},"author":{"name":"Roberto","@id":"https:\/\/regiaonews.net.br\/2022\/#\/schema\/person\/2d205a608a5aa97ac279d7a5e6d89ad8"},"headline":"Prefeitura de Barretos divulga programa\u00e7\u00e3o do evento \u201cQuerer \u00e9 poder: o toque da mulher no empreendedorismo\u201d","datePublished":"2024-05-27T21:59:53+00:00","mainEntityOfPage":{"@id":"https:\/\/regiaonews.net.br\/2022\/2024\/05\/27\/prefeitura-de-barretos-divulga-programacao-do-evento-querer-e-poder-o-toque-da-mulher-no-empreendedorismo\/"},"wordCount":452,"commentCount":0,"publisher":{"@id":"https:\/\/regiaonews.net.br\/2022\/#organization"},"image":{"@id":"https:\/\/regiaonews.net.br\/2022\/2024\/05\/27\/prefeitura-de-barretos-divulga-programacao-do-evento-querer-e-poder-o-toque-da-mulher-no-empreendedorismo\/#primaryimage"},"thumbnailUrl":"https:\/\/regiaonews.net.br\/2022\/wp-content\/uploads\/2024\/05\/WhatsApp-Image-2024-05-27-at-16.44.06.jpeg","articleSection":["Barretos","Cidades"],"inLanguage":"pt-BR","potentialAction":[{"@type":"CommentAction","name":"Comment","target":["https:\/\/regiaonews.net.br\/2022\/2024\/05\/27\/prefeitura-de-barretos-divulga-programacao-do-evento-querer-e-poder-o-toque-da-mulher-no-empreendedorismo\/#respond"]}]},{"@type":"WebPage","@id":"https:\/\/regiaonews.net.br\/2022\/2024\/05\/27\/prefeitura-de-barretos-divulga-programacao-do-evento-querer-e-poder-o-toque-da-mulher-no-empreendedorismo\/","url":"https:\/\/regiaonews.net.br\/2022\/2024\/05\/27\/prefeitura-de-barretos-divulga-programacao-do-evento-querer-e-poder-o-toque-da-mulher-no-empreendedorismo\/","name":"Prefeitura de Barretos divulga programa\u00e7\u00e3o do evento \u201cQuerer \u00e9 poder: o toque da mulher no empreendedorismo\u201d - Regi\u00e3o News","isPartOf":{"@id":"https:\/\/regiaonews.net.br\/2022\/#website"},"primaryImageOfPage":{"@id":"https:\/\/regiaonews.net.br\/2022\/2024\/05\/27\/prefeitura-de-barretos-divulga-programacao-do-evento-querer-e-poder-o-toque-da-mulher-no-empreendedorismo\/#primaryimage"},"image":{"@id":"https:\/\/regiaonews.net.br\/2022\/2024\/05\/27\/prefeitura-de-barretos-divulga-programacao-do-evento-querer-e-poder-o-toque-da-mulher-no-empreendedorismo\/#primaryimage"},"thumbnailUrl":"https:\/\/regiaonews.net.br\/2022\/wp-content\/uploads\/2024\/05\/WhatsApp-Image-2024-05-27-at-16.44.06.jpeg","datePublished":"2024-05-27T21:59:53+00:00","breadcrumb":{"@id":"https:\/\/regiaonews.net.br\/2022\/2024\/05\/27\/prefeitura-de-barretos-divulga-programacao-do-evento-querer-e-poder-o-toque-da-mulher-no-empreendedorismo\/#breadcrumb"},"inLanguage":"pt-BR","potentialAction":[{"@type":"ReadAction","target":["https:\/\/regiaonews.net.br\/2022\/2024\/05\/27\/prefeitura-de-barretos-divulga-programacao-do-evento-querer-e-poder-o-toque-da-mulher-no-empreendedorismo\/"]}]},{"@type":"ImageObject","inLanguage":"pt-BR","@id":"https:\/\/regiaonews.net.br\/2022\/2024\/05\/27\/prefeitura-de-barretos-divulga-programacao-do-evento-querer-e-poder-o-toque-da-mulher-no-empreendedorismo\/#primaryimage","url":"https:\/\/regiaonews.net.br\/2022\/wp-content\/uploads\/2024\/05\/WhatsApp-Image-2024-05-27-at-16.44.06.jpeg","contentUrl":"https:\/\/regiaonews.net.br\/2022\/wp-content\/uploads\/2024\/05\/WhatsApp-Image-2024-05-27-at-16.44.06.jpeg","width":902,"height":1600},{"@type":"BreadcrumbList","@id":"https:\/\/regiaonews.net.br\/2022\/2024\/05\/27\/prefeitura-de-barretos-divulga-programacao-do-evento-querer-e-poder-o-toque-da-mulher-no-empreendedorismo\/#breadcrumb","itemListElement":[{"@type":"ListItem","position":1,"name":"In\u00edcio","item":"https:\/\/regiaonews.net.br\/2022\/"},{"@type":"ListItem","position":2,"name":"Prefeitura de Barretos divulga programa\u00e7\u00e3o do evento \u201cQuerer \u00e9 poder: o toque da mulher no empreendedorismo\u201d"}]},{"@type":"WebSite","@id":"https:\/\/regiaonews.net.br\/2022\/#website","url":"https:\/\/regiaonews.net.br\/2022\/","name":"Regi\u00e3o News","description":"Site de Not\u00edcias de Barretos e regi\u00e3o","publisher":{"@id":"https:\/\/regiaonews.net.br\/2022\/#organization"},"potentialAction":[{"@type":"SearchAction","target":{"@type":"EntryPoint","urlTemplate":"https:\/\/regiaonews.net.br\/2022\/?s={search_term_string}"},"query-input":{"@type":"PropertyValueSpecification","valueRequired":true,"valueName":"search_term_string"}}],"inLanguage":"pt-BR"},{"@type":"Organization","@id":"https:\/\/regiaonews.net.br\/2022\/#organization","name":"Regi\u00e3o News","url":"https:\/\/regiaonews.net.br\/2022\/","logo":{"@type":"ImageObject","inLanguage":"pt-BR","@id":"https:\/\/regiaonews.net.br\/2022\/#\/schema\/logo\/image\/","url":"https:\/\/regiaonews.net.br\/2022\/wp-content\/uploads\/2026\/03\/regiao-13-anos-scaled.jpg","contentUrl":"https:\/\/regiaonews.net.br\/2022\/wp-content\/uploads\/2026\/03\/regiao-13-anos-scaled.jpg","width":2560,"height":635,"caption":"Regi\u00e3o News"},"image":{"@id":"https:\/\/regiaonews.net.br\/2022\/#\/schema\/logo\/image\/"}},{"@type":"Person","@id":"https:\/\/regiaonews.net.br\/2022\/#\/schema\/person\/2d205a608a5aa97ac279d7a5e6d89ad8","name":"Roberto","image":{"@type":"ImageObject","inLanguage":"pt-BR","@id":"https:\/\/secure.gravatar.com\/avatar\/42749d8b712ff9d59ca93dc150494e5b55a44134482993f5baeb97e61b7ecc89?s=96&d=mm&r=g","url":"https:\/\/secure.gravatar.com\/avatar\/42749d8b712ff9d59ca93dc150494e5b55a44134482993f5baeb97e61b7ecc89?s=96&d=mm&r=g","contentUrl":"https:\/\/secure.gravatar.com\/avatar\/42749d8b712ff9d59ca93dc150494e5b55a44134482993f5baeb97e61b7ecc89?s=96&d=mm&r=g","caption":"Roberto"},"url":"https:\/\/regiaonews.net.br\/2022\/author\/roberto\/"}]}},"publishpress_future_action":{"enabled":false,"date":"2026-05-03 06:48:18","action":"change-status","newStatus":"draft","terms":[],"taxonomy":"category","extraData":[]},"publishpress_future_workflow_manual_trigger":{"enabledWorkflows":[]},"_links":{"self":[{"href":"https:\/\/regiaonews.net.br\/2022\/wp-json\/wp\/v2\/posts\/105520","targetHints":{"allow":["GET"]}}],"collection":[{"href":"https:\/\/regiaonews.net.br\/2022\/wp-json\/wp\/v2\/posts"}],"about":[{"href":"https:\/\/regiaonews.net.br\/2022\/wp-json\/wp\/v2\/types\/post"}],"author":[{"embeddable":true,"href":"https:\/\/regiaonews.net.br\/2022\/wp-json\/wp\/v2\/users\/2"}],"replies":[{"embeddable":true,"href":"https:\/\/regiaonews.net.br\/2022\/wp-json\/wp\/v2\/comments?post=105520"}],"version-history":[{"count":1,"href":"https:\/\/regiaonews.net.br\/2022\/wp-json\/wp\/v2\/posts\/105520\/revisions"}],"predecessor-version":[{"id":105522,"href":"https:\/\/regiaonews.net.br\/2022\/wp-json\/wp\/v2\/posts\/105520\/revisions\/105522"}],"wp:featuredmedia":[{"embeddable":true,"href":"https:\/\/regiaonews.net.br\/2022\/wp-json\/wp\/v2\/media\/105521"}],"wp:attachment":[{"href":"https:\/\/regiaonews.net.br\/2022\/wp-json\/wp\/v2\/media?parent=105520"}],"wp:term":[{"taxonomy":"category","embeddable":true,"href":"https:\/\/regiaonews.net.br\/2022\/wp-json\/wp\/v2\/categories?post=105520"},{"taxonomy":"post_tag","embeddable":true,"href":"https:\/\/regiaonews.net.br\/2022\/wp-json\/wp\/v2\/tags?post=105520"}],"curies":[{"name":"wp","href":"https:\/\/api.w.org\/{rel}","templated":true}]}}