{"id":105514,"date":"2024-05-27T14:25:14","date_gmt":"2024-05-27T17:25:14","guid":{"rendered":"https:\/\/regiaonews.net.br\/2022\/?p=105514"},"modified":"2024-05-27T14:25:14","modified_gmt":"2024-05-27T17:25:14","slug":"barretos-estende-vacinacao-contra-a-dengue-para-ate-14-anos","status":"publish","type":"post","link":"https:\/\/regiaonews.net.br\/2022\/2024\/05\/27\/barretos-estende-vacinacao-contra-a-dengue-para-ate-14-anos\/","title":{"rendered":"Barretos estende vacina\u00e7\u00e3o contra a dengue para at\u00e9 14 anos"},"content":{"rendered":"<h3 style=\"text-align: center;\">Todas as UBSs e o Post\u00e3o aplicam essa vacina. At\u00e9 quarta-feira, nas UBSs Mar\u00edlia e Barretos 2 tem vacina\u00e7\u00e3o noturna, at\u00e9 as 20h<\/h3>\n<p>Em Barretos, a Secretaria Municipal de Sa\u00fade, seguindo a orienta\u00e7\u00e3o estadual, estendeu o p\u00fablico que pode se vacinar contra a dengue. A partir desta segunda-feira, 27, a vacina est\u00e1 dispon\u00edvel para crian\u00e7as e adolescentes de 10 a 14 anos.<\/p>\n<p>Nesta semana, a vacina\u00e7\u00e3o ser\u00e1 realizada at\u00e9 quarta-feira, 29, nas Unidades B\u00e1sicas de Sa\u00fades (UBSs), das 8 \u00e0s 16h, e no Post\u00e3o (ARE I), das 7 \u00e0s 12h. Nas UBSs Mar\u00edlia e Barretos 2, tem vacina\u00e7\u00e3o noturna, at\u00e9 as 20h.<\/p>\n<p>Inaugurada na tarde desta segunda-feira, a UBS do bairro San Diego II passar\u00e1 a aplicar vacinas na quarta-feira, dia 29.<\/p>\n<p>Recomenda\u00e7\u00f5es e doses<\/p>\n<p>Essa vacina deve ser tomada em duas doses, com intervalo de tr\u00eas meses entre elas, e deve ser aplicada com intervalo de pelo menos 24h para outras vacinas. Se a crian\u00e7a ou adolescente teve dengue recentemente, recomenda-se o intervalo de seis meses entre a infec\u00e7\u00e3o e a aplica\u00e7\u00e3o da primeira dose da vacina.<\/p>\n<p>\u00c9 recomendada tanto para quem que nunca teve a doen\u00e7a, quanto para quem j\u00e1 teve. Ela n\u00e3o \u00e9 indicada para crian\u00e7as menores de 4 anos e pessoas a partir de 60 anos de idade.<\/p>\n<p>Todos contra a dengue<br \/>\n\u00c9 importante lembrar que a vacina protege contra a dengue, mas combater a doen\u00e7a \u00e9 papel de todos: locais que podem acumular \u00e1gua parada devem ser eliminados para impedir que o mosquito transmissor se reproduza.<\/p>\n<p>Outras vacinas<br \/>\nAl\u00e9m da vacina contra a dengue, segue a campanha de vacina\u00e7\u00e3o contra a gripe. Os profissionais de sa\u00fade verificam a carteirinha, orientando a popula\u00e7\u00e3o a colocar em dia outras vacinas de rotina, se estiverem em atraso.<\/p>\n<p>A vacina contra a gripe est\u00e1 dispon\u00edvel para todas as pessoas a partir de seis meses de idade.<\/p>\n<p>Servi\u00e7o:<\/p>\n<p>Assunto: Vacina\u00e7\u00e3o contra a dengue em hor\u00e1rio estendido<\/p>\n<p>P\u00fablico: Crian\u00e7as de 10 a 14 anos<\/p>\n<p>Dias da semana, hor\u00e1rios e locais:<\/p>\n<p>Per\u00edodo: De 27 a 29 de maio<\/p>\n<p>Todas as UBSs \u2013 das 8 \u00e0s 16h;<br \/>\nPost\u00e3o (ARE I) \u2013 das 8 \u00e0s 12h.<\/p>\n<p>Vacina\u00e7\u00e3o noturna:<\/p>\n<p>UBSs Mar\u00edlia e Barretos 2 \u2013 at\u00e9 20h<\/p>\n<p>Assimp-369-2024<br \/>\nReda\u00e7\u00e3o: Everton Sylvestre\/Assessoria de Imprensa<br \/>\nArte:\u00a0Tiago\u00a0Cardoso<\/p>\n","protected":false},"excerpt":{"rendered":"<p>Todas as UBSs e o Post\u00e3o aplicam essa vacina. At\u00e9<\/p>\n","protected":false},"author":2,"featured_media":105515,"comment_status":"open","ping_status":"open","sticky":false,"template":"","format":"standard","meta":{"footnotes":""},"categories":[14,3],"tags":[],"class_list":["post-105514","post","type-post","status-publish","format-standard","has-post-thumbnail","hentry","category-barretos","category-geral"],"yoast_head":"<!-- This site is optimized with the Yoast SEO plugin v27.4 - https:\/\/yoast.com\/product\/yoast-seo-wordpress\/ -->\n<title>Barretos estende vacina\u00e7\u00e3o contra a dengue para at\u00e9 14 anos - Regi\u00e3o News<\/title>\n<meta name=\"robots\" content=\"index, follow, max-snippet:-1, max-image-preview:large, max-video-preview:-1\" \/>\n<link rel=\"canonical\" href=\"https:\/\/regiaonews.net.br\/2022\/2024\/05\/27\/barretos-estende-vacinacao-contra-a-dengue-para-ate-14-anos\/\" \/>\n<meta property=\"og:locale\" content=\"pt_BR\" \/>\n<meta property=\"og:type\" content=\"article\" \/>\n<meta property=\"og:title\" content=\"Barretos estende vacina\u00e7\u00e3o contra a dengue para at\u00e9 14 anos - Regi\u00e3o News\" \/>\n<meta property=\"og:description\" content=\"Todas as UBSs e o Post\u00e3o aplicam essa vacina. At\u00e9\" \/>\n<meta property=\"og:url\" content=\"https:\/\/regiaonews.net.br\/2022\/2024\/05\/27\/barretos-estende-vacinacao-contra-a-dengue-para-ate-14-anos\/\" \/>\n<meta property=\"og:site_name\" content=\"Regi\u00e3o News\" \/>\n<meta property=\"article:published_time\" content=\"2024-05-27T17:25:14+00:00\" \/>\n<meta property=\"og:image\" content=\"https:\/\/regiaonews.net.br\/2022\/wp-content\/uploads\/2024\/05\/Imagem-do-WhatsApp-de-2024-05-27-as-12.54.24_09a77598.jpg\" \/>\n\t<meta property=\"og:image:width\" content=\"1083\" \/>\n\t<meta property=\"og:image:height\" content=\"1084\" \/>\n\t<meta property=\"og:image:type\" content=\"image\/jpeg\" \/>\n<meta name=\"author\" content=\"Roberto\" \/>\n<meta name=\"twitter:card\" content=\"summary_large_image\" \/>\n<meta name=\"twitter:label1\" content=\"Escrito por\" \/>\n\t<meta name=\"twitter:data1\" content=\"Roberto\" \/>\n\t<meta name=\"twitter:label2\" content=\"Est. tempo de leitura\" \/>\n\t<meta name=\"twitter:data2\" content=\"3 minutos\" \/>\n<script type=\"application\/ld+json\" class=\"yoast-schema-graph\">{\"@context\":\"https:\\\/\\\/schema.org\",\"@graph\":[{\"@type\":\"Article\",\"@id\":\"https:\\\/\\\/regiaonews.net.br\\\/2022\\\/2024\\\/05\\\/27\\\/barretos-estende-vacinacao-contra-a-dengue-para-ate-14-anos\\\/#article\",\"isPartOf\":{\"@id\":\"https:\\\/\\\/regiaonews.net.br\\\/2022\\\/2024\\\/05\\\/27\\\/barretos-estende-vacinacao-contra-a-dengue-para-ate-14-anos\\\/\"},\"author\":{\"name\":\"Roberto\",\"@id\":\"https:\\\/\\\/regiaonews.net.br\\\/2022\\\/#\\\/schema\\\/person\\\/2d205a608a5aa97ac279d7a5e6d89ad8\"},\"headline\":\"Barretos estende vacina\u00e7\u00e3o contra a dengue para at\u00e9 14 anos\",\"datePublished\":\"2024-05-27T17:25:14+00:00\",\"mainEntityOfPage\":{\"@id\":\"https:\\\/\\\/regiaonews.net.br\\\/2022\\\/2024\\\/05\\\/27\\\/barretos-estende-vacinacao-contra-a-dengue-para-ate-14-anos\\\/\"},\"wordCount\":397,\"commentCount\":0,\"publisher\":{\"@id\":\"https:\\\/\\\/regiaonews.net.br\\\/2022\\\/#organization\"},\"image\":{\"@id\":\"https:\\\/\\\/regiaonews.net.br\\\/2022\\\/2024\\\/05\\\/27\\\/barretos-estende-vacinacao-contra-a-dengue-para-ate-14-anos\\\/#primaryimage\"},\"thumbnailUrl\":\"https:\\\/\\\/regiaonews.net.br\\\/2022\\\/wp-content\\\/uploads\\\/2024\\\/05\\\/Imagem-do-WhatsApp-de-2024-05-27-as-12.54.24_09a77598.jpg\",\"articleSection\":[\"Barretos\",\"Geral\"],\"inLanguage\":\"pt-BR\",\"potentialAction\":[{\"@type\":\"CommentAction\",\"name\":\"Comment\",\"target\":[\"https:\\\/\\\/regiaonews.net.br\\\/2022\\\/2024\\\/05\\\/27\\\/barretos-estende-vacinacao-contra-a-dengue-para-ate-14-anos\\\/#respond\"]}]},{\"@type\":\"WebPage\",\"@id\":\"https:\\\/\\\/regiaonews.net.br\\\/2022\\\/2024\\\/05\\\/27\\\/barretos-estende-vacinacao-contra-a-dengue-para-ate-14-anos\\\/\",\"url\":\"https:\\\/\\\/regiaonews.net.br\\\/2022\\\/2024\\\/05\\\/27\\\/barretos-estende-vacinacao-contra-a-dengue-para-ate-14-anos\\\/\",\"name\":\"Barretos estende vacina\u00e7\u00e3o contra a dengue para at\u00e9 14 anos - Regi\u00e3o News\",\"isPartOf\":{\"@id\":\"https:\\\/\\\/regiaonews.net.br\\\/2022\\\/#website\"},\"primaryImageOfPage\":{\"@id\":\"https:\\\/\\\/regiaonews.net.br\\\/2022\\\/2024\\\/05\\\/27\\\/barretos-estende-vacinacao-contra-a-dengue-para-ate-14-anos\\\/#primaryimage\"},\"image\":{\"@id\":\"https:\\\/\\\/regiaonews.net.br\\\/2022\\\/2024\\\/05\\\/27\\\/barretos-estende-vacinacao-contra-a-dengue-para-ate-14-anos\\\/#primaryimage\"},\"thumbnailUrl\":\"https:\\\/\\\/regiaonews.net.br\\\/2022\\\/wp-content\\\/uploads\\\/2024\\\/05\\\/Imagem-do-WhatsApp-de-2024-05-27-as-12.54.24_09a77598.jpg\",\"datePublished\":\"2024-05-27T17:25:14+00:00\",\"breadcrumb\":{\"@id\":\"https:\\\/\\\/regiaonews.net.br\\\/2022\\\/2024\\\/05\\\/27\\\/barretos-estende-vacinacao-contra-a-dengue-para-ate-14-anos\\\/#breadcrumb\"},\"inLanguage\":\"pt-BR\",\"potentialAction\":[{\"@type\":\"ReadAction\",\"target\":[\"https:\\\/\\\/regiaonews.net.br\\\/2022\\\/2024\\\/05\\\/27\\\/barretos-estende-vacinacao-contra-a-dengue-para-ate-14-anos\\\/\"]}]},{\"@type\":\"ImageObject\",\"inLanguage\":\"pt-BR\",\"@id\":\"https:\\\/\\\/regiaonews.net.br\\\/2022\\\/2024\\\/05\\\/27\\\/barretos-estende-vacinacao-contra-a-dengue-para-ate-14-anos\\\/#primaryimage\",\"url\":\"https:\\\/\\\/regiaonews.net.br\\\/2022\\\/wp-content\\\/uploads\\\/2024\\\/05\\\/Imagem-do-WhatsApp-de-2024-05-27-as-12.54.24_09a77598.jpg\",\"contentUrl\":\"https:\\\/\\\/regiaonews.net.br\\\/2022\\\/wp-content\\\/uploads\\\/2024\\\/05\\\/Imagem-do-WhatsApp-de-2024-05-27-as-12.54.24_09a77598.jpg\",\"width\":1083,\"height\":1084},{\"@type\":\"BreadcrumbList\",\"@id\":\"https:\\\/\\\/regiaonews.net.br\\\/2022\\\/2024\\\/05\\\/27\\\/barretos-estende-vacinacao-contra-a-dengue-para-ate-14-anos\\\/#breadcrumb\",\"itemListElement\":[{\"@type\":\"ListItem\",\"position\":1,\"name\":\"In\u00edcio\",\"item\":\"https:\\\/\\\/regiaonews.net.br\\\/2022\\\/\"},{\"@type\":\"ListItem\",\"position\":2,\"name\":\"Barretos estende vacina\u00e7\u00e3o contra a dengue para at\u00e9 14 anos\"}]},{\"@type\":\"WebSite\",\"@id\":\"https:\\\/\\\/regiaonews.net.br\\\/2022\\\/#website\",\"url\":\"https:\\\/\\\/regiaonews.net.br\\\/2022\\\/\",\"name\":\"Regi\u00e3o News\",\"description\":\"Site de Not\u00edcias de Barretos e regi\u00e3o\",\"publisher\":{\"@id\":\"https:\\\/\\\/regiaonews.net.br\\\/2022\\\/#organization\"},\"potentialAction\":[{\"@type\":\"SearchAction\",\"target\":{\"@type\":\"EntryPoint\",\"urlTemplate\":\"https:\\\/\\\/regiaonews.net.br\\\/2022\\\/?s={search_term_string}\"},\"query-input\":{\"@type\":\"PropertyValueSpecification\",\"valueRequired\":true,\"valueName\":\"search_term_string\"}}],\"inLanguage\":\"pt-BR\"},{\"@type\":\"Organization\",\"@id\":\"https:\\\/\\\/regiaonews.net.br\\\/2022\\\/#organization\",\"name\":\"Regi\u00e3o News\",\"url\":\"https:\\\/\\\/regiaonews.net.br\\\/2022\\\/\",\"logo\":{\"@type\":\"ImageObject\",\"inLanguage\":\"pt-BR\",\"@id\":\"https:\\\/\\\/regiaonews.net.br\\\/2022\\\/#\\\/schema\\\/logo\\\/image\\\/\",\"url\":\"https:\\\/\\\/regiaonews.net.br\\\/2022\\\/wp-content\\\/uploads\\\/2026\\\/03\\\/regiao-13-anos-scaled.jpg\",\"contentUrl\":\"https:\\\/\\\/regiaonews.net.br\\\/2022\\\/wp-content\\\/uploads\\\/2026\\\/03\\\/regiao-13-anos-scaled.jpg\",\"width\":2560,\"height\":635,\"caption\":\"Regi\u00e3o News\"},\"image\":{\"@id\":\"https:\\\/\\\/regiaonews.net.br\\\/2022\\\/#\\\/schema\\\/logo\\\/image\\\/\"}},{\"@type\":\"Person\",\"@id\":\"https:\\\/\\\/regiaonews.net.br\\\/2022\\\/#\\\/schema\\\/person\\\/2d205a608a5aa97ac279d7a5e6d89ad8\",\"name\":\"Roberto\",\"image\":{\"@type\":\"ImageObject\",\"inLanguage\":\"pt-BR\",\"@id\":\"https:\\\/\\\/secure.gravatar.com\\\/avatar\\\/42749d8b712ff9d59ca93dc150494e5b55a44134482993f5baeb97e61b7ecc89?s=96&d=mm&r=g\",\"url\":\"https:\\\/\\\/secure.gravatar.com\\\/avatar\\\/42749d8b712ff9d59ca93dc150494e5b55a44134482993f5baeb97e61b7ecc89?s=96&d=mm&r=g\",\"contentUrl\":\"https:\\\/\\\/secure.gravatar.com\\\/avatar\\\/42749d8b712ff9d59ca93dc150494e5b55a44134482993f5baeb97e61b7ecc89?s=96&d=mm&r=g\",\"caption\":\"Roberto\"},\"url\":\"https:\\\/\\\/regiaonews.net.br\\\/2022\\\/author\\\/roberto\\\/\"}]}<\/script>\n<!-- \/ Yoast SEO plugin. -->","yoast_head_json":{"title":"Barretos estende vacina\u00e7\u00e3o contra a dengue para at\u00e9 14 anos - Regi\u00e3o News","robots":{"index":"index","follow":"follow","max-snippet":"max-snippet:-1","max-image-preview":"max-image-preview:large","max-video-preview":"max-video-preview:-1"},"canonical":"https:\/\/regiaonews.net.br\/2022\/2024\/05\/27\/barretos-estende-vacinacao-contra-a-dengue-para-ate-14-anos\/","og_locale":"pt_BR","og_type":"article","og_title":"Barretos estende vacina\u00e7\u00e3o contra a dengue para at\u00e9 14 anos - Regi\u00e3o News","og_description":"Todas as UBSs e o Post\u00e3o aplicam essa vacina. At\u00e9","og_url":"https:\/\/regiaonews.net.br\/2022\/2024\/05\/27\/barretos-estende-vacinacao-contra-a-dengue-para-ate-14-anos\/","og_site_name":"Regi\u00e3o News","article_published_time":"2024-05-27T17:25:14+00:00","og_image":[{"width":1083,"height":1084,"url":"https:\/\/regiaonews.net.br\/2022\/wp-content\/uploads\/2024\/05\/Imagem-do-WhatsApp-de-2024-05-27-as-12.54.24_09a77598.jpg","type":"image\/jpeg"}],"author":"Roberto","twitter_card":"summary_large_image","twitter_misc":{"Escrito por":"Roberto","Est. tempo de leitura":"3 minutos"},"schema":{"@context":"https:\/\/schema.org","@graph":[{"@type":"Article","@id":"https:\/\/regiaonews.net.br\/2022\/2024\/05\/27\/barretos-estende-vacinacao-contra-a-dengue-para-ate-14-anos\/#article","isPartOf":{"@id":"https:\/\/regiaonews.net.br\/2022\/2024\/05\/27\/barretos-estende-vacinacao-contra-a-dengue-para-ate-14-anos\/"},"author":{"name":"Roberto","@id":"https:\/\/regiaonews.net.br\/2022\/#\/schema\/person\/2d205a608a5aa97ac279d7a5e6d89ad8"},"headline":"Barretos estende vacina\u00e7\u00e3o contra a dengue para at\u00e9 14 anos","datePublished":"2024-05-27T17:25:14+00:00","mainEntityOfPage":{"@id":"https:\/\/regiaonews.net.br\/2022\/2024\/05\/27\/barretos-estende-vacinacao-contra-a-dengue-para-ate-14-anos\/"},"wordCount":397,"commentCount":0,"publisher":{"@id":"https:\/\/regiaonews.net.br\/2022\/#organization"},"image":{"@id":"https:\/\/regiaonews.net.br\/2022\/2024\/05\/27\/barretos-estende-vacinacao-contra-a-dengue-para-ate-14-anos\/#primaryimage"},"thumbnailUrl":"https:\/\/regiaonews.net.br\/2022\/wp-content\/uploads\/2024\/05\/Imagem-do-WhatsApp-de-2024-05-27-as-12.54.24_09a77598.jpg","articleSection":["Barretos","Geral"],"inLanguage":"pt-BR","potentialAction":[{"@type":"CommentAction","name":"Comment","target":["https:\/\/regiaonews.net.br\/2022\/2024\/05\/27\/barretos-estende-vacinacao-contra-a-dengue-para-ate-14-anos\/#respond"]}]},{"@type":"WebPage","@id":"https:\/\/regiaonews.net.br\/2022\/2024\/05\/27\/barretos-estende-vacinacao-contra-a-dengue-para-ate-14-anos\/","url":"https:\/\/regiaonews.net.br\/2022\/2024\/05\/27\/barretos-estende-vacinacao-contra-a-dengue-para-ate-14-anos\/","name":"Barretos estende vacina\u00e7\u00e3o contra a dengue para at\u00e9 14 anos - Regi\u00e3o News","isPartOf":{"@id":"https:\/\/regiaonews.net.br\/2022\/#website"},"primaryImageOfPage":{"@id":"https:\/\/regiaonews.net.br\/2022\/2024\/05\/27\/barretos-estende-vacinacao-contra-a-dengue-para-ate-14-anos\/#primaryimage"},"image":{"@id":"https:\/\/regiaonews.net.br\/2022\/2024\/05\/27\/barretos-estende-vacinacao-contra-a-dengue-para-ate-14-anos\/#primaryimage"},"thumbnailUrl":"https:\/\/regiaonews.net.br\/2022\/wp-content\/uploads\/2024\/05\/Imagem-do-WhatsApp-de-2024-05-27-as-12.54.24_09a77598.jpg","datePublished":"2024-05-27T17:25:14+00:00","breadcrumb":{"@id":"https:\/\/regiaonews.net.br\/2022\/2024\/05\/27\/barretos-estende-vacinacao-contra-a-dengue-para-ate-14-anos\/#breadcrumb"},"inLanguage":"pt-BR","potentialAction":[{"@type":"ReadAction","target":["https:\/\/regiaonews.net.br\/2022\/2024\/05\/27\/barretos-estende-vacinacao-contra-a-dengue-para-ate-14-anos\/"]}]},{"@type":"ImageObject","inLanguage":"pt-BR","@id":"https:\/\/regiaonews.net.br\/2022\/2024\/05\/27\/barretos-estende-vacinacao-contra-a-dengue-para-ate-14-anos\/#primaryimage","url":"https:\/\/regiaonews.net.br\/2022\/wp-content\/uploads\/2024\/05\/Imagem-do-WhatsApp-de-2024-05-27-as-12.54.24_09a77598.jpg","contentUrl":"https:\/\/regiaonews.net.br\/2022\/wp-content\/uploads\/2024\/05\/Imagem-do-WhatsApp-de-2024-05-27-as-12.54.24_09a77598.jpg","width":1083,"height":1084},{"@type":"BreadcrumbList","@id":"https:\/\/regiaonews.net.br\/2022\/2024\/05\/27\/barretos-estende-vacinacao-contra-a-dengue-para-ate-14-anos\/#breadcrumb","itemListElement":[{"@type":"ListItem","position":1,"name":"In\u00edcio","item":"https:\/\/regiaonews.net.br\/2022\/"},{"@type":"ListItem","position":2,"name":"Barretos estende vacina\u00e7\u00e3o contra a dengue para at\u00e9 14 anos"}]},{"@type":"WebSite","@id":"https:\/\/regiaonews.net.br\/2022\/#website","url":"https:\/\/regiaonews.net.br\/2022\/","name":"Regi\u00e3o News","description":"Site de Not\u00edcias de Barretos e regi\u00e3o","publisher":{"@id":"https:\/\/regiaonews.net.br\/2022\/#organization"},"potentialAction":[{"@type":"SearchAction","target":{"@type":"EntryPoint","urlTemplate":"https:\/\/regiaonews.net.br\/2022\/?s={search_term_string}"},"query-input":{"@type":"PropertyValueSpecification","valueRequired":true,"valueName":"search_term_string"}}],"inLanguage":"pt-BR"},{"@type":"Organization","@id":"https:\/\/regiaonews.net.br\/2022\/#organization","name":"Regi\u00e3o News","url":"https:\/\/regiaonews.net.br\/2022\/","logo":{"@type":"ImageObject","inLanguage":"pt-BR","@id":"https:\/\/regiaonews.net.br\/2022\/#\/schema\/logo\/image\/","url":"https:\/\/regiaonews.net.br\/2022\/wp-content\/uploads\/2026\/03\/regiao-13-anos-scaled.jpg","contentUrl":"https:\/\/regiaonews.net.br\/2022\/wp-content\/uploads\/2026\/03\/regiao-13-anos-scaled.jpg","width":2560,"height":635,"caption":"Regi\u00e3o News"},"image":{"@id":"https:\/\/regiaonews.net.br\/2022\/#\/schema\/logo\/image\/"}},{"@type":"Person","@id":"https:\/\/regiaonews.net.br\/2022\/#\/schema\/person\/2d205a608a5aa97ac279d7a5e6d89ad8","name":"Roberto","image":{"@type":"ImageObject","inLanguage":"pt-BR","@id":"https:\/\/secure.gravatar.com\/avatar\/42749d8b712ff9d59ca93dc150494e5b55a44134482993f5baeb97e61b7ecc89?s=96&d=mm&r=g","url":"https:\/\/secure.gravatar.com\/avatar\/42749d8b712ff9d59ca93dc150494e5b55a44134482993f5baeb97e61b7ecc89?s=96&d=mm&r=g","contentUrl":"https:\/\/secure.gravatar.com\/avatar\/42749d8b712ff9d59ca93dc150494e5b55a44134482993f5baeb97e61b7ecc89?s=96&d=mm&r=g","caption":"Roberto"},"url":"https:\/\/regiaonews.net.br\/2022\/author\/roberto\/"}]}},"publishpress_future_action":{"enabled":false,"date":"2026-05-03 10:13:52","action":"change-status","newStatus":"draft","terms":[],"taxonomy":"category","extraData":[]},"publishpress_future_workflow_manual_trigger":{"enabledWorkflows":[]},"_links":{"self":[{"href":"https:\/\/regiaonews.net.br\/2022\/wp-json\/wp\/v2\/posts\/105514","targetHints":{"allow":["GET"]}}],"collection":[{"href":"https:\/\/regiaonews.net.br\/2022\/wp-json\/wp\/v2\/posts"}],"about":[{"href":"https:\/\/regiaonews.net.br\/2022\/wp-json\/wp\/v2\/types\/post"}],"author":[{"embeddable":true,"href":"https:\/\/regiaonews.net.br\/2022\/wp-json\/wp\/v2\/users\/2"}],"replies":[{"embeddable":true,"href":"https:\/\/regiaonews.net.br\/2022\/wp-json\/wp\/v2\/comments?post=105514"}],"version-history":[{"count":1,"href":"https:\/\/regiaonews.net.br\/2022\/wp-json\/wp\/v2\/posts\/105514\/revisions"}],"predecessor-version":[{"id":105516,"href":"https:\/\/regiaonews.net.br\/2022\/wp-json\/wp\/v2\/posts\/105514\/revisions\/105516"}],"wp:featuredmedia":[{"embeddable":true,"href":"https:\/\/regiaonews.net.br\/2022\/wp-json\/wp\/v2\/media\/105515"}],"wp:attachment":[{"href":"https:\/\/regiaonews.net.br\/2022\/wp-json\/wp\/v2\/media?parent=105514"}],"wp:term":[{"taxonomy":"category","embeddable":true,"href":"https:\/\/regiaonews.net.br\/2022\/wp-json\/wp\/v2\/categories?post=105514"},{"taxonomy":"post_tag","embeddable":true,"href":"https:\/\/regiaonews.net.br\/2022\/wp-json\/wp\/v2\/tags?post=105514"}],"curies":[{"name":"wp","href":"https:\/\/api.w.org\/{rel}","templated":true}]}}