{"id":105500,"date":"2024-05-26T21:25:16","date_gmt":"2024-05-27T00:25:16","guid":{"rendered":"https:\/\/regiaonews.net.br\/2022\/?p=105500"},"modified":"2024-05-26T21:27:16","modified_gmt":"2024-05-27T00:27:16","slug":"presidente-do-tse-nega-recurso-da-defesa-do-ex-presidente-bolsonaro","status":"publish","type":"post","link":"https:\/\/regiaonews.net.br\/2022\/2024\/05\/26\/presidente-do-tse-nega-recurso-da-defesa-do-ex-presidente-bolsonaro\/","title":{"rendered":"Presidente do TSE nega recurso da defesa do ex-presidente Bolsonaro"},"content":{"rendered":"<div class=\"col-lg-12 mb-3\">\n<div class=\"row\">\n<p class=\"col-10 offset-1 animated fadeInDown dealy-750 display-6 display-md-4 display-lg-5 font-weight-bold alt-font text-center my-1\">Foto &#8211; Marcelo Camargo &#8211; Ag\u00eancia Brasil<\/p>\n<\/div>\n<\/div>\n<div class=\"col-xl-7 offset-xl-1 col-lg-8 offset-lg-0 col-md-10 offset-md-1 mb-3\">\n<div class=\"post-item alt-font\">\n<div class=\"post-item-wrap\">\n<p>O presidente do Tribunal Superior Eleitoral (TSE), Alexandre de Moraes, negou recurso apresentado pela defesa do ex-presidente Jair Bolsonaro para que o Supremo Tribunal Federal (STF) analise a decis\u00e3o da Corte Eleitoral que o tornou ineleg\u00edvel.<\/p>\n<p>Ao negar, Moraes argumentou que o recurso n\u00e3o atende aos requisitos previstos em lei.<\/p>\n<p>&#8220;Dessa forma, a controv\u00e9rsia foi decidida com base nas peculiaridades do caso concreto, de modo que alterar a conclus\u00e3o do ac\u00f3rd\u00e3o recorrido pressup\u00f5e revolvimento do conjunto f\u00e1tico-probat\u00f3rio dos autos, provid\u00eancia que se revela incompat\u00edvel com o Recurso Extraordin\u00e1rio&#8221;, diz a decis\u00e3o de sexta-feira (24), mas publicada neste domingo (26).<\/p>\n<p>Pedido<\/p>\n<p>Moraes negou o recurso extraordin\u00e1rio referente \u00e0\u00a0condena\u00e7\u00e3o, em outubro de 2023, de Bolsonaro e de seu vice na chapa, Walter Braga Netto, por abuso pol\u00edtico e econ\u00f4mico\u00a0nas comemora\u00e7\u00f5es do Bicenten\u00e1rio da Independ\u00eancia, em Bras\u00edlia e no Rio de Janeiro, para\u00a0promover a\u00a0candidatura.<\/p>\n<p>Na ocasi\u00e3o, o\u00a0TSE determinou a\u00a0<a href=\"https:\/\/agenciabrasil.ebc.com.br\/justica\/noticia\/2023-10\/maioria-do-tse-condena-bolsonaro-por-uso-politico-do-7-de-setembro\" target=\"_blank\" rel=\"noopener\">inelegibilidade de ambos por oito anos<\/a>, contados a partir do pleito de 2022.<\/p>\n<p>Foi a segunda condena\u00e7\u00e3o de Bolsonaro \u00e0 inelegibilidade por oito anos. Contudo, o prazo de oito anos continua valendo em fun\u00e7\u00e3o da\u00a0<a href=\"https:\/\/agenciabrasil.ebc.com.br\/justica\/noticia\/2023-06\/por-5-votos-2-tse-torna-bolsonaro-inelegivel-por-oito-anos\" target=\"_blank\" rel=\"noopener\">primeira condena\u00e7\u00e3o<\/a>\u00a0e n\u00e3o ser\u00e1 contado duas vezes. O ex-presidente est\u00e1 impedido de participar das elei\u00e7\u00f5es at\u00e9 2030.<\/p>\n<p>Na primeira condena\u00e7\u00e3o, o ex-presidente foi condenado tamb\u00e9m\u00a0pelo TSE por abuso de poder pol\u00edtico e uso indevido dos meios de comunica\u00e7\u00e3o pela reuni\u00e3o realizada com embaixadores, em julho de 2022, no Pal\u00e1cio da Alvorada, para atacar o sistema eletr\u00f4nico de vota\u00e7\u00e3o.<\/p>\n<\/div>\n<\/div>\n<\/div>\n","protected":false},"excerpt":{"rendered":"<p>Foto &#8211; Marcelo Camargo &#8211; Ag\u00eancia Brasil O presidente do<\/p>\n","protected":false},"author":2,"featured_media":105501,"comment_status":"open","ping_status":"open","sticky":false,"template":"","format":"standard","meta":{"footnotes":""},"categories":[24,25],"tags":[],"class_list":["post-105500","post","type-post","status-publish","format-standard","has-post-thumbnail","hentry","category-brasil","category-cidades"],"yoast_head":"<!-- This site is optimized with the Yoast SEO plugin v27.4 - https:\/\/yoast.com\/product\/yoast-seo-wordpress\/ -->\n<title>Presidente do TSE nega recurso da defesa do ex-presidente Bolsonaro - Regi\u00e3o News<\/title>\n<meta name=\"robots\" content=\"index, follow, max-snippet:-1, max-image-preview:large, max-video-preview:-1\" \/>\n<link rel=\"canonical\" href=\"https:\/\/regiaonews.net.br\/2022\/2024\/05\/26\/presidente-do-tse-nega-recurso-da-defesa-do-ex-presidente-bolsonaro\/\" \/>\n<meta property=\"og:locale\" content=\"pt_BR\" \/>\n<meta property=\"og:type\" content=\"article\" \/>\n<meta property=\"og:title\" content=\"Presidente do TSE nega recurso da defesa do ex-presidente Bolsonaro - Regi\u00e3o News\" \/>\n<meta property=\"og:description\" content=\"Foto &#8211; Marcelo Camargo &#8211; Ag\u00eancia Brasil O presidente do\" \/>\n<meta property=\"og:url\" content=\"https:\/\/regiaonews.net.br\/2022\/2024\/05\/26\/presidente-do-tse-nega-recurso-da-defesa-do-ex-presidente-bolsonaro\/\" \/>\n<meta property=\"og:site_name\" content=\"Regi\u00e3o News\" \/>\n<meta property=\"article:published_time\" content=\"2024-05-27T00:25:16+00:00\" \/>\n<meta property=\"article:modified_time\" content=\"2024-05-27T00:27:16+00:00\" \/>\n<meta property=\"og:image\" content=\"https:\/\/regiaonews.net.br\/2022\/wp-content\/uploads\/2024\/05\/posse-diretor-pf_mcamgo_abr_100120231818-13.webp\" \/>\n\t<meta property=\"og:image:width\" content=\"1170\" \/>\n\t<meta property=\"og:image:height\" content=\"700\" \/>\n\t<meta property=\"og:image:type\" content=\"image\/webp\" \/>\n<meta name=\"author\" content=\"Roberto\" \/>\n<meta name=\"twitter:card\" content=\"summary_large_image\" \/>\n<meta name=\"twitter:label1\" content=\"Escrito por\" \/>\n\t<meta name=\"twitter:data1\" content=\"Roberto\" \/>\n\t<meta name=\"twitter:label2\" content=\"Est. tempo de leitura\" \/>\n\t<meta name=\"twitter:data2\" content=\"2 minutos\" \/>\n<script type=\"application\/ld+json\" class=\"yoast-schema-graph\">{\"@context\":\"https:\\\/\\\/schema.org\",\"@graph\":[{\"@type\":\"Article\",\"@id\":\"https:\\\/\\\/regiaonews.net.br\\\/2022\\\/2024\\\/05\\\/26\\\/presidente-do-tse-nega-recurso-da-defesa-do-ex-presidente-bolsonaro\\\/#article\",\"isPartOf\":{\"@id\":\"https:\\\/\\\/regiaonews.net.br\\\/2022\\\/2024\\\/05\\\/26\\\/presidente-do-tse-nega-recurso-da-defesa-do-ex-presidente-bolsonaro\\\/\"},\"author\":{\"name\":\"Roberto\",\"@id\":\"https:\\\/\\\/regiaonews.net.br\\\/2022\\\/#\\\/schema\\\/person\\\/2d205a608a5aa97ac279d7a5e6d89ad8\"},\"headline\":\"Presidente do TSE nega recurso da defesa do ex-presidente Bolsonaro\",\"datePublished\":\"2024-05-27T00:25:16+00:00\",\"dateModified\":\"2024-05-27T00:27:16+00:00\",\"mainEntityOfPage\":{\"@id\":\"https:\\\/\\\/regiaonews.net.br\\\/2022\\\/2024\\\/05\\\/26\\\/presidente-do-tse-nega-recurso-da-defesa-do-ex-presidente-bolsonaro\\\/\"},\"wordCount\":292,\"commentCount\":0,\"publisher\":{\"@id\":\"https:\\\/\\\/regiaonews.net.br\\\/2022\\\/#organization\"},\"image\":{\"@id\":\"https:\\\/\\\/regiaonews.net.br\\\/2022\\\/2024\\\/05\\\/26\\\/presidente-do-tse-nega-recurso-da-defesa-do-ex-presidente-bolsonaro\\\/#primaryimage\"},\"thumbnailUrl\":\"https:\\\/\\\/regiaonews.net.br\\\/2022\\\/wp-content\\\/uploads\\\/2024\\\/05\\\/posse-diretor-pf_mcamgo_abr_100120231818-13.webp\",\"articleSection\":[\"Brasil\",\"Cidades\"],\"inLanguage\":\"pt-BR\",\"potentialAction\":[{\"@type\":\"CommentAction\",\"name\":\"Comment\",\"target\":[\"https:\\\/\\\/regiaonews.net.br\\\/2022\\\/2024\\\/05\\\/26\\\/presidente-do-tse-nega-recurso-da-defesa-do-ex-presidente-bolsonaro\\\/#respond\"]}]},{\"@type\":\"WebPage\",\"@id\":\"https:\\\/\\\/regiaonews.net.br\\\/2022\\\/2024\\\/05\\\/26\\\/presidente-do-tse-nega-recurso-da-defesa-do-ex-presidente-bolsonaro\\\/\",\"url\":\"https:\\\/\\\/regiaonews.net.br\\\/2022\\\/2024\\\/05\\\/26\\\/presidente-do-tse-nega-recurso-da-defesa-do-ex-presidente-bolsonaro\\\/\",\"name\":\"Presidente do TSE nega recurso da defesa do ex-presidente Bolsonaro - Regi\u00e3o News\",\"isPartOf\":{\"@id\":\"https:\\\/\\\/regiaonews.net.br\\\/2022\\\/#website\"},\"primaryImageOfPage\":{\"@id\":\"https:\\\/\\\/regiaonews.net.br\\\/2022\\\/2024\\\/05\\\/26\\\/presidente-do-tse-nega-recurso-da-defesa-do-ex-presidente-bolsonaro\\\/#primaryimage\"},\"image\":{\"@id\":\"https:\\\/\\\/regiaonews.net.br\\\/2022\\\/2024\\\/05\\\/26\\\/presidente-do-tse-nega-recurso-da-defesa-do-ex-presidente-bolsonaro\\\/#primaryimage\"},\"thumbnailUrl\":\"https:\\\/\\\/regiaonews.net.br\\\/2022\\\/wp-content\\\/uploads\\\/2024\\\/05\\\/posse-diretor-pf_mcamgo_abr_100120231818-13.webp\",\"datePublished\":\"2024-05-27T00:25:16+00:00\",\"dateModified\":\"2024-05-27T00:27:16+00:00\",\"breadcrumb\":{\"@id\":\"https:\\\/\\\/regiaonews.net.br\\\/2022\\\/2024\\\/05\\\/26\\\/presidente-do-tse-nega-recurso-da-defesa-do-ex-presidente-bolsonaro\\\/#breadcrumb\"},\"inLanguage\":\"pt-BR\",\"potentialAction\":[{\"@type\":\"ReadAction\",\"target\":[\"https:\\\/\\\/regiaonews.net.br\\\/2022\\\/2024\\\/05\\\/26\\\/presidente-do-tse-nega-recurso-da-defesa-do-ex-presidente-bolsonaro\\\/\"]}]},{\"@type\":\"ImageObject\",\"inLanguage\":\"pt-BR\",\"@id\":\"https:\\\/\\\/regiaonews.net.br\\\/2022\\\/2024\\\/05\\\/26\\\/presidente-do-tse-nega-recurso-da-defesa-do-ex-presidente-bolsonaro\\\/#primaryimage\",\"url\":\"https:\\\/\\\/regiaonews.net.br\\\/2022\\\/wp-content\\\/uploads\\\/2024\\\/05\\\/posse-diretor-pf_mcamgo_abr_100120231818-13.webp\",\"contentUrl\":\"https:\\\/\\\/regiaonews.net.br\\\/2022\\\/wp-content\\\/uploads\\\/2024\\\/05\\\/posse-diretor-pf_mcamgo_abr_100120231818-13.webp\",\"width\":1170,\"height\":700},{\"@type\":\"BreadcrumbList\",\"@id\":\"https:\\\/\\\/regiaonews.net.br\\\/2022\\\/2024\\\/05\\\/26\\\/presidente-do-tse-nega-recurso-da-defesa-do-ex-presidente-bolsonaro\\\/#breadcrumb\",\"itemListElement\":[{\"@type\":\"ListItem\",\"position\":1,\"name\":\"In\u00edcio\",\"item\":\"https:\\\/\\\/regiaonews.net.br\\\/2022\\\/\"},{\"@type\":\"ListItem\",\"position\":2,\"name\":\"Presidente do TSE nega recurso da defesa do ex-presidente Bolsonaro\"}]},{\"@type\":\"WebSite\",\"@id\":\"https:\\\/\\\/regiaonews.net.br\\\/2022\\\/#website\",\"url\":\"https:\\\/\\\/regiaonews.net.br\\\/2022\\\/\",\"name\":\"Regi\u00e3o News\",\"description\":\"Site de Not\u00edcias de Barretos e regi\u00e3o\",\"publisher\":{\"@id\":\"https:\\\/\\\/regiaonews.net.br\\\/2022\\\/#organization\"},\"potentialAction\":[{\"@type\":\"SearchAction\",\"target\":{\"@type\":\"EntryPoint\",\"urlTemplate\":\"https:\\\/\\\/regiaonews.net.br\\\/2022\\\/?s={search_term_string}\"},\"query-input\":{\"@type\":\"PropertyValueSpecification\",\"valueRequired\":true,\"valueName\":\"search_term_string\"}}],\"inLanguage\":\"pt-BR\"},{\"@type\":\"Organization\",\"@id\":\"https:\\\/\\\/regiaonews.net.br\\\/2022\\\/#organization\",\"name\":\"Regi\u00e3o News\",\"url\":\"https:\\\/\\\/regiaonews.net.br\\\/2022\\\/\",\"logo\":{\"@type\":\"ImageObject\",\"inLanguage\":\"pt-BR\",\"@id\":\"https:\\\/\\\/regiaonews.net.br\\\/2022\\\/#\\\/schema\\\/logo\\\/image\\\/\",\"url\":\"https:\\\/\\\/regiaonews.net.br\\\/2022\\\/wp-content\\\/uploads\\\/2026\\\/03\\\/regiao-13-anos-scaled.jpg\",\"contentUrl\":\"https:\\\/\\\/regiaonews.net.br\\\/2022\\\/wp-content\\\/uploads\\\/2026\\\/03\\\/regiao-13-anos-scaled.jpg\",\"width\":2560,\"height\":635,\"caption\":\"Regi\u00e3o News\"},\"image\":{\"@id\":\"https:\\\/\\\/regiaonews.net.br\\\/2022\\\/#\\\/schema\\\/logo\\\/image\\\/\"}},{\"@type\":\"Person\",\"@id\":\"https:\\\/\\\/regiaonews.net.br\\\/2022\\\/#\\\/schema\\\/person\\\/2d205a608a5aa97ac279d7a5e6d89ad8\",\"name\":\"Roberto\",\"image\":{\"@type\":\"ImageObject\",\"inLanguage\":\"pt-BR\",\"@id\":\"https:\\\/\\\/secure.gravatar.com\\\/avatar\\\/42749d8b712ff9d59ca93dc150494e5b55a44134482993f5baeb97e61b7ecc89?s=96&d=mm&r=g\",\"url\":\"https:\\\/\\\/secure.gravatar.com\\\/avatar\\\/42749d8b712ff9d59ca93dc150494e5b55a44134482993f5baeb97e61b7ecc89?s=96&d=mm&r=g\",\"contentUrl\":\"https:\\\/\\\/secure.gravatar.com\\\/avatar\\\/42749d8b712ff9d59ca93dc150494e5b55a44134482993f5baeb97e61b7ecc89?s=96&d=mm&r=g\",\"caption\":\"Roberto\"},\"url\":\"https:\\\/\\\/regiaonews.net.br\\\/2022\\\/author\\\/roberto\\\/\"}]}<\/script>\n<!-- \/ Yoast SEO plugin. -->","yoast_head_json":{"title":"Presidente do TSE nega recurso da defesa do ex-presidente Bolsonaro - Regi\u00e3o News","robots":{"index":"index","follow":"follow","max-snippet":"max-snippet:-1","max-image-preview":"max-image-preview:large","max-video-preview":"max-video-preview:-1"},"canonical":"https:\/\/regiaonews.net.br\/2022\/2024\/05\/26\/presidente-do-tse-nega-recurso-da-defesa-do-ex-presidente-bolsonaro\/","og_locale":"pt_BR","og_type":"article","og_title":"Presidente do TSE nega recurso da defesa do ex-presidente Bolsonaro - Regi\u00e3o News","og_description":"Foto &#8211; Marcelo Camargo &#8211; Ag\u00eancia Brasil O presidente do","og_url":"https:\/\/regiaonews.net.br\/2022\/2024\/05\/26\/presidente-do-tse-nega-recurso-da-defesa-do-ex-presidente-bolsonaro\/","og_site_name":"Regi\u00e3o News","article_published_time":"2024-05-27T00:25:16+00:00","article_modified_time":"2024-05-27T00:27:16+00:00","og_image":[{"width":1170,"height":700,"url":"https:\/\/regiaonews.net.br\/2022\/wp-content\/uploads\/2024\/05\/posse-diretor-pf_mcamgo_abr_100120231818-13.webp","type":"image\/webp"}],"author":"Roberto","twitter_card":"summary_large_image","twitter_misc":{"Escrito por":"Roberto","Est. tempo de leitura":"2 minutos"},"schema":{"@context":"https:\/\/schema.org","@graph":[{"@type":"Article","@id":"https:\/\/regiaonews.net.br\/2022\/2024\/05\/26\/presidente-do-tse-nega-recurso-da-defesa-do-ex-presidente-bolsonaro\/#article","isPartOf":{"@id":"https:\/\/regiaonews.net.br\/2022\/2024\/05\/26\/presidente-do-tse-nega-recurso-da-defesa-do-ex-presidente-bolsonaro\/"},"author":{"name":"Roberto","@id":"https:\/\/regiaonews.net.br\/2022\/#\/schema\/person\/2d205a608a5aa97ac279d7a5e6d89ad8"},"headline":"Presidente do TSE nega recurso da defesa do ex-presidente Bolsonaro","datePublished":"2024-05-27T00:25:16+00:00","dateModified":"2024-05-27T00:27:16+00:00","mainEntityOfPage":{"@id":"https:\/\/regiaonews.net.br\/2022\/2024\/05\/26\/presidente-do-tse-nega-recurso-da-defesa-do-ex-presidente-bolsonaro\/"},"wordCount":292,"commentCount":0,"publisher":{"@id":"https:\/\/regiaonews.net.br\/2022\/#organization"},"image":{"@id":"https:\/\/regiaonews.net.br\/2022\/2024\/05\/26\/presidente-do-tse-nega-recurso-da-defesa-do-ex-presidente-bolsonaro\/#primaryimage"},"thumbnailUrl":"https:\/\/regiaonews.net.br\/2022\/wp-content\/uploads\/2024\/05\/posse-diretor-pf_mcamgo_abr_100120231818-13.webp","articleSection":["Brasil","Cidades"],"inLanguage":"pt-BR","potentialAction":[{"@type":"CommentAction","name":"Comment","target":["https:\/\/regiaonews.net.br\/2022\/2024\/05\/26\/presidente-do-tse-nega-recurso-da-defesa-do-ex-presidente-bolsonaro\/#respond"]}]},{"@type":"WebPage","@id":"https:\/\/regiaonews.net.br\/2022\/2024\/05\/26\/presidente-do-tse-nega-recurso-da-defesa-do-ex-presidente-bolsonaro\/","url":"https:\/\/regiaonews.net.br\/2022\/2024\/05\/26\/presidente-do-tse-nega-recurso-da-defesa-do-ex-presidente-bolsonaro\/","name":"Presidente do TSE nega recurso da defesa do ex-presidente Bolsonaro - Regi\u00e3o News","isPartOf":{"@id":"https:\/\/regiaonews.net.br\/2022\/#website"},"primaryImageOfPage":{"@id":"https:\/\/regiaonews.net.br\/2022\/2024\/05\/26\/presidente-do-tse-nega-recurso-da-defesa-do-ex-presidente-bolsonaro\/#primaryimage"},"image":{"@id":"https:\/\/regiaonews.net.br\/2022\/2024\/05\/26\/presidente-do-tse-nega-recurso-da-defesa-do-ex-presidente-bolsonaro\/#primaryimage"},"thumbnailUrl":"https:\/\/regiaonews.net.br\/2022\/wp-content\/uploads\/2024\/05\/posse-diretor-pf_mcamgo_abr_100120231818-13.webp","datePublished":"2024-05-27T00:25:16+00:00","dateModified":"2024-05-27T00:27:16+00:00","breadcrumb":{"@id":"https:\/\/regiaonews.net.br\/2022\/2024\/05\/26\/presidente-do-tse-nega-recurso-da-defesa-do-ex-presidente-bolsonaro\/#breadcrumb"},"inLanguage":"pt-BR","potentialAction":[{"@type":"ReadAction","target":["https:\/\/regiaonews.net.br\/2022\/2024\/05\/26\/presidente-do-tse-nega-recurso-da-defesa-do-ex-presidente-bolsonaro\/"]}]},{"@type":"ImageObject","inLanguage":"pt-BR","@id":"https:\/\/regiaonews.net.br\/2022\/2024\/05\/26\/presidente-do-tse-nega-recurso-da-defesa-do-ex-presidente-bolsonaro\/#primaryimage","url":"https:\/\/regiaonews.net.br\/2022\/wp-content\/uploads\/2024\/05\/posse-diretor-pf_mcamgo_abr_100120231818-13.webp","contentUrl":"https:\/\/regiaonews.net.br\/2022\/wp-content\/uploads\/2024\/05\/posse-diretor-pf_mcamgo_abr_100120231818-13.webp","width":1170,"height":700},{"@type":"BreadcrumbList","@id":"https:\/\/regiaonews.net.br\/2022\/2024\/05\/26\/presidente-do-tse-nega-recurso-da-defesa-do-ex-presidente-bolsonaro\/#breadcrumb","itemListElement":[{"@type":"ListItem","position":1,"name":"In\u00edcio","item":"https:\/\/regiaonews.net.br\/2022\/"},{"@type":"ListItem","position":2,"name":"Presidente do TSE nega recurso da defesa do ex-presidente Bolsonaro"}]},{"@type":"WebSite","@id":"https:\/\/regiaonews.net.br\/2022\/#website","url":"https:\/\/regiaonews.net.br\/2022\/","name":"Regi\u00e3o News","description":"Site de Not\u00edcias de Barretos e regi\u00e3o","publisher":{"@id":"https:\/\/regiaonews.net.br\/2022\/#organization"},"potentialAction":[{"@type":"SearchAction","target":{"@type":"EntryPoint","urlTemplate":"https:\/\/regiaonews.net.br\/2022\/?s={search_term_string}"},"query-input":{"@type":"PropertyValueSpecification","valueRequired":true,"valueName":"search_term_string"}}],"inLanguage":"pt-BR"},{"@type":"Organization","@id":"https:\/\/regiaonews.net.br\/2022\/#organization","name":"Regi\u00e3o News","url":"https:\/\/regiaonews.net.br\/2022\/","logo":{"@type":"ImageObject","inLanguage":"pt-BR","@id":"https:\/\/regiaonews.net.br\/2022\/#\/schema\/logo\/image\/","url":"https:\/\/regiaonews.net.br\/2022\/wp-content\/uploads\/2026\/03\/regiao-13-anos-scaled.jpg","contentUrl":"https:\/\/regiaonews.net.br\/2022\/wp-content\/uploads\/2026\/03\/regiao-13-anos-scaled.jpg","width":2560,"height":635,"caption":"Regi\u00e3o News"},"image":{"@id":"https:\/\/regiaonews.net.br\/2022\/#\/schema\/logo\/image\/"}},{"@type":"Person","@id":"https:\/\/regiaonews.net.br\/2022\/#\/schema\/person\/2d205a608a5aa97ac279d7a5e6d89ad8","name":"Roberto","image":{"@type":"ImageObject","inLanguage":"pt-BR","@id":"https:\/\/secure.gravatar.com\/avatar\/42749d8b712ff9d59ca93dc150494e5b55a44134482993f5baeb97e61b7ecc89?s=96&d=mm&r=g","url":"https:\/\/secure.gravatar.com\/avatar\/42749d8b712ff9d59ca93dc150494e5b55a44134482993f5baeb97e61b7ecc89?s=96&d=mm&r=g","contentUrl":"https:\/\/secure.gravatar.com\/avatar\/42749d8b712ff9d59ca93dc150494e5b55a44134482993f5baeb97e61b7ecc89?s=96&d=mm&r=g","caption":"Roberto"},"url":"https:\/\/regiaonews.net.br\/2022\/author\/roberto\/"}]}},"publishpress_future_action":{"enabled":false,"date":"2026-05-03 05:12:58","action":"change-status","newStatus":"draft","terms":[],"taxonomy":"category","extraData":[]},"publishpress_future_workflow_manual_trigger":{"enabledWorkflows":[]},"_links":{"self":[{"href":"https:\/\/regiaonews.net.br\/2022\/wp-json\/wp\/v2\/posts\/105500","targetHints":{"allow":["GET"]}}],"collection":[{"href":"https:\/\/regiaonews.net.br\/2022\/wp-json\/wp\/v2\/posts"}],"about":[{"href":"https:\/\/regiaonews.net.br\/2022\/wp-json\/wp\/v2\/types\/post"}],"author":[{"embeddable":true,"href":"https:\/\/regiaonews.net.br\/2022\/wp-json\/wp\/v2\/users\/2"}],"replies":[{"embeddable":true,"href":"https:\/\/regiaonews.net.br\/2022\/wp-json\/wp\/v2\/comments?post=105500"}],"version-history":[{"count":2,"href":"https:\/\/regiaonews.net.br\/2022\/wp-json\/wp\/v2\/posts\/105500\/revisions"}],"predecessor-version":[{"id":105503,"href":"https:\/\/regiaonews.net.br\/2022\/wp-json\/wp\/v2\/posts\/105500\/revisions\/105503"}],"wp:featuredmedia":[{"embeddable":true,"href":"https:\/\/regiaonews.net.br\/2022\/wp-json\/wp\/v2\/media\/105501"}],"wp:attachment":[{"href":"https:\/\/regiaonews.net.br\/2022\/wp-json\/wp\/v2\/media?parent=105500"}],"wp:term":[{"taxonomy":"category","embeddable":true,"href":"https:\/\/regiaonews.net.br\/2022\/wp-json\/wp\/v2\/categories?post=105500"},{"taxonomy":"post_tag","embeddable":true,"href":"https:\/\/regiaonews.net.br\/2022\/wp-json\/wp\/v2\/tags?post=105500"}],"curies":[{"name":"wp","href":"https:\/\/api.w.org\/{rel}","templated":true}]}}