{"id":105470,"date":"2024-05-25T12:30:53","date_gmt":"2024-05-25T15:30:53","guid":{"rendered":"https:\/\/regiaonews.net.br\/2022\/?p=105470"},"modified":"2024-05-25T12:32:36","modified_gmt":"2024-05-25T15:32:36","slug":"deputado-sebastiao-santos-articulou-para-o-brasil-sediar-campeonato-pan-americano-de-ciclismo-de-estrada-2024","status":"publish","type":"post","link":"https:\/\/regiaonews.net.br\/2022\/2024\/05\/25\/deputado-sebastiao-santos-articulou-para-o-brasil-sediar-campeonato-pan-americano-de-ciclismo-de-estrada-2024\/","title":{"rendered":"Deputado Sebasti\u00e3o Santos articulou para o Brasil sediar Campeonato Pan-Americano de Ciclismo de Estrada 2024"},"content":{"rendered":"<p>Parlamentar destacou a import\u00e2ncia do evento que garante vaga nos Jogos Ol\u00edmpicos de Paris<\/p>\n<p>O Campeonato Pan-Americano de Ciclismo de Estrada 2024, um dos eventos mais prestigiados do ciclismo continental, est\u00e1 ocorrendo em S\u00e3o Jos\u00e9 dos Campos, S\u00e3o Paulo, entre os dias 20 e 26 de maio. Este evento \u00e9 particularmente crucial pois oferece vagas ol\u00edmpicas para os Jogos de Paris 2024, tornando-se um marco no calend\u00e1rio esportivo das Am\u00e9ricas.<\/p>\n<p>O evento conta com a participa\u00e7\u00e3o de cerca de 400 ciclistas de 34 pa\u00edses, competindo em diversas categorias, incluindo Elite Masculino, Elite Feminino, Sub-23 Masculino, J\u00fanior Masculino e J\u00fanior Feminino. As provas variam entre Contrarrel\u00f3gio Individual e Provas de Resist\u00eancia, com percursos desafiadores que incluem importantes rodovias da regi\u00e3o.<\/p>\n<p>O deputado estadual Sebasti\u00e3o Santos (Republicanos), presidente da Frente Parlamentar de Mobilidade Ciclovi\u00e1ria, foi o principal respons\u00e1vel pela articula\u00e7\u00e3o junto ao Governador Tarc\u00edsio de Freitas e o vice-Governador Fel\u00edcio Ramuth, na indica\u00e7\u00e3o dos recursos necess\u00e1rios para a realiza\u00e7\u00e3o do evento. A atua\u00e7\u00e3o de Santos foi crucial para assegurar o suporte financeiro e log\u00edstico para que S\u00e3o Jos\u00e9 dos Campos pudesse sediar o campeonato com excel\u00eancia. \u201cA etapa do Pan-Americano de Ciclismo de Estrada realizada em S\u00e3o Jos\u00e9 dos Campos ficar\u00e1 na hist\u00f3ria por ser uma das principais provas com vaga diretamente aos Jogos Ol\u00edmpicos de Paris. Fizemos todo o trabalho de articula\u00e7\u00e3o juntamente ao Governador Tarc\u00edsio de Freitas, com indica\u00e7\u00e3o dos recursos das nossas emendas, para que a realiza\u00e7\u00e3o do campeonato fosse concretizada, podendo atender os principais atletas das 34 nacionalidades internacional\u201d, explica Santos.<\/p>\n<p>Sebasti\u00e3o tamb\u00e9m participou no dia 22 de maio, do Congresso Ordin\u00e1rio COPACI, que contou com a presen\u00e7a do presidente da UCI (Uni\u00e3o Ciclista Internacional), David Lappartient; presidente da CBC (Confedera\u00e7\u00e3o Brasileira de Ciclismo), Jos\u00e9 Vasconcellos; presidente da COPACI (Confedera\u00e7\u00e3o Pan-Americana de Ciclismo), Jos\u00e9 Manoel Pelaez e o presidente da FPC (Federa\u00e7\u00e3o Paulista de Ciclismo), Cl\u00e1udio Facex, al\u00e9m de presidentes representantes de mais de 34 pa\u00edses. \u201cDurante o congresso da Confedera\u00e7\u00e3o Pan-Americana de Ciclismo, recepcionamos os representantes dos 34 pa\u00edses, pontuando a import\u00e2ncia desse campeonato em n\u00edvel mundial, reunindo os principais atletas das Am\u00e9ricas, para uma disputa acirrada, valendo vaga para os Jogos Ol\u00edmpicos de Paris\u201d, destacou o deputado.<\/p>\n<p>O presidente da Federa\u00e7\u00e3o Paulista de Ciclismo, Jos\u00e9 Cl\u00e1udio Facex, destacou que a realiza\u00e7\u00e3o do Pan-Americano de Estrada \u00e9 fundamental para o esporte em \u00e2mbito estadual e internacional. \u201cTrazer o Pan na nossa gest\u00e3o \u00e9 uma evolu\u00e7\u00e3o muito grande e que nos deixa honrados. Sem contar que \u00e9 mais um importante evento nessa prepara\u00e7\u00e3o para as comemora\u00e7\u00f5es dos 100 anos da entidade em 2025, al\u00e9m de destacar que esse campeonato dar\u00e1 a vaga para os Jogos Ol\u00edmpicos de Paris saindo diretamente de S\u00e3o Jos\u00e9 dos Campos\u201d, afirmou.<\/p>\n<p>J\u00e1 o presidente da Uni\u00e3o Cicl\u00edstica Internacional (UCI), David Lappartient, elogiou o trabalho realizado pela Confedera\u00e7\u00e3o Pan-Americana de Ciclismo (COPACI) em 2023 e parabenizou pessoalmente toda a dire\u00e7\u00e3o em nome do presidente, Jos\u00e9 Manuel Pel\u00e1ez, durante o Congresso anual da referida entidade, que re\u00fane 42 na\u00e7\u00f5es de toda a Am\u00e9rica. \u201cQuero dar os parab\u00e9ns \u00e0 COPACI e ao meu amigo Pel\u00e1ez pelo excelente trabalho que realizam neste continente, onde cada vez que visitamos vemos uma grande paix\u00e3o pelo ciclismo. Eles tiveram muitas competi\u00e7\u00f5es e medalhas e sei que est\u00e3o fazendo um \u00f3timo trabalho, vendo suas novas estruturas din\u00e2micas\u201d, finalizou.<\/p>\n<p>Programa\u00e7\u00e3o e Detalhes das Provas<br \/>\n\u2022 21\/05: Contrarrel\u00f3gio Individual \u2013 J\u00fanior Feminino (11,5 km), J\u00fanior Masculino (23,3 km), Sub-23 Masculino (35,1 km), Elite Feminino (23,3 km).<br \/>\n\u2022 23\/05: Contrarrel\u00f3gio Individual \u2013 Elite Masculino (35,1 km); Provas de Resist\u00eancia \u2013 J\u00fanior Feminino (59 km) e J\u00fanior Masculino (106,2 km).<br \/>\n\u2022 24\/05: Prova de Resist\u00eancia \u2013 Sub-23 Masculino (159,4 km).<br \/>\n\u2022 25\/05: Prova de Resist\u00eancia \u2013 Elite Feminino (111,3 km).<br \/>\n\u2022 26\/05: Prova de Resist\u00eancia \u2013 Elite Masculino (206,4 km).<\/p>\n<p>Import\u00e2ncia Ol\u00edmpica<br \/>\nO desempenho dos ciclistas no Pan-Americano pode garantir-lhes uma posi\u00e7\u00e3o na competi\u00e7\u00e3o ol\u00edmpica, elevando ainda mais a import\u00e2ncia das provas e a competitividade entre os atletas.<\/p>\n<p>Organiza\u00e7\u00e3o e Apoio<br \/>\nA realiza\u00e7\u00e3o do evento \u00e9 fruto de uma colabora\u00e7\u00e3o entre a Confedera\u00e7\u00e3o Brasileira de Ciclismo (CBC), a Federa\u00e7\u00e3o Paulista de Ciclismo (FPC), a Confedera\u00e7\u00e3o Pan-Americana de Ciclismo (COPACI), a Prefeitura de S\u00e3o Jos\u00e9 dos Campos e o Governo do Estado de S\u00e3o Paulo.<\/p>\n<p>&nbsp;<\/p>\n<p><a href=\"https:\/\/regiaonews.net.br\/2022\/wp-content\/uploads\/2024\/05\/WhatsApp-Image-2024-05-25-at-10.44.45.jpeg\"><img loading=\"lazy\" decoding=\"async\" class=\"alignnone size-medium wp-image-105472\" src=\"https:\/\/regiaonews.net.br\/2022\/wp-content\/uploads\/2024\/05\/WhatsApp-Image-2024-05-25-at-10.44.45-300x200.jpeg\" alt=\"\" width=\"300\" height=\"200\" srcset=\"https:\/\/regiaonews.net.br\/2022\/wp-content\/uploads\/2024\/05\/WhatsApp-Image-2024-05-25-at-10.44.45-300x200.jpeg 300w, https:\/\/regiaonews.net.br\/2022\/wp-content\/uploads\/2024\/05\/WhatsApp-Image-2024-05-25-at-10.44.45-1024x682.jpeg 1024w, https:\/\/regiaonews.net.br\/2022\/wp-content\/uploads\/2024\/05\/WhatsApp-Image-2024-05-25-at-10.44.45-768x512.jpeg 768w, https:\/\/regiaonews.net.br\/2022\/wp-content\/uploads\/2024\/05\/WhatsApp-Image-2024-05-25-at-10.44.45-1536x1023.jpeg 1536w, https:\/\/regiaonews.net.br\/2022\/wp-content\/uploads\/2024\/05\/WhatsApp-Image-2024-05-25-at-10.44.45-250x167.jpeg 250w, https:\/\/regiaonews.net.br\/2022\/wp-content\/uploads\/2024\/05\/WhatsApp-Image-2024-05-25-at-10.44.45-900x600.jpeg 900w, https:\/\/regiaonews.net.br\/2022\/wp-content\/uploads\/2024\/05\/WhatsApp-Image-2024-05-25-at-10.44.45.jpeg 1600w\" sizes=\"auto, (max-width: 300px) 100vw, 300px\" \/><\/a> <a href=\"https:\/\/regiaonews.net.br\/2022\/wp-content\/uploads\/2024\/05\/WhatsApp-Image-2024-05-25-at-10.44.46-1.jpeg\"><img loading=\"lazy\" decoding=\"async\" class=\"alignnone size-medium wp-image-105473\" src=\"https:\/\/regiaonews.net.br\/2022\/wp-content\/uploads\/2024\/05\/WhatsApp-Image-2024-05-25-at-10.44.46-1-300x225.jpeg\" alt=\"\" width=\"300\" height=\"225\" srcset=\"https:\/\/regiaonews.net.br\/2022\/wp-content\/uploads\/2024\/05\/WhatsApp-Image-2024-05-25-at-10.44.46-1-300x225.jpeg 300w, https:\/\/regiaonews.net.br\/2022\/wp-content\/uploads\/2024\/05\/WhatsApp-Image-2024-05-25-at-10.44.46-1-1024x768.jpeg 1024w, https:\/\/regiaonews.net.br\/2022\/wp-content\/uploads\/2024\/05\/WhatsApp-Image-2024-05-25-at-10.44.46-1-768x576.jpeg 768w, https:\/\/regiaonews.net.br\/2022\/wp-content\/uploads\/2024\/05\/WhatsApp-Image-2024-05-25-at-10.44.46-1-1536x1152.jpeg 1536w, https:\/\/regiaonews.net.br\/2022\/wp-content\/uploads\/2024\/05\/WhatsApp-Image-2024-05-25-at-10.44.46-1-250x188.jpeg 250w, https:\/\/regiaonews.net.br\/2022\/wp-content\/uploads\/2024\/05\/WhatsApp-Image-2024-05-25-at-10.44.46-1-200x150.jpeg 200w, https:\/\/regiaonews.net.br\/2022\/wp-content\/uploads\/2024\/05\/WhatsApp-Image-2024-05-25-at-10.44.46-1.jpeg 1600w\" sizes=\"auto, (max-width: 300px) 100vw, 300px\" \/><\/a> <a href=\"https:\/\/regiaonews.net.br\/2022\/wp-content\/uploads\/2024\/05\/WhatsApp-Image-2024-05-25-at-10.44.46.jpeg\"><img loading=\"lazy\" decoding=\"async\" class=\"alignnone size-medium wp-image-105474\" src=\"https:\/\/regiaonews.net.br\/2022\/wp-content\/uploads\/2024\/05\/WhatsApp-Image-2024-05-25-at-10.44.46-300x200.jpeg\" alt=\"\" width=\"300\" height=\"200\" srcset=\"https:\/\/regiaonews.net.br\/2022\/wp-content\/uploads\/2024\/05\/WhatsApp-Image-2024-05-25-at-10.44.46-300x200.jpeg 300w, https:\/\/regiaonews.net.br\/2022\/wp-content\/uploads\/2024\/05\/WhatsApp-Image-2024-05-25-at-10.44.46-1024x682.jpeg 1024w, https:\/\/regiaonews.net.br\/2022\/wp-content\/uploads\/2024\/05\/WhatsApp-Image-2024-05-25-at-10.44.46-768x512.jpeg 768w, https:\/\/regiaonews.net.br\/2022\/wp-content\/uploads\/2024\/05\/WhatsApp-Image-2024-05-25-at-10.44.46-1536x1023.jpeg 1536w, https:\/\/regiaonews.net.br\/2022\/wp-content\/uploads\/2024\/05\/WhatsApp-Image-2024-05-25-at-10.44.46-250x167.jpeg 250w, https:\/\/regiaonews.net.br\/2022\/wp-content\/uploads\/2024\/05\/WhatsApp-Image-2024-05-25-at-10.44.46-900x600.jpeg 900w, https:\/\/regiaonews.net.br\/2022\/wp-content\/uploads\/2024\/05\/WhatsApp-Image-2024-05-25-at-10.44.46.jpeg 1600w\" sizes=\"auto, (max-width: 300px) 100vw, 300px\" \/><\/a><\/p>\n","protected":false},"excerpt":{"rendered":"<p>Parlamentar destacou a import\u00e2ncia do evento que garante vaga nos<\/p>\n","protected":false},"author":2,"featured_media":105471,"comment_status":"open","ping_status":"open","sticky":false,"template":"","format":"standard","meta":{"footnotes":""},"categories":[24,21],"tags":[],"class_list":["post-105470","post","type-post","status-publish","format-standard","has-post-thumbnail","hentry","category-brasil","category-esporte"],"yoast_head":"<!-- This site is optimized with the Yoast SEO plugin v27.4 - https:\/\/yoast.com\/product\/yoast-seo-wordpress\/ -->\n<title>Deputado Sebasti\u00e3o Santos articulou para o Brasil sediar Campeonato Pan-Americano de Ciclismo de Estrada 2024 - Regi\u00e3o News<\/title>\n<meta name=\"robots\" content=\"index, follow, max-snippet:-1, max-image-preview:large, max-video-preview:-1\" \/>\n<link rel=\"canonical\" href=\"https:\/\/regiaonews.net.br\/2022\/2024\/05\/25\/deputado-sebastiao-santos-articulou-para-o-brasil-sediar-campeonato-pan-americano-de-ciclismo-de-estrada-2024\/\" \/>\n<meta property=\"og:locale\" content=\"pt_BR\" \/>\n<meta property=\"og:type\" content=\"article\" \/>\n<meta property=\"og:title\" content=\"Deputado Sebasti\u00e3o Santos articulou para o Brasil sediar Campeonato Pan-Americano de Ciclismo de Estrada 2024 - Regi\u00e3o News\" \/>\n<meta property=\"og:description\" content=\"Parlamentar destacou a import\u00e2ncia do evento que garante vaga nos\" \/>\n<meta property=\"og:url\" content=\"https:\/\/regiaonews.net.br\/2022\/2024\/05\/25\/deputado-sebastiao-santos-articulou-para-o-brasil-sediar-campeonato-pan-americano-de-ciclismo-de-estrada-2024\/\" \/>\n<meta property=\"og:site_name\" content=\"Regi\u00e3o News\" \/>\n<meta property=\"article:published_time\" content=\"2024-05-25T15:30:53+00:00\" \/>\n<meta property=\"article:modified_time\" content=\"2024-05-25T15:32:36+00:00\" \/>\n<meta property=\"og:image\" content=\"https:\/\/regiaonews.net.br\/2022\/wp-content\/uploads\/2024\/05\/WhatsApp-Image-2024-05-25-at-10.44.45-1.jpeg\" \/>\n\t<meta property=\"og:image:width\" content=\"1600\" \/>\n\t<meta property=\"og:image:height\" content=\"1066\" \/>\n\t<meta property=\"og:image:type\" content=\"image\/jpeg\" \/>\n<meta name=\"author\" content=\"Roberto\" \/>\n<meta name=\"twitter:card\" content=\"summary_large_image\" \/>\n<meta name=\"twitter:label1\" content=\"Escrito por\" \/>\n\t<meta name=\"twitter:data1\" content=\"Roberto\" \/>\n\t<meta name=\"twitter:label2\" content=\"Est. tempo de leitura\" \/>\n\t<meta name=\"twitter:data2\" content=\"5 minutos\" \/>\n<script type=\"application\/ld+json\" class=\"yoast-schema-graph\">{\"@context\":\"https:\\\/\\\/schema.org\",\"@graph\":[{\"@type\":\"Article\",\"@id\":\"https:\\\/\\\/regiaonews.net.br\\\/2022\\\/2024\\\/05\\\/25\\\/deputado-sebastiao-santos-articulou-para-o-brasil-sediar-campeonato-pan-americano-de-ciclismo-de-estrada-2024\\\/#article\",\"isPartOf\":{\"@id\":\"https:\\\/\\\/regiaonews.net.br\\\/2022\\\/2024\\\/05\\\/25\\\/deputado-sebastiao-santos-articulou-para-o-brasil-sediar-campeonato-pan-americano-de-ciclismo-de-estrada-2024\\\/\"},\"author\":{\"name\":\"Roberto\",\"@id\":\"https:\\\/\\\/regiaonews.net.br\\\/2022\\\/#\\\/schema\\\/person\\\/2d205a608a5aa97ac279d7a5e6d89ad8\"},\"headline\":\"Deputado Sebasti\u00e3o Santos articulou para o Brasil sediar Campeonato Pan-Americano de Ciclismo de Estrada 2024\",\"datePublished\":\"2024-05-25T15:30:53+00:00\",\"dateModified\":\"2024-05-25T15:32:36+00:00\",\"mainEntityOfPage\":{\"@id\":\"https:\\\/\\\/regiaonews.net.br\\\/2022\\\/2024\\\/05\\\/25\\\/deputado-sebastiao-santos-articulou-para-o-brasil-sediar-campeonato-pan-americano-de-ciclismo-de-estrada-2024\\\/\"},\"wordCount\":769,\"commentCount\":0,\"publisher\":{\"@id\":\"https:\\\/\\\/regiaonews.net.br\\\/2022\\\/#organization\"},\"image\":{\"@id\":\"https:\\\/\\\/regiaonews.net.br\\\/2022\\\/2024\\\/05\\\/25\\\/deputado-sebastiao-santos-articulou-para-o-brasil-sediar-campeonato-pan-americano-de-ciclismo-de-estrada-2024\\\/#primaryimage\"},\"thumbnailUrl\":\"https:\\\/\\\/regiaonews.net.br\\\/2022\\\/wp-content\\\/uploads\\\/2024\\\/05\\\/WhatsApp-Image-2024-05-25-at-10.44.45-1.jpeg\",\"articleSection\":[\"Brasil\",\"Esporte\"],\"inLanguage\":\"pt-BR\",\"potentialAction\":[{\"@type\":\"CommentAction\",\"name\":\"Comment\",\"target\":[\"https:\\\/\\\/regiaonews.net.br\\\/2022\\\/2024\\\/05\\\/25\\\/deputado-sebastiao-santos-articulou-para-o-brasil-sediar-campeonato-pan-americano-de-ciclismo-de-estrada-2024\\\/#respond\"]}]},{\"@type\":\"WebPage\",\"@id\":\"https:\\\/\\\/regiaonews.net.br\\\/2022\\\/2024\\\/05\\\/25\\\/deputado-sebastiao-santos-articulou-para-o-brasil-sediar-campeonato-pan-americano-de-ciclismo-de-estrada-2024\\\/\",\"url\":\"https:\\\/\\\/regiaonews.net.br\\\/2022\\\/2024\\\/05\\\/25\\\/deputado-sebastiao-santos-articulou-para-o-brasil-sediar-campeonato-pan-americano-de-ciclismo-de-estrada-2024\\\/\",\"name\":\"Deputado Sebasti\u00e3o Santos articulou para o Brasil sediar Campeonato Pan-Americano de Ciclismo de Estrada 2024 - Regi\u00e3o News\",\"isPartOf\":{\"@id\":\"https:\\\/\\\/regiaonews.net.br\\\/2022\\\/#website\"},\"primaryImageOfPage\":{\"@id\":\"https:\\\/\\\/regiaonews.net.br\\\/2022\\\/2024\\\/05\\\/25\\\/deputado-sebastiao-santos-articulou-para-o-brasil-sediar-campeonato-pan-americano-de-ciclismo-de-estrada-2024\\\/#primaryimage\"},\"image\":{\"@id\":\"https:\\\/\\\/regiaonews.net.br\\\/2022\\\/2024\\\/05\\\/25\\\/deputado-sebastiao-santos-articulou-para-o-brasil-sediar-campeonato-pan-americano-de-ciclismo-de-estrada-2024\\\/#primaryimage\"},\"thumbnailUrl\":\"https:\\\/\\\/regiaonews.net.br\\\/2022\\\/wp-content\\\/uploads\\\/2024\\\/05\\\/WhatsApp-Image-2024-05-25-at-10.44.45-1.jpeg\",\"datePublished\":\"2024-05-25T15:30:53+00:00\",\"dateModified\":\"2024-05-25T15:32:36+00:00\",\"breadcrumb\":{\"@id\":\"https:\\\/\\\/regiaonews.net.br\\\/2022\\\/2024\\\/05\\\/25\\\/deputado-sebastiao-santos-articulou-para-o-brasil-sediar-campeonato-pan-americano-de-ciclismo-de-estrada-2024\\\/#breadcrumb\"},\"inLanguage\":\"pt-BR\",\"potentialAction\":[{\"@type\":\"ReadAction\",\"target\":[\"https:\\\/\\\/regiaonews.net.br\\\/2022\\\/2024\\\/05\\\/25\\\/deputado-sebastiao-santos-articulou-para-o-brasil-sediar-campeonato-pan-americano-de-ciclismo-de-estrada-2024\\\/\"]}]},{\"@type\":\"ImageObject\",\"inLanguage\":\"pt-BR\",\"@id\":\"https:\\\/\\\/regiaonews.net.br\\\/2022\\\/2024\\\/05\\\/25\\\/deputado-sebastiao-santos-articulou-para-o-brasil-sediar-campeonato-pan-americano-de-ciclismo-de-estrada-2024\\\/#primaryimage\",\"url\":\"https:\\\/\\\/regiaonews.net.br\\\/2022\\\/wp-content\\\/uploads\\\/2024\\\/05\\\/WhatsApp-Image-2024-05-25-at-10.44.45-1.jpeg\",\"contentUrl\":\"https:\\\/\\\/regiaonews.net.br\\\/2022\\\/wp-content\\\/uploads\\\/2024\\\/05\\\/WhatsApp-Image-2024-05-25-at-10.44.45-1.jpeg\",\"width\":1600,\"height\":1066},{\"@type\":\"BreadcrumbList\",\"@id\":\"https:\\\/\\\/regiaonews.net.br\\\/2022\\\/2024\\\/05\\\/25\\\/deputado-sebastiao-santos-articulou-para-o-brasil-sediar-campeonato-pan-americano-de-ciclismo-de-estrada-2024\\\/#breadcrumb\",\"itemListElement\":[{\"@type\":\"ListItem\",\"position\":1,\"name\":\"In\u00edcio\",\"item\":\"https:\\\/\\\/regiaonews.net.br\\\/2022\\\/\"},{\"@type\":\"ListItem\",\"position\":2,\"name\":\"Deputado Sebasti\u00e3o Santos articulou para o Brasil sediar Campeonato Pan-Americano de Ciclismo de Estrada 2024\"}]},{\"@type\":\"WebSite\",\"@id\":\"https:\\\/\\\/regiaonews.net.br\\\/2022\\\/#website\",\"url\":\"https:\\\/\\\/regiaonews.net.br\\\/2022\\\/\",\"name\":\"Regi\u00e3o News\",\"description\":\"Site de Not\u00edcias de Barretos e regi\u00e3o\",\"publisher\":{\"@id\":\"https:\\\/\\\/regiaonews.net.br\\\/2022\\\/#organization\"},\"potentialAction\":[{\"@type\":\"SearchAction\",\"target\":{\"@type\":\"EntryPoint\",\"urlTemplate\":\"https:\\\/\\\/regiaonews.net.br\\\/2022\\\/?s={search_term_string}\"},\"query-input\":{\"@type\":\"PropertyValueSpecification\",\"valueRequired\":true,\"valueName\":\"search_term_string\"}}],\"inLanguage\":\"pt-BR\"},{\"@type\":\"Organization\",\"@id\":\"https:\\\/\\\/regiaonews.net.br\\\/2022\\\/#organization\",\"name\":\"Regi\u00e3o News\",\"url\":\"https:\\\/\\\/regiaonews.net.br\\\/2022\\\/\",\"logo\":{\"@type\":\"ImageObject\",\"inLanguage\":\"pt-BR\",\"@id\":\"https:\\\/\\\/regiaonews.net.br\\\/2022\\\/#\\\/schema\\\/logo\\\/image\\\/\",\"url\":\"https:\\\/\\\/regiaonews.net.br\\\/2022\\\/wp-content\\\/uploads\\\/2026\\\/03\\\/regiao-13-anos-scaled.jpg\",\"contentUrl\":\"https:\\\/\\\/regiaonews.net.br\\\/2022\\\/wp-content\\\/uploads\\\/2026\\\/03\\\/regiao-13-anos-scaled.jpg\",\"width\":2560,\"height\":635,\"caption\":\"Regi\u00e3o News\"},\"image\":{\"@id\":\"https:\\\/\\\/regiaonews.net.br\\\/2022\\\/#\\\/schema\\\/logo\\\/image\\\/\"}},{\"@type\":\"Person\",\"@id\":\"https:\\\/\\\/regiaonews.net.br\\\/2022\\\/#\\\/schema\\\/person\\\/2d205a608a5aa97ac279d7a5e6d89ad8\",\"name\":\"Roberto\",\"image\":{\"@type\":\"ImageObject\",\"inLanguage\":\"pt-BR\",\"@id\":\"https:\\\/\\\/secure.gravatar.com\\\/avatar\\\/42749d8b712ff9d59ca93dc150494e5b55a44134482993f5baeb97e61b7ecc89?s=96&d=mm&r=g\",\"url\":\"https:\\\/\\\/secure.gravatar.com\\\/avatar\\\/42749d8b712ff9d59ca93dc150494e5b55a44134482993f5baeb97e61b7ecc89?s=96&d=mm&r=g\",\"contentUrl\":\"https:\\\/\\\/secure.gravatar.com\\\/avatar\\\/42749d8b712ff9d59ca93dc150494e5b55a44134482993f5baeb97e61b7ecc89?s=96&d=mm&r=g\",\"caption\":\"Roberto\"},\"url\":\"https:\\\/\\\/regiaonews.net.br\\\/2022\\\/author\\\/roberto\\\/\"}]}<\/script>\n<!-- \/ Yoast SEO plugin. -->","yoast_head_json":{"title":"Deputado Sebasti\u00e3o Santos articulou para o Brasil sediar Campeonato Pan-Americano de Ciclismo de Estrada 2024 - Regi\u00e3o News","robots":{"index":"index","follow":"follow","max-snippet":"max-snippet:-1","max-image-preview":"max-image-preview:large","max-video-preview":"max-video-preview:-1"},"canonical":"https:\/\/regiaonews.net.br\/2022\/2024\/05\/25\/deputado-sebastiao-santos-articulou-para-o-brasil-sediar-campeonato-pan-americano-de-ciclismo-de-estrada-2024\/","og_locale":"pt_BR","og_type":"article","og_title":"Deputado Sebasti\u00e3o Santos articulou para o Brasil sediar Campeonato Pan-Americano de Ciclismo de Estrada 2024 - Regi\u00e3o News","og_description":"Parlamentar destacou a import\u00e2ncia do evento que garante vaga nos","og_url":"https:\/\/regiaonews.net.br\/2022\/2024\/05\/25\/deputado-sebastiao-santos-articulou-para-o-brasil-sediar-campeonato-pan-americano-de-ciclismo-de-estrada-2024\/","og_site_name":"Regi\u00e3o News","article_published_time":"2024-05-25T15:30:53+00:00","article_modified_time":"2024-05-25T15:32:36+00:00","og_image":[{"width":1600,"height":1066,"url":"https:\/\/regiaonews.net.br\/2022\/wp-content\/uploads\/2024\/05\/WhatsApp-Image-2024-05-25-at-10.44.45-1.jpeg","type":"image\/jpeg"}],"author":"Roberto","twitter_card":"summary_large_image","twitter_misc":{"Escrito por":"Roberto","Est. tempo de leitura":"5 minutos"},"schema":{"@context":"https:\/\/schema.org","@graph":[{"@type":"Article","@id":"https:\/\/regiaonews.net.br\/2022\/2024\/05\/25\/deputado-sebastiao-santos-articulou-para-o-brasil-sediar-campeonato-pan-americano-de-ciclismo-de-estrada-2024\/#article","isPartOf":{"@id":"https:\/\/regiaonews.net.br\/2022\/2024\/05\/25\/deputado-sebastiao-santos-articulou-para-o-brasil-sediar-campeonato-pan-americano-de-ciclismo-de-estrada-2024\/"},"author":{"name":"Roberto","@id":"https:\/\/regiaonews.net.br\/2022\/#\/schema\/person\/2d205a608a5aa97ac279d7a5e6d89ad8"},"headline":"Deputado Sebasti\u00e3o Santos articulou para o Brasil sediar Campeonato Pan-Americano de Ciclismo de Estrada 2024","datePublished":"2024-05-25T15:30:53+00:00","dateModified":"2024-05-25T15:32:36+00:00","mainEntityOfPage":{"@id":"https:\/\/regiaonews.net.br\/2022\/2024\/05\/25\/deputado-sebastiao-santos-articulou-para-o-brasil-sediar-campeonato-pan-americano-de-ciclismo-de-estrada-2024\/"},"wordCount":769,"commentCount":0,"publisher":{"@id":"https:\/\/regiaonews.net.br\/2022\/#organization"},"image":{"@id":"https:\/\/regiaonews.net.br\/2022\/2024\/05\/25\/deputado-sebastiao-santos-articulou-para-o-brasil-sediar-campeonato-pan-americano-de-ciclismo-de-estrada-2024\/#primaryimage"},"thumbnailUrl":"https:\/\/regiaonews.net.br\/2022\/wp-content\/uploads\/2024\/05\/WhatsApp-Image-2024-05-25-at-10.44.45-1.jpeg","articleSection":["Brasil","Esporte"],"inLanguage":"pt-BR","potentialAction":[{"@type":"CommentAction","name":"Comment","target":["https:\/\/regiaonews.net.br\/2022\/2024\/05\/25\/deputado-sebastiao-santos-articulou-para-o-brasil-sediar-campeonato-pan-americano-de-ciclismo-de-estrada-2024\/#respond"]}]},{"@type":"WebPage","@id":"https:\/\/regiaonews.net.br\/2022\/2024\/05\/25\/deputado-sebastiao-santos-articulou-para-o-brasil-sediar-campeonato-pan-americano-de-ciclismo-de-estrada-2024\/","url":"https:\/\/regiaonews.net.br\/2022\/2024\/05\/25\/deputado-sebastiao-santos-articulou-para-o-brasil-sediar-campeonato-pan-americano-de-ciclismo-de-estrada-2024\/","name":"Deputado Sebasti\u00e3o Santos articulou para o Brasil sediar Campeonato Pan-Americano de Ciclismo de Estrada 2024 - Regi\u00e3o News","isPartOf":{"@id":"https:\/\/regiaonews.net.br\/2022\/#website"},"primaryImageOfPage":{"@id":"https:\/\/regiaonews.net.br\/2022\/2024\/05\/25\/deputado-sebastiao-santos-articulou-para-o-brasil-sediar-campeonato-pan-americano-de-ciclismo-de-estrada-2024\/#primaryimage"},"image":{"@id":"https:\/\/regiaonews.net.br\/2022\/2024\/05\/25\/deputado-sebastiao-santos-articulou-para-o-brasil-sediar-campeonato-pan-americano-de-ciclismo-de-estrada-2024\/#primaryimage"},"thumbnailUrl":"https:\/\/regiaonews.net.br\/2022\/wp-content\/uploads\/2024\/05\/WhatsApp-Image-2024-05-25-at-10.44.45-1.jpeg","datePublished":"2024-05-25T15:30:53+00:00","dateModified":"2024-05-25T15:32:36+00:00","breadcrumb":{"@id":"https:\/\/regiaonews.net.br\/2022\/2024\/05\/25\/deputado-sebastiao-santos-articulou-para-o-brasil-sediar-campeonato-pan-americano-de-ciclismo-de-estrada-2024\/#breadcrumb"},"inLanguage":"pt-BR","potentialAction":[{"@type":"ReadAction","target":["https:\/\/regiaonews.net.br\/2022\/2024\/05\/25\/deputado-sebastiao-santos-articulou-para-o-brasil-sediar-campeonato-pan-americano-de-ciclismo-de-estrada-2024\/"]}]},{"@type":"ImageObject","inLanguage":"pt-BR","@id":"https:\/\/regiaonews.net.br\/2022\/2024\/05\/25\/deputado-sebastiao-santos-articulou-para-o-brasil-sediar-campeonato-pan-americano-de-ciclismo-de-estrada-2024\/#primaryimage","url":"https:\/\/regiaonews.net.br\/2022\/wp-content\/uploads\/2024\/05\/WhatsApp-Image-2024-05-25-at-10.44.45-1.jpeg","contentUrl":"https:\/\/regiaonews.net.br\/2022\/wp-content\/uploads\/2024\/05\/WhatsApp-Image-2024-05-25-at-10.44.45-1.jpeg","width":1600,"height":1066},{"@type":"BreadcrumbList","@id":"https:\/\/regiaonews.net.br\/2022\/2024\/05\/25\/deputado-sebastiao-santos-articulou-para-o-brasil-sediar-campeonato-pan-americano-de-ciclismo-de-estrada-2024\/#breadcrumb","itemListElement":[{"@type":"ListItem","position":1,"name":"In\u00edcio","item":"https:\/\/regiaonews.net.br\/2022\/"},{"@type":"ListItem","position":2,"name":"Deputado Sebasti\u00e3o Santos articulou para o Brasil sediar Campeonato Pan-Americano de Ciclismo de Estrada 2024"}]},{"@type":"WebSite","@id":"https:\/\/regiaonews.net.br\/2022\/#website","url":"https:\/\/regiaonews.net.br\/2022\/","name":"Regi\u00e3o News","description":"Site de Not\u00edcias de Barretos e regi\u00e3o","publisher":{"@id":"https:\/\/regiaonews.net.br\/2022\/#organization"},"potentialAction":[{"@type":"SearchAction","target":{"@type":"EntryPoint","urlTemplate":"https:\/\/regiaonews.net.br\/2022\/?s={search_term_string}"},"query-input":{"@type":"PropertyValueSpecification","valueRequired":true,"valueName":"search_term_string"}}],"inLanguage":"pt-BR"},{"@type":"Organization","@id":"https:\/\/regiaonews.net.br\/2022\/#organization","name":"Regi\u00e3o News","url":"https:\/\/regiaonews.net.br\/2022\/","logo":{"@type":"ImageObject","inLanguage":"pt-BR","@id":"https:\/\/regiaonews.net.br\/2022\/#\/schema\/logo\/image\/","url":"https:\/\/regiaonews.net.br\/2022\/wp-content\/uploads\/2026\/03\/regiao-13-anos-scaled.jpg","contentUrl":"https:\/\/regiaonews.net.br\/2022\/wp-content\/uploads\/2026\/03\/regiao-13-anos-scaled.jpg","width":2560,"height":635,"caption":"Regi\u00e3o News"},"image":{"@id":"https:\/\/regiaonews.net.br\/2022\/#\/schema\/logo\/image\/"}},{"@type":"Person","@id":"https:\/\/regiaonews.net.br\/2022\/#\/schema\/person\/2d205a608a5aa97ac279d7a5e6d89ad8","name":"Roberto","image":{"@type":"ImageObject","inLanguage":"pt-BR","@id":"https:\/\/secure.gravatar.com\/avatar\/42749d8b712ff9d59ca93dc150494e5b55a44134482993f5baeb97e61b7ecc89?s=96&d=mm&r=g","url":"https:\/\/secure.gravatar.com\/avatar\/42749d8b712ff9d59ca93dc150494e5b55a44134482993f5baeb97e61b7ecc89?s=96&d=mm&r=g","contentUrl":"https:\/\/secure.gravatar.com\/avatar\/42749d8b712ff9d59ca93dc150494e5b55a44134482993f5baeb97e61b7ecc89?s=96&d=mm&r=g","caption":"Roberto"},"url":"https:\/\/regiaonews.net.br\/2022\/author\/roberto\/"}]}},"publishpress_future_action":{"enabled":false,"date":"2026-05-03 03:44:33","action":"change-status","newStatus":"draft","terms":[],"taxonomy":"category","extraData":[]},"publishpress_future_workflow_manual_trigger":{"enabledWorkflows":[]},"_links":{"self":[{"href":"https:\/\/regiaonews.net.br\/2022\/wp-json\/wp\/v2\/posts\/105470","targetHints":{"allow":["GET"]}}],"collection":[{"href":"https:\/\/regiaonews.net.br\/2022\/wp-json\/wp\/v2\/posts"}],"about":[{"href":"https:\/\/regiaonews.net.br\/2022\/wp-json\/wp\/v2\/types\/post"}],"author":[{"embeddable":true,"href":"https:\/\/regiaonews.net.br\/2022\/wp-json\/wp\/v2\/users\/2"}],"replies":[{"embeddable":true,"href":"https:\/\/regiaonews.net.br\/2022\/wp-json\/wp\/v2\/comments?post=105470"}],"version-history":[{"count":2,"href":"https:\/\/regiaonews.net.br\/2022\/wp-json\/wp\/v2\/posts\/105470\/revisions"}],"predecessor-version":[{"id":105476,"href":"https:\/\/regiaonews.net.br\/2022\/wp-json\/wp\/v2\/posts\/105470\/revisions\/105476"}],"wp:featuredmedia":[{"embeddable":true,"href":"https:\/\/regiaonews.net.br\/2022\/wp-json\/wp\/v2\/media\/105471"}],"wp:attachment":[{"href":"https:\/\/regiaonews.net.br\/2022\/wp-json\/wp\/v2\/media?parent=105470"}],"wp:term":[{"taxonomy":"category","embeddable":true,"href":"https:\/\/regiaonews.net.br\/2022\/wp-json\/wp\/v2\/categories?post=105470"},{"taxonomy":"post_tag","embeddable":true,"href":"https:\/\/regiaonews.net.br\/2022\/wp-json\/wp\/v2\/tags?post=105470"}],"curies":[{"name":"wp","href":"https:\/\/api.w.org\/{rel}","templated":true}]}}